
{"id":28479,"date":"2022-05-10T12:48:06","date_gmt":"2022-05-10T16:48:06","guid":{"rendered":"https:\/\/colegioarquitectos.com\/?p=28479"},"modified":"2022-05-10T12:53:05","modified_gmt":"2022-05-10T16:53:05","slug":"no-te-pierdas-el-side-events-arquitectura-para-todos-afa-en-el-marco-del-foro-internacional-uia-madrid-2022","status":"publish","type":"post","link":"https:\/\/colegioarquitectos.com\/noticias\/?p=28479","title":{"rendered":"No te pierdas el side events Arquitectura para Todos (Afa) en el marco del Foro Internacional UIA Madrid 2022"},"content":{"rendered":"<p>El pr\u00f3ximo <strong>11, 12 y 13 de mayo<\/strong> se realizar\u00e1 en el marco del <strong>Foro Internacional UIA Madrid 2022<\/strong> el \u00a0side events <strong>Arquitectura para Todos (Afa)<\/strong> de la<strong> III Regi\u00f3n Am\u00e9rica<\/strong> de la <strong>International Union of Architects (UIA)<\/strong>.<\/p>\n<p>El evento se inicia este mi\u00e9rcoles 11 de mayo con la apertura de la Secretaria General de la UIA, <strong>Tan Pei Ing<\/strong>, y para el cierre el d\u00eda viernes 13, estar\u00e1 presente el Director del Programa AfA, <strong>Allen Kong<\/strong> de Australia.<\/p>\n<p>Entre los expositores, tambi\u00e9n se cuenta la Vicepresidenta (S) de nuestro <strong>Comit\u00e9 de Accesibilidad Universal<\/strong>, <strong>Kristine France<\/strong>.<\/p>\n<p>A continuaci\u00f3n puedes encontrar el programa de las jornadas. Toda la informaci\u00f3n est\u00e1 disponible en <strong><a href=\"https:\/\/www.ahamadrid.com\/\">www.ahamadrid.com<\/a><\/strong>.<\/p>\n<p>&nbsp;<\/p>\n<p><img loading=\"lazy\" decoding=\"async\" class=\"aligncenter size-full wp-image-28480\" src=\"https:\/\/colegioarquitectos.com\/noticias\/wp-content\/uploads\/2022\/05\/Programa-AFA-Instagram-1-2.png\" alt=\"\" width=\"1486\" height=\"1444\" srcset=\"https:\/\/colegioarquitectos.com\/noticias\/wp-content\/uploads\/2022\/05\/Programa-AFA-Instagram-1-2.png 1486w, https:\/\/colegioarquitectos.com\/noticias\/wp-content\/uploads\/2022\/05\/Programa-AFA-Instagram-1-2-300x292.png 300w, https:\/\/colegioarquitectos.com\/noticias\/wp-content\/uploads\/2022\/05\/Programa-AFA-Instagram-1-2-768x746.png 768w, https:\/\/colegioarquitectos.com\/noticias\/wp-content\/uploads\/2022\/05\/Programa-AFA-Instagram-1-2-1024x995.png 1024w\" sizes=\"auto, (max-width: 1486px) 100vw, 1486px\" \/><\/p>\n<p>&nbsp;<\/p>\n<p><img loading=\"lazy\" decoding=\"async\" class=\"aligncenter size-full wp-image-28481\" src=\"https:\/\/colegioarquitectos.com\/noticias\/wp-content\/uploads\/2022\/05\/Programa-AFA-Instagram-2-2.png\" alt=\"\" width=\"1445\" height=\"1445\" srcset=\"https:\/\/colegioarquitectos.com\/noticias\/wp-content\/uploads\/2022\/05\/Programa-AFA-Instagram-2-2.png 1445w, https:\/\/colegioarquitectos.com\/noticias\/wp-content\/uploads\/2022\/05\/Programa-AFA-Instagram-2-2-180x180.png 180w, https:\/\/colegioarquitectos.com\/noticias\/wp-content\/uploads\/2022\/05\/Programa-AFA-Instagram-2-2-300x300.png 300w, https:\/\/colegioarquitectos.com\/noticias\/wp-content\/uploads\/2022\/05\/Programa-AFA-Instagram-2-2-768x768.png 768w, https:\/\/colegioarquitectos.com\/noticias\/wp-content\/uploads\/2022\/05\/Programa-AFA-Instagram-2-2-1024x1024.png 1024w\" sizes=\"auto, (max-width: 1445px) 100vw, 1445px\" \/><\/p>\n<p>&nbsp;<\/p>\n<p>&nbsp;<\/p>\n<p><\/p>","protected":false},"excerpt":{"rendered":"<p>El pr\u00f3ximo 11, 12 y 13 de mayo se realizar\u00e1 en el marco del Foro Internacional UIA Madrid 2022 el \u00a0side events Arquitectura para Todos (Afa) de la III Regi\u00f3n Am\u00e9rica de la International Union of Architects (UIA). El evento &hellip; <a class=\"more-link\" href=\"https:\/\/colegioarquitectos.com\/noticias\/?p=28479\">ver m\u00e1s<\/a><\/p>","protected":false},"author":4,"featured_media":28484,"comment_status":"closed","ping_status":"closed","sticky":false,"template":"","format":"standard","meta":{"footnotes":""},"categories":[9],"tags":[],"class_list":["post-28479","post","type-post","status-publish","format-standard","has-post-thumbnail","hentry","category-comites"],"yoast_head":"<!-- This site is optimized with the Yoast SEO plugin v24.2 - https:\/\/yoast.com\/wordpress\/plugins\/seo\/ -->\n<title>No te pierdas el side events Arquitectura para Todos (Afa) en el marco del Foro Internacional UIA Madrid 2022 - COLEGIO DE ARQUITECTOS DE CHILE<\/title>\n<meta name=\"robots\" content=\"index, follow, max-snippet:-1, max-image-preview:large, max-video-preview:-1\" \/>\n<link rel=\"canonical\" href=\"https:\/\/colegioarquitectos.com\/noticias\/?p=28479\" \/>\n<meta property=\"og:locale\" content=\"es_ES\" \/>\n<meta property=\"og:type\" content=\"article\" \/>\n<meta property=\"og:title\" content=\"No te pierdas el side events Arquitectura para Todos (Afa) en el marco del Foro Internacional UIA Madrid 2022 - COLEGIO DE ARQUITECTOS DE CHILE\" \/>\n<meta property=\"og:description\" content=\"El pr\u00f3ximo 11, 12 y 13 de mayo se realizar\u00e1 en el marco del Foro Internacional UIA Madrid 2022 el \u00a0side events Arquitectura para Todos (Afa) de la III Regi\u00f3n Am\u00e9rica de la International Union of Architects (UIA). El evento &hellip; ver m\u00e1s\" \/>\n<meta property=\"og:url\" content=\"https:\/\/colegioarquitectos.com\/noticias\/?p=28479\" \/>\n<meta property=\"og:site_name\" content=\"COLEGIO DE ARQUITECTOS DE CHILE\" \/>\n<meta property=\"article:publisher\" content=\"https:\/\/facebook.com\/Colegioarq\/\" \/>\n<meta property=\"article:published_time\" content=\"2022-05-10T16:48:06+00:00\" \/>\n<meta property=\"article:modified_time\" content=\"2022-05-10T16:53:05+00:00\" \/>\n<meta property=\"og:image\" content=\"https:\/\/colegioarquitectos.com\/noticias\/wp-content\/uploads\/2022\/05\/Programa-AFA-Facebook-2.png\" \/>\n\t<meta property=\"og:image:width\" content=\"2289\" \/>\n\t<meta property=\"og:image:height\" content=\"1217\" \/>\n\t<meta property=\"og:image:type\" content=\"image\/png\" \/>\n<meta name=\"author\" content=\"Colegio de Arquitectos de Chile\" \/>\n<meta name=\"twitter:card\" content=\"summary_large_image\" \/>\n<meta name=\"twitter:creator\" content=\"@colegioarq\" \/>\n<meta name=\"twitter:site\" content=\"@colegioarq\" \/>\n<meta name=\"twitter:label1\" content=\"Escrito por\" \/>\n\t<meta name=\"twitter:data1\" content=\"Colegio de Arquitectos de Chile\" \/>\n\t<meta name=\"twitter:label2\" content=\"Tiempo de lectura\" \/>\n\t<meta name=\"twitter:data2\" content=\"1 minuto\" \/>\n<script type=\"application\/ld+json\" class=\"yoast-schema-graph\">{\"@context\":\"https:\/\/schema.org\",\"@graph\":[{\"@type\":\"Article\",\"@id\":\"https:\/\/colegioarquitectos.com\/noticias\/?p=28479#article\",\"isPartOf\":{\"@id\":\"https:\/\/colegioarquitectos.com\/noticias\/?p=28479\"},\"author\":{\"name\":\"Colegio de Arquitectos de Chile\",\"@id\":\"https:\/\/colegioarquitectos.com\/noticias\/#\/schema\/person\/685cc0aad148303c5608f049af8285ad\"},\"headline\":\"No te pierdas el side events Arquitectura para Todos (Afa) en el marco del Foro Internacional UIA Madrid 2022\",\"datePublished\":\"2022-05-10T16:48:06+00:00\",\"dateModified\":\"2022-05-10T16:53:05+00:00\",\"mainEntityOfPage\":{\"@id\":\"https:\/\/colegioarquitectos.com\/noticias\/?p=28479\"},\"wordCount\":138,\"publisher\":{\"@id\":\"https:\/\/colegioarquitectos.com\/noticias\/#organization\"},\"image\":{\"@id\":\"https:\/\/colegioarquitectos.com\/noticias\/?p=28479#primaryimage\"},\"thumbnailUrl\":\"https:\/\/colegioarquitectos.com\/noticias\/wp-content\/uploads\/2022\/05\/Programa-AFA-Facebook-2.png\",\"articleSection\":[\"Comit\u00e9s\"],\"inLanguage\":\"es\"},{\"@type\":\"WebPage\",\"@id\":\"https:\/\/colegioarquitectos.com\/noticias\/?p=28479\",\"url\":\"https:\/\/colegioarquitectos.com\/noticias\/?p=28479\",\"name\":\"No te pierdas el side events Arquitectura para Todos (Afa) en el marco del Foro Internacional UIA Madrid 2022 - COLEGIO DE ARQUITECTOS DE CHILE\",\"isPartOf\":{\"@id\":\"https:\/\/colegioarquitectos.com\/noticias\/#website\"},\"primaryImageOfPage\":{\"@id\":\"https:\/\/colegioarquitectos.com\/noticias\/?p=28479#primaryimage\"},\"image\":{\"@id\":\"https:\/\/colegioarquitectos.com\/noticias\/?p=28479#primaryimage\"},\"thumbnailUrl\":\"https:\/\/colegioarquitectos.com\/noticias\/wp-content\/uploads\/2022\/05\/Programa-AFA-Facebook-2.png\",\"datePublished\":\"2022-05-10T16:48:06+00:00\",\"dateModified\":\"2022-05-10T16:53:05+00:00\",\"breadcrumb\":{\"@id\":\"https:\/\/colegioarquitectos.com\/noticias\/?p=28479#breadcrumb\"},\"inLanguage\":\"es\",\"potentialAction\":[{\"@type\":\"ReadAction\",\"target\":[\"https:\/\/colegioarquitectos.com\/noticias\/?p=28479\"]}]},{\"@type\":\"ImageObject\",\"inLanguage\":\"es\",\"@id\":\"https:\/\/colegioarquitectos.com\/noticias\/?p=28479#primaryimage\",\"url\":\"https:\/\/colegioarquitectos.com\/noticias\/wp-content\/uploads\/2022\/05\/Programa-AFA-Facebook-2.png\",\"contentUrl\":\"https:\/\/colegioarquitectos.com\/noticias\/wp-content\/uploads\/2022\/05\/Programa-AFA-Facebook-2.png\",\"width\":2289,\"height\":1217},{\"@type\":\"BreadcrumbList\",\"@id\":\"https:\/\/colegioarquitectos.com\/noticias\/?p=28479#breadcrumb\",\"itemListElement\":[{\"@type\":\"ListItem\",\"position\":1,\"name\":\"Portada\",\"item\":\"https:\/\/colegioarquitectos.com\/noticias\"},{\"@type\":\"ListItem\",\"position\":2,\"name\":\"No te pierdas el side events Arquitectura para Todos (Afa) en el marco del Foro Internacional UIA Madrid 2022\"}]},{\"@type\":\"WebSite\",\"@id\":\"https:\/\/colegioarquitectos.com\/noticias\/#website\",\"url\":\"https:\/\/colegioarquitectos.com\/noticias\/\",\"name\":\"COLEGIO DE ARQUITECTOS DE CHILE\",\"description\":\"\",\"publisher\":{\"@id\":\"https:\/\/colegioarquitectos.com\/noticias\/#organization\"},\"potentialAction\":[{\"@type\":\"SearchAction\",\"target\":{\"@type\":\"EntryPoint\",\"urlTemplate\":\"https:\/\/colegioarquitectos.com\/noticias\/?s={search_term_string}\"},\"query-input\":{\"@type\":\"PropertyValueSpecification\",\"valueRequired\":true,\"valueName\":\"search_term_string\"}}],\"inLanguage\":\"es\"},{\"@type\":\"Organization\",\"@id\":\"https:\/\/colegioarquitectos.com\/noticias\/#organization\",\"name\":\"COLEGIO DE ARQUITECTOS DE CHILE\",\"url\":\"https:\/\/colegioarquitectos.com\/noticias\/\",\"logo\":{\"@type\":\"ImageObject\",\"inLanguage\":\"es\",\"@id\":\"https:\/\/colegioarquitectos.com\/noticias\/#\/schema\/logo\/image\/\",\"url\":\"https:\/\/colegioarquitectos.com\/noticias\/wp-content\/uploads\/2021\/05\/ENCABEZADO-LOGO-CA.jpg\",\"contentUrl\":\"https:\/\/colegioarquitectos.com\/noticias\/wp-content\/uploads\/2021\/05\/ENCABEZADO-LOGO-CA.jpg\",\"width\":690,\"height\":350,\"caption\":\"COLEGIO DE ARQUITECTOS DE CHILE\"},\"image\":{\"@id\":\"https:\/\/colegioarquitectos.com\/noticias\/#\/schema\/logo\/image\/\"},\"sameAs\":[\"https:\/\/facebook.com\/Colegioarq\/\",\"https:\/\/x.com\/colegioarq\",\"https:\/\/instagram.com\/colegioarq\",\"https:\/\/youtube.com\/@ColegiodeArquitectosdeChile\"]},{\"@type\":\"Person\",\"@id\":\"https:\/\/colegioarquitectos.com\/noticias\/#\/schema\/person\/685cc0aad148303c5608f049af8285ad\",\"name\":\"Colegio de Arquitectos de Chile\",\"url\":\"https:\/\/colegioarquitectos.com\/noticias\/?author=4\"}]}<\/script>\n<!-- \/ Yoast SEO plugin. -->","yoast_head_json":{"title":"No te pierdas el side events Arquitectura para Todos (Afa) en el marco del Foro Internacional UIA Madrid 2022 - COLEGIO DE ARQUITECTOS DE CHILE","robots":{"index":"index","follow":"follow","max-snippet":"max-snippet:-1","max-image-preview":"max-image-preview:large","max-video-preview":"max-video-preview:-1"},"canonical":"https:\/\/colegioarquitectos.com\/noticias\/?p=28479","og_locale":"es_ES","og_type":"article","og_title":"No te pierdas el side events Arquitectura para Todos (Afa) en el marco del Foro Internacional UIA Madrid 2022 - COLEGIO DE ARQUITECTOS DE CHILE","og_description":"El pr\u00f3ximo 11, 12 y 13 de mayo se realizar\u00e1 en el marco del Foro Internacional UIA Madrid 2022 el \u00a0side events Arquitectura para Todos (Afa) de la III Regi\u00f3n Am\u00e9rica de la International Union of Architects (UIA). El evento &hellip; ver m\u00e1s","og_url":"https:\/\/colegioarquitectos.com\/noticias\/?p=28479","og_site_name":"COLEGIO DE ARQUITECTOS DE CHILE","article_publisher":"https:\/\/facebook.com\/Colegioarq\/","article_published_time":"2022-05-10T16:48:06+00:00","article_modified_time":"2022-05-10T16:53:05+00:00","og_image":[{"width":2289,"height":1217,"url":"https:\/\/colegioarquitectos.com\/noticias\/wp-content\/uploads\/2022\/05\/Programa-AFA-Facebook-2.png","type":"image\/png"}],"author":"Colegio de Arquitectos de Chile","twitter_card":"summary_large_image","twitter_creator":"@colegioarq","twitter_site":"@colegioarq","twitter_misc":{"Escrito por":"Colegio de Arquitectos de Chile","Tiempo de lectura":"1 minuto"},"schema":{"@context":"https:\/\/schema.org","@graph":[{"@type":"Article","@id":"https:\/\/colegioarquitectos.com\/noticias\/?p=28479#article","isPartOf":{"@id":"https:\/\/colegioarquitectos.com\/noticias\/?p=28479"},"author":{"name":"Colegio de Arquitectos de Chile","@id":"https:\/\/colegioarquitectos.com\/noticias\/#\/schema\/person\/685cc0aad148303c5608f049af8285ad"},"headline":"No te pierdas el side events Arquitectura para Todos (Afa) en el marco del Foro Internacional UIA Madrid 2022","datePublished":"2022-05-10T16:48:06+00:00","dateModified":"2022-05-10T16:53:05+00:00","mainEntityOfPage":{"@id":"https:\/\/colegioarquitectos.com\/noticias\/?p=28479"},"wordCount":138,"publisher":{"@id":"https:\/\/colegioarquitectos.com\/noticias\/#organization"},"image":{"@id":"https:\/\/colegioarquitectos.com\/noticias\/?p=28479#primaryimage"},"thumbnailUrl":"https:\/\/colegioarquitectos.com\/noticias\/wp-content\/uploads\/2022\/05\/Programa-AFA-Facebook-2.png","articleSection":["Comit\u00e9s"],"inLanguage":"es"},{"@type":"WebPage","@id":"https:\/\/colegioarquitectos.com\/noticias\/?p=28479","url":"https:\/\/colegioarquitectos.com\/noticias\/?p=28479","name":"No te pierdas el side events Arquitectura para Todos (Afa) en el marco del Foro Internacional UIA Madrid 2022 - COLEGIO DE ARQUITECTOS DE CHILE","isPartOf":{"@id":"https:\/\/colegioarquitectos.com\/noticias\/#website"},"primaryImageOfPage":{"@id":"https:\/\/colegioarquitectos.com\/noticias\/?p=28479#primaryimage"},"image":{"@id":"https:\/\/colegioarquitectos.com\/noticias\/?p=28479#primaryimage"},"thumbnailUrl":"https:\/\/colegioarquitectos.com\/noticias\/wp-content\/uploads\/2022\/05\/Programa-AFA-Facebook-2.png","datePublished":"2022-05-10T16:48:06+00:00","dateModified":"2022-05-10T16:53:05+00:00","breadcrumb":{"@id":"https:\/\/colegioarquitectos.com\/noticias\/?p=28479#breadcrumb"},"inLanguage":"es","potentialAction":[{"@type":"ReadAction","target":["https:\/\/colegioarquitectos.com\/noticias\/?p=28479"]}]},{"@type":"ImageObject","inLanguage":"es","@id":"https:\/\/colegioarquitectos.com\/noticias\/?p=28479#primaryimage","url":"https:\/\/colegioarquitectos.com\/noticias\/wp-content\/uploads\/2022\/05\/Programa-AFA-Facebook-2.png","contentUrl":"https:\/\/colegioarquitectos.com\/noticias\/wp-content\/uploads\/2022\/05\/Programa-AFA-Facebook-2.png","width":2289,"height":1217},{"@type":"BreadcrumbList","@id":"https:\/\/colegioarquitectos.com\/noticias\/?p=28479#breadcrumb","itemListElement":[{"@type":"ListItem","position":1,"name":"Portada","item":"https:\/\/colegioarquitectos.com\/noticias"},{"@type":"ListItem","position":2,"name":"No te pierdas el side events Arquitectura para Todos (Afa) en el marco del Foro Internacional UIA Madrid 2022"}]},{"@type":"WebSite","@id":"https:\/\/colegioarquitectos.com\/noticias\/#website","url":"https:\/\/colegioarquitectos.com\/noticias\/","name":"COLEGIO DE ARQUITECTOS DE CHILE","description":"","publisher":{"@id":"https:\/\/colegioarquitectos.com\/noticias\/#organization"},"potentialAction":[{"@type":"SearchAction","target":{"@type":"EntryPoint","urlTemplate":"https:\/\/colegioarquitectos.com\/noticias\/?s={search_term_string}"},"query-input":{"@type":"PropertyValueSpecification","valueRequired":true,"valueName":"search_term_string"}}],"inLanguage":"es"},{"@type":"Organization","@id":"https:\/\/colegioarquitectos.com\/noticias\/#organization","name":"COLEGIO DE ARQUITECTOS DE CHILE","url":"https:\/\/colegioarquitectos.com\/noticias\/","logo":{"@type":"ImageObject","inLanguage":"es","@id":"https:\/\/colegioarquitectos.com\/noticias\/#\/schema\/logo\/image\/","url":"https:\/\/colegioarquitectos.com\/noticias\/wp-content\/uploads\/2021\/05\/ENCABEZADO-LOGO-CA.jpg","contentUrl":"https:\/\/colegioarquitectos.com\/noticias\/wp-content\/uploads\/2021\/05\/ENCABEZADO-LOGO-CA.jpg","width":690,"height":350,"caption":"COLEGIO DE ARQUITECTOS DE CHILE"},"image":{"@id":"https:\/\/colegioarquitectos.com\/noticias\/#\/schema\/logo\/image\/"},"sameAs":["https:\/\/facebook.com\/Colegioarq\/","https:\/\/x.com\/colegioarq","https:\/\/instagram.com\/colegioarq","https:\/\/youtube.com\/@ColegiodeArquitectosdeChile"]},{"@type":"Person","@id":"https:\/\/colegioarquitectos.com\/noticias\/#\/schema\/person\/685cc0aad148303c5608f049af8285ad","name":"Colegio de Arquitectos de Chile","url":"https:\/\/colegioarquitectos.com\/noticias\/?author=4"}]}},"_links":{"self":[{"href":"https:\/\/colegioarquitectos.com\/noticias\/index.php?rest_route=\/wp\/v2\/posts\/28479","targetHints":{"allow":["GET"]}}],"collection":[{"href":"https:\/\/colegioarquitectos.com\/noticias\/index.php?rest_route=\/wp\/v2\/posts"}],"about":[{"href":"https:\/\/colegioarquitectos.com\/noticias\/index.php?rest_route=\/wp\/v2\/types\/post"}],"author":[{"embeddable":true,"href":"https:\/\/colegioarquitectos.com\/noticias\/index.php?rest_route=\/wp\/v2\/users\/4"}],"replies":[{"embeddable":true,"href":"https:\/\/colegioarquitectos.com\/noticias\/index.php?rest_route=%2Fwp%2Fv2%2Fcomments&post=28479"}],"version-history":[{"count":0,"href":"https:\/\/colegioarquitectos.com\/noticias\/index.php?rest_route=\/wp\/v2\/posts\/28479\/revisions"}],"wp:featuredmedia":[{"embeddable":true,"href":"https:\/\/colegioarquitectos.com\/noticias\/index.php?rest_route=\/wp\/v2\/media\/28484"}],"wp:attachment":[{"href":"https:\/\/colegioarquitectos.com\/noticias\/index.php?rest_route=%2Fwp%2Fv2%2Fmedia&parent=28479"}],"wp:term":[{"taxonomy":"category","embeddable":true,"href":"https:\/\/colegioarquitectos.com\/noticias\/index.php?rest_route=%2Fwp%2Fv2%2Fcategories&post=28479"},{"taxonomy":"post_tag","embeddable":true,"href":"https:\/\/colegioarquitectos.com\/noticias\/index.php?rest_route=%2Fwp%2Fv2%2Ftags&post=28479"}],"curies":[{"name":"wp","href":"https:\/\/api.w.org\/{rel}","templated":true}]}}