
{"id":28588,"date":"2022-05-23T09:48:06","date_gmt":"2022-05-23T13:48:06","guid":{"rendered":"https:\/\/colegioarquitectos.com\/?p=28588"},"modified":"2022-05-23T09:48:06","modified_gmt":"2022-05-23T13:48:06","slug":"fernando-perez-oyarzun-1950","status":"publish","type":"post","link":"https:\/\/colegioarquitectos.com\/noticias\/?p=28588","title":{"rendered":"Fernando P\u00e9rez Oyarz\u00fan (1950)"},"content":{"rendered":"<p>Pocas figuras en Chile han explorado como el arquitecto Fernando P\u00e9rez Oyarz\u00fan de manera tan consistente las incontables posibilidades que abre la arquitectura como campo de acci\u00f3n de todo tipo. Efectivamente, la arquitectura tiene como uno de sus rasgos caracter\u00edsticos el de ser una disciplina enormemente abierta, que acoge ya sea a la creaci\u00f3n tanto art\u00edstica como t\u00e9cnica, a los estudios hist\u00f3ricos y a la especulaci\u00f3n filos\u00f3fica, al emprendimiento privado y la gesti\u00f3n p\u00fablica; cuyo ejercicio tiene indudablemente una dimensi\u00f3n personal pero que conoce infinidad de alternativas para hacer de esta dimensi\u00f3n algo colectivo. No siempre esta apertura de nuestra disciplina se pone de manifiesto en la carrera y la labor de una sola persona.<\/p>\n<p>En ese sentido, P\u00e9rez Oyarz\u00fan ha mostrado una fuerte atracci\u00f3n por lo m\u00faltiple y un rechazo por cualquier enfoque que resulte reductivo, desde cualquier punto de vista, unido evidentemente tambi\u00e9n a un particular talento para afrontar los desaf\u00edos que tal posici\u00f3n conlleva.<\/p>\n<p>P\u00e9rez Oyarz\u00fan se titul\u00f3 como arquitecto en 1977 en la Pontificia Universidad Cat\u00f3lica de Chile (PUC) y como Doctor Arquitecto de la Escuela T\u00e9cnica Superior de Arquitectura de Barcelona en 1981. Fue decano de la Facultad de Arquitectura y Bellas Artes de la PUC entre 1990 y 2000, donde ejerci\u00f3 como acad\u00e9mico desde 1974, siendo actualmente profesor titular. A su vez, fue director de la Escuela de Arquitectura de la PUC entre 1987 y 1990 y director del Centro del Patrimonio Cultural en esa misma casa de estudios.<\/p>\n<p>Ha sido Visiting Design Critic de la Universidad de Harvard (1990), Visiting Fellow del Centro de Estudios Latinoamericanos de la Universidad de Cambridge (1996) y Sim\u00f3n Bol\u00edvar Professor de la misma universidad (2000). Durante 2007 fue Research Fellow del Swedish Center for the Advanced Study.<\/p>\n<p>La producci\u00f3n te\u00f3rica de P\u00e9rez Oyarz\u00fan ha tenido un enorme impacto en el \u00e1mbito hispanoparlante, siendo referente de una manera de hacer historia de la arquitectura a la vez rigurosa y con un cierto vuelo filos\u00f3fico, que sabe combinar de manera precisa la mirada local y la perspectiva internacional.<\/p>\n<p>Muchas de sus obras tienen la virtud de apuntar tempranamente a temas que luego se instalaron extensamente en el campo de la cultura arquitect\u00f3nica. Por ejemplo, su libro \u00abLe Corbusier y Sud Am\u00e9rica\u00bb (Ediciones ARQ, 1991), una obra temprana de la que fue editor y articulista, puso las bases para un tema que luego paso a ser recurrente y en cierta manera fundamental para la historia de la arquitectura en Am\u00e9rica Latina. Lo mismo podr\u00eda decirse de sus publicaciones sobre la Escuela de Valpara\u00edso o Juan Borchers, que sin duda sirvieron para mostrar en el \u00e1mbito internacional la densidad\u00a0 y originalidad de las vanguardias chilenas.<\/p>\n<p>Su \u00faltima obra, \u00abArquitectura en el Chile del siglo XX\u00bb (Ediciones ARQ, 2016), de la cual se han publicado tres tomos estando en ejecuci\u00f3n dos m\u00e1s, es tambi\u00e9n un trabajo destinado a ser una pieza irreemplazable en la construcci\u00f3n de la cultura chilena y latinoamericana.<\/p>\n<p>Entre otras de sus publicaciones se cuenta \u00abChristian de Groote, la Arquitectura de Tres D\u00e9cadas de Trabajo\u00bb (Ediciones ARQ, 1993); \u00abLos Hechos de la Arquitectura\u00bb (en conjunto con Alejandro Aravena y Jos\u00e9 Quintanilla) (Ediciones ARQ, 1999); \u00abEl Espejo y el Manto, Ortodoxia\/Heterodoxia\u00bb (Ediciones ARQ, 2014); y \u00abEmilio Jequier, la construcci\u00f3n de un patrimonio\u00bb (Museo Nacional de Bellas Artes, 2021).<\/p>\n<p>Ha publicado art\u00edculos en revistas como Casabella, Arquitectura Viva, Projeto, Block, Harvard Architecture Review, CA y ARQ.<\/p>\n<p>Por otra parte, P\u00e9rez Oyarz\u00fan se ha dedicado a la ense\u00f1anza de la arquitectura durante cerca de cincuenta a\u00f1os. Su labor abarca todos los niveles de dicha ense\u00f1anza, desde los cursos introductorios del posgrado hasta los cursos de doctorado. Su actividad como docente se ha expandido tambi\u00e9n a nivel internacional, siendo profesor invitado de las universidades de Harvard, Rio Grande do Sul, Roma Tre, Cambridge, entre otras. En tal sentido, resulta particularmente destacable su nombramiento como Simon Bol\u00edvar Professor del Centre for Latin American Studies de la Universidad de Cambridge (2000-2001). Es importante se\u00f1alar que a cargo de esta c\u00e1tedra estuvieron personalidades tan importantes coma Octavio Paz, Mario Vargas Llosa, Celso Furtado, Fernando Henrique Cardozo, Carlos Fuentes, Beatriz Sarlo y, \u00faltimamente, Diamela Eltit.<\/p>\n<p>Su vasta carrera en el campo de la cr\u00edtica y la historia de la arquitectura, as\u00ed como del ejercicio de cargos de gesti\u00f3n demandantes, ha sido acompa\u00f1ada del ejercicio profesional de la arquitectura. Obras como la Escuela de Medicina o la Biblioteca de Biom\u00e9dica, ambas realizadas para el Campus Central de la Pontificia Universidad Cat\u00f3lica de Chile, en colaboraci\u00f3n con Alejandro Aravena, son respuestas de innegable calidad arquitect\u00f3nica y justeza t\u00e9cnica.<\/p>\n<p>Otras de sus obras m\u00e1s relevantes son el Centro de C\u00e1ncer Nuestra Se\u00f1ora de la Esperanza (1995-1997) (con Tom\u00e1s dalla Porta, Osvaldo Mu\u00f1oz y Equipo DPI); Edificio Acad\u00e9mico Facultad de Artes (2013-2015) (con Jos\u00e9 Quintanilla y Equipo DESE); y el Centro de Extensi\u00f3n Oriente: Edificio fachada y patio cubierto (2015-2019) (con Jos\u00e9 Quintanilla; Juan Eduardo Ojeda, colaborador; Ram\u00f3n L\u00f3pez, asesor; y Equipo DESE).<\/p>\n<p>La claridad de su planteo y el cuidado de los detalles reflejan el mismo esp\u00edritu que puede observarse en sus ensayos y en su obra escrita. De ah\u00ed, esa inusual convergencia entre palabra escrita y construcci\u00f3n, que ya hab\u00eda sido se\u00f1alada por Alberti como caracter\u00edstica de la \u00abarquitectura culta\u00bb y que nada cuesta encontrar en la creaci\u00f3n de P\u00e9rez Oyarz\u00fan.<\/p>\n<p>En su \u00faltima producci\u00f3n esta convergencia se ha acentuado, siguiendo los andariveles de la confluencia inevitable para el momento actual y futuro de nuestra disciplina, como la necesaria articulaci\u00f3n entre proyecto e investigaci\u00f3n. Esto se ha vista reflejado particularmente en sus intervenciones patrimoniales, como en la Bas\u00edlica del Salvador, la Catedral Metropolitana o su trabajo de asesor\u00eda para la recuperaci\u00f3n del Palacio Pereira.<\/p>\n<p>Entre sus numerosos premios se cuenta el Premio Sergio Larra\u00edn Garc\u00eda-Moreno del Colegio de Arquitectos de Chile (2010), Premio a la Excelencia docente de la Pontificia Universidad Cat\u00f3lica de Chile (2012), Premio Arquitecto Mayor de la Universidad Mayor (2014), Nominaci\u00f3n Honor\u00edfica como Curador de los Bienes Art\u00edsticos y Patrimoniales de la Catedral de Santiago (2016) y la Medalla AOA a la trayectoria acad\u00e9mica (2019).<\/p>\n<p>Actualmente es el Director del Museo Nacional de Bellas Artes (MNBA).<\/p>\n<p>&nbsp;<\/p>\n<p><\/p>","protected":false},"excerpt":{"rendered":"<p>Pocas figuras en Chile han explorado como el arquitecto Fernando P\u00e9rez Oyarz\u00fan de manera tan consistente las incontables posibilidades que abre la arquitectura como campo de acci\u00f3n de todo tipo. Efectivamente, la arquitectura tiene como uno de sus rasgos caracter\u00edsticos &hellip; <a class=\"more-link\" href=\"https:\/\/colegioarquitectos.com\/noticias\/?p=28588\">ver m\u00e1s<\/a><\/p>","protected":false},"author":4,"featured_media":28564,"comment_status":"closed","ping_status":"closed","sticky":false,"template":"","format":"standard","meta":{"footnotes":""},"categories":[88],"tags":[],"class_list":["post-28588","post","type-post","status-publish","format-standard","has-post-thumbnail","hentry","category-premio-nacional-de-arquitectura"],"yoast_head":"<!-- This site is optimized with the Yoast SEO plugin v24.2 - https:\/\/yoast.com\/wordpress\/plugins\/seo\/ -->\n<title>Fernando P\u00e9rez Oyarz\u00fan (1950) - COLEGIO DE ARQUITECTOS DE CHILE<\/title>\n<meta name=\"robots\" content=\"index, follow, max-snippet:-1, max-image-preview:large, max-video-preview:-1\" \/>\n<link rel=\"canonical\" href=\"https:\/\/colegioarquitectos.com\/noticias\/?p=28588\" \/>\n<meta property=\"og:locale\" content=\"es_ES\" \/>\n<meta property=\"og:type\" content=\"article\" \/>\n<meta property=\"og:title\" content=\"Fernando P\u00e9rez Oyarz\u00fan (1950) - COLEGIO DE ARQUITECTOS DE CHILE\" \/>\n<meta property=\"og:description\" content=\"Pocas figuras en Chile han explorado como el arquitecto Fernando P\u00e9rez Oyarz\u00fan de manera tan consistente las incontables posibilidades que abre la arquitectura como campo de acci\u00f3n de todo tipo. Efectivamente, la arquitectura tiene como uno de sus rasgos caracter\u00edsticos &hellip; ver m\u00e1s\" \/>\n<meta property=\"og:url\" content=\"https:\/\/colegioarquitectos.com\/noticias\/?p=28588\" \/>\n<meta property=\"og:site_name\" content=\"COLEGIO DE ARQUITECTOS DE CHILE\" \/>\n<meta property=\"article:publisher\" content=\"https:\/\/facebook.com\/Colegioarq\/\" \/>\n<meta property=\"article:published_time\" content=\"2022-05-23T13:48:06+00:00\" \/>\n<meta property=\"og:image\" content=\"https:\/\/colegioarquitectos.com\/noticias\/wp-content\/uploads\/2022\/05\/DESTWEB-PREMIO-FPO.png\" \/>\n\t<meta property=\"og:image:width\" content=\"1280\" \/>\n\t<meta property=\"og:image:height\" content=\"720\" \/>\n\t<meta property=\"og:image:type\" content=\"image\/png\" \/>\n<meta name=\"author\" content=\"Colegio de Arquitectos de Chile\" \/>\n<meta name=\"twitter:card\" content=\"summary_large_image\" \/>\n<meta name=\"twitter:creator\" content=\"@colegioarq\" \/>\n<meta name=\"twitter:site\" content=\"@colegioarq\" \/>\n<meta name=\"twitter:label1\" content=\"Escrito por\" \/>\n\t<meta name=\"twitter:data1\" content=\"Colegio de Arquitectos de Chile\" \/>\n\t<meta name=\"twitter:label2\" content=\"Tiempo de lectura\" \/>\n\t<meta name=\"twitter:data2\" content=\"5 minutos\" \/>\n<script type=\"application\/ld+json\" class=\"yoast-schema-graph\">{\"@context\":\"https:\/\/schema.org\",\"@graph\":[{\"@type\":\"Article\",\"@id\":\"https:\/\/colegioarquitectos.com\/noticias\/?p=28588#article\",\"isPartOf\":{\"@id\":\"https:\/\/colegioarquitectos.com\/noticias\/?p=28588\"},\"author\":{\"name\":\"Colegio de Arquitectos de Chile\",\"@id\":\"https:\/\/colegioarquitectos.com\/noticias\/#\/schema\/person\/685cc0aad148303c5608f049af8285ad\"},\"headline\":\"Fernando P\u00e9rez Oyarz\u00fan (1950)\",\"datePublished\":\"2022-05-23T13:48:06+00:00\",\"dateModified\":\"2022-05-23T13:48:06+00:00\",\"mainEntityOfPage\":{\"@id\":\"https:\/\/colegioarquitectos.com\/noticias\/?p=28588\"},\"wordCount\":1097,\"publisher\":{\"@id\":\"https:\/\/colegioarquitectos.com\/noticias\/#organization\"},\"image\":{\"@id\":\"https:\/\/colegioarquitectos.com\/noticias\/?p=28588#primaryimage\"},\"thumbnailUrl\":\"https:\/\/colegioarquitectos.com\/noticias\/wp-content\/uploads\/2022\/05\/DESTWEB-PREMIO-FPO.png\",\"articleSection\":[\"Premio Nacional de Arquitectura\"],\"inLanguage\":\"es\"},{\"@type\":\"WebPage\",\"@id\":\"https:\/\/colegioarquitectos.com\/noticias\/?p=28588\",\"url\":\"https:\/\/colegioarquitectos.com\/noticias\/?p=28588\",\"name\":\"Fernando P\u00e9rez Oyarz\u00fan (1950) - COLEGIO DE ARQUITECTOS DE CHILE\",\"isPartOf\":{\"@id\":\"https:\/\/colegioarquitectos.com\/noticias\/#website\"},\"primaryImageOfPage\":{\"@id\":\"https:\/\/colegioarquitectos.com\/noticias\/?p=28588#primaryimage\"},\"image\":{\"@id\":\"https:\/\/colegioarquitectos.com\/noticias\/?p=28588#primaryimage\"},\"thumbnailUrl\":\"https:\/\/colegioarquitectos.com\/noticias\/wp-content\/uploads\/2022\/05\/DESTWEB-PREMIO-FPO.png\",\"datePublished\":\"2022-05-23T13:48:06+00:00\",\"dateModified\":\"2022-05-23T13:48:06+00:00\",\"breadcrumb\":{\"@id\":\"https:\/\/colegioarquitectos.com\/noticias\/?p=28588#breadcrumb\"},\"inLanguage\":\"es\",\"potentialAction\":[{\"@type\":\"ReadAction\",\"target\":[\"https:\/\/colegioarquitectos.com\/noticias\/?p=28588\"]}]},{\"@type\":\"ImageObject\",\"inLanguage\":\"es\",\"@id\":\"https:\/\/colegioarquitectos.com\/noticias\/?p=28588#primaryimage\",\"url\":\"https:\/\/colegioarquitectos.com\/noticias\/wp-content\/uploads\/2022\/05\/DESTWEB-PREMIO-FPO.png\",\"contentUrl\":\"https:\/\/colegioarquitectos.com\/noticias\/wp-content\/uploads\/2022\/05\/DESTWEB-PREMIO-FPO.png\",\"width\":1280,\"height\":720},{\"@type\":\"BreadcrumbList\",\"@id\":\"https:\/\/colegioarquitectos.com\/noticias\/?p=28588#breadcrumb\",\"itemListElement\":[{\"@type\":\"ListItem\",\"position\":1,\"name\":\"Portada\",\"item\":\"https:\/\/colegioarquitectos.com\/noticias\"},{\"@type\":\"ListItem\",\"position\":2,\"name\":\"Fernando P\u00e9rez Oyarz\u00fan (1950)\"}]},{\"@type\":\"WebSite\",\"@id\":\"https:\/\/colegioarquitectos.com\/noticias\/#website\",\"url\":\"https:\/\/colegioarquitectos.com\/noticias\/\",\"name\":\"COLEGIO DE ARQUITECTOS DE CHILE\",\"description\":\"\",\"publisher\":{\"@id\":\"https:\/\/colegioarquitectos.com\/noticias\/#organization\"},\"potentialAction\":[{\"@type\":\"SearchAction\",\"target\":{\"@type\":\"EntryPoint\",\"urlTemplate\":\"https:\/\/colegioarquitectos.com\/noticias\/?s={search_term_string}\"},\"query-input\":{\"@type\":\"PropertyValueSpecification\",\"valueRequired\":true,\"valueName\":\"search_term_string\"}}],\"inLanguage\":\"es\"},{\"@type\":\"Organization\",\"@id\":\"https:\/\/colegioarquitectos.com\/noticias\/#organization\",\"name\":\"COLEGIO DE ARQUITECTOS DE CHILE\",\"url\":\"https:\/\/colegioarquitectos.com\/noticias\/\",\"logo\":{\"@type\":\"ImageObject\",\"inLanguage\":\"es\",\"@id\":\"https:\/\/colegioarquitectos.com\/noticias\/#\/schema\/logo\/image\/\",\"url\":\"https:\/\/colegioarquitectos.com\/noticias\/wp-content\/uploads\/2021\/05\/ENCABEZADO-LOGO-CA.jpg\",\"contentUrl\":\"https:\/\/colegioarquitectos.com\/noticias\/wp-content\/uploads\/2021\/05\/ENCABEZADO-LOGO-CA.jpg\",\"width\":690,\"height\":350,\"caption\":\"COLEGIO DE ARQUITECTOS DE CHILE\"},\"image\":{\"@id\":\"https:\/\/colegioarquitectos.com\/noticias\/#\/schema\/logo\/image\/\"},\"sameAs\":[\"https:\/\/facebook.com\/Colegioarq\/\",\"https:\/\/x.com\/colegioarq\",\"https:\/\/instagram.com\/colegioarq\",\"https:\/\/youtube.com\/@ColegiodeArquitectosdeChile\"]},{\"@type\":\"Person\",\"@id\":\"https:\/\/colegioarquitectos.com\/noticias\/#\/schema\/person\/685cc0aad148303c5608f049af8285ad\",\"name\":\"Colegio de Arquitectos de Chile\",\"url\":\"https:\/\/colegioarquitectos.com\/noticias\/?author=4\"}]}<\/script>\n<!-- \/ Yoast SEO plugin. -->","yoast_head_json":{"title":"Fernando P\u00e9rez Oyarz\u00fan (1950) - COLEGIO DE ARQUITECTOS DE CHILE","robots":{"index":"index","follow":"follow","max-snippet":"max-snippet:-1","max-image-preview":"max-image-preview:large","max-video-preview":"max-video-preview:-1"},"canonical":"https:\/\/colegioarquitectos.com\/noticias\/?p=28588","og_locale":"es_ES","og_type":"article","og_title":"Fernando P\u00e9rez Oyarz\u00fan (1950) - COLEGIO DE ARQUITECTOS DE CHILE","og_description":"Pocas figuras en Chile han explorado como el arquitecto Fernando P\u00e9rez Oyarz\u00fan de manera tan consistente las incontables posibilidades que abre la arquitectura como campo de acci\u00f3n de todo tipo. Efectivamente, la arquitectura tiene como uno de sus rasgos caracter\u00edsticos &hellip; ver m\u00e1s","og_url":"https:\/\/colegioarquitectos.com\/noticias\/?p=28588","og_site_name":"COLEGIO DE ARQUITECTOS DE CHILE","article_publisher":"https:\/\/facebook.com\/Colegioarq\/","article_published_time":"2022-05-23T13:48:06+00:00","og_image":[{"width":1280,"height":720,"url":"https:\/\/colegioarquitectos.com\/noticias\/wp-content\/uploads\/2022\/05\/DESTWEB-PREMIO-FPO.png","type":"image\/png"}],"author":"Colegio de Arquitectos de Chile","twitter_card":"summary_large_image","twitter_creator":"@colegioarq","twitter_site":"@colegioarq","twitter_misc":{"Escrito por":"Colegio de Arquitectos de Chile","Tiempo de lectura":"5 minutos"},"schema":{"@context":"https:\/\/schema.org","@graph":[{"@type":"Article","@id":"https:\/\/colegioarquitectos.com\/noticias\/?p=28588#article","isPartOf":{"@id":"https:\/\/colegioarquitectos.com\/noticias\/?p=28588"},"author":{"name":"Colegio de Arquitectos de Chile","@id":"https:\/\/colegioarquitectos.com\/noticias\/#\/schema\/person\/685cc0aad148303c5608f049af8285ad"},"headline":"Fernando P\u00e9rez Oyarz\u00fan (1950)","datePublished":"2022-05-23T13:48:06+00:00","dateModified":"2022-05-23T13:48:06+00:00","mainEntityOfPage":{"@id":"https:\/\/colegioarquitectos.com\/noticias\/?p=28588"},"wordCount":1097,"publisher":{"@id":"https:\/\/colegioarquitectos.com\/noticias\/#organization"},"image":{"@id":"https:\/\/colegioarquitectos.com\/noticias\/?p=28588#primaryimage"},"thumbnailUrl":"https:\/\/colegioarquitectos.com\/noticias\/wp-content\/uploads\/2022\/05\/DESTWEB-PREMIO-FPO.png","articleSection":["Premio Nacional de Arquitectura"],"inLanguage":"es"},{"@type":"WebPage","@id":"https:\/\/colegioarquitectos.com\/noticias\/?p=28588","url":"https:\/\/colegioarquitectos.com\/noticias\/?p=28588","name":"Fernando P\u00e9rez Oyarz\u00fan (1950) - COLEGIO DE ARQUITECTOS DE CHILE","isPartOf":{"@id":"https:\/\/colegioarquitectos.com\/noticias\/#website"},"primaryImageOfPage":{"@id":"https:\/\/colegioarquitectos.com\/noticias\/?p=28588#primaryimage"},"image":{"@id":"https:\/\/colegioarquitectos.com\/noticias\/?p=28588#primaryimage"},"thumbnailUrl":"https:\/\/colegioarquitectos.com\/noticias\/wp-content\/uploads\/2022\/05\/DESTWEB-PREMIO-FPO.png","datePublished":"2022-05-23T13:48:06+00:00","dateModified":"2022-05-23T13:48:06+00:00","breadcrumb":{"@id":"https:\/\/colegioarquitectos.com\/noticias\/?p=28588#breadcrumb"},"inLanguage":"es","potentialAction":[{"@type":"ReadAction","target":["https:\/\/colegioarquitectos.com\/noticias\/?p=28588"]}]},{"@type":"ImageObject","inLanguage":"es","@id":"https:\/\/colegioarquitectos.com\/noticias\/?p=28588#primaryimage","url":"https:\/\/colegioarquitectos.com\/noticias\/wp-content\/uploads\/2022\/05\/DESTWEB-PREMIO-FPO.png","contentUrl":"https:\/\/colegioarquitectos.com\/noticias\/wp-content\/uploads\/2022\/05\/DESTWEB-PREMIO-FPO.png","width":1280,"height":720},{"@type":"BreadcrumbList","@id":"https:\/\/colegioarquitectos.com\/noticias\/?p=28588#breadcrumb","itemListElement":[{"@type":"ListItem","position":1,"name":"Portada","item":"https:\/\/colegioarquitectos.com\/noticias"},{"@type":"ListItem","position":2,"name":"Fernando P\u00e9rez Oyarz\u00fan (1950)"}]},{"@type":"WebSite","@id":"https:\/\/colegioarquitectos.com\/noticias\/#website","url":"https:\/\/colegioarquitectos.com\/noticias\/","name":"COLEGIO DE ARQUITECTOS DE CHILE","description":"","publisher":{"@id":"https:\/\/colegioarquitectos.com\/noticias\/#organization"},"potentialAction":[{"@type":"SearchAction","target":{"@type":"EntryPoint","urlTemplate":"https:\/\/colegioarquitectos.com\/noticias\/?s={search_term_string}"},"query-input":{"@type":"PropertyValueSpecification","valueRequired":true,"valueName":"search_term_string"}}],"inLanguage":"es"},{"@type":"Organization","@id":"https:\/\/colegioarquitectos.com\/noticias\/#organization","name":"COLEGIO DE ARQUITECTOS DE CHILE","url":"https:\/\/colegioarquitectos.com\/noticias\/","logo":{"@type":"ImageObject","inLanguage":"es","@id":"https:\/\/colegioarquitectos.com\/noticias\/#\/schema\/logo\/image\/","url":"https:\/\/colegioarquitectos.com\/noticias\/wp-content\/uploads\/2021\/05\/ENCABEZADO-LOGO-CA.jpg","contentUrl":"https:\/\/colegioarquitectos.com\/noticias\/wp-content\/uploads\/2021\/05\/ENCABEZADO-LOGO-CA.jpg","width":690,"height":350,"caption":"COLEGIO DE ARQUITECTOS DE CHILE"},"image":{"@id":"https:\/\/colegioarquitectos.com\/noticias\/#\/schema\/logo\/image\/"},"sameAs":["https:\/\/facebook.com\/Colegioarq\/","https:\/\/x.com\/colegioarq","https:\/\/instagram.com\/colegioarq","https:\/\/youtube.com\/@ColegiodeArquitectosdeChile"]},{"@type":"Person","@id":"https:\/\/colegioarquitectos.com\/noticias\/#\/schema\/person\/685cc0aad148303c5608f049af8285ad","name":"Colegio de Arquitectos de Chile","url":"https:\/\/colegioarquitectos.com\/noticias\/?author=4"}]}},"_links":{"self":[{"href":"https:\/\/colegioarquitectos.com\/noticias\/index.php?rest_route=\/wp\/v2\/posts\/28588","targetHints":{"allow":["GET"]}}],"collection":[{"href":"https:\/\/colegioarquitectos.com\/noticias\/index.php?rest_route=\/wp\/v2\/posts"}],"about":[{"href":"https:\/\/colegioarquitectos.com\/noticias\/index.php?rest_route=\/wp\/v2\/types\/post"}],"author":[{"embeddable":true,"href":"https:\/\/colegioarquitectos.com\/noticias\/index.php?rest_route=\/wp\/v2\/users\/4"}],"replies":[{"embeddable":true,"href":"https:\/\/colegioarquitectos.com\/noticias\/index.php?rest_route=%2Fwp%2Fv2%2Fcomments&post=28588"}],"version-history":[{"count":0,"href":"https:\/\/colegioarquitectos.com\/noticias\/index.php?rest_route=\/wp\/v2\/posts\/28588\/revisions"}],"wp:featuredmedia":[{"embeddable":true,"href":"https:\/\/colegioarquitectos.com\/noticias\/index.php?rest_route=\/wp\/v2\/media\/28564"}],"wp:attachment":[{"href":"https:\/\/colegioarquitectos.com\/noticias\/index.php?rest_route=%2Fwp%2Fv2%2Fmedia&parent=28588"}],"wp:term":[{"taxonomy":"category","embeddable":true,"href":"https:\/\/colegioarquitectos.com\/noticias\/index.php?rest_route=%2Fwp%2Fv2%2Fcategories&post=28588"},{"taxonomy":"post_tag","embeddable":true,"href":"https:\/\/colegioarquitectos.com\/noticias\/index.php?rest_route=%2Fwp%2Fv2%2Ftags&post=28588"}],"curies":[{"name":"wp","href":"https:\/\/api.w.org\/{rel}","templated":true}]}}