
{"id":28590,"date":"2022-05-23T09:51:27","date_gmt":"2022-05-23T13:51:27","guid":{"rendered":"https:\/\/colegioarquitectos.com\/?p=28590"},"modified":"2022-05-23T09:51:27","modified_gmt":"2022-05-23T13:51:27","slug":"miguel-lawner-steiman-1928","status":"publish","type":"post","link":"https:\/\/colegioarquitectos.com\/noticias\/?p=28590","title":{"rendered":"Miguel Lawner Steiman (1928)"},"content":{"rendered":"<p>Con 90 a\u00f1os, Miguel Lawner representa un aporte acad\u00e9mico incomparable en su integralidad. Sus aportes impulsados tanto en el gremio como en las pol\u00edticas p\u00fablicas, su legado en las ense\u00f1anzas dictadas en Chile, Dinamarca y Alemania e innumerables metros cuadrados proyectados de diversa escala, contexto y programa, lo hacen merecedor de este reconocimiento nacional a un arquitecto que, hasta el d\u00eda de hoy, sigue vigente.<\/p>\n<p>Lawner se titul\u00f3 en 1954 en la Facultad de Arquitectura y Urbanismo de la Universidad de Chile. Luego de su titulaci\u00f3n, dict\u00f3 clases en la misma casa de estudios y junto a su esposa Ana Mar\u00eda Barrenechea y Francisco Ehijo fundaron la oficina profesional BEL Arquitectos Ltda., con la cual ganaron diversos concursos p\u00fablicos relacionados con el dise\u00f1o de viviendas sociales, equipamiento comunitario, entre otros proyectos.<\/p>\n<p>Durante el Gobierno del Presidente Salvador Allende, Lawner se desempe\u00f1\u00f3 como director ejecutivo de la Corporaci\u00f3n de Mejoramiento Urbano (CORMU). Entre sus obras de este periodo se encuentran el dise\u00f1o y ejecuci\u00f3n de varios conjuntos habitacionales en Santiago, como la Villa San Luis, o el proyecto habitacional CORMUVAL, entre Santiago y Valpara\u00edso.<\/p>\n<p>Por otra parte, tambi\u00e9n fue parte de la planificaci\u00f3n del edificio para la UNCTAD III y la Exposici\u00f3n Internacional de la Vivienda (VIEXPO). Durante su direcci\u00f3n ejecutiva, la CORMU construy\u00f3 alrededor de 158 mil viviendas sociales.<\/p>\n<p>Despu\u00e9s del golpe de Estado de 1973, Lawner fue detenido pas\u00f3 por distintos centros de detenci\u00f3n, incluido Isla Dawson, para finalmente ser exiliado a Dinamarca junto a su esposa Ana Mar\u00eda Barrenechea. En el exilio, Lawner se desempe\u00f1\u00f3 como docente en la Universidad Goethe de la Rep\u00fablica Federal Alemana y en la Academia Real de Bellas Artes de Dinamarca. Pudo regresar a Chile en 1984.<\/p>\n<p>En relaci\u00f3n a su actividad gremial, entre 1965 y 1967 fue Secretario-Tesorero de la Delegaci\u00f3n Santiago del Colegio de Arquitectos de Chile, mientras que desde 1986 a 1994 se desempe\u00f1\u00f3 como Director Nacional.<\/p>\n<p>Entre sus obras m\u00e1s relevantes se cuenta la Poblaci\u00f3n Abate Molina en Talca, el Colegio Universitario Regional de Temuco, el Edificio de la COOPERCARAB en Santiago, El Edificio Consistorial de Lo Prado\u00a0 y la rehabilitaci\u00f3n del Museo de la Solidaridad Salvador Allende.<\/p>\n<p>Entre sus numerosos premios se cuenta el Premio Alberto Risopatr\u00f3n (Colegio de Arquitectos, 1994), la Medalla Claude Francois Brunet de Baines (Universidad de Chile, 2010), el Premio Edwin Haramoto (Instituto de la Vivienda, 2011) y el Premio Conservaci\u00f3n de los Monumentos Nacionales (CMN, DIBAM y UNESCO, 2016).<\/p>\n<p><\/p>","protected":false},"excerpt":{"rendered":"<p>Con 90 a\u00f1os, Miguel Lawner representa un aporte acad\u00e9mico incomparable en su integralidad. Sus aportes impulsados tanto en el gremio como en las pol\u00edticas p\u00fablicas, su legado en las ense\u00f1anzas dictadas en Chile, Dinamarca y Alemania e innumerables metros cuadrados &hellip; <a class=\"more-link\" href=\"https:\/\/colegioarquitectos.com\/noticias\/?p=28590\">ver m\u00e1s<\/a><\/p>","protected":false},"author":4,"featured_media":27264,"comment_status":"closed","ping_status":"closed","sticky":false,"template":"","format":"standard","meta":{"footnotes":""},"categories":[88],"tags":[],"class_list":["post-28590","post","type-post","status-publish","format-standard","has-post-thumbnail","hentry","category-premio-nacional-de-arquitectura"],"yoast_head":"<!-- This site is optimized with the Yoast SEO plugin v24.2 - https:\/\/yoast.com\/wordpress\/plugins\/seo\/ -->\n<title>Miguel Lawner Steiman (1928) - COLEGIO DE ARQUITECTOS DE CHILE<\/title>\n<meta name=\"robots\" content=\"index, follow, max-snippet:-1, max-image-preview:large, max-video-preview:-1\" \/>\n<link rel=\"canonical\" href=\"https:\/\/colegioarquitectos.com\/noticias\/?p=28590\" \/>\n<meta property=\"og:locale\" content=\"es_ES\" \/>\n<meta property=\"og:type\" content=\"article\" \/>\n<meta property=\"og:title\" content=\"Miguel Lawner Steiman (1928) - COLEGIO DE ARQUITECTOS DE CHILE\" \/>\n<meta property=\"og:description\" content=\"Con 90 a\u00f1os, Miguel Lawner representa un aporte acad\u00e9mico incomparable en su integralidad. Sus aportes impulsados tanto en el gremio como en las pol\u00edticas p\u00fablicas, su legado en las ense\u00f1anzas dictadas en Chile, Dinamarca y Alemania e innumerables metros cuadrados &hellip; ver m\u00e1s\" \/>\n<meta property=\"og:url\" content=\"https:\/\/colegioarquitectos.com\/noticias\/?p=28590\" \/>\n<meta property=\"og:site_name\" content=\"COLEGIO DE ARQUITECTOS DE CHILE\" \/>\n<meta property=\"article:publisher\" content=\"https:\/\/facebook.com\/Colegioarq\/\" \/>\n<meta property=\"article:published_time\" content=\"2022-05-23T13:51:27+00:00\" \/>\n<meta property=\"og:image\" content=\"https:\/\/colegioarquitectos.com\/noticias\/wp-content\/uploads\/2021\/06\/ENCABEZADO-LAWNER.jpg\" \/>\n\t<meta property=\"og:image:width\" content=\"1380\" \/>\n\t<meta property=\"og:image:height\" content=\"720\" \/>\n\t<meta property=\"og:image:type\" content=\"image\/jpeg\" \/>\n<meta name=\"author\" content=\"Colegio de Arquitectos de Chile\" \/>\n<meta name=\"twitter:card\" content=\"summary_large_image\" \/>\n<meta name=\"twitter:creator\" content=\"@colegioarq\" \/>\n<meta name=\"twitter:site\" content=\"@colegioarq\" \/>\n<meta name=\"twitter:label1\" content=\"Escrito por\" \/>\n\t<meta name=\"twitter:data1\" content=\"Colegio de Arquitectos de Chile\" \/>\n\t<meta name=\"twitter:label2\" content=\"Tiempo de lectura\" \/>\n\t<meta name=\"twitter:data2\" content=\"2 minutos\" \/>\n<script type=\"application\/ld+json\" class=\"yoast-schema-graph\">{\"@context\":\"https:\/\/schema.org\",\"@graph\":[{\"@type\":\"Article\",\"@id\":\"https:\/\/colegioarquitectos.com\/noticias\/?p=28590#article\",\"isPartOf\":{\"@id\":\"https:\/\/colegioarquitectos.com\/noticias\/?p=28590\"},\"author\":{\"name\":\"Colegio de Arquitectos de Chile\",\"@id\":\"https:\/\/colegioarquitectos.com\/noticias\/#\/schema\/person\/685cc0aad148303c5608f049af8285ad\"},\"headline\":\"Miguel Lawner Steiman (1928)\",\"datePublished\":\"2022-05-23T13:51:27+00:00\",\"dateModified\":\"2022-05-23T13:51:27+00:00\",\"mainEntityOfPage\":{\"@id\":\"https:\/\/colegioarquitectos.com\/noticias\/?p=28590\"},\"wordCount\":425,\"publisher\":{\"@id\":\"https:\/\/colegioarquitectos.com\/noticias\/#organization\"},\"image\":{\"@id\":\"https:\/\/colegioarquitectos.com\/noticias\/?p=28590#primaryimage\"},\"thumbnailUrl\":\"https:\/\/colegioarquitectos.com\/noticias\/wp-content\/uploads\/2021\/06\/ENCABEZADO-LAWNER.jpg\",\"articleSection\":[\"Premio Nacional de Arquitectura\"],\"inLanguage\":\"es\"},{\"@type\":\"WebPage\",\"@id\":\"https:\/\/colegioarquitectos.com\/noticias\/?p=28590\",\"url\":\"https:\/\/colegioarquitectos.com\/noticias\/?p=28590\",\"name\":\"Miguel Lawner Steiman (1928) - COLEGIO DE ARQUITECTOS DE CHILE\",\"isPartOf\":{\"@id\":\"https:\/\/colegioarquitectos.com\/noticias\/#website\"},\"primaryImageOfPage\":{\"@id\":\"https:\/\/colegioarquitectos.com\/noticias\/?p=28590#primaryimage\"},\"image\":{\"@id\":\"https:\/\/colegioarquitectos.com\/noticias\/?p=28590#primaryimage\"},\"thumbnailUrl\":\"https:\/\/colegioarquitectos.com\/noticias\/wp-content\/uploads\/2021\/06\/ENCABEZADO-LAWNER.jpg\",\"datePublished\":\"2022-05-23T13:51:27+00:00\",\"dateModified\":\"2022-05-23T13:51:27+00:00\",\"breadcrumb\":{\"@id\":\"https:\/\/colegioarquitectos.com\/noticias\/?p=28590#breadcrumb\"},\"inLanguage\":\"es\",\"potentialAction\":[{\"@type\":\"ReadAction\",\"target\":[\"https:\/\/colegioarquitectos.com\/noticias\/?p=28590\"]}]},{\"@type\":\"ImageObject\",\"inLanguage\":\"es\",\"@id\":\"https:\/\/colegioarquitectos.com\/noticias\/?p=28590#primaryimage\",\"url\":\"https:\/\/colegioarquitectos.com\/noticias\/wp-content\/uploads\/2021\/06\/ENCABEZADO-LAWNER.jpg\",\"contentUrl\":\"https:\/\/colegioarquitectos.com\/noticias\/wp-content\/uploads\/2021\/06\/ENCABEZADO-LAWNER.jpg\",\"width\":1380,\"height\":720},{\"@type\":\"BreadcrumbList\",\"@id\":\"https:\/\/colegioarquitectos.com\/noticias\/?p=28590#breadcrumb\",\"itemListElement\":[{\"@type\":\"ListItem\",\"position\":1,\"name\":\"Portada\",\"item\":\"https:\/\/colegioarquitectos.com\/noticias\"},{\"@type\":\"ListItem\",\"position\":2,\"name\":\"Miguel Lawner Steiman (1928)\"}]},{\"@type\":\"WebSite\",\"@id\":\"https:\/\/colegioarquitectos.com\/noticias\/#website\",\"url\":\"https:\/\/colegioarquitectos.com\/noticias\/\",\"name\":\"COLEGIO DE ARQUITECTOS DE CHILE\",\"description\":\"\",\"publisher\":{\"@id\":\"https:\/\/colegioarquitectos.com\/noticias\/#organization\"},\"potentialAction\":[{\"@type\":\"SearchAction\",\"target\":{\"@type\":\"EntryPoint\",\"urlTemplate\":\"https:\/\/colegioarquitectos.com\/noticias\/?s={search_term_string}\"},\"query-input\":{\"@type\":\"PropertyValueSpecification\",\"valueRequired\":true,\"valueName\":\"search_term_string\"}}],\"inLanguage\":\"es\"},{\"@type\":\"Organization\",\"@id\":\"https:\/\/colegioarquitectos.com\/noticias\/#organization\",\"name\":\"COLEGIO DE ARQUITECTOS DE CHILE\",\"url\":\"https:\/\/colegioarquitectos.com\/noticias\/\",\"logo\":{\"@type\":\"ImageObject\",\"inLanguage\":\"es\",\"@id\":\"https:\/\/colegioarquitectos.com\/noticias\/#\/schema\/logo\/image\/\",\"url\":\"https:\/\/colegioarquitectos.com\/noticias\/wp-content\/uploads\/2021\/05\/ENCABEZADO-LOGO-CA.jpg\",\"contentUrl\":\"https:\/\/colegioarquitectos.com\/noticias\/wp-content\/uploads\/2021\/05\/ENCABEZADO-LOGO-CA.jpg\",\"width\":690,\"height\":350,\"caption\":\"COLEGIO DE ARQUITECTOS DE CHILE\"},\"image\":{\"@id\":\"https:\/\/colegioarquitectos.com\/noticias\/#\/schema\/logo\/image\/\"},\"sameAs\":[\"https:\/\/facebook.com\/Colegioarq\/\",\"https:\/\/x.com\/colegioarq\",\"https:\/\/instagram.com\/colegioarq\",\"https:\/\/youtube.com\/@ColegiodeArquitectosdeChile\"]},{\"@type\":\"Person\",\"@id\":\"https:\/\/colegioarquitectos.com\/noticias\/#\/schema\/person\/685cc0aad148303c5608f049af8285ad\",\"name\":\"Colegio de Arquitectos de Chile\",\"url\":\"https:\/\/colegioarquitectos.com\/noticias\/?author=4\"}]}<\/script>\n<!-- \/ Yoast SEO plugin. -->","yoast_head_json":{"title":"Miguel Lawner Steiman (1928) - COLEGIO DE ARQUITECTOS DE CHILE","robots":{"index":"index","follow":"follow","max-snippet":"max-snippet:-1","max-image-preview":"max-image-preview:large","max-video-preview":"max-video-preview:-1"},"canonical":"https:\/\/colegioarquitectos.com\/noticias\/?p=28590","og_locale":"es_ES","og_type":"article","og_title":"Miguel Lawner Steiman (1928) - COLEGIO DE ARQUITECTOS DE CHILE","og_description":"Con 90 a\u00f1os, Miguel Lawner representa un aporte acad\u00e9mico incomparable en su integralidad. Sus aportes impulsados tanto en el gremio como en las pol\u00edticas p\u00fablicas, su legado en las ense\u00f1anzas dictadas en Chile, Dinamarca y Alemania e innumerables metros cuadrados &hellip; ver m\u00e1s","og_url":"https:\/\/colegioarquitectos.com\/noticias\/?p=28590","og_site_name":"COLEGIO DE ARQUITECTOS DE CHILE","article_publisher":"https:\/\/facebook.com\/Colegioarq\/","article_published_time":"2022-05-23T13:51:27+00:00","og_image":[{"width":1380,"height":720,"url":"https:\/\/colegioarquitectos.com\/noticias\/wp-content\/uploads\/2021\/06\/ENCABEZADO-LAWNER.jpg","type":"image\/jpeg"}],"author":"Colegio de Arquitectos de Chile","twitter_card":"summary_large_image","twitter_creator":"@colegioarq","twitter_site":"@colegioarq","twitter_misc":{"Escrito por":"Colegio de Arquitectos de Chile","Tiempo de lectura":"2 minutos"},"schema":{"@context":"https:\/\/schema.org","@graph":[{"@type":"Article","@id":"https:\/\/colegioarquitectos.com\/noticias\/?p=28590#article","isPartOf":{"@id":"https:\/\/colegioarquitectos.com\/noticias\/?p=28590"},"author":{"name":"Colegio de Arquitectos de Chile","@id":"https:\/\/colegioarquitectos.com\/noticias\/#\/schema\/person\/685cc0aad148303c5608f049af8285ad"},"headline":"Miguel Lawner Steiman (1928)","datePublished":"2022-05-23T13:51:27+00:00","dateModified":"2022-05-23T13:51:27+00:00","mainEntityOfPage":{"@id":"https:\/\/colegioarquitectos.com\/noticias\/?p=28590"},"wordCount":425,"publisher":{"@id":"https:\/\/colegioarquitectos.com\/noticias\/#organization"},"image":{"@id":"https:\/\/colegioarquitectos.com\/noticias\/?p=28590#primaryimage"},"thumbnailUrl":"https:\/\/colegioarquitectos.com\/noticias\/wp-content\/uploads\/2021\/06\/ENCABEZADO-LAWNER.jpg","articleSection":["Premio Nacional de Arquitectura"],"inLanguage":"es"},{"@type":"WebPage","@id":"https:\/\/colegioarquitectos.com\/noticias\/?p=28590","url":"https:\/\/colegioarquitectos.com\/noticias\/?p=28590","name":"Miguel Lawner Steiman (1928) - COLEGIO DE ARQUITECTOS DE CHILE","isPartOf":{"@id":"https:\/\/colegioarquitectos.com\/noticias\/#website"},"primaryImageOfPage":{"@id":"https:\/\/colegioarquitectos.com\/noticias\/?p=28590#primaryimage"},"image":{"@id":"https:\/\/colegioarquitectos.com\/noticias\/?p=28590#primaryimage"},"thumbnailUrl":"https:\/\/colegioarquitectos.com\/noticias\/wp-content\/uploads\/2021\/06\/ENCABEZADO-LAWNER.jpg","datePublished":"2022-05-23T13:51:27+00:00","dateModified":"2022-05-23T13:51:27+00:00","breadcrumb":{"@id":"https:\/\/colegioarquitectos.com\/noticias\/?p=28590#breadcrumb"},"inLanguage":"es","potentialAction":[{"@type":"ReadAction","target":["https:\/\/colegioarquitectos.com\/noticias\/?p=28590"]}]},{"@type":"ImageObject","inLanguage":"es","@id":"https:\/\/colegioarquitectos.com\/noticias\/?p=28590#primaryimage","url":"https:\/\/colegioarquitectos.com\/noticias\/wp-content\/uploads\/2021\/06\/ENCABEZADO-LAWNER.jpg","contentUrl":"https:\/\/colegioarquitectos.com\/noticias\/wp-content\/uploads\/2021\/06\/ENCABEZADO-LAWNER.jpg","width":1380,"height":720},{"@type":"BreadcrumbList","@id":"https:\/\/colegioarquitectos.com\/noticias\/?p=28590#breadcrumb","itemListElement":[{"@type":"ListItem","position":1,"name":"Portada","item":"https:\/\/colegioarquitectos.com\/noticias"},{"@type":"ListItem","position":2,"name":"Miguel Lawner Steiman (1928)"}]},{"@type":"WebSite","@id":"https:\/\/colegioarquitectos.com\/noticias\/#website","url":"https:\/\/colegioarquitectos.com\/noticias\/","name":"COLEGIO DE ARQUITECTOS DE CHILE","description":"","publisher":{"@id":"https:\/\/colegioarquitectos.com\/noticias\/#organization"},"potentialAction":[{"@type":"SearchAction","target":{"@type":"EntryPoint","urlTemplate":"https:\/\/colegioarquitectos.com\/noticias\/?s={search_term_string}"},"query-input":{"@type":"PropertyValueSpecification","valueRequired":true,"valueName":"search_term_string"}}],"inLanguage":"es"},{"@type":"Organization","@id":"https:\/\/colegioarquitectos.com\/noticias\/#organization","name":"COLEGIO DE ARQUITECTOS DE CHILE","url":"https:\/\/colegioarquitectos.com\/noticias\/","logo":{"@type":"ImageObject","inLanguage":"es","@id":"https:\/\/colegioarquitectos.com\/noticias\/#\/schema\/logo\/image\/","url":"https:\/\/colegioarquitectos.com\/noticias\/wp-content\/uploads\/2021\/05\/ENCABEZADO-LOGO-CA.jpg","contentUrl":"https:\/\/colegioarquitectos.com\/noticias\/wp-content\/uploads\/2021\/05\/ENCABEZADO-LOGO-CA.jpg","width":690,"height":350,"caption":"COLEGIO DE ARQUITECTOS DE CHILE"},"image":{"@id":"https:\/\/colegioarquitectos.com\/noticias\/#\/schema\/logo\/image\/"},"sameAs":["https:\/\/facebook.com\/Colegioarq\/","https:\/\/x.com\/colegioarq","https:\/\/instagram.com\/colegioarq","https:\/\/youtube.com\/@ColegiodeArquitectosdeChile"]},{"@type":"Person","@id":"https:\/\/colegioarquitectos.com\/noticias\/#\/schema\/person\/685cc0aad148303c5608f049af8285ad","name":"Colegio de Arquitectos de Chile","url":"https:\/\/colegioarquitectos.com\/noticias\/?author=4"}]}},"_links":{"self":[{"href":"https:\/\/colegioarquitectos.com\/noticias\/index.php?rest_route=\/wp\/v2\/posts\/28590","targetHints":{"allow":["GET"]}}],"collection":[{"href":"https:\/\/colegioarquitectos.com\/noticias\/index.php?rest_route=\/wp\/v2\/posts"}],"about":[{"href":"https:\/\/colegioarquitectos.com\/noticias\/index.php?rest_route=\/wp\/v2\/types\/post"}],"author":[{"embeddable":true,"href":"https:\/\/colegioarquitectos.com\/noticias\/index.php?rest_route=\/wp\/v2\/users\/4"}],"replies":[{"embeddable":true,"href":"https:\/\/colegioarquitectos.com\/noticias\/index.php?rest_route=%2Fwp%2Fv2%2Fcomments&post=28590"}],"version-history":[{"count":0,"href":"https:\/\/colegioarquitectos.com\/noticias\/index.php?rest_route=\/wp\/v2\/posts\/28590\/revisions"}],"wp:featuredmedia":[{"embeddable":true,"href":"https:\/\/colegioarquitectos.com\/noticias\/index.php?rest_route=\/wp\/v2\/media\/27264"}],"wp:attachment":[{"href":"https:\/\/colegioarquitectos.com\/noticias\/index.php?rest_route=%2Fwp%2Fv2%2Fmedia&parent=28590"}],"wp:term":[{"taxonomy":"category","embeddable":true,"href":"https:\/\/colegioarquitectos.com\/noticias\/index.php?rest_route=%2Fwp%2Fv2%2Fcategories&post=28590"},{"taxonomy":"post_tag","embeddable":true,"href":"https:\/\/colegioarquitectos.com\/noticias\/index.php?rest_route=%2Fwp%2Fv2%2Ftags&post=28590"}],"curies":[{"name":"wp","href":"https:\/\/api.w.org\/{rel}","templated":true}]}}