
{"id":28692,"date":"2022-06-08T10:49:10","date_gmt":"2022-06-08T14:49:10","guid":{"rendered":"https:\/\/colegioarquitectos.com\/?p=28692"},"modified":"2022-06-08T10:49:10","modified_gmt":"2022-06-08T14:49:10","slug":"expo-frio-calor-chile-2022-marcando-tendencia-frente-a-la-crisis-climatica","status":"publish","type":"post","link":"https:\/\/colegioarquitectos.com\/noticias\/?p=28692","title":{"rendered":"Expo Fr\u00edo Calor Chile 2022: Marcando tendencia frente a la crisis clim\u00e1tica"},"content":{"rendered":"<p>La pandemia dej\u00f3 en evidencia la necesidad de mejorar y monitorear de forma permanente la calidad de aire que circula en un recinto no solo para contribuir a la salud de las personas que habitan estos espacios, sino tambi\u00e9n para hacer frente a la crisis clim\u00e1tica que est\u00e1 viviendo nuestro planeta.<\/p>\n<p>En este escenario, llega nuevamente Expo Fr\u00edo Calor Chile, patrocinada por el Colegio de Arquitectos de Chile, que en su quinta versi\u00f3n reunir\u00e1 a las empresas m\u00e1s importantes del sector de la calefacci\u00f3n, ventilaci\u00f3n y aire acondicionado, con m\u00e1s de 100 expositores y 300 marcas a nivel nacional e internacional, y que en forma paralela tendr\u00e1 un programa de charlas seg\u00fan 4 pilares.<\/p>\n<p>&nbsp;<\/p>\n<h4>Matriz Energ\u00e9tica<\/h4>\n<hr \/>\n<p>De acuerdo al informe \u201cEnerg\u00eda 2050: Pol\u00edtica Energ\u00e9tica de Chile\u201d del Ministerio de Energ\u00eda, los desaf\u00edos a nivel pa\u00eds deben desarrollarse sobre 4 bases: Seguridad y Calidad de Suministro, Energ\u00eda como Motor de Desarrollo, Compatibilidad con el Medio Ambiente, y Eficiencia y Educaci\u00f3n Energ\u00e9tica. Por ende, en materia de climatizaci\u00f3n y refrigeraci\u00f3n \u2013mayoritariamente el\u00e9ctrica- el desaf\u00edo es enfocar el desarrollo tecnol\u00f3gico, la innovaci\u00f3n y el mercado a uno enfocado en el bienestar personal y colectivo de nuestra sociedad. En Expo Fr\u00edo Calor Chile 2022, habr\u00e1 una jornada de charlas magistrales para abordar este tema, de la mano de profesionales que expondr\u00e1n sobre el panorama actual y los desaf\u00edos que nos convoca.<\/p>\n<p>&nbsp;<\/p>\n<h4>Congreso Chileno de Ventilaci\u00f3n<\/h4>\n<hr \/>\n<p>Sabemos que la calidad del aire interior en espacios cerrados, tanto para lugares p\u00fablicos como privados, resulta crucial para combatir la presencia de los virus, a trav\u00e9s de una adecuada ventilaci\u00f3n y filtraci\u00f3n del aire. De este tema se hablar\u00e1 en el 1er. Congreso Chileno de Ventilaci\u00f3n, tanto residencial como comercial e industrial, cuyo foco ser\u00e1 eficiencia energ\u00e9tica, calidad del aire interior, uso de energ\u00edas renovables y cuidado medio ambiental. Este congreso est\u00e1 dirigido a profesionales e industrias del \u00e1mbito de la ventilaci\u00f3n de los diversos rubros que la engloba como lo son la miner\u00eda, construcci\u00f3n, pesquera, alimenticia, farmac\u00e9utica, automotriz, retail, salud, etc.<\/p>\n<p>&nbsp;<\/p>\n<h4>Las mujeres y su mirada sustentable a la industria de la refrigeraci\u00f3n<\/h4>\n<hr \/>\n<p>Expo Fr\u00edo Calor Chile tendr\u00e1 un bloque liderado por mujeres de la industria para analizar la sustentabilidad en materia de refrigeraci\u00f3n, ya que seg\u00fan la ONU, los sistemas de enfriamiento sostenibles podr\u00edan reducir a\u00f1os de emisiones de gases de efecto invernadero y ahorrar billones de d\u00f3lares a las industrias solo combatiendo el cambio clim\u00e1tico a trav\u00e9s de la inyecci\u00f3n de tecnolog\u00eda a sus productos.<\/p>\n<p>&nbsp;<\/p>\n<h4>Refrigeraci\u00f3n para todas las industrias<\/h4>\n<hr \/>\n<p>Finalmente, habr\u00e1 un espacio para hablar de los desaf\u00edos en materia de refrigeraci\u00f3n, un mecanismo importante no s\u00f3lo para resguardar medicamentos, sino para mantener la calidad de una amplia gama de productos que se consumen a diario.<\/p>\n<p>Expo Fr\u00edo Calor Chile -organizado por la C\u00e1mara Chilena de Refrigeraci\u00f3n y Climatizaci\u00f3n (CChRyC) y Arma Productora- es una muy buena oportunidad de reencontrarse presencialmente con actores de la industria y su cadena de valor, sobre todo, en un rubro que est\u00e1 de la mano con los avances tecnol\u00f3gicos en pos de entregar productos y servicios de la calidad que el mercado exige actualmente.<\/p>\n<p>La cita es para los d\u00edas 29, 30 de junio y 1 de julio en Espacio Riesco, en un espacio de m\u00e1s de 2.000 m2 de stands, m\u00e1s de 5.500 m2 de exposici\u00f3n y la presencia de empresas de Argentina, Per\u00fa, M\u00e9xico, Brasil, Estados Unidos, Alemania, Italia, China, Jap\u00f3n, Espa\u00f1a, Turqu\u00eda, entre otros.<\/p>\n<p>M\u00e1s informaci\u00f3n en <a href=\"http:\/\/www.expofriocalorchile.com\">www.expofriocalorchile.com<\/a>.<\/p>\n<p>&nbsp;<\/p>\n<p><\/p>","protected":false},"excerpt":{"rendered":"<p>La pandemia dej\u00f3 en evidencia la necesidad de mejorar y monitorear de forma permanente la calidad de aire que circula en un recinto no solo para contribuir a la salud de las personas que habitan estos espacios, sino tambi\u00e9n para &hellip; <a class=\"more-link\" href=\"https:\/\/colegioarquitectos.com\/noticias\/?p=28692\">ver m\u00e1s<\/a><\/p>","protected":false},"author":4,"featured_media":28693,"comment_status":"closed","ping_status":"closed","sticky":false,"template":"","format":"standard","meta":{"footnotes":""},"categories":[3],"tags":[],"class_list":["post-28692","post","type-post","status-publish","format-standard","has-post-thumbnail","hentry","category-noticias"],"yoast_head":"<!-- This site is optimized with the Yoast SEO plugin v24.2 - https:\/\/yoast.com\/wordpress\/plugins\/seo\/ -->\n<title>Expo Fr\u00edo Calor Chile 2022: Marcando tendencia frente a la crisis clim\u00e1tica - COLEGIO DE ARQUITECTOS DE CHILE<\/title>\n<meta name=\"robots\" content=\"index, follow, max-snippet:-1, max-image-preview:large, max-video-preview:-1\" \/>\n<link rel=\"canonical\" href=\"https:\/\/colegioarquitectos.com\/noticias\/?p=28692\" \/>\n<meta property=\"og:locale\" content=\"es_ES\" \/>\n<meta property=\"og:type\" content=\"article\" \/>\n<meta property=\"og:title\" content=\"Expo Fr\u00edo Calor Chile 2022: Marcando tendencia frente a la crisis clim\u00e1tica - COLEGIO DE ARQUITECTOS DE CHILE\" \/>\n<meta property=\"og:description\" content=\"La pandemia dej\u00f3 en evidencia la necesidad de mejorar y monitorear de forma permanente la calidad de aire que circula en un recinto no solo para contribuir a la salud de las personas que habitan estos espacios, sino tambi\u00e9n para &hellip; ver m\u00e1s\" \/>\n<meta property=\"og:url\" content=\"https:\/\/colegioarquitectos.com\/noticias\/?p=28692\" \/>\n<meta property=\"og:site_name\" content=\"COLEGIO DE ARQUITECTOS DE CHILE\" \/>\n<meta property=\"article:publisher\" content=\"https:\/\/facebook.com\/Colegioarq\/\" \/>\n<meta property=\"article:published_time\" content=\"2022-06-08T14:49:10+00:00\" \/>\n<meta property=\"og:image\" content=\"https:\/\/colegioarquitectos.com\/noticias\/wp-content\/uploads\/2022\/06\/Nuevo-proyecto-10.jpg\" \/>\n\t<meta property=\"og:image:width\" content=\"1280\" \/>\n\t<meta property=\"og:image:height\" content=\"720\" \/>\n\t<meta property=\"og:image:type\" content=\"image\/jpeg\" \/>\n<meta name=\"author\" content=\"Colegio de Arquitectos de Chile\" \/>\n<meta name=\"twitter:card\" content=\"summary_large_image\" \/>\n<meta name=\"twitter:creator\" content=\"@colegioarq\" \/>\n<meta name=\"twitter:site\" content=\"@colegioarq\" \/>\n<meta name=\"twitter:label1\" content=\"Escrito por\" \/>\n\t<meta name=\"twitter:data1\" content=\"Colegio de Arquitectos de Chile\" \/>\n\t<meta name=\"twitter:label2\" content=\"Tiempo de lectura\" \/>\n\t<meta name=\"twitter:data2\" content=\"3 minutos\" \/>\n<script type=\"application\/ld+json\" class=\"yoast-schema-graph\">{\"@context\":\"https:\/\/schema.org\",\"@graph\":[{\"@type\":\"Article\",\"@id\":\"https:\/\/colegioarquitectos.com\/noticias\/?p=28692#article\",\"isPartOf\":{\"@id\":\"https:\/\/colegioarquitectos.com\/noticias\/?p=28692\"},\"author\":{\"name\":\"Colegio de Arquitectos de Chile\",\"@id\":\"https:\/\/colegioarquitectos.com\/noticias\/#\/schema\/person\/685cc0aad148303c5608f049af8285ad\"},\"headline\":\"Expo Fr\u00edo Calor Chile 2022: Marcando tendencia frente a la crisis clim\u00e1tica\",\"datePublished\":\"2022-06-08T14:49:10+00:00\",\"dateModified\":\"2022-06-08T14:49:10+00:00\",\"mainEntityOfPage\":{\"@id\":\"https:\/\/colegioarquitectos.com\/noticias\/?p=28692\"},\"wordCount\":652,\"publisher\":{\"@id\":\"https:\/\/colegioarquitectos.com\/noticias\/#organization\"},\"image\":{\"@id\":\"https:\/\/colegioarquitectos.com\/noticias\/?p=28692#primaryimage\"},\"thumbnailUrl\":\"https:\/\/colegioarquitectos.com\/noticias\/wp-content\/uploads\/2022\/06\/Nuevo-proyecto-10.jpg\",\"articleSection\":[\"Noticias\"],\"inLanguage\":\"es\"},{\"@type\":\"WebPage\",\"@id\":\"https:\/\/colegioarquitectos.com\/noticias\/?p=28692\",\"url\":\"https:\/\/colegioarquitectos.com\/noticias\/?p=28692\",\"name\":\"Expo Fr\u00edo Calor Chile 2022: Marcando tendencia frente a la crisis clim\u00e1tica - COLEGIO DE ARQUITECTOS DE CHILE\",\"isPartOf\":{\"@id\":\"https:\/\/colegioarquitectos.com\/noticias\/#website\"},\"primaryImageOfPage\":{\"@id\":\"https:\/\/colegioarquitectos.com\/noticias\/?p=28692#primaryimage\"},\"image\":{\"@id\":\"https:\/\/colegioarquitectos.com\/noticias\/?p=28692#primaryimage\"},\"thumbnailUrl\":\"https:\/\/colegioarquitectos.com\/noticias\/wp-content\/uploads\/2022\/06\/Nuevo-proyecto-10.jpg\",\"datePublished\":\"2022-06-08T14:49:10+00:00\",\"dateModified\":\"2022-06-08T14:49:10+00:00\",\"breadcrumb\":{\"@id\":\"https:\/\/colegioarquitectos.com\/noticias\/?p=28692#breadcrumb\"},\"inLanguage\":\"es\",\"potentialAction\":[{\"@type\":\"ReadAction\",\"target\":[\"https:\/\/colegioarquitectos.com\/noticias\/?p=28692\"]}]},{\"@type\":\"ImageObject\",\"inLanguage\":\"es\",\"@id\":\"https:\/\/colegioarquitectos.com\/noticias\/?p=28692#primaryimage\",\"url\":\"https:\/\/colegioarquitectos.com\/noticias\/wp-content\/uploads\/2022\/06\/Nuevo-proyecto-10.jpg\",\"contentUrl\":\"https:\/\/colegioarquitectos.com\/noticias\/wp-content\/uploads\/2022\/06\/Nuevo-proyecto-10.jpg\",\"width\":1280,\"height\":720},{\"@type\":\"BreadcrumbList\",\"@id\":\"https:\/\/colegioarquitectos.com\/noticias\/?p=28692#breadcrumb\",\"itemListElement\":[{\"@type\":\"ListItem\",\"position\":1,\"name\":\"Portada\",\"item\":\"https:\/\/colegioarquitectos.com\/noticias\"},{\"@type\":\"ListItem\",\"position\":2,\"name\":\"Expo Fr\u00edo Calor Chile 2022: Marcando tendencia frente a la crisis clim\u00e1tica\"}]},{\"@type\":\"WebSite\",\"@id\":\"https:\/\/colegioarquitectos.com\/noticias\/#website\",\"url\":\"https:\/\/colegioarquitectos.com\/noticias\/\",\"name\":\"COLEGIO DE ARQUITECTOS DE CHILE\",\"description\":\"\",\"publisher\":{\"@id\":\"https:\/\/colegioarquitectos.com\/noticias\/#organization\"},\"potentialAction\":[{\"@type\":\"SearchAction\",\"target\":{\"@type\":\"EntryPoint\",\"urlTemplate\":\"https:\/\/colegioarquitectos.com\/noticias\/?s={search_term_string}\"},\"query-input\":{\"@type\":\"PropertyValueSpecification\",\"valueRequired\":true,\"valueName\":\"search_term_string\"}}],\"inLanguage\":\"es\"},{\"@type\":\"Organization\",\"@id\":\"https:\/\/colegioarquitectos.com\/noticias\/#organization\",\"name\":\"COLEGIO DE ARQUITECTOS DE CHILE\",\"url\":\"https:\/\/colegioarquitectos.com\/noticias\/\",\"logo\":{\"@type\":\"ImageObject\",\"inLanguage\":\"es\",\"@id\":\"https:\/\/colegioarquitectos.com\/noticias\/#\/schema\/logo\/image\/\",\"url\":\"https:\/\/colegioarquitectos.com\/noticias\/wp-content\/uploads\/2021\/05\/ENCABEZADO-LOGO-CA.jpg\",\"contentUrl\":\"https:\/\/colegioarquitectos.com\/noticias\/wp-content\/uploads\/2021\/05\/ENCABEZADO-LOGO-CA.jpg\",\"width\":690,\"height\":350,\"caption\":\"COLEGIO DE ARQUITECTOS DE CHILE\"},\"image\":{\"@id\":\"https:\/\/colegioarquitectos.com\/noticias\/#\/schema\/logo\/image\/\"},\"sameAs\":[\"https:\/\/facebook.com\/Colegioarq\/\",\"https:\/\/x.com\/colegioarq\",\"https:\/\/instagram.com\/colegioarq\",\"https:\/\/youtube.com\/@ColegiodeArquitectosdeChile\"]},{\"@type\":\"Person\",\"@id\":\"https:\/\/colegioarquitectos.com\/noticias\/#\/schema\/person\/685cc0aad148303c5608f049af8285ad\",\"name\":\"Colegio de Arquitectos de Chile\",\"url\":\"https:\/\/colegioarquitectos.com\/noticias\/?author=4\"}]}<\/script>\n<!-- \/ Yoast SEO plugin. -->","yoast_head_json":{"title":"Expo Fr\u00edo Calor Chile 2022: Marcando tendencia frente a la crisis clim\u00e1tica - COLEGIO DE ARQUITECTOS DE CHILE","robots":{"index":"index","follow":"follow","max-snippet":"max-snippet:-1","max-image-preview":"max-image-preview:large","max-video-preview":"max-video-preview:-1"},"canonical":"https:\/\/colegioarquitectos.com\/noticias\/?p=28692","og_locale":"es_ES","og_type":"article","og_title":"Expo Fr\u00edo Calor Chile 2022: Marcando tendencia frente a la crisis clim\u00e1tica - COLEGIO DE ARQUITECTOS DE CHILE","og_description":"La pandemia dej\u00f3 en evidencia la necesidad de mejorar y monitorear de forma permanente la calidad de aire que circula en un recinto no solo para contribuir a la salud de las personas que habitan estos espacios, sino tambi\u00e9n para &hellip; ver m\u00e1s","og_url":"https:\/\/colegioarquitectos.com\/noticias\/?p=28692","og_site_name":"COLEGIO DE ARQUITECTOS DE CHILE","article_publisher":"https:\/\/facebook.com\/Colegioarq\/","article_published_time":"2022-06-08T14:49:10+00:00","og_image":[{"width":1280,"height":720,"url":"https:\/\/colegioarquitectos.com\/noticias\/wp-content\/uploads\/2022\/06\/Nuevo-proyecto-10.jpg","type":"image\/jpeg"}],"author":"Colegio de Arquitectos de Chile","twitter_card":"summary_large_image","twitter_creator":"@colegioarq","twitter_site":"@colegioarq","twitter_misc":{"Escrito por":"Colegio de Arquitectos de Chile","Tiempo de lectura":"3 minutos"},"schema":{"@context":"https:\/\/schema.org","@graph":[{"@type":"Article","@id":"https:\/\/colegioarquitectos.com\/noticias\/?p=28692#article","isPartOf":{"@id":"https:\/\/colegioarquitectos.com\/noticias\/?p=28692"},"author":{"name":"Colegio de Arquitectos de Chile","@id":"https:\/\/colegioarquitectos.com\/noticias\/#\/schema\/person\/685cc0aad148303c5608f049af8285ad"},"headline":"Expo Fr\u00edo Calor Chile 2022: Marcando tendencia frente a la crisis clim\u00e1tica","datePublished":"2022-06-08T14:49:10+00:00","dateModified":"2022-06-08T14:49:10+00:00","mainEntityOfPage":{"@id":"https:\/\/colegioarquitectos.com\/noticias\/?p=28692"},"wordCount":652,"publisher":{"@id":"https:\/\/colegioarquitectos.com\/noticias\/#organization"},"image":{"@id":"https:\/\/colegioarquitectos.com\/noticias\/?p=28692#primaryimage"},"thumbnailUrl":"https:\/\/colegioarquitectos.com\/noticias\/wp-content\/uploads\/2022\/06\/Nuevo-proyecto-10.jpg","articleSection":["Noticias"],"inLanguage":"es"},{"@type":"WebPage","@id":"https:\/\/colegioarquitectos.com\/noticias\/?p=28692","url":"https:\/\/colegioarquitectos.com\/noticias\/?p=28692","name":"Expo Fr\u00edo Calor Chile 2022: Marcando tendencia frente a la crisis clim\u00e1tica - COLEGIO DE ARQUITECTOS DE CHILE","isPartOf":{"@id":"https:\/\/colegioarquitectos.com\/noticias\/#website"},"primaryImageOfPage":{"@id":"https:\/\/colegioarquitectos.com\/noticias\/?p=28692#primaryimage"},"image":{"@id":"https:\/\/colegioarquitectos.com\/noticias\/?p=28692#primaryimage"},"thumbnailUrl":"https:\/\/colegioarquitectos.com\/noticias\/wp-content\/uploads\/2022\/06\/Nuevo-proyecto-10.jpg","datePublished":"2022-06-08T14:49:10+00:00","dateModified":"2022-06-08T14:49:10+00:00","breadcrumb":{"@id":"https:\/\/colegioarquitectos.com\/noticias\/?p=28692#breadcrumb"},"inLanguage":"es","potentialAction":[{"@type":"ReadAction","target":["https:\/\/colegioarquitectos.com\/noticias\/?p=28692"]}]},{"@type":"ImageObject","inLanguage":"es","@id":"https:\/\/colegioarquitectos.com\/noticias\/?p=28692#primaryimage","url":"https:\/\/colegioarquitectos.com\/noticias\/wp-content\/uploads\/2022\/06\/Nuevo-proyecto-10.jpg","contentUrl":"https:\/\/colegioarquitectos.com\/noticias\/wp-content\/uploads\/2022\/06\/Nuevo-proyecto-10.jpg","width":1280,"height":720},{"@type":"BreadcrumbList","@id":"https:\/\/colegioarquitectos.com\/noticias\/?p=28692#breadcrumb","itemListElement":[{"@type":"ListItem","position":1,"name":"Portada","item":"https:\/\/colegioarquitectos.com\/noticias"},{"@type":"ListItem","position":2,"name":"Expo Fr\u00edo Calor Chile 2022: Marcando tendencia frente a la crisis clim\u00e1tica"}]},{"@type":"WebSite","@id":"https:\/\/colegioarquitectos.com\/noticias\/#website","url":"https:\/\/colegioarquitectos.com\/noticias\/","name":"COLEGIO DE ARQUITECTOS DE CHILE","description":"","publisher":{"@id":"https:\/\/colegioarquitectos.com\/noticias\/#organization"},"potentialAction":[{"@type":"SearchAction","target":{"@type":"EntryPoint","urlTemplate":"https:\/\/colegioarquitectos.com\/noticias\/?s={search_term_string}"},"query-input":{"@type":"PropertyValueSpecification","valueRequired":true,"valueName":"search_term_string"}}],"inLanguage":"es"},{"@type":"Organization","@id":"https:\/\/colegioarquitectos.com\/noticias\/#organization","name":"COLEGIO DE ARQUITECTOS DE CHILE","url":"https:\/\/colegioarquitectos.com\/noticias\/","logo":{"@type":"ImageObject","inLanguage":"es","@id":"https:\/\/colegioarquitectos.com\/noticias\/#\/schema\/logo\/image\/","url":"https:\/\/colegioarquitectos.com\/noticias\/wp-content\/uploads\/2021\/05\/ENCABEZADO-LOGO-CA.jpg","contentUrl":"https:\/\/colegioarquitectos.com\/noticias\/wp-content\/uploads\/2021\/05\/ENCABEZADO-LOGO-CA.jpg","width":690,"height":350,"caption":"COLEGIO DE ARQUITECTOS DE CHILE"},"image":{"@id":"https:\/\/colegioarquitectos.com\/noticias\/#\/schema\/logo\/image\/"},"sameAs":["https:\/\/facebook.com\/Colegioarq\/","https:\/\/x.com\/colegioarq","https:\/\/instagram.com\/colegioarq","https:\/\/youtube.com\/@ColegiodeArquitectosdeChile"]},{"@type":"Person","@id":"https:\/\/colegioarquitectos.com\/noticias\/#\/schema\/person\/685cc0aad148303c5608f049af8285ad","name":"Colegio de Arquitectos de Chile","url":"https:\/\/colegioarquitectos.com\/noticias\/?author=4"}]}},"_links":{"self":[{"href":"https:\/\/colegioarquitectos.com\/noticias\/index.php?rest_route=\/wp\/v2\/posts\/28692","targetHints":{"allow":["GET"]}}],"collection":[{"href":"https:\/\/colegioarquitectos.com\/noticias\/index.php?rest_route=\/wp\/v2\/posts"}],"about":[{"href":"https:\/\/colegioarquitectos.com\/noticias\/index.php?rest_route=\/wp\/v2\/types\/post"}],"author":[{"embeddable":true,"href":"https:\/\/colegioarquitectos.com\/noticias\/index.php?rest_route=\/wp\/v2\/users\/4"}],"replies":[{"embeddable":true,"href":"https:\/\/colegioarquitectos.com\/noticias\/index.php?rest_route=%2Fwp%2Fv2%2Fcomments&post=28692"}],"version-history":[{"count":0,"href":"https:\/\/colegioarquitectos.com\/noticias\/index.php?rest_route=\/wp\/v2\/posts\/28692\/revisions"}],"wp:featuredmedia":[{"embeddable":true,"href":"https:\/\/colegioarquitectos.com\/noticias\/index.php?rest_route=\/wp\/v2\/media\/28693"}],"wp:attachment":[{"href":"https:\/\/colegioarquitectos.com\/noticias\/index.php?rest_route=%2Fwp%2Fv2%2Fmedia&parent=28692"}],"wp:term":[{"taxonomy":"category","embeddable":true,"href":"https:\/\/colegioarquitectos.com\/noticias\/index.php?rest_route=%2Fwp%2Fv2%2Fcategories&post=28692"},{"taxonomy":"post_tag","embeddable":true,"href":"https:\/\/colegioarquitectos.com\/noticias\/index.php?rest_route=%2Fwp%2Fv2%2Ftags&post=28692"}],"curies":[{"name":"wp","href":"https:\/\/api.w.org\/{rel}","templated":true}]}}