
{"id":28705,"date":"2022-06-10T13:57:46","date_gmt":"2022-06-10T17:57:46","guid":{"rendered":"https:\/\/colegioarquitectos.com\/?p=28705"},"modified":"2022-06-10T13:57:46","modified_gmt":"2022-06-10T17:57:46","slug":"conversatorios-green-together","status":"publish","type":"post","link":"https:\/\/colegioarquitectos.com\/noticias\/?p=28705","title":{"rendered":"Conversatorios &#8211; \u00abGreen Together\u00bb"},"content":{"rendered":"<p>En el marco de la exposici\u00f3n <a href=\"https:\/\/gam.cl\/exposiciones\/green-together\/\"><strong>\u00abGreen Together\u00bb<\/strong><\/a>, que se puede visitar en el <strong>Edificio A, piso 3, BiblioGAM<\/strong>, el <strong>Centro GAM<\/strong> junto a la <strong>Embajada del Reino de Dinamarca en Chile<\/strong>, desarrollar\u00e1n adem\u00e1s <strong>dos conversatorios en formato h\u00edbrido (digital y presencial)<\/strong> que abordar\u00e1n dos interesantes tem\u00e1ticas. Ambos ser\u00e1n gratuitos y contar\u00e1n con la participaci\u00f3n de expertos de Dinamarca y Chile.<\/p>\n<p>&nbsp;<\/p>\n<h4>CONVERSATORIO 1<\/h4>\n<h4>Arquitectura sustentable: generando valor humano y social<\/h4>\n<h4>Mi 15 Jun \u2014 11 h. Sala C1 (edificio B, piso \u20141)<\/h4>\n<hr \/>\n<p>Dinamarca tiene hoy registradas 37 diferentes formas de familia, lo que crea nuevos desaf\u00edos al momento de construir y si adem\u00e1s se considera que entre el 30 y el 40% de las emisiones de CO2 las crea el sector de construcci\u00f3n, aparecen desaf\u00edos clim\u00e1ticos y sociales que llaman a cambiar radicalmente nuestra forma de construir, con el debido respeto por la geograf\u00eda, identidad y demograf\u00eda.<\/p>\n<p>Participar\u00e1n en este encuentro, <strong>Johannes Molander<\/strong>, arquitecto dan\u00e9s fundador de Nord Architects en Dinamarca; la arquitecta activista <strong>Rikke Rohn<\/strong>, directora de Demokratiskolen; <strong>Soledad D\u00edaz<\/strong>, directora de Fundaci\u00f3n Aldea; <strong>Nicol\u00e1s Valenzuela<\/strong>, arquitecto e investigador. Modera, <strong>Felipe Mella<\/strong>,. Director Ejecutivo GAM<\/p>\n<p>&nbsp;<\/p>\n<h4>CONVERSATORIO 2 (Digital)<\/h4>\n<h4>Artes y sustentabilidad<\/h4>\n<h4>Ma 21 Jun \u2014 11 h. Youtube\/GAM<\/h4>\n<hr \/>\n<p>Un espacio de conversaci\u00f3n para hablar sobre c\u00f3mo hacer que las artes esc\u00e9nicas jueguen un rol de liderazgo en el cambio cultural necesario para enfrentar los desaf\u00edos ambientales. Contaremos con un representante de la Agencia de Cultura de Dinamarca, para que comparta las medidas que se est\u00e1n tomando en ese pa\u00eds para aumentar los aspectos de sustentabilidad en todos los proyectos art\u00edsticos que apoyan econ\u00f3micamente. Tambi\u00e9n nos acompa\u00f1ar\u00e1 la artista <strong>Gry Worre<\/strong> fundadora y directora art\u00edstica del premiado grupo dan\u00e9s de actuaci\u00f3n y movimiento Sisters Hope. A ellos se sumar\u00e1n dos expertos chilenos.<\/p>\n<p>&nbsp;<\/p>\n<h4>Inscripciones<\/h4>\n<hr \/>\n<p>Puedes inscribirte en los conversatorios \u00abGreen Together\u00bb <a href=\"https:\/\/docs.google.com\/forms\/d\/e\/1FAIpQLSdUYgRiP-_GHt07w7o-rEzyypWjGreWIIobzuxoL4WS998aig\/viewform\">ac\u00e1<\/a>.<\/p>\n<p>&nbsp;<\/p>\n<p>&nbsp;<\/p>\n<h5>* El ingreso a la sala requiere Pase de movilidad.<\/h5>\n<h5>* El uso de mascarilla es obligatorio en todo momento.<\/h5>\n<p><\/p>","protected":false},"excerpt":{"rendered":"<p>En el marco de la exposici\u00f3n \u00abGreen Together\u00bb, que se puede visitar en el Edificio A, piso 3, BiblioGAM, el Centro GAM junto a la Embajada del Reino de Dinamarca en Chile, desarrollar\u00e1n adem\u00e1s dos conversatorios en formato h\u00edbrido (digital &hellip; <a class=\"more-link\" href=\"https:\/\/colegioarquitectos.com\/noticias\/?p=28705\">ver m\u00e1s<\/a><\/p>","protected":false},"author":4,"featured_media":28709,"comment_status":"closed","ping_status":"closed","sticky":false,"template":"","format":"standard","meta":{"footnotes":""},"categories":[19],"tags":[],"class_list":["post-28705","post","type-post","status-publish","format-standard","has-post-thumbnail","hentry","category-actividades"],"yoast_head":"<!-- This site is optimized with the Yoast SEO plugin v24.2 - https:\/\/yoast.com\/wordpress\/plugins\/seo\/ -->\n<title>Conversatorios - \u00abGreen Together\u00bb - COLEGIO DE ARQUITECTOS DE CHILE<\/title>\n<meta name=\"robots\" content=\"index, follow, max-snippet:-1, max-image-preview:large, max-video-preview:-1\" \/>\n<link rel=\"canonical\" href=\"https:\/\/colegioarquitectos.com\/noticias\/?p=28705\" \/>\n<meta property=\"og:locale\" content=\"es_ES\" \/>\n<meta property=\"og:type\" content=\"article\" \/>\n<meta property=\"og:title\" content=\"Conversatorios - \u00abGreen Together\u00bb - COLEGIO DE ARQUITECTOS DE CHILE\" \/>\n<meta property=\"og:description\" content=\"En el marco de la exposici\u00f3n \u00abGreen Together\u00bb, que se puede visitar en el Edificio A, piso 3, BiblioGAM, el Centro GAM junto a la Embajada del Reino de Dinamarca en Chile, desarrollar\u00e1n adem\u00e1s dos conversatorios en formato h\u00edbrido (digital &hellip; ver m\u00e1s\" \/>\n<meta property=\"og:url\" content=\"https:\/\/colegioarquitectos.com\/noticias\/?p=28705\" \/>\n<meta property=\"og:site_name\" content=\"COLEGIO DE ARQUITECTOS DE CHILE\" \/>\n<meta property=\"article:publisher\" content=\"https:\/\/facebook.com\/Colegioarq\/\" \/>\n<meta property=\"article:published_time\" content=\"2022-06-10T17:57:46+00:00\" \/>\n<meta property=\"og:image\" content=\"https:\/\/colegioarquitectos.com\/noticias\/wp-content\/uploads\/2022\/06\/Nuevo-proyecto-16.jpg\" \/>\n\t<meta property=\"og:image:width\" content=\"1280\" \/>\n\t<meta property=\"og:image:height\" content=\"720\" \/>\n\t<meta property=\"og:image:type\" content=\"image\/jpeg\" \/>\n<meta name=\"author\" content=\"Colegio de Arquitectos de Chile\" \/>\n<meta name=\"twitter:card\" content=\"summary_large_image\" \/>\n<meta name=\"twitter:creator\" content=\"@colegioarq\" \/>\n<meta name=\"twitter:site\" content=\"@colegioarq\" \/>\n<meta name=\"twitter:label1\" content=\"Escrito por\" \/>\n\t<meta name=\"twitter:data1\" content=\"Colegio de Arquitectos de Chile\" \/>\n\t<meta name=\"twitter:label2\" content=\"Tiempo de lectura\" \/>\n\t<meta name=\"twitter:data2\" content=\"2 minutos\" \/>\n<script type=\"application\/ld+json\" class=\"yoast-schema-graph\">{\"@context\":\"https:\/\/schema.org\",\"@graph\":[{\"@type\":\"Article\",\"@id\":\"https:\/\/colegioarquitectos.com\/noticias\/?p=28705#article\",\"isPartOf\":{\"@id\":\"https:\/\/colegioarquitectos.com\/noticias\/?p=28705\"},\"author\":{\"name\":\"Colegio de Arquitectos de Chile\",\"@id\":\"https:\/\/colegioarquitectos.com\/noticias\/#\/schema\/person\/685cc0aad148303c5608f049af8285ad\"},\"headline\":\"Conversatorios &#8211; \u00abGreen Together\u00bb\",\"datePublished\":\"2022-06-10T17:57:46+00:00\",\"dateModified\":\"2022-06-10T17:57:46+00:00\",\"mainEntityOfPage\":{\"@id\":\"https:\/\/colegioarquitectos.com\/noticias\/?p=28705\"},\"wordCount\":351,\"publisher\":{\"@id\":\"https:\/\/colegioarquitectos.com\/noticias\/#organization\"},\"image\":{\"@id\":\"https:\/\/colegioarquitectos.com\/noticias\/?p=28705#primaryimage\"},\"thumbnailUrl\":\"https:\/\/colegioarquitectos.com\/noticias\/wp-content\/uploads\/2022\/06\/Nuevo-proyecto-16.jpg\",\"articleSection\":[\"Actividades\"],\"inLanguage\":\"es\"},{\"@type\":\"WebPage\",\"@id\":\"https:\/\/colegioarquitectos.com\/noticias\/?p=28705\",\"url\":\"https:\/\/colegioarquitectos.com\/noticias\/?p=28705\",\"name\":\"Conversatorios - \u00abGreen Together\u00bb - COLEGIO DE ARQUITECTOS DE CHILE\",\"isPartOf\":{\"@id\":\"https:\/\/colegioarquitectos.com\/noticias\/#website\"},\"primaryImageOfPage\":{\"@id\":\"https:\/\/colegioarquitectos.com\/noticias\/?p=28705#primaryimage\"},\"image\":{\"@id\":\"https:\/\/colegioarquitectos.com\/noticias\/?p=28705#primaryimage\"},\"thumbnailUrl\":\"https:\/\/colegioarquitectos.com\/noticias\/wp-content\/uploads\/2022\/06\/Nuevo-proyecto-16.jpg\",\"datePublished\":\"2022-06-10T17:57:46+00:00\",\"dateModified\":\"2022-06-10T17:57:46+00:00\",\"breadcrumb\":{\"@id\":\"https:\/\/colegioarquitectos.com\/noticias\/?p=28705#breadcrumb\"},\"inLanguage\":\"es\",\"potentialAction\":[{\"@type\":\"ReadAction\",\"target\":[\"https:\/\/colegioarquitectos.com\/noticias\/?p=28705\"]}]},{\"@type\":\"ImageObject\",\"inLanguage\":\"es\",\"@id\":\"https:\/\/colegioarquitectos.com\/noticias\/?p=28705#primaryimage\",\"url\":\"https:\/\/colegioarquitectos.com\/noticias\/wp-content\/uploads\/2022\/06\/Nuevo-proyecto-16.jpg\",\"contentUrl\":\"https:\/\/colegioarquitectos.com\/noticias\/wp-content\/uploads\/2022\/06\/Nuevo-proyecto-16.jpg\",\"width\":1280,\"height\":720},{\"@type\":\"BreadcrumbList\",\"@id\":\"https:\/\/colegioarquitectos.com\/noticias\/?p=28705#breadcrumb\",\"itemListElement\":[{\"@type\":\"ListItem\",\"position\":1,\"name\":\"Portada\",\"item\":\"https:\/\/colegioarquitectos.com\/noticias\"},{\"@type\":\"ListItem\",\"position\":2,\"name\":\"Conversatorios &#8211; \u00abGreen Together\u00bb\"}]},{\"@type\":\"WebSite\",\"@id\":\"https:\/\/colegioarquitectos.com\/noticias\/#website\",\"url\":\"https:\/\/colegioarquitectos.com\/noticias\/\",\"name\":\"COLEGIO DE ARQUITECTOS DE CHILE\",\"description\":\"\",\"publisher\":{\"@id\":\"https:\/\/colegioarquitectos.com\/noticias\/#organization\"},\"potentialAction\":[{\"@type\":\"SearchAction\",\"target\":{\"@type\":\"EntryPoint\",\"urlTemplate\":\"https:\/\/colegioarquitectos.com\/noticias\/?s={search_term_string}\"},\"query-input\":{\"@type\":\"PropertyValueSpecification\",\"valueRequired\":true,\"valueName\":\"search_term_string\"}}],\"inLanguage\":\"es\"},{\"@type\":\"Organization\",\"@id\":\"https:\/\/colegioarquitectos.com\/noticias\/#organization\",\"name\":\"COLEGIO DE ARQUITECTOS DE CHILE\",\"url\":\"https:\/\/colegioarquitectos.com\/noticias\/\",\"logo\":{\"@type\":\"ImageObject\",\"inLanguage\":\"es\",\"@id\":\"https:\/\/colegioarquitectos.com\/noticias\/#\/schema\/logo\/image\/\",\"url\":\"https:\/\/colegioarquitectos.com\/noticias\/wp-content\/uploads\/2021\/05\/ENCABEZADO-LOGO-CA.jpg\",\"contentUrl\":\"https:\/\/colegioarquitectos.com\/noticias\/wp-content\/uploads\/2021\/05\/ENCABEZADO-LOGO-CA.jpg\",\"width\":690,\"height\":350,\"caption\":\"COLEGIO DE ARQUITECTOS DE CHILE\"},\"image\":{\"@id\":\"https:\/\/colegioarquitectos.com\/noticias\/#\/schema\/logo\/image\/\"},\"sameAs\":[\"https:\/\/facebook.com\/Colegioarq\/\",\"https:\/\/x.com\/colegioarq\",\"https:\/\/instagram.com\/colegioarq\",\"https:\/\/youtube.com\/@ColegiodeArquitectosdeChile\"]},{\"@type\":\"Person\",\"@id\":\"https:\/\/colegioarquitectos.com\/noticias\/#\/schema\/person\/685cc0aad148303c5608f049af8285ad\",\"name\":\"Colegio de Arquitectos de Chile\",\"url\":\"https:\/\/colegioarquitectos.com\/noticias\/?author=4\"}]}<\/script>\n<!-- \/ Yoast SEO plugin. -->","yoast_head_json":{"title":"Conversatorios - \u00abGreen Together\u00bb - COLEGIO DE ARQUITECTOS DE CHILE","robots":{"index":"index","follow":"follow","max-snippet":"max-snippet:-1","max-image-preview":"max-image-preview:large","max-video-preview":"max-video-preview:-1"},"canonical":"https:\/\/colegioarquitectos.com\/noticias\/?p=28705","og_locale":"es_ES","og_type":"article","og_title":"Conversatorios - \u00abGreen Together\u00bb - COLEGIO DE ARQUITECTOS DE CHILE","og_description":"En el marco de la exposici\u00f3n \u00abGreen Together\u00bb, que se puede visitar en el Edificio A, piso 3, BiblioGAM, el Centro GAM junto a la Embajada del Reino de Dinamarca en Chile, desarrollar\u00e1n adem\u00e1s dos conversatorios en formato h\u00edbrido (digital &hellip; ver m\u00e1s","og_url":"https:\/\/colegioarquitectos.com\/noticias\/?p=28705","og_site_name":"COLEGIO DE ARQUITECTOS DE CHILE","article_publisher":"https:\/\/facebook.com\/Colegioarq\/","article_published_time":"2022-06-10T17:57:46+00:00","og_image":[{"width":1280,"height":720,"url":"https:\/\/colegioarquitectos.com\/noticias\/wp-content\/uploads\/2022\/06\/Nuevo-proyecto-16.jpg","type":"image\/jpeg"}],"author":"Colegio de Arquitectos de Chile","twitter_card":"summary_large_image","twitter_creator":"@colegioarq","twitter_site":"@colegioarq","twitter_misc":{"Escrito por":"Colegio de Arquitectos de Chile","Tiempo de lectura":"2 minutos"},"schema":{"@context":"https:\/\/schema.org","@graph":[{"@type":"Article","@id":"https:\/\/colegioarquitectos.com\/noticias\/?p=28705#article","isPartOf":{"@id":"https:\/\/colegioarquitectos.com\/noticias\/?p=28705"},"author":{"name":"Colegio de Arquitectos de Chile","@id":"https:\/\/colegioarquitectos.com\/noticias\/#\/schema\/person\/685cc0aad148303c5608f049af8285ad"},"headline":"Conversatorios &#8211; \u00abGreen Together\u00bb","datePublished":"2022-06-10T17:57:46+00:00","dateModified":"2022-06-10T17:57:46+00:00","mainEntityOfPage":{"@id":"https:\/\/colegioarquitectos.com\/noticias\/?p=28705"},"wordCount":351,"publisher":{"@id":"https:\/\/colegioarquitectos.com\/noticias\/#organization"},"image":{"@id":"https:\/\/colegioarquitectos.com\/noticias\/?p=28705#primaryimage"},"thumbnailUrl":"https:\/\/colegioarquitectos.com\/noticias\/wp-content\/uploads\/2022\/06\/Nuevo-proyecto-16.jpg","articleSection":["Actividades"],"inLanguage":"es"},{"@type":"WebPage","@id":"https:\/\/colegioarquitectos.com\/noticias\/?p=28705","url":"https:\/\/colegioarquitectos.com\/noticias\/?p=28705","name":"Conversatorios - \u00abGreen Together\u00bb - COLEGIO DE ARQUITECTOS DE CHILE","isPartOf":{"@id":"https:\/\/colegioarquitectos.com\/noticias\/#website"},"primaryImageOfPage":{"@id":"https:\/\/colegioarquitectos.com\/noticias\/?p=28705#primaryimage"},"image":{"@id":"https:\/\/colegioarquitectos.com\/noticias\/?p=28705#primaryimage"},"thumbnailUrl":"https:\/\/colegioarquitectos.com\/noticias\/wp-content\/uploads\/2022\/06\/Nuevo-proyecto-16.jpg","datePublished":"2022-06-10T17:57:46+00:00","dateModified":"2022-06-10T17:57:46+00:00","breadcrumb":{"@id":"https:\/\/colegioarquitectos.com\/noticias\/?p=28705#breadcrumb"},"inLanguage":"es","potentialAction":[{"@type":"ReadAction","target":["https:\/\/colegioarquitectos.com\/noticias\/?p=28705"]}]},{"@type":"ImageObject","inLanguage":"es","@id":"https:\/\/colegioarquitectos.com\/noticias\/?p=28705#primaryimage","url":"https:\/\/colegioarquitectos.com\/noticias\/wp-content\/uploads\/2022\/06\/Nuevo-proyecto-16.jpg","contentUrl":"https:\/\/colegioarquitectos.com\/noticias\/wp-content\/uploads\/2022\/06\/Nuevo-proyecto-16.jpg","width":1280,"height":720},{"@type":"BreadcrumbList","@id":"https:\/\/colegioarquitectos.com\/noticias\/?p=28705#breadcrumb","itemListElement":[{"@type":"ListItem","position":1,"name":"Portada","item":"https:\/\/colegioarquitectos.com\/noticias"},{"@type":"ListItem","position":2,"name":"Conversatorios &#8211; \u00abGreen Together\u00bb"}]},{"@type":"WebSite","@id":"https:\/\/colegioarquitectos.com\/noticias\/#website","url":"https:\/\/colegioarquitectos.com\/noticias\/","name":"COLEGIO DE ARQUITECTOS DE CHILE","description":"","publisher":{"@id":"https:\/\/colegioarquitectos.com\/noticias\/#organization"},"potentialAction":[{"@type":"SearchAction","target":{"@type":"EntryPoint","urlTemplate":"https:\/\/colegioarquitectos.com\/noticias\/?s={search_term_string}"},"query-input":{"@type":"PropertyValueSpecification","valueRequired":true,"valueName":"search_term_string"}}],"inLanguage":"es"},{"@type":"Organization","@id":"https:\/\/colegioarquitectos.com\/noticias\/#organization","name":"COLEGIO DE ARQUITECTOS DE CHILE","url":"https:\/\/colegioarquitectos.com\/noticias\/","logo":{"@type":"ImageObject","inLanguage":"es","@id":"https:\/\/colegioarquitectos.com\/noticias\/#\/schema\/logo\/image\/","url":"https:\/\/colegioarquitectos.com\/noticias\/wp-content\/uploads\/2021\/05\/ENCABEZADO-LOGO-CA.jpg","contentUrl":"https:\/\/colegioarquitectos.com\/noticias\/wp-content\/uploads\/2021\/05\/ENCABEZADO-LOGO-CA.jpg","width":690,"height":350,"caption":"COLEGIO DE ARQUITECTOS DE CHILE"},"image":{"@id":"https:\/\/colegioarquitectos.com\/noticias\/#\/schema\/logo\/image\/"},"sameAs":["https:\/\/facebook.com\/Colegioarq\/","https:\/\/x.com\/colegioarq","https:\/\/instagram.com\/colegioarq","https:\/\/youtube.com\/@ColegiodeArquitectosdeChile"]},{"@type":"Person","@id":"https:\/\/colegioarquitectos.com\/noticias\/#\/schema\/person\/685cc0aad148303c5608f049af8285ad","name":"Colegio de Arquitectos de Chile","url":"https:\/\/colegioarquitectos.com\/noticias\/?author=4"}]}},"_links":{"self":[{"href":"https:\/\/colegioarquitectos.com\/noticias\/index.php?rest_route=\/wp\/v2\/posts\/28705","targetHints":{"allow":["GET"]}}],"collection":[{"href":"https:\/\/colegioarquitectos.com\/noticias\/index.php?rest_route=\/wp\/v2\/posts"}],"about":[{"href":"https:\/\/colegioarquitectos.com\/noticias\/index.php?rest_route=\/wp\/v2\/types\/post"}],"author":[{"embeddable":true,"href":"https:\/\/colegioarquitectos.com\/noticias\/index.php?rest_route=\/wp\/v2\/users\/4"}],"replies":[{"embeddable":true,"href":"https:\/\/colegioarquitectos.com\/noticias\/index.php?rest_route=%2Fwp%2Fv2%2Fcomments&post=28705"}],"version-history":[{"count":0,"href":"https:\/\/colegioarquitectos.com\/noticias\/index.php?rest_route=\/wp\/v2\/posts\/28705\/revisions"}],"wp:featuredmedia":[{"embeddable":true,"href":"https:\/\/colegioarquitectos.com\/noticias\/index.php?rest_route=\/wp\/v2\/media\/28709"}],"wp:attachment":[{"href":"https:\/\/colegioarquitectos.com\/noticias\/index.php?rest_route=%2Fwp%2Fv2%2Fmedia&parent=28705"}],"wp:term":[{"taxonomy":"category","embeddable":true,"href":"https:\/\/colegioarquitectos.com\/noticias\/index.php?rest_route=%2Fwp%2Fv2%2Fcategories&post=28705"},{"taxonomy":"post_tag","embeddable":true,"href":"https:\/\/colegioarquitectos.com\/noticias\/index.php?rest_route=%2Fwp%2Fv2%2Ftags&post=28705"}],"curies":[{"name":"wp","href":"https:\/\/api.w.org\/{rel}","templated":true}]}}