
{"id":28845,"date":"2022-07-13T10:59:01","date_gmt":"2022-07-13T14:59:01","guid":{"rendered":"https:\/\/colegioarquitectos.com\/?p=28845"},"modified":"2022-07-13T10:59:01","modified_gmt":"2022-07-13T14:59:01","slug":"delegacion-zonal-maule-se-reune-con-el-nuevo-seremi-de-vivienda-y-urbanismo-de-la-region-del-maule","status":"publish","type":"post","link":"https:\/\/colegioarquitectos.com\/noticias\/?p=28845","title":{"rendered":"Delegaci\u00f3n Zonal Maule se re\u00fane con el nuevo seremi de Vivienda y Urbanismo de la Regi\u00f3n del Maule"},"content":{"rendered":"<p>La Mesa Directiva de la <strong>Delegaci\u00f3n Zonal Maule<\/strong> del <strong>Colegio de Arquitectos de Chile<\/strong> se reuni\u00f3 con el nuevo <strong>Secretario Regional Ministerial de Vivienda y Urbanismo de la Regi\u00f3n del Maule<\/strong>, <strong>Rodrigo Hern\u00e1ndez<\/strong>.<\/p>\n<p><img loading=\"lazy\" decoding=\"async\" class=\"aligncenter size-full wp-image-28847\" src=\"https:\/\/colegioarquitectos.com\/noticias\/wp-content\/uploads\/2022\/07\/DSC02820-1.jpg\" alt=\"\" width=\"6000\" height=\"4000\" srcset=\"https:\/\/colegioarquitectos.com\/noticias\/wp-content\/uploads\/2022\/07\/DSC02820-1.jpg 6000w, https:\/\/colegioarquitectos.com\/noticias\/wp-content\/uploads\/2022\/07\/DSC02820-1-300x200.jpg 300w, https:\/\/colegioarquitectos.com\/noticias\/wp-content\/uploads\/2022\/07\/DSC02820-1-768x512.jpg 768w, https:\/\/colegioarquitectos.com\/noticias\/wp-content\/uploads\/2022\/07\/DSC02820-1-1024x683.jpg 1024w\" sizes=\"auto, (max-width: 6000px) 100vw, 6000px\" \/><\/p>\n<p>En una reuni\u00f3n cordial y franca, conversaron sobre los <strong>desaf\u00edos que deben enfrentar como instituciones y como regi\u00f3n<\/strong>; adem\u00e1s de los <strong>puntos de encuentro a trav\u00e9s de las iniciativas de desarrollo comunal y regional, tanto p\u00fablicos como privados<\/strong>.<\/p>\n<p>Por \u00faltimo, se acord\u00f3 sostener una <strong>comunicaci\u00f3n constante y colaborativa entre ambas entidades<\/strong>.<\/p>\n<p><img loading=\"lazy\" decoding=\"async\" class=\"aligncenter size-full wp-image-28848\" src=\"https:\/\/colegioarquitectos.com\/noticias\/wp-content\/uploads\/2022\/07\/DSC02810-1.jpg\" alt=\"\" width=\"6000\" height=\"4000\" srcset=\"https:\/\/colegioarquitectos.com\/noticias\/wp-content\/uploads\/2022\/07\/DSC02810-1.jpg 6000w, https:\/\/colegioarquitectos.com\/noticias\/wp-content\/uploads\/2022\/07\/DSC02810-1-300x200.jpg 300w, https:\/\/colegioarquitectos.com\/noticias\/wp-content\/uploads\/2022\/07\/DSC02810-1-768x512.jpg 768w, https:\/\/colegioarquitectos.com\/noticias\/wp-content\/uploads\/2022\/07\/DSC02810-1-1024x683.jpg 1024w\" sizes=\"auto, (max-width: 6000px) 100vw, 6000px\" \/><\/p>\n<p><strong>Rodrigo Hern\u00e1ndez (33)<\/strong>, es abogado por la Universidad de Talca y ha estado de manera permanente vinculado a temas de vivienda y urbanismo. Fue director regional y director del \u00e1rea jur\u00eddica nacional de la Fundaci\u00f3n Urbanismo Social, profesor de derecho urban\u00edstico en el diplomado del mismo nombre en la Universidad de Talca, particip\u00f3 en las discusiones de tramitaciones de las leyes de Copropiedad Inmobiliaria e Integraci\u00f3n Social en la Comisi\u00f3n de Vivienda del Senado y en el grupo de trabajo sobre Vivienda, Urbanismo y Constituci\u00f3n del Consejo Nacional de Desarrollo Urbano (CNDU).<\/p>\n<p>&nbsp;<\/p>\n<p><\/p>","protected":false},"excerpt":{"rendered":"<p>La Mesa Directiva de la Delegaci\u00f3n Zonal Maule del Colegio de Arquitectos de Chile se reuni\u00f3 con el nuevo Secretario Regional Ministerial de Vivienda y Urbanismo de la Regi\u00f3n del Maule, Rodrigo Hern\u00e1ndez. En una reuni\u00f3n cordial y franca, conversaron &hellip; <a class=\"more-link\" href=\"https:\/\/colegioarquitectos.com\/noticias\/?p=28845\">ver m\u00e1s<\/a><\/p>","protected":false},"author":4,"featured_media":28846,"comment_status":"closed","ping_status":"closed","sticky":false,"template":"","format":"standard","meta":{"footnotes":""},"categories":[10],"tags":[],"class_list":["post-28845","post","type-post","status-publish","format-standard","has-post-thumbnail","hentry","category-delegaciones-zonales"],"yoast_head":"<!-- This site is optimized with the Yoast SEO plugin v24.2 - https:\/\/yoast.com\/wordpress\/plugins\/seo\/ -->\n<title>Delegaci\u00f3n Zonal Maule se re\u00fane con el nuevo seremi de Vivienda y Urbanismo de la Regi\u00f3n del Maule - COLEGIO DE ARQUITECTOS DE CHILE<\/title>\n<meta name=\"robots\" content=\"index, follow, max-snippet:-1, max-image-preview:large, max-video-preview:-1\" \/>\n<link rel=\"canonical\" href=\"https:\/\/colegioarquitectos.com\/noticias\/?p=28845\" \/>\n<meta property=\"og:locale\" content=\"es_ES\" \/>\n<meta property=\"og:type\" content=\"article\" \/>\n<meta property=\"og:title\" content=\"Delegaci\u00f3n Zonal Maule se re\u00fane con el nuevo seremi de Vivienda y Urbanismo de la Regi\u00f3n del Maule - COLEGIO DE ARQUITECTOS DE CHILE\" \/>\n<meta property=\"og:description\" content=\"La Mesa Directiva de la Delegaci\u00f3n Zonal Maule del Colegio de Arquitectos de Chile se reuni\u00f3 con el nuevo Secretario Regional Ministerial de Vivienda y Urbanismo de la Regi\u00f3n del Maule, Rodrigo Hern\u00e1ndez. En una reuni\u00f3n cordial y franca, conversaron &hellip; ver m\u00e1s\" \/>\n<meta property=\"og:url\" content=\"https:\/\/colegioarquitectos.com\/noticias\/?p=28845\" \/>\n<meta property=\"og:site_name\" content=\"COLEGIO DE ARQUITECTOS DE CHILE\" \/>\n<meta property=\"article:publisher\" content=\"https:\/\/facebook.com\/Colegioarq\/\" \/>\n<meta property=\"article:published_time\" content=\"2022-07-13T14:59:01+00:00\" \/>\n<meta property=\"og:image\" content=\"https:\/\/colegioarquitectos.com\/noticias\/wp-content\/uploads\/2022\/07\/FOTO-PRINCIPAL-1280-720.jpg\" \/>\n\t<meta property=\"og:image:width\" content=\"1280\" \/>\n\t<meta property=\"og:image:height\" content=\"720\" \/>\n\t<meta property=\"og:image:type\" content=\"image\/jpeg\" \/>\n<meta name=\"author\" content=\"Colegio de Arquitectos de Chile\" \/>\n<meta name=\"twitter:card\" content=\"summary_large_image\" \/>\n<meta name=\"twitter:creator\" content=\"@colegioarq\" \/>\n<meta name=\"twitter:site\" content=\"@colegioarq\" \/>\n<meta name=\"twitter:label1\" content=\"Escrito por\" \/>\n\t<meta name=\"twitter:data1\" content=\"Colegio de Arquitectos de Chile\" \/>\n\t<meta name=\"twitter:label2\" content=\"Tiempo de lectura\" \/>\n\t<meta name=\"twitter:data2\" content=\"1 minuto\" \/>\n<script type=\"application\/ld+json\" class=\"yoast-schema-graph\">{\"@context\":\"https:\/\/schema.org\",\"@graph\":[{\"@type\":\"Article\",\"@id\":\"https:\/\/colegioarquitectos.com\/noticias\/?p=28845#article\",\"isPartOf\":{\"@id\":\"https:\/\/colegioarquitectos.com\/noticias\/?p=28845\"},\"author\":{\"name\":\"Colegio de Arquitectos de Chile\",\"@id\":\"https:\/\/colegioarquitectos.com\/noticias\/#\/schema\/person\/685cc0aad148303c5608f049af8285ad\"},\"headline\":\"Delegaci\u00f3n Zonal Maule se re\u00fane con el nuevo seremi de Vivienda y Urbanismo de la Regi\u00f3n del Maule\",\"datePublished\":\"2022-07-13T14:59:01+00:00\",\"dateModified\":\"2022-07-13T14:59:01+00:00\",\"mainEntityOfPage\":{\"@id\":\"https:\/\/colegioarquitectos.com\/noticias\/?p=28845\"},\"wordCount\":214,\"publisher\":{\"@id\":\"https:\/\/colegioarquitectos.com\/noticias\/#organization\"},\"image\":{\"@id\":\"https:\/\/colegioarquitectos.com\/noticias\/?p=28845#primaryimage\"},\"thumbnailUrl\":\"https:\/\/colegioarquitectos.com\/noticias\/wp-content\/uploads\/2022\/07\/FOTO-PRINCIPAL-1280-720.jpg\",\"articleSection\":[\"Delegaciones\"],\"inLanguage\":\"es\"},{\"@type\":\"WebPage\",\"@id\":\"https:\/\/colegioarquitectos.com\/noticias\/?p=28845\",\"url\":\"https:\/\/colegioarquitectos.com\/noticias\/?p=28845\",\"name\":\"Delegaci\u00f3n Zonal Maule se re\u00fane con el nuevo seremi de Vivienda y Urbanismo de la Regi\u00f3n del Maule - COLEGIO DE ARQUITECTOS DE CHILE\",\"isPartOf\":{\"@id\":\"https:\/\/colegioarquitectos.com\/noticias\/#website\"},\"primaryImageOfPage\":{\"@id\":\"https:\/\/colegioarquitectos.com\/noticias\/?p=28845#primaryimage\"},\"image\":{\"@id\":\"https:\/\/colegioarquitectos.com\/noticias\/?p=28845#primaryimage\"},\"thumbnailUrl\":\"https:\/\/colegioarquitectos.com\/noticias\/wp-content\/uploads\/2022\/07\/FOTO-PRINCIPAL-1280-720.jpg\",\"datePublished\":\"2022-07-13T14:59:01+00:00\",\"dateModified\":\"2022-07-13T14:59:01+00:00\",\"breadcrumb\":{\"@id\":\"https:\/\/colegioarquitectos.com\/noticias\/?p=28845#breadcrumb\"},\"inLanguage\":\"es\",\"potentialAction\":[{\"@type\":\"ReadAction\",\"target\":[\"https:\/\/colegioarquitectos.com\/noticias\/?p=28845\"]}]},{\"@type\":\"ImageObject\",\"inLanguage\":\"es\",\"@id\":\"https:\/\/colegioarquitectos.com\/noticias\/?p=28845#primaryimage\",\"url\":\"https:\/\/colegioarquitectos.com\/noticias\/wp-content\/uploads\/2022\/07\/FOTO-PRINCIPAL-1280-720.jpg\",\"contentUrl\":\"https:\/\/colegioarquitectos.com\/noticias\/wp-content\/uploads\/2022\/07\/FOTO-PRINCIPAL-1280-720.jpg\",\"width\":1280,\"height\":720},{\"@type\":\"BreadcrumbList\",\"@id\":\"https:\/\/colegioarquitectos.com\/noticias\/?p=28845#breadcrumb\",\"itemListElement\":[{\"@type\":\"ListItem\",\"position\":1,\"name\":\"Portada\",\"item\":\"https:\/\/colegioarquitectos.com\/noticias\"},{\"@type\":\"ListItem\",\"position\":2,\"name\":\"Delegaci\u00f3n Zonal Maule se re\u00fane con el nuevo seremi de Vivienda y Urbanismo de la Regi\u00f3n del Maule\"}]},{\"@type\":\"WebSite\",\"@id\":\"https:\/\/colegioarquitectos.com\/noticias\/#website\",\"url\":\"https:\/\/colegioarquitectos.com\/noticias\/\",\"name\":\"COLEGIO DE ARQUITECTOS DE CHILE\",\"description\":\"\",\"publisher\":{\"@id\":\"https:\/\/colegioarquitectos.com\/noticias\/#organization\"},\"potentialAction\":[{\"@type\":\"SearchAction\",\"target\":{\"@type\":\"EntryPoint\",\"urlTemplate\":\"https:\/\/colegioarquitectos.com\/noticias\/?s={search_term_string}\"},\"query-input\":{\"@type\":\"PropertyValueSpecification\",\"valueRequired\":true,\"valueName\":\"search_term_string\"}}],\"inLanguage\":\"es\"},{\"@type\":\"Organization\",\"@id\":\"https:\/\/colegioarquitectos.com\/noticias\/#organization\",\"name\":\"COLEGIO DE ARQUITECTOS DE CHILE\",\"url\":\"https:\/\/colegioarquitectos.com\/noticias\/\",\"logo\":{\"@type\":\"ImageObject\",\"inLanguage\":\"es\",\"@id\":\"https:\/\/colegioarquitectos.com\/noticias\/#\/schema\/logo\/image\/\",\"url\":\"https:\/\/colegioarquitectos.com\/noticias\/wp-content\/uploads\/2021\/05\/ENCABEZADO-LOGO-CA.jpg\",\"contentUrl\":\"https:\/\/colegioarquitectos.com\/noticias\/wp-content\/uploads\/2021\/05\/ENCABEZADO-LOGO-CA.jpg\",\"width\":690,\"height\":350,\"caption\":\"COLEGIO DE ARQUITECTOS DE CHILE\"},\"image\":{\"@id\":\"https:\/\/colegioarquitectos.com\/noticias\/#\/schema\/logo\/image\/\"},\"sameAs\":[\"https:\/\/facebook.com\/Colegioarq\/\",\"https:\/\/x.com\/colegioarq\",\"https:\/\/instagram.com\/colegioarq\",\"https:\/\/youtube.com\/@ColegiodeArquitectosdeChile\"]},{\"@type\":\"Person\",\"@id\":\"https:\/\/colegioarquitectos.com\/noticias\/#\/schema\/person\/685cc0aad148303c5608f049af8285ad\",\"name\":\"Colegio de Arquitectos de Chile\",\"url\":\"https:\/\/colegioarquitectos.com\/noticias\/?author=4\"}]}<\/script>\n<!-- \/ Yoast SEO plugin. -->","yoast_head_json":{"title":"Delegaci\u00f3n Zonal Maule se re\u00fane con el nuevo seremi de Vivienda y Urbanismo de la Regi\u00f3n del Maule - COLEGIO DE ARQUITECTOS DE CHILE","robots":{"index":"index","follow":"follow","max-snippet":"max-snippet:-1","max-image-preview":"max-image-preview:large","max-video-preview":"max-video-preview:-1"},"canonical":"https:\/\/colegioarquitectos.com\/noticias\/?p=28845","og_locale":"es_ES","og_type":"article","og_title":"Delegaci\u00f3n Zonal Maule se re\u00fane con el nuevo seremi de Vivienda y Urbanismo de la Regi\u00f3n del Maule - COLEGIO DE ARQUITECTOS DE CHILE","og_description":"La Mesa Directiva de la Delegaci\u00f3n Zonal Maule del Colegio de Arquitectos de Chile se reuni\u00f3 con el nuevo Secretario Regional Ministerial de Vivienda y Urbanismo de la Regi\u00f3n del Maule, Rodrigo Hern\u00e1ndez. En una reuni\u00f3n cordial y franca, conversaron &hellip; ver m\u00e1s","og_url":"https:\/\/colegioarquitectos.com\/noticias\/?p=28845","og_site_name":"COLEGIO DE ARQUITECTOS DE CHILE","article_publisher":"https:\/\/facebook.com\/Colegioarq\/","article_published_time":"2022-07-13T14:59:01+00:00","og_image":[{"width":1280,"height":720,"url":"https:\/\/colegioarquitectos.com\/noticias\/wp-content\/uploads\/2022\/07\/FOTO-PRINCIPAL-1280-720.jpg","type":"image\/jpeg"}],"author":"Colegio de Arquitectos de Chile","twitter_card":"summary_large_image","twitter_creator":"@colegioarq","twitter_site":"@colegioarq","twitter_misc":{"Escrito por":"Colegio de Arquitectos de Chile","Tiempo de lectura":"1 minuto"},"schema":{"@context":"https:\/\/schema.org","@graph":[{"@type":"Article","@id":"https:\/\/colegioarquitectos.com\/noticias\/?p=28845#article","isPartOf":{"@id":"https:\/\/colegioarquitectos.com\/noticias\/?p=28845"},"author":{"name":"Colegio de Arquitectos de Chile","@id":"https:\/\/colegioarquitectos.com\/noticias\/#\/schema\/person\/685cc0aad148303c5608f049af8285ad"},"headline":"Delegaci\u00f3n Zonal Maule se re\u00fane con el nuevo seremi de Vivienda y Urbanismo de la Regi\u00f3n del Maule","datePublished":"2022-07-13T14:59:01+00:00","dateModified":"2022-07-13T14:59:01+00:00","mainEntityOfPage":{"@id":"https:\/\/colegioarquitectos.com\/noticias\/?p=28845"},"wordCount":214,"publisher":{"@id":"https:\/\/colegioarquitectos.com\/noticias\/#organization"},"image":{"@id":"https:\/\/colegioarquitectos.com\/noticias\/?p=28845#primaryimage"},"thumbnailUrl":"https:\/\/colegioarquitectos.com\/noticias\/wp-content\/uploads\/2022\/07\/FOTO-PRINCIPAL-1280-720.jpg","articleSection":["Delegaciones"],"inLanguage":"es"},{"@type":"WebPage","@id":"https:\/\/colegioarquitectos.com\/noticias\/?p=28845","url":"https:\/\/colegioarquitectos.com\/noticias\/?p=28845","name":"Delegaci\u00f3n Zonal Maule se re\u00fane con el nuevo seremi de Vivienda y Urbanismo de la Regi\u00f3n del Maule - COLEGIO DE ARQUITECTOS DE CHILE","isPartOf":{"@id":"https:\/\/colegioarquitectos.com\/noticias\/#website"},"primaryImageOfPage":{"@id":"https:\/\/colegioarquitectos.com\/noticias\/?p=28845#primaryimage"},"image":{"@id":"https:\/\/colegioarquitectos.com\/noticias\/?p=28845#primaryimage"},"thumbnailUrl":"https:\/\/colegioarquitectos.com\/noticias\/wp-content\/uploads\/2022\/07\/FOTO-PRINCIPAL-1280-720.jpg","datePublished":"2022-07-13T14:59:01+00:00","dateModified":"2022-07-13T14:59:01+00:00","breadcrumb":{"@id":"https:\/\/colegioarquitectos.com\/noticias\/?p=28845#breadcrumb"},"inLanguage":"es","potentialAction":[{"@type":"ReadAction","target":["https:\/\/colegioarquitectos.com\/noticias\/?p=28845"]}]},{"@type":"ImageObject","inLanguage":"es","@id":"https:\/\/colegioarquitectos.com\/noticias\/?p=28845#primaryimage","url":"https:\/\/colegioarquitectos.com\/noticias\/wp-content\/uploads\/2022\/07\/FOTO-PRINCIPAL-1280-720.jpg","contentUrl":"https:\/\/colegioarquitectos.com\/noticias\/wp-content\/uploads\/2022\/07\/FOTO-PRINCIPAL-1280-720.jpg","width":1280,"height":720},{"@type":"BreadcrumbList","@id":"https:\/\/colegioarquitectos.com\/noticias\/?p=28845#breadcrumb","itemListElement":[{"@type":"ListItem","position":1,"name":"Portada","item":"https:\/\/colegioarquitectos.com\/noticias"},{"@type":"ListItem","position":2,"name":"Delegaci\u00f3n Zonal Maule se re\u00fane con el nuevo seremi de Vivienda y Urbanismo de la Regi\u00f3n del Maule"}]},{"@type":"WebSite","@id":"https:\/\/colegioarquitectos.com\/noticias\/#website","url":"https:\/\/colegioarquitectos.com\/noticias\/","name":"COLEGIO DE ARQUITECTOS DE CHILE","description":"","publisher":{"@id":"https:\/\/colegioarquitectos.com\/noticias\/#organization"},"potentialAction":[{"@type":"SearchAction","target":{"@type":"EntryPoint","urlTemplate":"https:\/\/colegioarquitectos.com\/noticias\/?s={search_term_string}"},"query-input":{"@type":"PropertyValueSpecification","valueRequired":true,"valueName":"search_term_string"}}],"inLanguage":"es"},{"@type":"Organization","@id":"https:\/\/colegioarquitectos.com\/noticias\/#organization","name":"COLEGIO DE ARQUITECTOS DE CHILE","url":"https:\/\/colegioarquitectos.com\/noticias\/","logo":{"@type":"ImageObject","inLanguage":"es","@id":"https:\/\/colegioarquitectos.com\/noticias\/#\/schema\/logo\/image\/","url":"https:\/\/colegioarquitectos.com\/noticias\/wp-content\/uploads\/2021\/05\/ENCABEZADO-LOGO-CA.jpg","contentUrl":"https:\/\/colegioarquitectos.com\/noticias\/wp-content\/uploads\/2021\/05\/ENCABEZADO-LOGO-CA.jpg","width":690,"height":350,"caption":"COLEGIO DE ARQUITECTOS DE CHILE"},"image":{"@id":"https:\/\/colegioarquitectos.com\/noticias\/#\/schema\/logo\/image\/"},"sameAs":["https:\/\/facebook.com\/Colegioarq\/","https:\/\/x.com\/colegioarq","https:\/\/instagram.com\/colegioarq","https:\/\/youtube.com\/@ColegiodeArquitectosdeChile"]},{"@type":"Person","@id":"https:\/\/colegioarquitectos.com\/noticias\/#\/schema\/person\/685cc0aad148303c5608f049af8285ad","name":"Colegio de Arquitectos de Chile","url":"https:\/\/colegioarquitectos.com\/noticias\/?author=4"}]}},"_links":{"self":[{"href":"https:\/\/colegioarquitectos.com\/noticias\/index.php?rest_route=\/wp\/v2\/posts\/28845","targetHints":{"allow":["GET"]}}],"collection":[{"href":"https:\/\/colegioarquitectos.com\/noticias\/index.php?rest_route=\/wp\/v2\/posts"}],"about":[{"href":"https:\/\/colegioarquitectos.com\/noticias\/index.php?rest_route=\/wp\/v2\/types\/post"}],"author":[{"embeddable":true,"href":"https:\/\/colegioarquitectos.com\/noticias\/index.php?rest_route=\/wp\/v2\/users\/4"}],"replies":[{"embeddable":true,"href":"https:\/\/colegioarquitectos.com\/noticias\/index.php?rest_route=%2Fwp%2Fv2%2Fcomments&post=28845"}],"version-history":[{"count":0,"href":"https:\/\/colegioarquitectos.com\/noticias\/index.php?rest_route=\/wp\/v2\/posts\/28845\/revisions"}],"wp:featuredmedia":[{"embeddable":true,"href":"https:\/\/colegioarquitectos.com\/noticias\/index.php?rest_route=\/wp\/v2\/media\/28846"}],"wp:attachment":[{"href":"https:\/\/colegioarquitectos.com\/noticias\/index.php?rest_route=%2Fwp%2Fv2%2Fmedia&parent=28845"}],"wp:term":[{"taxonomy":"category","embeddable":true,"href":"https:\/\/colegioarquitectos.com\/noticias\/index.php?rest_route=%2Fwp%2Fv2%2Fcategories&post=28845"},{"taxonomy":"post_tag","embeddable":true,"href":"https:\/\/colegioarquitectos.com\/noticias\/index.php?rest_route=%2Fwp%2Fv2%2Ftags&post=28845"}],"curies":[{"name":"wp","href":"https:\/\/api.w.org\/{rel}","templated":true}]}}