
{"id":28875,"date":"2022-07-19T10:59:37","date_gmt":"2022-07-19T14:59:37","guid":{"rendered":"https:\/\/colegioarquitectos.com\/?p=28875"},"modified":"2022-07-19T11:13:55","modified_gmt":"2022-07-19T15:13:55","slug":"revisa-el-informe-de-la-mesa-publico-privada-memoria-dom-en-linea","status":"publish","type":"post","link":"https:\/\/colegioarquitectos.com\/noticias\/?p=28875","title":{"rendered":"Revisa el informe de la mesa p\u00fablico-privada \u00abMemoria DOM en L\u00ednea\u00bb"},"content":{"rendered":"<p>En el contexto de la pandemia, que instal\u00f3 la posibilidad del teletrabajo como forma de cuidado ante la incertidumbre del potencial contagio, el <strong>Equipo DOM en L\u00ednea<\/strong>, durante el a\u00f1o 2021 potenci\u00f3 la tramitaci\u00f3n por medios electr\u00f3nicos ampliando su cobertura en el territorio y mejorando el servicio de la plataforma, con la implementaci\u00f3n del <strong>M\u00f3dulo de Ingresos<\/strong>. Este nuevo m\u00f3dulo, que constituye una de las piezas que conforman DOM en L\u00ednea, incorpora un <strong>Flujo de Revisi\u00f3n DOM<\/strong>, que inserta mayor inteligencia en su estructura, nuevas funcionalidades y herramientas que favorecen la gesti\u00f3n interna de los municipios y de sus solicitantes. De este modo, se configura como una evoluci\u00f3n del M\u00f3dulo de Emergencia, el cual tuvo que dar una respuesta \u00e1gil cuando era necesario, en virtud del desaf\u00edo de adaptaci\u00f3n que experimentaba la poblaci\u00f3n producto de la situaci\u00f3n sanitaria nacional.<\/p>\n<p>Para enfrentar la misi\u00f3n de difundir el M\u00f3dulo de Ingresos y acelerar su habilitaci\u00f3n en los municipios que no cuentan con plataformas privadas, que son la mayor\u00eda del pa\u00eds, junto con poder contribuir con mayor fuerza al proceso de transformaci\u00f3n digital del Estado, el Equipo DOM en L\u00ednea liderado por su Coordinadora Nacional, <strong>Liliane Etcheberrigaray C\u00e1rdenas<\/strong>, creci\u00f3 el 2021 a Nivel Territorial, estableciendo un puente inexistente en la org\u00e1nica del MINVU, <strong>el cual permiti\u00f3 vincular en forma in\u00e9dita las Direcciones de Obras con la DDU Nivel Central, dando realidad a una descentralizaci\u00f3n efectiva, al insertar la figura de Asesores Territoriales distribuidos por Macrozonas<\/strong>.<\/p>\n<p>Este equipo DDU Territorial, acogi\u00f3 las realidades diversas propias de cada comuna durante su gesti\u00f3n y acompa\u00f1amiento continuo, instalando confianzas, mediante una comunicaci\u00f3n cercana con respuestas oportunas, promoviendo voluntades en el proceso de implementaci\u00f3n del M\u00f3dulo de Ingresos.<\/p>\n<p>De igual modo, complementando el valioso trabajo del Equipo Directivo y Ejecutivo que dio g\u00e9nesis y puesta en marcha al proyecto DOM en L\u00ednea, se incorporaron Asesores de Implementaci\u00f3n en el Nivel Central, quienes han contribuido a mejorar el servicio y la comunicaci\u00f3n del proyecto a sus distintos usuarios por diversos medios, se han incorporado a diversos grupos de trabajo internos y con otras instituciones, colaborando en materia de formaci\u00f3n profesional en el sector p\u00fablico y en la creaci\u00f3n de nuevos desarrollos, mejoras e interoperabilidad de la plataforma, con el apoyo del Equipo DINFO que tambi\u00e9n fue fortalecido con nuevos profesionales<\/p>\n<p><strong>El presente Informe DOM en L\u00ednea 2021 y 1er sem 2022, tiene por prop\u00f3sito poner en relieve la labor conjunta realizada hasta ahora<\/strong>, entregando un contexto normativo y de gobernanza en el cual se inserta el proyecto que garantizan su continuidad, el trabajo de integraci\u00f3n en las mesas de trabajo y comit\u00e9s t\u00e9cnicos, los resultados de la gesti\u00f3n realizada con su avance de implementaci\u00f3n y la alta participaci\u00f3n durante su difusi\u00f3n, el desarrollo actual de la plataforma con su potencial de crecimiento futuro, entre otras materias a destacar<\/p>\n<p>Participa en calidad de representante del <strong>Colegio de Arquitectos de Chile<\/strong> ante el Directorio del <strong>Proyecto DOM en L\u00ednea<\/strong>, liderado por el <strong>ministerio de Vivienda y Urbanismo<\/strong>, el Presidente de nuestro <strong>Comit\u00e9 de Revisores Independientes<\/strong>, <strong>Enrique Barba Campos<\/strong>.<\/p>\n<h4><\/h4>\n<p>&nbsp;<\/p>\n<h4>Informe de la mesa p\u00fablico-privada \u00abMemoria DOM en L\u00ednea\u00bb<\/h4>\n<hr \/>\n<p>Puedes revisar el <strong>informe de la mesa p\u00fablico-privada \u00abMemoria DOM en L\u00ednea\u00bb<\/strong> <strong><a href=\"https:\/\/drive.google.com\/file\/d\/1KCFyI0Ts64afTg93_RNn_aWoGplZq5QH\/view?usp=sharing\">ac\u00e1<\/a><\/strong>.<\/p>\n<p>&nbsp;<\/p>\n<p><\/p>","protected":false},"excerpt":{"rendered":"<p>En el contexto de la pandemia, que instal\u00f3 la posibilidad del teletrabajo como forma de cuidado ante la incertidumbre del potencial contagio, el Equipo DOM en L\u00ednea, durante el a\u00f1o 2021 potenci\u00f3 la tramitaci\u00f3n por medios electr\u00f3nicos ampliando su cobertura &hellip; <a class=\"more-link\" href=\"https:\/\/colegioarquitectos.com\/noticias\/?p=28875\">ver m\u00e1s<\/a><\/p>","protected":false},"author":4,"featured_media":28876,"comment_status":"closed","ping_status":"closed","sticky":false,"template":"","format":"standard","meta":{"footnotes":""},"categories":[3],"tags":[],"class_list":["post-28875","post","type-post","status-publish","format-standard","has-post-thumbnail","hentry","category-noticias"],"yoast_head":"<!-- This site is optimized with the Yoast SEO plugin v24.2 - https:\/\/yoast.com\/wordpress\/plugins\/seo\/ -->\n<title>Revisa el informe de la mesa p\u00fablico-privada \u00abMemoria DOM en L\u00ednea\u00bb - COLEGIO DE ARQUITECTOS DE CHILE<\/title>\n<meta name=\"robots\" content=\"index, follow, max-snippet:-1, max-image-preview:large, max-video-preview:-1\" \/>\n<link rel=\"canonical\" href=\"https:\/\/colegioarquitectos.com\/noticias\/?p=28875\" \/>\n<meta property=\"og:locale\" content=\"es_ES\" \/>\n<meta property=\"og:type\" content=\"article\" \/>\n<meta property=\"og:title\" content=\"Revisa el informe de la mesa p\u00fablico-privada \u00abMemoria DOM en L\u00ednea\u00bb - COLEGIO DE ARQUITECTOS DE CHILE\" \/>\n<meta property=\"og:description\" content=\"En el contexto de la pandemia, que instal\u00f3 la posibilidad del teletrabajo como forma de cuidado ante la incertidumbre del potencial contagio, el Equipo DOM en L\u00ednea, durante el a\u00f1o 2021 potenci\u00f3 la tramitaci\u00f3n por medios electr\u00f3nicos ampliando su cobertura &hellip; ver m\u00e1s\" \/>\n<meta property=\"og:url\" content=\"https:\/\/colegioarquitectos.com\/noticias\/?p=28875\" \/>\n<meta property=\"og:site_name\" content=\"COLEGIO DE ARQUITECTOS DE CHILE\" \/>\n<meta property=\"article:publisher\" content=\"https:\/\/facebook.com\/Colegioarq\/\" \/>\n<meta property=\"article:published_time\" content=\"2022-07-19T14:59:37+00:00\" \/>\n<meta property=\"article:modified_time\" content=\"2022-07-19T15:13:55+00:00\" \/>\n<meta property=\"og:image\" content=\"https:\/\/colegioarquitectos.com\/noticias\/wp-content\/uploads\/2022\/07\/Nuevo-proyecto-25.jpg\" \/>\n\t<meta property=\"og:image:width\" content=\"1280\" \/>\n\t<meta property=\"og:image:height\" content=\"720\" \/>\n\t<meta property=\"og:image:type\" content=\"image\/jpeg\" \/>\n<meta name=\"author\" content=\"Colegio de Arquitectos de Chile\" \/>\n<meta name=\"twitter:card\" content=\"summary_large_image\" \/>\n<meta name=\"twitter:creator\" content=\"@colegioarq\" \/>\n<meta name=\"twitter:site\" content=\"@colegioarq\" \/>\n<meta name=\"twitter:label1\" content=\"Escrito por\" \/>\n\t<meta name=\"twitter:data1\" content=\"Colegio de Arquitectos de Chile\" \/>\n\t<meta name=\"twitter:label2\" content=\"Tiempo de lectura\" \/>\n\t<meta name=\"twitter:data2\" content=\"3 minutos\" \/>\n<script type=\"application\/ld+json\" class=\"yoast-schema-graph\">{\"@context\":\"https:\/\/schema.org\",\"@graph\":[{\"@type\":\"Article\",\"@id\":\"https:\/\/colegioarquitectos.com\/noticias\/?p=28875#article\",\"isPartOf\":{\"@id\":\"https:\/\/colegioarquitectos.com\/noticias\/?p=28875\"},\"author\":{\"name\":\"Colegio de Arquitectos de Chile\",\"@id\":\"https:\/\/colegioarquitectos.com\/noticias\/#\/schema\/person\/685cc0aad148303c5608f049af8285ad\"},\"headline\":\"Revisa el informe de la mesa p\u00fablico-privada \u00abMemoria DOM en L\u00ednea\u00bb\",\"datePublished\":\"2022-07-19T14:59:37+00:00\",\"dateModified\":\"2022-07-19T15:13:55+00:00\",\"mainEntityOfPage\":{\"@id\":\"https:\/\/colegioarquitectos.com\/noticias\/?p=28875\"},\"wordCount\":594,\"publisher\":{\"@id\":\"https:\/\/colegioarquitectos.com\/noticias\/#organization\"},\"image\":{\"@id\":\"https:\/\/colegioarquitectos.com\/noticias\/?p=28875#primaryimage\"},\"thumbnailUrl\":\"https:\/\/colegioarquitectos.com\/noticias\/wp-content\/uploads\/2022\/07\/Nuevo-proyecto-25.jpg\",\"articleSection\":[\"Noticias\"],\"inLanguage\":\"es\"},{\"@type\":\"WebPage\",\"@id\":\"https:\/\/colegioarquitectos.com\/noticias\/?p=28875\",\"url\":\"https:\/\/colegioarquitectos.com\/noticias\/?p=28875\",\"name\":\"Revisa el informe de la mesa p\u00fablico-privada \u00abMemoria DOM en L\u00ednea\u00bb - COLEGIO DE ARQUITECTOS DE CHILE\",\"isPartOf\":{\"@id\":\"https:\/\/colegioarquitectos.com\/noticias\/#website\"},\"primaryImageOfPage\":{\"@id\":\"https:\/\/colegioarquitectos.com\/noticias\/?p=28875#primaryimage\"},\"image\":{\"@id\":\"https:\/\/colegioarquitectos.com\/noticias\/?p=28875#primaryimage\"},\"thumbnailUrl\":\"https:\/\/colegioarquitectos.com\/noticias\/wp-content\/uploads\/2022\/07\/Nuevo-proyecto-25.jpg\",\"datePublished\":\"2022-07-19T14:59:37+00:00\",\"dateModified\":\"2022-07-19T15:13:55+00:00\",\"breadcrumb\":{\"@id\":\"https:\/\/colegioarquitectos.com\/noticias\/?p=28875#breadcrumb\"},\"inLanguage\":\"es\",\"potentialAction\":[{\"@type\":\"ReadAction\",\"target\":[\"https:\/\/colegioarquitectos.com\/noticias\/?p=28875\"]}]},{\"@type\":\"ImageObject\",\"inLanguage\":\"es\",\"@id\":\"https:\/\/colegioarquitectos.com\/noticias\/?p=28875#primaryimage\",\"url\":\"https:\/\/colegioarquitectos.com\/noticias\/wp-content\/uploads\/2022\/07\/Nuevo-proyecto-25.jpg\",\"contentUrl\":\"https:\/\/colegioarquitectos.com\/noticias\/wp-content\/uploads\/2022\/07\/Nuevo-proyecto-25.jpg\",\"width\":1280,\"height\":720},{\"@type\":\"BreadcrumbList\",\"@id\":\"https:\/\/colegioarquitectos.com\/noticias\/?p=28875#breadcrumb\",\"itemListElement\":[{\"@type\":\"ListItem\",\"position\":1,\"name\":\"Portada\",\"item\":\"https:\/\/colegioarquitectos.com\/noticias\"},{\"@type\":\"ListItem\",\"position\":2,\"name\":\"Revisa el informe de la mesa p\u00fablico-privada \u00abMemoria DOM en L\u00ednea\u00bb\"}]},{\"@type\":\"WebSite\",\"@id\":\"https:\/\/colegioarquitectos.com\/noticias\/#website\",\"url\":\"https:\/\/colegioarquitectos.com\/noticias\/\",\"name\":\"COLEGIO DE ARQUITECTOS DE CHILE\",\"description\":\"\",\"publisher\":{\"@id\":\"https:\/\/colegioarquitectos.com\/noticias\/#organization\"},\"potentialAction\":[{\"@type\":\"SearchAction\",\"target\":{\"@type\":\"EntryPoint\",\"urlTemplate\":\"https:\/\/colegioarquitectos.com\/noticias\/?s={search_term_string}\"},\"query-input\":{\"@type\":\"PropertyValueSpecification\",\"valueRequired\":true,\"valueName\":\"search_term_string\"}}],\"inLanguage\":\"es\"},{\"@type\":\"Organization\",\"@id\":\"https:\/\/colegioarquitectos.com\/noticias\/#organization\",\"name\":\"COLEGIO DE ARQUITECTOS DE CHILE\",\"url\":\"https:\/\/colegioarquitectos.com\/noticias\/\",\"logo\":{\"@type\":\"ImageObject\",\"inLanguage\":\"es\",\"@id\":\"https:\/\/colegioarquitectos.com\/noticias\/#\/schema\/logo\/image\/\",\"url\":\"https:\/\/colegioarquitectos.com\/noticias\/wp-content\/uploads\/2021\/05\/ENCABEZADO-LOGO-CA.jpg\",\"contentUrl\":\"https:\/\/colegioarquitectos.com\/noticias\/wp-content\/uploads\/2021\/05\/ENCABEZADO-LOGO-CA.jpg\",\"width\":690,\"height\":350,\"caption\":\"COLEGIO DE ARQUITECTOS DE CHILE\"},\"image\":{\"@id\":\"https:\/\/colegioarquitectos.com\/noticias\/#\/schema\/logo\/image\/\"},\"sameAs\":[\"https:\/\/facebook.com\/Colegioarq\/\",\"https:\/\/x.com\/colegioarq\",\"https:\/\/instagram.com\/colegioarq\",\"https:\/\/youtube.com\/@ColegiodeArquitectosdeChile\"]},{\"@type\":\"Person\",\"@id\":\"https:\/\/colegioarquitectos.com\/noticias\/#\/schema\/person\/685cc0aad148303c5608f049af8285ad\",\"name\":\"Colegio de Arquitectos de Chile\",\"url\":\"https:\/\/colegioarquitectos.com\/noticias\/?author=4\"}]}<\/script>\n<!-- \/ Yoast SEO plugin. -->","yoast_head_json":{"title":"Revisa el informe de la mesa p\u00fablico-privada \u00abMemoria DOM en L\u00ednea\u00bb - COLEGIO DE ARQUITECTOS DE CHILE","robots":{"index":"index","follow":"follow","max-snippet":"max-snippet:-1","max-image-preview":"max-image-preview:large","max-video-preview":"max-video-preview:-1"},"canonical":"https:\/\/colegioarquitectos.com\/noticias\/?p=28875","og_locale":"es_ES","og_type":"article","og_title":"Revisa el informe de la mesa p\u00fablico-privada \u00abMemoria DOM en L\u00ednea\u00bb - COLEGIO DE ARQUITECTOS DE CHILE","og_description":"En el contexto de la pandemia, que instal\u00f3 la posibilidad del teletrabajo como forma de cuidado ante la incertidumbre del potencial contagio, el Equipo DOM en L\u00ednea, durante el a\u00f1o 2021 potenci\u00f3 la tramitaci\u00f3n por medios electr\u00f3nicos ampliando su cobertura &hellip; ver m\u00e1s","og_url":"https:\/\/colegioarquitectos.com\/noticias\/?p=28875","og_site_name":"COLEGIO DE ARQUITECTOS DE CHILE","article_publisher":"https:\/\/facebook.com\/Colegioarq\/","article_published_time":"2022-07-19T14:59:37+00:00","article_modified_time":"2022-07-19T15:13:55+00:00","og_image":[{"width":1280,"height":720,"url":"https:\/\/colegioarquitectos.com\/noticias\/wp-content\/uploads\/2022\/07\/Nuevo-proyecto-25.jpg","type":"image\/jpeg"}],"author":"Colegio de Arquitectos de Chile","twitter_card":"summary_large_image","twitter_creator":"@colegioarq","twitter_site":"@colegioarq","twitter_misc":{"Escrito por":"Colegio de Arquitectos de Chile","Tiempo de lectura":"3 minutos"},"schema":{"@context":"https:\/\/schema.org","@graph":[{"@type":"Article","@id":"https:\/\/colegioarquitectos.com\/noticias\/?p=28875#article","isPartOf":{"@id":"https:\/\/colegioarquitectos.com\/noticias\/?p=28875"},"author":{"name":"Colegio de Arquitectos de Chile","@id":"https:\/\/colegioarquitectos.com\/noticias\/#\/schema\/person\/685cc0aad148303c5608f049af8285ad"},"headline":"Revisa el informe de la mesa p\u00fablico-privada \u00abMemoria DOM en L\u00ednea\u00bb","datePublished":"2022-07-19T14:59:37+00:00","dateModified":"2022-07-19T15:13:55+00:00","mainEntityOfPage":{"@id":"https:\/\/colegioarquitectos.com\/noticias\/?p=28875"},"wordCount":594,"publisher":{"@id":"https:\/\/colegioarquitectos.com\/noticias\/#organization"},"image":{"@id":"https:\/\/colegioarquitectos.com\/noticias\/?p=28875#primaryimage"},"thumbnailUrl":"https:\/\/colegioarquitectos.com\/noticias\/wp-content\/uploads\/2022\/07\/Nuevo-proyecto-25.jpg","articleSection":["Noticias"],"inLanguage":"es"},{"@type":"WebPage","@id":"https:\/\/colegioarquitectos.com\/noticias\/?p=28875","url":"https:\/\/colegioarquitectos.com\/noticias\/?p=28875","name":"Revisa el informe de la mesa p\u00fablico-privada \u00abMemoria DOM en L\u00ednea\u00bb - COLEGIO DE ARQUITECTOS DE CHILE","isPartOf":{"@id":"https:\/\/colegioarquitectos.com\/noticias\/#website"},"primaryImageOfPage":{"@id":"https:\/\/colegioarquitectos.com\/noticias\/?p=28875#primaryimage"},"image":{"@id":"https:\/\/colegioarquitectos.com\/noticias\/?p=28875#primaryimage"},"thumbnailUrl":"https:\/\/colegioarquitectos.com\/noticias\/wp-content\/uploads\/2022\/07\/Nuevo-proyecto-25.jpg","datePublished":"2022-07-19T14:59:37+00:00","dateModified":"2022-07-19T15:13:55+00:00","breadcrumb":{"@id":"https:\/\/colegioarquitectos.com\/noticias\/?p=28875#breadcrumb"},"inLanguage":"es","potentialAction":[{"@type":"ReadAction","target":["https:\/\/colegioarquitectos.com\/noticias\/?p=28875"]}]},{"@type":"ImageObject","inLanguage":"es","@id":"https:\/\/colegioarquitectos.com\/noticias\/?p=28875#primaryimage","url":"https:\/\/colegioarquitectos.com\/noticias\/wp-content\/uploads\/2022\/07\/Nuevo-proyecto-25.jpg","contentUrl":"https:\/\/colegioarquitectos.com\/noticias\/wp-content\/uploads\/2022\/07\/Nuevo-proyecto-25.jpg","width":1280,"height":720},{"@type":"BreadcrumbList","@id":"https:\/\/colegioarquitectos.com\/noticias\/?p=28875#breadcrumb","itemListElement":[{"@type":"ListItem","position":1,"name":"Portada","item":"https:\/\/colegioarquitectos.com\/noticias"},{"@type":"ListItem","position":2,"name":"Revisa el informe de la mesa p\u00fablico-privada \u00abMemoria DOM en L\u00ednea\u00bb"}]},{"@type":"WebSite","@id":"https:\/\/colegioarquitectos.com\/noticias\/#website","url":"https:\/\/colegioarquitectos.com\/noticias\/","name":"COLEGIO DE ARQUITECTOS DE CHILE","description":"","publisher":{"@id":"https:\/\/colegioarquitectos.com\/noticias\/#organization"},"potentialAction":[{"@type":"SearchAction","target":{"@type":"EntryPoint","urlTemplate":"https:\/\/colegioarquitectos.com\/noticias\/?s={search_term_string}"},"query-input":{"@type":"PropertyValueSpecification","valueRequired":true,"valueName":"search_term_string"}}],"inLanguage":"es"},{"@type":"Organization","@id":"https:\/\/colegioarquitectos.com\/noticias\/#organization","name":"COLEGIO DE ARQUITECTOS DE CHILE","url":"https:\/\/colegioarquitectos.com\/noticias\/","logo":{"@type":"ImageObject","inLanguage":"es","@id":"https:\/\/colegioarquitectos.com\/noticias\/#\/schema\/logo\/image\/","url":"https:\/\/colegioarquitectos.com\/noticias\/wp-content\/uploads\/2021\/05\/ENCABEZADO-LOGO-CA.jpg","contentUrl":"https:\/\/colegioarquitectos.com\/noticias\/wp-content\/uploads\/2021\/05\/ENCABEZADO-LOGO-CA.jpg","width":690,"height":350,"caption":"COLEGIO DE ARQUITECTOS DE CHILE"},"image":{"@id":"https:\/\/colegioarquitectos.com\/noticias\/#\/schema\/logo\/image\/"},"sameAs":["https:\/\/facebook.com\/Colegioarq\/","https:\/\/x.com\/colegioarq","https:\/\/instagram.com\/colegioarq","https:\/\/youtube.com\/@ColegiodeArquitectosdeChile"]},{"@type":"Person","@id":"https:\/\/colegioarquitectos.com\/noticias\/#\/schema\/person\/685cc0aad148303c5608f049af8285ad","name":"Colegio de Arquitectos de Chile","url":"https:\/\/colegioarquitectos.com\/noticias\/?author=4"}]}},"_links":{"self":[{"href":"https:\/\/colegioarquitectos.com\/noticias\/index.php?rest_route=\/wp\/v2\/posts\/28875","targetHints":{"allow":["GET"]}}],"collection":[{"href":"https:\/\/colegioarquitectos.com\/noticias\/index.php?rest_route=\/wp\/v2\/posts"}],"about":[{"href":"https:\/\/colegioarquitectos.com\/noticias\/index.php?rest_route=\/wp\/v2\/types\/post"}],"author":[{"embeddable":true,"href":"https:\/\/colegioarquitectos.com\/noticias\/index.php?rest_route=\/wp\/v2\/users\/4"}],"replies":[{"embeddable":true,"href":"https:\/\/colegioarquitectos.com\/noticias\/index.php?rest_route=%2Fwp%2Fv2%2Fcomments&post=28875"}],"version-history":[{"count":0,"href":"https:\/\/colegioarquitectos.com\/noticias\/index.php?rest_route=\/wp\/v2\/posts\/28875\/revisions"}],"wp:featuredmedia":[{"embeddable":true,"href":"https:\/\/colegioarquitectos.com\/noticias\/index.php?rest_route=\/wp\/v2\/media\/28876"}],"wp:attachment":[{"href":"https:\/\/colegioarquitectos.com\/noticias\/index.php?rest_route=%2Fwp%2Fv2%2Fmedia&parent=28875"}],"wp:term":[{"taxonomy":"category","embeddable":true,"href":"https:\/\/colegioarquitectos.com\/noticias\/index.php?rest_route=%2Fwp%2Fv2%2Fcategories&post=28875"},{"taxonomy":"post_tag","embeddable":true,"href":"https:\/\/colegioarquitectos.com\/noticias\/index.php?rest_route=%2Fwp%2Fv2%2Ftags&post=28875"}],"curies":[{"name":"wp","href":"https:\/\/api.w.org\/{rel}","templated":true}]}}