
{"id":28900,"date":"2022-07-28T12:45:43","date_gmt":"2022-07-28T16:45:43","guid":{"rendered":"https:\/\/colegioarquitectos.com\/?p=28900"},"modified":"2022-07-28T12:45:43","modified_gmt":"2022-07-28T16:45:43","slug":"delegacion-zonal-maule-realiza-visita-a-los-municipios-de-pencahue-y-san-clemente-para-generar-un-vinculo-profesional-con-las-diferentes-comunas","status":"publish","type":"post","link":"https:\/\/colegioarquitectos.com\/noticias\/?p=28900","title":{"rendered":"Delegaci\u00f3n Zonal Maule realiza visita a los municipios de Pencahue y San Clemente para generar un v\u00ednculo profesional con las diferentes comunas"},"content":{"rendered":"<p>En el marco de dar continuidad a los objetivos trazados por la Directiva de la <strong>Delegaci\u00f3n Zonal Maule<\/strong>, que fueron interrumpidos por la revuelta social y posteriormente la pandemia del COVID-19, han retomado su tercera l\u00ednea de trabajo, que es <strong>\u00abextender nuestra Vinculaci\u00f3n con el Medio a las instituciones con las cuales interactuamos profesionalmente, de manera de producir una mayor, mejor y variada cercan\u00eda con ellas y con las comunidades a las cuales atienden\u00bb<\/strong>.<\/p>\n<p>En esa direcci\u00f3n, la <strong>DZ Maule<\/strong> ha sostenido encuentros con el <strong>Seremi del MINVU<\/strong> y <strong>los alcaldes de Pencahue y San Clemente<\/strong>, teniendo una buena acogida y entendimiento. En agenda para los pr\u00f3ximos d\u00edas, est\u00e1n las alcald\u00edas de <strong>San Rafael<\/strong> y <strong>San Javier<\/strong>, para luego seguir sucesivamente con las dem\u00e1s alcald\u00edas de la regi\u00f3n.<\/p>\n<p>Las tem\u00e1ticas planteadas en estas reuniones han sido; i) la <strong>presentaci\u00f3n como Delegaci\u00f3n Zonal<\/strong> que representa a un n\u00famero de poco m\u00e1s de cien profesionales repartidos en la regi\u00f3n, quienes ejercen sus labores en los sectores privado y p\u00fablico.\u00a0 ii) la <strong>disponibilidad para dialogar y apoyar a los municipios en tem\u00e1ticas y problem\u00e1ticas vinculadas a nuestro quehacer<\/strong>, en rangos que van desde una consulta hasta la posibilidad de establecer convenios de colaboraci\u00f3n de distinto alcance. iii) <strong>presentar el SAT<\/strong> (Servicio de Asistencia T\u00e9cnica) como v\u00eda real de colaboraci\u00f3n entre el CA y las alcald\u00edas. iv) <strong>la disponibilidad para colaborar en cualquier otra iniciativa<\/strong>, que vaya en la direcci\u00f3n de producir mejoras en nuestros respectivos ambientes de trabajo.<\/p>\n<p><img loading=\"lazy\" decoding=\"async\" class=\"aligncenter size-full wp-image-28901\" src=\"https:\/\/colegioarquitectos.com\/noticias\/wp-content\/uploads\/2022\/07\/MUNICIPIO-DE-PENCAHUE.jpg\" alt=\"\" width=\"3300\" height=\"2201\" srcset=\"https:\/\/colegioarquitectos.com\/noticias\/wp-content\/uploads\/2022\/07\/MUNICIPIO-DE-PENCAHUE.jpg 3300w, https:\/\/colegioarquitectos.com\/noticias\/wp-content\/uploads\/2022\/07\/MUNICIPIO-DE-PENCAHUE-300x200.jpg 300w, https:\/\/colegioarquitectos.com\/noticias\/wp-content\/uploads\/2022\/07\/MUNICIPIO-DE-PENCAHUE-768x512.jpg 768w, https:\/\/colegioarquitectos.com\/noticias\/wp-content\/uploads\/2022\/07\/MUNICIPIO-DE-PENCAHUE-1024x683.jpg 1024w\" sizes=\"auto, (max-width: 3300px) 100vw, 3300px\" \/><\/p>\n<p><img loading=\"lazy\" decoding=\"async\" class=\"aligncenter size-full wp-image-28902\" src=\"https:\/\/colegioarquitectos.com\/noticias\/wp-content\/uploads\/2022\/07\/MUNICIPIO-DE-SAN-CLEMENTE.jpg\" alt=\"\" width=\"1600\" height=\"1200\" srcset=\"https:\/\/colegioarquitectos.com\/noticias\/wp-content\/uploads\/2022\/07\/MUNICIPIO-DE-SAN-CLEMENTE.jpg 1600w, https:\/\/colegioarquitectos.com\/noticias\/wp-content\/uploads\/2022\/07\/MUNICIPIO-DE-SAN-CLEMENTE-300x225.jpg 300w, https:\/\/colegioarquitectos.com\/noticias\/wp-content\/uploads\/2022\/07\/MUNICIPIO-DE-SAN-CLEMENTE-768x576.jpg 768w, https:\/\/colegioarquitectos.com\/noticias\/wp-content\/uploads\/2022\/07\/MUNICIPIO-DE-SAN-CLEMENTE-1024x768.jpg 1024w\" sizes=\"auto, (max-width: 1600px) 100vw, 1600px\" \/><\/p>\n<p>&nbsp;<\/p>\n<p><\/p>","protected":false},"excerpt":{"rendered":"<p>En el marco de dar continuidad a los objetivos trazados por la Directiva de la Delegaci\u00f3n Zonal Maule, que fueron interrumpidos por la revuelta social y posteriormente la pandemia del COVID-19, han retomado su tercera l\u00ednea de trabajo, que es &hellip; <a class=\"more-link\" href=\"https:\/\/colegioarquitectos.com\/noticias\/?p=28900\">ver m\u00e1s<\/a><\/p>","protected":false},"author":4,"featured_media":28903,"comment_status":"closed","ping_status":"closed","sticky":false,"template":"","format":"standard","meta":{"footnotes":""},"categories":[10],"tags":[],"class_list":["post-28900","post","type-post","status-publish","format-standard","has-post-thumbnail","hentry","category-delegaciones-zonales"],"yoast_head":"<!-- This site is optimized with the Yoast SEO plugin v24.2 - https:\/\/yoast.com\/wordpress\/plugins\/seo\/ -->\n<title>Delegaci\u00f3n Zonal Maule realiza visita a los municipios de Pencahue y San Clemente para generar un v\u00ednculo profesional con las diferentes comunas - COLEGIO DE ARQUITECTOS DE CHILE<\/title>\n<meta name=\"robots\" content=\"index, follow, max-snippet:-1, max-image-preview:large, max-video-preview:-1\" \/>\n<link rel=\"canonical\" href=\"https:\/\/colegioarquitectos.com\/noticias\/?p=28900\" \/>\n<meta property=\"og:locale\" content=\"es_ES\" \/>\n<meta property=\"og:type\" content=\"article\" \/>\n<meta property=\"og:title\" content=\"Delegaci\u00f3n Zonal Maule realiza visita a los municipios de Pencahue y San Clemente para generar un v\u00ednculo profesional con las diferentes comunas - COLEGIO DE ARQUITECTOS DE CHILE\" \/>\n<meta property=\"og:description\" content=\"En el marco de dar continuidad a los objetivos trazados por la Directiva de la Delegaci\u00f3n Zonal Maule, que fueron interrumpidos por la revuelta social y posteriormente la pandemia del COVID-19, han retomado su tercera l\u00ednea de trabajo, que es &hellip; ver m\u00e1s\" \/>\n<meta property=\"og:url\" content=\"https:\/\/colegioarquitectos.com\/noticias\/?p=28900\" \/>\n<meta property=\"og:site_name\" content=\"COLEGIO DE ARQUITECTOS DE CHILE\" \/>\n<meta property=\"article:publisher\" content=\"https:\/\/facebook.com\/Colegioarq\/\" \/>\n<meta property=\"article:published_time\" content=\"2022-07-28T16:45:43+00:00\" \/>\n<meta property=\"og:image\" content=\"https:\/\/colegioarquitectos.com\/noticias\/wp-content\/uploads\/2022\/07\/FOTO-DE-PORTADA-2.jpg\" \/>\n\t<meta property=\"og:image:width\" content=\"1280\" \/>\n\t<meta property=\"og:image:height\" content=\"720\" \/>\n\t<meta property=\"og:image:type\" content=\"image\/jpeg\" \/>\n<meta name=\"author\" content=\"Colegio de Arquitectos de Chile\" \/>\n<meta name=\"twitter:card\" content=\"summary_large_image\" \/>\n<meta name=\"twitter:creator\" content=\"@colegioarq\" \/>\n<meta name=\"twitter:site\" content=\"@colegioarq\" \/>\n<meta name=\"twitter:label1\" content=\"Escrito por\" \/>\n\t<meta name=\"twitter:data1\" content=\"Colegio de Arquitectos de Chile\" \/>\n\t<meta name=\"twitter:label2\" content=\"Tiempo de lectura\" \/>\n\t<meta name=\"twitter:data2\" content=\"1 minuto\" \/>\n<script type=\"application\/ld+json\" class=\"yoast-schema-graph\">{\"@context\":\"https:\/\/schema.org\",\"@graph\":[{\"@type\":\"Article\",\"@id\":\"https:\/\/colegioarquitectos.com\/noticias\/?p=28900#article\",\"isPartOf\":{\"@id\":\"https:\/\/colegioarquitectos.com\/noticias\/?p=28900\"},\"author\":{\"name\":\"Colegio de Arquitectos de Chile\",\"@id\":\"https:\/\/colegioarquitectos.com\/noticias\/#\/schema\/person\/685cc0aad148303c5608f049af8285ad\"},\"headline\":\"Delegaci\u00f3n Zonal Maule realiza visita a los municipios de Pencahue y San Clemente para generar un v\u00ednculo profesional con las diferentes comunas\",\"datePublished\":\"2022-07-28T16:45:43+00:00\",\"dateModified\":\"2022-07-28T16:45:43+00:00\",\"mainEntityOfPage\":{\"@id\":\"https:\/\/colegioarquitectos.com\/noticias\/?p=28900\"},\"wordCount\":297,\"publisher\":{\"@id\":\"https:\/\/colegioarquitectos.com\/noticias\/#organization\"},\"image\":{\"@id\":\"https:\/\/colegioarquitectos.com\/noticias\/?p=28900#primaryimage\"},\"thumbnailUrl\":\"https:\/\/colegioarquitectos.com\/noticias\/wp-content\/uploads\/2022\/07\/FOTO-DE-PORTADA-2.jpg\",\"articleSection\":[\"Delegaciones\"],\"inLanguage\":\"es\"},{\"@type\":\"WebPage\",\"@id\":\"https:\/\/colegioarquitectos.com\/noticias\/?p=28900\",\"url\":\"https:\/\/colegioarquitectos.com\/noticias\/?p=28900\",\"name\":\"Delegaci\u00f3n Zonal Maule realiza visita a los municipios de Pencahue y San Clemente para generar un v\u00ednculo profesional con las diferentes comunas - COLEGIO DE ARQUITECTOS DE CHILE\",\"isPartOf\":{\"@id\":\"https:\/\/colegioarquitectos.com\/noticias\/#website\"},\"primaryImageOfPage\":{\"@id\":\"https:\/\/colegioarquitectos.com\/noticias\/?p=28900#primaryimage\"},\"image\":{\"@id\":\"https:\/\/colegioarquitectos.com\/noticias\/?p=28900#primaryimage\"},\"thumbnailUrl\":\"https:\/\/colegioarquitectos.com\/noticias\/wp-content\/uploads\/2022\/07\/FOTO-DE-PORTADA-2.jpg\",\"datePublished\":\"2022-07-28T16:45:43+00:00\",\"dateModified\":\"2022-07-28T16:45:43+00:00\",\"breadcrumb\":{\"@id\":\"https:\/\/colegioarquitectos.com\/noticias\/?p=28900#breadcrumb\"},\"inLanguage\":\"es\",\"potentialAction\":[{\"@type\":\"ReadAction\",\"target\":[\"https:\/\/colegioarquitectos.com\/noticias\/?p=28900\"]}]},{\"@type\":\"ImageObject\",\"inLanguage\":\"es\",\"@id\":\"https:\/\/colegioarquitectos.com\/noticias\/?p=28900#primaryimage\",\"url\":\"https:\/\/colegioarquitectos.com\/noticias\/wp-content\/uploads\/2022\/07\/FOTO-DE-PORTADA-2.jpg\",\"contentUrl\":\"https:\/\/colegioarquitectos.com\/noticias\/wp-content\/uploads\/2022\/07\/FOTO-DE-PORTADA-2.jpg\",\"width\":1280,\"height\":720},{\"@type\":\"BreadcrumbList\",\"@id\":\"https:\/\/colegioarquitectos.com\/noticias\/?p=28900#breadcrumb\",\"itemListElement\":[{\"@type\":\"ListItem\",\"position\":1,\"name\":\"Portada\",\"item\":\"https:\/\/colegioarquitectos.com\/noticias\"},{\"@type\":\"ListItem\",\"position\":2,\"name\":\"Delegaci\u00f3n Zonal Maule realiza visita a los municipios de Pencahue y San Clemente para generar un v\u00ednculo profesional con las diferentes comunas\"}]},{\"@type\":\"WebSite\",\"@id\":\"https:\/\/colegioarquitectos.com\/noticias\/#website\",\"url\":\"https:\/\/colegioarquitectos.com\/noticias\/\",\"name\":\"COLEGIO DE ARQUITECTOS DE CHILE\",\"description\":\"\",\"publisher\":{\"@id\":\"https:\/\/colegioarquitectos.com\/noticias\/#organization\"},\"potentialAction\":[{\"@type\":\"SearchAction\",\"target\":{\"@type\":\"EntryPoint\",\"urlTemplate\":\"https:\/\/colegioarquitectos.com\/noticias\/?s={search_term_string}\"},\"query-input\":{\"@type\":\"PropertyValueSpecification\",\"valueRequired\":true,\"valueName\":\"search_term_string\"}}],\"inLanguage\":\"es\"},{\"@type\":\"Organization\",\"@id\":\"https:\/\/colegioarquitectos.com\/noticias\/#organization\",\"name\":\"COLEGIO DE ARQUITECTOS DE CHILE\",\"url\":\"https:\/\/colegioarquitectos.com\/noticias\/\",\"logo\":{\"@type\":\"ImageObject\",\"inLanguage\":\"es\",\"@id\":\"https:\/\/colegioarquitectos.com\/noticias\/#\/schema\/logo\/image\/\",\"url\":\"https:\/\/colegioarquitectos.com\/noticias\/wp-content\/uploads\/2021\/05\/ENCABEZADO-LOGO-CA.jpg\",\"contentUrl\":\"https:\/\/colegioarquitectos.com\/noticias\/wp-content\/uploads\/2021\/05\/ENCABEZADO-LOGO-CA.jpg\",\"width\":690,\"height\":350,\"caption\":\"COLEGIO DE ARQUITECTOS DE CHILE\"},\"image\":{\"@id\":\"https:\/\/colegioarquitectos.com\/noticias\/#\/schema\/logo\/image\/\"},\"sameAs\":[\"https:\/\/facebook.com\/Colegioarq\/\",\"https:\/\/x.com\/colegioarq\",\"https:\/\/instagram.com\/colegioarq\",\"https:\/\/youtube.com\/@ColegiodeArquitectosdeChile\"]},{\"@type\":\"Person\",\"@id\":\"https:\/\/colegioarquitectos.com\/noticias\/#\/schema\/person\/685cc0aad148303c5608f049af8285ad\",\"name\":\"Colegio de Arquitectos de Chile\",\"url\":\"https:\/\/colegioarquitectos.com\/noticias\/?author=4\"}]}<\/script>\n<!-- \/ Yoast SEO plugin. -->","yoast_head_json":{"title":"Delegaci\u00f3n Zonal Maule realiza visita a los municipios de Pencahue y San Clemente para generar un v\u00ednculo profesional con las diferentes comunas - COLEGIO DE ARQUITECTOS DE CHILE","robots":{"index":"index","follow":"follow","max-snippet":"max-snippet:-1","max-image-preview":"max-image-preview:large","max-video-preview":"max-video-preview:-1"},"canonical":"https:\/\/colegioarquitectos.com\/noticias\/?p=28900","og_locale":"es_ES","og_type":"article","og_title":"Delegaci\u00f3n Zonal Maule realiza visita a los municipios de Pencahue y San Clemente para generar un v\u00ednculo profesional con las diferentes comunas - COLEGIO DE ARQUITECTOS DE CHILE","og_description":"En el marco de dar continuidad a los objetivos trazados por la Directiva de la Delegaci\u00f3n Zonal Maule, que fueron interrumpidos por la revuelta social y posteriormente la pandemia del COVID-19, han retomado su tercera l\u00ednea de trabajo, que es &hellip; ver m\u00e1s","og_url":"https:\/\/colegioarquitectos.com\/noticias\/?p=28900","og_site_name":"COLEGIO DE ARQUITECTOS DE CHILE","article_publisher":"https:\/\/facebook.com\/Colegioarq\/","article_published_time":"2022-07-28T16:45:43+00:00","og_image":[{"width":1280,"height":720,"url":"https:\/\/colegioarquitectos.com\/noticias\/wp-content\/uploads\/2022\/07\/FOTO-DE-PORTADA-2.jpg","type":"image\/jpeg"}],"author":"Colegio de Arquitectos de Chile","twitter_card":"summary_large_image","twitter_creator":"@colegioarq","twitter_site":"@colegioarq","twitter_misc":{"Escrito por":"Colegio de Arquitectos de Chile","Tiempo de lectura":"1 minuto"},"schema":{"@context":"https:\/\/schema.org","@graph":[{"@type":"Article","@id":"https:\/\/colegioarquitectos.com\/noticias\/?p=28900#article","isPartOf":{"@id":"https:\/\/colegioarquitectos.com\/noticias\/?p=28900"},"author":{"name":"Colegio de Arquitectos de Chile","@id":"https:\/\/colegioarquitectos.com\/noticias\/#\/schema\/person\/685cc0aad148303c5608f049af8285ad"},"headline":"Delegaci\u00f3n Zonal Maule realiza visita a los municipios de Pencahue y San Clemente para generar un v\u00ednculo profesional con las diferentes comunas","datePublished":"2022-07-28T16:45:43+00:00","dateModified":"2022-07-28T16:45:43+00:00","mainEntityOfPage":{"@id":"https:\/\/colegioarquitectos.com\/noticias\/?p=28900"},"wordCount":297,"publisher":{"@id":"https:\/\/colegioarquitectos.com\/noticias\/#organization"},"image":{"@id":"https:\/\/colegioarquitectos.com\/noticias\/?p=28900#primaryimage"},"thumbnailUrl":"https:\/\/colegioarquitectos.com\/noticias\/wp-content\/uploads\/2022\/07\/FOTO-DE-PORTADA-2.jpg","articleSection":["Delegaciones"],"inLanguage":"es"},{"@type":"WebPage","@id":"https:\/\/colegioarquitectos.com\/noticias\/?p=28900","url":"https:\/\/colegioarquitectos.com\/noticias\/?p=28900","name":"Delegaci\u00f3n Zonal Maule realiza visita a los municipios de Pencahue y San Clemente para generar un v\u00ednculo profesional con las diferentes comunas - COLEGIO DE ARQUITECTOS DE CHILE","isPartOf":{"@id":"https:\/\/colegioarquitectos.com\/noticias\/#website"},"primaryImageOfPage":{"@id":"https:\/\/colegioarquitectos.com\/noticias\/?p=28900#primaryimage"},"image":{"@id":"https:\/\/colegioarquitectos.com\/noticias\/?p=28900#primaryimage"},"thumbnailUrl":"https:\/\/colegioarquitectos.com\/noticias\/wp-content\/uploads\/2022\/07\/FOTO-DE-PORTADA-2.jpg","datePublished":"2022-07-28T16:45:43+00:00","dateModified":"2022-07-28T16:45:43+00:00","breadcrumb":{"@id":"https:\/\/colegioarquitectos.com\/noticias\/?p=28900#breadcrumb"},"inLanguage":"es","potentialAction":[{"@type":"ReadAction","target":["https:\/\/colegioarquitectos.com\/noticias\/?p=28900"]}]},{"@type":"ImageObject","inLanguage":"es","@id":"https:\/\/colegioarquitectos.com\/noticias\/?p=28900#primaryimage","url":"https:\/\/colegioarquitectos.com\/noticias\/wp-content\/uploads\/2022\/07\/FOTO-DE-PORTADA-2.jpg","contentUrl":"https:\/\/colegioarquitectos.com\/noticias\/wp-content\/uploads\/2022\/07\/FOTO-DE-PORTADA-2.jpg","width":1280,"height":720},{"@type":"BreadcrumbList","@id":"https:\/\/colegioarquitectos.com\/noticias\/?p=28900#breadcrumb","itemListElement":[{"@type":"ListItem","position":1,"name":"Portada","item":"https:\/\/colegioarquitectos.com\/noticias"},{"@type":"ListItem","position":2,"name":"Delegaci\u00f3n Zonal Maule realiza visita a los municipios de Pencahue y San Clemente para generar un v\u00ednculo profesional con las diferentes comunas"}]},{"@type":"WebSite","@id":"https:\/\/colegioarquitectos.com\/noticias\/#website","url":"https:\/\/colegioarquitectos.com\/noticias\/","name":"COLEGIO DE ARQUITECTOS DE CHILE","description":"","publisher":{"@id":"https:\/\/colegioarquitectos.com\/noticias\/#organization"},"potentialAction":[{"@type":"SearchAction","target":{"@type":"EntryPoint","urlTemplate":"https:\/\/colegioarquitectos.com\/noticias\/?s={search_term_string}"},"query-input":{"@type":"PropertyValueSpecification","valueRequired":true,"valueName":"search_term_string"}}],"inLanguage":"es"},{"@type":"Organization","@id":"https:\/\/colegioarquitectos.com\/noticias\/#organization","name":"COLEGIO DE ARQUITECTOS DE CHILE","url":"https:\/\/colegioarquitectos.com\/noticias\/","logo":{"@type":"ImageObject","inLanguage":"es","@id":"https:\/\/colegioarquitectos.com\/noticias\/#\/schema\/logo\/image\/","url":"https:\/\/colegioarquitectos.com\/noticias\/wp-content\/uploads\/2021\/05\/ENCABEZADO-LOGO-CA.jpg","contentUrl":"https:\/\/colegioarquitectos.com\/noticias\/wp-content\/uploads\/2021\/05\/ENCABEZADO-LOGO-CA.jpg","width":690,"height":350,"caption":"COLEGIO DE ARQUITECTOS DE CHILE"},"image":{"@id":"https:\/\/colegioarquitectos.com\/noticias\/#\/schema\/logo\/image\/"},"sameAs":["https:\/\/facebook.com\/Colegioarq\/","https:\/\/x.com\/colegioarq","https:\/\/instagram.com\/colegioarq","https:\/\/youtube.com\/@ColegiodeArquitectosdeChile"]},{"@type":"Person","@id":"https:\/\/colegioarquitectos.com\/noticias\/#\/schema\/person\/685cc0aad148303c5608f049af8285ad","name":"Colegio de Arquitectos de Chile","url":"https:\/\/colegioarquitectos.com\/noticias\/?author=4"}]}},"_links":{"self":[{"href":"https:\/\/colegioarquitectos.com\/noticias\/index.php?rest_route=\/wp\/v2\/posts\/28900","targetHints":{"allow":["GET"]}}],"collection":[{"href":"https:\/\/colegioarquitectos.com\/noticias\/index.php?rest_route=\/wp\/v2\/posts"}],"about":[{"href":"https:\/\/colegioarquitectos.com\/noticias\/index.php?rest_route=\/wp\/v2\/types\/post"}],"author":[{"embeddable":true,"href":"https:\/\/colegioarquitectos.com\/noticias\/index.php?rest_route=\/wp\/v2\/users\/4"}],"replies":[{"embeddable":true,"href":"https:\/\/colegioarquitectos.com\/noticias\/index.php?rest_route=%2Fwp%2Fv2%2Fcomments&post=28900"}],"version-history":[{"count":0,"href":"https:\/\/colegioarquitectos.com\/noticias\/index.php?rest_route=\/wp\/v2\/posts\/28900\/revisions"}],"wp:featuredmedia":[{"embeddable":true,"href":"https:\/\/colegioarquitectos.com\/noticias\/index.php?rest_route=\/wp\/v2\/media\/28903"}],"wp:attachment":[{"href":"https:\/\/colegioarquitectos.com\/noticias\/index.php?rest_route=%2Fwp%2Fv2%2Fmedia&parent=28900"}],"wp:term":[{"taxonomy":"category","embeddable":true,"href":"https:\/\/colegioarquitectos.com\/noticias\/index.php?rest_route=%2Fwp%2Fv2%2Fcategories&post=28900"},{"taxonomy":"post_tag","embeddable":true,"href":"https:\/\/colegioarquitectos.com\/noticias\/index.php?rest_route=%2Fwp%2Fv2%2Ftags&post=28900"}],"curies":[{"name":"wp","href":"https:\/\/api.w.org\/{rel}","templated":true}]}}