
{"id":29013,"date":"2022-08-17T11:51:09","date_gmt":"2022-08-17T15:51:09","guid":{"rendered":"https:\/\/colegioarquitectos.com\/?p=29013"},"modified":"2022-08-19T16:38:07","modified_gmt":"2022-08-19T20:38:07","slug":"septima-semana-de-la-arquitectura-2022-de-la-delegacion-zonal-aysen","status":"publish","type":"post","link":"https:\/\/colegioarquitectos.com\/noticias\/?p=29013","title":{"rendered":"S\u00e9ptima Semana de la Arquitectura 2022 de la Delegaci\u00f3n Zonal Ays\u00e9n"},"content":{"rendered":"<p>Nuestra Delegaci\u00f3n Zonal Ays\u00e9n realizar\u00e1 la s\u00e9ptima edici\u00f3n de la Semana de la Arquitectura 2022 desde este s\u00e1bado 20 al viernes 26 de agosto, con un diverso cronograma de actividades, que presenta desde asesor\u00edas a la comunidad y charlas, hasta premiaciones y cenas de camarader\u00eda para los colegiados y colegiadas.<\/p>\n<p>&nbsp;<\/p>\n<h4><strong>Lineamientos de la Semana de la Arquitectura 2022<\/strong><\/h4>\n<hr \/>\n<p>La Semana de la Arquitectura naci\u00f3 hace 7 a\u00f1os desde la inquietud de aproximar el ejercicio de nuestra profesi\u00f3n a la comunidad. Con esa visi\u00f3n, se materializan en una semana, charlas\/conversatorios sobre temas relevantes, contingentes, expuestos por profesionales que no necesariamente son arquitectos o arquitectas. As\u00ed, han participado dirigentas sociales, ingeniero forestal, kinesi\u00f3loga, m\u00e9dicos, ingeniero agr\u00f3nomo, etc, con la firme convicci\u00f3n de abrir temas, dialogar en torno a ellos y plantear una s\u00edntesis de experiencias y conocimiento para los habitantes.<\/p>\n<p>Este a\u00f1o hemos vuelto a realizar todas las actividades de forma presencial, por lo tanto, esta versi\u00f3n representa varios desaf\u00edos; uno de ellos es transmitir en vivo las actividades, para no perder ese p\u00fablico que pudo compartir con nosotros desde otras latitudes, paralelo y complementario a esto. Tambi\u00e9n, hemos incorporado un registro audiovisual como documento testimonial y de evaluaci\u00f3n de estas actividades.<\/p>\n<p>&nbsp;<\/p>\n<h4><strong>Objetivos<\/strong><\/h4>\n<hr \/>\n<p>El premio busca:<\/p>\n<ul>\n<li>Relevar la arquitectura como un espacio de creaci\u00f3n y trabajo colectivo multidisciplinario<\/li>\n<li>Acercar nuestro oficio a la comunidad para detonar reflexiones en torno al habitar<\/li>\n<\/ul>\n<p><strong>\u00a0<\/strong><\/p>\n<h4><strong>Cronograma 2022<\/strong><\/h4>\n<hr \/>\n<p><strong>20.08 S\u00e1bado, jornada de asesor\u00eda a la comunidad, lugar aun a definir<\/strong>, durante la ma\u00f1ana nos trasladamos a alguna sede vecinal a entregar informaci\u00f3n bas\u00e1ndonos en consultas de los mismos vecinos, informaci\u00f3n variada concerniente a arquitectura, tramitaciones de permisos, subsidios, etc.<\/p>\n<p>&nbsp;<\/p>\n<p><strong>22.08 Lunes, 19:00 Sal\u00f3n Gobierno Regional (Parra con Moraleda)<\/strong>, acto de apertura de la 7\u00aa Semana de la Arquitectura y ceremonia de premiaci\u00f3n 5\u00ba Concurso de Fotograf\u00eda.<\/p>\n<p>&nbsp;<\/p>\n<p><strong>23.08 Martes, 19:00 Sal\u00f3n Gobierno Regional (Parra con Moraleda)<\/strong>, charla \u00abEntorno seguro y vivienda en la propuesta de Constituci\u00f3n\u00bb, Mario Neira, arquitecto.<\/p>\n<p>&nbsp;<\/p>\n<p><strong>24.08 Mi\u00e9rcoles, 19:00 Sal\u00f3n Gobierno Regional (Parra con Moraleda)<\/strong>, charla \u00abMegaloteos, desarrollo urbano y bienestar, implicancias para regi\u00f3n de Ays\u00e9n\u00bb, Carlos Zamorano Elgueta, Ingeniero Forestal, Mag\u00edster en desarrollo Rural, Dr. en Ecolog\u00eda y restauraci\u00f3n de sistemas, acad\u00e9mico Universidad de Ays\u00e9n.<\/p>\n<p>&nbsp;<\/p>\n<p><strong>25.08 Jueves, 19:00 Sal\u00f3n Gobierno Regional (Parra con Moraleda)<\/strong>, charla \u00abGentrificaci\u00f3n, \u00bfuna externalidad inevitable del desarrollo urbano?\u00bb, Ernesto L\u00f3pez Morales, Arquitecto, Acad\u00e9mico Universidad San Sebasti\u00e1n.<\/p>\n<p>&nbsp;<\/p>\n<p><strong>26.08 Viernes,<\/strong> Cena de camarader\u00eda, arquitectos y arquitectas.<\/p>\n<p>&nbsp;<\/p>\n<h4>Redes sociales<\/h4>\n<hr \/>\n<p>Puedes seguir las iniciativas y actividades de la Delegaci\u00f3n Zonal Ays\u00e9n en sus redes sociales:<\/p>\n<p class=\"Default\" style=\"text-align: justify;\"><span style=\"font-size: 11.0pt;\">Instagram: <strong><a href=\"https:\/\/www.instagram.com\/ca.delegacionaysen\/\">@ca.delegacion aysen<\/a><\/strong><\/span><\/p>\n<p class=\"Default\" style=\"text-align: justify;\"><span style=\"font-size: 11.0pt;\">Facebook: <strong><a href=\"https:\/\/www.facebook.com\/delegacion.aysen\">@delegacion.aysen<\/a><\/strong><\/span><\/p>\n<p class=\"Default\" style=\"text-align: justify;\"><span style=\"font-size: 11.0pt;\">Twitter: <strong><a href=\"https:\/\/twitter.com\/ca_aysen\">@delegacion.aysen<\/a><\/strong><\/span><\/p>\n<p><\/p>","protected":false},"excerpt":{"rendered":"<p>Nuestra Delegaci\u00f3n Zonal Ays\u00e9n realizar\u00e1 la s\u00e9ptima edici\u00f3n de la Semana de la Arquitectura 2022 desde este s\u00e1bado 20 al viernes 26 de agosto, con un diverso cronograma de actividades, que presenta desde asesor\u00edas a la comunidad y charlas, hasta &hellip; <a class=\"more-link\" href=\"https:\/\/colegioarquitectos.com\/noticias\/?p=29013\">ver m\u00e1s<\/a><\/p>","protected":false},"author":4,"featured_media":29014,"comment_status":"closed","ping_status":"closed","sticky":false,"template":"","format":"standard","meta":{"footnotes":""},"categories":[10],"tags":[],"class_list":["post-29013","post","type-post","status-publish","format-standard","has-post-thumbnail","hentry","category-delegaciones-zonales"],"yoast_head":"<!-- This site is optimized with the Yoast SEO plugin v24.2 - https:\/\/yoast.com\/wordpress\/plugins\/seo\/ -->\n<title>S\u00e9ptima Semana de la Arquitectura 2022 de la Delegaci\u00f3n Zonal Ays\u00e9n - COLEGIO DE ARQUITECTOS DE CHILE<\/title>\n<meta name=\"robots\" content=\"index, follow, max-snippet:-1, max-image-preview:large, max-video-preview:-1\" \/>\n<link rel=\"canonical\" href=\"https:\/\/colegioarquitectos.com\/noticias\/?p=29013\" \/>\n<meta property=\"og:locale\" content=\"es_ES\" \/>\n<meta property=\"og:type\" content=\"article\" \/>\n<meta property=\"og:title\" content=\"S\u00e9ptima Semana de la Arquitectura 2022 de la Delegaci\u00f3n Zonal Ays\u00e9n - COLEGIO DE ARQUITECTOS DE CHILE\" \/>\n<meta property=\"og:description\" content=\"Nuestra Delegaci\u00f3n Zonal Ays\u00e9n realizar\u00e1 la s\u00e9ptima edici\u00f3n de la Semana de la Arquitectura 2022 desde este s\u00e1bado 20 al viernes 26 de agosto, con un diverso cronograma de actividades, que presenta desde asesor\u00edas a la comunidad y charlas, hasta &hellip; ver m\u00e1s\" \/>\n<meta property=\"og:url\" content=\"https:\/\/colegioarquitectos.com\/noticias\/?p=29013\" \/>\n<meta property=\"og:site_name\" content=\"COLEGIO DE ARQUITECTOS DE CHILE\" \/>\n<meta property=\"article:publisher\" content=\"https:\/\/facebook.com\/Colegioarq\/\" \/>\n<meta property=\"article:published_time\" content=\"2022-08-17T15:51:09+00:00\" \/>\n<meta property=\"article:modified_time\" content=\"2022-08-19T20:38:07+00:00\" \/>\n<meta property=\"og:image\" content=\"https:\/\/colegioarquitectos.com\/noticias\/wp-content\/uploads\/2022\/08\/Nuevo-proyecto-7.jpg\" \/>\n\t<meta property=\"og:image:width\" content=\"1280\" \/>\n\t<meta property=\"og:image:height\" content=\"720\" \/>\n\t<meta property=\"og:image:type\" content=\"image\/jpeg\" \/>\n<meta name=\"author\" content=\"Colegio de Arquitectos de Chile\" \/>\n<meta name=\"twitter:card\" content=\"summary_large_image\" \/>\n<meta name=\"twitter:creator\" content=\"@colegioarq\" \/>\n<meta name=\"twitter:site\" content=\"@colegioarq\" \/>\n<meta name=\"twitter:label1\" content=\"Escrito por\" \/>\n\t<meta name=\"twitter:data1\" content=\"Colegio de Arquitectos de Chile\" \/>\n\t<meta name=\"twitter:label2\" content=\"Tiempo de lectura\" \/>\n\t<meta name=\"twitter:data2\" content=\"2 minutos\" \/>\n<script type=\"application\/ld+json\" class=\"yoast-schema-graph\">{\"@context\":\"https:\/\/schema.org\",\"@graph\":[{\"@type\":\"Article\",\"@id\":\"https:\/\/colegioarquitectos.com\/noticias\/?p=29013#article\",\"isPartOf\":{\"@id\":\"https:\/\/colegioarquitectos.com\/noticias\/?p=29013\"},\"author\":{\"name\":\"Colegio de Arquitectos de Chile\",\"@id\":\"https:\/\/colegioarquitectos.com\/noticias\/#\/schema\/person\/685cc0aad148303c5608f049af8285ad\"},\"headline\":\"S\u00e9ptima Semana de la Arquitectura 2022 de la Delegaci\u00f3n Zonal Ays\u00e9n\",\"datePublished\":\"2022-08-17T15:51:09+00:00\",\"dateModified\":\"2022-08-19T20:38:07+00:00\",\"mainEntityOfPage\":{\"@id\":\"https:\/\/colegioarquitectos.com\/noticias\/?p=29013\"},\"wordCount\":475,\"publisher\":{\"@id\":\"https:\/\/colegioarquitectos.com\/noticias\/#organization\"},\"image\":{\"@id\":\"https:\/\/colegioarquitectos.com\/noticias\/?p=29013#primaryimage\"},\"thumbnailUrl\":\"https:\/\/colegioarquitectos.com\/noticias\/wp-content\/uploads\/2022\/08\/Nuevo-proyecto-7.jpg\",\"articleSection\":[\"Delegaciones\"],\"inLanguage\":\"es\"},{\"@type\":\"WebPage\",\"@id\":\"https:\/\/colegioarquitectos.com\/noticias\/?p=29013\",\"url\":\"https:\/\/colegioarquitectos.com\/noticias\/?p=29013\",\"name\":\"S\u00e9ptima Semana de la Arquitectura 2022 de la Delegaci\u00f3n Zonal Ays\u00e9n - COLEGIO DE ARQUITECTOS DE CHILE\",\"isPartOf\":{\"@id\":\"https:\/\/colegioarquitectos.com\/noticias\/#website\"},\"primaryImageOfPage\":{\"@id\":\"https:\/\/colegioarquitectos.com\/noticias\/?p=29013#primaryimage\"},\"image\":{\"@id\":\"https:\/\/colegioarquitectos.com\/noticias\/?p=29013#primaryimage\"},\"thumbnailUrl\":\"https:\/\/colegioarquitectos.com\/noticias\/wp-content\/uploads\/2022\/08\/Nuevo-proyecto-7.jpg\",\"datePublished\":\"2022-08-17T15:51:09+00:00\",\"dateModified\":\"2022-08-19T20:38:07+00:00\",\"breadcrumb\":{\"@id\":\"https:\/\/colegioarquitectos.com\/noticias\/?p=29013#breadcrumb\"},\"inLanguage\":\"es\",\"potentialAction\":[{\"@type\":\"ReadAction\",\"target\":[\"https:\/\/colegioarquitectos.com\/noticias\/?p=29013\"]}]},{\"@type\":\"ImageObject\",\"inLanguage\":\"es\",\"@id\":\"https:\/\/colegioarquitectos.com\/noticias\/?p=29013#primaryimage\",\"url\":\"https:\/\/colegioarquitectos.com\/noticias\/wp-content\/uploads\/2022\/08\/Nuevo-proyecto-7.jpg\",\"contentUrl\":\"https:\/\/colegioarquitectos.com\/noticias\/wp-content\/uploads\/2022\/08\/Nuevo-proyecto-7.jpg\",\"width\":1280,\"height\":720},{\"@type\":\"BreadcrumbList\",\"@id\":\"https:\/\/colegioarquitectos.com\/noticias\/?p=29013#breadcrumb\",\"itemListElement\":[{\"@type\":\"ListItem\",\"position\":1,\"name\":\"Portada\",\"item\":\"https:\/\/colegioarquitectos.com\/noticias\"},{\"@type\":\"ListItem\",\"position\":2,\"name\":\"S\u00e9ptima Semana de la Arquitectura 2022 de la Delegaci\u00f3n Zonal Ays\u00e9n\"}]},{\"@type\":\"WebSite\",\"@id\":\"https:\/\/colegioarquitectos.com\/noticias\/#website\",\"url\":\"https:\/\/colegioarquitectos.com\/noticias\/\",\"name\":\"COLEGIO DE ARQUITECTOS DE CHILE\",\"description\":\"\",\"publisher\":{\"@id\":\"https:\/\/colegioarquitectos.com\/noticias\/#organization\"},\"potentialAction\":[{\"@type\":\"SearchAction\",\"target\":{\"@type\":\"EntryPoint\",\"urlTemplate\":\"https:\/\/colegioarquitectos.com\/noticias\/?s={search_term_string}\"},\"query-input\":{\"@type\":\"PropertyValueSpecification\",\"valueRequired\":true,\"valueName\":\"search_term_string\"}}],\"inLanguage\":\"es\"},{\"@type\":\"Organization\",\"@id\":\"https:\/\/colegioarquitectos.com\/noticias\/#organization\",\"name\":\"COLEGIO DE ARQUITECTOS DE CHILE\",\"url\":\"https:\/\/colegioarquitectos.com\/noticias\/\",\"logo\":{\"@type\":\"ImageObject\",\"inLanguage\":\"es\",\"@id\":\"https:\/\/colegioarquitectos.com\/noticias\/#\/schema\/logo\/image\/\",\"url\":\"https:\/\/colegioarquitectos.com\/noticias\/wp-content\/uploads\/2021\/05\/ENCABEZADO-LOGO-CA.jpg\",\"contentUrl\":\"https:\/\/colegioarquitectos.com\/noticias\/wp-content\/uploads\/2021\/05\/ENCABEZADO-LOGO-CA.jpg\",\"width\":690,\"height\":350,\"caption\":\"COLEGIO DE ARQUITECTOS DE CHILE\"},\"image\":{\"@id\":\"https:\/\/colegioarquitectos.com\/noticias\/#\/schema\/logo\/image\/\"},\"sameAs\":[\"https:\/\/facebook.com\/Colegioarq\/\",\"https:\/\/x.com\/colegioarq\",\"https:\/\/instagram.com\/colegioarq\",\"https:\/\/youtube.com\/@ColegiodeArquitectosdeChile\"]},{\"@type\":\"Person\",\"@id\":\"https:\/\/colegioarquitectos.com\/noticias\/#\/schema\/person\/685cc0aad148303c5608f049af8285ad\",\"name\":\"Colegio de Arquitectos de Chile\",\"url\":\"https:\/\/colegioarquitectos.com\/noticias\/?author=4\"}]}<\/script>\n<!-- \/ Yoast SEO plugin. -->","yoast_head_json":{"title":"S\u00e9ptima Semana de la Arquitectura 2022 de la Delegaci\u00f3n Zonal Ays\u00e9n - COLEGIO DE ARQUITECTOS DE CHILE","robots":{"index":"index","follow":"follow","max-snippet":"max-snippet:-1","max-image-preview":"max-image-preview:large","max-video-preview":"max-video-preview:-1"},"canonical":"https:\/\/colegioarquitectos.com\/noticias\/?p=29013","og_locale":"es_ES","og_type":"article","og_title":"S\u00e9ptima Semana de la Arquitectura 2022 de la Delegaci\u00f3n Zonal Ays\u00e9n - COLEGIO DE ARQUITECTOS DE CHILE","og_description":"Nuestra Delegaci\u00f3n Zonal Ays\u00e9n realizar\u00e1 la s\u00e9ptima edici\u00f3n de la Semana de la Arquitectura 2022 desde este s\u00e1bado 20 al viernes 26 de agosto, con un diverso cronograma de actividades, que presenta desde asesor\u00edas a la comunidad y charlas, hasta &hellip; ver m\u00e1s","og_url":"https:\/\/colegioarquitectos.com\/noticias\/?p=29013","og_site_name":"COLEGIO DE ARQUITECTOS DE CHILE","article_publisher":"https:\/\/facebook.com\/Colegioarq\/","article_published_time":"2022-08-17T15:51:09+00:00","article_modified_time":"2022-08-19T20:38:07+00:00","og_image":[{"width":1280,"height":720,"url":"https:\/\/colegioarquitectos.com\/noticias\/wp-content\/uploads\/2022\/08\/Nuevo-proyecto-7.jpg","type":"image\/jpeg"}],"author":"Colegio de Arquitectos de Chile","twitter_card":"summary_large_image","twitter_creator":"@colegioarq","twitter_site":"@colegioarq","twitter_misc":{"Escrito por":"Colegio de Arquitectos de Chile","Tiempo de lectura":"2 minutos"},"schema":{"@context":"https:\/\/schema.org","@graph":[{"@type":"Article","@id":"https:\/\/colegioarquitectos.com\/noticias\/?p=29013#article","isPartOf":{"@id":"https:\/\/colegioarquitectos.com\/noticias\/?p=29013"},"author":{"name":"Colegio de Arquitectos de Chile","@id":"https:\/\/colegioarquitectos.com\/noticias\/#\/schema\/person\/685cc0aad148303c5608f049af8285ad"},"headline":"S\u00e9ptima Semana de la Arquitectura 2022 de la Delegaci\u00f3n Zonal Ays\u00e9n","datePublished":"2022-08-17T15:51:09+00:00","dateModified":"2022-08-19T20:38:07+00:00","mainEntityOfPage":{"@id":"https:\/\/colegioarquitectos.com\/noticias\/?p=29013"},"wordCount":475,"publisher":{"@id":"https:\/\/colegioarquitectos.com\/noticias\/#organization"},"image":{"@id":"https:\/\/colegioarquitectos.com\/noticias\/?p=29013#primaryimage"},"thumbnailUrl":"https:\/\/colegioarquitectos.com\/noticias\/wp-content\/uploads\/2022\/08\/Nuevo-proyecto-7.jpg","articleSection":["Delegaciones"],"inLanguage":"es"},{"@type":"WebPage","@id":"https:\/\/colegioarquitectos.com\/noticias\/?p=29013","url":"https:\/\/colegioarquitectos.com\/noticias\/?p=29013","name":"S\u00e9ptima Semana de la Arquitectura 2022 de la Delegaci\u00f3n Zonal Ays\u00e9n - COLEGIO DE ARQUITECTOS DE CHILE","isPartOf":{"@id":"https:\/\/colegioarquitectos.com\/noticias\/#website"},"primaryImageOfPage":{"@id":"https:\/\/colegioarquitectos.com\/noticias\/?p=29013#primaryimage"},"image":{"@id":"https:\/\/colegioarquitectos.com\/noticias\/?p=29013#primaryimage"},"thumbnailUrl":"https:\/\/colegioarquitectos.com\/noticias\/wp-content\/uploads\/2022\/08\/Nuevo-proyecto-7.jpg","datePublished":"2022-08-17T15:51:09+00:00","dateModified":"2022-08-19T20:38:07+00:00","breadcrumb":{"@id":"https:\/\/colegioarquitectos.com\/noticias\/?p=29013#breadcrumb"},"inLanguage":"es","potentialAction":[{"@type":"ReadAction","target":["https:\/\/colegioarquitectos.com\/noticias\/?p=29013"]}]},{"@type":"ImageObject","inLanguage":"es","@id":"https:\/\/colegioarquitectos.com\/noticias\/?p=29013#primaryimage","url":"https:\/\/colegioarquitectos.com\/noticias\/wp-content\/uploads\/2022\/08\/Nuevo-proyecto-7.jpg","contentUrl":"https:\/\/colegioarquitectos.com\/noticias\/wp-content\/uploads\/2022\/08\/Nuevo-proyecto-7.jpg","width":1280,"height":720},{"@type":"BreadcrumbList","@id":"https:\/\/colegioarquitectos.com\/noticias\/?p=29013#breadcrumb","itemListElement":[{"@type":"ListItem","position":1,"name":"Portada","item":"https:\/\/colegioarquitectos.com\/noticias"},{"@type":"ListItem","position":2,"name":"S\u00e9ptima Semana de la Arquitectura 2022 de la Delegaci\u00f3n Zonal Ays\u00e9n"}]},{"@type":"WebSite","@id":"https:\/\/colegioarquitectos.com\/noticias\/#website","url":"https:\/\/colegioarquitectos.com\/noticias\/","name":"COLEGIO DE ARQUITECTOS DE CHILE","description":"","publisher":{"@id":"https:\/\/colegioarquitectos.com\/noticias\/#organization"},"potentialAction":[{"@type":"SearchAction","target":{"@type":"EntryPoint","urlTemplate":"https:\/\/colegioarquitectos.com\/noticias\/?s={search_term_string}"},"query-input":{"@type":"PropertyValueSpecification","valueRequired":true,"valueName":"search_term_string"}}],"inLanguage":"es"},{"@type":"Organization","@id":"https:\/\/colegioarquitectos.com\/noticias\/#organization","name":"COLEGIO DE ARQUITECTOS DE CHILE","url":"https:\/\/colegioarquitectos.com\/noticias\/","logo":{"@type":"ImageObject","inLanguage":"es","@id":"https:\/\/colegioarquitectos.com\/noticias\/#\/schema\/logo\/image\/","url":"https:\/\/colegioarquitectos.com\/noticias\/wp-content\/uploads\/2021\/05\/ENCABEZADO-LOGO-CA.jpg","contentUrl":"https:\/\/colegioarquitectos.com\/noticias\/wp-content\/uploads\/2021\/05\/ENCABEZADO-LOGO-CA.jpg","width":690,"height":350,"caption":"COLEGIO DE ARQUITECTOS DE CHILE"},"image":{"@id":"https:\/\/colegioarquitectos.com\/noticias\/#\/schema\/logo\/image\/"},"sameAs":["https:\/\/facebook.com\/Colegioarq\/","https:\/\/x.com\/colegioarq","https:\/\/instagram.com\/colegioarq","https:\/\/youtube.com\/@ColegiodeArquitectosdeChile"]},{"@type":"Person","@id":"https:\/\/colegioarquitectos.com\/noticias\/#\/schema\/person\/685cc0aad148303c5608f049af8285ad","name":"Colegio de Arquitectos de Chile","url":"https:\/\/colegioarquitectos.com\/noticias\/?author=4"}]}},"_links":{"self":[{"href":"https:\/\/colegioarquitectos.com\/noticias\/index.php?rest_route=\/wp\/v2\/posts\/29013","targetHints":{"allow":["GET"]}}],"collection":[{"href":"https:\/\/colegioarquitectos.com\/noticias\/index.php?rest_route=\/wp\/v2\/posts"}],"about":[{"href":"https:\/\/colegioarquitectos.com\/noticias\/index.php?rest_route=\/wp\/v2\/types\/post"}],"author":[{"embeddable":true,"href":"https:\/\/colegioarquitectos.com\/noticias\/index.php?rest_route=\/wp\/v2\/users\/4"}],"replies":[{"embeddable":true,"href":"https:\/\/colegioarquitectos.com\/noticias\/index.php?rest_route=%2Fwp%2Fv2%2Fcomments&post=29013"}],"version-history":[{"count":0,"href":"https:\/\/colegioarquitectos.com\/noticias\/index.php?rest_route=\/wp\/v2\/posts\/29013\/revisions"}],"wp:featuredmedia":[{"embeddable":true,"href":"https:\/\/colegioarquitectos.com\/noticias\/index.php?rest_route=\/wp\/v2\/media\/29014"}],"wp:attachment":[{"href":"https:\/\/colegioarquitectos.com\/noticias\/index.php?rest_route=%2Fwp%2Fv2%2Fmedia&parent=29013"}],"wp:term":[{"taxonomy":"category","embeddable":true,"href":"https:\/\/colegioarquitectos.com\/noticias\/index.php?rest_route=%2Fwp%2Fv2%2Fcategories&post=29013"},{"taxonomy":"post_tag","embeddable":true,"href":"https:\/\/colegioarquitectos.com\/noticias\/index.php?rest_route=%2Fwp%2Fv2%2Ftags&post=29013"}],"curies":[{"name":"wp","href":"https:\/\/api.w.org\/{rel}","templated":true}]}}