
{"id":29055,"date":"2022-08-21T10:50:24","date_gmt":"2022-08-21T14:50:24","guid":{"rendered":"https:\/\/colegioarquitectos.com\/?p=29055"},"modified":"2022-08-25T10:57:40","modified_gmt":"2022-08-25T14:57:40","slug":"dz-magallanes-inicia-semana-de-la-arquitectura-2022-con-su-cena-anual","status":"publish","type":"post","link":"https:\/\/colegioarquitectos.com\/noticias\/?p=29055","title":{"rendered":"DZ Magallanes inicia Semana de la Arquitectura 2022 con su Cena Anual"},"content":{"rendered":"<p>La <strong>Delegaci\u00f3n Zonal Magallanes<\/strong> del <strong>Colegio de Arquitectos de Chile A.G.<\/strong>, inici\u00f3 las actividades de la<strong> Semana de la Arquitectura 2022<\/strong> con una <strong>cena de camarader\u00eda<\/strong> donde asistieron m\u00e1s de 20 socios y simpatizantes, ocasi\u00f3n que sirvi\u00f3 para el reencuentro y la conversaci\u00f3n.<\/p>\n<p>La cena se efectu\u00f3 en la antigua casona patrimonial del <strong>Club Naval de Campo R\u00edo de Los Ciervos<\/strong>, ubicada al sur de la ciudad de Punta Arenas. El presidente de la DZ Magallanes, junto con agradecer la participaci\u00f3n de los asistentes, hizo un llamado a participar de las diferentes actividades de la Semana de la Arquitectura 2022, <strong>las que en esta oportunidad incluir\u00e1n lanzamiento de publicaciones, concursos de arquitectura, fotograf\u00eda, croquis y cuentos breves, as\u00ed como un seminario que contar\u00e1 con la asistencia de destacados expositores nacionales<\/strong>.<\/p>\n<p>El d\u00eda <strong>lunes 22 de agosto<\/strong> a las <strong>18:00 horas<\/strong>, se efectuar\u00e1 el lanzamiento del libro <strong>\u00abEstrecho de Magallanes: Industrializaci\u00f3n, h\u00e1bitat colectivo y borde costero durante el siglo XX\u00bb<\/strong>, editado por los acad\u00e9micos de la Universidad de Magallanes, arquitectos Daniel Matus Carrasco y Boris Cvitanic D\u00edaz, mientras que el jueves 25 de agosto a partir de las 16:00 horas se realizar\u00e1 el seminario titulado <strong>\u00abCiudades \u2013 Puerto de la Patagonia: arquitectura, patrimonio y planificaci\u00f3n del territorio mar\u00edtimo austral en un contexto de cambios\u00bb<\/strong>, en el cual expondr\u00e1n los acad\u00e9micos <strong>Alejandra Carvajal (DZ Chilo\u00e9)<\/strong>, <strong>Sergio Baeriswyl (Premio Nacional de Urbanismo 2014)<\/strong> y <strong>Alberto Texido (director de la AOA)<\/strong>, junto a la exposici\u00f3n del Gobernador Mar\u00edtimo de Punta Arenas, quien se referir\u00e1 al Sistema Integrado de Administraci\u00f3n del Borde Costero (SIABC).<\/p>\n<p>Las actividades se cerrar\u00e1n el <strong>viernes 26 de agosto<\/strong> a partir de las<strong> 18:00 horas<\/strong>, con una ceremonia de recepci\u00f3n de nuevos colegiados y premiaci\u00f3n de los ganadores de los respectivos concursos.<\/p>\n<p>Las actividades de la <strong>Semana de la Arquitectura en Magallanes 2022<\/strong>, se realizar\u00e1n en formato <strong>mixto<\/strong>, de car\u00e1cter presencial desde el <strong>Auditorio Ernesto Livacic<\/strong>, ubicado en la <strong>Facultad de Ingenier\u00eda de la Universidad de Magallanes<\/strong>, siendo posible conectarse de manera online en el link <strong><a href=\"https:\/\/meet.jit.si\/DZMagallanes\">https:\/\/meet.jit.si\/DZMagallanes<\/a><\/strong>.<\/p>\n<p>&nbsp;<\/p>\n<p><\/p>","protected":false},"excerpt":{"rendered":"<p>La Delegaci\u00f3n Zonal Magallanes del Colegio de Arquitectos de Chile A.G., inici\u00f3 las actividades de la Semana de la Arquitectura 2022 con una cena de camarader\u00eda donde asistieron m\u00e1s de 20 socios y simpatizantes, ocasi\u00f3n que sirvi\u00f3 para el reencuentro &hellip; <a class=\"more-link\" href=\"https:\/\/colegioarquitectos.com\/noticias\/?p=29055\">ver m\u00e1s<\/a><\/p>","protected":false},"author":4,"featured_media":29056,"comment_status":"closed","ping_status":"closed","sticky":false,"template":"","format":"standard","meta":{"footnotes":""},"categories":[10],"tags":[],"class_list":["post-29055","post","type-post","status-publish","format-standard","has-post-thumbnail","hentry","category-delegaciones-zonales"],"yoast_head":"<!-- This site is optimized with the Yoast SEO plugin v24.2 - https:\/\/yoast.com\/wordpress\/plugins\/seo\/ -->\n<title>DZ Magallanes inicia Semana de la Arquitectura 2022 con su Cena Anual - COLEGIO DE ARQUITECTOS DE CHILE<\/title>\n<meta name=\"robots\" content=\"index, follow, max-snippet:-1, max-image-preview:large, max-video-preview:-1\" \/>\n<link rel=\"canonical\" href=\"https:\/\/colegioarquitectos.com\/noticias\/?p=29055\" \/>\n<meta property=\"og:locale\" content=\"es_ES\" \/>\n<meta property=\"og:type\" content=\"article\" \/>\n<meta property=\"og:title\" content=\"DZ Magallanes inicia Semana de la Arquitectura 2022 con su Cena Anual - COLEGIO DE ARQUITECTOS DE CHILE\" \/>\n<meta property=\"og:description\" content=\"La Delegaci\u00f3n Zonal Magallanes del Colegio de Arquitectos de Chile A.G., inici\u00f3 las actividades de la Semana de la Arquitectura 2022 con una cena de camarader\u00eda donde asistieron m\u00e1s de 20 socios y simpatizantes, ocasi\u00f3n que sirvi\u00f3 para el reencuentro &hellip; ver m\u00e1s\" \/>\n<meta property=\"og:url\" content=\"https:\/\/colegioarquitectos.com\/noticias\/?p=29055\" \/>\n<meta property=\"og:site_name\" content=\"COLEGIO DE ARQUITECTOS DE CHILE\" \/>\n<meta property=\"article:publisher\" content=\"https:\/\/facebook.com\/Colegioarq\/\" \/>\n<meta property=\"article:published_time\" content=\"2022-08-21T14:50:24+00:00\" \/>\n<meta property=\"article:modified_time\" content=\"2022-08-25T14:57:40+00:00\" \/>\n<meta property=\"og:image\" content=\"https:\/\/colegioarquitectos.com\/noticias\/wp-content\/uploads\/2022\/08\/Nuevo-proyecto-8.jpg\" \/>\n\t<meta property=\"og:image:width\" content=\"1280\" \/>\n\t<meta property=\"og:image:height\" content=\"720\" \/>\n\t<meta property=\"og:image:type\" content=\"image\/jpeg\" \/>\n<meta name=\"author\" content=\"Colegio de Arquitectos de Chile\" \/>\n<meta name=\"twitter:card\" content=\"summary_large_image\" \/>\n<meta name=\"twitter:creator\" content=\"@colegioarq\" \/>\n<meta name=\"twitter:site\" content=\"@colegioarq\" \/>\n<meta name=\"twitter:label1\" content=\"Escrito por\" \/>\n\t<meta name=\"twitter:data1\" content=\"Colegio de Arquitectos de Chile\" \/>\n\t<meta name=\"twitter:label2\" content=\"Tiempo de lectura\" \/>\n\t<meta name=\"twitter:data2\" content=\"2 minutos\" \/>\n<script type=\"application\/ld+json\" class=\"yoast-schema-graph\">{\"@context\":\"https:\/\/schema.org\",\"@graph\":[{\"@type\":\"Article\",\"@id\":\"https:\/\/colegioarquitectos.com\/noticias\/?p=29055#article\",\"isPartOf\":{\"@id\":\"https:\/\/colegioarquitectos.com\/noticias\/?p=29055\"},\"author\":{\"name\":\"Colegio de Arquitectos de Chile\",\"@id\":\"https:\/\/colegioarquitectos.com\/noticias\/#\/schema\/person\/685cc0aad148303c5608f049af8285ad\"},\"headline\":\"DZ Magallanes inicia Semana de la Arquitectura 2022 con su Cena Anual\",\"datePublished\":\"2022-08-21T14:50:24+00:00\",\"dateModified\":\"2022-08-25T14:57:40+00:00\",\"mainEntityOfPage\":{\"@id\":\"https:\/\/colegioarquitectos.com\/noticias\/?p=29055\"},\"wordCount\":368,\"publisher\":{\"@id\":\"https:\/\/colegioarquitectos.com\/noticias\/#organization\"},\"image\":{\"@id\":\"https:\/\/colegioarquitectos.com\/noticias\/?p=29055#primaryimage\"},\"thumbnailUrl\":\"https:\/\/colegioarquitectos.com\/noticias\/wp-content\/uploads\/2022\/08\/Nuevo-proyecto-8.jpg\",\"articleSection\":[\"Delegaciones\"],\"inLanguage\":\"es\"},{\"@type\":\"WebPage\",\"@id\":\"https:\/\/colegioarquitectos.com\/noticias\/?p=29055\",\"url\":\"https:\/\/colegioarquitectos.com\/noticias\/?p=29055\",\"name\":\"DZ Magallanes inicia Semana de la Arquitectura 2022 con su Cena Anual - COLEGIO DE ARQUITECTOS DE CHILE\",\"isPartOf\":{\"@id\":\"https:\/\/colegioarquitectos.com\/noticias\/#website\"},\"primaryImageOfPage\":{\"@id\":\"https:\/\/colegioarquitectos.com\/noticias\/?p=29055#primaryimage\"},\"image\":{\"@id\":\"https:\/\/colegioarquitectos.com\/noticias\/?p=29055#primaryimage\"},\"thumbnailUrl\":\"https:\/\/colegioarquitectos.com\/noticias\/wp-content\/uploads\/2022\/08\/Nuevo-proyecto-8.jpg\",\"datePublished\":\"2022-08-21T14:50:24+00:00\",\"dateModified\":\"2022-08-25T14:57:40+00:00\",\"breadcrumb\":{\"@id\":\"https:\/\/colegioarquitectos.com\/noticias\/?p=29055#breadcrumb\"},\"inLanguage\":\"es\",\"potentialAction\":[{\"@type\":\"ReadAction\",\"target\":[\"https:\/\/colegioarquitectos.com\/noticias\/?p=29055\"]}]},{\"@type\":\"ImageObject\",\"inLanguage\":\"es\",\"@id\":\"https:\/\/colegioarquitectos.com\/noticias\/?p=29055#primaryimage\",\"url\":\"https:\/\/colegioarquitectos.com\/noticias\/wp-content\/uploads\/2022\/08\/Nuevo-proyecto-8.jpg\",\"contentUrl\":\"https:\/\/colegioarquitectos.com\/noticias\/wp-content\/uploads\/2022\/08\/Nuevo-proyecto-8.jpg\",\"width\":1280,\"height\":720},{\"@type\":\"BreadcrumbList\",\"@id\":\"https:\/\/colegioarquitectos.com\/noticias\/?p=29055#breadcrumb\",\"itemListElement\":[{\"@type\":\"ListItem\",\"position\":1,\"name\":\"Portada\",\"item\":\"https:\/\/colegioarquitectos.com\/noticias\"},{\"@type\":\"ListItem\",\"position\":2,\"name\":\"DZ Magallanes inicia Semana de la Arquitectura 2022 con su Cena Anual\"}]},{\"@type\":\"WebSite\",\"@id\":\"https:\/\/colegioarquitectos.com\/noticias\/#website\",\"url\":\"https:\/\/colegioarquitectos.com\/noticias\/\",\"name\":\"COLEGIO DE ARQUITECTOS DE CHILE\",\"description\":\"\",\"publisher\":{\"@id\":\"https:\/\/colegioarquitectos.com\/noticias\/#organization\"},\"potentialAction\":[{\"@type\":\"SearchAction\",\"target\":{\"@type\":\"EntryPoint\",\"urlTemplate\":\"https:\/\/colegioarquitectos.com\/noticias\/?s={search_term_string}\"},\"query-input\":{\"@type\":\"PropertyValueSpecification\",\"valueRequired\":true,\"valueName\":\"search_term_string\"}}],\"inLanguage\":\"es\"},{\"@type\":\"Organization\",\"@id\":\"https:\/\/colegioarquitectos.com\/noticias\/#organization\",\"name\":\"COLEGIO DE ARQUITECTOS DE CHILE\",\"url\":\"https:\/\/colegioarquitectos.com\/noticias\/\",\"logo\":{\"@type\":\"ImageObject\",\"inLanguage\":\"es\",\"@id\":\"https:\/\/colegioarquitectos.com\/noticias\/#\/schema\/logo\/image\/\",\"url\":\"https:\/\/colegioarquitectos.com\/noticias\/wp-content\/uploads\/2021\/05\/ENCABEZADO-LOGO-CA.jpg\",\"contentUrl\":\"https:\/\/colegioarquitectos.com\/noticias\/wp-content\/uploads\/2021\/05\/ENCABEZADO-LOGO-CA.jpg\",\"width\":690,\"height\":350,\"caption\":\"COLEGIO DE ARQUITECTOS DE CHILE\"},\"image\":{\"@id\":\"https:\/\/colegioarquitectos.com\/noticias\/#\/schema\/logo\/image\/\"},\"sameAs\":[\"https:\/\/facebook.com\/Colegioarq\/\",\"https:\/\/x.com\/colegioarq\",\"https:\/\/instagram.com\/colegioarq\",\"https:\/\/youtube.com\/@ColegiodeArquitectosdeChile\"]},{\"@type\":\"Person\",\"@id\":\"https:\/\/colegioarquitectos.com\/noticias\/#\/schema\/person\/685cc0aad148303c5608f049af8285ad\",\"name\":\"Colegio de Arquitectos de Chile\",\"url\":\"https:\/\/colegioarquitectos.com\/noticias\/?author=4\"}]}<\/script>\n<!-- \/ Yoast SEO plugin. -->","yoast_head_json":{"title":"DZ Magallanes inicia Semana de la Arquitectura 2022 con su Cena Anual - COLEGIO DE ARQUITECTOS DE CHILE","robots":{"index":"index","follow":"follow","max-snippet":"max-snippet:-1","max-image-preview":"max-image-preview:large","max-video-preview":"max-video-preview:-1"},"canonical":"https:\/\/colegioarquitectos.com\/noticias\/?p=29055","og_locale":"es_ES","og_type":"article","og_title":"DZ Magallanes inicia Semana de la Arquitectura 2022 con su Cena Anual - COLEGIO DE ARQUITECTOS DE CHILE","og_description":"La Delegaci\u00f3n Zonal Magallanes del Colegio de Arquitectos de Chile A.G., inici\u00f3 las actividades de la Semana de la Arquitectura 2022 con una cena de camarader\u00eda donde asistieron m\u00e1s de 20 socios y simpatizantes, ocasi\u00f3n que sirvi\u00f3 para el reencuentro &hellip; ver m\u00e1s","og_url":"https:\/\/colegioarquitectos.com\/noticias\/?p=29055","og_site_name":"COLEGIO DE ARQUITECTOS DE CHILE","article_publisher":"https:\/\/facebook.com\/Colegioarq\/","article_published_time":"2022-08-21T14:50:24+00:00","article_modified_time":"2022-08-25T14:57:40+00:00","og_image":[{"width":1280,"height":720,"url":"https:\/\/colegioarquitectos.com\/noticias\/wp-content\/uploads\/2022\/08\/Nuevo-proyecto-8.jpg","type":"image\/jpeg"}],"author":"Colegio de Arquitectos de Chile","twitter_card":"summary_large_image","twitter_creator":"@colegioarq","twitter_site":"@colegioarq","twitter_misc":{"Escrito por":"Colegio de Arquitectos de Chile","Tiempo de lectura":"2 minutos"},"schema":{"@context":"https:\/\/schema.org","@graph":[{"@type":"Article","@id":"https:\/\/colegioarquitectos.com\/noticias\/?p=29055#article","isPartOf":{"@id":"https:\/\/colegioarquitectos.com\/noticias\/?p=29055"},"author":{"name":"Colegio de Arquitectos de Chile","@id":"https:\/\/colegioarquitectos.com\/noticias\/#\/schema\/person\/685cc0aad148303c5608f049af8285ad"},"headline":"DZ Magallanes inicia Semana de la Arquitectura 2022 con su Cena Anual","datePublished":"2022-08-21T14:50:24+00:00","dateModified":"2022-08-25T14:57:40+00:00","mainEntityOfPage":{"@id":"https:\/\/colegioarquitectos.com\/noticias\/?p=29055"},"wordCount":368,"publisher":{"@id":"https:\/\/colegioarquitectos.com\/noticias\/#organization"},"image":{"@id":"https:\/\/colegioarquitectos.com\/noticias\/?p=29055#primaryimage"},"thumbnailUrl":"https:\/\/colegioarquitectos.com\/noticias\/wp-content\/uploads\/2022\/08\/Nuevo-proyecto-8.jpg","articleSection":["Delegaciones"],"inLanguage":"es"},{"@type":"WebPage","@id":"https:\/\/colegioarquitectos.com\/noticias\/?p=29055","url":"https:\/\/colegioarquitectos.com\/noticias\/?p=29055","name":"DZ Magallanes inicia Semana de la Arquitectura 2022 con su Cena Anual - COLEGIO DE ARQUITECTOS DE CHILE","isPartOf":{"@id":"https:\/\/colegioarquitectos.com\/noticias\/#website"},"primaryImageOfPage":{"@id":"https:\/\/colegioarquitectos.com\/noticias\/?p=29055#primaryimage"},"image":{"@id":"https:\/\/colegioarquitectos.com\/noticias\/?p=29055#primaryimage"},"thumbnailUrl":"https:\/\/colegioarquitectos.com\/noticias\/wp-content\/uploads\/2022\/08\/Nuevo-proyecto-8.jpg","datePublished":"2022-08-21T14:50:24+00:00","dateModified":"2022-08-25T14:57:40+00:00","breadcrumb":{"@id":"https:\/\/colegioarquitectos.com\/noticias\/?p=29055#breadcrumb"},"inLanguage":"es","potentialAction":[{"@type":"ReadAction","target":["https:\/\/colegioarquitectos.com\/noticias\/?p=29055"]}]},{"@type":"ImageObject","inLanguage":"es","@id":"https:\/\/colegioarquitectos.com\/noticias\/?p=29055#primaryimage","url":"https:\/\/colegioarquitectos.com\/noticias\/wp-content\/uploads\/2022\/08\/Nuevo-proyecto-8.jpg","contentUrl":"https:\/\/colegioarquitectos.com\/noticias\/wp-content\/uploads\/2022\/08\/Nuevo-proyecto-8.jpg","width":1280,"height":720},{"@type":"BreadcrumbList","@id":"https:\/\/colegioarquitectos.com\/noticias\/?p=29055#breadcrumb","itemListElement":[{"@type":"ListItem","position":1,"name":"Portada","item":"https:\/\/colegioarquitectos.com\/noticias"},{"@type":"ListItem","position":2,"name":"DZ Magallanes inicia Semana de la Arquitectura 2022 con su Cena Anual"}]},{"@type":"WebSite","@id":"https:\/\/colegioarquitectos.com\/noticias\/#website","url":"https:\/\/colegioarquitectos.com\/noticias\/","name":"COLEGIO DE ARQUITECTOS DE CHILE","description":"","publisher":{"@id":"https:\/\/colegioarquitectos.com\/noticias\/#organization"},"potentialAction":[{"@type":"SearchAction","target":{"@type":"EntryPoint","urlTemplate":"https:\/\/colegioarquitectos.com\/noticias\/?s={search_term_string}"},"query-input":{"@type":"PropertyValueSpecification","valueRequired":true,"valueName":"search_term_string"}}],"inLanguage":"es"},{"@type":"Organization","@id":"https:\/\/colegioarquitectos.com\/noticias\/#organization","name":"COLEGIO DE ARQUITECTOS DE CHILE","url":"https:\/\/colegioarquitectos.com\/noticias\/","logo":{"@type":"ImageObject","inLanguage":"es","@id":"https:\/\/colegioarquitectos.com\/noticias\/#\/schema\/logo\/image\/","url":"https:\/\/colegioarquitectos.com\/noticias\/wp-content\/uploads\/2021\/05\/ENCABEZADO-LOGO-CA.jpg","contentUrl":"https:\/\/colegioarquitectos.com\/noticias\/wp-content\/uploads\/2021\/05\/ENCABEZADO-LOGO-CA.jpg","width":690,"height":350,"caption":"COLEGIO DE ARQUITECTOS DE CHILE"},"image":{"@id":"https:\/\/colegioarquitectos.com\/noticias\/#\/schema\/logo\/image\/"},"sameAs":["https:\/\/facebook.com\/Colegioarq\/","https:\/\/x.com\/colegioarq","https:\/\/instagram.com\/colegioarq","https:\/\/youtube.com\/@ColegiodeArquitectosdeChile"]},{"@type":"Person","@id":"https:\/\/colegioarquitectos.com\/noticias\/#\/schema\/person\/685cc0aad148303c5608f049af8285ad","name":"Colegio de Arquitectos de Chile","url":"https:\/\/colegioarquitectos.com\/noticias\/?author=4"}]}},"_links":{"self":[{"href":"https:\/\/colegioarquitectos.com\/noticias\/index.php?rest_route=\/wp\/v2\/posts\/29055","targetHints":{"allow":["GET"]}}],"collection":[{"href":"https:\/\/colegioarquitectos.com\/noticias\/index.php?rest_route=\/wp\/v2\/posts"}],"about":[{"href":"https:\/\/colegioarquitectos.com\/noticias\/index.php?rest_route=\/wp\/v2\/types\/post"}],"author":[{"embeddable":true,"href":"https:\/\/colegioarquitectos.com\/noticias\/index.php?rest_route=\/wp\/v2\/users\/4"}],"replies":[{"embeddable":true,"href":"https:\/\/colegioarquitectos.com\/noticias\/index.php?rest_route=%2Fwp%2Fv2%2Fcomments&post=29055"}],"version-history":[{"count":0,"href":"https:\/\/colegioarquitectos.com\/noticias\/index.php?rest_route=\/wp\/v2\/posts\/29055\/revisions"}],"wp:featuredmedia":[{"embeddable":true,"href":"https:\/\/colegioarquitectos.com\/noticias\/index.php?rest_route=\/wp\/v2\/media\/29056"}],"wp:attachment":[{"href":"https:\/\/colegioarquitectos.com\/noticias\/index.php?rest_route=%2Fwp%2Fv2%2Fmedia&parent=29055"}],"wp:term":[{"taxonomy":"category","embeddable":true,"href":"https:\/\/colegioarquitectos.com\/noticias\/index.php?rest_route=%2Fwp%2Fv2%2Fcategories&post=29055"},{"taxonomy":"post_tag","embeddable":true,"href":"https:\/\/colegioarquitectos.com\/noticias\/index.php?rest_route=%2Fwp%2Fv2%2Ftags&post=29055"}],"curies":[{"name":"wp","href":"https:\/\/api.w.org\/{rel}","templated":true}]}}