
{"id":29288,"date":"2022-10-26T12:03:48","date_gmt":"2022-10-26T16:03:48","guid":{"rendered":"https:\/\/colegioarquitectos.com\/?p=29288"},"modified":"2022-10-26T12:03:48","modified_gmt":"2022-10-26T16:03:48","slug":"presidenta-jadille-baza-participa-de-la-presentacion-del-plan-te-quiero-stgo","status":"publish","type":"post","link":"https:\/\/colegioarquitectos.com\/noticias\/?p=29288","title":{"rendered":"Presidenta Jadille Baza participa de la presentaci\u00f3n del Plan \u00abTe Quiero Stgo\u00bb"},"content":{"rendered":"<p>La alcaldesa de Santiago,<strong> Irac\u00ed Hassler<\/strong>; la delegada presidencial metropolitana, <strong>Constanza Mart\u00ednez<\/strong>; nuestra Presidenta Nacional, <strong>Jadille Baza<\/strong>; el concejal <strong>Santiago Mekis<\/strong>, y <strong>vecinas y vecinos del barrio Esmeralda<\/strong>, presentaron el <strong>Plan \u00abTe Quiero Stgo\u00bb<\/strong>, que busca la <strong>mejora de espacios de uso p\u00fablico a trav\u00e9s de la recuperaci\u00f3n y pintura de fachadas, reparaci\u00f3n de veredas,\u00a0 mejoras en luminarios, c\u00e1maras de televigilancia, y reactivaci\u00f3n de puntos para fomentar el deporte y la cultura<\/strong>, entre otros.<\/p>\n<p>El inicio del plan tuvo lugar en la <strong>calle Esmeralda<\/strong>, donde comenzaron los trabajos de recuperaci\u00f3n y pintura de fachadas, con lo que se busca aportar a la revitalizaci\u00f3n del entorno.<\/p>\n<p>\u00abHoy d\u00eda inicia la recuperaci\u00f3n de fachadas, este es el puntapi\u00e9 inicial de la recuperaci\u00f3n de este importante barrio hist\u00f3rico de la comuna capital y quiero agradecer a todos y todas por ser parte de esto, porque esto no lo hace solo el municipio, solo una instituci\u00f3n, si no que lo hacemos en comunidad, y de hecho eso es parte importante de este plan, porque recuperar las fachadas, recuperar la arquitectura, es muy relevante, es muy necesario, pero tambi\u00e9n recuperando el tejido social\u00bb, indic\u00f3 la <strong>alcaldesa Hassler<\/strong>.<\/p>\n<p>\u00abComo gobierno central, desde el primer d\u00eda que asumimos creemos que la recuperaci\u00f3n de espacios p\u00fablicos es algo central para recuperar tanto nuestra convivencia como tambi\u00e9n el sentido de comunidad, el sentido de seguridad, el sentido de patrimonio\u00bb, coment\u00f3 la <strong>delegada Mart\u00ednez<\/strong>.<\/p>\n<p>Por otra parte, la Presidenta del Colegio de Arquitectos de Chile, <strong>Jadille Baza<\/strong>, agreg\u00f3 que \u00abcomo asociaci\u00f3n gremial, nos sentimos orgullosos de participar de este puntapi\u00e9 inicial de recuperaci\u00f3n del centro c\u00edvico de Santiago que ha lanzado en este momento la alcaldesa\u00bb.<\/p>\n<p>\u00ab<strong>Aqu\u00ed hay una acci\u00f3n concreta de un proyecto que se ha estado analizando y estudiando un tiempo y este es un pie inicial concreto de acci\u00f3n<\/strong> que es lo que todos esperamos, que las cosas se resuelvan lo m\u00e1s r\u00e1pido posible\u00bb, cerr\u00f3 la Presidenta Nacional.<\/p>\n<p><strong>\u00abTe Quiero Stgo\u00bb<\/strong> contempla una inversi\u00f3n de m\u00e1s de <strong>$5.700 millones<\/strong> aportados por distintas instituciones: Subdere, Sercotec, Ministerio de Vivienda y Urbanismo, Subsecretar\u00eda de Prevenci\u00f3n del Delito, Gobierno Regional, Conadi, <strong>as\u00ed como fondos propios municipales a trav\u00e9s de presupuestos participativos, los que se centrar\u00e1n en el eje Alameda oriente y a los que se agrega ahora calle Esmeralda<\/strong>.<\/p>\n<p>&nbsp;<\/p>\n<p><\/p>","protected":false},"excerpt":{"rendered":"<p>La alcaldesa de Santiago, Irac\u00ed Hassler; la delegada presidencial metropolitana, Constanza Mart\u00ednez; nuestra Presidenta Nacional, Jadille Baza; el concejal Santiago Mekis, y vecinas y vecinos del barrio Esmeralda, presentaron el Plan \u00abTe Quiero Stgo\u00bb, que busca la mejora de espacios &hellip; <a class=\"more-link\" href=\"https:\/\/colegioarquitectos.com\/noticias\/?p=29288\">ver m\u00e1s<\/a><\/p>","protected":false},"author":4,"featured_media":29289,"comment_status":"closed","ping_status":"closed","sticky":false,"template":"","format":"standard","meta":{"footnotes":""},"categories":[8],"tags":[],"class_list":["post-29288","post","type-post","status-publish","format-standard","has-post-thumbnail","hentry","category-colegio-de-arquitectos"],"yoast_head":"<!-- This site is optimized with the Yoast SEO plugin v24.2 - https:\/\/yoast.com\/wordpress\/plugins\/seo\/ -->\n<title>Presidenta Jadille Baza participa de la presentaci\u00f3n del Plan \u00abTe Quiero Stgo\u00bb - COLEGIO DE ARQUITECTOS DE CHILE<\/title>\n<meta name=\"robots\" content=\"index, follow, max-snippet:-1, max-image-preview:large, max-video-preview:-1\" \/>\n<link rel=\"canonical\" href=\"https:\/\/colegioarquitectos.com\/noticias\/?p=29288\" \/>\n<meta property=\"og:locale\" content=\"es_ES\" \/>\n<meta property=\"og:type\" content=\"article\" \/>\n<meta property=\"og:title\" content=\"Presidenta Jadille Baza participa de la presentaci\u00f3n del Plan \u00abTe Quiero Stgo\u00bb - COLEGIO DE ARQUITECTOS DE CHILE\" \/>\n<meta property=\"og:description\" content=\"La alcaldesa de Santiago, Irac\u00ed Hassler; la delegada presidencial metropolitana, Constanza Mart\u00ednez; nuestra Presidenta Nacional, Jadille Baza; el concejal Santiago Mekis, y vecinas y vecinos del barrio Esmeralda, presentaron el Plan \u00abTe Quiero Stgo\u00bb, que busca la mejora de espacios &hellip; ver m\u00e1s\" \/>\n<meta property=\"og:url\" content=\"https:\/\/colegioarquitectos.com\/noticias\/?p=29288\" \/>\n<meta property=\"og:site_name\" content=\"COLEGIO DE ARQUITECTOS DE CHILE\" \/>\n<meta property=\"article:publisher\" content=\"https:\/\/facebook.com\/Colegioarq\/\" \/>\n<meta property=\"article:published_time\" content=\"2022-10-26T16:03:48+00:00\" \/>\n<meta property=\"og:image\" content=\"https:\/\/colegioarquitectos.com\/noticias\/wp-content\/uploads\/2022\/10\/PORTADA.jpg\" \/>\n\t<meta property=\"og:image:width\" content=\"1280\" \/>\n\t<meta property=\"og:image:height\" content=\"720\" \/>\n\t<meta property=\"og:image:type\" content=\"image\/jpeg\" \/>\n<meta name=\"author\" content=\"Colegio de Arquitectos de Chile\" \/>\n<meta name=\"twitter:card\" content=\"summary_large_image\" \/>\n<meta name=\"twitter:creator\" content=\"@colegioarq\" \/>\n<meta name=\"twitter:site\" content=\"@colegioarq\" \/>\n<meta name=\"twitter:label1\" content=\"Escrito por\" \/>\n\t<meta name=\"twitter:data1\" content=\"Colegio de Arquitectos de Chile\" \/>\n\t<meta name=\"twitter:label2\" content=\"Tiempo de lectura\" \/>\n\t<meta name=\"twitter:data2\" content=\"2 minutos\" \/>\n<script type=\"application\/ld+json\" class=\"yoast-schema-graph\">{\"@context\":\"https:\/\/schema.org\",\"@graph\":[{\"@type\":\"Article\",\"@id\":\"https:\/\/colegioarquitectos.com\/noticias\/?p=29288#article\",\"isPartOf\":{\"@id\":\"https:\/\/colegioarquitectos.com\/noticias\/?p=29288\"},\"author\":{\"name\":\"Colegio de Arquitectos de Chile\",\"@id\":\"https:\/\/colegioarquitectos.com\/noticias\/#\/schema\/person\/685cc0aad148303c5608f049af8285ad\"},\"headline\":\"Presidenta Jadille Baza participa de la presentaci\u00f3n del Plan \u00abTe Quiero Stgo\u00bb\",\"datePublished\":\"2022-10-26T16:03:48+00:00\",\"dateModified\":\"2022-10-26T16:03:48+00:00\",\"mainEntityOfPage\":{\"@id\":\"https:\/\/colegioarquitectos.com\/noticias\/?p=29288\"},\"wordCount\":425,\"publisher\":{\"@id\":\"https:\/\/colegioarquitectos.com\/noticias\/#organization\"},\"image\":{\"@id\":\"https:\/\/colegioarquitectos.com\/noticias\/?p=29288#primaryimage\"},\"thumbnailUrl\":\"https:\/\/colegioarquitectos.com\/noticias\/wp-content\/uploads\/2022\/10\/PORTADA.jpg\",\"articleSection\":[\"Colegio\"],\"inLanguage\":\"es\"},{\"@type\":\"WebPage\",\"@id\":\"https:\/\/colegioarquitectos.com\/noticias\/?p=29288\",\"url\":\"https:\/\/colegioarquitectos.com\/noticias\/?p=29288\",\"name\":\"Presidenta Jadille Baza participa de la presentaci\u00f3n del Plan \u00abTe Quiero Stgo\u00bb - COLEGIO DE ARQUITECTOS DE CHILE\",\"isPartOf\":{\"@id\":\"https:\/\/colegioarquitectos.com\/noticias\/#website\"},\"primaryImageOfPage\":{\"@id\":\"https:\/\/colegioarquitectos.com\/noticias\/?p=29288#primaryimage\"},\"image\":{\"@id\":\"https:\/\/colegioarquitectos.com\/noticias\/?p=29288#primaryimage\"},\"thumbnailUrl\":\"https:\/\/colegioarquitectos.com\/noticias\/wp-content\/uploads\/2022\/10\/PORTADA.jpg\",\"datePublished\":\"2022-10-26T16:03:48+00:00\",\"dateModified\":\"2022-10-26T16:03:48+00:00\",\"breadcrumb\":{\"@id\":\"https:\/\/colegioarquitectos.com\/noticias\/?p=29288#breadcrumb\"},\"inLanguage\":\"es\",\"potentialAction\":[{\"@type\":\"ReadAction\",\"target\":[\"https:\/\/colegioarquitectos.com\/noticias\/?p=29288\"]}]},{\"@type\":\"ImageObject\",\"inLanguage\":\"es\",\"@id\":\"https:\/\/colegioarquitectos.com\/noticias\/?p=29288#primaryimage\",\"url\":\"https:\/\/colegioarquitectos.com\/noticias\/wp-content\/uploads\/2022\/10\/PORTADA.jpg\",\"contentUrl\":\"https:\/\/colegioarquitectos.com\/noticias\/wp-content\/uploads\/2022\/10\/PORTADA.jpg\",\"width\":1280,\"height\":720},{\"@type\":\"BreadcrumbList\",\"@id\":\"https:\/\/colegioarquitectos.com\/noticias\/?p=29288#breadcrumb\",\"itemListElement\":[{\"@type\":\"ListItem\",\"position\":1,\"name\":\"Portada\",\"item\":\"https:\/\/colegioarquitectos.com\/noticias\"},{\"@type\":\"ListItem\",\"position\":2,\"name\":\"Presidenta Jadille Baza participa de la presentaci\u00f3n del Plan \u00abTe Quiero Stgo\u00bb\"}]},{\"@type\":\"WebSite\",\"@id\":\"https:\/\/colegioarquitectos.com\/noticias\/#website\",\"url\":\"https:\/\/colegioarquitectos.com\/noticias\/\",\"name\":\"COLEGIO DE ARQUITECTOS DE CHILE\",\"description\":\"\",\"publisher\":{\"@id\":\"https:\/\/colegioarquitectos.com\/noticias\/#organization\"},\"potentialAction\":[{\"@type\":\"SearchAction\",\"target\":{\"@type\":\"EntryPoint\",\"urlTemplate\":\"https:\/\/colegioarquitectos.com\/noticias\/?s={search_term_string}\"},\"query-input\":{\"@type\":\"PropertyValueSpecification\",\"valueRequired\":true,\"valueName\":\"search_term_string\"}}],\"inLanguage\":\"es\"},{\"@type\":\"Organization\",\"@id\":\"https:\/\/colegioarquitectos.com\/noticias\/#organization\",\"name\":\"COLEGIO DE ARQUITECTOS DE CHILE\",\"url\":\"https:\/\/colegioarquitectos.com\/noticias\/\",\"logo\":{\"@type\":\"ImageObject\",\"inLanguage\":\"es\",\"@id\":\"https:\/\/colegioarquitectos.com\/noticias\/#\/schema\/logo\/image\/\",\"url\":\"https:\/\/colegioarquitectos.com\/noticias\/wp-content\/uploads\/2021\/05\/ENCABEZADO-LOGO-CA.jpg\",\"contentUrl\":\"https:\/\/colegioarquitectos.com\/noticias\/wp-content\/uploads\/2021\/05\/ENCABEZADO-LOGO-CA.jpg\",\"width\":690,\"height\":350,\"caption\":\"COLEGIO DE ARQUITECTOS DE CHILE\"},\"image\":{\"@id\":\"https:\/\/colegioarquitectos.com\/noticias\/#\/schema\/logo\/image\/\"},\"sameAs\":[\"https:\/\/facebook.com\/Colegioarq\/\",\"https:\/\/x.com\/colegioarq\",\"https:\/\/instagram.com\/colegioarq\",\"https:\/\/youtube.com\/@ColegiodeArquitectosdeChile\"]},{\"@type\":\"Person\",\"@id\":\"https:\/\/colegioarquitectos.com\/noticias\/#\/schema\/person\/685cc0aad148303c5608f049af8285ad\",\"name\":\"Colegio de Arquitectos de Chile\",\"url\":\"https:\/\/colegioarquitectos.com\/noticias\/?author=4\"}]}<\/script>\n<!-- \/ Yoast SEO plugin. -->","yoast_head_json":{"title":"Presidenta Jadille Baza participa de la presentaci\u00f3n del Plan \u00abTe Quiero Stgo\u00bb - COLEGIO DE ARQUITECTOS DE CHILE","robots":{"index":"index","follow":"follow","max-snippet":"max-snippet:-1","max-image-preview":"max-image-preview:large","max-video-preview":"max-video-preview:-1"},"canonical":"https:\/\/colegioarquitectos.com\/noticias\/?p=29288","og_locale":"es_ES","og_type":"article","og_title":"Presidenta Jadille Baza participa de la presentaci\u00f3n del Plan \u00abTe Quiero Stgo\u00bb - COLEGIO DE ARQUITECTOS DE CHILE","og_description":"La alcaldesa de Santiago, Irac\u00ed Hassler; la delegada presidencial metropolitana, Constanza Mart\u00ednez; nuestra Presidenta Nacional, Jadille Baza; el concejal Santiago Mekis, y vecinas y vecinos del barrio Esmeralda, presentaron el Plan \u00abTe Quiero Stgo\u00bb, que busca la mejora de espacios &hellip; ver m\u00e1s","og_url":"https:\/\/colegioarquitectos.com\/noticias\/?p=29288","og_site_name":"COLEGIO DE ARQUITECTOS DE CHILE","article_publisher":"https:\/\/facebook.com\/Colegioarq\/","article_published_time":"2022-10-26T16:03:48+00:00","og_image":[{"width":1280,"height":720,"url":"https:\/\/colegioarquitectos.com\/noticias\/wp-content\/uploads\/2022\/10\/PORTADA.jpg","type":"image\/jpeg"}],"author":"Colegio de Arquitectos de Chile","twitter_card":"summary_large_image","twitter_creator":"@colegioarq","twitter_site":"@colegioarq","twitter_misc":{"Escrito por":"Colegio de Arquitectos de Chile","Tiempo de lectura":"2 minutos"},"schema":{"@context":"https:\/\/schema.org","@graph":[{"@type":"Article","@id":"https:\/\/colegioarquitectos.com\/noticias\/?p=29288#article","isPartOf":{"@id":"https:\/\/colegioarquitectos.com\/noticias\/?p=29288"},"author":{"name":"Colegio de Arquitectos de Chile","@id":"https:\/\/colegioarquitectos.com\/noticias\/#\/schema\/person\/685cc0aad148303c5608f049af8285ad"},"headline":"Presidenta Jadille Baza participa de la presentaci\u00f3n del Plan \u00abTe Quiero Stgo\u00bb","datePublished":"2022-10-26T16:03:48+00:00","dateModified":"2022-10-26T16:03:48+00:00","mainEntityOfPage":{"@id":"https:\/\/colegioarquitectos.com\/noticias\/?p=29288"},"wordCount":425,"publisher":{"@id":"https:\/\/colegioarquitectos.com\/noticias\/#organization"},"image":{"@id":"https:\/\/colegioarquitectos.com\/noticias\/?p=29288#primaryimage"},"thumbnailUrl":"https:\/\/colegioarquitectos.com\/noticias\/wp-content\/uploads\/2022\/10\/PORTADA.jpg","articleSection":["Colegio"],"inLanguage":"es"},{"@type":"WebPage","@id":"https:\/\/colegioarquitectos.com\/noticias\/?p=29288","url":"https:\/\/colegioarquitectos.com\/noticias\/?p=29288","name":"Presidenta Jadille Baza participa de la presentaci\u00f3n del Plan \u00abTe Quiero Stgo\u00bb - COLEGIO DE ARQUITECTOS DE CHILE","isPartOf":{"@id":"https:\/\/colegioarquitectos.com\/noticias\/#website"},"primaryImageOfPage":{"@id":"https:\/\/colegioarquitectos.com\/noticias\/?p=29288#primaryimage"},"image":{"@id":"https:\/\/colegioarquitectos.com\/noticias\/?p=29288#primaryimage"},"thumbnailUrl":"https:\/\/colegioarquitectos.com\/noticias\/wp-content\/uploads\/2022\/10\/PORTADA.jpg","datePublished":"2022-10-26T16:03:48+00:00","dateModified":"2022-10-26T16:03:48+00:00","breadcrumb":{"@id":"https:\/\/colegioarquitectos.com\/noticias\/?p=29288#breadcrumb"},"inLanguage":"es","potentialAction":[{"@type":"ReadAction","target":["https:\/\/colegioarquitectos.com\/noticias\/?p=29288"]}]},{"@type":"ImageObject","inLanguage":"es","@id":"https:\/\/colegioarquitectos.com\/noticias\/?p=29288#primaryimage","url":"https:\/\/colegioarquitectos.com\/noticias\/wp-content\/uploads\/2022\/10\/PORTADA.jpg","contentUrl":"https:\/\/colegioarquitectos.com\/noticias\/wp-content\/uploads\/2022\/10\/PORTADA.jpg","width":1280,"height":720},{"@type":"BreadcrumbList","@id":"https:\/\/colegioarquitectos.com\/noticias\/?p=29288#breadcrumb","itemListElement":[{"@type":"ListItem","position":1,"name":"Portada","item":"https:\/\/colegioarquitectos.com\/noticias"},{"@type":"ListItem","position":2,"name":"Presidenta Jadille Baza participa de la presentaci\u00f3n del Plan \u00abTe Quiero Stgo\u00bb"}]},{"@type":"WebSite","@id":"https:\/\/colegioarquitectos.com\/noticias\/#website","url":"https:\/\/colegioarquitectos.com\/noticias\/","name":"COLEGIO DE ARQUITECTOS DE CHILE","description":"","publisher":{"@id":"https:\/\/colegioarquitectos.com\/noticias\/#organization"},"potentialAction":[{"@type":"SearchAction","target":{"@type":"EntryPoint","urlTemplate":"https:\/\/colegioarquitectos.com\/noticias\/?s={search_term_string}"},"query-input":{"@type":"PropertyValueSpecification","valueRequired":true,"valueName":"search_term_string"}}],"inLanguage":"es"},{"@type":"Organization","@id":"https:\/\/colegioarquitectos.com\/noticias\/#organization","name":"COLEGIO DE ARQUITECTOS DE CHILE","url":"https:\/\/colegioarquitectos.com\/noticias\/","logo":{"@type":"ImageObject","inLanguage":"es","@id":"https:\/\/colegioarquitectos.com\/noticias\/#\/schema\/logo\/image\/","url":"https:\/\/colegioarquitectos.com\/noticias\/wp-content\/uploads\/2021\/05\/ENCABEZADO-LOGO-CA.jpg","contentUrl":"https:\/\/colegioarquitectos.com\/noticias\/wp-content\/uploads\/2021\/05\/ENCABEZADO-LOGO-CA.jpg","width":690,"height":350,"caption":"COLEGIO DE ARQUITECTOS DE CHILE"},"image":{"@id":"https:\/\/colegioarquitectos.com\/noticias\/#\/schema\/logo\/image\/"},"sameAs":["https:\/\/facebook.com\/Colegioarq\/","https:\/\/x.com\/colegioarq","https:\/\/instagram.com\/colegioarq","https:\/\/youtube.com\/@ColegiodeArquitectosdeChile"]},{"@type":"Person","@id":"https:\/\/colegioarquitectos.com\/noticias\/#\/schema\/person\/685cc0aad148303c5608f049af8285ad","name":"Colegio de Arquitectos de Chile","url":"https:\/\/colegioarquitectos.com\/noticias\/?author=4"}]}},"_links":{"self":[{"href":"https:\/\/colegioarquitectos.com\/noticias\/index.php?rest_route=\/wp\/v2\/posts\/29288","targetHints":{"allow":["GET"]}}],"collection":[{"href":"https:\/\/colegioarquitectos.com\/noticias\/index.php?rest_route=\/wp\/v2\/posts"}],"about":[{"href":"https:\/\/colegioarquitectos.com\/noticias\/index.php?rest_route=\/wp\/v2\/types\/post"}],"author":[{"embeddable":true,"href":"https:\/\/colegioarquitectos.com\/noticias\/index.php?rest_route=\/wp\/v2\/users\/4"}],"replies":[{"embeddable":true,"href":"https:\/\/colegioarquitectos.com\/noticias\/index.php?rest_route=%2Fwp%2Fv2%2Fcomments&post=29288"}],"version-history":[{"count":0,"href":"https:\/\/colegioarquitectos.com\/noticias\/index.php?rest_route=\/wp\/v2\/posts\/29288\/revisions"}],"wp:featuredmedia":[{"embeddable":true,"href":"https:\/\/colegioarquitectos.com\/noticias\/index.php?rest_route=\/wp\/v2\/media\/29289"}],"wp:attachment":[{"href":"https:\/\/colegioarquitectos.com\/noticias\/index.php?rest_route=%2Fwp%2Fv2%2Fmedia&parent=29288"}],"wp:term":[{"taxonomy":"category","embeddable":true,"href":"https:\/\/colegioarquitectos.com\/noticias\/index.php?rest_route=%2Fwp%2Fv2%2Fcategories&post=29288"},{"taxonomy":"post_tag","embeddable":true,"href":"https:\/\/colegioarquitectos.com\/noticias\/index.php?rest_route=%2Fwp%2Fv2%2Ftags&post=29288"}],"curies":[{"name":"wp","href":"https:\/\/api.w.org\/{rel}","templated":true}]}}