
{"id":29310,"date":"2022-12-22T10:16:14","date_gmt":"2022-12-22T14:16:14","guid":{"rendered":"https:\/\/colegioarquitectos.com\/?p=29310"},"modified":"2023-10-30T10:33:56","modified_gmt":"2023-10-30T14:33:56","slug":"informate-y-participa-del-proceso-de-elecciones-ca-2022","status":"publish","type":"post","link":"https:\/\/colegioarquitectos.com\/noticias\/?p=29310","title":{"rendered":"Inf\u00f3rmate y participa del proceso de Elecciones CA 2022"},"content":{"rendered":"<p>El pasado <strong>lunes<\/strong>\u00a0<strong>24 de octubre de 2022<\/strong>\u00a0en\u00a0<strong>Sesi\u00f3n N\u00ba55<\/strong>, el Directorio Nacional del Colegio de Arquitectos de Chile realiz\u00f3 el llamado a\u00a0<strong>Elecciones CA 2022<\/strong>, proceso que renovar\u00e1 autoridades en el\u00a0<strong>Directorio Nacional<\/strong>,\u00a0<strong>Tribunal de \u00c9tica Nacional (TEN),<\/strong>\u00a0<strong>Directorios de nuestras Delegaciones Zonales y Tribunales de \u00c9tica Regionales (TER)<\/strong>\u00a0a lo largo de todo el pa\u00eds.<\/p>\n<p>Los invitamos a todos y todas a sumarse a este proceso eleccionario que renovar\u00e1 ideas y nos permitir\u00e1 seguir trabajando por nuestro Colegio de Arquitectos de Chile.<\/p>\n<p>&nbsp;<\/p>\n<h3><img loading=\"lazy\" decoding=\"async\" class=\"size-full wp-image-25629 alignleft\" src=\"http:\/\/colegioarquitectos.com\/noticias\/wp-content\/uploads\/2020\/09\/iconwebwlwccione.png\" alt=\"\" width=\"59\" height=\"59\" data-attachment-id=\"25629\" data-permalink=\"https:\/\/colegioarquitectos.com\/?attachment_id=25629\" data-orig-file=\"https:\/\/colegioarquitectos.com\/noticias\/wp-content\/uploads\/2020\/09\/iconwebwlwccione.png\" data-orig-size=\"59,59\" data-comments-opened=\"0\" data-image-meta=\"{&quot;aperture&quot;:&quot;0&quot;,&quot;credit&quot;:&quot;&quot;,&quot;camera&quot;:&quot;&quot;,&quot;caption&quot;:&quot;&quot;,&quot;created_timestamp&quot;:&quot;0&quot;,&quot;copyright&quot;:&quot;&quot;,&quot;focal_length&quot;:&quot;0&quot;,&quot;iso&quot;:&quot;0&quot;,&quot;shutter_speed&quot;:&quot;0&quot;,&quot;title&quot;:&quot;&quot;,&quot;orientation&quot;:&quot;0&quot;}\" data-image-title=\"iconwebwlwccione\" data-image-description=\"\" data-medium-file=\"https:\/\/colegioarquitectos.com\/noticias\/wp-content\/uploads\/2020\/09\/iconwebwlwccione.png\" data-large-file=\"https:\/\/colegioarquitectos.com\/noticias\/wp-content\/uploads\/2020\/09\/iconwebwlwccione.png\" \/><\/h3>\n<h3><\/h3>\n<h3>Documentos<\/h3>\n<hr \/>\n<p><a href=\"http:\/\/colegioarquitectos.com\/noticias\/wp-content\/uploads\/2020\/09\/REGLAMENTO-DE-ELECCIONES-CA-11.09.20.pdf\"><img loading=\"lazy\" decoding=\"async\" class=\"alignleft wp-image-25632 \" src=\"http:\/\/colegioarquitectos.com\/noticias\/wp-content\/uploads\/2020\/09\/docicon.png\" alt=\"\" width=\"16\" height=\"20\" data-attachment-id=\"25632\" data-permalink=\"https:\/\/colegioarquitectos.com\/?attachment_id=25632\" data-orig-file=\"https:\/\/colegioarquitectos.com\/noticias\/wp-content\/uploads\/2020\/09\/docicon.png\" data-orig-size=\"35,44\" data-comments-opened=\"0\" data-image-meta=\"{&quot;aperture&quot;:&quot;0&quot;,&quot;credit&quot;:&quot;&quot;,&quot;camera&quot;:&quot;&quot;,&quot;caption&quot;:&quot;&quot;,&quot;created_timestamp&quot;:&quot;0&quot;,&quot;copyright&quot;:&quot;&quot;,&quot;focal_length&quot;:&quot;0&quot;,&quot;iso&quot;:&quot;0&quot;,&quot;shutter_speed&quot;:&quot;0&quot;,&quot;title&quot;:&quot;&quot;,&quot;orientation&quot;:&quot;0&quot;}\" data-image-title=\"docicon\" data-image-description=\"\" data-medium-file=\"https:\/\/colegioarquitectos.com\/noticias\/wp-content\/uploads\/2020\/09\/docicon.png\" data-large-file=\"https:\/\/colegioarquitectos.com\/noticias\/wp-content\/uploads\/2020\/09\/docicon.png\" \/><\/a><a href=\"https:\/\/colegioarquitectos.com\/noticias\/wp-content\/uploads\/2022\/10\/Nuevo-calendario-Elecciones-CA-Sesi%C3%B3n-N%C2%B055-DN-2.pdf\" target=\"_blank\" rel=\"noopener\">&gt;&gt; Calendario Elecciones CA 2022<\/a><\/p>\n<p><a href=\"http:\/\/colegioarquitectos.com\/noticias\/wp-content\/uploads\/2020\/09\/REGLAMENTO-DE-ELECCIONES-CA-11.09.20.pdf\"><img loading=\"lazy\" decoding=\"async\" class=\"alignleft wp-image-25632 \" src=\"http:\/\/colegioarquitectos.com\/noticias\/wp-content\/uploads\/2020\/09\/docicon.png\" alt=\"\" width=\"16\" height=\"20\" data-attachment-id=\"25632\" data-permalink=\"https:\/\/colegioarquitectos.com\/?attachment_id=25632\" data-orig-file=\"https:\/\/colegioarquitectos.com\/noticias\/wp-content\/uploads\/2020\/09\/docicon.png\" data-orig-size=\"35,44\" data-comments-opened=\"0\" data-image-meta=\"{&quot;aperture&quot;:&quot;0&quot;,&quot;credit&quot;:&quot;&quot;,&quot;camera&quot;:&quot;&quot;,&quot;caption&quot;:&quot;&quot;,&quot;created_timestamp&quot;:&quot;0&quot;,&quot;copyright&quot;:&quot;&quot;,&quot;focal_length&quot;:&quot;0&quot;,&quot;iso&quot;:&quot;0&quot;,&quot;shutter_speed&quot;:&quot;0&quot;,&quot;title&quot;:&quot;&quot;,&quot;orientation&quot;:&quot;0&quot;}\" data-image-title=\"docicon\" data-image-description=\"\" data-medium-file=\"https:\/\/colegioarquitectos.com\/noticias\/wp-content\/uploads\/2020\/09\/docicon.png\" data-large-file=\"https:\/\/colegioarquitectos.com\/noticias\/wp-content\/uploads\/2020\/09\/docicon.png\" \/><\/a><a href=\"https:\/\/colegioarquitectos.com\/noticias\/wp-content\/uploads\/2020\/09\/REGLAMENTO-DE-ELECCIONES-CA-11.09.20.pdf\" target=\"_blank\" rel=\"noopener\">&gt;&gt; Reglamento de Elecciones CA<\/a><\/p>\n<p><a href=\"http:\/\/colegioarquitectos.com\/noticias\/wp-content\/uploads\/2020\/09\/REGLAMENTO-DE-ELECCIONES-CA-11.09.20.pdf\"><img loading=\"lazy\" decoding=\"async\" class=\"alignleft wp-image-25632 \" src=\"http:\/\/colegioarquitectos.com\/noticias\/wp-content\/uploads\/2020\/09\/docicon.png\" alt=\"\" width=\"16\" height=\"20\" data-attachment-id=\"25632\" data-permalink=\"https:\/\/colegioarquitectos.com\/?attachment_id=25632\" data-orig-file=\"https:\/\/colegioarquitectos.com\/noticias\/wp-content\/uploads\/2020\/09\/docicon.png\" data-orig-size=\"35,44\" data-comments-opened=\"0\" data-image-meta=\"{&quot;aperture&quot;:&quot;0&quot;,&quot;credit&quot;:&quot;&quot;,&quot;camera&quot;:&quot;&quot;,&quot;caption&quot;:&quot;&quot;,&quot;created_timestamp&quot;:&quot;0&quot;,&quot;copyright&quot;:&quot;&quot;,&quot;focal_length&quot;:&quot;0&quot;,&quot;iso&quot;:&quot;0&quot;,&quot;shutter_speed&quot;:&quot;0&quot;,&quot;title&quot;:&quot;&quot;,&quot;orientation&quot;:&quot;0&quot;}\" data-image-title=\"docicon\" data-image-description=\"\" data-medium-file=\"https:\/\/colegioarquitectos.com\/noticias\/wp-content\/uploads\/2020\/09\/docicon.png\" data-large-file=\"https:\/\/colegioarquitectos.com\/noticias\/wp-content\/uploads\/2020\/09\/docicon.png\" \/><\/a><a href=\"https:\/\/colegioarquitectos.com\/noticias\/wp-content\/uploads\/2022\/11\/CCE-LISTADO-OFICIALweb.pdf\" target=\"_blank\" rel=\"noopener\">&gt;&gt; Comisi\u00f3n calificadora de Elecciones (Ratificada en sesi\u00f3n DN N\u00b0 57 DN)<\/a><\/p>\n<p><a href=\"http:\/\/colegioarquitectos.com\/noticias\/wp-content\/uploads\/2020\/09\/REGLAMENTO-DE-ELECCIONES-CA-11.09.20.pdf\"><img loading=\"lazy\" decoding=\"async\" class=\"alignleft wp-image-25632 \" src=\"http:\/\/colegioarquitectos.com\/noticias\/wp-content\/uploads\/2020\/09\/docicon.png\" alt=\"\" width=\"13\" height=\"16\" \/><\/a><strong><a href=\"https:\/\/docs.google.com\/forms\/d\/e\/1FAIpQLSc9BOfK7hLz6KCTohtdeseuJpPkNyp_W_qD2gMRnAtB8FwUxw\/viewform?usp=sf_link\" target=\"_blank\" rel=\"noopener\">&gt;&gt; Formulario \u00fanico de postulaci\u00f3n de candidatos (DN\/TEN\/DZ)<\/a><\/strong><\/p>\n<p><a href=\"http:\/\/colegioarquitectos.com\/noticias\/wp-content\/uploads\/2020\/09\/REGLAMENTO-DE-ELECCIONES-CA-11.09.20.pdf\"><img loading=\"lazy\" decoding=\"async\" class=\"alignleft wp-image-25632 \" src=\"http:\/\/colegioarquitectos.com\/noticias\/wp-content\/uploads\/2020\/09\/docicon.png\" alt=\"\" width=\"16\" height=\"20\" data-attachment-id=\"25632\" data-permalink=\"https:\/\/colegioarquitectos.com\/?attachment_id=25632\" data-orig-file=\"https:\/\/colegioarquitectos.com\/noticias\/wp-content\/uploads\/2020\/09\/docicon.png\" data-orig-size=\"35,44\" data-comments-opened=\"0\" data-image-meta=\"{&quot;aperture&quot;:&quot;0&quot;,&quot;credit&quot;:&quot;&quot;,&quot;camera&quot;:&quot;&quot;,&quot;caption&quot;:&quot;&quot;,&quot;created_timestamp&quot;:&quot;0&quot;,&quot;copyright&quot;:&quot;&quot;,&quot;focal_length&quot;:&quot;0&quot;,&quot;iso&quot;:&quot;0&quot;,&quot;shutter_speed&quot;:&quot;0&quot;,&quot;title&quot;:&quot;&quot;,&quot;orientation&quot;:&quot;0&quot;}\" data-image-title=\"docicon\" data-image-description=\"\" data-medium-file=\"https:\/\/colegioarquitectos.com\/noticias\/wp-content\/uploads\/2020\/09\/docicon.png\" data-large-file=\"https:\/\/colegioarquitectos.com\/noticias\/wp-content\/uploads\/2020\/09\/docicon.png\" \/><\/a><a href=\"https:\/\/colegioarquitectos.com\/noticias\/wp-content\/uploads\/2022\/11\/archivo-ref-NOMINA-PATROCINIO-ELECCIONESCA2022.xlsx\" target=\"_blank\" rel=\"noopener\">&gt;&gt;<b>Archivo base firmas patrocinantes de candidatos descargar\u00a0<\/b><\/a><\/p>\n<p><a href=\"http:\/\/colegioarquitectos.com\/noticias\/wp-content\/uploads\/2020\/09\/REGLAMENTO-DE-ELECCIONES-CA-11.09.20.pdf\"><img loading=\"lazy\" decoding=\"async\" class=\"alignleft wp-image-25632 \" src=\"http:\/\/colegioarquitectos.com\/noticias\/wp-content\/uploads\/2020\/09\/docicon.png\" alt=\"\" width=\"16\" height=\"20\" data-attachment-id=\"25632\" data-permalink=\"https:\/\/colegioarquitectos.com\/?attachment_id=25632\" data-orig-file=\"https:\/\/colegioarquitectos.com\/noticias\/wp-content\/uploads\/2020\/09\/docicon.png\" data-orig-size=\"35,44\" data-comments-opened=\"0\" data-image-meta=\"{&quot;aperture&quot;:&quot;0&quot;,&quot;credit&quot;:&quot;&quot;,&quot;camera&quot;:&quot;&quot;,&quot;caption&quot;:&quot;&quot;,&quot;created_timestamp&quot;:&quot;0&quot;,&quot;copyright&quot;:&quot;&quot;,&quot;focal_length&quot;:&quot;0&quot;,&quot;iso&quot;:&quot;0&quot;,&quot;shutter_speed&quot;:&quot;0&quot;,&quot;title&quot;:&quot;&quot;,&quot;orientation&quot;:&quot;0&quot;}\" data-image-title=\"docicon\" data-image-description=\"\" data-medium-file=\"https:\/\/colegioarquitectos.com\/noticias\/wp-content\/uploads\/2020\/09\/docicon.png\" data-large-file=\"https:\/\/colegioarquitectos.com\/noticias\/wp-content\/uploads\/2020\/09\/docicon.png\" \/><\/a><a href=\"https:\/\/colegioarquitectos.com\/noticias\/wp-content\/uploads\/2022\/11\/RESPUESTAS-CONSULTAS-ELECCIONES-CCE-28112022.pdf\" target=\"_blank\" rel=\"noopener\">&gt;&gt;<b>\u00a0Respuestas de la comisi\u00f3n calificadora de elecciones\u00a0a las consultas<\/b><\/a><\/p>\n<p>&nbsp;<\/p>\n<h3><img loading=\"lazy\" decoding=\"async\" class=\"size-full wp-image-25629 alignleft\" src=\"http:\/\/colegioarquitectos.com\/noticias\/wp-content\/uploads\/2020\/09\/iconwebwlwccione.png\" alt=\"\" width=\"59\" height=\"59\" data-attachment-id=\"25629\" data-permalink=\"https:\/\/colegioarquitectos.com\/?attachment_id=25629\" data-orig-file=\"https:\/\/colegioarquitectos.com\/noticias\/wp-content\/uploads\/2020\/09\/iconwebwlwccione.png\" data-orig-size=\"59,59\" data-comments-opened=\"0\" data-image-meta=\"{&quot;aperture&quot;:&quot;0&quot;,&quot;credit&quot;:&quot;&quot;,&quot;camera&quot;:&quot;&quot;,&quot;caption&quot;:&quot;&quot;,&quot;created_timestamp&quot;:&quot;0&quot;,&quot;copyright&quot;:&quot;&quot;,&quot;focal_length&quot;:&quot;0&quot;,&quot;iso&quot;:&quot;0&quot;,&quot;shutter_speed&quot;:&quot;0&quot;,&quot;title&quot;:&quot;&quot;,&quot;orientation&quot;:&quot;0&quot;}\" data-image-title=\"iconwebwlwccione\" data-image-description=\"\" data-medium-file=\"https:\/\/colegioarquitectos.com\/noticias\/wp-content\/uploads\/2020\/09\/iconwebwlwccione.png\" data-large-file=\"https:\/\/colegioarquitectos.com\/noticias\/wp-content\/uploads\/2020\/09\/iconwebwlwccione.png\" \/><\/h3>\n<h3>\u00a0Fechas importantes<\/h3>\n<hr \/>\n<p>&nbsp;<\/p>\n<p><img loading=\"lazy\" decoding=\"async\" class=\"wp-image-29652 alignleft\" src=\"https:\/\/colegioarquitectos.com\/noticias\/wp-content\/uploads\/2022\/12\/check.png\" alt=\"\" width=\"11\" height=\"11\" \/>LLAMADO A ELECCIONES CA POR EL DIRECTORIO NACIONAL: <del><strong>Lunes 24 de octubre de 2022<\/strong><\/del><\/p>\n<p><img loading=\"lazy\" decoding=\"async\" class=\"wp-image-29652 alignleft\" src=\"https:\/\/colegioarquitectos.com\/noticias\/wp-content\/uploads\/2022\/12\/check.png\" alt=\"\" width=\"11\" height=\"11\" \/>CONSTITUCI\u00d3N DE COMISI\u00d3N CALIFICADORA DE ELECCIONES EN EL DIRECTORIO NACIONAL:<\/p>\n<p><del><strong>Mi\u00e9rcoles 2 de noviembre de 2022<\/strong><\/del><\/p>\n<p><img loading=\"lazy\" decoding=\"async\" class=\"wp-image-29652 alignleft\" src=\"https:\/\/colegioarquitectos.com\/noticias\/wp-content\/uploads\/2022\/12\/check.png\" alt=\"\" width=\"11\" height=\"11\" \/>CIERRE PADR\u00d3N ELECTORAL: <del><strong>Lunes 28 de noviembre de 2022<\/strong><\/del><\/p>\n<p><img loading=\"lazy\" decoding=\"async\" class=\"wp-image-29652 alignleft\" src=\"https:\/\/colegioarquitectos.com\/noticias\/wp-content\/uploads\/2022\/12\/check.png\" alt=\"\" width=\"11\" height=\"11\" \/>INSCRIPCI\u00d3N DE CANDIDATOS O CANDIDATAS: <del><strong>Lunes 21 de noviembre al lunes 28 de noviembre de 2022<\/strong><\/del><\/p>\n<p><img loading=\"lazy\" decoding=\"async\" class=\"wp-image-29652 alignleft\" src=\"https:\/\/colegioarquitectos.com\/noticias\/wp-content\/uploads\/2022\/12\/check.png\" alt=\"\" width=\"11\" height=\"11\" \/>REVISI\u00d3N POSTULACIONES \/ CA &#8211; TEN: <del><strong>Martes 29 de noviembre al martes 6 de diciembre de 2022<\/strong><\/del><\/p>\n<p><img loading=\"lazy\" decoding=\"async\" class=\"wp-image-29652 alignleft\" src=\"https:\/\/colegioarquitectos.com\/noticias\/wp-content\/uploads\/2022\/12\/check.png\" alt=\"\" width=\"11\" height=\"11\" \/>ANUNCIO ELECCIONES CA EN DIARIO NACIONAL: <strong>Mi\u00e9rcoles 7 y mi\u00e9rcoles 14 de diciembre de 2022<\/strong><\/p>\n<p><img loading=\"lazy\" decoding=\"async\" class=\"wp-image-29652 alignleft\" src=\"https:\/\/colegioarquitectos.com\/noticias\/wp-content\/uploads\/2022\/12\/check.png\" alt=\"\" width=\"11\" height=\"11\" \/>PUBLICACI\u00d3N POSTULANTES: <del><strong>Lunes 12 de diciembre de 2022<\/strong><\/del><\/p>\n<p><del><img loading=\"lazy\" decoding=\"async\" class=\"wp-image-29652 alignleft\" src=\"https:\/\/colegioarquitectos.com\/noticias\/wp-content\/uploads\/2022\/12\/check.png\" alt=\"\" width=\"11\" height=\"11\" \/>CLAVE SECRETA: <strong>Jueves 22 y viernes 23 de diciembre de 2022 (env\u00edo por mail)<\/strong><\/del><\/p>\n<p><del><img loading=\"lazy\" decoding=\"async\" class=\"wp-image-29652 alignleft\" src=\"https:\/\/colegioarquitectos.com\/noticias\/wp-content\/uploads\/2022\/12\/check.png\" alt=\"\" width=\"11\" height=\"11\" \/>VOTACI\u00d3N: <strong>Lunes 26 y martes 27 de diciembre 2022\u00a0<\/strong><\/del><\/p>\n<p>COMISI\u00d3N CALIFICADORA DE ELECCIONES: <strong>Martes 3 al viernes 6 de enero 2023<\/strong><\/p>\n<p>COMUNICACI\u00d3N OFICIAL:<strong> Lunes 9 de enero de 2023<\/strong><\/p>\n<p>PROCLAMACI\u00d3N:<strong> Lunes 16 de enero de 2023\u00a0<\/strong><\/p>\n<p>&nbsp;<\/p>\n<p>&nbsp;<\/p>\n<h3><img loading=\"lazy\" decoding=\"async\" class=\"size-full wp-image-25629 alignleft\" src=\"http:\/\/colegioarquitectos.com\/noticias\/wp-content\/uploads\/2020\/09\/iconwebwlwccione.png\" alt=\"\" width=\"59\" height=\"59\" data-attachment-id=\"25629\" data-permalink=\"https:\/\/colegioarquitectos.com\/?attachment_id=25629\" data-orig-file=\"https:\/\/colegioarquitectos.com\/noticias\/wp-content\/uploads\/2020\/09\/iconwebwlwccione.png\" data-orig-size=\"59,59\" data-comments-opened=\"0\" data-image-meta=\"{&quot;aperture&quot;:&quot;0&quot;,&quot;credit&quot;:&quot;&quot;,&quot;camera&quot;:&quot;&quot;,&quot;caption&quot;:&quot;&quot;,&quot;created_timestamp&quot;:&quot;0&quot;,&quot;copyright&quot;:&quot;&quot;,&quot;focal_length&quot;:&quot;0&quot;,&quot;iso&quot;:&quot;0&quot;,&quot;shutter_speed&quot;:&quot;0&quot;,&quot;title&quot;:&quot;&quot;,&quot;orientation&quot;:&quot;0&quot;}\" data-image-title=\"iconwebwlwccione\" data-image-description=\"\" data-medium-file=\"https:\/\/colegioarquitectos.com\/noticias\/wp-content\/uploads\/2020\/09\/iconwebwlwccione.png\" data-large-file=\"https:\/\/colegioarquitectos.com\/noticias\/wp-content\/uploads\/2020\/09\/iconwebwlwccione.png\" \/><\/h3>\n<h3><\/h3>\n<h3>Comisi\u00f3n Calificadora de Elecciones<\/h3>\n<hr \/>\n<p><img loading=\"lazy\" decoding=\"async\" class=\"alignleft wp-image-25632 \" src=\"https:\/\/colegioarquitectos.com\/noticias\/wp-content\/uploads\/2020\/09\/docicon.png\" alt=\"\" width=\"16\" height=\"20\" \/><a href=\"https:\/\/colegioarquitectos.com\/noticias\/wp-content\/uploads\/2022\/11\/CCE-LISTADO-OFICIALweb.pdf\">&gt;&gt; Comisi\u00f3n Calificadora de Elecciones<\/a><\/p>\n<h6><\/h6>\n<p><a href=\"http:\/\/colegioarquitectos.com\/noticias\/wp-content\/uploads\/2020\/09\/REGLAMENTO-DE-ELECCIONES-CA-11.09.20.pdf\"><img loading=\"lazy\" decoding=\"async\" class=\"alignleft wp-image-25632 \" src=\"http:\/\/colegioarquitectos.com\/noticias\/wp-content\/uploads\/2020\/09\/docicon.png\" alt=\"\" width=\"16\" height=\"20\" data-attachment-id=\"25632\" data-permalink=\"https:\/\/colegioarquitectos.com\/?attachment_id=25632\" data-orig-file=\"https:\/\/colegioarquitectos.com\/noticias\/wp-content\/uploads\/2020\/09\/docicon.png\" data-orig-size=\"35,44\" data-comments-opened=\"0\" data-image-meta=\"{&quot;aperture&quot;:&quot;0&quot;,&quot;credit&quot;:&quot;&quot;,&quot;camera&quot;:&quot;&quot;,&quot;caption&quot;:&quot;&quot;,&quot;created_timestamp&quot;:&quot;0&quot;,&quot;copyright&quot;:&quot;&quot;,&quot;focal_length&quot;:&quot;0&quot;,&quot;iso&quot;:&quot;0&quot;,&quot;shutter_speed&quot;:&quot;0&quot;,&quot;title&quot;:&quot;&quot;,&quot;orientation&quot;:&quot;0&quot;}\" data-image-title=\"docicon\" data-image-description=\"\" data-medium-file=\"https:\/\/colegioarquitectos.com\/noticias\/wp-content\/uploads\/2020\/09\/docicon.png\" data-large-file=\"https:\/\/colegioarquitectos.com\/noticias\/wp-content\/uploads\/2020\/09\/docicon.png\" \/><\/a><a href=\"https:\/\/colegioarquitectos.com\/noticias\/wp-content\/uploads\/2022\/11\/RESPUESTAS-CONSULTAS-ELECCIONES-CCE-28112022.pdf\" target=\"_blank\" rel=\"noopener\">&gt;&gt;<b>\u00a0Respuestas de la comisi\u00f3n calificadora de elecciones\u00a0a las consultas\u00a0\u00a0<\/b><\/a>\u00a0\u00a0<b>26\/11\/2021<\/b><\/p>\n<p><a href=\"http:\/\/colegioarquitectos.com\/noticias\/wp-content\/uploads\/2020\/09\/REGLAMENTO-DE-ELECCIONES-CA-11.09.20.pdf\"><img loading=\"lazy\" decoding=\"async\" class=\"alignleft wp-image-25632 \" src=\"http:\/\/colegioarquitectos.com\/noticias\/wp-content\/uploads\/2020\/09\/docicon.png\" alt=\"\" width=\"16\" height=\"20\" data-attachment-id=\"25632\" data-permalink=\"https:\/\/colegioarquitectos.com\/?attachment_id=25632\" data-orig-file=\"https:\/\/colegioarquitectos.com\/noticias\/wp-content\/uploads\/2020\/09\/docicon.png\" data-orig-size=\"35,44\" data-comments-opened=\"0\" data-image-meta=\"{&quot;aperture&quot;:&quot;0&quot;,&quot;credit&quot;:&quot;&quot;,&quot;camera&quot;:&quot;&quot;,&quot;caption&quot;:&quot;&quot;,&quot;created_timestamp&quot;:&quot;0&quot;,&quot;copyright&quot;:&quot;&quot;,&quot;focal_length&quot;:&quot;0&quot;,&quot;iso&quot;:&quot;0&quot;,&quot;shutter_speed&quot;:&quot;0&quot;,&quot;title&quot;:&quot;&quot;,&quot;orientation&quot;:&quot;0&quot;}\" data-image-title=\"docicon\" data-image-description=\"\" data-medium-file=\"https:\/\/colegioarquitectos.com\/noticias\/wp-content\/uploads\/2020\/09\/docicon.png\" data-large-file=\"https:\/\/colegioarquitectos.com\/noticias\/wp-content\/uploads\/2020\/09\/docicon.png\" \/><\/a><a href=\"https:\/\/colegioarquitectos.com\/noticias\/wp-content\/uploads\/2022\/12\/RESPUESTAS-CONSULTAS-ELECCIONES-CCE-16122022.pdf\" target=\"_blank\" rel=\"noopener\">&gt;&gt;<b>\u00a0Respuestas de la comisi\u00f3n calificadora de elecciones\u00a0a la<\/b><b>s<\/b><b> consultas\u00a0<\/b><\/a>\u00a0 \u00a0<strong>16\/12\/2021<\/strong><\/p>\n<p>&nbsp;<\/p>\n<h3><img loading=\"lazy\" decoding=\"async\" class=\"size-full wp-image-25629 alignleft\" src=\"http:\/\/colegioarquitectos.com\/noticias\/wp-content\/uploads\/2020\/09\/iconwebwlwccione.png\" alt=\"\" width=\"59\" height=\"59\" data-attachment-id=\"25629\" data-permalink=\"https:\/\/colegioarquitectos.com\/?attachment_id=25629\" data-orig-file=\"https:\/\/colegioarquitectos.com\/noticias\/wp-content\/uploads\/2020\/09\/iconwebwlwccione.png\" data-orig-size=\"59,59\" data-comments-opened=\"0\" data-image-meta=\"{&quot;aperture&quot;:&quot;0&quot;,&quot;credit&quot;:&quot;&quot;,&quot;camera&quot;:&quot;&quot;,&quot;caption&quot;:&quot;&quot;,&quot;created_timestamp&quot;:&quot;0&quot;,&quot;copyright&quot;:&quot;&quot;,&quot;focal_length&quot;:&quot;0&quot;,&quot;iso&quot;:&quot;0&quot;,&quot;shutter_speed&quot;:&quot;0&quot;,&quot;title&quot;:&quot;&quot;,&quot;orientation&quot;:&quot;0&quot;}\" data-image-title=\"iconwebwlwccione\" data-image-description=\"\" data-medium-file=\"https:\/\/colegioarquitectos.com\/noticias\/wp-content\/uploads\/2020\/09\/iconwebwlwccione.png\" data-large-file=\"https:\/\/colegioarquitectos.com\/noticias\/wp-content\/uploads\/2020\/09\/iconwebwlwccione.png\" \/><\/h3>\n<h3>\u00a0\u00bfNecesitas actualizar tus datos?<\/h3>\n<hr \/>\n<p>\u00bfTe cambiaste de casa? \u00bfTienes una nueva direcci\u00f3n postal, n\u00famero de tel\u00e9fono o email? Te invitamos a actualizar tus datos para as\u00ed mantenerte informado de todas las noticias, eventos y beneficios del Colegio de Arquitectos de Chile. Puedes escribir a\u00a0<a href=\"mailto:colegiados@colegioarquitectos.com\">colegiados@colegioarquitectos.com<\/a>\u00a0o completar el siguiente formulario.<\/p>\n<p><a href=\"https:\/\/docs.google.com\/forms\/d\/e\/1FAIpQLScHsXqjSpFVuOAPe4G__w49suqcZJQXafnEDKcQyuv58rfK4g\/viewform?usp=sf_link\" target=\"_blank\" rel=\"noopener\">&gt;&gt; Formulario de actualizaci\u00f3n de datos<\/a><\/p>\n<h3><\/h3>\n<h3><img loading=\"lazy\" decoding=\"async\" class=\"size-full wp-image-25629 alignleft\" src=\"http:\/\/colegioarquitectos.com\/noticias\/wp-content\/uploads\/2020\/09\/iconwebwlwccione.png\" alt=\"\" width=\"59\" height=\"59\" data-attachment-id=\"25629\" data-permalink=\"https:\/\/colegioarquitectos.com\/?attachment_id=25629\" data-orig-file=\"https:\/\/colegioarquitectos.com\/noticias\/wp-content\/uploads\/2020\/09\/iconwebwlwccione.png\" data-orig-size=\"59,59\" data-comments-opened=\"0\" data-image-meta=\"{&quot;aperture&quot;:&quot;0&quot;,&quot;credit&quot;:&quot;&quot;,&quot;camera&quot;:&quot;&quot;,&quot;caption&quot;:&quot;&quot;,&quot;created_timestamp&quot;:&quot;0&quot;,&quot;copyright&quot;:&quot;&quot;,&quot;focal_length&quot;:&quot;0&quot;,&quot;iso&quot;:&quot;0&quot;,&quot;shutter_speed&quot;:&quot;0&quot;,&quot;title&quot;:&quot;&quot;,&quot;orientation&quot;:&quot;0&quot;}\" data-image-title=\"iconwebwlwccione\" data-image-description=\"\" data-medium-file=\"https:\/\/colegioarquitectos.com\/noticias\/wp-content\/uploads\/2020\/09\/iconwebwlwccione.png\" data-large-file=\"https:\/\/colegioarquitectos.com\/noticias\/wp-content\/uploads\/2020\/09\/iconwebwlwccione.png\" \/><\/h3>\n<h3>\u00a0Dudas, comentarios o reclamos para la Comisi\u00f3n Calificadora de Elecciones<\/h3>\n<hr \/>\n<p>Todas las dudas, comentarios o reclamos de colegiados o colegiadas para la Comisi\u00f3n Calificadora de Elecciones (CCE) deben enviarse al correo\u00a0<a href=\"mailto:elecciones@colegioarquitectos.com\">elecciones@colegioarquitectos.com<\/a>, no directamente a los correos personales de los miembros de la CCE.<\/p>\n<p>&nbsp;<\/p>\n<h3><img loading=\"lazy\" decoding=\"async\" class=\"size-full wp-image-25629 alignleft\" src=\"http:\/\/colegioarquitectos.com\/noticias\/wp-content\/uploads\/2020\/09\/iconwebwlwccione.png\" alt=\"\" width=\"59\" height=\"59\" data-attachment-id=\"25629\" data-permalink=\"https:\/\/colegioarquitectos.com\/?attachment_id=25629\" data-orig-file=\"https:\/\/colegioarquitectos.com\/noticias\/wp-content\/uploads\/2020\/09\/iconwebwlwccione.png\" data-orig-size=\"59,59\" data-comments-opened=\"0\" data-image-meta=\"{&quot;aperture&quot;:&quot;0&quot;,&quot;credit&quot;:&quot;&quot;,&quot;camera&quot;:&quot;&quot;,&quot;caption&quot;:&quot;&quot;,&quot;created_timestamp&quot;:&quot;0&quot;,&quot;copyright&quot;:&quot;&quot;,&quot;focal_length&quot;:&quot;0&quot;,&quot;iso&quot;:&quot;0&quot;,&quot;shutter_speed&quot;:&quot;0&quot;,&quot;title&quot;:&quot;&quot;,&quot;orientation&quot;:&quot;0&quot;}\" data-image-title=\"iconwebwlwccione\" data-image-description=\"\" data-medium-file=\"https:\/\/colegioarquitectos.com\/noticias\/wp-content\/uploads\/2020\/09\/iconwebwlwccione.png\" data-large-file=\"https:\/\/colegioarquitectos.com\/noticias\/wp-content\/uploads\/2020\/09\/iconwebwlwccione.png\" \/><\/h3>\n<h3>\u00a0Consulta tus datos<\/h3>\n<hr \/>\n<p><span data-offset-key=\"bh7ko-9-0\">Puedes consultar tus datos y confirmar que est\u00e1s habilitado o habilitada para votar ac\u00e1:<\/span><\/p>\n<p><span data-offset-key=\"bh7ko-9-0\">\u00a0<\/span><strong><a href=\"http:\/\/consulta.colegioarquitectos.com\"><span class=\"Link__link___2sDdC\">consulta.colegioarquitectos.com<\/span><\/a><\/strong><\/p>\n<p>&nbsp;<\/p>\n<h3><img loading=\"lazy\" decoding=\"async\" class=\"size-full wp-image-25629 alignleft\" src=\"http:\/\/colegioarquitectos.com\/noticias\/wp-content\/uploads\/2020\/09\/iconwebwlwccione.png\" alt=\"\" width=\"59\" height=\"59\" data-attachment-id=\"25629\" data-permalink=\"https:\/\/colegioarquitectos.com\/?attachment_id=25629\" data-orig-file=\"https:\/\/colegioarquitectos.com\/noticias\/wp-content\/uploads\/2020\/09\/iconwebwlwccione.png\" data-orig-size=\"59,59\" data-comments-opened=\"0\" data-image-meta=\"{&quot;aperture&quot;:&quot;0&quot;,&quot;credit&quot;:&quot;&quot;,&quot;camera&quot;:&quot;&quot;,&quot;caption&quot;:&quot;&quot;,&quot;created_timestamp&quot;:&quot;0&quot;,&quot;copyright&quot;:&quot;&quot;,&quot;focal_length&quot;:&quot;0&quot;,&quot;iso&quot;:&quot;0&quot;,&quot;shutter_speed&quot;:&quot;0&quot;,&quot;title&quot;:&quot;&quot;,&quot;orientation&quot;:&quot;0&quot;}\" data-image-title=\"iconwebwlwccione\" data-image-description=\"\" data-medium-file=\"https:\/\/colegioarquitectos.com\/noticias\/wp-content\/uploads\/2020\/09\/iconwebwlwccione.png\" data-large-file=\"https:\/\/colegioarquitectos.com\/noticias\/wp-content\/uploads\/2020\/09\/iconwebwlwccione.png\" \/><\/h3>\n<h3>\u00bfD\u00f3nde votar ?<\/h3>\n<hr \/>\n<p>Los d\u00edas 26 y 27 de Diciembre desde cualquier zona de Chile o el mundo, contando con conexi\u00f3n a Internet, podr\u00e1s votar ingresando al siguiente link:\u00a0<strong><a href=\"http:\/\/elecciones.colegioarquitectos.com\/\">elecciones.colegioarquitectos.com<\/a><\/strong><\/p>\n<p>Luego ingresar tu\u00a0<b>Rut (Sin puntos y con guion)\u00a0<\/b>, C\u00f3digo Identificador CA (<strong>ICA<\/strong>) y la<strong>\u00a0clave<\/strong>\u00a0que recibiste por correo electr\u00f3nico.<\/p>\n<p>Luego de ingresar y validar los datos solicitados, en el men\u00fa de la barra lateral derecha aparecer\u00e1n las opciones de votaci\u00f3n ordenadas por:<\/p>\n<p><strong>\u2013 Directorio Nacional<\/strong><\/p>\n<p><strong>\u2013 Tribunal de \u00c9tica Nacional<\/strong><\/p>\n<p><strong>\u2013 Directiva de tu Delegaci\u00f3n Zonal\u00a0<\/strong>(si eres de regi\u00f3n)<\/p>\n<p><strong>\u2013 Tribunal de \u00c9tica Regional\u00a0<\/strong>(si perteneces a la Delegaci\u00f3n Zonal Valpara\u00edso )<\/p>\n<p>&nbsp;<\/p>\n<h3><img loading=\"lazy\" decoding=\"async\" class=\"size-full wp-image-25629 alignleft\" src=\"http:\/\/colegioarquitectos.com\/noticias\/wp-content\/uploads\/2020\/09\/iconwebwlwccione.png\" alt=\"\" width=\"59\" height=\"59\" data-attachment-id=\"25629\" data-permalink=\"https:\/\/colegioarquitectos.com\/?attachment_id=25629\" data-orig-file=\"https:\/\/colegioarquitectos.com\/noticias\/wp-content\/uploads\/2020\/09\/iconwebwlwccione.png\" data-orig-size=\"59,59\" data-comments-opened=\"0\" data-image-meta=\"{&quot;aperture&quot;:&quot;0&quot;,&quot;credit&quot;:&quot;&quot;,&quot;camera&quot;:&quot;&quot;,&quot;caption&quot;:&quot;&quot;,&quot;created_timestamp&quot;:&quot;0&quot;,&quot;copyright&quot;:&quot;&quot;,&quot;focal_length&quot;:&quot;0&quot;,&quot;iso&quot;:&quot;0&quot;,&quot;shutter_speed&quot;:&quot;0&quot;,&quot;title&quot;:&quot;&quot;,&quot;orientation&quot;:&quot;0&quot;}\" data-image-title=\"iconwebwlwccione\" data-image-description=\"\" data-medium-file=\"https:\/\/colegioarquitectos.com\/noticias\/wp-content\/uploads\/2020\/09\/iconwebwlwccione.png\" data-large-file=\"https:\/\/colegioarquitectos.com\/noticias\/wp-content\/uploads\/2020\/09\/iconwebwlwccione.png\" \/><\/h3>\n<h3>\u00bfC\u00f3mo votar? Paso a Paso<\/h3>\n<hr \/>\n<p>En el siguiente link, conoce como votar paso a paso en el proceso de elecciones CA 2022 online<\/p>\n<p>&nbsp;<\/p>\n<h3><a href=\"https:\/\/colegioarquitectos.com\/noticias\/?p=26158\"><strong>https:\/\/colegioarquitectos.com\/noticias\/?p=26158<\/strong><\/a><\/h3>\n<p>&nbsp;<\/p>\n<h3><img loading=\"lazy\" decoding=\"async\" class=\"size-full wp-image-25629 alignleft\" src=\"http:\/\/colegioarquitectos.com\/noticias\/wp-content\/uploads\/2020\/09\/iconwebwlwccione.png\" alt=\"\" width=\"59\" height=\"59\" data-attachment-id=\"25629\" data-permalink=\"https:\/\/colegioarquitectos.com\/?attachment_id=25629\" data-orig-file=\"https:\/\/colegioarquitectos.com\/noticias\/wp-content\/uploads\/2020\/09\/iconwebwlwccione.png\" data-orig-size=\"59,59\" data-comments-opened=\"0\" data-image-meta=\"{&quot;aperture&quot;:&quot;0&quot;,&quot;credit&quot;:&quot;&quot;,&quot;camera&quot;:&quot;&quot;,&quot;caption&quot;:&quot;&quot;,&quot;created_timestamp&quot;:&quot;0&quot;,&quot;copyright&quot;:&quot;&quot;,&quot;focal_length&quot;:&quot;0&quot;,&quot;iso&quot;:&quot;0&quot;,&quot;shutter_speed&quot;:&quot;0&quot;,&quot;title&quot;:&quot;&quot;,&quot;orientation&quot;:&quot;0&quot;}\" data-image-title=\"iconwebwlwccione\" data-image-description=\"\" data-medium-file=\"https:\/\/colegioarquitectos.com\/noticias\/wp-content\/uploads\/2020\/09\/iconwebwlwccione.png\" data-large-file=\"https:\/\/colegioarquitectos.com\/noticias\/wp-content\/uploads\/2020\/09\/iconwebwlwccione.png\" \/><\/h3>\n<h3><\/h3>\n<h3>Lista oficial de candidatos y candidatas de las Elecciones CA 2022<\/h3>\n<hr \/>\n<p>Cumpliendo con el calendario electoral, a continuaci\u00f3n puedes conocer la lista oficial de candidatos y candidatas a los distintos cargos nacionales y regionales del\u00a0<strong>Colegio de Arquitectos de Chile<\/strong>\u00a0para el\u00a0<strong>periodo 2022-2024<\/strong>.<\/p>\n<p><strong><a href=\"https:\/\/colegioarquitectos.com\/noticias\/?p=29417\">Lista oficial de candidatos y candidatas de las Elecciones CA 2022<\/a><\/strong><\/p>\n<p>&nbsp;<\/p>\n<h3><img loading=\"lazy\" decoding=\"async\" class=\"size-full wp-image-25629 alignleft\" src=\"http:\/\/colegioarquitectos.com\/noticias\/wp-content\/uploads\/2020\/09\/iconwebwlwccione.png\" alt=\"\" width=\"59\" height=\"59\" data-attachment-id=\"25629\" data-permalink=\"https:\/\/colegioarquitectos.com\/?attachment_id=25629\" data-orig-file=\"https:\/\/colegioarquitectos.com\/noticias\/wp-content\/uploads\/2020\/09\/iconwebwlwccione.png\" data-orig-size=\"59,59\" data-comments-opened=\"0\" data-image-meta=\"{&quot;aperture&quot;:&quot;0&quot;,&quot;credit&quot;:&quot;&quot;,&quot;camera&quot;:&quot;&quot;,&quot;caption&quot;:&quot;&quot;,&quot;created_timestamp&quot;:&quot;0&quot;,&quot;copyright&quot;:&quot;&quot;,&quot;focal_length&quot;:&quot;0&quot;,&quot;iso&quot;:&quot;0&quot;,&quot;shutter_speed&quot;:&quot;0&quot;,&quot;title&quot;:&quot;&quot;,&quot;orientation&quot;:&quot;0&quot;}\" data-image-title=\"iconwebwlwccione\" data-image-description=\"\" data-medium-file=\"https:\/\/colegioarquitectos.com\/noticias\/wp-content\/uploads\/2020\/09\/iconwebwlwccione.png\" data-large-file=\"https:\/\/colegioarquitectos.com\/noticias\/wp-content\/uploads\/2020\/09\/iconwebwlwccione.png\" \/><\/h3>\n<h3>\u00a0\u00bfTienes alguna duda ante la recepci\u00f3n de tu clave secreta o durante el proceso de votaci\u00f3n?<\/h3>\n<hr \/>\n<p>Todas las preguntas durante la recepci\u00f3n de claves secretas y el proceso de votaci\u00f3n puedes hacerlas escribiendo a\u00a0<strong>elecciones@colegioarquitectos.com o\u00a0\u00a0secretaria@colegioarquitectos.com<\/strong><\/p>\n<h3><img loading=\"lazy\" decoding=\"async\" class=\"size-full wp-image-25629 alignleft\" src=\"http:\/\/colegioarquitectos.com\/noticias\/wp-content\/uploads\/2020\/09\/iconwebwlwccione.png\" alt=\"\" width=\"59\" height=\"59\" data-attachment-id=\"25629\" data-permalink=\"https:\/\/colegioarquitectos.com\/?attachment_id=25629\" data-orig-file=\"https:\/\/colegioarquitectos.com\/noticias\/wp-content\/uploads\/2020\/09\/iconwebwlwccione.png\" data-orig-size=\"59,59\" data-comments-opened=\"0\" data-image-meta=\"{&quot;aperture&quot;:&quot;0&quot;,&quot;credit&quot;:&quot;&quot;,&quot;camera&quot;:&quot;&quot;,&quot;caption&quot;:&quot;&quot;,&quot;created_timestamp&quot;:&quot;0&quot;,&quot;copyright&quot;:&quot;&quot;,&quot;focal_length&quot;:&quot;0&quot;,&quot;iso&quot;:&quot;0&quot;,&quot;shutter_speed&quot;:&quot;0&quot;,&quot;title&quot;:&quot;&quot;,&quot;orientation&quot;:&quot;0&quot;}\" data-image-title=\"iconwebwlwccione\" data-image-description=\"\" data-medium-file=\"https:\/\/colegioarquitectos.com\/noticias\/wp-content\/uploads\/2020\/09\/iconwebwlwccione.png\" data-large-file=\"https:\/\/colegioarquitectos.com\/noticias\/wp-content\/uploads\/2020\/09\/iconwebwlwccione.png\" \/><\/h3>\n<h3><\/h3>\n<h3>Postula tus candidatos o candidatas a las Elecciones CA 2022<\/h3>\n<hr \/>\n<p><strong><a href=\"https:\/\/forms.gle\/F6dfEnExDUaRRcvg7\" target=\"_blank\" rel=\"noopener\">Formulario de inscripci\u00f3n &#8211; Postula candidatos o candidatas a las Elecciones CA 2022 [FORMULARIO CERRADO]<\/a><\/strong><\/p>\n<p>&nbsp;<\/p>\n<h5>**\u00a0El periodo de inscripci\u00f3n de candidaturas para las Elecciones CA 2022 termin\u00f3 a las 23.59 horas del 28 de noviembre de 2022.<\/h5>\n<p>&nbsp;<\/p>\n<hr \/>\n<p>&nbsp;<\/p>\n<p><\/p>","protected":false},"excerpt":{"rendered":"<p>El pasado lunes\u00a024 de octubre de 2022\u00a0en\u00a0Sesi\u00f3n N\u00ba55, el Directorio Nacional del Colegio de Arquitectos de Chile realiz\u00f3 el llamado a\u00a0Elecciones CA 2022, proceso que renovar\u00e1 autoridades en el\u00a0Directorio Nacional,\u00a0Tribunal de \u00c9tica Nacional (TEN),\u00a0Directorios de nuestras Delegaciones Zonales y Tribunales &hellip; <a class=\"more-link\" href=\"https:\/\/colegioarquitectos.com\/noticias\/?p=29310\">ver m\u00e1s<\/a><\/p>","protected":false},"author":4,"featured_media":29281,"comment_status":"closed","ping_status":"closed","sticky":false,"template":"","format":"standard","meta":{"footnotes":""},"categories":[8,138],"tags":[],"class_list":["post-29310","post","type-post","status-publish","format-standard","has-post-thumbnail","hentry","category-colegio-de-arquitectos","category-elecciones-ca-2022"],"yoast_head":"<!-- This site is optimized with the Yoast SEO plugin v24.2 - https:\/\/yoast.com\/wordpress\/plugins\/seo\/ -->\n<title>Inf\u00f3rmate y participa del proceso de Elecciones CA 2022 - COLEGIO DE ARQUITECTOS DE CHILE<\/title>\n<meta name=\"robots\" content=\"index, follow, max-snippet:-1, max-image-preview:large, max-video-preview:-1\" \/>\n<link rel=\"canonical\" href=\"https:\/\/colegioarquitectos.com\/noticias\/?p=29310\" \/>\n<meta property=\"og:locale\" content=\"es_ES\" \/>\n<meta property=\"og:type\" content=\"article\" \/>\n<meta property=\"og:title\" content=\"Inf\u00f3rmate y participa del proceso de Elecciones CA 2022 - COLEGIO DE ARQUITECTOS DE CHILE\" \/>\n<meta property=\"og:description\" content=\"El pasado lunes\u00a024 de octubre de 2022\u00a0en\u00a0Sesi\u00f3n N\u00ba55, el Directorio Nacional del Colegio de Arquitectos de Chile realiz\u00f3 el llamado a\u00a0Elecciones CA 2022, proceso que renovar\u00e1 autoridades en el\u00a0Directorio Nacional,\u00a0Tribunal de \u00c9tica Nacional (TEN),\u00a0Directorios de nuestras Delegaciones Zonales y Tribunales &hellip; ver m\u00e1s\" \/>\n<meta property=\"og:url\" content=\"https:\/\/colegioarquitectos.com\/noticias\/?p=29310\" \/>\n<meta property=\"og:site_name\" content=\"COLEGIO DE ARQUITECTOS DE CHILE\" \/>\n<meta property=\"article:publisher\" content=\"https:\/\/facebook.com\/Colegioarq\/\" \/>\n<meta property=\"article:published_time\" content=\"2022-12-22T14:16:14+00:00\" \/>\n<meta property=\"article:modified_time\" content=\"2023-10-30T14:33:56+00:00\" \/>\n<meta property=\"og:image\" content=\"https:\/\/colegioarquitectos.com\/noticias\/wp-content\/uploads\/2022\/10\/elecciones-ca-2022-destweb.png\" \/>\n\t<meta property=\"og:image:width\" content=\"1280\" \/>\n\t<meta property=\"og:image:height\" content=\"720\" \/>\n\t<meta property=\"og:image:type\" content=\"image\/png\" \/>\n<meta name=\"author\" content=\"Colegio de Arquitectos de Chile\" \/>\n<meta name=\"twitter:card\" content=\"summary_large_image\" \/>\n<meta name=\"twitter:creator\" content=\"@colegioarq\" \/>\n<meta name=\"twitter:site\" content=\"@colegioarq\" \/>\n<meta name=\"twitter:label1\" content=\"Escrito por\" \/>\n\t<meta name=\"twitter:data1\" content=\"Colegio de Arquitectos de Chile\" \/>\n\t<meta name=\"twitter:label2\" content=\"Tiempo de lectura\" \/>\n\t<meta name=\"twitter:data2\" content=\"4 minutos\" \/>\n<script type=\"application\/ld+json\" class=\"yoast-schema-graph\">{\"@context\":\"https:\/\/schema.org\",\"@graph\":[{\"@type\":\"Article\",\"@id\":\"https:\/\/colegioarquitectos.com\/noticias\/?p=29310#article\",\"isPartOf\":{\"@id\":\"https:\/\/colegioarquitectos.com\/noticias\/?p=29310\"},\"author\":{\"name\":\"Colegio de Arquitectos de Chile\",\"@id\":\"https:\/\/colegioarquitectos.com\/noticias\/#\/schema\/person\/685cc0aad148303c5608f049af8285ad\"},\"headline\":\"Inf\u00f3rmate y participa del proceso de Elecciones CA 2022\",\"datePublished\":\"2022-12-22T14:16:14+00:00\",\"dateModified\":\"2023-10-30T14:33:56+00:00\",\"mainEntityOfPage\":{\"@id\":\"https:\/\/colegioarquitectos.com\/noticias\/?p=29310\"},\"wordCount\":750,\"publisher\":{\"@id\":\"https:\/\/colegioarquitectos.com\/noticias\/#organization\"},\"image\":{\"@id\":\"https:\/\/colegioarquitectos.com\/noticias\/?p=29310#primaryimage\"},\"thumbnailUrl\":\"https:\/\/colegioarquitectos.com\/noticias\/wp-content\/uploads\/2022\/10\/elecciones-ca-2022-destweb.png\",\"articleSection\":[\"Colegio\",\"Elecciones CA 2022\"],\"inLanguage\":\"es\"},{\"@type\":\"WebPage\",\"@id\":\"https:\/\/colegioarquitectos.com\/noticias\/?p=29310\",\"url\":\"https:\/\/colegioarquitectos.com\/noticias\/?p=29310\",\"name\":\"Inf\u00f3rmate y participa del proceso de Elecciones CA 2022 - COLEGIO DE ARQUITECTOS DE CHILE\",\"isPartOf\":{\"@id\":\"https:\/\/colegioarquitectos.com\/noticias\/#website\"},\"primaryImageOfPage\":{\"@id\":\"https:\/\/colegioarquitectos.com\/noticias\/?p=29310#primaryimage\"},\"image\":{\"@id\":\"https:\/\/colegioarquitectos.com\/noticias\/?p=29310#primaryimage\"},\"thumbnailUrl\":\"https:\/\/colegioarquitectos.com\/noticias\/wp-content\/uploads\/2022\/10\/elecciones-ca-2022-destweb.png\",\"datePublished\":\"2022-12-22T14:16:14+00:00\",\"dateModified\":\"2023-10-30T14:33:56+00:00\",\"breadcrumb\":{\"@id\":\"https:\/\/colegioarquitectos.com\/noticias\/?p=29310#breadcrumb\"},\"inLanguage\":\"es\",\"potentialAction\":[{\"@type\":\"ReadAction\",\"target\":[\"https:\/\/colegioarquitectos.com\/noticias\/?p=29310\"]}]},{\"@type\":\"ImageObject\",\"inLanguage\":\"es\",\"@id\":\"https:\/\/colegioarquitectos.com\/noticias\/?p=29310#primaryimage\",\"url\":\"https:\/\/colegioarquitectos.com\/noticias\/wp-content\/uploads\/2022\/10\/elecciones-ca-2022-destweb.png\",\"contentUrl\":\"https:\/\/colegioarquitectos.com\/noticias\/wp-content\/uploads\/2022\/10\/elecciones-ca-2022-destweb.png\",\"width\":1280,\"height\":720},{\"@type\":\"BreadcrumbList\",\"@id\":\"https:\/\/colegioarquitectos.com\/noticias\/?p=29310#breadcrumb\",\"itemListElement\":[{\"@type\":\"ListItem\",\"position\":1,\"name\":\"Portada\",\"item\":\"https:\/\/colegioarquitectos.com\/noticias\"},{\"@type\":\"ListItem\",\"position\":2,\"name\":\"Inf\u00f3rmate y participa del proceso de Elecciones CA 2022\"}]},{\"@type\":\"WebSite\",\"@id\":\"https:\/\/colegioarquitectos.com\/noticias\/#website\",\"url\":\"https:\/\/colegioarquitectos.com\/noticias\/\",\"name\":\"COLEGIO DE ARQUITECTOS DE CHILE\",\"description\":\"\",\"publisher\":{\"@id\":\"https:\/\/colegioarquitectos.com\/noticias\/#organization\"},\"potentialAction\":[{\"@type\":\"SearchAction\",\"target\":{\"@type\":\"EntryPoint\",\"urlTemplate\":\"https:\/\/colegioarquitectos.com\/noticias\/?s={search_term_string}\"},\"query-input\":{\"@type\":\"PropertyValueSpecification\",\"valueRequired\":true,\"valueName\":\"search_term_string\"}}],\"inLanguage\":\"es\"},{\"@type\":\"Organization\",\"@id\":\"https:\/\/colegioarquitectos.com\/noticias\/#organization\",\"name\":\"COLEGIO DE ARQUITECTOS DE CHILE\",\"url\":\"https:\/\/colegioarquitectos.com\/noticias\/\",\"logo\":{\"@type\":\"ImageObject\",\"inLanguage\":\"es\",\"@id\":\"https:\/\/colegioarquitectos.com\/noticias\/#\/schema\/logo\/image\/\",\"url\":\"https:\/\/colegioarquitectos.com\/noticias\/wp-content\/uploads\/2021\/05\/ENCABEZADO-LOGO-CA.jpg\",\"contentUrl\":\"https:\/\/colegioarquitectos.com\/noticias\/wp-content\/uploads\/2021\/05\/ENCABEZADO-LOGO-CA.jpg\",\"width\":690,\"height\":350,\"caption\":\"COLEGIO DE ARQUITECTOS DE CHILE\"},\"image\":{\"@id\":\"https:\/\/colegioarquitectos.com\/noticias\/#\/schema\/logo\/image\/\"},\"sameAs\":[\"https:\/\/facebook.com\/Colegioarq\/\",\"https:\/\/x.com\/colegioarq\",\"https:\/\/instagram.com\/colegioarq\",\"https:\/\/youtube.com\/@ColegiodeArquitectosdeChile\"]},{\"@type\":\"Person\",\"@id\":\"https:\/\/colegioarquitectos.com\/noticias\/#\/schema\/person\/685cc0aad148303c5608f049af8285ad\",\"name\":\"Colegio de Arquitectos de Chile\",\"url\":\"https:\/\/colegioarquitectos.com\/noticias\/?author=4\"}]}<\/script>\n<!-- \/ Yoast SEO plugin. -->","yoast_head_json":{"title":"Inf\u00f3rmate y participa del proceso de Elecciones CA 2022 - COLEGIO DE ARQUITECTOS DE CHILE","robots":{"index":"index","follow":"follow","max-snippet":"max-snippet:-1","max-image-preview":"max-image-preview:large","max-video-preview":"max-video-preview:-1"},"canonical":"https:\/\/colegioarquitectos.com\/noticias\/?p=29310","og_locale":"es_ES","og_type":"article","og_title":"Inf\u00f3rmate y participa del proceso de Elecciones CA 2022 - COLEGIO DE ARQUITECTOS DE CHILE","og_description":"El pasado lunes\u00a024 de octubre de 2022\u00a0en\u00a0Sesi\u00f3n N\u00ba55, el Directorio Nacional del Colegio de Arquitectos de Chile realiz\u00f3 el llamado a\u00a0Elecciones CA 2022, proceso que renovar\u00e1 autoridades en el\u00a0Directorio Nacional,\u00a0Tribunal de \u00c9tica Nacional (TEN),\u00a0Directorios de nuestras Delegaciones Zonales y Tribunales &hellip; ver m\u00e1s","og_url":"https:\/\/colegioarquitectos.com\/noticias\/?p=29310","og_site_name":"COLEGIO DE ARQUITECTOS DE CHILE","article_publisher":"https:\/\/facebook.com\/Colegioarq\/","article_published_time":"2022-12-22T14:16:14+00:00","article_modified_time":"2023-10-30T14:33:56+00:00","og_image":[{"width":1280,"height":720,"url":"https:\/\/colegioarquitectos.com\/noticias\/wp-content\/uploads\/2022\/10\/elecciones-ca-2022-destweb.png","type":"image\/png"}],"author":"Colegio de Arquitectos de Chile","twitter_card":"summary_large_image","twitter_creator":"@colegioarq","twitter_site":"@colegioarq","twitter_misc":{"Escrito por":"Colegio de Arquitectos de Chile","Tiempo de lectura":"4 minutos"},"schema":{"@context":"https:\/\/schema.org","@graph":[{"@type":"Article","@id":"https:\/\/colegioarquitectos.com\/noticias\/?p=29310#article","isPartOf":{"@id":"https:\/\/colegioarquitectos.com\/noticias\/?p=29310"},"author":{"name":"Colegio de Arquitectos de Chile","@id":"https:\/\/colegioarquitectos.com\/noticias\/#\/schema\/person\/685cc0aad148303c5608f049af8285ad"},"headline":"Inf\u00f3rmate y participa del proceso de Elecciones CA 2022","datePublished":"2022-12-22T14:16:14+00:00","dateModified":"2023-10-30T14:33:56+00:00","mainEntityOfPage":{"@id":"https:\/\/colegioarquitectos.com\/noticias\/?p=29310"},"wordCount":750,"publisher":{"@id":"https:\/\/colegioarquitectos.com\/noticias\/#organization"},"image":{"@id":"https:\/\/colegioarquitectos.com\/noticias\/?p=29310#primaryimage"},"thumbnailUrl":"https:\/\/colegioarquitectos.com\/noticias\/wp-content\/uploads\/2022\/10\/elecciones-ca-2022-destweb.png","articleSection":["Colegio","Elecciones CA 2022"],"inLanguage":"es"},{"@type":"WebPage","@id":"https:\/\/colegioarquitectos.com\/noticias\/?p=29310","url":"https:\/\/colegioarquitectos.com\/noticias\/?p=29310","name":"Inf\u00f3rmate y participa del proceso de Elecciones CA 2022 - COLEGIO DE ARQUITECTOS DE CHILE","isPartOf":{"@id":"https:\/\/colegioarquitectos.com\/noticias\/#website"},"primaryImageOfPage":{"@id":"https:\/\/colegioarquitectos.com\/noticias\/?p=29310#primaryimage"},"image":{"@id":"https:\/\/colegioarquitectos.com\/noticias\/?p=29310#primaryimage"},"thumbnailUrl":"https:\/\/colegioarquitectos.com\/noticias\/wp-content\/uploads\/2022\/10\/elecciones-ca-2022-destweb.png","datePublished":"2022-12-22T14:16:14+00:00","dateModified":"2023-10-30T14:33:56+00:00","breadcrumb":{"@id":"https:\/\/colegioarquitectos.com\/noticias\/?p=29310#breadcrumb"},"inLanguage":"es","potentialAction":[{"@type":"ReadAction","target":["https:\/\/colegioarquitectos.com\/noticias\/?p=29310"]}]},{"@type":"ImageObject","inLanguage":"es","@id":"https:\/\/colegioarquitectos.com\/noticias\/?p=29310#primaryimage","url":"https:\/\/colegioarquitectos.com\/noticias\/wp-content\/uploads\/2022\/10\/elecciones-ca-2022-destweb.png","contentUrl":"https:\/\/colegioarquitectos.com\/noticias\/wp-content\/uploads\/2022\/10\/elecciones-ca-2022-destweb.png","width":1280,"height":720},{"@type":"BreadcrumbList","@id":"https:\/\/colegioarquitectos.com\/noticias\/?p=29310#breadcrumb","itemListElement":[{"@type":"ListItem","position":1,"name":"Portada","item":"https:\/\/colegioarquitectos.com\/noticias"},{"@type":"ListItem","position":2,"name":"Inf\u00f3rmate y participa del proceso de Elecciones CA 2022"}]},{"@type":"WebSite","@id":"https:\/\/colegioarquitectos.com\/noticias\/#website","url":"https:\/\/colegioarquitectos.com\/noticias\/","name":"COLEGIO DE ARQUITECTOS DE CHILE","description":"","publisher":{"@id":"https:\/\/colegioarquitectos.com\/noticias\/#organization"},"potentialAction":[{"@type":"SearchAction","target":{"@type":"EntryPoint","urlTemplate":"https:\/\/colegioarquitectos.com\/noticias\/?s={search_term_string}"},"query-input":{"@type":"PropertyValueSpecification","valueRequired":true,"valueName":"search_term_string"}}],"inLanguage":"es"},{"@type":"Organization","@id":"https:\/\/colegioarquitectos.com\/noticias\/#organization","name":"COLEGIO DE ARQUITECTOS DE CHILE","url":"https:\/\/colegioarquitectos.com\/noticias\/","logo":{"@type":"ImageObject","inLanguage":"es","@id":"https:\/\/colegioarquitectos.com\/noticias\/#\/schema\/logo\/image\/","url":"https:\/\/colegioarquitectos.com\/noticias\/wp-content\/uploads\/2021\/05\/ENCABEZADO-LOGO-CA.jpg","contentUrl":"https:\/\/colegioarquitectos.com\/noticias\/wp-content\/uploads\/2021\/05\/ENCABEZADO-LOGO-CA.jpg","width":690,"height":350,"caption":"COLEGIO DE ARQUITECTOS DE CHILE"},"image":{"@id":"https:\/\/colegioarquitectos.com\/noticias\/#\/schema\/logo\/image\/"},"sameAs":["https:\/\/facebook.com\/Colegioarq\/","https:\/\/x.com\/colegioarq","https:\/\/instagram.com\/colegioarq","https:\/\/youtube.com\/@ColegiodeArquitectosdeChile"]},{"@type":"Person","@id":"https:\/\/colegioarquitectos.com\/noticias\/#\/schema\/person\/685cc0aad148303c5608f049af8285ad","name":"Colegio de Arquitectos de Chile","url":"https:\/\/colegioarquitectos.com\/noticias\/?author=4"}]}},"_links":{"self":[{"href":"https:\/\/colegioarquitectos.com\/noticias\/index.php?rest_route=\/wp\/v2\/posts\/29310","targetHints":{"allow":["GET"]}}],"collection":[{"href":"https:\/\/colegioarquitectos.com\/noticias\/index.php?rest_route=\/wp\/v2\/posts"}],"about":[{"href":"https:\/\/colegioarquitectos.com\/noticias\/index.php?rest_route=\/wp\/v2\/types\/post"}],"author":[{"embeddable":true,"href":"https:\/\/colegioarquitectos.com\/noticias\/index.php?rest_route=\/wp\/v2\/users\/4"}],"replies":[{"embeddable":true,"href":"https:\/\/colegioarquitectos.com\/noticias\/index.php?rest_route=%2Fwp%2Fv2%2Fcomments&post=29310"}],"version-history":[{"count":0,"href":"https:\/\/colegioarquitectos.com\/noticias\/index.php?rest_route=\/wp\/v2\/posts\/29310\/revisions"}],"wp:featuredmedia":[{"embeddable":true,"href":"https:\/\/colegioarquitectos.com\/noticias\/index.php?rest_route=\/wp\/v2\/media\/29281"}],"wp:attachment":[{"href":"https:\/\/colegioarquitectos.com\/noticias\/index.php?rest_route=%2Fwp%2Fv2%2Fmedia&parent=29310"}],"wp:term":[{"taxonomy":"category","embeddable":true,"href":"https:\/\/colegioarquitectos.com\/noticias\/index.php?rest_route=%2Fwp%2Fv2%2Fcategories&post=29310"},{"taxonomy":"post_tag","embeddable":true,"href":"https:\/\/colegioarquitectos.com\/noticias\/index.php?rest_route=%2Fwp%2Fv2%2Ftags&post=29310"}],"curies":[{"name":"wp","href":"https:\/\/api.w.org\/{rel}","templated":true}]}}