
{"id":29320,"date":"2022-11-07T11:53:16","date_gmt":"2022-11-07T15:53:16","guid":{"rendered":"https:\/\/colegioarquitectos.com\/?p=29320"},"modified":"2022-11-18T10:35:30","modified_gmt":"2022-11-18T14:35:30","slug":"participa-del-webinar-disena-el-futuro-que-queremos-construir-en-el-marco-del-lanzamiento-del-concurso-desafio-net-zero-2030","status":"publish","type":"post","link":"https:\/\/colegioarquitectos.com\/noticias\/?p=29320","title":{"rendered":"Construye2025 y Colegio de Arquitectos de Chile lanzar\u00e1n concurso para construir viviendas sociales sustentables"},"content":{"rendered":"<p>Este <strong>mi\u00e9rcoles 23 de noviembre<\/strong>\u00a0a las <strong>17.00 horas<\/strong> se realizar\u00e1 a trav\u00e9s de <strong>FB Live <\/strong>y<strong> YouTube<\/strong>\u00a0el webinar <strong>\u00abDise\u00f1a el futuro que queremos construir\u00bb<\/strong>, que marcar\u00e1 el <strong>lanzamiento del concurso Desaf\u00edo Net Zero 2030<\/strong>, una iniciativa de <strong>Construye2025<\/strong> y el <strong>Colegio de Arquitectos de Chile<\/strong>.<\/p>\n<p>El concurso est\u00e1 dirigido a estudiantes de pregrado, tanto de universidades como de institutos profesionales, que cursen carreras afines al \u00e1rea de la construcci\u00f3n para d<strong>esarrollar un dise\u00f1o de prototipo de viviendas innovadoras y sustentables, que cumplan con los requisitos del subsidio habitacional DS19<\/strong>.<\/p>\n<p>En este contexto, los j\u00f3venes deber\u00e1n formar <strong>equipos de cinco personas y un tutor para desarrollar estos prototipos<\/strong>, considerando que en Chile el d\u00e9ficit habitacional es de <strong>650.000 viviendas<\/strong> aproximadamente y existen <strong>1.091 campamentos<\/strong> con un total de <strong>71.961 hogares<\/strong> en ellos, adem\u00e1s de las cifras que arroja el sector de la construcci\u00f3n a nivel internacional: <strong>genera el 35% de residuos, el 38% de los gases de efecto invernadero, consume el 35% de energ\u00eda y un 20% de agua dulce<\/strong>.<\/p>\n<p>De esta manera, <strong>ambas instituciones buscan aportar al d\u00e9ficit habitacional, avanzando hacia el desarrollo sostenible<\/strong>, con \u00e9nfasis en la innovaci\u00f3n para que la arquitectura y la construcci\u00f3n alcancen los objetivos de desarrollo sostenible que se esperan a 2030.<\/p>\n<p>Desaf\u00edo Net Zero 2030 es un espacio de encuentro que tendr\u00e1 como centro un <strong>concurso estudiantil donde participan equipos conformados por estudiantes de distintas carreras afines a la construcci\u00f3n, los que aprender\u00e1n de tecnolog\u00edas y metodolog\u00edas para dise\u00f1ar prototipos de vivienda innovadores<\/strong>, que incorporen y ayuden en el camino para lograr la\u00a0 <strong>carbono neutralidad<\/strong> en Chile hacia el 2050.<\/p>\n<p><strong>Pablo Ivelic<\/strong>, presidente de Construye2025, pone \u00e9nfasis en la urgencia de transformar a la industria de la construcci\u00f3n en una m\u00e1s productiva y m\u00e1s sustentable. \u00abLlevamos seis a\u00f1os de vida y mediante diferentes acciones hemos entendido que la principal manera de abordar este desaf\u00edo es desde el dise\u00f1o de la infraestructura\u00bb, afirma.<\/p>\n<p>El l\u00edder del programa, impulsado por Corfo y administrado por el Instituto de la Construcci\u00f3n, expresa tambi\u00e9n su absoluta convicci\u00f3n de que a trav\u00e9s de esta iniciativa \u00ab<strong>se pueden generar quiebres relevantes para cambiar en Chile, no s\u00f3lo buscando mayor productividad y sustentabilidad, sino tambi\u00e9n un desarrollo sostenible para el pa\u00eds<\/strong>\u00bb.<\/p>\n<p>La iniciativa allanar\u00e1 el camino para lograr la carbono neutralidad del pa\u00eds hacia 2050, <strong>mejorando las capacidades profesionales de la construcci\u00f3n en temas relacionados con brechas productivas, sociales y medioambientales<\/strong>. Para ello, el Colegio de Arquitectos de Chile y Construye2025 respaldan mediante un <strong>concurso proyectos de vivienda social que incorporen metas de reducci\u00f3n significativa para consumo de energ\u00eda y emisiones de CO2<\/strong>, as\u00ed como el uso eficiente de los recursos, la disminuci\u00f3n de residuos y retrasos en obras de edificaci\u00f3n.<\/p>\n<p>Puedes seguir el webinar <strong>\u00abDise\u00f1a el futuro que queremos construir\u00bb<\/strong>, en el marco del <strong>lanzamiento del concurso Desaf\u00edo Net Zero 2030<\/strong>, este<strong> mi\u00e9rcoles 23 de noviembre<\/strong> desde las <strong>17.00 horas<\/strong> a trav\u00e9s de YouTube en\u00a0<a href=\"https:\/\/www.youtube.com\/ColegiodeArquitectosdeChile\">https:\/\/www.youtube.com\/ColegiodeArquitectosdeChile<\/a>\u00a0y de\u00a0<strong>FB Live<\/strong> en <a href=\"http:\/\/www.facebook.com\/colegioarq\">www.facebook.com\/colegioarq<\/a>.<\/p>\n<p>&nbsp;<\/p>\n<h4><strong>La convocatoria<\/strong><\/h4>\n<hr \/>\n<p>El llamado quedar\u00e1 abierto para que las casas de estudio patrocinen el evento, se inscriban en \u00e9l y den las facilidades a sus estudiantes para ser parte del desaf\u00edo. <strong>La meta es llegar a recibir un centenar de ideas de proyectos, apoyando a los equipos con cursos y capacitaciones relacionados con los cuatro ejes a evaluar: consumo neto de energ\u00eda, emisiones netas de CO2, industrializaci\u00f3n y econom\u00eda circular<\/strong>.<\/p>\n<p>\u00abConstruye2025 y la CChC han hecho varios estudios para detectar cu\u00e1les son las brechas que frenan la transformaci\u00f3n de Chile como pa\u00eds m\u00e1s sustentable y productivo. El 40% de la brecha est\u00e1 en el dise\u00f1o\u00bb, comenta <strong>Marcos Brito<\/strong>, gerente de Construye2025.<\/p>\n<p>En este sentido, <strong>Jadille Baza<\/strong>, presidenta del Colegio de Arquitectos, hace hincapi\u00e9 en la importancia de incorporar esta visi\u00f3n desde el dise\u00f1o, y a trav\u00e9s de un trabajo multidisciplinario de los distintos actores que confluyen en la construcci\u00f3n de este tipo de infraestructura. Adem\u00e1s, recuerda la obligatoriedad de la Calificaci\u00f3n Energ\u00e9tica a contar de 2023 y enfatiza en la Ley Marco de Cambio Clim\u00e1tico, que apunta al cumplimiento de las metas a 2025.<\/p>\n<p><strong>Por ello, los equipos deber\u00e1n estar integrados por cinco estudiantes, de los cuales al menos dos deben cursar arquitectura. Adem\u00e1s, todos ellos deben tener un avance de m\u00e1s del 50% de sus carreras<\/strong>. Del total de iniciativas que se inscriban en una etapa posterior, se elegir\u00e1 a las cinco mejores y de ah\u00ed saldr\u00e1n los tres proyectos ganadores.<\/p>\n<p><strong>El premio para el equipo que logre el primer lugar ser\u00e1 una pasant\u00eda de una semana \u2014con todos los gastos pagados\u2014 en la Universidad de Nottingham, premio avaluado en cerca de $15.000.000<\/strong>. En tanto, el equipo que obtenga el segundo lugar recibir\u00e1 <strong>un mill\u00f3n y medio de pesos<\/strong>; y, el que se adjudique el tercer puesto, obtendr\u00e1 un incentivo de <strong>un mill\u00f3n de pesos<\/strong>.<\/p>\n<p>&nbsp;<\/p>\n<h4>Inscripciones<\/h4>\n<hr \/>\n<p>Puedes inscribirte para ingresar al lanzamiento del concurso Desaf\u00edo Net Zero 2030 <a href=\"https:\/\/docs.google.com\/forms\/d\/e\/1FAIpQLScwqIfxayBPI5Ol92G4WGT_jfK0oPVZDUVRcXT50dH03PCE1A\/viewform\"><strong>ac\u00e1<\/strong><\/a>.<\/p>\n<p>&nbsp;<\/p>\n<p><img loading=\"lazy\" decoding=\"async\" class=\"aligncenter wp-image-29322 size-large\" src=\"https:\/\/colegioarquitectos.com\/noticias\/wp-content\/uploads\/2022\/11\/Artboard-1-819x1024.jpg\" alt=\"\" width=\"690\" height=\"863\" srcset=\"https:\/\/colegioarquitectos.com\/noticias\/wp-content\/uploads\/2022\/11\/Artboard-1-819x1024.jpg 819w, https:\/\/colegioarquitectos.com\/noticias\/wp-content\/uploads\/2022\/11\/Artboard-1-240x300.jpg 240w, https:\/\/colegioarquitectos.com\/noticias\/wp-content\/uploads\/2022\/11\/Artboard-1-768x960.jpg 768w, https:\/\/colegioarquitectos.com\/noticias\/wp-content\/uploads\/2022\/11\/Artboard-1.jpg 1080w\" sizes=\"auto, (max-width: 690px) 100vw, 690px\" \/><\/p>\n<p>&nbsp;<\/p>\n<p><\/p>","protected":false},"excerpt":{"rendered":"<p>Este mi\u00e9rcoles 23 de noviembre\u00a0a las 17.00 horas se realizar\u00e1 a trav\u00e9s de FB Live y YouTube\u00a0el webinar \u00abDise\u00f1a el futuro que queremos construir\u00bb, que marcar\u00e1 el lanzamiento del concurso Desaf\u00edo Net Zero 2030, una iniciativa de Construye2025 y el &hellip; <a class=\"more-link\" href=\"https:\/\/colegioarquitectos.com\/noticias\/?p=29320\">ver m\u00e1s<\/a><\/p>","protected":false},"author":4,"featured_media":29321,"comment_status":"closed","ping_status":"closed","sticky":false,"template":"","format":"standard","meta":{"footnotes":""},"categories":[19],"tags":[],"class_list":["post-29320","post","type-post","status-publish","format-standard","has-post-thumbnail","hentry","category-actividades"],"yoast_head":"<!-- This site is optimized with the Yoast SEO plugin v24.2 - https:\/\/yoast.com\/wordpress\/plugins\/seo\/ -->\n<title>Construye2025 y Colegio de Arquitectos de Chile lanzar\u00e1n concurso para construir viviendas sociales sustentables - COLEGIO DE ARQUITECTOS DE CHILE<\/title>\n<meta name=\"robots\" content=\"index, follow, max-snippet:-1, max-image-preview:large, max-video-preview:-1\" \/>\n<link rel=\"canonical\" href=\"https:\/\/colegioarquitectos.com\/noticias\/?p=29320\" \/>\n<meta property=\"og:locale\" content=\"es_ES\" \/>\n<meta property=\"og:type\" content=\"article\" \/>\n<meta property=\"og:title\" content=\"Construye2025 y Colegio de Arquitectos de Chile lanzar\u00e1n concurso para construir viviendas sociales sustentables - COLEGIO DE ARQUITECTOS DE CHILE\" \/>\n<meta property=\"og:description\" content=\"Este mi\u00e9rcoles 23 de noviembre\u00a0a las 17.00 horas se realizar\u00e1 a trav\u00e9s de FB Live y YouTube\u00a0el webinar \u00abDise\u00f1a el futuro que queremos construir\u00bb, que marcar\u00e1 el lanzamiento del concurso Desaf\u00edo Net Zero 2030, una iniciativa de Construye2025 y el &hellip; ver m\u00e1s\" \/>\n<meta property=\"og:url\" content=\"https:\/\/colegioarquitectos.com\/noticias\/?p=29320\" \/>\n<meta property=\"og:site_name\" content=\"COLEGIO DE ARQUITECTOS DE CHILE\" \/>\n<meta property=\"article:publisher\" content=\"https:\/\/facebook.com\/Colegioarq\/\" \/>\n<meta property=\"article:published_time\" content=\"2022-11-07T15:53:16+00:00\" \/>\n<meta property=\"article:modified_time\" content=\"2022-11-18T14:35:30+00:00\" \/>\n<meta property=\"og:image\" content=\"https:\/\/colegioarquitectos.com\/noticias\/wp-content\/uploads\/2022\/11\/ENCABEZADO.jpg\" \/>\n\t<meta property=\"og:image:width\" content=\"1280\" \/>\n\t<meta property=\"og:image:height\" content=\"720\" \/>\n\t<meta property=\"og:image:type\" content=\"image\/jpeg\" \/>\n<meta name=\"author\" content=\"Colegio de Arquitectos de Chile\" \/>\n<meta name=\"twitter:card\" content=\"summary_large_image\" \/>\n<meta name=\"twitter:creator\" content=\"@colegioarq\" \/>\n<meta name=\"twitter:site\" content=\"@colegioarq\" \/>\n<meta name=\"twitter:label1\" content=\"Escrito por\" \/>\n\t<meta name=\"twitter:data1\" content=\"Colegio de Arquitectos de Chile\" \/>\n\t<meta name=\"twitter:label2\" content=\"Tiempo de lectura\" \/>\n\t<meta name=\"twitter:data2\" content=\"4 minutos\" \/>\n<script type=\"application\/ld+json\" class=\"yoast-schema-graph\">{\"@context\":\"https:\/\/schema.org\",\"@graph\":[{\"@type\":\"Article\",\"@id\":\"https:\/\/colegioarquitectos.com\/noticias\/?p=29320#article\",\"isPartOf\":{\"@id\":\"https:\/\/colegioarquitectos.com\/noticias\/?p=29320\"},\"author\":{\"name\":\"Colegio de Arquitectos de Chile\",\"@id\":\"https:\/\/colegioarquitectos.com\/noticias\/#\/schema\/person\/685cc0aad148303c5608f049af8285ad\"},\"headline\":\"Construye2025 y Colegio de Arquitectos de Chile lanzar\u00e1n concurso para construir viviendas sociales sustentables\",\"datePublished\":\"2022-11-07T15:53:16+00:00\",\"dateModified\":\"2022-11-18T14:35:30+00:00\",\"mainEntityOfPage\":{\"@id\":\"https:\/\/colegioarquitectos.com\/noticias\/?p=29320\"},\"wordCount\":886,\"publisher\":{\"@id\":\"https:\/\/colegioarquitectos.com\/noticias\/#organization\"},\"image\":{\"@id\":\"https:\/\/colegioarquitectos.com\/noticias\/?p=29320#primaryimage\"},\"thumbnailUrl\":\"https:\/\/colegioarquitectos.com\/noticias\/wp-content\/uploads\/2022\/11\/ENCABEZADO.jpg\",\"articleSection\":[\"Actividades\"],\"inLanguage\":\"es\"},{\"@type\":\"WebPage\",\"@id\":\"https:\/\/colegioarquitectos.com\/noticias\/?p=29320\",\"url\":\"https:\/\/colegioarquitectos.com\/noticias\/?p=29320\",\"name\":\"Construye2025 y Colegio de Arquitectos de Chile lanzar\u00e1n concurso para construir viviendas sociales sustentables - COLEGIO DE ARQUITECTOS DE CHILE\",\"isPartOf\":{\"@id\":\"https:\/\/colegioarquitectos.com\/noticias\/#website\"},\"primaryImageOfPage\":{\"@id\":\"https:\/\/colegioarquitectos.com\/noticias\/?p=29320#primaryimage\"},\"image\":{\"@id\":\"https:\/\/colegioarquitectos.com\/noticias\/?p=29320#primaryimage\"},\"thumbnailUrl\":\"https:\/\/colegioarquitectos.com\/noticias\/wp-content\/uploads\/2022\/11\/ENCABEZADO.jpg\",\"datePublished\":\"2022-11-07T15:53:16+00:00\",\"dateModified\":\"2022-11-18T14:35:30+00:00\",\"breadcrumb\":{\"@id\":\"https:\/\/colegioarquitectos.com\/noticias\/?p=29320#breadcrumb\"},\"inLanguage\":\"es\",\"potentialAction\":[{\"@type\":\"ReadAction\",\"target\":[\"https:\/\/colegioarquitectos.com\/noticias\/?p=29320\"]}]},{\"@type\":\"ImageObject\",\"inLanguage\":\"es\",\"@id\":\"https:\/\/colegioarquitectos.com\/noticias\/?p=29320#primaryimage\",\"url\":\"https:\/\/colegioarquitectos.com\/noticias\/wp-content\/uploads\/2022\/11\/ENCABEZADO.jpg\",\"contentUrl\":\"https:\/\/colegioarquitectos.com\/noticias\/wp-content\/uploads\/2022\/11\/ENCABEZADO.jpg\",\"width\":1280,\"height\":720},{\"@type\":\"BreadcrumbList\",\"@id\":\"https:\/\/colegioarquitectos.com\/noticias\/?p=29320#breadcrumb\",\"itemListElement\":[{\"@type\":\"ListItem\",\"position\":1,\"name\":\"Portada\",\"item\":\"https:\/\/colegioarquitectos.com\/noticias\"},{\"@type\":\"ListItem\",\"position\":2,\"name\":\"Construye2025 y Colegio de Arquitectos de Chile lanzar\u00e1n concurso para construir viviendas sociales sustentables\"}]},{\"@type\":\"WebSite\",\"@id\":\"https:\/\/colegioarquitectos.com\/noticias\/#website\",\"url\":\"https:\/\/colegioarquitectos.com\/noticias\/\",\"name\":\"COLEGIO DE ARQUITECTOS DE CHILE\",\"description\":\"\",\"publisher\":{\"@id\":\"https:\/\/colegioarquitectos.com\/noticias\/#organization\"},\"potentialAction\":[{\"@type\":\"SearchAction\",\"target\":{\"@type\":\"EntryPoint\",\"urlTemplate\":\"https:\/\/colegioarquitectos.com\/noticias\/?s={search_term_string}\"},\"query-input\":{\"@type\":\"PropertyValueSpecification\",\"valueRequired\":true,\"valueName\":\"search_term_string\"}}],\"inLanguage\":\"es\"},{\"@type\":\"Organization\",\"@id\":\"https:\/\/colegioarquitectos.com\/noticias\/#organization\",\"name\":\"COLEGIO DE ARQUITECTOS DE CHILE\",\"url\":\"https:\/\/colegioarquitectos.com\/noticias\/\",\"logo\":{\"@type\":\"ImageObject\",\"inLanguage\":\"es\",\"@id\":\"https:\/\/colegioarquitectos.com\/noticias\/#\/schema\/logo\/image\/\",\"url\":\"https:\/\/colegioarquitectos.com\/noticias\/wp-content\/uploads\/2021\/05\/ENCABEZADO-LOGO-CA.jpg\",\"contentUrl\":\"https:\/\/colegioarquitectos.com\/noticias\/wp-content\/uploads\/2021\/05\/ENCABEZADO-LOGO-CA.jpg\",\"width\":690,\"height\":350,\"caption\":\"COLEGIO DE ARQUITECTOS DE CHILE\"},\"image\":{\"@id\":\"https:\/\/colegioarquitectos.com\/noticias\/#\/schema\/logo\/image\/\"},\"sameAs\":[\"https:\/\/facebook.com\/Colegioarq\/\",\"https:\/\/x.com\/colegioarq\",\"https:\/\/instagram.com\/colegioarq\",\"https:\/\/youtube.com\/@ColegiodeArquitectosdeChile\"]},{\"@type\":\"Person\",\"@id\":\"https:\/\/colegioarquitectos.com\/noticias\/#\/schema\/person\/685cc0aad148303c5608f049af8285ad\",\"name\":\"Colegio de Arquitectos de Chile\",\"url\":\"https:\/\/colegioarquitectos.com\/noticias\/?author=4\"}]}<\/script>\n<!-- \/ Yoast SEO plugin. -->","yoast_head_json":{"title":"Construye2025 y Colegio de Arquitectos de Chile lanzar\u00e1n concurso para construir viviendas sociales sustentables - COLEGIO DE ARQUITECTOS DE CHILE","robots":{"index":"index","follow":"follow","max-snippet":"max-snippet:-1","max-image-preview":"max-image-preview:large","max-video-preview":"max-video-preview:-1"},"canonical":"https:\/\/colegioarquitectos.com\/noticias\/?p=29320","og_locale":"es_ES","og_type":"article","og_title":"Construye2025 y Colegio de Arquitectos de Chile lanzar\u00e1n concurso para construir viviendas sociales sustentables - COLEGIO DE ARQUITECTOS DE CHILE","og_description":"Este mi\u00e9rcoles 23 de noviembre\u00a0a las 17.00 horas se realizar\u00e1 a trav\u00e9s de FB Live y YouTube\u00a0el webinar \u00abDise\u00f1a el futuro que queremos construir\u00bb, que marcar\u00e1 el lanzamiento del concurso Desaf\u00edo Net Zero 2030, una iniciativa de Construye2025 y el &hellip; ver m\u00e1s","og_url":"https:\/\/colegioarquitectos.com\/noticias\/?p=29320","og_site_name":"COLEGIO DE ARQUITECTOS DE CHILE","article_publisher":"https:\/\/facebook.com\/Colegioarq\/","article_published_time":"2022-11-07T15:53:16+00:00","article_modified_time":"2022-11-18T14:35:30+00:00","og_image":[{"width":1280,"height":720,"url":"https:\/\/colegioarquitectos.com\/noticias\/wp-content\/uploads\/2022\/11\/ENCABEZADO.jpg","type":"image\/jpeg"}],"author":"Colegio de Arquitectos de Chile","twitter_card":"summary_large_image","twitter_creator":"@colegioarq","twitter_site":"@colegioarq","twitter_misc":{"Escrito por":"Colegio de Arquitectos de Chile","Tiempo de lectura":"4 minutos"},"schema":{"@context":"https:\/\/schema.org","@graph":[{"@type":"Article","@id":"https:\/\/colegioarquitectos.com\/noticias\/?p=29320#article","isPartOf":{"@id":"https:\/\/colegioarquitectos.com\/noticias\/?p=29320"},"author":{"name":"Colegio de Arquitectos de Chile","@id":"https:\/\/colegioarquitectos.com\/noticias\/#\/schema\/person\/685cc0aad148303c5608f049af8285ad"},"headline":"Construye2025 y Colegio de Arquitectos de Chile lanzar\u00e1n concurso para construir viviendas sociales sustentables","datePublished":"2022-11-07T15:53:16+00:00","dateModified":"2022-11-18T14:35:30+00:00","mainEntityOfPage":{"@id":"https:\/\/colegioarquitectos.com\/noticias\/?p=29320"},"wordCount":886,"publisher":{"@id":"https:\/\/colegioarquitectos.com\/noticias\/#organization"},"image":{"@id":"https:\/\/colegioarquitectos.com\/noticias\/?p=29320#primaryimage"},"thumbnailUrl":"https:\/\/colegioarquitectos.com\/noticias\/wp-content\/uploads\/2022\/11\/ENCABEZADO.jpg","articleSection":["Actividades"],"inLanguage":"es"},{"@type":"WebPage","@id":"https:\/\/colegioarquitectos.com\/noticias\/?p=29320","url":"https:\/\/colegioarquitectos.com\/noticias\/?p=29320","name":"Construye2025 y Colegio de Arquitectos de Chile lanzar\u00e1n concurso para construir viviendas sociales sustentables - COLEGIO DE ARQUITECTOS DE CHILE","isPartOf":{"@id":"https:\/\/colegioarquitectos.com\/noticias\/#website"},"primaryImageOfPage":{"@id":"https:\/\/colegioarquitectos.com\/noticias\/?p=29320#primaryimage"},"image":{"@id":"https:\/\/colegioarquitectos.com\/noticias\/?p=29320#primaryimage"},"thumbnailUrl":"https:\/\/colegioarquitectos.com\/noticias\/wp-content\/uploads\/2022\/11\/ENCABEZADO.jpg","datePublished":"2022-11-07T15:53:16+00:00","dateModified":"2022-11-18T14:35:30+00:00","breadcrumb":{"@id":"https:\/\/colegioarquitectos.com\/noticias\/?p=29320#breadcrumb"},"inLanguage":"es","potentialAction":[{"@type":"ReadAction","target":["https:\/\/colegioarquitectos.com\/noticias\/?p=29320"]}]},{"@type":"ImageObject","inLanguage":"es","@id":"https:\/\/colegioarquitectos.com\/noticias\/?p=29320#primaryimage","url":"https:\/\/colegioarquitectos.com\/noticias\/wp-content\/uploads\/2022\/11\/ENCABEZADO.jpg","contentUrl":"https:\/\/colegioarquitectos.com\/noticias\/wp-content\/uploads\/2022\/11\/ENCABEZADO.jpg","width":1280,"height":720},{"@type":"BreadcrumbList","@id":"https:\/\/colegioarquitectos.com\/noticias\/?p=29320#breadcrumb","itemListElement":[{"@type":"ListItem","position":1,"name":"Portada","item":"https:\/\/colegioarquitectos.com\/noticias"},{"@type":"ListItem","position":2,"name":"Construye2025 y Colegio de Arquitectos de Chile lanzar\u00e1n concurso para construir viviendas sociales sustentables"}]},{"@type":"WebSite","@id":"https:\/\/colegioarquitectos.com\/noticias\/#website","url":"https:\/\/colegioarquitectos.com\/noticias\/","name":"COLEGIO DE ARQUITECTOS DE CHILE","description":"","publisher":{"@id":"https:\/\/colegioarquitectos.com\/noticias\/#organization"},"potentialAction":[{"@type":"SearchAction","target":{"@type":"EntryPoint","urlTemplate":"https:\/\/colegioarquitectos.com\/noticias\/?s={search_term_string}"},"query-input":{"@type":"PropertyValueSpecification","valueRequired":true,"valueName":"search_term_string"}}],"inLanguage":"es"},{"@type":"Organization","@id":"https:\/\/colegioarquitectos.com\/noticias\/#organization","name":"COLEGIO DE ARQUITECTOS DE CHILE","url":"https:\/\/colegioarquitectos.com\/noticias\/","logo":{"@type":"ImageObject","inLanguage":"es","@id":"https:\/\/colegioarquitectos.com\/noticias\/#\/schema\/logo\/image\/","url":"https:\/\/colegioarquitectos.com\/noticias\/wp-content\/uploads\/2021\/05\/ENCABEZADO-LOGO-CA.jpg","contentUrl":"https:\/\/colegioarquitectos.com\/noticias\/wp-content\/uploads\/2021\/05\/ENCABEZADO-LOGO-CA.jpg","width":690,"height":350,"caption":"COLEGIO DE ARQUITECTOS DE CHILE"},"image":{"@id":"https:\/\/colegioarquitectos.com\/noticias\/#\/schema\/logo\/image\/"},"sameAs":["https:\/\/facebook.com\/Colegioarq\/","https:\/\/x.com\/colegioarq","https:\/\/instagram.com\/colegioarq","https:\/\/youtube.com\/@ColegiodeArquitectosdeChile"]},{"@type":"Person","@id":"https:\/\/colegioarquitectos.com\/noticias\/#\/schema\/person\/685cc0aad148303c5608f049af8285ad","name":"Colegio de Arquitectos de Chile","url":"https:\/\/colegioarquitectos.com\/noticias\/?author=4"}]}},"_links":{"self":[{"href":"https:\/\/colegioarquitectos.com\/noticias\/index.php?rest_route=\/wp\/v2\/posts\/29320","targetHints":{"allow":["GET"]}}],"collection":[{"href":"https:\/\/colegioarquitectos.com\/noticias\/index.php?rest_route=\/wp\/v2\/posts"}],"about":[{"href":"https:\/\/colegioarquitectos.com\/noticias\/index.php?rest_route=\/wp\/v2\/types\/post"}],"author":[{"embeddable":true,"href":"https:\/\/colegioarquitectos.com\/noticias\/index.php?rest_route=\/wp\/v2\/users\/4"}],"replies":[{"embeddable":true,"href":"https:\/\/colegioarquitectos.com\/noticias\/index.php?rest_route=%2Fwp%2Fv2%2Fcomments&post=29320"}],"version-history":[{"count":0,"href":"https:\/\/colegioarquitectos.com\/noticias\/index.php?rest_route=\/wp\/v2\/posts\/29320\/revisions"}],"wp:featuredmedia":[{"embeddable":true,"href":"https:\/\/colegioarquitectos.com\/noticias\/index.php?rest_route=\/wp\/v2\/media\/29321"}],"wp:attachment":[{"href":"https:\/\/colegioarquitectos.com\/noticias\/index.php?rest_route=%2Fwp%2Fv2%2Fmedia&parent=29320"}],"wp:term":[{"taxonomy":"category","embeddable":true,"href":"https:\/\/colegioarquitectos.com\/noticias\/index.php?rest_route=%2Fwp%2Fv2%2Fcategories&post=29320"},{"taxonomy":"post_tag","embeddable":true,"href":"https:\/\/colegioarquitectos.com\/noticias\/index.php?rest_route=%2Fwp%2Fv2%2Ftags&post=29320"}],"curies":[{"name":"wp","href":"https:\/\/api.w.org\/{rel}","templated":true}]}}