
{"id":29378,"date":"2022-11-21T11:24:36","date_gmt":"2022-11-21T15:24:36","guid":{"rendered":"https:\/\/colegioarquitectos.com\/?p=29378"},"modified":"2022-11-21T11:24:36","modified_gmt":"2022-11-21T15:24:36","slug":"elecciones-ca-2022-se-constituye-la-comision-calificadora-de-elecciones-cce","status":"publish","type":"post","link":"https:\/\/colegioarquitectos.com\/noticias\/?p=29378","title":{"rendered":"Elecciones CA 2022: Se constituye la Comisi\u00f3n Calificadora de Elecciones (CCE)"},"content":{"rendered":"<p>El pasado <strong>viernes 18 de noviembre<\/strong> se realiz\u00f3 la <strong>sesi\u00f3n constitutiva<\/strong> de la <strong>Comisi\u00f3n Calificadora de Elecciones (CCE)<\/strong> en el marco de las <strong>Elecciones CA 2022<\/strong>, proceso que renovar\u00e1 autoridades en el <strong>Directorio Nacional<\/strong>, <strong>Tribunal de \u00c9tica Nacional (TEN)<\/strong>, <strong>Directorios de nuestras Delegaciones Zonales<\/strong> y <strong>Tribunales de \u00c9tica Regionales (TER)<\/strong> a lo largo de todo el pa\u00eds.<\/p>\n<p>Seg\u00fan el <a href=\"https:\/\/colegioarquitectos.com\/noticias\/wp-content\/uploads\/2020\/09\/REGLAMENTO-DE-ELECCIONES-CA-11.09.20.pdf\"><strong>Reglamento de Elecciones del Colegio de Arquitectos de Chile<\/strong><\/a>, la Comisi\u00f3n Calificadora de Elecciones (CCE) <strong>\u00abvelar\u00e1 por el correcto ejercicio de los actos electorales y conocer\u00e1 de las reclamaciones que se interpongan en contra de un acto eleccionario\u00bb<\/strong>.<\/p>\n<p>En esa l\u00ednea, siguiendo el mismo reglamento y luego de un sorteo para elegir sus miembros, la CCE qued\u00f3 integrada por <strong>Jadille Baza<\/strong>, Presidenta Nacional; <strong>Patricio Gross<\/strong>, ex Presidente Nacional; <strong>Igor Rosenmann<\/strong>, ex Director Nacional; <strong>Kenneth Glasser<\/strong>, ex Director de Delegaci\u00f3n Zonal; y las colegiadas activas <strong>Javiera Rebolledo<\/strong> y <strong>Sandra Venegas<\/strong>.<\/p>\n<div id=\"attachment_29379\" style=\"width: 1288px\" class=\"wp-caption aligncenter\"><img loading=\"lazy\" decoding=\"async\" aria-describedby=\"caption-attachment-29379\" class=\"wp-image-29379 size-full\" src=\"https:\/\/colegioarquitectos.com\/noticias\/wp-content\/uploads\/2022\/11\/WhatsApp-Image-2022-11-21-at-11.46.46.jpeg\" alt=\"\" width=\"1278\" height=\"587\" srcset=\"https:\/\/colegioarquitectos.com\/noticias\/wp-content\/uploads\/2022\/11\/WhatsApp-Image-2022-11-21-at-11.46.46.jpeg 1278w, https:\/\/colegioarquitectos.com\/noticias\/wp-content\/uploads\/2022\/11\/WhatsApp-Image-2022-11-21-at-11.46.46-300x138.jpeg 300w, https:\/\/colegioarquitectos.com\/noticias\/wp-content\/uploads\/2022\/11\/WhatsApp-Image-2022-11-21-at-11.46.46-768x353.jpeg 768w, https:\/\/colegioarquitectos.com\/noticias\/wp-content\/uploads\/2022\/11\/WhatsApp-Image-2022-11-21-at-11.46.46-1024x470.jpeg 1024w\" sizes=\"auto, (max-width: 1278px) 100vw, 1278px\" \/><p id=\"caption-attachment-29379\" class=\"wp-caption-text\">La Comisi\u00f3n Calificadora de Elecciones (CCE) en su sesi\u00f3n constitutiva del pasado viernes 18 de noviembre, proceso enmarcado en las Elecciones CA 2022.<\/p><\/div>\n<p>La Comisi\u00f3n Calificadora de Elecciones eligi\u00f3 como Presidenta de la instancia a <strong>Sandra Venegas<\/strong>. En tanto, <strong>Javiera Rebolledo<\/strong> fue designada Secretaria.<\/p>\n<p>&nbsp;<\/p>\n<h3><img loading=\"lazy\" decoding=\"async\" class=\"size-full wp-image-25629 alignleft\" src=\"http:\/\/colegioarquitectos.com\/noticias\/wp-content\/uploads\/2020\/09\/iconwebwlwccione.png\" alt=\"\" width=\"59\" height=\"59\" data-attachment-id=\"25629\" data-permalink=\"https:\/\/colegioarquitectos.com\/?attachment_id=25629\" data-orig-file=\"https:\/\/colegioarquitectos.com\/noticias\/wp-content\/uploads\/2020\/09\/iconwebwlwccione.png\" data-orig-size=\"59,59\" data-comments-opened=\"0\" data-image-meta=\"{&quot;aperture&quot;:&quot;0&quot;,&quot;credit&quot;:&quot;&quot;,&quot;camera&quot;:&quot;&quot;,&quot;caption&quot;:&quot;&quot;,&quot;created_timestamp&quot;:&quot;0&quot;,&quot;copyright&quot;:&quot;&quot;,&quot;focal_length&quot;:&quot;0&quot;,&quot;iso&quot;:&quot;0&quot;,&quot;shutter_speed&quot;:&quot;0&quot;,&quot;title&quot;:&quot;&quot;,&quot;orientation&quot;:&quot;0&quot;}\" data-image-title=\"iconwebwlwccione\" data-image-description=\"\" data-medium-file=\"https:\/\/colegioarquitectos.com\/noticias\/wp-content\/uploads\/2020\/09\/iconwebwlwccione.png\" data-large-file=\"https:\/\/colegioarquitectos.com\/noticias\/wp-content\/uploads\/2020\/09\/iconwebwlwccione.png\" \/><\/h3>\n<h3>\u00a0Dudas, comentarios o reclamos para la Comisi\u00f3n Calificadora de Elecciones<\/h3>\n<hr \/>\n<p>Todas las dudas, comentarios o reclamos de colegiados o colegiadas para la Comisi\u00f3n Calificadora de Elecciones (CCE) deben enviarse al correo\u00a0<a href=\"mailto:elecciones@colegioarquitectos.com\">elecciones@colegioarquitectos.com<\/a>, no directamente a los correos personales de los miembros de la CCE.<\/p>\n<p>&nbsp;<\/p>\n<h3><img loading=\"lazy\" decoding=\"async\" class=\"size-full wp-image-25629 alignleft\" src=\"http:\/\/colegioarquitectos.com\/noticias\/wp-content\/uploads\/2020\/09\/iconwebwlwccione.png\" alt=\"\" width=\"59\" height=\"59\" data-attachment-id=\"25629\" data-permalink=\"https:\/\/colegioarquitectos.com\/?attachment_id=25629\" data-orig-file=\"https:\/\/colegioarquitectos.com\/noticias\/wp-content\/uploads\/2020\/09\/iconwebwlwccione.png\" data-orig-size=\"59,59\" data-comments-opened=\"0\" data-image-meta=\"{&quot;aperture&quot;:&quot;0&quot;,&quot;credit&quot;:&quot;&quot;,&quot;camera&quot;:&quot;&quot;,&quot;caption&quot;:&quot;&quot;,&quot;created_timestamp&quot;:&quot;0&quot;,&quot;copyright&quot;:&quot;&quot;,&quot;focal_length&quot;:&quot;0&quot;,&quot;iso&quot;:&quot;0&quot;,&quot;shutter_speed&quot;:&quot;0&quot;,&quot;title&quot;:&quot;&quot;,&quot;orientation&quot;:&quot;0&quot;}\" data-image-title=\"iconwebwlwccione\" data-image-description=\"\" data-medium-file=\"https:\/\/colegioarquitectos.com\/noticias\/wp-content\/uploads\/2020\/09\/iconwebwlwccione.png\" data-large-file=\"https:\/\/colegioarquitectos.com\/noticias\/wp-content\/uploads\/2020\/09\/iconwebwlwccione.png\" \/><\/h3>\n<h3>Elecciones CA 2022<\/h3>\n<hr \/>\n<p>Puedes encontrar toda la informaci\u00f3n relacionada al proceso de Elecciones CA 2022 <strong><a href=\"https:\/\/colegioarquitectos.com\/noticias\/?p=29310\">ac\u00e1<\/a><\/strong>.<\/p>\n<p>&nbsp;<\/p>\n<p>&nbsp;<\/p>\n<p><\/p>","protected":false},"excerpt":{"rendered":"<p>El pasado viernes 18 de noviembre se realiz\u00f3 la sesi\u00f3n constitutiva de la Comisi\u00f3n Calificadora de Elecciones (CCE) en el marco de las Elecciones CA 2022, proceso que renovar\u00e1 autoridades en el Directorio Nacional, Tribunal de \u00c9tica Nacional (TEN), Directorios &hellip; <a class=\"more-link\" href=\"https:\/\/colegioarquitectos.com\/noticias\/?p=29378\">ver m\u00e1s<\/a><\/p>","protected":false},"author":4,"featured_media":29366,"comment_status":"closed","ping_status":"closed","sticky":false,"template":"","format":"standard","meta":{"footnotes":""},"categories":[8,138],"tags":[],"class_list":["post-29378","post","type-post","status-publish","format-standard","has-post-thumbnail","hentry","category-colegio-de-arquitectos","category-elecciones-ca-2022"],"yoast_head":"<!-- This site is optimized with the Yoast SEO plugin v24.2 - https:\/\/yoast.com\/wordpress\/plugins\/seo\/ -->\n<title>Elecciones CA 2022: Se constituye la Comisi\u00f3n Calificadora de Elecciones (CCE) - COLEGIO DE ARQUITECTOS DE CHILE<\/title>\n<meta name=\"robots\" content=\"index, follow, max-snippet:-1, max-image-preview:large, max-video-preview:-1\" \/>\n<link rel=\"canonical\" href=\"https:\/\/colegioarquitectos.com\/noticias\/?p=29378\" \/>\n<meta property=\"og:locale\" content=\"es_ES\" \/>\n<meta property=\"og:type\" content=\"article\" \/>\n<meta property=\"og:title\" content=\"Elecciones CA 2022: Se constituye la Comisi\u00f3n Calificadora de Elecciones (CCE) - COLEGIO DE ARQUITECTOS DE CHILE\" \/>\n<meta property=\"og:description\" content=\"El pasado viernes 18 de noviembre se realiz\u00f3 la sesi\u00f3n constitutiva de la Comisi\u00f3n Calificadora de Elecciones (CCE) en el marco de las Elecciones CA 2022, proceso que renovar\u00e1 autoridades en el Directorio Nacional, Tribunal de \u00c9tica Nacional (TEN), Directorios &hellip; ver m\u00e1s\" \/>\n<meta property=\"og:url\" content=\"https:\/\/colegioarquitectos.com\/noticias\/?p=29378\" \/>\n<meta property=\"og:site_name\" content=\"COLEGIO DE ARQUITECTOS DE CHILE\" \/>\n<meta property=\"article:publisher\" content=\"https:\/\/facebook.com\/Colegioarq\/\" \/>\n<meta property=\"article:published_time\" content=\"2022-11-21T15:24:36+00:00\" \/>\n<meta property=\"og:image\" content=\"https:\/\/colegioarquitectos.com\/noticias\/wp-content\/uploads\/2022\/11\/elecciones-ca-2022-side.png\" \/>\n\t<meta property=\"og:image:width\" content=\"478\" \/>\n\t<meta property=\"og:image:height\" content=\"300\" \/>\n\t<meta property=\"og:image:type\" content=\"image\/png\" \/>\n<meta name=\"author\" content=\"Colegio de Arquitectos de Chile\" \/>\n<meta name=\"twitter:card\" content=\"summary_large_image\" \/>\n<meta name=\"twitter:creator\" content=\"@colegioarq\" \/>\n<meta name=\"twitter:site\" content=\"@colegioarq\" \/>\n<meta name=\"twitter:label1\" content=\"Escrito por\" \/>\n\t<meta name=\"twitter:data1\" content=\"Colegio de Arquitectos de Chile\" \/>\n\t<meta name=\"twitter:label2\" content=\"Tiempo de lectura\" \/>\n\t<meta name=\"twitter:data2\" content=\"1 minuto\" \/>\n<script type=\"application\/ld+json\" class=\"yoast-schema-graph\">{\"@context\":\"https:\/\/schema.org\",\"@graph\":[{\"@type\":\"Article\",\"@id\":\"https:\/\/colegioarquitectos.com\/noticias\/?p=29378#article\",\"isPartOf\":{\"@id\":\"https:\/\/colegioarquitectos.com\/noticias\/?p=29378\"},\"author\":{\"name\":\"Colegio de Arquitectos de Chile\",\"@id\":\"https:\/\/colegioarquitectos.com\/noticias\/#\/schema\/person\/685cc0aad148303c5608f049af8285ad\"},\"headline\":\"Elecciones CA 2022: Se constituye la Comisi\u00f3n Calificadora de Elecciones (CCE)\",\"datePublished\":\"2022-11-21T15:24:36+00:00\",\"dateModified\":\"2022-11-21T15:24:36+00:00\",\"mainEntityOfPage\":{\"@id\":\"https:\/\/colegioarquitectos.com\/noticias\/?p=29378\"},\"wordCount\":283,\"publisher\":{\"@id\":\"https:\/\/colegioarquitectos.com\/noticias\/#organization\"},\"image\":{\"@id\":\"https:\/\/colegioarquitectos.com\/noticias\/?p=29378#primaryimage\"},\"thumbnailUrl\":\"https:\/\/colegioarquitectos.com\/noticias\/wp-content\/uploads\/2022\/11\/elecciones-ca-2022-side.png\",\"articleSection\":[\"Colegio\",\"Elecciones CA 2022\"],\"inLanguage\":\"es\"},{\"@type\":\"WebPage\",\"@id\":\"https:\/\/colegioarquitectos.com\/noticias\/?p=29378\",\"url\":\"https:\/\/colegioarquitectos.com\/noticias\/?p=29378\",\"name\":\"Elecciones CA 2022: Se constituye la Comisi\u00f3n Calificadora de Elecciones (CCE) - COLEGIO DE ARQUITECTOS DE CHILE\",\"isPartOf\":{\"@id\":\"https:\/\/colegioarquitectos.com\/noticias\/#website\"},\"primaryImageOfPage\":{\"@id\":\"https:\/\/colegioarquitectos.com\/noticias\/?p=29378#primaryimage\"},\"image\":{\"@id\":\"https:\/\/colegioarquitectos.com\/noticias\/?p=29378#primaryimage\"},\"thumbnailUrl\":\"https:\/\/colegioarquitectos.com\/noticias\/wp-content\/uploads\/2022\/11\/elecciones-ca-2022-side.png\",\"datePublished\":\"2022-11-21T15:24:36+00:00\",\"dateModified\":\"2022-11-21T15:24:36+00:00\",\"breadcrumb\":{\"@id\":\"https:\/\/colegioarquitectos.com\/noticias\/?p=29378#breadcrumb\"},\"inLanguage\":\"es\",\"potentialAction\":[{\"@type\":\"ReadAction\",\"target\":[\"https:\/\/colegioarquitectos.com\/noticias\/?p=29378\"]}]},{\"@type\":\"ImageObject\",\"inLanguage\":\"es\",\"@id\":\"https:\/\/colegioarquitectos.com\/noticias\/?p=29378#primaryimage\",\"url\":\"https:\/\/colegioarquitectos.com\/noticias\/wp-content\/uploads\/2022\/11\/elecciones-ca-2022-side.png\",\"contentUrl\":\"https:\/\/colegioarquitectos.com\/noticias\/wp-content\/uploads\/2022\/11\/elecciones-ca-2022-side.png\",\"width\":478,\"height\":300},{\"@type\":\"BreadcrumbList\",\"@id\":\"https:\/\/colegioarquitectos.com\/noticias\/?p=29378#breadcrumb\",\"itemListElement\":[{\"@type\":\"ListItem\",\"position\":1,\"name\":\"Portada\",\"item\":\"https:\/\/colegioarquitectos.com\/noticias\"},{\"@type\":\"ListItem\",\"position\":2,\"name\":\"Elecciones CA 2022: Se constituye la Comisi\u00f3n Calificadora de Elecciones (CCE)\"}]},{\"@type\":\"WebSite\",\"@id\":\"https:\/\/colegioarquitectos.com\/noticias\/#website\",\"url\":\"https:\/\/colegioarquitectos.com\/noticias\/\",\"name\":\"COLEGIO DE ARQUITECTOS DE CHILE\",\"description\":\"\",\"publisher\":{\"@id\":\"https:\/\/colegioarquitectos.com\/noticias\/#organization\"},\"potentialAction\":[{\"@type\":\"SearchAction\",\"target\":{\"@type\":\"EntryPoint\",\"urlTemplate\":\"https:\/\/colegioarquitectos.com\/noticias\/?s={search_term_string}\"},\"query-input\":{\"@type\":\"PropertyValueSpecification\",\"valueRequired\":true,\"valueName\":\"search_term_string\"}}],\"inLanguage\":\"es\"},{\"@type\":\"Organization\",\"@id\":\"https:\/\/colegioarquitectos.com\/noticias\/#organization\",\"name\":\"COLEGIO DE ARQUITECTOS DE CHILE\",\"url\":\"https:\/\/colegioarquitectos.com\/noticias\/\",\"logo\":{\"@type\":\"ImageObject\",\"inLanguage\":\"es\",\"@id\":\"https:\/\/colegioarquitectos.com\/noticias\/#\/schema\/logo\/image\/\",\"url\":\"https:\/\/colegioarquitectos.com\/noticias\/wp-content\/uploads\/2021\/05\/ENCABEZADO-LOGO-CA.jpg\",\"contentUrl\":\"https:\/\/colegioarquitectos.com\/noticias\/wp-content\/uploads\/2021\/05\/ENCABEZADO-LOGO-CA.jpg\",\"width\":690,\"height\":350,\"caption\":\"COLEGIO DE ARQUITECTOS DE CHILE\"},\"image\":{\"@id\":\"https:\/\/colegioarquitectos.com\/noticias\/#\/schema\/logo\/image\/\"},\"sameAs\":[\"https:\/\/facebook.com\/Colegioarq\/\",\"https:\/\/x.com\/colegioarq\",\"https:\/\/instagram.com\/colegioarq\",\"https:\/\/youtube.com\/@ColegiodeArquitectosdeChile\"]},{\"@type\":\"Person\",\"@id\":\"https:\/\/colegioarquitectos.com\/noticias\/#\/schema\/person\/685cc0aad148303c5608f049af8285ad\",\"name\":\"Colegio de Arquitectos de Chile\",\"url\":\"https:\/\/colegioarquitectos.com\/noticias\/?author=4\"}]}<\/script>\n<!-- \/ Yoast SEO plugin. -->","yoast_head_json":{"title":"Elecciones CA 2022: Se constituye la Comisi\u00f3n Calificadora de Elecciones (CCE) - COLEGIO DE ARQUITECTOS DE CHILE","robots":{"index":"index","follow":"follow","max-snippet":"max-snippet:-1","max-image-preview":"max-image-preview:large","max-video-preview":"max-video-preview:-1"},"canonical":"https:\/\/colegioarquitectos.com\/noticias\/?p=29378","og_locale":"es_ES","og_type":"article","og_title":"Elecciones CA 2022: Se constituye la Comisi\u00f3n Calificadora de Elecciones (CCE) - COLEGIO DE ARQUITECTOS DE CHILE","og_description":"El pasado viernes 18 de noviembre se realiz\u00f3 la sesi\u00f3n constitutiva de la Comisi\u00f3n Calificadora de Elecciones (CCE) en el marco de las Elecciones CA 2022, proceso que renovar\u00e1 autoridades en el Directorio Nacional, Tribunal de \u00c9tica Nacional (TEN), Directorios &hellip; ver m\u00e1s","og_url":"https:\/\/colegioarquitectos.com\/noticias\/?p=29378","og_site_name":"COLEGIO DE ARQUITECTOS DE CHILE","article_publisher":"https:\/\/facebook.com\/Colegioarq\/","article_published_time":"2022-11-21T15:24:36+00:00","og_image":[{"width":478,"height":300,"url":"https:\/\/colegioarquitectos.com\/noticias\/wp-content\/uploads\/2022\/11\/elecciones-ca-2022-side.png","type":"image\/png"}],"author":"Colegio de Arquitectos de Chile","twitter_card":"summary_large_image","twitter_creator":"@colegioarq","twitter_site":"@colegioarq","twitter_misc":{"Escrito por":"Colegio de Arquitectos de Chile","Tiempo de lectura":"1 minuto"},"schema":{"@context":"https:\/\/schema.org","@graph":[{"@type":"Article","@id":"https:\/\/colegioarquitectos.com\/noticias\/?p=29378#article","isPartOf":{"@id":"https:\/\/colegioarquitectos.com\/noticias\/?p=29378"},"author":{"name":"Colegio de Arquitectos de Chile","@id":"https:\/\/colegioarquitectos.com\/noticias\/#\/schema\/person\/685cc0aad148303c5608f049af8285ad"},"headline":"Elecciones CA 2022: Se constituye la Comisi\u00f3n Calificadora de Elecciones (CCE)","datePublished":"2022-11-21T15:24:36+00:00","dateModified":"2022-11-21T15:24:36+00:00","mainEntityOfPage":{"@id":"https:\/\/colegioarquitectos.com\/noticias\/?p=29378"},"wordCount":283,"publisher":{"@id":"https:\/\/colegioarquitectos.com\/noticias\/#organization"},"image":{"@id":"https:\/\/colegioarquitectos.com\/noticias\/?p=29378#primaryimage"},"thumbnailUrl":"https:\/\/colegioarquitectos.com\/noticias\/wp-content\/uploads\/2022\/11\/elecciones-ca-2022-side.png","articleSection":["Colegio","Elecciones CA 2022"],"inLanguage":"es"},{"@type":"WebPage","@id":"https:\/\/colegioarquitectos.com\/noticias\/?p=29378","url":"https:\/\/colegioarquitectos.com\/noticias\/?p=29378","name":"Elecciones CA 2022: Se constituye la Comisi\u00f3n Calificadora de Elecciones (CCE) - COLEGIO DE ARQUITECTOS DE CHILE","isPartOf":{"@id":"https:\/\/colegioarquitectos.com\/noticias\/#website"},"primaryImageOfPage":{"@id":"https:\/\/colegioarquitectos.com\/noticias\/?p=29378#primaryimage"},"image":{"@id":"https:\/\/colegioarquitectos.com\/noticias\/?p=29378#primaryimage"},"thumbnailUrl":"https:\/\/colegioarquitectos.com\/noticias\/wp-content\/uploads\/2022\/11\/elecciones-ca-2022-side.png","datePublished":"2022-11-21T15:24:36+00:00","dateModified":"2022-11-21T15:24:36+00:00","breadcrumb":{"@id":"https:\/\/colegioarquitectos.com\/noticias\/?p=29378#breadcrumb"},"inLanguage":"es","potentialAction":[{"@type":"ReadAction","target":["https:\/\/colegioarquitectos.com\/noticias\/?p=29378"]}]},{"@type":"ImageObject","inLanguage":"es","@id":"https:\/\/colegioarquitectos.com\/noticias\/?p=29378#primaryimage","url":"https:\/\/colegioarquitectos.com\/noticias\/wp-content\/uploads\/2022\/11\/elecciones-ca-2022-side.png","contentUrl":"https:\/\/colegioarquitectos.com\/noticias\/wp-content\/uploads\/2022\/11\/elecciones-ca-2022-side.png","width":478,"height":300},{"@type":"BreadcrumbList","@id":"https:\/\/colegioarquitectos.com\/noticias\/?p=29378#breadcrumb","itemListElement":[{"@type":"ListItem","position":1,"name":"Portada","item":"https:\/\/colegioarquitectos.com\/noticias"},{"@type":"ListItem","position":2,"name":"Elecciones CA 2022: Se constituye la Comisi\u00f3n Calificadora de Elecciones (CCE)"}]},{"@type":"WebSite","@id":"https:\/\/colegioarquitectos.com\/noticias\/#website","url":"https:\/\/colegioarquitectos.com\/noticias\/","name":"COLEGIO DE ARQUITECTOS DE CHILE","description":"","publisher":{"@id":"https:\/\/colegioarquitectos.com\/noticias\/#organization"},"potentialAction":[{"@type":"SearchAction","target":{"@type":"EntryPoint","urlTemplate":"https:\/\/colegioarquitectos.com\/noticias\/?s={search_term_string}"},"query-input":{"@type":"PropertyValueSpecification","valueRequired":true,"valueName":"search_term_string"}}],"inLanguage":"es"},{"@type":"Organization","@id":"https:\/\/colegioarquitectos.com\/noticias\/#organization","name":"COLEGIO DE ARQUITECTOS DE CHILE","url":"https:\/\/colegioarquitectos.com\/noticias\/","logo":{"@type":"ImageObject","inLanguage":"es","@id":"https:\/\/colegioarquitectos.com\/noticias\/#\/schema\/logo\/image\/","url":"https:\/\/colegioarquitectos.com\/noticias\/wp-content\/uploads\/2021\/05\/ENCABEZADO-LOGO-CA.jpg","contentUrl":"https:\/\/colegioarquitectos.com\/noticias\/wp-content\/uploads\/2021\/05\/ENCABEZADO-LOGO-CA.jpg","width":690,"height":350,"caption":"COLEGIO DE ARQUITECTOS DE CHILE"},"image":{"@id":"https:\/\/colegioarquitectos.com\/noticias\/#\/schema\/logo\/image\/"},"sameAs":["https:\/\/facebook.com\/Colegioarq\/","https:\/\/x.com\/colegioarq","https:\/\/instagram.com\/colegioarq","https:\/\/youtube.com\/@ColegiodeArquitectosdeChile"]},{"@type":"Person","@id":"https:\/\/colegioarquitectos.com\/noticias\/#\/schema\/person\/685cc0aad148303c5608f049af8285ad","name":"Colegio de Arquitectos de Chile","url":"https:\/\/colegioarquitectos.com\/noticias\/?author=4"}]}},"_links":{"self":[{"href":"https:\/\/colegioarquitectos.com\/noticias\/index.php?rest_route=\/wp\/v2\/posts\/29378","targetHints":{"allow":["GET"]}}],"collection":[{"href":"https:\/\/colegioarquitectos.com\/noticias\/index.php?rest_route=\/wp\/v2\/posts"}],"about":[{"href":"https:\/\/colegioarquitectos.com\/noticias\/index.php?rest_route=\/wp\/v2\/types\/post"}],"author":[{"embeddable":true,"href":"https:\/\/colegioarquitectos.com\/noticias\/index.php?rest_route=\/wp\/v2\/users\/4"}],"replies":[{"embeddable":true,"href":"https:\/\/colegioarquitectos.com\/noticias\/index.php?rest_route=%2Fwp%2Fv2%2Fcomments&post=29378"}],"version-history":[{"count":0,"href":"https:\/\/colegioarquitectos.com\/noticias\/index.php?rest_route=\/wp\/v2\/posts\/29378\/revisions"}],"wp:featuredmedia":[{"embeddable":true,"href":"https:\/\/colegioarquitectos.com\/noticias\/index.php?rest_route=\/wp\/v2\/media\/29366"}],"wp:attachment":[{"href":"https:\/\/colegioarquitectos.com\/noticias\/index.php?rest_route=%2Fwp%2Fv2%2Fmedia&parent=29378"}],"wp:term":[{"taxonomy":"category","embeddable":true,"href":"https:\/\/colegioarquitectos.com\/noticias\/index.php?rest_route=%2Fwp%2Fv2%2Fcategories&post=29378"},{"taxonomy":"post_tag","embeddable":true,"href":"https:\/\/colegioarquitectos.com\/noticias\/index.php?rest_route=%2Fwp%2Fv2%2Ftags&post=29378"}],"curies":[{"name":"wp","href":"https:\/\/api.w.org\/{rel}","templated":true}]}}