
{"id":29473,"date":"2022-12-11T22:53:04","date_gmt":"2022-12-12T02:53:04","guid":{"rendered":"https:\/\/colegioarquitectos.com\/?p=29473"},"modified":"2022-12-11T22:53:04","modified_gmt":"2022-12-12T02:53:04","slug":"fernando-villanueva-carmona-ica-2979-tribunal-de-etica-regional-ter-delegacion-zonal-valparaiso","status":"publish","type":"post","link":"https:\/\/colegioarquitectos.com\/noticias\/?p=29473","title":{"rendered":"Fernando Villanueva Carmona (ICA 2979) &#8211; Tribunal de \u00c9tica Regional (TER) \/ Delegaci\u00f3n Zonal Valpara\u00edso"},"content":{"rendered":"<p><img loading=\"lazy\" decoding=\"async\" class=\"aligncenter size-medium wp-image-29474\" src=\"https:\/\/colegioarquitectos.com\/noticias\/wp-content\/uploads\/2022\/12\/IMG_20221128_122032-Arq-y-Construcciones-Ignacio-Aranda-Cueto-EIRL-1-138x300.jpg\" alt=\"\" width=\"138\" height=\"300\" srcset=\"https:\/\/colegioarquitectos.com\/noticias\/wp-content\/uploads\/2022\/12\/IMG_20221128_122032-Arq-y-Construcciones-Ignacio-Aranda-Cueto-EIRL-1-138x300.jpg 138w, https:\/\/colegioarquitectos.com\/noticias\/wp-content\/uploads\/2022\/12\/IMG_20221128_122032-Arq-y-Construcciones-Ignacio-Aranda-Cueto-EIRL-1-768x1666.jpg 768w, https:\/\/colegioarquitectos.com\/noticias\/wp-content\/uploads\/2022\/12\/IMG_20221128_122032-Arq-y-Construcciones-Ignacio-Aranda-Cueto-EIRL-1-472x1024.jpg 472w, https:\/\/colegioarquitectos.com\/noticias\/wp-content\/uploads\/2022\/12\/IMG_20221128_122032-Arq-y-Construcciones-Ignacio-Aranda-Cueto-EIRL-1.jpg 1888w\" sizes=\"auto, (max-width: 138px) 100vw, 138px\" \/><\/p>\n<p>&nbsp;<\/p>\n<h4>Breve presentaci\u00f3n o biograf\u00eda del o la postulante<\/h4>\n<hr \/>\n<p>Arquitecto PUCS ICA 2979, titulado el a\u00f1o 1976.<\/p>\n<p>1977 Asesor urbanista municipalidad Villa Alemana<\/p>\n<p>1978 Arquitecto DDU Seremi Minvu Valparaiso<\/p>\n<p>1989 Director de Obras Municipalidad La Calera<\/p>\n<p>1994 Arquitecto Revisor Municipalidad Vi\u00f1a Del Mar<\/p>\n<p>Ademas de Revisor independiente y Actividad Profesional Independiente.<\/p>\n<p>&nbsp;<\/p>\n<h4>Ideas o propuestas para la futura gesti\u00f3n del o la postulante<\/h4>\n<hr \/>\n<p>Proponer apoyo t\u00e9cnico legal al SAT<\/p>\n<p>Proponer orientaci\u00f3n a nuevos colegas<\/p>\n<p>&nbsp;<\/p>\n<p><\/p>","protected":false},"excerpt":{"rendered":"<p>&nbsp; Breve presentaci\u00f3n o biograf\u00eda del o la postulante Arquitecto PUCS ICA 2979, titulado el a\u00f1o 1976. 1977 Asesor urbanista municipalidad Villa Alemana 1978 Arquitecto DDU Seremi Minvu Valparaiso 1989 Director de Obras Municipalidad La Calera 1994 Arquitecto Revisor Municipalidad &hellip; <a class=\"more-link\" href=\"https:\/\/colegioarquitectos.com\/noticias\/?p=29473\">ver m\u00e1s<\/a><\/p>","protected":false},"author":4,"featured_media":29366,"comment_status":"closed","ping_status":"closed","sticky":false,"template":"","format":"standard","meta":{"footnotes":""},"categories":[138],"tags":[],"class_list":["post-29473","post","type-post","status-publish","format-standard","has-post-thumbnail","hentry","category-elecciones-ca-2022"],"yoast_head":"<!-- This site is optimized with the Yoast SEO plugin v24.2 - https:\/\/yoast.com\/wordpress\/plugins\/seo\/ -->\n<title>Fernando Villanueva Carmona (ICA 2979) - Tribunal de \u00c9tica Regional (TER) \/ Delegaci\u00f3n Zonal Valpara\u00edso - COLEGIO DE ARQUITECTOS DE CHILE<\/title>\n<meta name=\"robots\" content=\"index, follow, max-snippet:-1, max-image-preview:large, max-video-preview:-1\" \/>\n<link rel=\"canonical\" href=\"https:\/\/colegioarquitectos.com\/noticias\/?p=29473\" \/>\n<meta property=\"og:locale\" content=\"es_ES\" \/>\n<meta property=\"og:type\" content=\"article\" \/>\n<meta property=\"og:title\" content=\"Fernando Villanueva Carmona (ICA 2979) - Tribunal de \u00c9tica Regional (TER) \/ Delegaci\u00f3n Zonal Valpara\u00edso - COLEGIO DE ARQUITECTOS DE CHILE\" \/>\n<meta property=\"og:description\" content=\"&nbsp; Breve presentaci\u00f3n o biograf\u00eda del o la postulante Arquitecto PUCS ICA 2979, titulado el a\u00f1o 1976. 1977 Asesor urbanista municipalidad Villa Alemana 1978 Arquitecto DDU Seremi Minvu Valparaiso 1989 Director de Obras Municipalidad La Calera 1994 Arquitecto Revisor Municipalidad &hellip; ver m\u00e1s\" \/>\n<meta property=\"og:url\" content=\"https:\/\/colegioarquitectos.com\/noticias\/?p=29473\" \/>\n<meta property=\"og:site_name\" content=\"COLEGIO DE ARQUITECTOS DE CHILE\" \/>\n<meta property=\"article:publisher\" content=\"https:\/\/facebook.com\/Colegioarq\/\" \/>\n<meta property=\"article:published_time\" content=\"2022-12-12T02:53:04+00:00\" \/>\n<meta property=\"og:image\" content=\"https:\/\/colegioarquitectos.com\/noticias\/wp-content\/uploads\/2022\/11\/elecciones-ca-2022-side.png\" \/>\n\t<meta property=\"og:image:width\" content=\"478\" \/>\n\t<meta property=\"og:image:height\" content=\"300\" \/>\n\t<meta property=\"og:image:type\" content=\"image\/png\" \/>\n<meta name=\"author\" content=\"Colegio de Arquitectos de Chile\" \/>\n<meta name=\"twitter:card\" content=\"summary_large_image\" \/>\n<meta name=\"twitter:creator\" content=\"@colegioarq\" \/>\n<meta name=\"twitter:site\" content=\"@colegioarq\" \/>\n<meta name=\"twitter:label1\" content=\"Escrito por\" \/>\n\t<meta name=\"twitter:data1\" content=\"Colegio de Arquitectos de Chile\" \/>\n<script type=\"application\/ld+json\" class=\"yoast-schema-graph\">{\"@context\":\"https:\/\/schema.org\",\"@graph\":[{\"@type\":\"Article\",\"@id\":\"https:\/\/colegioarquitectos.com\/noticias\/?p=29473#article\",\"isPartOf\":{\"@id\":\"https:\/\/colegioarquitectos.com\/noticias\/?p=29473\"},\"author\":{\"name\":\"Colegio de Arquitectos de Chile\",\"@id\":\"https:\/\/colegioarquitectos.com\/noticias\/#\/schema\/person\/685cc0aad148303c5608f049af8285ad\"},\"headline\":\"Fernando Villanueva Carmona (ICA 2979) &#8211; Tribunal de \u00c9tica Regional (TER) \/ Delegaci\u00f3n Zonal Valpara\u00edso\",\"datePublished\":\"2022-12-12T02:53:04+00:00\",\"dateModified\":\"2022-12-12T02:53:04+00:00\",\"mainEntityOfPage\":{\"@id\":\"https:\/\/colegioarquitectos.com\/noticias\/?p=29473\"},\"wordCount\":91,\"publisher\":{\"@id\":\"https:\/\/colegioarquitectos.com\/noticias\/#organization\"},\"image\":{\"@id\":\"https:\/\/colegioarquitectos.com\/noticias\/?p=29473#primaryimage\"},\"thumbnailUrl\":\"https:\/\/colegioarquitectos.com\/noticias\/wp-content\/uploads\/2022\/11\/elecciones-ca-2022-side.png\",\"articleSection\":[\"Elecciones CA 2022\"],\"inLanguage\":\"es\"},{\"@type\":\"WebPage\",\"@id\":\"https:\/\/colegioarquitectos.com\/noticias\/?p=29473\",\"url\":\"https:\/\/colegioarquitectos.com\/noticias\/?p=29473\",\"name\":\"Fernando Villanueva Carmona (ICA 2979) - Tribunal de \u00c9tica Regional (TER) \/ Delegaci\u00f3n Zonal Valpara\u00edso - COLEGIO DE ARQUITECTOS DE CHILE\",\"isPartOf\":{\"@id\":\"https:\/\/colegioarquitectos.com\/noticias\/#website\"},\"primaryImageOfPage\":{\"@id\":\"https:\/\/colegioarquitectos.com\/noticias\/?p=29473#primaryimage\"},\"image\":{\"@id\":\"https:\/\/colegioarquitectos.com\/noticias\/?p=29473#primaryimage\"},\"thumbnailUrl\":\"https:\/\/colegioarquitectos.com\/noticias\/wp-content\/uploads\/2022\/11\/elecciones-ca-2022-side.png\",\"datePublished\":\"2022-12-12T02:53:04+00:00\",\"dateModified\":\"2022-12-12T02:53:04+00:00\",\"breadcrumb\":{\"@id\":\"https:\/\/colegioarquitectos.com\/noticias\/?p=29473#breadcrumb\"},\"inLanguage\":\"es\",\"potentialAction\":[{\"@type\":\"ReadAction\",\"target\":[\"https:\/\/colegioarquitectos.com\/noticias\/?p=29473\"]}]},{\"@type\":\"ImageObject\",\"inLanguage\":\"es\",\"@id\":\"https:\/\/colegioarquitectos.com\/noticias\/?p=29473#primaryimage\",\"url\":\"https:\/\/colegioarquitectos.com\/noticias\/wp-content\/uploads\/2022\/11\/elecciones-ca-2022-side.png\",\"contentUrl\":\"https:\/\/colegioarquitectos.com\/noticias\/wp-content\/uploads\/2022\/11\/elecciones-ca-2022-side.png\",\"width\":478,\"height\":300},{\"@type\":\"BreadcrumbList\",\"@id\":\"https:\/\/colegioarquitectos.com\/noticias\/?p=29473#breadcrumb\",\"itemListElement\":[{\"@type\":\"ListItem\",\"position\":1,\"name\":\"Portada\",\"item\":\"https:\/\/colegioarquitectos.com\/noticias\"},{\"@type\":\"ListItem\",\"position\":2,\"name\":\"Fernando Villanueva Carmona (ICA 2979) &#8211; Tribunal de \u00c9tica Regional (TER) \/ Delegaci\u00f3n Zonal Valpara\u00edso\"}]},{\"@type\":\"WebSite\",\"@id\":\"https:\/\/colegioarquitectos.com\/noticias\/#website\",\"url\":\"https:\/\/colegioarquitectos.com\/noticias\/\",\"name\":\"COLEGIO DE ARQUITECTOS DE CHILE\",\"description\":\"\",\"publisher\":{\"@id\":\"https:\/\/colegioarquitectos.com\/noticias\/#organization\"},\"potentialAction\":[{\"@type\":\"SearchAction\",\"target\":{\"@type\":\"EntryPoint\",\"urlTemplate\":\"https:\/\/colegioarquitectos.com\/noticias\/?s={search_term_string}\"},\"query-input\":{\"@type\":\"PropertyValueSpecification\",\"valueRequired\":true,\"valueName\":\"search_term_string\"}}],\"inLanguage\":\"es\"},{\"@type\":\"Organization\",\"@id\":\"https:\/\/colegioarquitectos.com\/noticias\/#organization\",\"name\":\"COLEGIO DE ARQUITECTOS DE CHILE\",\"url\":\"https:\/\/colegioarquitectos.com\/noticias\/\",\"logo\":{\"@type\":\"ImageObject\",\"inLanguage\":\"es\",\"@id\":\"https:\/\/colegioarquitectos.com\/noticias\/#\/schema\/logo\/image\/\",\"url\":\"https:\/\/colegioarquitectos.com\/noticias\/wp-content\/uploads\/2021\/05\/ENCABEZADO-LOGO-CA.jpg\",\"contentUrl\":\"https:\/\/colegioarquitectos.com\/noticias\/wp-content\/uploads\/2021\/05\/ENCABEZADO-LOGO-CA.jpg\",\"width\":690,\"height\":350,\"caption\":\"COLEGIO DE ARQUITECTOS DE CHILE\"},\"image\":{\"@id\":\"https:\/\/colegioarquitectos.com\/noticias\/#\/schema\/logo\/image\/\"},\"sameAs\":[\"https:\/\/facebook.com\/Colegioarq\/\",\"https:\/\/x.com\/colegioarq\",\"https:\/\/instagram.com\/colegioarq\",\"https:\/\/youtube.com\/@ColegiodeArquitectosdeChile\"]},{\"@type\":\"Person\",\"@id\":\"https:\/\/colegioarquitectos.com\/noticias\/#\/schema\/person\/685cc0aad148303c5608f049af8285ad\",\"name\":\"Colegio de Arquitectos de Chile\",\"url\":\"https:\/\/colegioarquitectos.com\/noticias\/?author=4\"}]}<\/script>\n<!-- \/ Yoast SEO plugin. -->","yoast_head_json":{"title":"Fernando Villanueva Carmona (ICA 2979) - Tribunal de \u00c9tica Regional (TER) \/ Delegaci\u00f3n Zonal Valpara\u00edso - COLEGIO DE ARQUITECTOS DE CHILE","robots":{"index":"index","follow":"follow","max-snippet":"max-snippet:-1","max-image-preview":"max-image-preview:large","max-video-preview":"max-video-preview:-1"},"canonical":"https:\/\/colegioarquitectos.com\/noticias\/?p=29473","og_locale":"es_ES","og_type":"article","og_title":"Fernando Villanueva Carmona (ICA 2979) - Tribunal de \u00c9tica Regional (TER) \/ Delegaci\u00f3n Zonal Valpara\u00edso - COLEGIO DE ARQUITECTOS DE CHILE","og_description":"&nbsp; Breve presentaci\u00f3n o biograf\u00eda del o la postulante Arquitecto PUCS ICA 2979, titulado el a\u00f1o 1976. 1977 Asesor urbanista municipalidad Villa Alemana 1978 Arquitecto DDU Seremi Minvu Valparaiso 1989 Director de Obras Municipalidad La Calera 1994 Arquitecto Revisor Municipalidad &hellip; ver m\u00e1s","og_url":"https:\/\/colegioarquitectos.com\/noticias\/?p=29473","og_site_name":"COLEGIO DE ARQUITECTOS DE CHILE","article_publisher":"https:\/\/facebook.com\/Colegioarq\/","article_published_time":"2022-12-12T02:53:04+00:00","og_image":[{"width":478,"height":300,"url":"https:\/\/colegioarquitectos.com\/noticias\/wp-content\/uploads\/2022\/11\/elecciones-ca-2022-side.png","type":"image\/png"}],"author":"Colegio de Arquitectos de Chile","twitter_card":"summary_large_image","twitter_creator":"@colegioarq","twitter_site":"@colegioarq","twitter_misc":{"Escrito por":"Colegio de Arquitectos de Chile"},"schema":{"@context":"https:\/\/schema.org","@graph":[{"@type":"Article","@id":"https:\/\/colegioarquitectos.com\/noticias\/?p=29473#article","isPartOf":{"@id":"https:\/\/colegioarquitectos.com\/noticias\/?p=29473"},"author":{"name":"Colegio de Arquitectos de Chile","@id":"https:\/\/colegioarquitectos.com\/noticias\/#\/schema\/person\/685cc0aad148303c5608f049af8285ad"},"headline":"Fernando Villanueva Carmona (ICA 2979) &#8211; Tribunal de \u00c9tica Regional (TER) \/ Delegaci\u00f3n Zonal Valpara\u00edso","datePublished":"2022-12-12T02:53:04+00:00","dateModified":"2022-12-12T02:53:04+00:00","mainEntityOfPage":{"@id":"https:\/\/colegioarquitectos.com\/noticias\/?p=29473"},"wordCount":91,"publisher":{"@id":"https:\/\/colegioarquitectos.com\/noticias\/#organization"},"image":{"@id":"https:\/\/colegioarquitectos.com\/noticias\/?p=29473#primaryimage"},"thumbnailUrl":"https:\/\/colegioarquitectos.com\/noticias\/wp-content\/uploads\/2022\/11\/elecciones-ca-2022-side.png","articleSection":["Elecciones CA 2022"],"inLanguage":"es"},{"@type":"WebPage","@id":"https:\/\/colegioarquitectos.com\/noticias\/?p=29473","url":"https:\/\/colegioarquitectos.com\/noticias\/?p=29473","name":"Fernando Villanueva Carmona (ICA 2979) - Tribunal de \u00c9tica Regional (TER) \/ Delegaci\u00f3n Zonal Valpara\u00edso - COLEGIO DE ARQUITECTOS DE CHILE","isPartOf":{"@id":"https:\/\/colegioarquitectos.com\/noticias\/#website"},"primaryImageOfPage":{"@id":"https:\/\/colegioarquitectos.com\/noticias\/?p=29473#primaryimage"},"image":{"@id":"https:\/\/colegioarquitectos.com\/noticias\/?p=29473#primaryimage"},"thumbnailUrl":"https:\/\/colegioarquitectos.com\/noticias\/wp-content\/uploads\/2022\/11\/elecciones-ca-2022-side.png","datePublished":"2022-12-12T02:53:04+00:00","dateModified":"2022-12-12T02:53:04+00:00","breadcrumb":{"@id":"https:\/\/colegioarquitectos.com\/noticias\/?p=29473#breadcrumb"},"inLanguage":"es","potentialAction":[{"@type":"ReadAction","target":["https:\/\/colegioarquitectos.com\/noticias\/?p=29473"]}]},{"@type":"ImageObject","inLanguage":"es","@id":"https:\/\/colegioarquitectos.com\/noticias\/?p=29473#primaryimage","url":"https:\/\/colegioarquitectos.com\/noticias\/wp-content\/uploads\/2022\/11\/elecciones-ca-2022-side.png","contentUrl":"https:\/\/colegioarquitectos.com\/noticias\/wp-content\/uploads\/2022\/11\/elecciones-ca-2022-side.png","width":478,"height":300},{"@type":"BreadcrumbList","@id":"https:\/\/colegioarquitectos.com\/noticias\/?p=29473#breadcrumb","itemListElement":[{"@type":"ListItem","position":1,"name":"Portada","item":"https:\/\/colegioarquitectos.com\/noticias"},{"@type":"ListItem","position":2,"name":"Fernando Villanueva Carmona (ICA 2979) &#8211; Tribunal de \u00c9tica Regional (TER) \/ Delegaci\u00f3n Zonal Valpara\u00edso"}]},{"@type":"WebSite","@id":"https:\/\/colegioarquitectos.com\/noticias\/#website","url":"https:\/\/colegioarquitectos.com\/noticias\/","name":"COLEGIO DE ARQUITECTOS DE CHILE","description":"","publisher":{"@id":"https:\/\/colegioarquitectos.com\/noticias\/#organization"},"potentialAction":[{"@type":"SearchAction","target":{"@type":"EntryPoint","urlTemplate":"https:\/\/colegioarquitectos.com\/noticias\/?s={search_term_string}"},"query-input":{"@type":"PropertyValueSpecification","valueRequired":true,"valueName":"search_term_string"}}],"inLanguage":"es"},{"@type":"Organization","@id":"https:\/\/colegioarquitectos.com\/noticias\/#organization","name":"COLEGIO DE ARQUITECTOS DE CHILE","url":"https:\/\/colegioarquitectos.com\/noticias\/","logo":{"@type":"ImageObject","inLanguage":"es","@id":"https:\/\/colegioarquitectos.com\/noticias\/#\/schema\/logo\/image\/","url":"https:\/\/colegioarquitectos.com\/noticias\/wp-content\/uploads\/2021\/05\/ENCABEZADO-LOGO-CA.jpg","contentUrl":"https:\/\/colegioarquitectos.com\/noticias\/wp-content\/uploads\/2021\/05\/ENCABEZADO-LOGO-CA.jpg","width":690,"height":350,"caption":"COLEGIO DE ARQUITECTOS DE CHILE"},"image":{"@id":"https:\/\/colegioarquitectos.com\/noticias\/#\/schema\/logo\/image\/"},"sameAs":["https:\/\/facebook.com\/Colegioarq\/","https:\/\/x.com\/colegioarq","https:\/\/instagram.com\/colegioarq","https:\/\/youtube.com\/@ColegiodeArquitectosdeChile"]},{"@type":"Person","@id":"https:\/\/colegioarquitectos.com\/noticias\/#\/schema\/person\/685cc0aad148303c5608f049af8285ad","name":"Colegio de Arquitectos de Chile","url":"https:\/\/colegioarquitectos.com\/noticias\/?author=4"}]}},"_links":{"self":[{"href":"https:\/\/colegioarquitectos.com\/noticias\/index.php?rest_route=\/wp\/v2\/posts\/29473","targetHints":{"allow":["GET"]}}],"collection":[{"href":"https:\/\/colegioarquitectos.com\/noticias\/index.php?rest_route=\/wp\/v2\/posts"}],"about":[{"href":"https:\/\/colegioarquitectos.com\/noticias\/index.php?rest_route=\/wp\/v2\/types\/post"}],"author":[{"embeddable":true,"href":"https:\/\/colegioarquitectos.com\/noticias\/index.php?rest_route=\/wp\/v2\/users\/4"}],"replies":[{"embeddable":true,"href":"https:\/\/colegioarquitectos.com\/noticias\/index.php?rest_route=%2Fwp%2Fv2%2Fcomments&post=29473"}],"version-history":[{"count":0,"href":"https:\/\/colegioarquitectos.com\/noticias\/index.php?rest_route=\/wp\/v2\/posts\/29473\/revisions"}],"wp:featuredmedia":[{"embeddable":true,"href":"https:\/\/colegioarquitectos.com\/noticias\/index.php?rest_route=\/wp\/v2\/media\/29366"}],"wp:attachment":[{"href":"https:\/\/colegioarquitectos.com\/noticias\/index.php?rest_route=%2Fwp%2Fv2%2Fmedia&parent=29473"}],"wp:term":[{"taxonomy":"category","embeddable":true,"href":"https:\/\/colegioarquitectos.com\/noticias\/index.php?rest_route=%2Fwp%2Fv2%2Fcategories&post=29473"},{"taxonomy":"post_tag","embeddable":true,"href":"https:\/\/colegioarquitectos.com\/noticias\/index.php?rest_route=%2Fwp%2Fv2%2Ftags&post=29473"}],"curies":[{"name":"wp","href":"https:\/\/api.w.org\/{rel}","templated":true}]}}