
{"id":29482,"date":"2022-12-11T22:54:13","date_gmt":"2022-12-12T02:54:13","guid":{"rendered":"https:\/\/colegioarquitectos.com\/?p=29482"},"modified":"2022-12-11T22:54:13","modified_gmt":"2022-12-12T02:54:13","slug":"maurice-andre-dintrans-bauer-ica-6815-delegacion-zonal-ohiggins","status":"publish","type":"post","link":"https:\/\/colegioarquitectos.com\/noticias\/?p=29482","title":{"rendered":"Maurice Andre Dintrans Bauer (ICA 6815) &#8211; Delegaci\u00f3n Zonal O&#8217;Higgins"},"content":{"rendered":"<p><img loading=\"lazy\" decoding=\"async\" class=\"aligncenter size-medium wp-image-29483\" src=\"https:\/\/colegioarquitectos.com\/noticias\/wp-content\/uploads\/2022\/12\/foto-mdb-maurice-andre-dintrans-bauer-285x300.jpeg\" alt=\"\" width=\"285\" height=\"300\" srcset=\"https:\/\/colegioarquitectos.com\/noticias\/wp-content\/uploads\/2022\/12\/foto-mdb-maurice-andre-dintrans-bauer-285x300.jpeg 285w, https:\/\/colegioarquitectos.com\/noticias\/wp-content\/uploads\/2022\/12\/foto-mdb-maurice-andre-dintrans-bauer-768x809.jpeg 768w, https:\/\/colegioarquitectos.com\/noticias\/wp-content\/uploads\/2022\/12\/foto-mdb-maurice-andre-dintrans-bauer-972x1024.jpeg 972w, https:\/\/colegioarquitectos.com\/noticias\/wp-content\/uploads\/2022\/12\/foto-mdb-maurice-andre-dintrans-bauer.jpeg 1215w\" sizes=\"auto, (max-width: 285px) 100vw, 285px\" \/><\/p>\n<p>&nbsp;<\/p>\n<h4>Breve presentaci\u00f3n o biograf\u00eda del o la postulante<\/h4>\n<hr \/>\n<p>Arquitecto UCV, egresado el 1999<\/p>\n<p>Me he desarrollado profesionalmente con prioridad en el amito p\u00fablico, partiendo como profesional en la Asesor\u00eda Urbana de la Municipalidad de Rancagua en el 2001, profesional de obra y posteriormente en la Soplan de la Municipalidad de Chimbarongo durante 12 a\u00f1os (2004-2016), en la direcci\u00f3n de Infraestructura de la Universidad de O\u2019Higgins durante 3 a\u00f1os (2019-2022), y actualmente ejerciendo el cargo de Director Regional de Vialidad de la Regi\u00f3n de O\u00b4Higgins.<\/p>\n<p>En el \u00e1mbito acad\u00e9mico, he realizado dos diplomados relacionados con el \u00e1rea sustentable, (arquitectura sustentable de la Universidad de Chile, y Soluciones Sustentables para la Infraestructura educacional USACH).<\/p>\n<p>Colegiado desde el 2000, he participado en el directorio de la DZ a lo menos en tres per\u00edodos diferente, ejerciendo la presidencia de la DZ durante los \u00faltimos a\u00f1os.<\/p>\n<p>&nbsp;<\/p>\n<h4>Ideas o propuestas para la futura gesti\u00f3n del o la postulante<\/h4>\n<hr \/>\n<p>Lograr incorporar dentro de las mesas y estamentos donde se discuten y deciden las pol\u00edticas p\u00fablicas de la regi\u00f3n las opiniones de los arquitectos, para incorporar nuestro parecer en estas instancias en el que hemos estado excluidos y que en la actualidad se est\u00e1n abriendo<\/p>\n<p>Perseverar en la firma del convenio entre la UOH (Universidad de O\u00b4Higgins) y el colegio de arquitectos de Chile, para generar un trabajo mancomunado entre este estamento p\u00fablico y nosotros, cooperando en estudios, investigaciones y en otras colaboraciones\u00a0 para el bien y desarrolla de nuestra regi\u00f3n.<\/p>\n<p>Divulgar y poder llegar a una mayor poblaci\u00f3n, materias de inter\u00e9s en que nosotros, los arquitectos podemos colaborar, ense\u00f1ando desde nuestro quehacer diario y nuestras competencias a un p\u00fablico que no conoce nuestro ejercicio profesional.<\/p>\n<p>Lograr generar un\u00a0 premio a nivel regional para premiar y destacar a los colegas que se han dedicado a ejercer este oficio en forma destacable.<\/p>\n<p>&nbsp;<\/p>\n<p><\/p>","protected":false},"excerpt":{"rendered":"<p>&nbsp; Breve presentaci\u00f3n o biograf\u00eda del o la postulante Arquitecto UCV, egresado el 1999 Me he desarrollado profesionalmente con prioridad en el amito p\u00fablico, partiendo como profesional en la Asesor\u00eda Urbana de la Municipalidad de Rancagua en el 2001, profesional &hellip; <a class=\"more-link\" href=\"https:\/\/colegioarquitectos.com\/noticias\/?p=29482\">ver m\u00e1s<\/a><\/p>","protected":false},"author":4,"featured_media":29366,"comment_status":"closed","ping_status":"closed","sticky":false,"template":"","format":"standard","meta":{"footnotes":""},"categories":[138],"tags":[],"class_list":["post-29482","post","type-post","status-publish","format-standard","has-post-thumbnail","hentry","category-elecciones-ca-2022"],"yoast_head":"<!-- This site is optimized with the Yoast SEO plugin v24.2 - https:\/\/yoast.com\/wordpress\/plugins\/seo\/ -->\n<title>Maurice Andre Dintrans Bauer (ICA 6815) - Delegaci\u00f3n Zonal O&#039;Higgins - COLEGIO DE ARQUITECTOS DE CHILE<\/title>\n<meta name=\"robots\" content=\"index, follow, max-snippet:-1, max-image-preview:large, max-video-preview:-1\" \/>\n<link rel=\"canonical\" href=\"https:\/\/colegioarquitectos.com\/noticias\/?p=29482\" \/>\n<meta property=\"og:locale\" content=\"es_ES\" \/>\n<meta property=\"og:type\" content=\"article\" \/>\n<meta property=\"og:title\" content=\"Maurice Andre Dintrans Bauer (ICA 6815) - Delegaci\u00f3n Zonal O&#039;Higgins - COLEGIO DE ARQUITECTOS DE CHILE\" \/>\n<meta property=\"og:description\" content=\"&nbsp; Breve presentaci\u00f3n o biograf\u00eda del o la postulante Arquitecto UCV, egresado el 1999 Me he desarrollado profesionalmente con prioridad en el amito p\u00fablico, partiendo como profesional en la Asesor\u00eda Urbana de la Municipalidad de Rancagua en el 2001, profesional &hellip; ver m\u00e1s\" \/>\n<meta property=\"og:url\" content=\"https:\/\/colegioarquitectos.com\/noticias\/?p=29482\" \/>\n<meta property=\"og:site_name\" content=\"COLEGIO DE ARQUITECTOS DE CHILE\" \/>\n<meta property=\"article:publisher\" content=\"https:\/\/facebook.com\/Colegioarq\/\" \/>\n<meta property=\"article:published_time\" content=\"2022-12-12T02:54:13+00:00\" \/>\n<meta property=\"og:image\" content=\"https:\/\/colegioarquitectos.com\/noticias\/wp-content\/uploads\/2022\/11\/elecciones-ca-2022-side.png\" \/>\n\t<meta property=\"og:image:width\" content=\"478\" \/>\n\t<meta property=\"og:image:height\" content=\"300\" \/>\n\t<meta property=\"og:image:type\" content=\"image\/png\" \/>\n<meta name=\"author\" content=\"Colegio de Arquitectos de Chile\" \/>\n<meta name=\"twitter:card\" content=\"summary_large_image\" \/>\n<meta name=\"twitter:creator\" content=\"@colegioarq\" \/>\n<meta name=\"twitter:site\" content=\"@colegioarq\" \/>\n<meta name=\"twitter:label1\" content=\"Escrito por\" \/>\n\t<meta name=\"twitter:data1\" content=\"Colegio de Arquitectos de Chile\" \/>\n\t<meta name=\"twitter:label2\" content=\"Tiempo de lectura\" \/>\n\t<meta name=\"twitter:data2\" content=\"2 minutos\" \/>\n<script type=\"application\/ld+json\" class=\"yoast-schema-graph\">{\"@context\":\"https:\/\/schema.org\",\"@graph\":[{\"@type\":\"Article\",\"@id\":\"https:\/\/colegioarquitectos.com\/noticias\/?p=29482#article\",\"isPartOf\":{\"@id\":\"https:\/\/colegioarquitectos.com\/noticias\/?p=29482\"},\"author\":{\"name\":\"Colegio de Arquitectos de Chile\",\"@id\":\"https:\/\/colegioarquitectos.com\/noticias\/#\/schema\/person\/685cc0aad148303c5608f049af8285ad\"},\"headline\":\"Maurice Andre Dintrans Bauer (ICA 6815) &#8211; Delegaci\u00f3n Zonal O&#8217;Higgins\",\"datePublished\":\"2022-12-12T02:54:13+00:00\",\"dateModified\":\"2022-12-12T02:54:13+00:00\",\"mainEntityOfPage\":{\"@id\":\"https:\/\/colegioarquitectos.com\/noticias\/?p=29482\"},\"wordCount\":337,\"publisher\":{\"@id\":\"https:\/\/colegioarquitectos.com\/noticias\/#organization\"},\"image\":{\"@id\":\"https:\/\/colegioarquitectos.com\/noticias\/?p=29482#primaryimage\"},\"thumbnailUrl\":\"https:\/\/colegioarquitectos.com\/noticias\/wp-content\/uploads\/2022\/11\/elecciones-ca-2022-side.png\",\"articleSection\":[\"Elecciones CA 2022\"],\"inLanguage\":\"es\"},{\"@type\":\"WebPage\",\"@id\":\"https:\/\/colegioarquitectos.com\/noticias\/?p=29482\",\"url\":\"https:\/\/colegioarquitectos.com\/noticias\/?p=29482\",\"name\":\"Maurice Andre Dintrans Bauer (ICA 6815) - Delegaci\u00f3n Zonal O'Higgins - COLEGIO DE ARQUITECTOS DE CHILE\",\"isPartOf\":{\"@id\":\"https:\/\/colegioarquitectos.com\/noticias\/#website\"},\"primaryImageOfPage\":{\"@id\":\"https:\/\/colegioarquitectos.com\/noticias\/?p=29482#primaryimage\"},\"image\":{\"@id\":\"https:\/\/colegioarquitectos.com\/noticias\/?p=29482#primaryimage\"},\"thumbnailUrl\":\"https:\/\/colegioarquitectos.com\/noticias\/wp-content\/uploads\/2022\/11\/elecciones-ca-2022-side.png\",\"datePublished\":\"2022-12-12T02:54:13+00:00\",\"dateModified\":\"2022-12-12T02:54:13+00:00\",\"breadcrumb\":{\"@id\":\"https:\/\/colegioarquitectos.com\/noticias\/?p=29482#breadcrumb\"},\"inLanguage\":\"es\",\"potentialAction\":[{\"@type\":\"ReadAction\",\"target\":[\"https:\/\/colegioarquitectos.com\/noticias\/?p=29482\"]}]},{\"@type\":\"ImageObject\",\"inLanguage\":\"es\",\"@id\":\"https:\/\/colegioarquitectos.com\/noticias\/?p=29482#primaryimage\",\"url\":\"https:\/\/colegioarquitectos.com\/noticias\/wp-content\/uploads\/2022\/11\/elecciones-ca-2022-side.png\",\"contentUrl\":\"https:\/\/colegioarquitectos.com\/noticias\/wp-content\/uploads\/2022\/11\/elecciones-ca-2022-side.png\",\"width\":478,\"height\":300},{\"@type\":\"BreadcrumbList\",\"@id\":\"https:\/\/colegioarquitectos.com\/noticias\/?p=29482#breadcrumb\",\"itemListElement\":[{\"@type\":\"ListItem\",\"position\":1,\"name\":\"Portada\",\"item\":\"https:\/\/colegioarquitectos.com\/noticias\"},{\"@type\":\"ListItem\",\"position\":2,\"name\":\"Maurice Andre Dintrans Bauer (ICA 6815) &#8211; Delegaci\u00f3n Zonal O&#8217;Higgins\"}]},{\"@type\":\"WebSite\",\"@id\":\"https:\/\/colegioarquitectos.com\/noticias\/#website\",\"url\":\"https:\/\/colegioarquitectos.com\/noticias\/\",\"name\":\"COLEGIO DE ARQUITECTOS DE CHILE\",\"description\":\"\",\"publisher\":{\"@id\":\"https:\/\/colegioarquitectos.com\/noticias\/#organization\"},\"potentialAction\":[{\"@type\":\"SearchAction\",\"target\":{\"@type\":\"EntryPoint\",\"urlTemplate\":\"https:\/\/colegioarquitectos.com\/noticias\/?s={search_term_string}\"},\"query-input\":{\"@type\":\"PropertyValueSpecification\",\"valueRequired\":true,\"valueName\":\"search_term_string\"}}],\"inLanguage\":\"es\"},{\"@type\":\"Organization\",\"@id\":\"https:\/\/colegioarquitectos.com\/noticias\/#organization\",\"name\":\"COLEGIO DE ARQUITECTOS DE CHILE\",\"url\":\"https:\/\/colegioarquitectos.com\/noticias\/\",\"logo\":{\"@type\":\"ImageObject\",\"inLanguage\":\"es\",\"@id\":\"https:\/\/colegioarquitectos.com\/noticias\/#\/schema\/logo\/image\/\",\"url\":\"https:\/\/colegioarquitectos.com\/noticias\/wp-content\/uploads\/2021\/05\/ENCABEZADO-LOGO-CA.jpg\",\"contentUrl\":\"https:\/\/colegioarquitectos.com\/noticias\/wp-content\/uploads\/2021\/05\/ENCABEZADO-LOGO-CA.jpg\",\"width\":690,\"height\":350,\"caption\":\"COLEGIO DE ARQUITECTOS DE CHILE\"},\"image\":{\"@id\":\"https:\/\/colegioarquitectos.com\/noticias\/#\/schema\/logo\/image\/\"},\"sameAs\":[\"https:\/\/facebook.com\/Colegioarq\/\",\"https:\/\/x.com\/colegioarq\",\"https:\/\/instagram.com\/colegioarq\",\"https:\/\/youtube.com\/@ColegiodeArquitectosdeChile\"]},{\"@type\":\"Person\",\"@id\":\"https:\/\/colegioarquitectos.com\/noticias\/#\/schema\/person\/685cc0aad148303c5608f049af8285ad\",\"name\":\"Colegio de Arquitectos de Chile\",\"url\":\"https:\/\/colegioarquitectos.com\/noticias\/?author=4\"}]}<\/script>\n<!-- \/ Yoast SEO plugin. -->","yoast_head_json":{"title":"Maurice Andre Dintrans Bauer (ICA 6815) - Delegaci\u00f3n Zonal O'Higgins - COLEGIO DE ARQUITECTOS DE CHILE","robots":{"index":"index","follow":"follow","max-snippet":"max-snippet:-1","max-image-preview":"max-image-preview:large","max-video-preview":"max-video-preview:-1"},"canonical":"https:\/\/colegioarquitectos.com\/noticias\/?p=29482","og_locale":"es_ES","og_type":"article","og_title":"Maurice Andre Dintrans Bauer (ICA 6815) - Delegaci\u00f3n Zonal O'Higgins - COLEGIO DE ARQUITECTOS DE CHILE","og_description":"&nbsp; Breve presentaci\u00f3n o biograf\u00eda del o la postulante Arquitecto UCV, egresado el 1999 Me he desarrollado profesionalmente con prioridad en el amito p\u00fablico, partiendo como profesional en la Asesor\u00eda Urbana de la Municipalidad de Rancagua en el 2001, profesional &hellip; ver m\u00e1s","og_url":"https:\/\/colegioarquitectos.com\/noticias\/?p=29482","og_site_name":"COLEGIO DE ARQUITECTOS DE CHILE","article_publisher":"https:\/\/facebook.com\/Colegioarq\/","article_published_time":"2022-12-12T02:54:13+00:00","og_image":[{"width":478,"height":300,"url":"https:\/\/colegioarquitectos.com\/noticias\/wp-content\/uploads\/2022\/11\/elecciones-ca-2022-side.png","type":"image\/png"}],"author":"Colegio de Arquitectos de Chile","twitter_card":"summary_large_image","twitter_creator":"@colegioarq","twitter_site":"@colegioarq","twitter_misc":{"Escrito por":"Colegio de Arquitectos de Chile","Tiempo de lectura":"2 minutos"},"schema":{"@context":"https:\/\/schema.org","@graph":[{"@type":"Article","@id":"https:\/\/colegioarquitectos.com\/noticias\/?p=29482#article","isPartOf":{"@id":"https:\/\/colegioarquitectos.com\/noticias\/?p=29482"},"author":{"name":"Colegio de Arquitectos de Chile","@id":"https:\/\/colegioarquitectos.com\/noticias\/#\/schema\/person\/685cc0aad148303c5608f049af8285ad"},"headline":"Maurice Andre Dintrans Bauer (ICA 6815) &#8211; Delegaci\u00f3n Zonal O&#8217;Higgins","datePublished":"2022-12-12T02:54:13+00:00","dateModified":"2022-12-12T02:54:13+00:00","mainEntityOfPage":{"@id":"https:\/\/colegioarquitectos.com\/noticias\/?p=29482"},"wordCount":337,"publisher":{"@id":"https:\/\/colegioarquitectos.com\/noticias\/#organization"},"image":{"@id":"https:\/\/colegioarquitectos.com\/noticias\/?p=29482#primaryimage"},"thumbnailUrl":"https:\/\/colegioarquitectos.com\/noticias\/wp-content\/uploads\/2022\/11\/elecciones-ca-2022-side.png","articleSection":["Elecciones CA 2022"],"inLanguage":"es"},{"@type":"WebPage","@id":"https:\/\/colegioarquitectos.com\/noticias\/?p=29482","url":"https:\/\/colegioarquitectos.com\/noticias\/?p=29482","name":"Maurice Andre Dintrans Bauer (ICA 6815) - Delegaci\u00f3n Zonal O'Higgins - COLEGIO DE ARQUITECTOS DE CHILE","isPartOf":{"@id":"https:\/\/colegioarquitectos.com\/noticias\/#website"},"primaryImageOfPage":{"@id":"https:\/\/colegioarquitectos.com\/noticias\/?p=29482#primaryimage"},"image":{"@id":"https:\/\/colegioarquitectos.com\/noticias\/?p=29482#primaryimage"},"thumbnailUrl":"https:\/\/colegioarquitectos.com\/noticias\/wp-content\/uploads\/2022\/11\/elecciones-ca-2022-side.png","datePublished":"2022-12-12T02:54:13+00:00","dateModified":"2022-12-12T02:54:13+00:00","breadcrumb":{"@id":"https:\/\/colegioarquitectos.com\/noticias\/?p=29482#breadcrumb"},"inLanguage":"es","potentialAction":[{"@type":"ReadAction","target":["https:\/\/colegioarquitectos.com\/noticias\/?p=29482"]}]},{"@type":"ImageObject","inLanguage":"es","@id":"https:\/\/colegioarquitectos.com\/noticias\/?p=29482#primaryimage","url":"https:\/\/colegioarquitectos.com\/noticias\/wp-content\/uploads\/2022\/11\/elecciones-ca-2022-side.png","contentUrl":"https:\/\/colegioarquitectos.com\/noticias\/wp-content\/uploads\/2022\/11\/elecciones-ca-2022-side.png","width":478,"height":300},{"@type":"BreadcrumbList","@id":"https:\/\/colegioarquitectos.com\/noticias\/?p=29482#breadcrumb","itemListElement":[{"@type":"ListItem","position":1,"name":"Portada","item":"https:\/\/colegioarquitectos.com\/noticias"},{"@type":"ListItem","position":2,"name":"Maurice Andre Dintrans Bauer (ICA 6815) &#8211; Delegaci\u00f3n Zonal O&#8217;Higgins"}]},{"@type":"WebSite","@id":"https:\/\/colegioarquitectos.com\/noticias\/#website","url":"https:\/\/colegioarquitectos.com\/noticias\/","name":"COLEGIO DE ARQUITECTOS DE CHILE","description":"","publisher":{"@id":"https:\/\/colegioarquitectos.com\/noticias\/#organization"},"potentialAction":[{"@type":"SearchAction","target":{"@type":"EntryPoint","urlTemplate":"https:\/\/colegioarquitectos.com\/noticias\/?s={search_term_string}"},"query-input":{"@type":"PropertyValueSpecification","valueRequired":true,"valueName":"search_term_string"}}],"inLanguage":"es"},{"@type":"Organization","@id":"https:\/\/colegioarquitectos.com\/noticias\/#organization","name":"COLEGIO DE ARQUITECTOS DE CHILE","url":"https:\/\/colegioarquitectos.com\/noticias\/","logo":{"@type":"ImageObject","inLanguage":"es","@id":"https:\/\/colegioarquitectos.com\/noticias\/#\/schema\/logo\/image\/","url":"https:\/\/colegioarquitectos.com\/noticias\/wp-content\/uploads\/2021\/05\/ENCABEZADO-LOGO-CA.jpg","contentUrl":"https:\/\/colegioarquitectos.com\/noticias\/wp-content\/uploads\/2021\/05\/ENCABEZADO-LOGO-CA.jpg","width":690,"height":350,"caption":"COLEGIO DE ARQUITECTOS DE CHILE"},"image":{"@id":"https:\/\/colegioarquitectos.com\/noticias\/#\/schema\/logo\/image\/"},"sameAs":["https:\/\/facebook.com\/Colegioarq\/","https:\/\/x.com\/colegioarq","https:\/\/instagram.com\/colegioarq","https:\/\/youtube.com\/@ColegiodeArquitectosdeChile"]},{"@type":"Person","@id":"https:\/\/colegioarquitectos.com\/noticias\/#\/schema\/person\/685cc0aad148303c5608f049af8285ad","name":"Colegio de Arquitectos de Chile","url":"https:\/\/colegioarquitectos.com\/noticias\/?author=4"}]}},"_links":{"self":[{"href":"https:\/\/colegioarquitectos.com\/noticias\/index.php?rest_route=\/wp\/v2\/posts\/29482","targetHints":{"allow":["GET"]}}],"collection":[{"href":"https:\/\/colegioarquitectos.com\/noticias\/index.php?rest_route=\/wp\/v2\/posts"}],"about":[{"href":"https:\/\/colegioarquitectos.com\/noticias\/index.php?rest_route=\/wp\/v2\/types\/post"}],"author":[{"embeddable":true,"href":"https:\/\/colegioarquitectos.com\/noticias\/index.php?rest_route=\/wp\/v2\/users\/4"}],"replies":[{"embeddable":true,"href":"https:\/\/colegioarquitectos.com\/noticias\/index.php?rest_route=%2Fwp%2Fv2%2Fcomments&post=29482"}],"version-history":[{"count":0,"href":"https:\/\/colegioarquitectos.com\/noticias\/index.php?rest_route=\/wp\/v2\/posts\/29482\/revisions"}],"wp:featuredmedia":[{"embeddable":true,"href":"https:\/\/colegioarquitectos.com\/noticias\/index.php?rest_route=\/wp\/v2\/media\/29366"}],"wp:attachment":[{"href":"https:\/\/colegioarquitectos.com\/noticias\/index.php?rest_route=%2Fwp%2Fv2%2Fmedia&parent=29482"}],"wp:term":[{"taxonomy":"category","embeddable":true,"href":"https:\/\/colegioarquitectos.com\/noticias\/index.php?rest_route=%2Fwp%2Fv2%2Fcategories&post=29482"},{"taxonomy":"post_tag","embeddable":true,"href":"https:\/\/colegioarquitectos.com\/noticias\/index.php?rest_route=%2Fwp%2Fv2%2Ftags&post=29482"}],"curies":[{"name":"wp","href":"https:\/\/api.w.org\/{rel}","templated":true}]}}