
{"id":29517,"date":"2022-12-11T22:58:49","date_gmt":"2022-12-12T02:58:49","guid":{"rendered":"https:\/\/colegioarquitectos.com\/?p=29517"},"modified":"2022-12-11T22:58:49","modified_gmt":"2022-12-12T02:58:49","slug":"miryam-padilla-ica-11048-delegacion-zonal-los-rios","status":"publish","type":"post","link":"https:\/\/colegioarquitectos.com\/noticias\/?p=29517","title":{"rendered":"Miryam Padilla (ICA 11048) &#8211; Delegaci\u00f3n Zonal Los R\u00edos"},"content":{"rendered":"<p><img loading=\"lazy\" decoding=\"async\" class=\"aligncenter size-medium wp-image-29518\" src=\"https:\/\/colegioarquitectos.com\/noticias\/wp-content\/uploads\/2022\/12\/WhatsApp-Image-2022-11-28-at-23.30.42-DZ-LOS-RIOS-COLEGIO-ARQUITECTOS-DE-CHILE-295x300.jpeg\" alt=\"\" width=\"295\" height=\"300\" srcset=\"https:\/\/colegioarquitectos.com\/noticias\/wp-content\/uploads\/2022\/12\/WhatsApp-Image-2022-11-28-at-23.30.42-DZ-LOS-RIOS-COLEGIO-ARQUITECTOS-DE-CHILE-295x300.jpeg 295w, https:\/\/colegioarquitectos.com\/noticias\/wp-content\/uploads\/2022\/12\/WhatsApp-Image-2022-11-28-at-23.30.42-DZ-LOS-RIOS-COLEGIO-ARQUITECTOS-DE-CHILE-768x782.jpeg 768w, https:\/\/colegioarquitectos.com\/noticias\/wp-content\/uploads\/2022\/12\/WhatsApp-Image-2022-11-28-at-23.30.42-DZ-LOS-RIOS-COLEGIO-ARQUITECTOS-DE-CHILE-1006x1024.jpeg 1006w, https:\/\/colegioarquitectos.com\/noticias\/wp-content\/uploads\/2022\/12\/WhatsApp-Image-2022-11-28-at-23.30.42-DZ-LOS-RIOS-COLEGIO-ARQUITECTOS-DE-CHILE.jpeg 1446w\" sizes=\"auto, (max-width: 295px) 100vw, 295px\" \/><\/p>\n<p>&nbsp;<\/p>\n<h4>Breve presentaci\u00f3n o biograf\u00eda del o la postulante<\/h4>\n<hr \/>\n<p>Arquitecta titulada de la Universidad del BioBio, oriunda de Talcahuano, experta en \u00e1rea patrimonio, ejerciendo como arquitecta hace m\u00e1s de una d\u00e9cada. Trabaj\u00f3 en la Direcci\u00f3n de Arquitectura del MOP, Regi\u00f3n de Los R\u00edos y ahora emprende como consultora dedicada a la Puesta en Valor del Patrimonio.<\/p>\n<p>Sus intereses son variados, donde destacan el trabajo comunitario, la activaci\u00f3n territorial y la vinculaci\u00f3n entre los habitantes, el territorio y su paisaje.<\/p>\n<p>&nbsp;<\/p>\n<h4>Ideas o propuestas para la futura gesti\u00f3n del o la postulante<\/h4>\n<hr \/>\n<p>&#8211; Descentralizar el poder y dotar de mayor autonom\u00eda a las Delegaciones<\/p>\n<p>&#8211; Resignificar el rol de la profesi\u00f3n respecto a las problem\u00e1ticas reales de las personas y los territorios.<\/p>\n<p>&#8211; Ser un ente cr\u00edtico y propositivo del desarrollo de la regi\u00f3n.<\/p>\n<p>&nbsp;<\/p>\n<p><\/p>","protected":false},"excerpt":{"rendered":"<p>&nbsp; Breve presentaci\u00f3n o biograf\u00eda del o la postulante Arquitecta titulada de la Universidad del BioBio, oriunda de Talcahuano, experta en \u00e1rea patrimonio, ejerciendo como arquitecta hace m\u00e1s de una d\u00e9cada. Trabaj\u00f3 en la Direcci\u00f3n de Arquitectura del MOP, Regi\u00f3n &hellip; <a class=\"more-link\" href=\"https:\/\/colegioarquitectos.com\/noticias\/?p=29517\">ver m\u00e1s<\/a><\/p>","protected":false},"author":4,"featured_media":29366,"comment_status":"closed","ping_status":"closed","sticky":false,"template":"","format":"standard","meta":{"footnotes":""},"categories":[138],"tags":[],"class_list":["post-29517","post","type-post","status-publish","format-standard","has-post-thumbnail","hentry","category-elecciones-ca-2022"],"yoast_head":"<!-- This site is optimized with the Yoast SEO plugin v24.2 - https:\/\/yoast.com\/wordpress\/plugins\/seo\/ -->\n<title>Miryam Padilla (ICA 11048) - Delegaci\u00f3n Zonal Los R\u00edos - COLEGIO DE ARQUITECTOS DE CHILE<\/title>\n<meta name=\"robots\" content=\"index, follow, max-snippet:-1, max-image-preview:large, max-video-preview:-1\" \/>\n<link rel=\"canonical\" href=\"https:\/\/colegioarquitectos.com\/noticias\/?p=29517\" \/>\n<meta property=\"og:locale\" content=\"es_ES\" \/>\n<meta property=\"og:type\" content=\"article\" \/>\n<meta property=\"og:title\" content=\"Miryam Padilla (ICA 11048) - Delegaci\u00f3n Zonal Los R\u00edos - COLEGIO DE ARQUITECTOS DE CHILE\" \/>\n<meta property=\"og:description\" content=\"&nbsp; Breve presentaci\u00f3n o biograf\u00eda del o la postulante Arquitecta titulada de la Universidad del BioBio, oriunda de Talcahuano, experta en \u00e1rea patrimonio, ejerciendo como arquitecta hace m\u00e1s de una d\u00e9cada. Trabaj\u00f3 en la Direcci\u00f3n de Arquitectura del MOP, Regi\u00f3n &hellip; ver m\u00e1s\" \/>\n<meta property=\"og:url\" content=\"https:\/\/colegioarquitectos.com\/noticias\/?p=29517\" \/>\n<meta property=\"og:site_name\" content=\"COLEGIO DE ARQUITECTOS DE CHILE\" \/>\n<meta property=\"article:publisher\" content=\"https:\/\/facebook.com\/Colegioarq\/\" \/>\n<meta property=\"article:published_time\" content=\"2022-12-12T02:58:49+00:00\" \/>\n<meta property=\"og:image\" content=\"https:\/\/colegioarquitectos.com\/noticias\/wp-content\/uploads\/2022\/11\/elecciones-ca-2022-side.png\" \/>\n\t<meta property=\"og:image:width\" content=\"478\" \/>\n\t<meta property=\"og:image:height\" content=\"300\" \/>\n\t<meta property=\"og:image:type\" content=\"image\/png\" \/>\n<meta name=\"author\" content=\"Colegio de Arquitectos de Chile\" \/>\n<meta name=\"twitter:card\" content=\"summary_large_image\" \/>\n<meta name=\"twitter:creator\" content=\"@colegioarq\" \/>\n<meta name=\"twitter:site\" content=\"@colegioarq\" \/>\n<meta name=\"twitter:label1\" content=\"Escrito por\" \/>\n\t<meta name=\"twitter:data1\" content=\"Colegio de Arquitectos de Chile\" \/>\n\t<meta name=\"twitter:label2\" content=\"Tiempo de lectura\" \/>\n\t<meta name=\"twitter:data2\" content=\"1 minuto\" \/>\n<script type=\"application\/ld+json\" class=\"yoast-schema-graph\">{\"@context\":\"https:\/\/schema.org\",\"@graph\":[{\"@type\":\"Article\",\"@id\":\"https:\/\/colegioarquitectos.com\/noticias\/?p=29517#article\",\"isPartOf\":{\"@id\":\"https:\/\/colegioarquitectos.com\/noticias\/?p=29517\"},\"author\":{\"name\":\"Colegio de Arquitectos de Chile\",\"@id\":\"https:\/\/colegioarquitectos.com\/noticias\/#\/schema\/person\/685cc0aad148303c5608f049af8285ad\"},\"headline\":\"Miryam Padilla (ICA 11048) &#8211; Delegaci\u00f3n Zonal Los R\u00edos\",\"datePublished\":\"2022-12-12T02:58:49+00:00\",\"dateModified\":\"2022-12-12T02:58:49+00:00\",\"mainEntityOfPage\":{\"@id\":\"https:\/\/colegioarquitectos.com\/noticias\/?p=29517\"},\"wordCount\":159,\"publisher\":{\"@id\":\"https:\/\/colegioarquitectos.com\/noticias\/#organization\"},\"image\":{\"@id\":\"https:\/\/colegioarquitectos.com\/noticias\/?p=29517#primaryimage\"},\"thumbnailUrl\":\"https:\/\/colegioarquitectos.com\/noticias\/wp-content\/uploads\/2022\/11\/elecciones-ca-2022-side.png\",\"articleSection\":[\"Elecciones CA 2022\"],\"inLanguage\":\"es\"},{\"@type\":\"WebPage\",\"@id\":\"https:\/\/colegioarquitectos.com\/noticias\/?p=29517\",\"url\":\"https:\/\/colegioarquitectos.com\/noticias\/?p=29517\",\"name\":\"Miryam Padilla (ICA 11048) - Delegaci\u00f3n Zonal Los R\u00edos - COLEGIO DE ARQUITECTOS DE CHILE\",\"isPartOf\":{\"@id\":\"https:\/\/colegioarquitectos.com\/noticias\/#website\"},\"primaryImageOfPage\":{\"@id\":\"https:\/\/colegioarquitectos.com\/noticias\/?p=29517#primaryimage\"},\"image\":{\"@id\":\"https:\/\/colegioarquitectos.com\/noticias\/?p=29517#primaryimage\"},\"thumbnailUrl\":\"https:\/\/colegioarquitectos.com\/noticias\/wp-content\/uploads\/2022\/11\/elecciones-ca-2022-side.png\",\"datePublished\":\"2022-12-12T02:58:49+00:00\",\"dateModified\":\"2022-12-12T02:58:49+00:00\",\"breadcrumb\":{\"@id\":\"https:\/\/colegioarquitectos.com\/noticias\/?p=29517#breadcrumb\"},\"inLanguage\":\"es\",\"potentialAction\":[{\"@type\":\"ReadAction\",\"target\":[\"https:\/\/colegioarquitectos.com\/noticias\/?p=29517\"]}]},{\"@type\":\"ImageObject\",\"inLanguage\":\"es\",\"@id\":\"https:\/\/colegioarquitectos.com\/noticias\/?p=29517#primaryimage\",\"url\":\"https:\/\/colegioarquitectos.com\/noticias\/wp-content\/uploads\/2022\/11\/elecciones-ca-2022-side.png\",\"contentUrl\":\"https:\/\/colegioarquitectos.com\/noticias\/wp-content\/uploads\/2022\/11\/elecciones-ca-2022-side.png\",\"width\":478,\"height\":300},{\"@type\":\"BreadcrumbList\",\"@id\":\"https:\/\/colegioarquitectos.com\/noticias\/?p=29517#breadcrumb\",\"itemListElement\":[{\"@type\":\"ListItem\",\"position\":1,\"name\":\"Portada\",\"item\":\"https:\/\/colegioarquitectos.com\/noticias\"},{\"@type\":\"ListItem\",\"position\":2,\"name\":\"Miryam Padilla (ICA 11048) &#8211; Delegaci\u00f3n Zonal Los R\u00edos\"}]},{\"@type\":\"WebSite\",\"@id\":\"https:\/\/colegioarquitectos.com\/noticias\/#website\",\"url\":\"https:\/\/colegioarquitectos.com\/noticias\/\",\"name\":\"COLEGIO DE ARQUITECTOS DE CHILE\",\"description\":\"\",\"publisher\":{\"@id\":\"https:\/\/colegioarquitectos.com\/noticias\/#organization\"},\"potentialAction\":[{\"@type\":\"SearchAction\",\"target\":{\"@type\":\"EntryPoint\",\"urlTemplate\":\"https:\/\/colegioarquitectos.com\/noticias\/?s={search_term_string}\"},\"query-input\":{\"@type\":\"PropertyValueSpecification\",\"valueRequired\":true,\"valueName\":\"search_term_string\"}}],\"inLanguage\":\"es\"},{\"@type\":\"Organization\",\"@id\":\"https:\/\/colegioarquitectos.com\/noticias\/#organization\",\"name\":\"COLEGIO DE ARQUITECTOS DE CHILE\",\"url\":\"https:\/\/colegioarquitectos.com\/noticias\/\",\"logo\":{\"@type\":\"ImageObject\",\"inLanguage\":\"es\",\"@id\":\"https:\/\/colegioarquitectos.com\/noticias\/#\/schema\/logo\/image\/\",\"url\":\"https:\/\/colegioarquitectos.com\/noticias\/wp-content\/uploads\/2021\/05\/ENCABEZADO-LOGO-CA.jpg\",\"contentUrl\":\"https:\/\/colegioarquitectos.com\/noticias\/wp-content\/uploads\/2021\/05\/ENCABEZADO-LOGO-CA.jpg\",\"width\":690,\"height\":350,\"caption\":\"COLEGIO DE ARQUITECTOS DE CHILE\"},\"image\":{\"@id\":\"https:\/\/colegioarquitectos.com\/noticias\/#\/schema\/logo\/image\/\"},\"sameAs\":[\"https:\/\/facebook.com\/Colegioarq\/\",\"https:\/\/x.com\/colegioarq\",\"https:\/\/instagram.com\/colegioarq\",\"https:\/\/youtube.com\/@ColegiodeArquitectosdeChile\"]},{\"@type\":\"Person\",\"@id\":\"https:\/\/colegioarquitectos.com\/noticias\/#\/schema\/person\/685cc0aad148303c5608f049af8285ad\",\"name\":\"Colegio de Arquitectos de Chile\",\"url\":\"https:\/\/colegioarquitectos.com\/noticias\/?author=4\"}]}<\/script>\n<!-- \/ Yoast SEO plugin. -->","yoast_head_json":{"title":"Miryam Padilla (ICA 11048) - Delegaci\u00f3n Zonal Los R\u00edos - COLEGIO DE ARQUITECTOS DE CHILE","robots":{"index":"index","follow":"follow","max-snippet":"max-snippet:-1","max-image-preview":"max-image-preview:large","max-video-preview":"max-video-preview:-1"},"canonical":"https:\/\/colegioarquitectos.com\/noticias\/?p=29517","og_locale":"es_ES","og_type":"article","og_title":"Miryam Padilla (ICA 11048) - Delegaci\u00f3n Zonal Los R\u00edos - COLEGIO DE ARQUITECTOS DE CHILE","og_description":"&nbsp; Breve presentaci\u00f3n o biograf\u00eda del o la postulante Arquitecta titulada de la Universidad del BioBio, oriunda de Talcahuano, experta en \u00e1rea patrimonio, ejerciendo como arquitecta hace m\u00e1s de una d\u00e9cada. Trabaj\u00f3 en la Direcci\u00f3n de Arquitectura del MOP, Regi\u00f3n &hellip; ver m\u00e1s","og_url":"https:\/\/colegioarquitectos.com\/noticias\/?p=29517","og_site_name":"COLEGIO DE ARQUITECTOS DE CHILE","article_publisher":"https:\/\/facebook.com\/Colegioarq\/","article_published_time":"2022-12-12T02:58:49+00:00","og_image":[{"width":478,"height":300,"url":"https:\/\/colegioarquitectos.com\/noticias\/wp-content\/uploads\/2022\/11\/elecciones-ca-2022-side.png","type":"image\/png"}],"author":"Colegio de Arquitectos de Chile","twitter_card":"summary_large_image","twitter_creator":"@colegioarq","twitter_site":"@colegioarq","twitter_misc":{"Escrito por":"Colegio de Arquitectos de Chile","Tiempo de lectura":"1 minuto"},"schema":{"@context":"https:\/\/schema.org","@graph":[{"@type":"Article","@id":"https:\/\/colegioarquitectos.com\/noticias\/?p=29517#article","isPartOf":{"@id":"https:\/\/colegioarquitectos.com\/noticias\/?p=29517"},"author":{"name":"Colegio de Arquitectos de Chile","@id":"https:\/\/colegioarquitectos.com\/noticias\/#\/schema\/person\/685cc0aad148303c5608f049af8285ad"},"headline":"Miryam Padilla (ICA 11048) &#8211; Delegaci\u00f3n Zonal Los R\u00edos","datePublished":"2022-12-12T02:58:49+00:00","dateModified":"2022-12-12T02:58:49+00:00","mainEntityOfPage":{"@id":"https:\/\/colegioarquitectos.com\/noticias\/?p=29517"},"wordCount":159,"publisher":{"@id":"https:\/\/colegioarquitectos.com\/noticias\/#organization"},"image":{"@id":"https:\/\/colegioarquitectos.com\/noticias\/?p=29517#primaryimage"},"thumbnailUrl":"https:\/\/colegioarquitectos.com\/noticias\/wp-content\/uploads\/2022\/11\/elecciones-ca-2022-side.png","articleSection":["Elecciones CA 2022"],"inLanguage":"es"},{"@type":"WebPage","@id":"https:\/\/colegioarquitectos.com\/noticias\/?p=29517","url":"https:\/\/colegioarquitectos.com\/noticias\/?p=29517","name":"Miryam Padilla (ICA 11048) - Delegaci\u00f3n Zonal Los R\u00edos - COLEGIO DE ARQUITECTOS DE CHILE","isPartOf":{"@id":"https:\/\/colegioarquitectos.com\/noticias\/#website"},"primaryImageOfPage":{"@id":"https:\/\/colegioarquitectos.com\/noticias\/?p=29517#primaryimage"},"image":{"@id":"https:\/\/colegioarquitectos.com\/noticias\/?p=29517#primaryimage"},"thumbnailUrl":"https:\/\/colegioarquitectos.com\/noticias\/wp-content\/uploads\/2022\/11\/elecciones-ca-2022-side.png","datePublished":"2022-12-12T02:58:49+00:00","dateModified":"2022-12-12T02:58:49+00:00","breadcrumb":{"@id":"https:\/\/colegioarquitectos.com\/noticias\/?p=29517#breadcrumb"},"inLanguage":"es","potentialAction":[{"@type":"ReadAction","target":["https:\/\/colegioarquitectos.com\/noticias\/?p=29517"]}]},{"@type":"ImageObject","inLanguage":"es","@id":"https:\/\/colegioarquitectos.com\/noticias\/?p=29517#primaryimage","url":"https:\/\/colegioarquitectos.com\/noticias\/wp-content\/uploads\/2022\/11\/elecciones-ca-2022-side.png","contentUrl":"https:\/\/colegioarquitectos.com\/noticias\/wp-content\/uploads\/2022\/11\/elecciones-ca-2022-side.png","width":478,"height":300},{"@type":"BreadcrumbList","@id":"https:\/\/colegioarquitectos.com\/noticias\/?p=29517#breadcrumb","itemListElement":[{"@type":"ListItem","position":1,"name":"Portada","item":"https:\/\/colegioarquitectos.com\/noticias"},{"@type":"ListItem","position":2,"name":"Miryam Padilla (ICA 11048) &#8211; Delegaci\u00f3n Zonal Los R\u00edos"}]},{"@type":"WebSite","@id":"https:\/\/colegioarquitectos.com\/noticias\/#website","url":"https:\/\/colegioarquitectos.com\/noticias\/","name":"COLEGIO DE ARQUITECTOS DE CHILE","description":"","publisher":{"@id":"https:\/\/colegioarquitectos.com\/noticias\/#organization"},"potentialAction":[{"@type":"SearchAction","target":{"@type":"EntryPoint","urlTemplate":"https:\/\/colegioarquitectos.com\/noticias\/?s={search_term_string}"},"query-input":{"@type":"PropertyValueSpecification","valueRequired":true,"valueName":"search_term_string"}}],"inLanguage":"es"},{"@type":"Organization","@id":"https:\/\/colegioarquitectos.com\/noticias\/#organization","name":"COLEGIO DE ARQUITECTOS DE CHILE","url":"https:\/\/colegioarquitectos.com\/noticias\/","logo":{"@type":"ImageObject","inLanguage":"es","@id":"https:\/\/colegioarquitectos.com\/noticias\/#\/schema\/logo\/image\/","url":"https:\/\/colegioarquitectos.com\/noticias\/wp-content\/uploads\/2021\/05\/ENCABEZADO-LOGO-CA.jpg","contentUrl":"https:\/\/colegioarquitectos.com\/noticias\/wp-content\/uploads\/2021\/05\/ENCABEZADO-LOGO-CA.jpg","width":690,"height":350,"caption":"COLEGIO DE ARQUITECTOS DE CHILE"},"image":{"@id":"https:\/\/colegioarquitectos.com\/noticias\/#\/schema\/logo\/image\/"},"sameAs":["https:\/\/facebook.com\/Colegioarq\/","https:\/\/x.com\/colegioarq","https:\/\/instagram.com\/colegioarq","https:\/\/youtube.com\/@ColegiodeArquitectosdeChile"]},{"@type":"Person","@id":"https:\/\/colegioarquitectos.com\/noticias\/#\/schema\/person\/685cc0aad148303c5608f049af8285ad","name":"Colegio de Arquitectos de Chile","url":"https:\/\/colegioarquitectos.com\/noticias\/?author=4"}]}},"_links":{"self":[{"href":"https:\/\/colegioarquitectos.com\/noticias\/index.php?rest_route=\/wp\/v2\/posts\/29517","targetHints":{"allow":["GET"]}}],"collection":[{"href":"https:\/\/colegioarquitectos.com\/noticias\/index.php?rest_route=\/wp\/v2\/posts"}],"about":[{"href":"https:\/\/colegioarquitectos.com\/noticias\/index.php?rest_route=\/wp\/v2\/types\/post"}],"author":[{"embeddable":true,"href":"https:\/\/colegioarquitectos.com\/noticias\/index.php?rest_route=\/wp\/v2\/users\/4"}],"replies":[{"embeddable":true,"href":"https:\/\/colegioarquitectos.com\/noticias\/index.php?rest_route=%2Fwp%2Fv2%2Fcomments&post=29517"}],"version-history":[{"count":0,"href":"https:\/\/colegioarquitectos.com\/noticias\/index.php?rest_route=\/wp\/v2\/posts\/29517\/revisions"}],"wp:featuredmedia":[{"embeddable":true,"href":"https:\/\/colegioarquitectos.com\/noticias\/index.php?rest_route=\/wp\/v2\/media\/29366"}],"wp:attachment":[{"href":"https:\/\/colegioarquitectos.com\/noticias\/index.php?rest_route=%2Fwp%2Fv2%2Fmedia&parent=29517"}],"wp:term":[{"taxonomy":"category","embeddable":true,"href":"https:\/\/colegioarquitectos.com\/noticias\/index.php?rest_route=%2Fwp%2Fv2%2Fcategories&post=29517"},{"taxonomy":"post_tag","embeddable":true,"href":"https:\/\/colegioarquitectos.com\/noticias\/index.php?rest_route=%2Fwp%2Fv2%2Ftags&post=29517"}],"curies":[{"name":"wp","href":"https:\/\/api.w.org\/{rel}","templated":true}]}}