
{"id":29565,"date":"2022-12-15T10:01:36","date_gmt":"2022-12-15T14:01:36","guid":{"rendered":"https:\/\/colegioarquitectos.com\/?p=29565"},"modified":"2022-12-25T17:03:25","modified_gmt":"2022-12-25T21:03:25","slug":"el-rol-de-las-comunidades-en-la-preservacion-del-patrimonio","status":"publish","type":"post","link":"https:\/\/colegioarquitectos.com\/noticias\/?p=29565","title":{"rendered":"El rol de las comunidades en la preservaci\u00f3n del patrimonio"},"content":{"rendered":"<p>De este 24avo simposio del Comit\u00e9 Internacional de Madera de ICOMOS se puede concluir que lo m\u00e1s relevante, a juicio de los organizadores en Chilo\u00e9, es que este Comit\u00e9 establecer\u00e1 una l\u00ednea de trabajo y recomendaciones sobre el rol de las comunidades en la preservaci\u00f3n del patrimonio en madera.<\/p>\n<p>Desde el pasado 28 de noviembre al 3 de diciembre a trav\u00e9s de 4 de los miembros de nuestra Delegaci\u00f3n Zonal Chilo\u00e9 tuvimos la oportunidad de colaborar y apoyar en el desarrollo del 24 Simposio Internacional de la Conservaci\u00f3n del Patrimonio en Madera \u00abAprender del conocimiento heredado\u00bb de ICOMOS.<\/p>\n<p>ICOMOS, Comit\u00e9 Internacional de Monumentos y Sitios, es el organismo t\u00e9cnico cient\u00edfico asesor de Unesco en materias de conservaci\u00f3n del patrimonio cultural, esta organizaci\u00f3n cuenta con 30 subcomit\u00e9s cient\u00edficos, entre ellos el de madera, el cual realiza anualmente un simposio internacional y como una forma de descentralizar este evento, que normalmente se realizaba en Europa, se eligi\u00f3 a Am\u00e9rica Latina como lugar de encuentro.<\/p>\n<p>La tem\u00e1tica de este 24 Simposio de madera fue \u00abAprender del conocimiento heredado\u00bb, y m\u00e1s espec\u00edficamente el componente socio-cultural en la conservaci\u00f3n del patrimonio en madera y Chilo\u00e9 fue el lugar elegido para este encuentro.<\/p>\n<p>&nbsp;<\/p>\n<div id=\"attachment_29566\" style=\"width: 3658px\" class=\"wp-caption aligncenter\"><img loading=\"lazy\" decoding=\"async\" aria-describedby=\"caption-attachment-29566\" class=\"wp-image-29566 size-full\" src=\"https:\/\/colegioarquitectos.com\/noticias\/wp-content\/uploads\/2022\/12\/foto1-1.jpg\" alt=\"\" width=\"3648\" height=\"2736\" srcset=\"https:\/\/colegioarquitectos.com\/noticias\/wp-content\/uploads\/2022\/12\/foto1-1.jpg 3648w, https:\/\/colegioarquitectos.com\/noticias\/wp-content\/uploads\/2022\/12\/foto1-1-300x225.jpg 300w, https:\/\/colegioarquitectos.com\/noticias\/wp-content\/uploads\/2022\/12\/foto1-1-768x576.jpg 768w, https:\/\/colegioarquitectos.com\/noticias\/wp-content\/uploads\/2022\/12\/foto1-1-1024x768.jpg 1024w\" sizes=\"auto, (max-width: 3648px) 100vw, 3648px\" \/><p id=\"caption-attachment-29566\" class=\"wp-caption-text\">Foto cortes\u00eda arquitecta Coarq Chilo\u00e9, Olivia Medina. Encuentro de pasacalles en Achao, 2015.<\/p><\/div>\n<p>&nbsp;<\/p>\n<p>El evento se realiz\u00f3 durante cuatro d\u00edas en Chilo\u00e9 y termin\u00f3 con actividades en Valpara\u00edso. Durante los d\u00edas en el archipi\u00e9lago, los expertos, venidos de distintos lugares del planeta, tuvieron posibilidad de conocer en directo el rico patrimonio cultural y arquitect\u00f3nico y constatar el imprescindible rol de las comunidades en su preservaci\u00f3n.<\/p>\n<p>Fueron en total 32 ponencias y 6 conferencias. \u00abSe vieron temas del patrimonio en madera de todo el mundo y por supuesto de Chilo\u00e9. Fue s\u00faper importante que se hiciera ac\u00e1 pues le permiti\u00f3 al Comit\u00e9 enterarse del rol de las comunidades en su preservaci\u00f3n.\u00a0 Fue abrir una v\u00eda directa para incidir en lo que se conoce como las cartas internacionales o los principios internacionales de restauraci\u00f3n. Estos son, mecanismos a trav\u00e9s de los cuales el comit\u00e9 hace recomendaciones a Unesco para guiar la preservaci\u00f3n del patrimonio en los distintos Estados\u00bb, se\u00f1al\u00f3 al respecto nuestra colega Patricia Mondaca, organizadora del Simposio en Chile.<\/p>\n<p>Patricia Mondaca Mansilla, 47 a\u00f1os, es arquitecta chilota con experiencia en restauraci\u00f3n de las Iglesias del Sitio de Patrimonio Mundial desde 2003 a la fecha, con un post\u00edtulo en Gesti\u00f3n para la Salvaguardia del Patrimonio Cultural Inmaterial y miembro del Comit\u00e9 Cient\u00edfico Internacional de Madera de Icomos y del Coarq Chilo\u00e9.<\/p>\n<p>\u00abQued\u00f3 muy claro que no es viable la preservaci\u00f3n de las iglesias de madera sin las comunidades. Es decir, que conservaci\u00f3n del patrimonio y comunidad en un binomio indivisible. Y lo que se abre a partir de este Simposio es la posibilidad de generar una l\u00ednea de trabajo sobre esto\u00bb, agrega Mondaca.<\/p>\n<p>&nbsp;<\/p>\n<div id=\"attachment_29567\" style=\"width: 4618px\" class=\"wp-caption aligncenter\"><img loading=\"lazy\" decoding=\"async\" aria-describedby=\"caption-attachment-29567\" class=\"wp-image-29567 size-full\" src=\"https:\/\/colegioarquitectos.com\/noticias\/wp-content\/uploads\/2022\/12\/foto2-1.jpg\" alt=\"\" width=\"4608\" height=\"3456\" srcset=\"https:\/\/colegioarquitectos.com\/noticias\/wp-content\/uploads\/2022\/12\/foto2-1.jpg 4608w, https:\/\/colegioarquitectos.com\/noticias\/wp-content\/uploads\/2022\/12\/foto2-1-300x225.jpg 300w, https:\/\/colegioarquitectos.com\/noticias\/wp-content\/uploads\/2022\/12\/foto2-1-768x576.jpg 768w, https:\/\/colegioarquitectos.com\/noticias\/wp-content\/uploads\/2022\/12\/foto2-1-1024x768.jpg 1024w\" sizes=\"auto, (max-width: 4608px) 100vw, 4608px\" \/><p id=\"caption-attachment-29567\" class=\"wp-caption-text\">Foto cortes\u00eda arquitecta Coarq Chilo\u00e9, Olivia Medina. Tiradura de casa en localidad de Tena\u00fan<\/p><\/div>\n<p>&nbsp;<\/p>\n<p>Patricia Mondaca cuenta que los expertos quedaron impactados por la riqueza social, cultural y arquitect\u00f3nica del patrimonio chilote. Visitaron en total siete iglesias del Sitio de Patrimonio Mundial declarado por la Unesco adem\u00e1s de otros lugares significativos del paisaje insular.<\/p>\n<p>Cuando se abri\u00f3 la posibilidad de realizar el simposio sobre el patrimonio en madera, se plante\u00f3 que la tem\u00e1tica que guiara el encuentro fuera el de los conocimientos heredados. Entonces, naturalmente la tem\u00e1tica sobre el rol de las comunidades ser\u00eda central en este espacio de conocimiento y reflexi\u00f3n.<\/p>\n<p>Edward Rojas, Premio Nacional de Arquitectura y miembro del Coarq Chilo\u00e9, resume as\u00ed la importancia de este evento: \u00abPor primera vez en su historia se reunieron en Chilo\u00e9 estos expertos para hablar de los grandes temas del patrimonio. Y qued\u00f3 claro que \u00e9ste no puede ser considerado solo en su dimensi\u00f3n tangible, sobre todo en Chilo\u00e9, donde \u00e9stas iglesias que han sido declaradas Patrimonio de la Humanidad han existido y seguir\u00e1n existiendo gracias a las comunidades que las construyeron y las mantienen. Y m\u00e1s a\u00fan, todos los procesos de restauraci\u00f3n tienen que ir de la mano de la comunidades a las que pertenecen\u00bb.<\/p>\n<p>\u00abFue un encuentro muy enriquecedor. No solo en Chilo\u00e9 el rol de las comunidades es indivisible de la preservaci\u00f3n del patrimonio en madera. Hay ejemplos de esta sinergia maravillosa en todo el mundo. Por ejemplo, uno de los que vimos fue el caso de la monumental plaza de toros La Petatera en M\u00e9xico\u00bb, agrega Patricia Mondaca.<\/p>\n<p>&nbsp;<\/p>\n<div id=\"attachment_29568\" style=\"width: 1150px\" class=\"wp-caption aligncenter\"><img loading=\"lazy\" decoding=\"async\" aria-describedby=\"caption-attachment-29568\" class=\"size-full wp-image-29568\" src=\"https:\/\/colegioarquitectos.com\/noticias\/wp-content\/uploads\/2022\/12\/La-Petatera.jpeg\" alt=\"\" width=\"1140\" height=\"712\" srcset=\"https:\/\/colegioarquitectos.com\/noticias\/wp-content\/uploads\/2022\/12\/La-Petatera.jpeg 1140w, https:\/\/colegioarquitectos.com\/noticias\/wp-content\/uploads\/2022\/12\/La-Petatera-300x187.jpeg 300w, https:\/\/colegioarquitectos.com\/noticias\/wp-content\/uploads\/2022\/12\/La-Petatera-768x480.jpeg 768w, https:\/\/colegioarquitectos.com\/noticias\/wp-content\/uploads\/2022\/12\/La-Petatera-1024x640.jpeg 1024w, https:\/\/colegioarquitectos.com\/noticias\/wp-content\/uploads\/2022\/12\/La-Petatera-400x250.jpeg 400w\" sizes=\"auto, (max-width: 1140px) 100vw, 1140px\" \/><p id=\"caption-attachment-29568\" class=\"wp-caption-text\">La Petatera, la plaza de toros en Colima, M\u00e9xico. \u201cLa artesan\u00eda m\u00e1s grande del mundo\u201d<\/p><\/div>\n<p>&nbsp;<\/p>\n<p>Dicen de La Petatera que es la artesan\u00eda m\u00e1s grande del mundo. La comunidad de Colima en M\u00e9xico se organiza cada febrero para levantar la plaza de toros de 5.000m2 en seis semanas \u2014en el mes de febrero\u2014 y desarmarla en un d\u00eda.\u00a0 Es una monumental construcci\u00f3n hecha con artesan\u00edas y t\u00e9cnicas ind\u00edgenas a base de petates (soga tejida de forma artesanal) que se construye con motivo de las fiestas de San Felipe de Jes\u00fas desde hace 165 a\u00f1os: una obra arquitect\u00f3nica inteligente dotada de una estructura flexible, ingeniosa y eficiente para una zona s\u00edsmica como la de Colima.<\/p>\n<p>Con el ejemplo Patricia Mondaca quiere destacar que el patrimonio en madera tiene singularidades y originalidades alrededor del mundo, sin embargo, este simposio sobre los saberes heredados logr\u00f3 establecer el fundamental rol de las comunidades en la producci\u00f3n y transmisi\u00f3n de conocimientos para su preservaci\u00f3n.<\/p>\n<p>&nbsp;<\/p>\n<hr \/>\n<h5>** Texto enviado desde la Delegaci\u00f3n Zonal Chilo\u00e9 del Colegio de Arquitectos de Chile<\/h5>\n<p><\/p>","protected":false},"excerpt":{"rendered":"<p>De este 24avo simposio del Comit\u00e9 Internacional de Madera de ICOMOS se puede concluir que lo m\u00e1s relevante, a juicio de los organizadores en Chilo\u00e9, es que este Comit\u00e9 establecer\u00e1 una l\u00ednea de trabajo y recomendaciones sobre el rol de &hellip; <a class=\"more-link\" href=\"https:\/\/colegioarquitectos.com\/noticias\/?p=29565\">ver m\u00e1s<\/a><\/p>","protected":false},"author":4,"featured_media":29569,"comment_status":"closed","ping_status":"closed","sticky":false,"template":"","format":"standard","meta":{"footnotes":""},"categories":[10],"tags":[],"class_list":["post-29565","post","type-post","status-publish","format-standard","has-post-thumbnail","hentry","category-delegaciones-zonales"],"yoast_head":"<!-- This site is optimized with the Yoast SEO plugin v24.2 - https:\/\/yoast.com\/wordpress\/plugins\/seo\/ -->\n<title>El rol de las comunidades en la preservaci\u00f3n del patrimonio - COLEGIO DE ARQUITECTOS DE CHILE<\/title>\n<meta name=\"robots\" content=\"index, follow, max-snippet:-1, max-image-preview:large, max-video-preview:-1\" \/>\n<link rel=\"canonical\" href=\"https:\/\/colegioarquitectos.com\/noticias\/?p=29565\" \/>\n<meta property=\"og:locale\" content=\"es_ES\" \/>\n<meta property=\"og:type\" content=\"article\" \/>\n<meta property=\"og:title\" content=\"El rol de las comunidades en la preservaci\u00f3n del patrimonio - COLEGIO DE ARQUITECTOS DE CHILE\" \/>\n<meta property=\"og:description\" content=\"De este 24avo simposio del Comit\u00e9 Internacional de Madera de ICOMOS se puede concluir que lo m\u00e1s relevante, a juicio de los organizadores en Chilo\u00e9, es que este Comit\u00e9 establecer\u00e1 una l\u00ednea de trabajo y recomendaciones sobre el rol de &hellip; ver m\u00e1s\" \/>\n<meta property=\"og:url\" content=\"https:\/\/colegioarquitectos.com\/noticias\/?p=29565\" \/>\n<meta property=\"og:site_name\" content=\"COLEGIO DE ARQUITECTOS DE CHILE\" \/>\n<meta property=\"article:publisher\" content=\"https:\/\/facebook.com\/Colegioarq\/\" \/>\n<meta property=\"article:published_time\" content=\"2022-12-15T14:01:36+00:00\" \/>\n<meta property=\"article:modified_time\" content=\"2022-12-25T21:03:25+00:00\" \/>\n<meta property=\"og:image\" content=\"https:\/\/colegioarquitectos.com\/noticias\/wp-content\/uploads\/2022\/12\/Proyecto-nuevo-9.jpg\" \/>\n\t<meta property=\"og:image:width\" content=\"1280\" \/>\n\t<meta property=\"og:image:height\" content=\"720\" \/>\n\t<meta property=\"og:image:type\" content=\"image\/jpeg\" \/>\n<meta name=\"author\" content=\"Colegio de Arquitectos de Chile\" \/>\n<meta name=\"twitter:card\" content=\"summary_large_image\" \/>\n<meta name=\"twitter:creator\" content=\"@colegioarq\" \/>\n<meta name=\"twitter:site\" content=\"@colegioarq\" \/>\n<meta name=\"twitter:label1\" content=\"Escrito por\" \/>\n\t<meta name=\"twitter:data1\" content=\"Colegio de Arquitectos de Chile\" \/>\n\t<meta name=\"twitter:label2\" content=\"Tiempo de lectura\" \/>\n\t<meta name=\"twitter:data2\" content=\"5 minutos\" \/>\n<script type=\"application\/ld+json\" class=\"yoast-schema-graph\">{\"@context\":\"https:\/\/schema.org\",\"@graph\":[{\"@type\":\"Article\",\"@id\":\"https:\/\/colegioarquitectos.com\/noticias\/?p=29565#article\",\"isPartOf\":{\"@id\":\"https:\/\/colegioarquitectos.com\/noticias\/?p=29565\"},\"author\":{\"name\":\"Colegio de Arquitectos de Chile\",\"@id\":\"https:\/\/colegioarquitectos.com\/noticias\/#\/schema\/person\/685cc0aad148303c5608f049af8285ad\"},\"headline\":\"El rol de las comunidades en la preservaci\u00f3n del patrimonio\",\"datePublished\":\"2022-12-15T14:01:36+00:00\",\"dateModified\":\"2022-12-25T21:03:25+00:00\",\"mainEntityOfPage\":{\"@id\":\"https:\/\/colegioarquitectos.com\/noticias\/?p=29565\"},\"wordCount\":1001,\"publisher\":{\"@id\":\"https:\/\/colegioarquitectos.com\/noticias\/#organization\"},\"image\":{\"@id\":\"https:\/\/colegioarquitectos.com\/noticias\/?p=29565#primaryimage\"},\"thumbnailUrl\":\"https:\/\/colegioarquitectos.com\/noticias\/wp-content\/uploads\/2022\/12\/Proyecto-nuevo-9.jpg\",\"articleSection\":[\"Delegaciones\"],\"inLanguage\":\"es\"},{\"@type\":\"WebPage\",\"@id\":\"https:\/\/colegioarquitectos.com\/noticias\/?p=29565\",\"url\":\"https:\/\/colegioarquitectos.com\/noticias\/?p=29565\",\"name\":\"El rol de las comunidades en la preservaci\u00f3n del patrimonio - COLEGIO DE ARQUITECTOS DE CHILE\",\"isPartOf\":{\"@id\":\"https:\/\/colegioarquitectos.com\/noticias\/#website\"},\"primaryImageOfPage\":{\"@id\":\"https:\/\/colegioarquitectos.com\/noticias\/?p=29565#primaryimage\"},\"image\":{\"@id\":\"https:\/\/colegioarquitectos.com\/noticias\/?p=29565#primaryimage\"},\"thumbnailUrl\":\"https:\/\/colegioarquitectos.com\/noticias\/wp-content\/uploads\/2022\/12\/Proyecto-nuevo-9.jpg\",\"datePublished\":\"2022-12-15T14:01:36+00:00\",\"dateModified\":\"2022-12-25T21:03:25+00:00\",\"breadcrumb\":{\"@id\":\"https:\/\/colegioarquitectos.com\/noticias\/?p=29565#breadcrumb\"},\"inLanguage\":\"es\",\"potentialAction\":[{\"@type\":\"ReadAction\",\"target\":[\"https:\/\/colegioarquitectos.com\/noticias\/?p=29565\"]}]},{\"@type\":\"ImageObject\",\"inLanguage\":\"es\",\"@id\":\"https:\/\/colegioarquitectos.com\/noticias\/?p=29565#primaryimage\",\"url\":\"https:\/\/colegioarquitectos.com\/noticias\/wp-content\/uploads\/2022\/12\/Proyecto-nuevo-9.jpg\",\"contentUrl\":\"https:\/\/colegioarquitectos.com\/noticias\/wp-content\/uploads\/2022\/12\/Proyecto-nuevo-9.jpg\",\"width\":1280,\"height\":720},{\"@type\":\"BreadcrumbList\",\"@id\":\"https:\/\/colegioarquitectos.com\/noticias\/?p=29565#breadcrumb\",\"itemListElement\":[{\"@type\":\"ListItem\",\"position\":1,\"name\":\"Portada\",\"item\":\"https:\/\/colegioarquitectos.com\/noticias\"},{\"@type\":\"ListItem\",\"position\":2,\"name\":\"El rol de las comunidades en la preservaci\u00f3n del patrimonio\"}]},{\"@type\":\"WebSite\",\"@id\":\"https:\/\/colegioarquitectos.com\/noticias\/#website\",\"url\":\"https:\/\/colegioarquitectos.com\/noticias\/\",\"name\":\"COLEGIO DE ARQUITECTOS DE CHILE\",\"description\":\"\",\"publisher\":{\"@id\":\"https:\/\/colegioarquitectos.com\/noticias\/#organization\"},\"potentialAction\":[{\"@type\":\"SearchAction\",\"target\":{\"@type\":\"EntryPoint\",\"urlTemplate\":\"https:\/\/colegioarquitectos.com\/noticias\/?s={search_term_string}\"},\"query-input\":{\"@type\":\"PropertyValueSpecification\",\"valueRequired\":true,\"valueName\":\"search_term_string\"}}],\"inLanguage\":\"es\"},{\"@type\":\"Organization\",\"@id\":\"https:\/\/colegioarquitectos.com\/noticias\/#organization\",\"name\":\"COLEGIO DE ARQUITECTOS DE CHILE\",\"url\":\"https:\/\/colegioarquitectos.com\/noticias\/\",\"logo\":{\"@type\":\"ImageObject\",\"inLanguage\":\"es\",\"@id\":\"https:\/\/colegioarquitectos.com\/noticias\/#\/schema\/logo\/image\/\",\"url\":\"https:\/\/colegioarquitectos.com\/noticias\/wp-content\/uploads\/2021\/05\/ENCABEZADO-LOGO-CA.jpg\",\"contentUrl\":\"https:\/\/colegioarquitectos.com\/noticias\/wp-content\/uploads\/2021\/05\/ENCABEZADO-LOGO-CA.jpg\",\"width\":690,\"height\":350,\"caption\":\"COLEGIO DE ARQUITECTOS DE CHILE\"},\"image\":{\"@id\":\"https:\/\/colegioarquitectos.com\/noticias\/#\/schema\/logo\/image\/\"},\"sameAs\":[\"https:\/\/facebook.com\/Colegioarq\/\",\"https:\/\/x.com\/colegioarq\",\"https:\/\/instagram.com\/colegioarq\",\"https:\/\/youtube.com\/@ColegiodeArquitectosdeChile\"]},{\"@type\":\"Person\",\"@id\":\"https:\/\/colegioarquitectos.com\/noticias\/#\/schema\/person\/685cc0aad148303c5608f049af8285ad\",\"name\":\"Colegio de Arquitectos de Chile\",\"url\":\"https:\/\/colegioarquitectos.com\/noticias\/?author=4\"}]}<\/script>\n<!-- \/ Yoast SEO plugin. -->","yoast_head_json":{"title":"El rol de las comunidades en la preservaci\u00f3n del patrimonio - COLEGIO DE ARQUITECTOS DE CHILE","robots":{"index":"index","follow":"follow","max-snippet":"max-snippet:-1","max-image-preview":"max-image-preview:large","max-video-preview":"max-video-preview:-1"},"canonical":"https:\/\/colegioarquitectos.com\/noticias\/?p=29565","og_locale":"es_ES","og_type":"article","og_title":"El rol de las comunidades en la preservaci\u00f3n del patrimonio - COLEGIO DE ARQUITECTOS DE CHILE","og_description":"De este 24avo simposio del Comit\u00e9 Internacional de Madera de ICOMOS se puede concluir que lo m\u00e1s relevante, a juicio de los organizadores en Chilo\u00e9, es que este Comit\u00e9 establecer\u00e1 una l\u00ednea de trabajo y recomendaciones sobre el rol de &hellip; ver m\u00e1s","og_url":"https:\/\/colegioarquitectos.com\/noticias\/?p=29565","og_site_name":"COLEGIO DE ARQUITECTOS DE CHILE","article_publisher":"https:\/\/facebook.com\/Colegioarq\/","article_published_time":"2022-12-15T14:01:36+00:00","article_modified_time":"2022-12-25T21:03:25+00:00","og_image":[{"width":1280,"height":720,"url":"https:\/\/colegioarquitectos.com\/noticias\/wp-content\/uploads\/2022\/12\/Proyecto-nuevo-9.jpg","type":"image\/jpeg"}],"author":"Colegio de Arquitectos de Chile","twitter_card":"summary_large_image","twitter_creator":"@colegioarq","twitter_site":"@colegioarq","twitter_misc":{"Escrito por":"Colegio de Arquitectos de Chile","Tiempo de lectura":"5 minutos"},"schema":{"@context":"https:\/\/schema.org","@graph":[{"@type":"Article","@id":"https:\/\/colegioarquitectos.com\/noticias\/?p=29565#article","isPartOf":{"@id":"https:\/\/colegioarquitectos.com\/noticias\/?p=29565"},"author":{"name":"Colegio de Arquitectos de Chile","@id":"https:\/\/colegioarquitectos.com\/noticias\/#\/schema\/person\/685cc0aad148303c5608f049af8285ad"},"headline":"El rol de las comunidades en la preservaci\u00f3n del patrimonio","datePublished":"2022-12-15T14:01:36+00:00","dateModified":"2022-12-25T21:03:25+00:00","mainEntityOfPage":{"@id":"https:\/\/colegioarquitectos.com\/noticias\/?p=29565"},"wordCount":1001,"publisher":{"@id":"https:\/\/colegioarquitectos.com\/noticias\/#organization"},"image":{"@id":"https:\/\/colegioarquitectos.com\/noticias\/?p=29565#primaryimage"},"thumbnailUrl":"https:\/\/colegioarquitectos.com\/noticias\/wp-content\/uploads\/2022\/12\/Proyecto-nuevo-9.jpg","articleSection":["Delegaciones"],"inLanguage":"es"},{"@type":"WebPage","@id":"https:\/\/colegioarquitectos.com\/noticias\/?p=29565","url":"https:\/\/colegioarquitectos.com\/noticias\/?p=29565","name":"El rol de las comunidades en la preservaci\u00f3n del patrimonio - COLEGIO DE ARQUITECTOS DE CHILE","isPartOf":{"@id":"https:\/\/colegioarquitectos.com\/noticias\/#website"},"primaryImageOfPage":{"@id":"https:\/\/colegioarquitectos.com\/noticias\/?p=29565#primaryimage"},"image":{"@id":"https:\/\/colegioarquitectos.com\/noticias\/?p=29565#primaryimage"},"thumbnailUrl":"https:\/\/colegioarquitectos.com\/noticias\/wp-content\/uploads\/2022\/12\/Proyecto-nuevo-9.jpg","datePublished":"2022-12-15T14:01:36+00:00","dateModified":"2022-12-25T21:03:25+00:00","breadcrumb":{"@id":"https:\/\/colegioarquitectos.com\/noticias\/?p=29565#breadcrumb"},"inLanguage":"es","potentialAction":[{"@type":"ReadAction","target":["https:\/\/colegioarquitectos.com\/noticias\/?p=29565"]}]},{"@type":"ImageObject","inLanguage":"es","@id":"https:\/\/colegioarquitectos.com\/noticias\/?p=29565#primaryimage","url":"https:\/\/colegioarquitectos.com\/noticias\/wp-content\/uploads\/2022\/12\/Proyecto-nuevo-9.jpg","contentUrl":"https:\/\/colegioarquitectos.com\/noticias\/wp-content\/uploads\/2022\/12\/Proyecto-nuevo-9.jpg","width":1280,"height":720},{"@type":"BreadcrumbList","@id":"https:\/\/colegioarquitectos.com\/noticias\/?p=29565#breadcrumb","itemListElement":[{"@type":"ListItem","position":1,"name":"Portada","item":"https:\/\/colegioarquitectos.com\/noticias"},{"@type":"ListItem","position":2,"name":"El rol de las comunidades en la preservaci\u00f3n del patrimonio"}]},{"@type":"WebSite","@id":"https:\/\/colegioarquitectos.com\/noticias\/#website","url":"https:\/\/colegioarquitectos.com\/noticias\/","name":"COLEGIO DE ARQUITECTOS DE CHILE","description":"","publisher":{"@id":"https:\/\/colegioarquitectos.com\/noticias\/#organization"},"potentialAction":[{"@type":"SearchAction","target":{"@type":"EntryPoint","urlTemplate":"https:\/\/colegioarquitectos.com\/noticias\/?s={search_term_string}"},"query-input":{"@type":"PropertyValueSpecification","valueRequired":true,"valueName":"search_term_string"}}],"inLanguage":"es"},{"@type":"Organization","@id":"https:\/\/colegioarquitectos.com\/noticias\/#organization","name":"COLEGIO DE ARQUITECTOS DE CHILE","url":"https:\/\/colegioarquitectos.com\/noticias\/","logo":{"@type":"ImageObject","inLanguage":"es","@id":"https:\/\/colegioarquitectos.com\/noticias\/#\/schema\/logo\/image\/","url":"https:\/\/colegioarquitectos.com\/noticias\/wp-content\/uploads\/2021\/05\/ENCABEZADO-LOGO-CA.jpg","contentUrl":"https:\/\/colegioarquitectos.com\/noticias\/wp-content\/uploads\/2021\/05\/ENCABEZADO-LOGO-CA.jpg","width":690,"height":350,"caption":"COLEGIO DE ARQUITECTOS DE CHILE"},"image":{"@id":"https:\/\/colegioarquitectos.com\/noticias\/#\/schema\/logo\/image\/"},"sameAs":["https:\/\/facebook.com\/Colegioarq\/","https:\/\/x.com\/colegioarq","https:\/\/instagram.com\/colegioarq","https:\/\/youtube.com\/@ColegiodeArquitectosdeChile"]},{"@type":"Person","@id":"https:\/\/colegioarquitectos.com\/noticias\/#\/schema\/person\/685cc0aad148303c5608f049af8285ad","name":"Colegio de Arquitectos de Chile","url":"https:\/\/colegioarquitectos.com\/noticias\/?author=4"}]}},"_links":{"self":[{"href":"https:\/\/colegioarquitectos.com\/noticias\/index.php?rest_route=\/wp\/v2\/posts\/29565","targetHints":{"allow":["GET"]}}],"collection":[{"href":"https:\/\/colegioarquitectos.com\/noticias\/index.php?rest_route=\/wp\/v2\/posts"}],"about":[{"href":"https:\/\/colegioarquitectos.com\/noticias\/index.php?rest_route=\/wp\/v2\/types\/post"}],"author":[{"embeddable":true,"href":"https:\/\/colegioarquitectos.com\/noticias\/index.php?rest_route=\/wp\/v2\/users\/4"}],"replies":[{"embeddable":true,"href":"https:\/\/colegioarquitectos.com\/noticias\/index.php?rest_route=%2Fwp%2Fv2%2Fcomments&post=29565"}],"version-history":[{"count":0,"href":"https:\/\/colegioarquitectos.com\/noticias\/index.php?rest_route=\/wp\/v2\/posts\/29565\/revisions"}],"wp:featuredmedia":[{"embeddable":true,"href":"https:\/\/colegioarquitectos.com\/noticias\/index.php?rest_route=\/wp\/v2\/media\/29569"}],"wp:attachment":[{"href":"https:\/\/colegioarquitectos.com\/noticias\/index.php?rest_route=%2Fwp%2Fv2%2Fmedia&parent=29565"}],"wp:term":[{"taxonomy":"category","embeddable":true,"href":"https:\/\/colegioarquitectos.com\/noticias\/index.php?rest_route=%2Fwp%2Fv2%2Fcategories&post=29565"},{"taxonomy":"post_tag","embeddable":true,"href":"https:\/\/colegioarquitectos.com\/noticias\/index.php?rest_route=%2Fwp%2Fv2%2Ftags&post=29565"}],"curies":[{"name":"wp","href":"https:\/\/api.w.org\/{rel}","templated":true}]}}