
{"id":29600,"date":"2022-12-19T11:23:20","date_gmt":"2022-12-19T15:23:20","guid":{"rendered":"https:\/\/colegioarquitectos.com\/?p=29600"},"modified":"2022-12-19T11:23:20","modified_gmt":"2022-12-19T15:23:20","slug":"sebastian-aravena-osorio-ica-12027-delegacion-zonal-aconcagua","status":"publish","type":"post","link":"https:\/\/colegioarquitectos.com\/noticias\/?p=29600","title":{"rendered":"Sebasti\u00e1n Aravena Osorio (ICA 12027) &#8211; Delegaci\u00f3n Zonal Aconcagua"},"content":{"rendered":"<p><img loading=\"lazy\" decoding=\"async\" class=\"aligncenter wp-image-29601 size-medium\" src=\"https:\/\/colegioarquitectos.com\/noticias\/wp-content\/uploads\/2022\/12\/MG_1357-2-1-300x200.jpg\" alt=\"\" width=\"300\" height=\"200\" srcset=\"https:\/\/colegioarquitectos.com\/noticias\/wp-content\/uploads\/2022\/12\/MG_1357-2-1-300x200.jpg 300w, https:\/\/colegioarquitectos.com\/noticias\/wp-content\/uploads\/2022\/12\/MG_1357-2-1-768x512.jpg 768w, https:\/\/colegioarquitectos.com\/noticias\/wp-content\/uploads\/2022\/12\/MG_1357-2-1-1024x683.jpg 1024w\" sizes=\"auto, (max-width: 300px) 100vw, 300px\" \/><\/p>\n<p>&nbsp;<\/p>\n<p>&nbsp;<\/p>\n<h4>Breve presentaci\u00f3n o biograf\u00eda del o la postulante<\/h4>\n<hr \/>\n<p>Formado profesionalmente como Arquitecto he trabajado desde muy ni\u00f1o con la fotograf\u00eda, el video y la m\u00fasica de manera experimental, el acto de observaci\u00f3n de los fen\u00f3menos humanos a trav\u00e9s de estos lentes han sido mi \u00e1mbito de estudio de los \u00faltimos a\u00f1os, convergiendo mi formaci\u00f3n con mis pasiones en la documentaci\u00f3n audiovisual, la arquitectura, la m\u00fasica y la gesti\u00f3n cultural. La visi\u00f3n cr\u00edtica sobre las cosas y el juicio est\u00e9tico dado por la arquitectura, adem\u00e1s del desarrollo de proyectos, se complementa con el manejo de la t\u00e9cnica cinematogr\u00e1fica y la investigaci\u00f3n musical, las que me llevaron a dirigir una serie documental para TV, llamada Cooking the Continent, emitida en 4 idiomas en 12 pa\u00edses, adem\u00e1s he dirigido videos musicales, videos educativos y creado un canal con m\u00e1s de 11k suscriptores. Todo lo anterior complementando la labor como arquitecto en el \u00e1mbito de desarrollo urbano en el \u00e1rea p\u00fablica en el programa Quiero mi Barrio del MINVU y proyectos de vivienda en el \u00e1rea privada. Adem\u00e1s del trabajo descrito, en el Valle de Aconcagua, mi tierra natal, me he dedicado a desarrollar proyectos en el \u00e1rea de la cultura y las artes, habiendo organizado 2 versiones del festival de m\u00fasica Pe\u00f1a S\u00f3nica, festival de m\u00fasica contempor\u00e1nea en un contexto familiar y dirigido la organizaci\u00f3n Aconcagua Sustentable durante 2 a\u00f1os.<\/p>\n<p>&nbsp;<\/p>\n<h4>Ideas o propuestas para la futura gesti\u00f3n del o la postulante<\/h4>\n<hr \/>\n<p>La DZ Aconcagua funcionar\u00e1 con dos l\u00edneas de trabajo claras; una de acci\u00f3n interna y que busca desarrollar el pensamiento cr\u00edtico de la Dz con el fin de aportar al debate p\u00fablico de temas vinculados a la disciplina y otra de acci\u00f3n externa con 3 actividades a realizar hacia las comunidades que comprenden la delegaci\u00f3n, principalmente a San Felipe y Los Andes.<\/p>\n<p>&nbsp;<\/p>\n<p><\/p>","protected":false},"excerpt":{"rendered":"<p>&nbsp; &nbsp; Breve presentaci\u00f3n o biograf\u00eda del o la postulante Formado profesionalmente como Arquitecto he trabajado desde muy ni\u00f1o con la fotograf\u00eda, el video y la m\u00fasica de manera experimental, el acto de observaci\u00f3n de los fen\u00f3menos humanos a trav\u00e9s &hellip; <a class=\"more-link\" href=\"https:\/\/colegioarquitectos.com\/noticias\/?p=29600\">ver m\u00e1s<\/a><\/p>","protected":false},"author":4,"featured_media":29556,"comment_status":"closed","ping_status":"closed","sticky":false,"template":"","format":"standard","meta":{"footnotes":""},"categories":[138],"tags":[],"class_list":["post-29600","post","type-post","status-publish","format-standard","has-post-thumbnail","hentry","category-elecciones-ca-2022"],"yoast_head":"<!-- This site is optimized with the Yoast SEO plugin v24.2 - https:\/\/yoast.com\/wordpress\/plugins\/seo\/ -->\n<title>Sebasti\u00e1n Aravena Osorio (ICA 12027) - Delegaci\u00f3n Zonal Aconcagua - COLEGIO DE ARQUITECTOS DE CHILE<\/title>\n<meta name=\"robots\" content=\"index, follow, max-snippet:-1, max-image-preview:large, max-video-preview:-1\" \/>\n<link rel=\"canonical\" href=\"https:\/\/colegioarquitectos.com\/noticias\/?p=29600\" \/>\n<meta property=\"og:locale\" content=\"es_ES\" \/>\n<meta property=\"og:type\" content=\"article\" \/>\n<meta property=\"og:title\" content=\"Sebasti\u00e1n Aravena Osorio (ICA 12027) - Delegaci\u00f3n Zonal Aconcagua - COLEGIO DE ARQUITECTOS DE CHILE\" \/>\n<meta property=\"og:description\" content=\"&nbsp; &nbsp; Breve presentaci\u00f3n o biograf\u00eda del o la postulante Formado profesionalmente como Arquitecto he trabajado desde muy ni\u00f1o con la fotograf\u00eda, el video y la m\u00fasica de manera experimental, el acto de observaci\u00f3n de los fen\u00f3menos humanos a trav\u00e9s &hellip; ver m\u00e1s\" \/>\n<meta property=\"og:url\" content=\"https:\/\/colegioarquitectos.com\/noticias\/?p=29600\" \/>\n<meta property=\"og:site_name\" content=\"COLEGIO DE ARQUITECTOS DE CHILE\" \/>\n<meta property=\"article:publisher\" content=\"https:\/\/facebook.com\/Colegioarq\/\" \/>\n<meta property=\"article:published_time\" content=\"2022-12-19T15:23:20+00:00\" \/>\n<meta property=\"og:image\" content=\"https:\/\/colegioarquitectos.com\/noticias\/wp-content\/uploads\/2022\/12\/elecciones-ca-2022-destweb.png\" \/>\n\t<meta property=\"og:image:width\" content=\"1280\" \/>\n\t<meta property=\"og:image:height\" content=\"720\" \/>\n\t<meta property=\"og:image:type\" content=\"image\/png\" \/>\n<meta name=\"author\" content=\"Colegio de Arquitectos de Chile\" \/>\n<meta name=\"twitter:card\" content=\"summary_large_image\" \/>\n<meta name=\"twitter:creator\" content=\"@colegioarq\" \/>\n<meta name=\"twitter:site\" content=\"@colegioarq\" \/>\n<meta name=\"twitter:label1\" content=\"Escrito por\" \/>\n\t<meta name=\"twitter:data1\" content=\"Colegio de Arquitectos de Chile\" \/>\n\t<meta name=\"twitter:label2\" content=\"Tiempo de lectura\" \/>\n\t<meta name=\"twitter:data2\" content=\"2 minutos\" \/>\n<script type=\"application\/ld+json\" class=\"yoast-schema-graph\">{\"@context\":\"https:\/\/schema.org\",\"@graph\":[{\"@type\":\"Article\",\"@id\":\"https:\/\/colegioarquitectos.com\/noticias\/?p=29600#article\",\"isPartOf\":{\"@id\":\"https:\/\/colegioarquitectos.com\/noticias\/?p=29600\"},\"author\":{\"name\":\"Colegio de Arquitectos de Chile\",\"@id\":\"https:\/\/colegioarquitectos.com\/noticias\/#\/schema\/person\/685cc0aad148303c5608f049af8285ad\"},\"headline\":\"Sebasti\u00e1n Aravena Osorio (ICA 12027) &#8211; Delegaci\u00f3n Zonal Aconcagua\",\"datePublished\":\"2022-12-19T15:23:20+00:00\",\"dateModified\":\"2022-12-19T15:23:20+00:00\",\"mainEntityOfPage\":{\"@id\":\"https:\/\/colegioarquitectos.com\/noticias\/?p=29600\"},\"wordCount\":348,\"publisher\":{\"@id\":\"https:\/\/colegioarquitectos.com\/noticias\/#organization\"},\"image\":{\"@id\":\"https:\/\/colegioarquitectos.com\/noticias\/?p=29600#primaryimage\"},\"thumbnailUrl\":\"https:\/\/colegioarquitectos.com\/noticias\/wp-content\/uploads\/2022\/12\/elecciones-ca-2022-destweb.png\",\"articleSection\":[\"Elecciones CA 2022\"],\"inLanguage\":\"es\"},{\"@type\":\"WebPage\",\"@id\":\"https:\/\/colegioarquitectos.com\/noticias\/?p=29600\",\"url\":\"https:\/\/colegioarquitectos.com\/noticias\/?p=29600\",\"name\":\"Sebasti\u00e1n Aravena Osorio (ICA 12027) - Delegaci\u00f3n Zonal Aconcagua - COLEGIO DE ARQUITECTOS DE CHILE\",\"isPartOf\":{\"@id\":\"https:\/\/colegioarquitectos.com\/noticias\/#website\"},\"primaryImageOfPage\":{\"@id\":\"https:\/\/colegioarquitectos.com\/noticias\/?p=29600#primaryimage\"},\"image\":{\"@id\":\"https:\/\/colegioarquitectos.com\/noticias\/?p=29600#primaryimage\"},\"thumbnailUrl\":\"https:\/\/colegioarquitectos.com\/noticias\/wp-content\/uploads\/2022\/12\/elecciones-ca-2022-destweb.png\",\"datePublished\":\"2022-12-19T15:23:20+00:00\",\"dateModified\":\"2022-12-19T15:23:20+00:00\",\"breadcrumb\":{\"@id\":\"https:\/\/colegioarquitectos.com\/noticias\/?p=29600#breadcrumb\"},\"inLanguage\":\"es\",\"potentialAction\":[{\"@type\":\"ReadAction\",\"target\":[\"https:\/\/colegioarquitectos.com\/noticias\/?p=29600\"]}]},{\"@type\":\"ImageObject\",\"inLanguage\":\"es\",\"@id\":\"https:\/\/colegioarquitectos.com\/noticias\/?p=29600#primaryimage\",\"url\":\"https:\/\/colegioarquitectos.com\/noticias\/wp-content\/uploads\/2022\/12\/elecciones-ca-2022-destweb.png\",\"contentUrl\":\"https:\/\/colegioarquitectos.com\/noticias\/wp-content\/uploads\/2022\/12\/elecciones-ca-2022-destweb.png\",\"width\":1280,\"height\":720},{\"@type\":\"BreadcrumbList\",\"@id\":\"https:\/\/colegioarquitectos.com\/noticias\/?p=29600#breadcrumb\",\"itemListElement\":[{\"@type\":\"ListItem\",\"position\":1,\"name\":\"Portada\",\"item\":\"https:\/\/colegioarquitectos.com\/noticias\"},{\"@type\":\"ListItem\",\"position\":2,\"name\":\"Sebasti\u00e1n Aravena Osorio (ICA 12027) &#8211; Delegaci\u00f3n Zonal Aconcagua\"}]},{\"@type\":\"WebSite\",\"@id\":\"https:\/\/colegioarquitectos.com\/noticias\/#website\",\"url\":\"https:\/\/colegioarquitectos.com\/noticias\/\",\"name\":\"COLEGIO DE ARQUITECTOS DE CHILE\",\"description\":\"\",\"publisher\":{\"@id\":\"https:\/\/colegioarquitectos.com\/noticias\/#organization\"},\"potentialAction\":[{\"@type\":\"SearchAction\",\"target\":{\"@type\":\"EntryPoint\",\"urlTemplate\":\"https:\/\/colegioarquitectos.com\/noticias\/?s={search_term_string}\"},\"query-input\":{\"@type\":\"PropertyValueSpecification\",\"valueRequired\":true,\"valueName\":\"search_term_string\"}}],\"inLanguage\":\"es\"},{\"@type\":\"Organization\",\"@id\":\"https:\/\/colegioarquitectos.com\/noticias\/#organization\",\"name\":\"COLEGIO DE ARQUITECTOS DE CHILE\",\"url\":\"https:\/\/colegioarquitectos.com\/noticias\/\",\"logo\":{\"@type\":\"ImageObject\",\"inLanguage\":\"es\",\"@id\":\"https:\/\/colegioarquitectos.com\/noticias\/#\/schema\/logo\/image\/\",\"url\":\"https:\/\/colegioarquitectos.com\/noticias\/wp-content\/uploads\/2021\/05\/ENCABEZADO-LOGO-CA.jpg\",\"contentUrl\":\"https:\/\/colegioarquitectos.com\/noticias\/wp-content\/uploads\/2021\/05\/ENCABEZADO-LOGO-CA.jpg\",\"width\":690,\"height\":350,\"caption\":\"COLEGIO DE ARQUITECTOS DE CHILE\"},\"image\":{\"@id\":\"https:\/\/colegioarquitectos.com\/noticias\/#\/schema\/logo\/image\/\"},\"sameAs\":[\"https:\/\/facebook.com\/Colegioarq\/\",\"https:\/\/x.com\/colegioarq\",\"https:\/\/instagram.com\/colegioarq\",\"https:\/\/youtube.com\/@ColegiodeArquitectosdeChile\"]},{\"@type\":\"Person\",\"@id\":\"https:\/\/colegioarquitectos.com\/noticias\/#\/schema\/person\/685cc0aad148303c5608f049af8285ad\",\"name\":\"Colegio de Arquitectos de Chile\",\"url\":\"https:\/\/colegioarquitectos.com\/noticias\/?author=4\"}]}<\/script>\n<!-- \/ Yoast SEO plugin. -->","yoast_head_json":{"title":"Sebasti\u00e1n Aravena Osorio (ICA 12027) - Delegaci\u00f3n Zonal Aconcagua - COLEGIO DE ARQUITECTOS DE CHILE","robots":{"index":"index","follow":"follow","max-snippet":"max-snippet:-1","max-image-preview":"max-image-preview:large","max-video-preview":"max-video-preview:-1"},"canonical":"https:\/\/colegioarquitectos.com\/noticias\/?p=29600","og_locale":"es_ES","og_type":"article","og_title":"Sebasti\u00e1n Aravena Osorio (ICA 12027) - Delegaci\u00f3n Zonal Aconcagua - COLEGIO DE ARQUITECTOS DE CHILE","og_description":"&nbsp; &nbsp; Breve presentaci\u00f3n o biograf\u00eda del o la postulante Formado profesionalmente como Arquitecto he trabajado desde muy ni\u00f1o con la fotograf\u00eda, el video y la m\u00fasica de manera experimental, el acto de observaci\u00f3n de los fen\u00f3menos humanos a trav\u00e9s &hellip; ver m\u00e1s","og_url":"https:\/\/colegioarquitectos.com\/noticias\/?p=29600","og_site_name":"COLEGIO DE ARQUITECTOS DE CHILE","article_publisher":"https:\/\/facebook.com\/Colegioarq\/","article_published_time":"2022-12-19T15:23:20+00:00","og_image":[{"width":1280,"height":720,"url":"https:\/\/colegioarquitectos.com\/noticias\/wp-content\/uploads\/2022\/12\/elecciones-ca-2022-destweb.png","type":"image\/png"}],"author":"Colegio de Arquitectos de Chile","twitter_card":"summary_large_image","twitter_creator":"@colegioarq","twitter_site":"@colegioarq","twitter_misc":{"Escrito por":"Colegio de Arquitectos de Chile","Tiempo de lectura":"2 minutos"},"schema":{"@context":"https:\/\/schema.org","@graph":[{"@type":"Article","@id":"https:\/\/colegioarquitectos.com\/noticias\/?p=29600#article","isPartOf":{"@id":"https:\/\/colegioarquitectos.com\/noticias\/?p=29600"},"author":{"name":"Colegio de Arquitectos de Chile","@id":"https:\/\/colegioarquitectos.com\/noticias\/#\/schema\/person\/685cc0aad148303c5608f049af8285ad"},"headline":"Sebasti\u00e1n Aravena Osorio (ICA 12027) &#8211; Delegaci\u00f3n Zonal Aconcagua","datePublished":"2022-12-19T15:23:20+00:00","dateModified":"2022-12-19T15:23:20+00:00","mainEntityOfPage":{"@id":"https:\/\/colegioarquitectos.com\/noticias\/?p=29600"},"wordCount":348,"publisher":{"@id":"https:\/\/colegioarquitectos.com\/noticias\/#organization"},"image":{"@id":"https:\/\/colegioarquitectos.com\/noticias\/?p=29600#primaryimage"},"thumbnailUrl":"https:\/\/colegioarquitectos.com\/noticias\/wp-content\/uploads\/2022\/12\/elecciones-ca-2022-destweb.png","articleSection":["Elecciones CA 2022"],"inLanguage":"es"},{"@type":"WebPage","@id":"https:\/\/colegioarquitectos.com\/noticias\/?p=29600","url":"https:\/\/colegioarquitectos.com\/noticias\/?p=29600","name":"Sebasti\u00e1n Aravena Osorio (ICA 12027) - Delegaci\u00f3n Zonal Aconcagua - COLEGIO DE ARQUITECTOS DE CHILE","isPartOf":{"@id":"https:\/\/colegioarquitectos.com\/noticias\/#website"},"primaryImageOfPage":{"@id":"https:\/\/colegioarquitectos.com\/noticias\/?p=29600#primaryimage"},"image":{"@id":"https:\/\/colegioarquitectos.com\/noticias\/?p=29600#primaryimage"},"thumbnailUrl":"https:\/\/colegioarquitectos.com\/noticias\/wp-content\/uploads\/2022\/12\/elecciones-ca-2022-destweb.png","datePublished":"2022-12-19T15:23:20+00:00","dateModified":"2022-12-19T15:23:20+00:00","breadcrumb":{"@id":"https:\/\/colegioarquitectos.com\/noticias\/?p=29600#breadcrumb"},"inLanguage":"es","potentialAction":[{"@type":"ReadAction","target":["https:\/\/colegioarquitectos.com\/noticias\/?p=29600"]}]},{"@type":"ImageObject","inLanguage":"es","@id":"https:\/\/colegioarquitectos.com\/noticias\/?p=29600#primaryimage","url":"https:\/\/colegioarquitectos.com\/noticias\/wp-content\/uploads\/2022\/12\/elecciones-ca-2022-destweb.png","contentUrl":"https:\/\/colegioarquitectos.com\/noticias\/wp-content\/uploads\/2022\/12\/elecciones-ca-2022-destweb.png","width":1280,"height":720},{"@type":"BreadcrumbList","@id":"https:\/\/colegioarquitectos.com\/noticias\/?p=29600#breadcrumb","itemListElement":[{"@type":"ListItem","position":1,"name":"Portada","item":"https:\/\/colegioarquitectos.com\/noticias"},{"@type":"ListItem","position":2,"name":"Sebasti\u00e1n Aravena Osorio (ICA 12027) &#8211; Delegaci\u00f3n Zonal Aconcagua"}]},{"@type":"WebSite","@id":"https:\/\/colegioarquitectos.com\/noticias\/#website","url":"https:\/\/colegioarquitectos.com\/noticias\/","name":"COLEGIO DE ARQUITECTOS DE CHILE","description":"","publisher":{"@id":"https:\/\/colegioarquitectos.com\/noticias\/#organization"},"potentialAction":[{"@type":"SearchAction","target":{"@type":"EntryPoint","urlTemplate":"https:\/\/colegioarquitectos.com\/noticias\/?s={search_term_string}"},"query-input":{"@type":"PropertyValueSpecification","valueRequired":true,"valueName":"search_term_string"}}],"inLanguage":"es"},{"@type":"Organization","@id":"https:\/\/colegioarquitectos.com\/noticias\/#organization","name":"COLEGIO DE ARQUITECTOS DE CHILE","url":"https:\/\/colegioarquitectos.com\/noticias\/","logo":{"@type":"ImageObject","inLanguage":"es","@id":"https:\/\/colegioarquitectos.com\/noticias\/#\/schema\/logo\/image\/","url":"https:\/\/colegioarquitectos.com\/noticias\/wp-content\/uploads\/2021\/05\/ENCABEZADO-LOGO-CA.jpg","contentUrl":"https:\/\/colegioarquitectos.com\/noticias\/wp-content\/uploads\/2021\/05\/ENCABEZADO-LOGO-CA.jpg","width":690,"height":350,"caption":"COLEGIO DE ARQUITECTOS DE CHILE"},"image":{"@id":"https:\/\/colegioarquitectos.com\/noticias\/#\/schema\/logo\/image\/"},"sameAs":["https:\/\/facebook.com\/Colegioarq\/","https:\/\/x.com\/colegioarq","https:\/\/instagram.com\/colegioarq","https:\/\/youtube.com\/@ColegiodeArquitectosdeChile"]},{"@type":"Person","@id":"https:\/\/colegioarquitectos.com\/noticias\/#\/schema\/person\/685cc0aad148303c5608f049af8285ad","name":"Colegio de Arquitectos de Chile","url":"https:\/\/colegioarquitectos.com\/noticias\/?author=4"}]}},"_links":{"self":[{"href":"https:\/\/colegioarquitectos.com\/noticias\/index.php?rest_route=\/wp\/v2\/posts\/29600","targetHints":{"allow":["GET"]}}],"collection":[{"href":"https:\/\/colegioarquitectos.com\/noticias\/index.php?rest_route=\/wp\/v2\/posts"}],"about":[{"href":"https:\/\/colegioarquitectos.com\/noticias\/index.php?rest_route=\/wp\/v2\/types\/post"}],"author":[{"embeddable":true,"href":"https:\/\/colegioarquitectos.com\/noticias\/index.php?rest_route=\/wp\/v2\/users\/4"}],"replies":[{"embeddable":true,"href":"https:\/\/colegioarquitectos.com\/noticias\/index.php?rest_route=%2Fwp%2Fv2%2Fcomments&post=29600"}],"version-history":[{"count":0,"href":"https:\/\/colegioarquitectos.com\/noticias\/index.php?rest_route=\/wp\/v2\/posts\/29600\/revisions"}],"wp:featuredmedia":[{"embeddable":true,"href":"https:\/\/colegioarquitectos.com\/noticias\/index.php?rest_route=\/wp\/v2\/media\/29556"}],"wp:attachment":[{"href":"https:\/\/colegioarquitectos.com\/noticias\/index.php?rest_route=%2Fwp%2Fv2%2Fmedia&parent=29600"}],"wp:term":[{"taxonomy":"category","embeddable":true,"href":"https:\/\/colegioarquitectos.com\/noticias\/index.php?rest_route=%2Fwp%2Fv2%2Fcategories&post=29600"},{"taxonomy":"post_tag","embeddable":true,"href":"https:\/\/colegioarquitectos.com\/noticias\/index.php?rest_route=%2Fwp%2Fv2%2Ftags&post=29600"}],"curies":[{"name":"wp","href":"https:\/\/api.w.org\/{rel}","templated":true}]}}