
{"id":29728,"date":"2023-01-19T12:02:01","date_gmt":"2023-01-19T16:02:01","guid":{"rendered":"https:\/\/colegioarquitectos.com\/?p=29728"},"modified":"2023-01-19T12:02:01","modified_gmt":"2023-01-19T16:02:01","slug":"directiva-2021-2022-de-la-delegacion-zonal-magallanes-efectua-recuento-de-actividades-y-proyecciones","status":"publish","type":"post","link":"https:\/\/colegioarquitectos.com\/noticias\/?p=29728","title":{"rendered":"Directiva 2021 \u2013 2022 de la Delegaci\u00f3n Zonal Magallanes efect\u00faa recuento de actividades y proyecciones"},"content":{"rendered":"<p>Con una Delegaci\u00f3n plenamente activa, tanto en el \u00e1mbito gremial como en el quehacer regional, la directiva de la DZ Magallanes 2021 \u2013 2022 efectu\u00f3 un recuento de las actividades, ad \u2013 portas del recambio y conformaci\u00f3n de la nueva directiva 2023 \u2013 2024. Para su presidente, C\u00e9sar Alvial Chand\u00eda, fue vital el apoyo y acompa\u00f1amiento tanto de los directores, vicepresidente Manuel Plaza, secretaria Luz Helena Guzm\u00e1n, tesorera Pamela Dom\u00ednguez y Past President Jos\u00e9 Luis Subiabre, as\u00ed como de cada uno de los socios y amigos que participaron y apoyaron el trabajo de los diferentes comit\u00e9s, en un tiempo no exento de dificultades, cuando a\u00fan se vivenciaban los efectos del estallido social y de la pandemia en las ciudades, logrando acrecentar el espacio y sitial que el colegio de arquitectos ha buscado retomar desde su refundaci\u00f3n a fines del a\u00f1o 2017.<\/p>\n<p>El inicio de las gestiones en 2021, estuvo marcado por el apoyo a la comunidad de R\u00edo Seco tras el siniestro que afect\u00f3 a su hist\u00f3rica capilla, lo que motiv\u00f3 la conformaci\u00f3n del primer comit\u00e9 de patrimonio local a cargo del colega Humberto Salinas, quien cont\u00f3 con la colaboraci\u00f3n de estudiantes de la Universidad de Magallanes (UMAG) para elaborar un informe con propuestas de recuperaci\u00f3n, felizmente recibidas por la comunidad. Ya en el mes de mayo, la directiva emprende una nueva iniciativa, esta vez relacionada con el debate y la proposici\u00f3n de ideas por parte de los entonces candidatos a alcalde de las comunas de Punta Arenas, Natales y Torres del Paine, con un interesante foro que fue transmitido en formato on \u2013 line, y que cont\u00f3 con la participaci\u00f3n de nuestra Presidenta Nacional Jadille Baza, terminando ese semestre con una serie de charlas compartidas por arquitectos de la Municipalidad de Punta Arenas y de la SEREMI de Vivienda y Urbanismo.<\/p>\n<p>El trabajo del segundo semestre del a\u00f1o 2021, se enfoc\u00f3 en retomar las celebraciones del D\u00eda del Arquitecto con una cena anual, lo que marc\u00f3 el inicio de un mes donde arquitectos y comunidad pudimos reflexionar y compartir en tem\u00e1ticas tan importantes como vivienda y sustentabilidad, patrimonio y diversidad cultural, inclusividad, accesibilidad, ciudad y territorio, convocando a importantes expositores como el Consejo de Monumentos Nacionales, la Comunidad Selknam Chile, el Centro de Estudios Regionales de la Energ\u00eda \u2013 UMAG, el Comit\u00e9 de Nacional de Accesibilidad Universal, la consultora URBE y el Presidente del Consejo Nacional de Desarrollo Urbano, junto al apoyo de la C\u00e1mara Chilena de la Construcci\u00f3n para la realizaci\u00f3n de concursos de Croquis y Fotograf\u00eda Urbana, cuentos cortos y obras de arquitectura. En el \u00faltimo trimestre de 2021 se particip\u00f3 en la in\u00e9dita Trienal del Sur del Mundo, organizada por la DZ Concepci\u00f3n, donde el comit\u00e9 de patrimonio obtuvo el segundo lugar nacional en Obras de Urbanismo T\u00e1ctico con la obra \u201cPaseo Cultural a Cielo Abierto\u201d.<\/p>\n<p>Para el primer semestre del 2022, la programaci\u00f3n incluy\u00f3 la participaci\u00f3n en el Consejo Regional de Desarrollo Urbano, las mesas de trabajo para el Plan de Desarrollo Tur\u00edstico de Punta Arenas y la Estrategia Regional de Desarrollo, entre otras tareas instancias gestionadas ante autoridades regionales y municipales.<\/p>\n<p>El segundo semestre se trabaj\u00f3 en consolidar las celebraciones del d\u00eda del arquitecto con una serie de actividades presenciales, iniciando el mes de agosto con la visita del Director Nacional de Desarrollo, Juan Sabbagh, quien represent\u00f3 a la Presidenta Nacional en la firma del in\u00e9dito Convenio de Colaboraci\u00f3n entre el colegio y la Universidad de Magallanes (UMAG). A continuaci\u00f3n, se desarroll\u00f3 la Semana de la Arquitectura en Magallanes 2022 en dependencias de la universidad, donde se incluy\u00f3 el lanzamiento de libros, concursos de croquis, fotograf\u00eda, cuentos y arquitectura abiertos a la comunidad, as\u00ed como un seminario con destacados expositores. En esta oportunidad, el tema se titul\u00f3 \u201cCiudades \u2013 Puerto de la Patagonia: arquitectura, patrimonio y planificaci\u00f3n del territorio mar\u00edtimo austral en un contexto de cambios\u201d, contando con la participaci\u00f3n de los acad\u00e9micos e investigadores Alejandra Carvajal (DZ Chilo\u00e9), Sergio Baeriswyl (Premio Nacional de Urbanismo 2014) y Alberto Texido (director de la AOA), junto a la exposici\u00f3n del Gobernador Mar\u00edtimo de Punta Arenas, referida al Sistema Integrado de Administraci\u00f3n del Borde Costero (SIABC), y que nos permiti\u00f3 conocer de primera fuente el eventual impacto de la industria del Hidr\u00f3geno Verde en los sistemas portuarios del territorio.<\/p>\n<p>El \u00faltimo trimestre del a\u00f1o 2022 estuvo dedicado a apoyar el trabajo de los comit\u00e9s de patrimonio y urbanismo en iniciativas pertinentes a la realidad regional. Para el caso del comit\u00e9 de patrimonio, se elabor\u00f3 un acabado informe hist\u00f3rico y arquitect\u00f3nico en v\u00edas de poner en valor la actual casona del Conservatorio de M\u00fasica UMAG, junto con apoyar el valioso trabajo de recuperaci\u00f3n y ampliaciones de los ya tradicionales murales de la costanera, obra dirigida por el arquitecto Fernando Padilla, con la cual se revitaliz\u00f3 esta patrimonial fachada al Estrecho de Magallanes. En cuanto al comit\u00e9 de urbanismo, se abri\u00f3 una interesante participaci\u00f3n en las mesas de trabajo convocadas por CORFO para evaluar y prever el desarrollo de la industria del Hidr\u00f3geno Verde en Magallanes, siendo posible poner en el centro de la discusi\u00f3n la necesidad de una adecuada planificaci\u00f3n territorial con el fin de evitar da\u00f1os irreparables al patrimonio ambiental y humano de la regi\u00f3n, junto con facilitar las iniciativas de inversi\u00f3n en \u00e1reas debidamente acotadas, previendo la implementaci\u00f3n de una adecuada infraestructura urbana, productiva, comercial, de transporte portuario y de desarrollo para que esta industria logre conformar un ecosistema productivo de car\u00e1cter sustentable en los medios intervenidos.<\/p>\n<p>Para cerrar el trabajo de la directiva, de cumpli\u00f3 con la anhelada conformaci\u00f3n de la \u201cAsociaci\u00f3n de Arquitectos y Arquitectas de Magallanes\u201d AAAM, entidad asociativa con igualdad de g\u00e9nero, creada al alero de nuestro colegio para facilitar la obtenci\u00f3n de un RUT propio que permita postular a recursos locales que optar a una sede regional, permitiendo proyectar nuevos espacios para el aporte cultural y desarrollo inclusivo de la profesi\u00f3n en la Regi\u00f3n de Magallanes y de la Ant\u00e1rtica Chilena.<\/p>\n<p>Queremos agradecer a cada uno de las y los colegas que apoyaron nuestro trabajo, el que postul\u00f3 a una participaci\u00f3n transversal en un colegio capaz de servir a la comunidad. Gracias a quienes gustosamente compartieron oficinas y espacios para poder reunirnos, a quienes pusieron su tiempo y sus manos para el trabajo gremial, y a todos quienes hicieron posible cumplir las metas trazadas, invit\u00e1ndoles a continuar proyectando, construyendo y protegiendo nuestro h\u00e1bitat, nuestras ciudades y nuestro maravilloso entorno.<\/p>\n<p>A continuaci\u00f3n, se presenta un listado de los links para repasar las actividades de la directiva 2021 \u2013 2023:<\/p>\n<table width=\"978\">\n<tbody>\n<tr>\n<td colspan=\"3\" width=\"978\"><strong>SELECCI\u00d3N DE ART\u00cdCULOS, ENTREVISTAS Y CHARLAS DZ MAGALLANES 2021 &#8211; 2022<\/strong><\/td>\n<\/tr>\n<tr>\n<td width=\"68\"><strong>FECHA<\/strong><\/td>\n<td width=\"399\"><strong>TEMA<\/strong><\/td>\n<td width=\"510\"><strong>LINK<\/strong><\/td>\n<\/tr>\n<tr>\n<td width=\"68\">30-03-21<\/td>\n<td width=\"399\">Entrevista Presidente DZ en Radio Magallanes<\/td>\n<td width=\"510\"><a href=\"https:\/\/www.facebook.com\/radiomagallanescd70\/videos\/259779492295518\">https:\/\/www.facebook.com\/radiomagallanescd70\/videos\/259779492295518<\/a><\/td>\n<\/tr>\n<tr>\n<td width=\"68\">05-04-21<\/td>\n<td width=\"399\">Art\u00edculo Diario el Ping\u00fcino, pag. 15. \u00abotras formas de planificar\u00bb.<\/td>\n<td width=\"510\"><a href=\"https:\/\/elpinguino.com\/papeldigital\/php\/services\/view.php?subfolder=\/2021\/ABRIL\/&amp;doc=05-04-2021.pdf&amp;format=pdf\">https:\/\/elpinguino.com\/papeldigital\/php\/services\/view.php?subfolder=\/2021\/ABRIL\/&amp;doc=05-04-2021.pdf&amp;format=pdf<\/a><\/td>\n<\/tr>\n<tr>\n<td width=\"68\">04-05-21<\/td>\n<td width=\"399\">Foro online: Municipalidad de Natales<\/td>\n<td width=\"510\"><a href=\"https:\/\/web.facebook.com\/Colegioarq\/videos\/969262370515167\">https:\/\/web.facebook.com\/Colegioarq\/videos\/969262370515167<\/a><\/td>\n<\/tr>\n<tr>\n<td width=\"68\">05-05-21<\/td>\n<td width=\"399\">Foro online: Municipalidad de Punta Arenas<\/td>\n<td width=\"510\"><a href=\"https:\/\/web.facebook.com\/Colegioarq\/videos\/133159195474877\">https:\/\/web.facebook.com\/Colegioarq\/videos\/133159195474877<\/a><\/td>\n<\/tr>\n<tr>\n<td width=\"68\">28-05-21<\/td>\n<td width=\"399\">Charla D\u00eda del Patrimonio 2021: Capilla de R\u00edo Seco.<\/td>\n<td width=\"510\"><a href=\"https:\/\/www.youtube.com\/watch?v=8KxL9aEsedU\">https:\/\/www.youtube.com\/watch?v=8KxL9aEsedU<\/a><\/td>\n<\/tr>\n<tr>\n<td width=\"68\">30-05-21<\/td>\n<td width=\"399\">Charla D\u00eda del Patrimonio 2021: la arquitectura de R\u00edo Seco.<\/td>\n<td width=\"510\"><a href=\"https:\/\/www.youtube.com\/watch?v=St6b2l5oxFg\">https:\/\/www.youtube.com\/watch?v=St6b2l5oxFg<\/a><\/td>\n<\/tr>\n<tr>\n<td width=\"68\">04-08-21<\/td>\n<td width=\"399\">Mes de la arquitectura: charla 1 envolvente t\u00e9rmica. C. Alvial.<\/td>\n<td width=\"510\"><a href=\"https:\/\/www.youtube.com\/watch?v=syWXvr-zd54&amp;t=1435s\">https:\/\/www.youtube.com\/watch?v=syWXvr-zd54&amp;t=1435s<\/a><\/td>\n<\/tr>\n<tr>\n<td width=\"68\">05-08-21<\/td>\n<td width=\"399\">Mes de la arquitectura: charla 2 informativa. C. Alvial.<\/td>\n<td width=\"510\"><a href=\"https:\/\/www.youtube.com\/watch?v=0_zp7g3p0Ns\">https:\/\/www.youtube.com\/watch?v=0_zp7g3p0Ns<\/a><\/td>\n<\/tr>\n<tr>\n<td width=\"68\">06-08-21<\/td>\n<td width=\"399\">Mes de la arquitectura: charla 3 CERE UMAG.<\/td>\n<td width=\"510\"><a href=\"https:\/\/www.youtube.com\/watch?v=1j3tkmz8mYE&amp;t=2s\">https:\/\/www.youtube.com\/watch?v=1j3tkmz8mYE&amp;t=2s<\/a><\/td>\n<\/tr>\n<tr>\n<td width=\"68\">07-08-21<\/td>\n<td width=\"399\">Presidente DZ Magallanes en programa Ojo con la Cultura, Polar TV.<\/td>\n<td width=\"510\"><a href=\"https:\/\/web.facebook.com\/radiopolar\/videos\/342135964233781\">https:\/\/web.facebook.com\/radiopolar\/videos\/342135964233781<\/a><\/td>\n<\/tr>\n<tr>\n<td width=\"68\">09-08-21<\/td>\n<td width=\"399\">Entrevista Presidente y Secretaria DZ Magallanes, El Ping\u00fcino TV.<\/td>\n<td width=\"510\"><a href=\"https:\/\/www.facebook.com\/pinguinomultimedia\/videos\/259189715695518\/\">https:\/\/www.facebook.com\/pinguinomultimedia\/videos\/259189715695518\/<\/a><\/td>\n<\/tr>\n<tr>\n<td width=\"68\">12-08-21<\/td>\n<td width=\"399\">Mes de la arquitectura: charla 4\u00a0 patrimonio y participaci\u00f3n. CMN.<\/td>\n<td width=\"510\"><a href=\"https:\/\/www.youtube.com\/watch?v=FUirkdvBGFY&amp;t=1s\">https:\/\/www.youtube.com\/watch?v=FUirkdvBGFY&amp;t=1s<\/a><\/td>\n<\/tr>\n<tr>\n<td width=\"68\">13-08-21<\/td>\n<td width=\"399\">Mes de la arquitectura: charla 5 reconocimiento del Pueblo Selknam.<\/td>\n<td width=\"510\"><a href=\"https:\/\/www.youtube.com\/watch?v=MCq70MzamnA&amp;t=241s\">https:\/\/www.youtube.com\/watch?v=MCq70MzamnA&amp;t=241s<\/a><\/td>\n<\/tr>\n<tr>\n<td width=\"68\">14-08-21<\/td>\n<td width=\"399\">Presidente DZ Magallanes en programa Ojo con la Cultura, Polar TV.<\/td>\n<td width=\"510\"><a href=\"https:\/\/web.facebook.com\/radiopolar\/videos\/1828606550634531\">https:\/\/web.facebook.com\/radiopolar\/videos\/1828606550634531<\/a><\/td>\n<\/tr>\n<tr>\n<td width=\"68\">19-08-21<\/td>\n<td width=\"399\">Mes de la arquitectura: charla 7 comit\u00e9 de accesibilidad CA.<\/td>\n<td width=\"510\"><a href=\"https:\/\/www.youtube.com\/watch?v=ubaOXGyEJF4\">https:\/\/www.youtube.com\/watch?v=ubaOXGyEJF4<\/a><\/td>\n<\/tr>\n<tr>\n<td width=\"68\">20-08-21<\/td>\n<td width=\"399\">Mes de la arquitectura: charla 8 comit\u00e9 de accesibilidad CA.<\/td>\n<td width=\"510\"><a href=\"https:\/\/www.youtube.com\/watch?v=YmftiHiwpPg&amp;t=34s\">https:\/\/www.youtube.com\/watch?v=YmftiHiwpPg&amp;t=34s<\/a><\/td>\n<\/tr>\n<tr>\n<td width=\"68\">27-08-21<\/td>\n<td width=\"399\">Mes de la arquitectura: charla 10 presidente CNDU, S. Baeriswyl.<\/td>\n<td width=\"510\"><a href=\"https:\/\/www.youtube.com\/watch?v=OudyUnamY8I&amp;t=30s\">https:\/\/www.youtube.com\/watch?v=OudyUnamY8I&amp;t=30s<\/a><\/td>\n<\/tr>\n<tr>\n<td width=\"68\">12-10-21<\/td>\n<td width=\"399\">Columna de opini\u00f3n Presidente DZ en Radio Magallanes.<\/td>\n<td width=\"510\"><a href=\"https:\/\/www.radiomagallanes.cl\/columna-de-opinion.php?partida=89\">https:\/\/www.radiomagallanes.cl\/columna-de-opinion.php?partida=89<\/a><\/td>\n<\/tr>\n<tr>\n<td width=\"68\">18-10-21<\/td>\n<td width=\"399\">Entrevista D\u00eda del Patrimonio Regional, Radio Polar TV.<\/td>\n<td width=\"510\"><a href=\"https:\/\/www.youtube.com\/watch?v=BUDGmfHHLuo&amp;t=7s\">https:\/\/www.youtube.com\/watch?v=BUDGmfHHLuo&amp;t=7s<\/a><\/td>\n<\/tr>\n<tr>\n<td width=\"68\">02-11-21<\/td>\n<td width=\"399\">Entrevista a presidente DZ Magallanes, Radio Soberan\u00eda TV.<\/td>\n<td width=\"510\"><a href=\"https:\/\/web.facebook.com\/watch\/live\/?ref=watch_permalink&amp;v=579507183313574\">https:\/\/web.facebook.com\/watch\/live\/?ref=watch_permalink&amp;v=579507183313574<\/a><\/td>\n<\/tr>\n<tr>\n<td width=\"68\">02-11-21<\/td>\n<td width=\"399\">Art\u00edculo Diario el Ping\u00fcino: Paseo Cultural a Cielo Abierto.<\/td>\n<td width=\"510\"><a href=\"https:\/\/elpinguino.com\/noticia\/2021\/11\/02\/paseo-cultural-a-cielo-abierto-ofrecio-festival-de-jazz-al-aire-libre\">https:\/\/elpinguino.com\/noticia\/2021\/11\/02\/paseo-cultural-a-cielo-abierto-ofrecio-festival-de-jazz-al-aire-libre<\/a><\/td>\n<\/tr>\n<tr>\n<td width=\"68\">15-11-21<\/td>\n<td width=\"399\">Columna de opini\u00f3n Presidente DZ en Radio Magallanes.<\/td>\n<td width=\"510\"><a href=\"https:\/\/www.radiomagallanes.cl\/columna-de-opinion.php?partida=84\">https:\/\/www.radiomagallanes.cl\/columna-de-opinion.php?partida=84<\/a><\/td>\n<\/tr>\n<tr>\n<td width=\"68\">28-12-21<\/td>\n<td width=\"399\">Columna de opini\u00f3n Presidente DZ en Radio Magallanes.<\/td>\n<td width=\"510\"><a href=\"https:\/\/www.radiomagallanes.cl\/columna-de-opinion.php?partida=76\">https:\/\/www.radiomagallanes.cl\/columna-de-opinion.php?partida=76<\/a><\/td>\n<\/tr>\n<tr>\n<td width=\"68\">03-02-22<\/td>\n<td width=\"399\">Columna de opini\u00f3n Presidente DZ en Radio Magallanes.<\/td>\n<td width=\"510\"><a href=\"https:\/\/www.radiomagallanes.cl\/columna-de-opinion.php?partida=70\">https:\/\/www.radiomagallanes.cl\/columna-de-opinion.php?partida=70<\/a><\/td>\n<\/tr>\n<tr>\n<td width=\"68\">02-03-22<\/td>\n<td width=\"399\">Columna de opini\u00f3n Presidente DZ en Radio Magallanes.<\/td>\n<td width=\"510\"><a href=\"https:\/\/www.radiomagallanes.cl\/columna-de-opinion.php?partida=66\">https:\/\/www.radiomagallanes.cl\/columna-de-opinion.php?partida=66<\/a><\/td>\n<\/tr>\n<tr>\n<td width=\"68\">13-04-22<\/td>\n<td width=\"399\">Columna de opini\u00f3n Presidente DZ en Radio Magallanes.<\/td>\n<td width=\"510\"><a href=\"https:\/\/www.radiomagallanes.cl\/columna-de-opinion.php?partida=60\">https:\/\/www.radiomagallanes.cl\/columna-de-opinion.php?partida=60<\/a><\/td>\n<\/tr>\n<tr>\n<td width=\"68\">24-04-22<\/td>\n<td width=\"399\">Art\u00edculo Diario el Ping\u00fcino, pag. 17 a 18. \u00abpatrimonio en peligro\u00bb.<\/td>\n<td width=\"510\"><a href=\"https:\/\/elpinguino.com\/papeldigital\/php\/services\/view.php?subfolder=\/2022\/ABRIL\/&amp;doc=24-04-2022.pdf&amp;format=pdf\">https:\/\/elpinguino.com\/papeldigital\/php\/services\/view.php?subfolder=\/2022\/ABRIL\/&amp;doc=24-04-2022.pdf&amp;format=pdf<\/a><\/td>\n<\/tr>\n<tr>\n<td width=\"68\">18-05-22<\/td>\n<td width=\"399\">Columna de opini\u00f3n Presidente DZ en Radio Magallanes.<\/td>\n<td width=\"510\"><a href=\"https:\/\/www.radiomagallanes.cl\/columna-de-opinion.php?partida=53\">https:\/\/www.radiomagallanes.cl\/columna-de-opinion.php?partida=53<\/a><\/td>\n<\/tr>\n<tr>\n<td width=\"68\">14-06-22<\/td>\n<td width=\"399\">Columna de opini\u00f3n Presidente DZ en Radio Magallanes.<\/td>\n<td width=\"510\"><a href=\"https:\/\/www.radiomagallanes.cl\/columna-de-opinion.php?partida=48\">https:\/\/www.radiomagallanes.cl\/columna-de-opinion.php?partida=48<\/a><\/td>\n<\/tr>\n<tr>\n<td width=\"68\">12-07-22<\/td>\n<td width=\"399\">Columna de opini\u00f3n Presidente DZ en Radio Magallanes.<\/td>\n<td width=\"510\"><a href=\"https:\/\/www.radiomagallanes.cl\/columna-de-opinion.php?partida=43\">https:\/\/www.radiomagallanes.cl\/columna-de-opinion.php?partida=43<\/a><\/td>\n<\/tr>\n<tr>\n<td width=\"68\">12-07-22<\/td>\n<td width=\"399\">Seminario CChC: \u00abdel viento al hidr\u00f3geno y el amon\u00edaco\u00bb.<\/td>\n<td width=\"510\"><a href=\"https:\/\/www.youtube.com\/watch?v=FzYlH5YnDL4&amp;t=2006s\">https:\/\/www.youtube.com\/watch?v=FzYlH5YnDL4&amp;t=2006s<\/a><\/td>\n<\/tr>\n<tr>\n<td width=\"68\">22-08-22<\/td>\n<td width=\"399\">Columna de opini\u00f3n Presidente DZ en Radio Magallanes.<\/td>\n<td width=\"510\"><a href=\"https:\/\/www.radiomagallanes.cl\/columna-de-opinion.php?partida=20\">https:\/\/www.radiomagallanes.cl\/columna-de-opinion.php?partida=20<\/a><\/td>\n<\/tr>\n<tr>\n<td width=\"68\">28-08-22<\/td>\n<td width=\"399\">Art\u00edculo Diario el Ping\u00fcino. \u00abActividades mes de la arquitectura\u00bb.<\/td>\n<td width=\"510\"><a href=\"https:\/\/elpinguino.com\/noticia\/2022\/08\/28\/exitosas-actividades-en-la-universidad-de-magallanes-realizo-el-colegio-de-arquitectos\">https:\/\/elpinguino.com\/noticia\/2022\/08\/28\/exitosas-actividades-en-la-universidad-de-magallanes-realizo-el-colegio-de-arquitectos<\/a><\/td>\n<\/tr>\n<tr>\n<td width=\"68\">03-10-22<\/td>\n<td width=\"399\">Columna de opini\u00f3n Presidente DZ en Radio Magallanes.<\/td>\n<td width=\"510\"><a href=\"https:\/\/www.radiomagallanes.cl\/columna-de-opinion.php?partida=23\">https:\/\/www.radiomagallanes.cl\/columna-de-opinion.php?partida=23<\/a><\/td>\n<\/tr>\n<tr>\n<td width=\"68\">18-10-22<\/td>\n<td width=\"399\">Entrevista a encargado del comit\u00e9 de patrimonio DZ, en Radio Polar TV.<\/td>\n<td width=\"510\"><a href=\"https:\/\/www.facebook.com\/radiopolar\/videos\/450184317179847\/\">https:\/\/www.facebook.com\/radiopolar\/videos\/450184317179847\/<\/a><\/td>\n<\/tr>\n<tr>\n<td width=\"68\">29-10-22<\/td>\n<td width=\"399\">Entrevista a Presidente DZ Magallanes en ITV.<\/td>\n<td width=\"510\"><a href=\"https:\/\/web.facebook.com\/watch\/live\/?ref=watch_permalink&amp;v=1515209285559138\">https:\/\/web.facebook.com\/watch\/live\/?ref=watch_permalink&amp;v=1515209285559138<\/a><\/td>\n<\/tr>\n<tr>\n<td width=\"68\">31-10-22<\/td>\n<td width=\"399\">Actividad d\u00eda del patrimonio regional: muestra \u00abHerrer\u00eda en Magallanes.<\/td>\n<td width=\"510\"><a href=\"https:\/\/drive.google.com\/drive\/folders\/1UglM8oqaKfz5Cl337xTqn3y369CjIHOv\">https:\/\/drive.google.com\/drive\/folders\/1UglM8oqaKfz5Cl337xTqn3y369CjIHOv<\/a><\/td>\n<\/tr>\n<tr>\n<td width=\"68\">17-11-22<\/td>\n<td width=\"399\">Reportaje TVN Red Austral: Recuperaci\u00f3n Murales de la Costanera.<\/td>\n<td width=\"510\"><a href=\"https:\/\/www.facebook.com\/redaustral\/videos\/574349641045612\">https:\/\/www.facebook.com\/redaustral\/videos\/574349641045612<\/a><\/td>\n<\/tr>\n<tr>\n<td width=\"68\">29-11-22<\/td>\n<td width=\"399\">Entrevista a Presidente DZ Magallanes en Radio Polar TV.<\/td>\n<td width=\"510\"><a href=\"https:\/\/web.facebook.com\/radiopolar\/videos\/694727262369834\">https:\/\/web.facebook.com\/radiopolar\/videos\/694727262369834<\/a><\/td>\n<\/tr>\n<\/tbody>\n<\/table>\n<p>&nbsp;<\/p>\n<div id=\"attachment_29730\" style=\"width: 3722px\" class=\"wp-caption aligncenter\"><img loading=\"lazy\" decoding=\"async\" aria-describedby=\"caption-attachment-29730\" class=\"size-full wp-image-29730\" src=\"https:\/\/colegioarquitectos.com\/noticias\/wp-content\/uploads\/2023\/01\/Imagen3.jpg\" alt=\"\" width=\"3712\" height=\"2475\" srcset=\"https:\/\/colegioarquitectos.com\/noticias\/wp-content\/uploads\/2023\/01\/Imagen3.jpg 3712w, https:\/\/colegioarquitectos.com\/noticias\/wp-content\/uploads\/2023\/01\/Imagen3-300x200.jpg 300w, https:\/\/colegioarquitectos.com\/noticias\/wp-content\/uploads\/2023\/01\/Imagen3-768x512.jpg 768w, https:\/\/colegioarquitectos.com\/noticias\/wp-content\/uploads\/2023\/01\/Imagen3-1024x683.jpg 1024w\" sizes=\"auto, (max-width: 3712px) 100vw, 3712px\" \/><p id=\"caption-attachment-29730\" class=\"wp-caption-text\">Cena d\u00eda del Arquitecto 2021.<\/p><\/div>\n<p>&nbsp;<\/p>\n<div id=\"attachment_29731\" style=\"width: 3908px\" class=\"wp-caption aligncenter\"><img loading=\"lazy\" decoding=\"async\" aria-describedby=\"caption-attachment-29731\" class=\"size-full wp-image-29731\" src=\"https:\/\/colegioarquitectos.com\/noticias\/wp-content\/uploads\/2023\/01\/Imagen4.jpg\" alt=\"\" width=\"3898\" height=\"2475\" srcset=\"https:\/\/colegioarquitectos.com\/noticias\/wp-content\/uploads\/2023\/01\/Imagen4.jpg 3898w, https:\/\/colegioarquitectos.com\/noticias\/wp-content\/uploads\/2023\/01\/Imagen4-300x190.jpg 300w, https:\/\/colegioarquitectos.com\/noticias\/wp-content\/uploads\/2023\/01\/Imagen4-768x488.jpg 768w, https:\/\/colegioarquitectos.com\/noticias\/wp-content\/uploads\/2023\/01\/Imagen4-1024x650.jpg 1024w\" sizes=\"auto, (max-width: 3898px) 100vw, 3898px\" \/><p id=\"caption-attachment-29731\" class=\"wp-caption-text\">Ceremonia de recepci\u00f3n de nuevos colegiados DZ Magallanes 2022.<\/p><\/div>\n<p>&nbsp;<\/p>\n<div id=\"attachment_29732\" style=\"width: 6730px\" class=\"wp-caption aligncenter\"><img loading=\"lazy\" decoding=\"async\" aria-describedby=\"caption-attachment-29732\" class=\"size-full wp-image-29732\" src=\"https:\/\/colegioarquitectos.com\/noticias\/wp-content\/uploads\/2023\/01\/Imagen6.jpg\" alt=\"\" width=\"6720\" height=\"4480\" srcset=\"https:\/\/colegioarquitectos.com\/noticias\/wp-content\/uploads\/2023\/01\/Imagen6.jpg 6720w, https:\/\/colegioarquitectos.com\/noticias\/wp-content\/uploads\/2023\/01\/Imagen6-300x200.jpg 300w, https:\/\/colegioarquitectos.com\/noticias\/wp-content\/uploads\/2023\/01\/Imagen6-768x512.jpg 768w, https:\/\/colegioarquitectos.com\/noticias\/wp-content\/uploads\/2023\/01\/Imagen6-1024x683.jpg 1024w\" sizes=\"auto, (max-width: 6720px) 100vw, 6720px\" \/><p id=\"caption-attachment-29732\" class=\"wp-caption-text\">Actividades del D\u00eda del Patrimonio Regional: \u201cHerrer\u00eda en Magallanes\u201d<\/p><\/div>\n<p>&nbsp;<\/p>\n<div id=\"attachment_29733\" style=\"width: 1034px\" class=\"wp-caption aligncenter\"><img loading=\"lazy\" decoding=\"async\" aria-describedby=\"caption-attachment-29733\" class=\"size-full wp-image-29733\" src=\"https:\/\/colegioarquitectos.com\/noticias\/wp-content\/uploads\/2023\/01\/Imagen7.jpeg\" alt=\"\" width=\"1024\" height=\"768\" srcset=\"https:\/\/colegioarquitectos.com\/noticias\/wp-content\/uploads\/2023\/01\/Imagen7.jpeg 1024w, https:\/\/colegioarquitectos.com\/noticias\/wp-content\/uploads\/2023\/01\/Imagen7-300x225.jpeg 300w, https:\/\/colegioarquitectos.com\/noticias\/wp-content\/uploads\/2023\/01\/Imagen7-768x576.jpeg 768w\" sizes=\"auto, (max-width: 1024px) 100vw, 1024px\" \/><p id=\"caption-attachment-29733\" class=\"wp-caption-text\">Asamblea DZ Magallanes y Asociaci\u00f3n de Arquitectos y Arquitectas de Magallanes.<\/p><\/div>\n<p>&nbsp;<\/p>\n<div id=\"attachment_29734\" style=\"width: 1244px\" class=\"wp-caption aligncenter\"><img loading=\"lazy\" decoding=\"async\" aria-describedby=\"caption-attachment-29734\" class=\"size-full wp-image-29734\" src=\"https:\/\/colegioarquitectos.com\/noticias\/wp-content\/uploads\/2023\/01\/Imagen1.jpg\" alt=\"\" width=\"1234\" height=\"720\" srcset=\"https:\/\/colegioarquitectos.com\/noticias\/wp-content\/uploads\/2023\/01\/Imagen1.jpg 1234w, https:\/\/colegioarquitectos.com\/noticias\/wp-content\/uploads\/2023\/01\/Imagen1-300x175.jpg 300w, https:\/\/colegioarquitectos.com\/noticias\/wp-content\/uploads\/2023\/01\/Imagen1-768x448.jpg 768w, https:\/\/colegioarquitectos.com\/noticias\/wp-content\/uploads\/2023\/01\/Imagen1-1024x597.jpg 1024w\" sizes=\"auto, (max-width: 1234px) 100vw, 1234px\" \/><p id=\"caption-attachment-29734\" class=\"wp-caption-text\">Actividades virtuales del Mes de la Arquitectura en Magallanes 2021.<\/p><\/div>\n<p>&nbsp;<\/p>\n<div id=\"attachment_29735\" style=\"width: 3893px\" class=\"wp-caption aligncenter\"><img loading=\"lazy\" decoding=\"async\" aria-describedby=\"caption-attachment-29735\" class=\"size-full wp-image-29735\" src=\"https:\/\/colegioarquitectos.com\/noticias\/wp-content\/uploads\/2023\/01\/Imagen2.jpg\" alt=\"\" width=\"3883\" height=\"2475\" srcset=\"https:\/\/colegioarquitectos.com\/noticias\/wp-content\/uploads\/2023\/01\/Imagen2.jpg 3883w, https:\/\/colegioarquitectos.com\/noticias\/wp-content\/uploads\/2023\/01\/Imagen2-300x191.jpg 300w, https:\/\/colegioarquitectos.com\/noticias\/wp-content\/uploads\/2023\/01\/Imagen2-768x490.jpg 768w, https:\/\/colegioarquitectos.com\/noticias\/wp-content\/uploads\/2023\/01\/Imagen2-1024x653.jpg 1024w\" sizes=\"auto, (max-width: 3883px) 100vw, 3883px\" \/><p id=\"caption-attachment-29735\" class=\"wp-caption-text\">Semana de la Arquitectura en Magallanes 2021.<\/p><\/div>\n<p>&nbsp;<\/p>\n<div id=\"attachment_29736\" style=\"width: 4138px\" class=\"wp-caption aligncenter\"><img loading=\"lazy\" decoding=\"async\" aria-describedby=\"caption-attachment-29736\" class=\"size-full wp-image-29736\" src=\"https:\/\/colegioarquitectos.com\/noticias\/wp-content\/uploads\/2023\/01\/Imagen5-1-1.jpg\" alt=\"\" width=\"4128\" height=\"3096\" srcset=\"https:\/\/colegioarquitectos.com\/noticias\/wp-content\/uploads\/2023\/01\/Imagen5-1-1.jpg 4128w, https:\/\/colegioarquitectos.com\/noticias\/wp-content\/uploads\/2023\/01\/Imagen5-1-1-300x225.jpg 300w, https:\/\/colegioarquitectos.com\/noticias\/wp-content\/uploads\/2023\/01\/Imagen5-1-1-768x576.jpg 768w, https:\/\/colegioarquitectos.com\/noticias\/wp-content\/uploads\/2023\/01\/Imagen5-1-1-1024x768.jpg 1024w\" sizes=\"auto, (max-width: 4128px) 100vw, 4128px\" \/><p id=\"caption-attachment-29736\" class=\"wp-caption-text\">Reuni\u00f3n directiva DZ Magallanes con el Nuevo Rector de la Universidad de Magallanes. De izquierda a derecha, Past President Jos\u00e9 Luis Subiabre, Secretaria DZ Luz Helena Guzm\u00e1n, Rector Jos\u00e9 Maripani, Presidente DZ C\u00e9sar Alvial, Vicerrectora de vinculaci\u00f3n con el medio Melissa Flores, Vicepresidente DZ Manuel Plaza y Director del Departamento de Arquitectura UMAG arquitecto Daniel Matus.<\/p><\/div>\n<p>&nbsp;<\/p>\n<p><\/p>","protected":false},"excerpt":{"rendered":"<p>Con una Delegaci\u00f3n plenamente activa, tanto en el \u00e1mbito gremial como en el quehacer regional, la directiva de la DZ Magallanes 2021 \u2013 2022 efectu\u00f3 un recuento de las actividades, ad \u2013 portas del recambio y conformaci\u00f3n de la nueva &hellip; <a class=\"more-link\" href=\"https:\/\/colegioarquitectos.com\/noticias\/?p=29728\">ver m\u00e1s<\/a><\/p>","protected":false},"author":4,"featured_media":29729,"comment_status":"closed","ping_status":"closed","sticky":false,"template":"","format":"standard","meta":{"footnotes":""},"categories":[10],"tags":[],"class_list":["post-29728","post","type-post","status-publish","format-standard","has-post-thumbnail","hentry","category-delegaciones-zonales"],"yoast_head":"<!-- This site is optimized with the Yoast SEO plugin v24.2 - https:\/\/yoast.com\/wordpress\/plugins\/seo\/ -->\n<title>Directiva 2021 \u2013 2022 de la Delegaci\u00f3n Zonal Magallanes efect\u00faa recuento de actividades y proyecciones - COLEGIO DE ARQUITECTOS DE CHILE<\/title>\n<meta name=\"robots\" content=\"index, follow, max-snippet:-1, max-image-preview:large, max-video-preview:-1\" \/>\n<link rel=\"canonical\" href=\"https:\/\/colegioarquitectos.com\/noticias\/?p=29728\" \/>\n<meta property=\"og:locale\" content=\"es_ES\" \/>\n<meta property=\"og:type\" content=\"article\" \/>\n<meta property=\"og:title\" content=\"Directiva 2021 \u2013 2022 de la Delegaci\u00f3n Zonal Magallanes efect\u00faa recuento de actividades y proyecciones - COLEGIO DE ARQUITECTOS DE CHILE\" \/>\n<meta property=\"og:description\" content=\"Con una Delegaci\u00f3n plenamente activa, tanto en el \u00e1mbito gremial como en el quehacer regional, la directiva de la DZ Magallanes 2021 \u2013 2022 efectu\u00f3 un recuento de las actividades, ad \u2013 portas del recambio y conformaci\u00f3n de la nueva &hellip; ver m\u00e1s\" \/>\n<meta property=\"og:url\" content=\"https:\/\/colegioarquitectos.com\/noticias\/?p=29728\" \/>\n<meta property=\"og:site_name\" content=\"COLEGIO DE ARQUITECTOS DE CHILE\" \/>\n<meta property=\"article:publisher\" content=\"https:\/\/facebook.com\/Colegioarq\/\" \/>\n<meta property=\"article:published_time\" content=\"2023-01-19T16:02:01+00:00\" \/>\n<meta property=\"og:image\" content=\"https:\/\/colegioarquitectos.com\/noticias\/wp-content\/uploads\/2023\/01\/ENCABEZADO-DZ-MAGALLANES.jpg\" \/>\n\t<meta property=\"og:image:width\" content=\"1280\" \/>\n\t<meta property=\"og:image:height\" content=\"720\" \/>\n\t<meta property=\"og:image:type\" content=\"image\/jpeg\" \/>\n<meta name=\"author\" content=\"Colegio de Arquitectos de Chile\" \/>\n<meta name=\"twitter:card\" content=\"summary_large_image\" \/>\n<meta name=\"twitter:creator\" content=\"@colegioarq\" \/>\n<meta name=\"twitter:site\" content=\"@colegioarq\" \/>\n<meta name=\"twitter:label1\" content=\"Escrito por\" \/>\n\t<meta name=\"twitter:data1\" content=\"Colegio de Arquitectos de Chile\" \/>\n\t<meta name=\"twitter:label2\" content=\"Tiempo de lectura\" \/>\n\t<meta name=\"twitter:data2\" content=\"10 minutos\" \/>\n<script type=\"application\/ld+json\" class=\"yoast-schema-graph\">{\"@context\":\"https:\/\/schema.org\",\"@graph\":[{\"@type\":\"Article\",\"@id\":\"https:\/\/colegioarquitectos.com\/noticias\/?p=29728#article\",\"isPartOf\":{\"@id\":\"https:\/\/colegioarquitectos.com\/noticias\/?p=29728\"},\"author\":{\"name\":\"Colegio de Arquitectos de Chile\",\"@id\":\"https:\/\/colegioarquitectos.com\/noticias\/#\/schema\/person\/685cc0aad148303c5608f049af8285ad\"},\"headline\":\"Directiva 2021 \u2013 2022 de la Delegaci\u00f3n Zonal Magallanes efect\u00faa recuento de actividades y proyecciones\",\"datePublished\":\"2023-01-19T16:02:01+00:00\",\"dateModified\":\"2023-01-19T16:02:01+00:00\",\"mainEntityOfPage\":{\"@id\":\"https:\/\/colegioarquitectos.com\/noticias\/?p=29728\"},\"wordCount\":2106,\"publisher\":{\"@id\":\"https:\/\/colegioarquitectos.com\/noticias\/#organization\"},\"image\":{\"@id\":\"https:\/\/colegioarquitectos.com\/noticias\/?p=29728#primaryimage\"},\"thumbnailUrl\":\"https:\/\/colegioarquitectos.com\/noticias\/wp-content\/uploads\/2023\/01\/ENCABEZADO-DZ-MAGALLANES.jpg\",\"articleSection\":[\"Delegaciones\"],\"inLanguage\":\"es\"},{\"@type\":\"WebPage\",\"@id\":\"https:\/\/colegioarquitectos.com\/noticias\/?p=29728\",\"url\":\"https:\/\/colegioarquitectos.com\/noticias\/?p=29728\",\"name\":\"Directiva 2021 \u2013 2022 de la Delegaci\u00f3n Zonal Magallanes efect\u00faa recuento de actividades y proyecciones - COLEGIO DE ARQUITECTOS DE CHILE\",\"isPartOf\":{\"@id\":\"https:\/\/colegioarquitectos.com\/noticias\/#website\"},\"primaryImageOfPage\":{\"@id\":\"https:\/\/colegioarquitectos.com\/noticias\/?p=29728#primaryimage\"},\"image\":{\"@id\":\"https:\/\/colegioarquitectos.com\/noticias\/?p=29728#primaryimage\"},\"thumbnailUrl\":\"https:\/\/colegioarquitectos.com\/noticias\/wp-content\/uploads\/2023\/01\/ENCABEZADO-DZ-MAGALLANES.jpg\",\"datePublished\":\"2023-01-19T16:02:01+00:00\",\"dateModified\":\"2023-01-19T16:02:01+00:00\",\"breadcrumb\":{\"@id\":\"https:\/\/colegioarquitectos.com\/noticias\/?p=29728#breadcrumb\"},\"inLanguage\":\"es\",\"potentialAction\":[{\"@type\":\"ReadAction\",\"target\":[\"https:\/\/colegioarquitectos.com\/noticias\/?p=29728\"]}]},{\"@type\":\"ImageObject\",\"inLanguage\":\"es\",\"@id\":\"https:\/\/colegioarquitectos.com\/noticias\/?p=29728#primaryimage\",\"url\":\"https:\/\/colegioarquitectos.com\/noticias\/wp-content\/uploads\/2023\/01\/ENCABEZADO-DZ-MAGALLANES.jpg\",\"contentUrl\":\"https:\/\/colegioarquitectos.com\/noticias\/wp-content\/uploads\/2023\/01\/ENCABEZADO-DZ-MAGALLANES.jpg\",\"width\":1280,\"height\":720},{\"@type\":\"BreadcrumbList\",\"@id\":\"https:\/\/colegioarquitectos.com\/noticias\/?p=29728#breadcrumb\",\"itemListElement\":[{\"@type\":\"ListItem\",\"position\":1,\"name\":\"Portada\",\"item\":\"https:\/\/colegioarquitectos.com\/noticias\"},{\"@type\":\"ListItem\",\"position\":2,\"name\":\"Directiva 2021 \u2013 2022 de la Delegaci\u00f3n Zonal Magallanes efect\u00faa recuento de actividades y proyecciones\"}]},{\"@type\":\"WebSite\",\"@id\":\"https:\/\/colegioarquitectos.com\/noticias\/#website\",\"url\":\"https:\/\/colegioarquitectos.com\/noticias\/\",\"name\":\"COLEGIO DE ARQUITECTOS DE CHILE\",\"description\":\"\",\"publisher\":{\"@id\":\"https:\/\/colegioarquitectos.com\/noticias\/#organization\"},\"potentialAction\":[{\"@type\":\"SearchAction\",\"target\":{\"@type\":\"EntryPoint\",\"urlTemplate\":\"https:\/\/colegioarquitectos.com\/noticias\/?s={search_term_string}\"},\"query-input\":{\"@type\":\"PropertyValueSpecification\",\"valueRequired\":true,\"valueName\":\"search_term_string\"}}],\"inLanguage\":\"es\"},{\"@type\":\"Organization\",\"@id\":\"https:\/\/colegioarquitectos.com\/noticias\/#organization\",\"name\":\"COLEGIO DE ARQUITECTOS DE CHILE\",\"url\":\"https:\/\/colegioarquitectos.com\/noticias\/\",\"logo\":{\"@type\":\"ImageObject\",\"inLanguage\":\"es\",\"@id\":\"https:\/\/colegioarquitectos.com\/noticias\/#\/schema\/logo\/image\/\",\"url\":\"https:\/\/colegioarquitectos.com\/noticias\/wp-content\/uploads\/2021\/05\/ENCABEZADO-LOGO-CA.jpg\",\"contentUrl\":\"https:\/\/colegioarquitectos.com\/noticias\/wp-content\/uploads\/2021\/05\/ENCABEZADO-LOGO-CA.jpg\",\"width\":690,\"height\":350,\"caption\":\"COLEGIO DE ARQUITECTOS DE CHILE\"},\"image\":{\"@id\":\"https:\/\/colegioarquitectos.com\/noticias\/#\/schema\/logo\/image\/\"},\"sameAs\":[\"https:\/\/facebook.com\/Colegioarq\/\",\"https:\/\/x.com\/colegioarq\",\"https:\/\/instagram.com\/colegioarq\",\"https:\/\/youtube.com\/@ColegiodeArquitectosdeChile\"]},{\"@type\":\"Person\",\"@id\":\"https:\/\/colegioarquitectos.com\/noticias\/#\/schema\/person\/685cc0aad148303c5608f049af8285ad\",\"name\":\"Colegio de Arquitectos de Chile\",\"url\":\"https:\/\/colegioarquitectos.com\/noticias\/?author=4\"}]}<\/script>\n<!-- \/ Yoast SEO plugin. -->","yoast_head_json":{"title":"Directiva 2021 \u2013 2022 de la Delegaci\u00f3n Zonal Magallanes efect\u00faa recuento de actividades y proyecciones - COLEGIO DE ARQUITECTOS DE CHILE","robots":{"index":"index","follow":"follow","max-snippet":"max-snippet:-1","max-image-preview":"max-image-preview:large","max-video-preview":"max-video-preview:-1"},"canonical":"https:\/\/colegioarquitectos.com\/noticias\/?p=29728","og_locale":"es_ES","og_type":"article","og_title":"Directiva 2021 \u2013 2022 de la Delegaci\u00f3n Zonal Magallanes efect\u00faa recuento de actividades y proyecciones - COLEGIO DE ARQUITECTOS DE CHILE","og_description":"Con una Delegaci\u00f3n plenamente activa, tanto en el \u00e1mbito gremial como en el quehacer regional, la directiva de la DZ Magallanes 2021 \u2013 2022 efectu\u00f3 un recuento de las actividades, ad \u2013 portas del recambio y conformaci\u00f3n de la nueva &hellip; ver m\u00e1s","og_url":"https:\/\/colegioarquitectos.com\/noticias\/?p=29728","og_site_name":"COLEGIO DE ARQUITECTOS DE CHILE","article_publisher":"https:\/\/facebook.com\/Colegioarq\/","article_published_time":"2023-01-19T16:02:01+00:00","og_image":[{"width":1280,"height":720,"url":"https:\/\/colegioarquitectos.com\/noticias\/wp-content\/uploads\/2023\/01\/ENCABEZADO-DZ-MAGALLANES.jpg","type":"image\/jpeg"}],"author":"Colegio de Arquitectos de Chile","twitter_card":"summary_large_image","twitter_creator":"@colegioarq","twitter_site":"@colegioarq","twitter_misc":{"Escrito por":"Colegio de Arquitectos de Chile","Tiempo de lectura":"10 minutos"},"schema":{"@context":"https:\/\/schema.org","@graph":[{"@type":"Article","@id":"https:\/\/colegioarquitectos.com\/noticias\/?p=29728#article","isPartOf":{"@id":"https:\/\/colegioarquitectos.com\/noticias\/?p=29728"},"author":{"name":"Colegio de Arquitectos de Chile","@id":"https:\/\/colegioarquitectos.com\/noticias\/#\/schema\/person\/685cc0aad148303c5608f049af8285ad"},"headline":"Directiva 2021 \u2013 2022 de la Delegaci\u00f3n Zonal Magallanes efect\u00faa recuento de actividades y proyecciones","datePublished":"2023-01-19T16:02:01+00:00","dateModified":"2023-01-19T16:02:01+00:00","mainEntityOfPage":{"@id":"https:\/\/colegioarquitectos.com\/noticias\/?p=29728"},"wordCount":2106,"publisher":{"@id":"https:\/\/colegioarquitectos.com\/noticias\/#organization"},"image":{"@id":"https:\/\/colegioarquitectos.com\/noticias\/?p=29728#primaryimage"},"thumbnailUrl":"https:\/\/colegioarquitectos.com\/noticias\/wp-content\/uploads\/2023\/01\/ENCABEZADO-DZ-MAGALLANES.jpg","articleSection":["Delegaciones"],"inLanguage":"es"},{"@type":"WebPage","@id":"https:\/\/colegioarquitectos.com\/noticias\/?p=29728","url":"https:\/\/colegioarquitectos.com\/noticias\/?p=29728","name":"Directiva 2021 \u2013 2022 de la Delegaci\u00f3n Zonal Magallanes efect\u00faa recuento de actividades y proyecciones - COLEGIO DE ARQUITECTOS DE CHILE","isPartOf":{"@id":"https:\/\/colegioarquitectos.com\/noticias\/#website"},"primaryImageOfPage":{"@id":"https:\/\/colegioarquitectos.com\/noticias\/?p=29728#primaryimage"},"image":{"@id":"https:\/\/colegioarquitectos.com\/noticias\/?p=29728#primaryimage"},"thumbnailUrl":"https:\/\/colegioarquitectos.com\/noticias\/wp-content\/uploads\/2023\/01\/ENCABEZADO-DZ-MAGALLANES.jpg","datePublished":"2023-01-19T16:02:01+00:00","dateModified":"2023-01-19T16:02:01+00:00","breadcrumb":{"@id":"https:\/\/colegioarquitectos.com\/noticias\/?p=29728#breadcrumb"},"inLanguage":"es","potentialAction":[{"@type":"ReadAction","target":["https:\/\/colegioarquitectos.com\/noticias\/?p=29728"]}]},{"@type":"ImageObject","inLanguage":"es","@id":"https:\/\/colegioarquitectos.com\/noticias\/?p=29728#primaryimage","url":"https:\/\/colegioarquitectos.com\/noticias\/wp-content\/uploads\/2023\/01\/ENCABEZADO-DZ-MAGALLANES.jpg","contentUrl":"https:\/\/colegioarquitectos.com\/noticias\/wp-content\/uploads\/2023\/01\/ENCABEZADO-DZ-MAGALLANES.jpg","width":1280,"height":720},{"@type":"BreadcrumbList","@id":"https:\/\/colegioarquitectos.com\/noticias\/?p=29728#breadcrumb","itemListElement":[{"@type":"ListItem","position":1,"name":"Portada","item":"https:\/\/colegioarquitectos.com\/noticias"},{"@type":"ListItem","position":2,"name":"Directiva 2021 \u2013 2022 de la Delegaci\u00f3n Zonal Magallanes efect\u00faa recuento de actividades y proyecciones"}]},{"@type":"WebSite","@id":"https:\/\/colegioarquitectos.com\/noticias\/#website","url":"https:\/\/colegioarquitectos.com\/noticias\/","name":"COLEGIO DE ARQUITECTOS DE CHILE","description":"","publisher":{"@id":"https:\/\/colegioarquitectos.com\/noticias\/#organization"},"potentialAction":[{"@type":"SearchAction","target":{"@type":"EntryPoint","urlTemplate":"https:\/\/colegioarquitectos.com\/noticias\/?s={search_term_string}"},"query-input":{"@type":"PropertyValueSpecification","valueRequired":true,"valueName":"search_term_string"}}],"inLanguage":"es"},{"@type":"Organization","@id":"https:\/\/colegioarquitectos.com\/noticias\/#organization","name":"COLEGIO DE ARQUITECTOS DE CHILE","url":"https:\/\/colegioarquitectos.com\/noticias\/","logo":{"@type":"ImageObject","inLanguage":"es","@id":"https:\/\/colegioarquitectos.com\/noticias\/#\/schema\/logo\/image\/","url":"https:\/\/colegioarquitectos.com\/noticias\/wp-content\/uploads\/2021\/05\/ENCABEZADO-LOGO-CA.jpg","contentUrl":"https:\/\/colegioarquitectos.com\/noticias\/wp-content\/uploads\/2021\/05\/ENCABEZADO-LOGO-CA.jpg","width":690,"height":350,"caption":"COLEGIO DE ARQUITECTOS DE CHILE"},"image":{"@id":"https:\/\/colegioarquitectos.com\/noticias\/#\/schema\/logo\/image\/"},"sameAs":["https:\/\/facebook.com\/Colegioarq\/","https:\/\/x.com\/colegioarq","https:\/\/instagram.com\/colegioarq","https:\/\/youtube.com\/@ColegiodeArquitectosdeChile"]},{"@type":"Person","@id":"https:\/\/colegioarquitectos.com\/noticias\/#\/schema\/person\/685cc0aad148303c5608f049af8285ad","name":"Colegio de Arquitectos de Chile","url":"https:\/\/colegioarquitectos.com\/noticias\/?author=4"}]}},"_links":{"self":[{"href":"https:\/\/colegioarquitectos.com\/noticias\/index.php?rest_route=\/wp\/v2\/posts\/29728","targetHints":{"allow":["GET"]}}],"collection":[{"href":"https:\/\/colegioarquitectos.com\/noticias\/index.php?rest_route=\/wp\/v2\/posts"}],"about":[{"href":"https:\/\/colegioarquitectos.com\/noticias\/index.php?rest_route=\/wp\/v2\/types\/post"}],"author":[{"embeddable":true,"href":"https:\/\/colegioarquitectos.com\/noticias\/index.php?rest_route=\/wp\/v2\/users\/4"}],"replies":[{"embeddable":true,"href":"https:\/\/colegioarquitectos.com\/noticias\/index.php?rest_route=%2Fwp%2Fv2%2Fcomments&post=29728"}],"version-history":[{"count":0,"href":"https:\/\/colegioarquitectos.com\/noticias\/index.php?rest_route=\/wp\/v2\/posts\/29728\/revisions"}],"wp:featuredmedia":[{"embeddable":true,"href":"https:\/\/colegioarquitectos.com\/noticias\/index.php?rest_route=\/wp\/v2\/media\/29729"}],"wp:attachment":[{"href":"https:\/\/colegioarquitectos.com\/noticias\/index.php?rest_route=%2Fwp%2Fv2%2Fmedia&parent=29728"}],"wp:term":[{"taxonomy":"category","embeddable":true,"href":"https:\/\/colegioarquitectos.com\/noticias\/index.php?rest_route=%2Fwp%2Fv2%2Fcategories&post=29728"},{"taxonomy":"post_tag","embeddable":true,"href":"https:\/\/colegioarquitectos.com\/noticias\/index.php?rest_route=%2Fwp%2Fv2%2Ftags&post=29728"}],"curies":[{"name":"wp","href":"https:\/\/api.w.org\/{rel}","templated":true}]}}