
{"id":29792,"date":"2023-01-27T09:41:37","date_gmt":"2023-01-27T13:41:37","guid":{"rendered":"https:\/\/colegioarquitectos.com\/?p=29792"},"modified":"2023-02-04T12:33:36","modified_gmt":"2023-02-04T16:33:36","slug":"revisa-la-primera-entrevista-de-la-presidenta-beatriz-buccicardi-en-santiago-adicto-de-radio-duna","status":"publish","type":"post","link":"https:\/\/colegioarquitectos.com\/noticias\/?p=29792","title":{"rendered":"Beatriz Buccicardi: \u00abHoy, los arquitectos somos parte de la soluci\u00f3n de lo que necesita el pa\u00eds\u00bb"},"content":{"rendered":"<p>\u00abHe trabajado mucho tiempo en el Colegio\u00bb, se\u00f1al\u00f3 <strong>Beatriz Buccicardi<\/strong>, presidenta nacional del <strong>Colegio de Arquitectos de Chile<\/strong>, en una entrevista realizada en el programa <strong>Santiago Adicto<\/strong> de <strong>radio Duna<\/strong>, recientemente, el <strong>26 de enero<\/strong>.<\/p>\n<p>\u00abEl a\u00f1o pasado me dije que era tiempo de entregar todo lo que he recibido. <strong>Tengo energ\u00eda y ganas de hacer cosas<\/strong>\u00bb, coment\u00f3.<\/p>\n<p>\u00abHoy, <strong>los arquitectos y arquitectas somos parte de la soluci\u00f3n de lo que necesita el pa\u00eds en el espacio p\u00fablico, la planificaci\u00f3n, las ciudades y la vivienda<\/strong>\u00bb, indic\u00f3.<\/p>\n<p>En el programa radial, conducido por <strong>Rodrigo Guendelman<\/strong>, la presidenta nacional abord\u00f3 pasajes de su biograf\u00eda y los desaf\u00edos que tendr\u00e1 liderando el colegio. <strong>Buccicardi se convirti\u00f3 en la quinta mujer en liderar a los arquitectos y arquitectas de Chile<\/strong>.<\/p>\n<p>A continuaci\u00f3n, la entrevista completa a la presidenta nacional Beatriz Buccicardi, en Radio Duna.<\/p>\n<p>&nbsp;<\/p>\n<p><iframe loading=\"lazy\" src=\"\/\/rudo.video\/podcast\/cz29TqGbNBF\" width=\"100%\" height=\"320\" frameborder=\"0\"><\/iframe><\/p>\n<p>&nbsp;<\/p>\n<p><\/p>","protected":false},"excerpt":{"rendered":"<p>\u00abHe trabajado mucho tiempo en el Colegio\u00bb, se\u00f1al\u00f3 Beatriz Buccicardi, presidenta nacional del Colegio de Arquitectos de Chile, en una entrevista realizada en el programa Santiago Adicto de radio Duna, recientemente, el 26 de enero. \u00abEl a\u00f1o pasado me dije &hellip; <a class=\"more-link\" href=\"https:\/\/colegioarquitectos.com\/noticias\/?p=29792\">ver m\u00e1s<\/a><\/p>","protected":false},"author":4,"featured_media":29815,"comment_status":"closed","ping_status":"closed","sticky":false,"template":"","format":"standard","meta":{"footnotes":""},"categories":[8,81],"tags":[],"class_list":["post-29792","post","type-post","status-publish","format-standard","has-post-thumbnail","hentry","category-colegio-de-arquitectos","category-sala-de-prensa"],"yoast_head":"<!-- This site is optimized with the Yoast SEO plugin v24.2 - https:\/\/yoast.com\/wordpress\/plugins\/seo\/ -->\n<title>Beatriz Buccicardi: \u00abHoy, los arquitectos somos parte de la soluci\u00f3n de lo que necesita el pa\u00eds\u00bb - COLEGIO DE ARQUITECTOS DE CHILE<\/title>\n<meta name=\"robots\" content=\"index, follow, max-snippet:-1, max-image-preview:large, max-video-preview:-1\" \/>\n<link rel=\"canonical\" href=\"https:\/\/colegioarquitectos.com\/noticias\/?p=29792\" \/>\n<meta property=\"og:locale\" content=\"es_ES\" \/>\n<meta property=\"og:type\" content=\"article\" \/>\n<meta property=\"og:title\" content=\"Beatriz Buccicardi: \u00abHoy, los arquitectos somos parte de la soluci\u00f3n de lo que necesita el pa\u00eds\u00bb - COLEGIO DE ARQUITECTOS DE CHILE\" \/>\n<meta property=\"og:description\" content=\"\u00abHe trabajado mucho tiempo en el Colegio\u00bb, se\u00f1al\u00f3 Beatriz Buccicardi, presidenta nacional del Colegio de Arquitectos de Chile, en una entrevista realizada en el programa Santiago Adicto de radio Duna, recientemente, el 26 de enero. \u00abEl a\u00f1o pasado me dije &hellip; ver m\u00e1s\" \/>\n<meta property=\"og:url\" content=\"https:\/\/colegioarquitectos.com\/noticias\/?p=29792\" \/>\n<meta property=\"og:site_name\" content=\"COLEGIO DE ARQUITECTOS DE CHILE\" \/>\n<meta property=\"article:publisher\" content=\"https:\/\/facebook.com\/Colegioarq\/\" \/>\n<meta property=\"article:published_time\" content=\"2023-01-27T13:41:37+00:00\" \/>\n<meta property=\"article:modified_time\" content=\"2023-02-04T16:33:36+00:00\" \/>\n<meta property=\"og:image\" content=\"https:\/\/colegioarquitectos.com\/noticias\/wp-content\/uploads\/2023\/01\/Proyecto-nuevo.jpg\" \/>\n\t<meta property=\"og:image:width\" content=\"1280\" \/>\n\t<meta property=\"og:image:height\" content=\"720\" \/>\n\t<meta property=\"og:image:type\" content=\"image\/jpeg\" \/>\n<meta name=\"author\" content=\"Colegio de Arquitectos de Chile\" \/>\n<meta name=\"twitter:card\" content=\"summary_large_image\" \/>\n<meta name=\"twitter:creator\" content=\"@colegioarq\" \/>\n<meta name=\"twitter:site\" content=\"@colegioarq\" \/>\n<meta name=\"twitter:label1\" content=\"Escrito por\" \/>\n\t<meta name=\"twitter:data1\" content=\"Colegio de Arquitectos de Chile\" \/>\n\t<meta name=\"twitter:label2\" content=\"Tiempo de lectura\" \/>\n\t<meta name=\"twitter:data2\" content=\"1 minuto\" \/>\n<script type=\"application\/ld+json\" class=\"yoast-schema-graph\">{\"@context\":\"https:\/\/schema.org\",\"@graph\":[{\"@type\":\"Article\",\"@id\":\"https:\/\/colegioarquitectos.com\/noticias\/?p=29792#article\",\"isPartOf\":{\"@id\":\"https:\/\/colegioarquitectos.com\/noticias\/?p=29792\"},\"author\":{\"name\":\"Colegio de Arquitectos de Chile\",\"@id\":\"https:\/\/colegioarquitectos.com\/noticias\/#\/schema\/person\/685cc0aad148303c5608f049af8285ad\"},\"headline\":\"Beatriz Buccicardi: \u00abHoy, los arquitectos somos parte de la soluci\u00f3n de lo que necesita el pa\u00eds\u00bb\",\"datePublished\":\"2023-01-27T13:41:37+00:00\",\"dateModified\":\"2023-02-04T16:33:36+00:00\",\"mainEntityOfPage\":{\"@id\":\"https:\/\/colegioarquitectos.com\/noticias\/?p=29792\"},\"wordCount\":169,\"publisher\":{\"@id\":\"https:\/\/colegioarquitectos.com\/noticias\/#organization\"},\"image\":{\"@id\":\"https:\/\/colegioarquitectos.com\/noticias\/?p=29792#primaryimage\"},\"thumbnailUrl\":\"https:\/\/colegioarquitectos.com\/noticias\/wp-content\/uploads\/2023\/01\/Proyecto-nuevo.jpg\",\"articleSection\":[\"Colegio\",\"Sala de Prensa\"],\"inLanguage\":\"es\"},{\"@type\":\"WebPage\",\"@id\":\"https:\/\/colegioarquitectos.com\/noticias\/?p=29792\",\"url\":\"https:\/\/colegioarquitectos.com\/noticias\/?p=29792\",\"name\":\"Beatriz Buccicardi: \u00abHoy, los arquitectos somos parte de la soluci\u00f3n de lo que necesita el pa\u00eds\u00bb - COLEGIO DE ARQUITECTOS DE CHILE\",\"isPartOf\":{\"@id\":\"https:\/\/colegioarquitectos.com\/noticias\/#website\"},\"primaryImageOfPage\":{\"@id\":\"https:\/\/colegioarquitectos.com\/noticias\/?p=29792#primaryimage\"},\"image\":{\"@id\":\"https:\/\/colegioarquitectos.com\/noticias\/?p=29792#primaryimage\"},\"thumbnailUrl\":\"https:\/\/colegioarquitectos.com\/noticias\/wp-content\/uploads\/2023\/01\/Proyecto-nuevo.jpg\",\"datePublished\":\"2023-01-27T13:41:37+00:00\",\"dateModified\":\"2023-02-04T16:33:36+00:00\",\"breadcrumb\":{\"@id\":\"https:\/\/colegioarquitectos.com\/noticias\/?p=29792#breadcrumb\"},\"inLanguage\":\"es\",\"potentialAction\":[{\"@type\":\"ReadAction\",\"target\":[\"https:\/\/colegioarquitectos.com\/noticias\/?p=29792\"]}]},{\"@type\":\"ImageObject\",\"inLanguage\":\"es\",\"@id\":\"https:\/\/colegioarquitectos.com\/noticias\/?p=29792#primaryimage\",\"url\":\"https:\/\/colegioarquitectos.com\/noticias\/wp-content\/uploads\/2023\/01\/Proyecto-nuevo.jpg\",\"contentUrl\":\"https:\/\/colegioarquitectos.com\/noticias\/wp-content\/uploads\/2023\/01\/Proyecto-nuevo.jpg\",\"width\":1280,\"height\":720},{\"@type\":\"BreadcrumbList\",\"@id\":\"https:\/\/colegioarquitectos.com\/noticias\/?p=29792#breadcrumb\",\"itemListElement\":[{\"@type\":\"ListItem\",\"position\":1,\"name\":\"Portada\",\"item\":\"https:\/\/colegioarquitectos.com\/noticias\"},{\"@type\":\"ListItem\",\"position\":2,\"name\":\"Beatriz Buccicardi: \u00abHoy, los arquitectos somos parte de la soluci\u00f3n de lo que necesita el pa\u00eds\u00bb\"}]},{\"@type\":\"WebSite\",\"@id\":\"https:\/\/colegioarquitectos.com\/noticias\/#website\",\"url\":\"https:\/\/colegioarquitectos.com\/noticias\/\",\"name\":\"COLEGIO DE ARQUITECTOS DE CHILE\",\"description\":\"\",\"publisher\":{\"@id\":\"https:\/\/colegioarquitectos.com\/noticias\/#organization\"},\"potentialAction\":[{\"@type\":\"SearchAction\",\"target\":{\"@type\":\"EntryPoint\",\"urlTemplate\":\"https:\/\/colegioarquitectos.com\/noticias\/?s={search_term_string}\"},\"query-input\":{\"@type\":\"PropertyValueSpecification\",\"valueRequired\":true,\"valueName\":\"search_term_string\"}}],\"inLanguage\":\"es\"},{\"@type\":\"Organization\",\"@id\":\"https:\/\/colegioarquitectos.com\/noticias\/#organization\",\"name\":\"COLEGIO DE ARQUITECTOS DE CHILE\",\"url\":\"https:\/\/colegioarquitectos.com\/noticias\/\",\"logo\":{\"@type\":\"ImageObject\",\"inLanguage\":\"es\",\"@id\":\"https:\/\/colegioarquitectos.com\/noticias\/#\/schema\/logo\/image\/\",\"url\":\"https:\/\/colegioarquitectos.com\/noticias\/wp-content\/uploads\/2021\/05\/ENCABEZADO-LOGO-CA.jpg\",\"contentUrl\":\"https:\/\/colegioarquitectos.com\/noticias\/wp-content\/uploads\/2021\/05\/ENCABEZADO-LOGO-CA.jpg\",\"width\":690,\"height\":350,\"caption\":\"COLEGIO DE ARQUITECTOS DE CHILE\"},\"image\":{\"@id\":\"https:\/\/colegioarquitectos.com\/noticias\/#\/schema\/logo\/image\/\"},\"sameAs\":[\"https:\/\/facebook.com\/Colegioarq\/\",\"https:\/\/x.com\/colegioarq\",\"https:\/\/instagram.com\/colegioarq\",\"https:\/\/youtube.com\/@ColegiodeArquitectosdeChile\"]},{\"@type\":\"Person\",\"@id\":\"https:\/\/colegioarquitectos.com\/noticias\/#\/schema\/person\/685cc0aad148303c5608f049af8285ad\",\"name\":\"Colegio de Arquitectos de Chile\",\"url\":\"https:\/\/colegioarquitectos.com\/noticias\/?author=4\"}]}<\/script>\n<!-- \/ Yoast SEO plugin. -->","yoast_head_json":{"title":"Beatriz Buccicardi: \u00abHoy, los arquitectos somos parte de la soluci\u00f3n de lo que necesita el pa\u00eds\u00bb - COLEGIO DE ARQUITECTOS DE CHILE","robots":{"index":"index","follow":"follow","max-snippet":"max-snippet:-1","max-image-preview":"max-image-preview:large","max-video-preview":"max-video-preview:-1"},"canonical":"https:\/\/colegioarquitectos.com\/noticias\/?p=29792","og_locale":"es_ES","og_type":"article","og_title":"Beatriz Buccicardi: \u00abHoy, los arquitectos somos parte de la soluci\u00f3n de lo que necesita el pa\u00eds\u00bb - COLEGIO DE ARQUITECTOS DE CHILE","og_description":"\u00abHe trabajado mucho tiempo en el Colegio\u00bb, se\u00f1al\u00f3 Beatriz Buccicardi, presidenta nacional del Colegio de Arquitectos de Chile, en una entrevista realizada en el programa Santiago Adicto de radio Duna, recientemente, el 26 de enero. \u00abEl a\u00f1o pasado me dije &hellip; ver m\u00e1s","og_url":"https:\/\/colegioarquitectos.com\/noticias\/?p=29792","og_site_name":"COLEGIO DE ARQUITECTOS DE CHILE","article_publisher":"https:\/\/facebook.com\/Colegioarq\/","article_published_time":"2023-01-27T13:41:37+00:00","article_modified_time":"2023-02-04T16:33:36+00:00","og_image":[{"width":1280,"height":720,"url":"https:\/\/colegioarquitectos.com\/noticias\/wp-content\/uploads\/2023\/01\/Proyecto-nuevo.jpg","type":"image\/jpeg"}],"author":"Colegio de Arquitectos de Chile","twitter_card":"summary_large_image","twitter_creator":"@colegioarq","twitter_site":"@colegioarq","twitter_misc":{"Escrito por":"Colegio de Arquitectos de Chile","Tiempo de lectura":"1 minuto"},"schema":{"@context":"https:\/\/schema.org","@graph":[{"@type":"Article","@id":"https:\/\/colegioarquitectos.com\/noticias\/?p=29792#article","isPartOf":{"@id":"https:\/\/colegioarquitectos.com\/noticias\/?p=29792"},"author":{"name":"Colegio de Arquitectos de Chile","@id":"https:\/\/colegioarquitectos.com\/noticias\/#\/schema\/person\/685cc0aad148303c5608f049af8285ad"},"headline":"Beatriz Buccicardi: \u00abHoy, los arquitectos somos parte de la soluci\u00f3n de lo que necesita el pa\u00eds\u00bb","datePublished":"2023-01-27T13:41:37+00:00","dateModified":"2023-02-04T16:33:36+00:00","mainEntityOfPage":{"@id":"https:\/\/colegioarquitectos.com\/noticias\/?p=29792"},"wordCount":169,"publisher":{"@id":"https:\/\/colegioarquitectos.com\/noticias\/#organization"},"image":{"@id":"https:\/\/colegioarquitectos.com\/noticias\/?p=29792#primaryimage"},"thumbnailUrl":"https:\/\/colegioarquitectos.com\/noticias\/wp-content\/uploads\/2023\/01\/Proyecto-nuevo.jpg","articleSection":["Colegio","Sala de Prensa"],"inLanguage":"es"},{"@type":"WebPage","@id":"https:\/\/colegioarquitectos.com\/noticias\/?p=29792","url":"https:\/\/colegioarquitectos.com\/noticias\/?p=29792","name":"Beatriz Buccicardi: \u00abHoy, los arquitectos somos parte de la soluci\u00f3n de lo que necesita el pa\u00eds\u00bb - COLEGIO DE ARQUITECTOS DE CHILE","isPartOf":{"@id":"https:\/\/colegioarquitectos.com\/noticias\/#website"},"primaryImageOfPage":{"@id":"https:\/\/colegioarquitectos.com\/noticias\/?p=29792#primaryimage"},"image":{"@id":"https:\/\/colegioarquitectos.com\/noticias\/?p=29792#primaryimage"},"thumbnailUrl":"https:\/\/colegioarquitectos.com\/noticias\/wp-content\/uploads\/2023\/01\/Proyecto-nuevo.jpg","datePublished":"2023-01-27T13:41:37+00:00","dateModified":"2023-02-04T16:33:36+00:00","breadcrumb":{"@id":"https:\/\/colegioarquitectos.com\/noticias\/?p=29792#breadcrumb"},"inLanguage":"es","potentialAction":[{"@type":"ReadAction","target":["https:\/\/colegioarquitectos.com\/noticias\/?p=29792"]}]},{"@type":"ImageObject","inLanguage":"es","@id":"https:\/\/colegioarquitectos.com\/noticias\/?p=29792#primaryimage","url":"https:\/\/colegioarquitectos.com\/noticias\/wp-content\/uploads\/2023\/01\/Proyecto-nuevo.jpg","contentUrl":"https:\/\/colegioarquitectos.com\/noticias\/wp-content\/uploads\/2023\/01\/Proyecto-nuevo.jpg","width":1280,"height":720},{"@type":"BreadcrumbList","@id":"https:\/\/colegioarquitectos.com\/noticias\/?p=29792#breadcrumb","itemListElement":[{"@type":"ListItem","position":1,"name":"Portada","item":"https:\/\/colegioarquitectos.com\/noticias"},{"@type":"ListItem","position":2,"name":"Beatriz Buccicardi: \u00abHoy, los arquitectos somos parte de la soluci\u00f3n de lo que necesita el pa\u00eds\u00bb"}]},{"@type":"WebSite","@id":"https:\/\/colegioarquitectos.com\/noticias\/#website","url":"https:\/\/colegioarquitectos.com\/noticias\/","name":"COLEGIO DE ARQUITECTOS DE CHILE","description":"","publisher":{"@id":"https:\/\/colegioarquitectos.com\/noticias\/#organization"},"potentialAction":[{"@type":"SearchAction","target":{"@type":"EntryPoint","urlTemplate":"https:\/\/colegioarquitectos.com\/noticias\/?s={search_term_string}"},"query-input":{"@type":"PropertyValueSpecification","valueRequired":true,"valueName":"search_term_string"}}],"inLanguage":"es"},{"@type":"Organization","@id":"https:\/\/colegioarquitectos.com\/noticias\/#organization","name":"COLEGIO DE ARQUITECTOS DE CHILE","url":"https:\/\/colegioarquitectos.com\/noticias\/","logo":{"@type":"ImageObject","inLanguage":"es","@id":"https:\/\/colegioarquitectos.com\/noticias\/#\/schema\/logo\/image\/","url":"https:\/\/colegioarquitectos.com\/noticias\/wp-content\/uploads\/2021\/05\/ENCABEZADO-LOGO-CA.jpg","contentUrl":"https:\/\/colegioarquitectos.com\/noticias\/wp-content\/uploads\/2021\/05\/ENCABEZADO-LOGO-CA.jpg","width":690,"height":350,"caption":"COLEGIO DE ARQUITECTOS DE CHILE"},"image":{"@id":"https:\/\/colegioarquitectos.com\/noticias\/#\/schema\/logo\/image\/"},"sameAs":["https:\/\/facebook.com\/Colegioarq\/","https:\/\/x.com\/colegioarq","https:\/\/instagram.com\/colegioarq","https:\/\/youtube.com\/@ColegiodeArquitectosdeChile"]},{"@type":"Person","@id":"https:\/\/colegioarquitectos.com\/noticias\/#\/schema\/person\/685cc0aad148303c5608f049af8285ad","name":"Colegio de Arquitectos de Chile","url":"https:\/\/colegioarquitectos.com\/noticias\/?author=4"}]}},"_links":{"self":[{"href":"https:\/\/colegioarquitectos.com\/noticias\/index.php?rest_route=\/wp\/v2\/posts\/29792","targetHints":{"allow":["GET"]}}],"collection":[{"href":"https:\/\/colegioarquitectos.com\/noticias\/index.php?rest_route=\/wp\/v2\/posts"}],"about":[{"href":"https:\/\/colegioarquitectos.com\/noticias\/index.php?rest_route=\/wp\/v2\/types\/post"}],"author":[{"embeddable":true,"href":"https:\/\/colegioarquitectos.com\/noticias\/index.php?rest_route=\/wp\/v2\/users\/4"}],"replies":[{"embeddable":true,"href":"https:\/\/colegioarquitectos.com\/noticias\/index.php?rest_route=%2Fwp%2Fv2%2Fcomments&post=29792"}],"version-history":[{"count":0,"href":"https:\/\/colegioarquitectos.com\/noticias\/index.php?rest_route=\/wp\/v2\/posts\/29792\/revisions"}],"wp:featuredmedia":[{"embeddable":true,"href":"https:\/\/colegioarquitectos.com\/noticias\/index.php?rest_route=\/wp\/v2\/media\/29815"}],"wp:attachment":[{"href":"https:\/\/colegioarquitectos.com\/noticias\/index.php?rest_route=%2Fwp%2Fv2%2Fmedia&parent=29792"}],"wp:term":[{"taxonomy":"category","embeddable":true,"href":"https:\/\/colegioarquitectos.com\/noticias\/index.php?rest_route=%2Fwp%2Fv2%2Fcategories&post=29792"},{"taxonomy":"post_tag","embeddable":true,"href":"https:\/\/colegioarquitectos.com\/noticias\/index.php?rest_route=%2Fwp%2Fv2%2Ftags&post=29792"}],"curies":[{"name":"wp","href":"https:\/\/api.w.org\/{rel}","templated":true}]}}