
{"id":29821,"date":"2023-02-07T08:37:11","date_gmt":"2023-02-07T12:37:11","guid":{"rendered":"https:\/\/colegioarquitectos.com\/?p=29821"},"modified":"2023-02-07T08:37:11","modified_gmt":"2023-02-07T12:37:11","slug":"declaracion-publica-incendios-en-chile-8-propuestas-del-colegio-de-arquitectos-de-chile-la-tarea-pendiente-en-el-ordenamiento-territorial","status":"publish","type":"post","link":"https:\/\/colegioarquitectos.com\/noticias\/?p=29821","title":{"rendered":"[Declaraci\u00f3n p\u00fablica] Incendios en Chile: 8 Propuestas del Colegio de Arquitectos de Chile. La tarea pendiente en el Ordenamiento Territorial"},"content":{"rendered":"<p>Ante la situaci\u00f3n que vive el pa\u00eds en grandes \u00e1reas del centro sur, el Colegio de Arquitectos de Chile debe ser parte de las pol\u00edticas p\u00fablicas que focalicen normativa, gesti\u00f3n, manejo y fiscalizaci\u00f3n del paisaje natural y antr\u00f3pico tendiente en asegurar la relaci\u00f3n amistosa con la ciudadan\u00eda, los medios productivos y el territorio, evitando los da\u00f1os de los incendios territoriales.<\/p>\n<p>Somos un pa\u00eds que convive con cat\u00e1strofes naturales, sin embargo<strong>, los incendios forestales<\/strong> son causados por factores antr\u00f3picos. Seg\u00fan registros Conaf, per\u00edodo 1985-2018 las causas de los incendios forestales a nivel nacional son: 56% accidentales, 32% intencionales, 11% indeterminado y s\u00f3lo un 1% por causas naturales.<\/p>\n<p>Este es un problema recurrente y no es casualidad que gran parte de la zona afectada est\u00e9 ocupada por plantaci\u00f3n extensiva de monocultivo, como pinos y eucaliptus, especies altamente inflamables que secan las napas subterr\u00e1neas, expulsan a las comunidades de sus territorios, provocando una reducci\u00f3n de la econom\u00eda local, y desintegrando su identidad cultural.<\/p>\n<p>Es inconcebible extensas \u00e1reas con monocultivos en momentos \u00e1lgidos de cambio clim\u00e1tico del planeta. Estas actividades productivas extractivistas se generan en \u00e1reas que exponen a las comunidades, en la interfaz urbano-rural, muy cerca de \u00e1reas urbanas altamente pobladas.<\/p>\n<p>El territorio debe ser un lugar de cuidado de sus habitantes y no transformarse por intervenci\u00f3n humana en un espacio de amenaza constante. La soluci\u00f3n es multifocal.<\/p>\n<p>En este escenario es posible proponer soluciones desde distintos \u00e1mbitos:<\/p>\n<ol>\n<li>Desde el medio ambiental, expertos han propuesto la restauraci\u00f3n del bosque nativo, la adecuada gesti\u00f3n y manejo de quemas, y la generaci\u00f3n de mosaicos de paisajes heterog\u00e9neos. M\u00e1s cercano a nuestra disciplina. Tal como existe la norma s\u00edsmica sobre las edificaciones para resistir terremotos, se debe avanzar en normas que garanticen la seguridad de la poblaci\u00f3n ante desastres como los incendios territoriales.<\/li>\n<li>El centro de la prevenci\u00f3n antes y durante de los eventos siempre es la vida de las personas, como principio b\u00e1sico en cualquier pol\u00edtica.<\/li>\n<li>Cortafuegos naturales en el paisaje: el territorio en su din\u00e1mica productiva con \u00e9nfasis en lo forestal debe cuidar de mantener y regenerar los bosques nativos en las quebradas, para garantizar \u00e1reas biol\u00f3gicas h\u00famedas que ralentizan el avance de eventuales incendios.<\/li>\n<li>En los centros poblados debe existir un cortafuego perimetral de un rango entre 50 a 100 metros. Este puede dise\u00f1arse como una propia infraestructura vial o explanadas limpias sin vegetaci\u00f3n, con limpieza en invierno y previa al verano. Lo que adem\u00e1s puede generar empleos locales a la propia comunidad de \u00e1reas forestales productivas.<\/li>\n<li>El territorio rural debe tener suministro de agua, balsas de agua para reponer la recarga de camiones y una red vial que permita el acceso.<\/li>\n<li>En cuanto al ordenamiento territorial, los Planes Reguladores en cualquier escala de planificaci\u00f3n no pueden definir \u00e1reas de expansi\u00f3n urbana limitando con masas forestales, sin un resguardo de cortafuego.<\/li>\n<li>Los Instrumentos de Planificaci\u00f3n Territorial deben contener vialidades para evacuar en casos de emergencias y permitir el r\u00e1pido acceso de veh\u00edculos que ataquen dichas emergencias.<\/li>\n<li>Finalmente, la magnitud de los eventos y de la extensi\u00f3n de las plantaciones forestales, urgen estudios que conduzcan a una normativa ambiental y de planificaci\u00f3n territorial que minimicen los impactos de este tipo de siniestros. El Colegio de Arquitectos de Chile se ofrece para ser parte de una mesa de trabajo organizada por los organismos del Estado.<\/li>\n<\/ol>\n<p>El pa\u00eds tiene a\u00fan pendiente desarrollar y vincular legalmente los Planes de Ordenamiento Territorial Regionales, y la pol\u00edtica medioambiental. Pero tambi\u00e9n un desaf\u00edo pol\u00edtico a\u00fan mayor como es repensar la matriz productiva en el contexto del conflicto medioambiental planetario actual.<\/p>\n<p>&nbsp;<\/p>\n<p><strong>Beatriz Buccicardi K<\/strong><\/p>\n<p><strong>Presidenta Nacional<\/strong><\/p>\n<p><strong>Colegio de Arquitectos de Chile A.G.<\/strong><\/p>\n<p>&nbsp;<\/p>\n<p><strong>Delegaci\u00f3n Zonal Concepci\u00f3n<\/strong><\/p>\n<p><strong>Comit\u00e9 de Paisaje CA<\/strong><\/p>\n<p><strong>Comit\u00e9 Desarrollo Urbano y Territorial CA<\/strong><\/p>\n<p>&nbsp;<\/p>\n<p>&nbsp;<\/p>\n<hr \/>\n<p><strong><img loading=\"lazy\" decoding=\"async\" class=\"alignnone\" src=\"http:\/\/www.colegioarquitectos.com\/imgs\/descargas_linea_punto\/pdfcolor.jpg\" alt=\"\" width=\"21\" height=\"21\" border=\"0\" \/><a href=\"https:\/\/colegioarquitectos.com\/noticias\/wp-content\/uploads\/2023\/02\/Declaraci\u00f3n-p\u00fablica-Incendios-en-Chile.-8-Propuestas-del-Colegio-de-Arquitectos-de-Chile.-La-tarea-pendiente-en-el-Ordenamiento-Territorial.pdf\">\u00a0[Declaraci\u00f3n p\u00fablica] Incendios en Chile. 8 Propuestas del Colegio de Arquitectos de Chile. La tarea pendiente en el Ordenamiento Territorial<\/a><\/strong><\/p>\n<p>&nbsp;<\/p>\n<p><\/p>","protected":false},"excerpt":{"rendered":"<p>Ante la situaci\u00f3n que vive el pa\u00eds en grandes \u00e1reas del centro sur, el Colegio de Arquitectos de Chile debe ser parte de las pol\u00edticas p\u00fablicas que focalicen normativa, gesti\u00f3n, manejo y fiscalizaci\u00f3n del paisaje natural y antr\u00f3pico tendiente en &hellip; <a class=\"more-link\" href=\"https:\/\/colegioarquitectos.com\/noticias\/?p=29821\">ver m\u00e1s<\/a><\/p>","protected":false},"author":4,"featured_media":29822,"comment_status":"closed","ping_status":"closed","sticky":false,"template":"","format":"standard","meta":{"footnotes":""},"categories":[8,82],"tags":[154,101,105,151,152,153,155,156],"class_list":["post-29821","post","type-post","status-publish","format-standard","has-post-thumbnail","hentry","category-colegio-de-arquitectos","category-declaraciones-publicas","tag-ca","tag-colegio-de-arquitectos","tag-colegio-de-arquitectos-de-chile","tag-incendios","tag-incendios-forestales","tag-ordenamiento-territorial","tag-planificacion","tag-planificacion-territorial"],"yoast_head":"<!-- This site is optimized with the Yoast SEO plugin v24.2 - https:\/\/yoast.com\/wordpress\/plugins\/seo\/ -->\n<title>[Declaraci\u00f3n p\u00fablica] Incendios en Chile: 8 Propuestas del Colegio de Arquitectos de Chile. La tarea pendiente en el Ordenamiento Territorial - COLEGIO DE ARQUITECTOS DE CHILE<\/title>\n<meta name=\"robots\" content=\"index, follow, max-snippet:-1, max-image-preview:large, max-video-preview:-1\" \/>\n<link rel=\"canonical\" href=\"https:\/\/colegioarquitectos.com\/noticias\/?p=29821\" \/>\n<meta property=\"og:locale\" content=\"es_ES\" \/>\n<meta property=\"og:type\" content=\"article\" \/>\n<meta property=\"og:title\" content=\"[Declaraci\u00f3n p\u00fablica] Incendios en Chile: 8 Propuestas del Colegio de Arquitectos de Chile. La tarea pendiente en el Ordenamiento Territorial - COLEGIO DE ARQUITECTOS DE CHILE\" \/>\n<meta property=\"og:description\" content=\"Ante la situaci\u00f3n que vive el pa\u00eds en grandes \u00e1reas del centro sur, el Colegio de Arquitectos de Chile debe ser parte de las pol\u00edticas p\u00fablicas que focalicen normativa, gesti\u00f3n, manejo y fiscalizaci\u00f3n del paisaje natural y antr\u00f3pico tendiente en &hellip; ver m\u00e1s\" \/>\n<meta property=\"og:url\" content=\"https:\/\/colegioarquitectos.com\/noticias\/?p=29821\" \/>\n<meta property=\"og:site_name\" content=\"COLEGIO DE ARQUITECTOS DE CHILE\" \/>\n<meta property=\"article:publisher\" content=\"https:\/\/facebook.com\/Colegioarq\/\" \/>\n<meta property=\"article:published_time\" content=\"2023-02-07T12:37:11+00:00\" \/>\n<meta property=\"og:image\" content=\"https:\/\/colegioarquitectos.com\/noticias\/wp-content\/uploads\/2023\/02\/Nuevo-proyecto-1.jpg\" \/>\n\t<meta property=\"og:image:width\" content=\"1280\" \/>\n\t<meta property=\"og:image:height\" content=\"720\" \/>\n\t<meta property=\"og:image:type\" content=\"image\/jpeg\" \/>\n<meta name=\"author\" content=\"Colegio de Arquitectos de Chile\" \/>\n<meta name=\"twitter:card\" content=\"summary_large_image\" \/>\n<meta name=\"twitter:creator\" content=\"@colegioarq\" \/>\n<meta name=\"twitter:site\" content=\"@colegioarq\" \/>\n<meta name=\"twitter:label1\" content=\"Escrito por\" \/>\n\t<meta name=\"twitter:data1\" content=\"Colegio de Arquitectos de Chile\" \/>\n\t<meta name=\"twitter:label2\" content=\"Tiempo de lectura\" \/>\n\t<meta name=\"twitter:data2\" content=\"3 minutos\" \/>\n<script type=\"application\/ld+json\" class=\"yoast-schema-graph\">{\"@context\":\"https:\/\/schema.org\",\"@graph\":[{\"@type\":\"Article\",\"@id\":\"https:\/\/colegioarquitectos.com\/noticias\/?p=29821#article\",\"isPartOf\":{\"@id\":\"https:\/\/colegioarquitectos.com\/noticias\/?p=29821\"},\"author\":{\"name\":\"Colegio de Arquitectos de Chile\",\"@id\":\"https:\/\/colegioarquitectos.com\/noticias\/#\/schema\/person\/685cc0aad148303c5608f049af8285ad\"},\"headline\":\"[Declaraci\u00f3n p\u00fablica] Incendios en Chile: 8 Propuestas del Colegio de Arquitectos de Chile. La tarea pendiente en el Ordenamiento Territorial\",\"datePublished\":\"2023-02-07T12:37:11+00:00\",\"dateModified\":\"2023-02-07T12:37:11+00:00\",\"mainEntityOfPage\":{\"@id\":\"https:\/\/colegioarquitectos.com\/noticias\/?p=29821\"},\"wordCount\":711,\"publisher\":{\"@id\":\"https:\/\/colegioarquitectos.com\/noticias\/#organization\"},\"image\":{\"@id\":\"https:\/\/colegioarquitectos.com\/noticias\/?p=29821#primaryimage\"},\"thumbnailUrl\":\"https:\/\/colegioarquitectos.com\/noticias\/wp-content\/uploads\/2023\/02\/Nuevo-proyecto-1.jpg\",\"keywords\":[\"CA\",\"Colegio de Arquitectos\",\"Colegio de Arquitectos de Chile\",\"Incendios\",\"incendios forestales\",\"ordenamiento territorial\",\"planificaci\u00f3n\",\"planificaci\u00f3n territorial\"],\"articleSection\":[\"Colegio\",\"Declaraciones p\u00fablicas\"],\"inLanguage\":\"es\"},{\"@type\":\"WebPage\",\"@id\":\"https:\/\/colegioarquitectos.com\/noticias\/?p=29821\",\"url\":\"https:\/\/colegioarquitectos.com\/noticias\/?p=29821\",\"name\":\"[Declaraci\u00f3n p\u00fablica] Incendios en Chile: 8 Propuestas del Colegio de Arquitectos de Chile. La tarea pendiente en el Ordenamiento Territorial - COLEGIO DE ARQUITECTOS DE CHILE\",\"isPartOf\":{\"@id\":\"https:\/\/colegioarquitectos.com\/noticias\/#website\"},\"primaryImageOfPage\":{\"@id\":\"https:\/\/colegioarquitectos.com\/noticias\/?p=29821#primaryimage\"},\"image\":{\"@id\":\"https:\/\/colegioarquitectos.com\/noticias\/?p=29821#primaryimage\"},\"thumbnailUrl\":\"https:\/\/colegioarquitectos.com\/noticias\/wp-content\/uploads\/2023\/02\/Nuevo-proyecto-1.jpg\",\"datePublished\":\"2023-02-07T12:37:11+00:00\",\"dateModified\":\"2023-02-07T12:37:11+00:00\",\"breadcrumb\":{\"@id\":\"https:\/\/colegioarquitectos.com\/noticias\/?p=29821#breadcrumb\"},\"inLanguage\":\"es\",\"potentialAction\":[{\"@type\":\"ReadAction\",\"target\":[\"https:\/\/colegioarquitectos.com\/noticias\/?p=29821\"]}]},{\"@type\":\"ImageObject\",\"inLanguage\":\"es\",\"@id\":\"https:\/\/colegioarquitectos.com\/noticias\/?p=29821#primaryimage\",\"url\":\"https:\/\/colegioarquitectos.com\/noticias\/wp-content\/uploads\/2023\/02\/Nuevo-proyecto-1.jpg\",\"contentUrl\":\"https:\/\/colegioarquitectos.com\/noticias\/wp-content\/uploads\/2023\/02\/Nuevo-proyecto-1.jpg\",\"width\":1280,\"height\":720},{\"@type\":\"BreadcrumbList\",\"@id\":\"https:\/\/colegioarquitectos.com\/noticias\/?p=29821#breadcrumb\",\"itemListElement\":[{\"@type\":\"ListItem\",\"position\":1,\"name\":\"Portada\",\"item\":\"https:\/\/colegioarquitectos.com\/noticias\"},{\"@type\":\"ListItem\",\"position\":2,\"name\":\"[Declaraci\u00f3n p\u00fablica] Incendios en Chile: 8 Propuestas del Colegio de Arquitectos de Chile. La tarea pendiente en el Ordenamiento Territorial\"}]},{\"@type\":\"WebSite\",\"@id\":\"https:\/\/colegioarquitectos.com\/noticias\/#website\",\"url\":\"https:\/\/colegioarquitectos.com\/noticias\/\",\"name\":\"COLEGIO DE ARQUITECTOS DE CHILE\",\"description\":\"\",\"publisher\":{\"@id\":\"https:\/\/colegioarquitectos.com\/noticias\/#organization\"},\"potentialAction\":[{\"@type\":\"SearchAction\",\"target\":{\"@type\":\"EntryPoint\",\"urlTemplate\":\"https:\/\/colegioarquitectos.com\/noticias\/?s={search_term_string}\"},\"query-input\":{\"@type\":\"PropertyValueSpecification\",\"valueRequired\":true,\"valueName\":\"search_term_string\"}}],\"inLanguage\":\"es\"},{\"@type\":\"Organization\",\"@id\":\"https:\/\/colegioarquitectos.com\/noticias\/#organization\",\"name\":\"COLEGIO DE ARQUITECTOS DE CHILE\",\"url\":\"https:\/\/colegioarquitectos.com\/noticias\/\",\"logo\":{\"@type\":\"ImageObject\",\"inLanguage\":\"es\",\"@id\":\"https:\/\/colegioarquitectos.com\/noticias\/#\/schema\/logo\/image\/\",\"url\":\"https:\/\/colegioarquitectos.com\/noticias\/wp-content\/uploads\/2021\/05\/ENCABEZADO-LOGO-CA.jpg\",\"contentUrl\":\"https:\/\/colegioarquitectos.com\/noticias\/wp-content\/uploads\/2021\/05\/ENCABEZADO-LOGO-CA.jpg\",\"width\":690,\"height\":350,\"caption\":\"COLEGIO DE ARQUITECTOS DE CHILE\"},\"image\":{\"@id\":\"https:\/\/colegioarquitectos.com\/noticias\/#\/schema\/logo\/image\/\"},\"sameAs\":[\"https:\/\/facebook.com\/Colegioarq\/\",\"https:\/\/x.com\/colegioarq\",\"https:\/\/instagram.com\/colegioarq\",\"https:\/\/youtube.com\/@ColegiodeArquitectosdeChile\"]},{\"@type\":\"Person\",\"@id\":\"https:\/\/colegioarquitectos.com\/noticias\/#\/schema\/person\/685cc0aad148303c5608f049af8285ad\",\"name\":\"Colegio de Arquitectos de Chile\",\"url\":\"https:\/\/colegioarquitectos.com\/noticias\/?author=4\"}]}<\/script>\n<!-- \/ Yoast SEO plugin. -->","yoast_head_json":{"title":"[Declaraci\u00f3n p\u00fablica] Incendios en Chile: 8 Propuestas del Colegio de Arquitectos de Chile. La tarea pendiente en el Ordenamiento Territorial - COLEGIO DE ARQUITECTOS DE CHILE","robots":{"index":"index","follow":"follow","max-snippet":"max-snippet:-1","max-image-preview":"max-image-preview:large","max-video-preview":"max-video-preview:-1"},"canonical":"https:\/\/colegioarquitectos.com\/noticias\/?p=29821","og_locale":"es_ES","og_type":"article","og_title":"[Declaraci\u00f3n p\u00fablica] Incendios en Chile: 8 Propuestas del Colegio de Arquitectos de Chile. La tarea pendiente en el Ordenamiento Territorial - COLEGIO DE ARQUITECTOS DE CHILE","og_description":"Ante la situaci\u00f3n que vive el pa\u00eds en grandes \u00e1reas del centro sur, el Colegio de Arquitectos de Chile debe ser parte de las pol\u00edticas p\u00fablicas que focalicen normativa, gesti\u00f3n, manejo y fiscalizaci\u00f3n del paisaje natural y antr\u00f3pico tendiente en &hellip; ver m\u00e1s","og_url":"https:\/\/colegioarquitectos.com\/noticias\/?p=29821","og_site_name":"COLEGIO DE ARQUITECTOS DE CHILE","article_publisher":"https:\/\/facebook.com\/Colegioarq\/","article_published_time":"2023-02-07T12:37:11+00:00","og_image":[{"width":1280,"height":720,"url":"https:\/\/colegioarquitectos.com\/noticias\/wp-content\/uploads\/2023\/02\/Nuevo-proyecto-1.jpg","type":"image\/jpeg"}],"author":"Colegio de Arquitectos de Chile","twitter_card":"summary_large_image","twitter_creator":"@colegioarq","twitter_site":"@colegioarq","twitter_misc":{"Escrito por":"Colegio de Arquitectos de Chile","Tiempo de lectura":"3 minutos"},"schema":{"@context":"https:\/\/schema.org","@graph":[{"@type":"Article","@id":"https:\/\/colegioarquitectos.com\/noticias\/?p=29821#article","isPartOf":{"@id":"https:\/\/colegioarquitectos.com\/noticias\/?p=29821"},"author":{"name":"Colegio de Arquitectos de Chile","@id":"https:\/\/colegioarquitectos.com\/noticias\/#\/schema\/person\/685cc0aad148303c5608f049af8285ad"},"headline":"[Declaraci\u00f3n p\u00fablica] Incendios en Chile: 8 Propuestas del Colegio de Arquitectos de Chile. La tarea pendiente en el Ordenamiento Territorial","datePublished":"2023-02-07T12:37:11+00:00","dateModified":"2023-02-07T12:37:11+00:00","mainEntityOfPage":{"@id":"https:\/\/colegioarquitectos.com\/noticias\/?p=29821"},"wordCount":711,"publisher":{"@id":"https:\/\/colegioarquitectos.com\/noticias\/#organization"},"image":{"@id":"https:\/\/colegioarquitectos.com\/noticias\/?p=29821#primaryimage"},"thumbnailUrl":"https:\/\/colegioarquitectos.com\/noticias\/wp-content\/uploads\/2023\/02\/Nuevo-proyecto-1.jpg","keywords":["CA","Colegio de Arquitectos","Colegio de Arquitectos de Chile","Incendios","incendios forestales","ordenamiento territorial","planificaci\u00f3n","planificaci\u00f3n territorial"],"articleSection":["Colegio","Declaraciones p\u00fablicas"],"inLanguage":"es"},{"@type":"WebPage","@id":"https:\/\/colegioarquitectos.com\/noticias\/?p=29821","url":"https:\/\/colegioarquitectos.com\/noticias\/?p=29821","name":"[Declaraci\u00f3n p\u00fablica] Incendios en Chile: 8 Propuestas del Colegio de Arquitectos de Chile. La tarea pendiente en el Ordenamiento Territorial - COLEGIO DE ARQUITECTOS DE CHILE","isPartOf":{"@id":"https:\/\/colegioarquitectos.com\/noticias\/#website"},"primaryImageOfPage":{"@id":"https:\/\/colegioarquitectos.com\/noticias\/?p=29821#primaryimage"},"image":{"@id":"https:\/\/colegioarquitectos.com\/noticias\/?p=29821#primaryimage"},"thumbnailUrl":"https:\/\/colegioarquitectos.com\/noticias\/wp-content\/uploads\/2023\/02\/Nuevo-proyecto-1.jpg","datePublished":"2023-02-07T12:37:11+00:00","dateModified":"2023-02-07T12:37:11+00:00","breadcrumb":{"@id":"https:\/\/colegioarquitectos.com\/noticias\/?p=29821#breadcrumb"},"inLanguage":"es","potentialAction":[{"@type":"ReadAction","target":["https:\/\/colegioarquitectos.com\/noticias\/?p=29821"]}]},{"@type":"ImageObject","inLanguage":"es","@id":"https:\/\/colegioarquitectos.com\/noticias\/?p=29821#primaryimage","url":"https:\/\/colegioarquitectos.com\/noticias\/wp-content\/uploads\/2023\/02\/Nuevo-proyecto-1.jpg","contentUrl":"https:\/\/colegioarquitectos.com\/noticias\/wp-content\/uploads\/2023\/02\/Nuevo-proyecto-1.jpg","width":1280,"height":720},{"@type":"BreadcrumbList","@id":"https:\/\/colegioarquitectos.com\/noticias\/?p=29821#breadcrumb","itemListElement":[{"@type":"ListItem","position":1,"name":"Portada","item":"https:\/\/colegioarquitectos.com\/noticias"},{"@type":"ListItem","position":2,"name":"[Declaraci\u00f3n p\u00fablica] Incendios en Chile: 8 Propuestas del Colegio de Arquitectos de Chile. La tarea pendiente en el Ordenamiento Territorial"}]},{"@type":"WebSite","@id":"https:\/\/colegioarquitectos.com\/noticias\/#website","url":"https:\/\/colegioarquitectos.com\/noticias\/","name":"COLEGIO DE ARQUITECTOS DE CHILE","description":"","publisher":{"@id":"https:\/\/colegioarquitectos.com\/noticias\/#organization"},"potentialAction":[{"@type":"SearchAction","target":{"@type":"EntryPoint","urlTemplate":"https:\/\/colegioarquitectos.com\/noticias\/?s={search_term_string}"},"query-input":{"@type":"PropertyValueSpecification","valueRequired":true,"valueName":"search_term_string"}}],"inLanguage":"es"},{"@type":"Organization","@id":"https:\/\/colegioarquitectos.com\/noticias\/#organization","name":"COLEGIO DE ARQUITECTOS DE CHILE","url":"https:\/\/colegioarquitectos.com\/noticias\/","logo":{"@type":"ImageObject","inLanguage":"es","@id":"https:\/\/colegioarquitectos.com\/noticias\/#\/schema\/logo\/image\/","url":"https:\/\/colegioarquitectos.com\/noticias\/wp-content\/uploads\/2021\/05\/ENCABEZADO-LOGO-CA.jpg","contentUrl":"https:\/\/colegioarquitectos.com\/noticias\/wp-content\/uploads\/2021\/05\/ENCABEZADO-LOGO-CA.jpg","width":690,"height":350,"caption":"COLEGIO DE ARQUITECTOS DE CHILE"},"image":{"@id":"https:\/\/colegioarquitectos.com\/noticias\/#\/schema\/logo\/image\/"},"sameAs":["https:\/\/facebook.com\/Colegioarq\/","https:\/\/x.com\/colegioarq","https:\/\/instagram.com\/colegioarq","https:\/\/youtube.com\/@ColegiodeArquitectosdeChile"]},{"@type":"Person","@id":"https:\/\/colegioarquitectos.com\/noticias\/#\/schema\/person\/685cc0aad148303c5608f049af8285ad","name":"Colegio de Arquitectos de Chile","url":"https:\/\/colegioarquitectos.com\/noticias\/?author=4"}]}},"_links":{"self":[{"href":"https:\/\/colegioarquitectos.com\/noticias\/index.php?rest_route=\/wp\/v2\/posts\/29821","targetHints":{"allow":["GET"]}}],"collection":[{"href":"https:\/\/colegioarquitectos.com\/noticias\/index.php?rest_route=\/wp\/v2\/posts"}],"about":[{"href":"https:\/\/colegioarquitectos.com\/noticias\/index.php?rest_route=\/wp\/v2\/types\/post"}],"author":[{"embeddable":true,"href":"https:\/\/colegioarquitectos.com\/noticias\/index.php?rest_route=\/wp\/v2\/users\/4"}],"replies":[{"embeddable":true,"href":"https:\/\/colegioarquitectos.com\/noticias\/index.php?rest_route=%2Fwp%2Fv2%2Fcomments&post=29821"}],"version-history":[{"count":0,"href":"https:\/\/colegioarquitectos.com\/noticias\/index.php?rest_route=\/wp\/v2\/posts\/29821\/revisions"}],"wp:featuredmedia":[{"embeddable":true,"href":"https:\/\/colegioarquitectos.com\/noticias\/index.php?rest_route=\/wp\/v2\/media\/29822"}],"wp:attachment":[{"href":"https:\/\/colegioarquitectos.com\/noticias\/index.php?rest_route=%2Fwp%2Fv2%2Fmedia&parent=29821"}],"wp:term":[{"taxonomy":"category","embeddable":true,"href":"https:\/\/colegioarquitectos.com\/noticias\/index.php?rest_route=%2Fwp%2Fv2%2Fcategories&post=29821"},{"taxonomy":"post_tag","embeddable":true,"href":"https:\/\/colegioarquitectos.com\/noticias\/index.php?rest_route=%2Fwp%2Fv2%2Ftags&post=29821"}],"curies":[{"name":"wp","href":"https:\/\/api.w.org\/{rel}","templated":true}]}}