
{"id":29826,"date":"2023-02-21T13:44:15","date_gmt":"2023-02-21T17:44:15","guid":{"rendered":"https:\/\/colegioarquitectos.com\/?p=29826"},"modified":"2023-02-21T13:45:10","modified_gmt":"2023-02-21T17:45:10","slug":"cartas-carta-de-la-presidenta-beatriz-buccicardi-a-paulina-saball-encargada-presidencial-del-proceso-de-reconstruccion","status":"publish","type":"post","link":"https:\/\/colegioarquitectos.com\/noticias\/?p=29826","title":{"rendered":"[Cartas] Carta de la presidenta Beatriz Buccicardi a Paulina Saball, Encargada Presidencial del Proceso de Reconstrucci\u00f3n"},"content":{"rendered":"<p>&nbsp;<\/p>\n<p style=\"text-align: right;\">Santiago de Chile 20 de febrero 2023<\/p>\n<p>&nbsp;<\/p>\n<p><strong>Se\u00f1ora<\/strong><\/p>\n<p><strong>Paulina Saball<\/strong><\/p>\n<p><strong>Encargada Presidencial<\/strong><\/p>\n<p><strong>Proceso de Reconstrucci\u00f3n<\/strong><\/p>\n<p><strong>Zonas afectadas por incendios<\/strong><\/p>\n<p style=\"text-decoration: underline;\">P R E S E N T E<\/p>\n<p>&nbsp;<\/p>\n<p>Estimada Paulina<\/p>\n<p>Junto con saludarle afectuosamente, me es grato dirigirme a usted en nombre de los arquitectos y arquitectas que forman parte del Colegio de Arquitectos de Chile y de otras organizaciones firmantes, para felicitarla por la designaci\u00f3n del Presidente Gabriel Boric como Encargada de la Reconstrucci\u00f3n de las zonas afectadas por los incendios en las regiones de \u00d1uble, Biob\u00edo y Araucan\u00eda.<\/p>\n<p>Ante estos hechos, que han da\u00f1ado un gran porcentaje del h\u00e1bitat rural y de la interfaz urbano-rural, es que manifestamos nuestra preocupaci\u00f3n, y le hacemos llegar, una reciente <a href=\"https:\/\/colegioarquitectos.com\/noticias\/wp-content\/uploads\/2023\/02\/Declaraci%C3%B3n-p%C3%BAblica-Incendios-en-Chile.-8-Propuestas-del-Colegio-de-Arquitectos-de-Chile.-La-tarea-pendiente-en-el-Ordenamiento-Territorial.pdf\">declaraci\u00f3n<\/a> que expresa nuestro diagn\u00f3stico de la situaci\u00f3n, medidas y aportes t\u00e9cnicos, que como profesionales podemos recomendar a la poblaci\u00f3n. A\u00f1adiendo adem\u00e1s una reflexi\u00f3n m\u00e1s profunda acerca de las medidas pol\u00edticas que, desde nuestra disciplina, nos parece importante implementar.<\/p>\n<p>En estas circunstancias, queremos ofrecerle toda nuestra colaboraci\u00f3n en este proceso. Como Colegio de Arquitectos ponemos a disposici\u00f3n nuestros cuerpos t\u00e9cnicos y plataforma de comunicaciones para apoyar y llevar adelante, de manera integral, mancomunada y con pertinencia territorial, para el \u00e9xito de este cometido.<\/p>\n<p>&nbsp;<\/p>\n<p>Saluda muy atentamente,<\/p>\n<p>&nbsp;<\/p>\n<p><strong>Beatriz Buccicardi K.<\/strong><\/p>\n<p>Presidenta Nacional<\/p>\n<p>Colegio de Arquitectos de Chile A.G.<\/p>\n<p>&nbsp;<\/p>\n<p><strong>Universidad del Biob\u00edo<\/strong><\/p>\n<p><strong>Delegaci\u00f3n Zonal Concepci\u00f3n CA<\/strong><\/p>\n<p><strong>Delegaci\u00f3n Zonal de \u00d1uble CA<\/strong><\/p>\n<p><strong>Movimiento Arquitectas y Arquitectos por Chile Digno<\/strong><\/p>\n<p>&nbsp;<\/p>\n<p>&nbsp;<\/p>\n<p>&nbsp;<\/p>\n<hr \/>\n<p><strong><img loading=\"lazy\" decoding=\"async\" class=\"alignnone\" src=\"http:\/\/www.colegioarquitectos.com\/imgs\/descargas_linea_punto\/pdfcolor.jpg\" alt=\"\" width=\"21\" height=\"21\" border=\"0\" \/><a href=\"https:\/\/colegioarquitectos.com\/noticias\/wp-content\/uploads\/2023\/02\/Declaraci%C3%B3n-p%C3%BAblica-Incendios-en-Chile.-8-Propuestas-del-Colegio-de-Arquitectos-de-Chile.-La-tarea-pendiente-en-el-Ordenamiento-Territorial.pdf\">\u00a0[Declaraci\u00f3n p\u00fablica] Incendios en Chile. 8 Propuestas del Colegio de Arquitectos de Chile. La tarea pendiente en el Ordenamiento Territorial<\/a><\/strong><\/p>\n<p>&nbsp;<\/p>\n<p>&nbsp;<\/p>\n<p><\/p>","protected":false},"excerpt":{"rendered":"<p>&nbsp; Santiago de Chile 20 de febrero 2023 &nbsp; Se\u00f1ora Paulina Saball Encargada Presidencial Proceso de Reconstrucci\u00f3n Zonas afectadas por incendios P R E S E N T E &nbsp; Estimada Paulina Junto con saludarle afectuosamente, me es grato dirigirme &hellip; <a class=\"more-link\" href=\"https:\/\/colegioarquitectos.com\/noticias\/?p=29826\">ver m\u00e1s<\/a><\/p>","protected":false},"author":4,"featured_media":29822,"comment_status":"closed","ping_status":"closed","sticky":false,"template":"","format":"standard","meta":{"footnotes":""},"categories":[15,8],"tags":[159,157,151,152,153,158,155,156],"class_list":["post-29826","post","type-post","status-publish","format-standard","has-post-thumbnail","hentry","category-cartas","category-colegio-de-arquitectos","tag-beatriz-buccicardi","tag-carta","tag-incendios","tag-incendios-forestales","tag-ordenamiento-territorial","tag-paulina-saball","tag-planificacion","tag-planificacion-territorial"],"yoast_head":"<!-- This site is optimized with the Yoast SEO plugin v24.2 - https:\/\/yoast.com\/wordpress\/plugins\/seo\/ -->\n<title>[Cartas] Carta de la presidenta Beatriz Buccicardi a Paulina Saball, Encargada Presidencial del Proceso de Reconstrucci\u00f3n - COLEGIO DE ARQUITECTOS DE CHILE<\/title>\n<meta name=\"robots\" content=\"index, follow, max-snippet:-1, max-image-preview:large, max-video-preview:-1\" \/>\n<link rel=\"canonical\" href=\"https:\/\/colegioarquitectos.com\/noticias\/?p=29826\" \/>\n<meta property=\"og:locale\" content=\"es_ES\" \/>\n<meta property=\"og:type\" content=\"article\" \/>\n<meta property=\"og:title\" content=\"[Cartas] Carta de la presidenta Beatriz Buccicardi a Paulina Saball, Encargada Presidencial del Proceso de Reconstrucci\u00f3n - COLEGIO DE ARQUITECTOS DE CHILE\" \/>\n<meta property=\"og:description\" content=\"&nbsp; Santiago de Chile 20 de febrero 2023 &nbsp; Se\u00f1ora Paulina Saball Encargada Presidencial Proceso de Reconstrucci\u00f3n Zonas afectadas por incendios P R E S E N T E &nbsp; Estimada Paulina Junto con saludarle afectuosamente, me es grato dirigirme &hellip; ver m\u00e1s\" \/>\n<meta property=\"og:url\" content=\"https:\/\/colegioarquitectos.com\/noticias\/?p=29826\" \/>\n<meta property=\"og:site_name\" content=\"COLEGIO DE ARQUITECTOS DE CHILE\" \/>\n<meta property=\"article:publisher\" content=\"https:\/\/facebook.com\/Colegioarq\/\" \/>\n<meta property=\"article:published_time\" content=\"2023-02-21T17:44:15+00:00\" \/>\n<meta property=\"article:modified_time\" content=\"2023-02-21T17:45:10+00:00\" \/>\n<meta property=\"og:image\" content=\"https:\/\/colegioarquitectos.com\/noticias\/wp-content\/uploads\/2023\/02\/Nuevo-proyecto-1.jpg\" \/>\n\t<meta property=\"og:image:width\" content=\"1280\" \/>\n\t<meta property=\"og:image:height\" content=\"720\" \/>\n\t<meta property=\"og:image:type\" content=\"image\/jpeg\" \/>\n<meta name=\"author\" content=\"Colegio de Arquitectos de Chile\" \/>\n<meta name=\"twitter:card\" content=\"summary_large_image\" \/>\n<meta name=\"twitter:creator\" content=\"@colegioarq\" \/>\n<meta name=\"twitter:site\" content=\"@colegioarq\" \/>\n<meta name=\"twitter:label1\" content=\"Escrito por\" \/>\n\t<meta name=\"twitter:data1\" content=\"Colegio de Arquitectos de Chile\" \/>\n\t<meta name=\"twitter:label2\" content=\"Tiempo de lectura\" \/>\n\t<meta name=\"twitter:data2\" content=\"1 minuto\" \/>\n<script type=\"application\/ld+json\" class=\"yoast-schema-graph\">{\"@context\":\"https:\/\/schema.org\",\"@graph\":[{\"@type\":\"Article\",\"@id\":\"https:\/\/colegioarquitectos.com\/noticias\/?p=29826#article\",\"isPartOf\":{\"@id\":\"https:\/\/colegioarquitectos.com\/noticias\/?p=29826\"},\"author\":{\"name\":\"Colegio de Arquitectos de Chile\",\"@id\":\"https:\/\/colegioarquitectos.com\/noticias\/#\/schema\/person\/685cc0aad148303c5608f049af8285ad\"},\"headline\":\"[Cartas] Carta de la presidenta Beatriz Buccicardi a Paulina Saball, Encargada Presidencial del Proceso de Reconstrucci\u00f3n\",\"datePublished\":\"2023-02-21T17:44:15+00:00\",\"dateModified\":\"2023-02-21T17:45:10+00:00\",\"mainEntityOfPage\":{\"@id\":\"https:\/\/colegioarquitectos.com\/noticias\/?p=29826\"},\"wordCount\":307,\"publisher\":{\"@id\":\"https:\/\/colegioarquitectos.com\/noticias\/#organization\"},\"image\":{\"@id\":\"https:\/\/colegioarquitectos.com\/noticias\/?p=29826#primaryimage\"},\"thumbnailUrl\":\"https:\/\/colegioarquitectos.com\/noticias\/wp-content\/uploads\/2023\/02\/Nuevo-proyecto-1.jpg\",\"keywords\":[\"Beatriz Buccicardi\",\"Carta\",\"Incendios\",\"incendios forestales\",\"ordenamiento territorial\",\"Paulina Saball\",\"planificaci\u00f3n\",\"planificaci\u00f3n territorial\"],\"articleSection\":[\"Cartas\",\"Colegio\"],\"inLanguage\":\"es\"},{\"@type\":\"WebPage\",\"@id\":\"https:\/\/colegioarquitectos.com\/noticias\/?p=29826\",\"url\":\"https:\/\/colegioarquitectos.com\/noticias\/?p=29826\",\"name\":\"[Cartas] Carta de la presidenta Beatriz Buccicardi a Paulina Saball, Encargada Presidencial del Proceso de Reconstrucci\u00f3n - COLEGIO DE ARQUITECTOS DE CHILE\",\"isPartOf\":{\"@id\":\"https:\/\/colegioarquitectos.com\/noticias\/#website\"},\"primaryImageOfPage\":{\"@id\":\"https:\/\/colegioarquitectos.com\/noticias\/?p=29826#primaryimage\"},\"image\":{\"@id\":\"https:\/\/colegioarquitectos.com\/noticias\/?p=29826#primaryimage\"},\"thumbnailUrl\":\"https:\/\/colegioarquitectos.com\/noticias\/wp-content\/uploads\/2023\/02\/Nuevo-proyecto-1.jpg\",\"datePublished\":\"2023-02-21T17:44:15+00:00\",\"dateModified\":\"2023-02-21T17:45:10+00:00\",\"breadcrumb\":{\"@id\":\"https:\/\/colegioarquitectos.com\/noticias\/?p=29826#breadcrumb\"},\"inLanguage\":\"es\",\"potentialAction\":[{\"@type\":\"ReadAction\",\"target\":[\"https:\/\/colegioarquitectos.com\/noticias\/?p=29826\"]}]},{\"@type\":\"ImageObject\",\"inLanguage\":\"es\",\"@id\":\"https:\/\/colegioarquitectos.com\/noticias\/?p=29826#primaryimage\",\"url\":\"https:\/\/colegioarquitectos.com\/noticias\/wp-content\/uploads\/2023\/02\/Nuevo-proyecto-1.jpg\",\"contentUrl\":\"https:\/\/colegioarquitectos.com\/noticias\/wp-content\/uploads\/2023\/02\/Nuevo-proyecto-1.jpg\",\"width\":1280,\"height\":720},{\"@type\":\"BreadcrumbList\",\"@id\":\"https:\/\/colegioarquitectos.com\/noticias\/?p=29826#breadcrumb\",\"itemListElement\":[{\"@type\":\"ListItem\",\"position\":1,\"name\":\"Portada\",\"item\":\"https:\/\/colegioarquitectos.com\/noticias\"},{\"@type\":\"ListItem\",\"position\":2,\"name\":\"[Cartas] Carta de la presidenta Beatriz Buccicardi a Paulina Saball, Encargada Presidencial del Proceso de Reconstrucci\u00f3n\"}]},{\"@type\":\"WebSite\",\"@id\":\"https:\/\/colegioarquitectos.com\/noticias\/#website\",\"url\":\"https:\/\/colegioarquitectos.com\/noticias\/\",\"name\":\"COLEGIO DE ARQUITECTOS DE CHILE\",\"description\":\"\",\"publisher\":{\"@id\":\"https:\/\/colegioarquitectos.com\/noticias\/#organization\"},\"potentialAction\":[{\"@type\":\"SearchAction\",\"target\":{\"@type\":\"EntryPoint\",\"urlTemplate\":\"https:\/\/colegioarquitectos.com\/noticias\/?s={search_term_string}\"},\"query-input\":{\"@type\":\"PropertyValueSpecification\",\"valueRequired\":true,\"valueName\":\"search_term_string\"}}],\"inLanguage\":\"es\"},{\"@type\":\"Organization\",\"@id\":\"https:\/\/colegioarquitectos.com\/noticias\/#organization\",\"name\":\"COLEGIO DE ARQUITECTOS DE CHILE\",\"url\":\"https:\/\/colegioarquitectos.com\/noticias\/\",\"logo\":{\"@type\":\"ImageObject\",\"inLanguage\":\"es\",\"@id\":\"https:\/\/colegioarquitectos.com\/noticias\/#\/schema\/logo\/image\/\",\"url\":\"https:\/\/colegioarquitectos.com\/noticias\/wp-content\/uploads\/2021\/05\/ENCABEZADO-LOGO-CA.jpg\",\"contentUrl\":\"https:\/\/colegioarquitectos.com\/noticias\/wp-content\/uploads\/2021\/05\/ENCABEZADO-LOGO-CA.jpg\",\"width\":690,\"height\":350,\"caption\":\"COLEGIO DE ARQUITECTOS DE CHILE\"},\"image\":{\"@id\":\"https:\/\/colegioarquitectos.com\/noticias\/#\/schema\/logo\/image\/\"},\"sameAs\":[\"https:\/\/facebook.com\/Colegioarq\/\",\"https:\/\/x.com\/colegioarq\",\"https:\/\/instagram.com\/colegioarq\",\"https:\/\/youtube.com\/@ColegiodeArquitectosdeChile\"]},{\"@type\":\"Person\",\"@id\":\"https:\/\/colegioarquitectos.com\/noticias\/#\/schema\/person\/685cc0aad148303c5608f049af8285ad\",\"name\":\"Colegio de Arquitectos de Chile\",\"url\":\"https:\/\/colegioarquitectos.com\/noticias\/?author=4\"}]}<\/script>\n<!-- \/ Yoast SEO plugin. -->","yoast_head_json":{"title":"[Cartas] Carta de la presidenta Beatriz Buccicardi a Paulina Saball, Encargada Presidencial del Proceso de Reconstrucci\u00f3n - COLEGIO DE ARQUITECTOS DE CHILE","robots":{"index":"index","follow":"follow","max-snippet":"max-snippet:-1","max-image-preview":"max-image-preview:large","max-video-preview":"max-video-preview:-1"},"canonical":"https:\/\/colegioarquitectos.com\/noticias\/?p=29826","og_locale":"es_ES","og_type":"article","og_title":"[Cartas] Carta de la presidenta Beatriz Buccicardi a Paulina Saball, Encargada Presidencial del Proceso de Reconstrucci\u00f3n - COLEGIO DE ARQUITECTOS DE CHILE","og_description":"&nbsp; Santiago de Chile 20 de febrero 2023 &nbsp; Se\u00f1ora Paulina Saball Encargada Presidencial Proceso de Reconstrucci\u00f3n Zonas afectadas por incendios P R E S E N T E &nbsp; Estimada Paulina Junto con saludarle afectuosamente, me es grato dirigirme &hellip; ver m\u00e1s","og_url":"https:\/\/colegioarquitectos.com\/noticias\/?p=29826","og_site_name":"COLEGIO DE ARQUITECTOS DE CHILE","article_publisher":"https:\/\/facebook.com\/Colegioarq\/","article_published_time":"2023-02-21T17:44:15+00:00","article_modified_time":"2023-02-21T17:45:10+00:00","og_image":[{"width":1280,"height":720,"url":"https:\/\/colegioarquitectos.com\/noticias\/wp-content\/uploads\/2023\/02\/Nuevo-proyecto-1.jpg","type":"image\/jpeg"}],"author":"Colegio de Arquitectos de Chile","twitter_card":"summary_large_image","twitter_creator":"@colegioarq","twitter_site":"@colegioarq","twitter_misc":{"Escrito por":"Colegio de Arquitectos de Chile","Tiempo de lectura":"1 minuto"},"schema":{"@context":"https:\/\/schema.org","@graph":[{"@type":"Article","@id":"https:\/\/colegioarquitectos.com\/noticias\/?p=29826#article","isPartOf":{"@id":"https:\/\/colegioarquitectos.com\/noticias\/?p=29826"},"author":{"name":"Colegio de Arquitectos de Chile","@id":"https:\/\/colegioarquitectos.com\/noticias\/#\/schema\/person\/685cc0aad148303c5608f049af8285ad"},"headline":"[Cartas] Carta de la presidenta Beatriz Buccicardi a Paulina Saball, Encargada Presidencial del Proceso de Reconstrucci\u00f3n","datePublished":"2023-02-21T17:44:15+00:00","dateModified":"2023-02-21T17:45:10+00:00","mainEntityOfPage":{"@id":"https:\/\/colegioarquitectos.com\/noticias\/?p=29826"},"wordCount":307,"publisher":{"@id":"https:\/\/colegioarquitectos.com\/noticias\/#organization"},"image":{"@id":"https:\/\/colegioarquitectos.com\/noticias\/?p=29826#primaryimage"},"thumbnailUrl":"https:\/\/colegioarquitectos.com\/noticias\/wp-content\/uploads\/2023\/02\/Nuevo-proyecto-1.jpg","keywords":["Beatriz Buccicardi","Carta","Incendios","incendios forestales","ordenamiento territorial","Paulina Saball","planificaci\u00f3n","planificaci\u00f3n territorial"],"articleSection":["Cartas","Colegio"],"inLanguage":"es"},{"@type":"WebPage","@id":"https:\/\/colegioarquitectos.com\/noticias\/?p=29826","url":"https:\/\/colegioarquitectos.com\/noticias\/?p=29826","name":"[Cartas] Carta de la presidenta Beatriz Buccicardi a Paulina Saball, Encargada Presidencial del Proceso de Reconstrucci\u00f3n - COLEGIO DE ARQUITECTOS DE CHILE","isPartOf":{"@id":"https:\/\/colegioarquitectos.com\/noticias\/#website"},"primaryImageOfPage":{"@id":"https:\/\/colegioarquitectos.com\/noticias\/?p=29826#primaryimage"},"image":{"@id":"https:\/\/colegioarquitectos.com\/noticias\/?p=29826#primaryimage"},"thumbnailUrl":"https:\/\/colegioarquitectos.com\/noticias\/wp-content\/uploads\/2023\/02\/Nuevo-proyecto-1.jpg","datePublished":"2023-02-21T17:44:15+00:00","dateModified":"2023-02-21T17:45:10+00:00","breadcrumb":{"@id":"https:\/\/colegioarquitectos.com\/noticias\/?p=29826#breadcrumb"},"inLanguage":"es","potentialAction":[{"@type":"ReadAction","target":["https:\/\/colegioarquitectos.com\/noticias\/?p=29826"]}]},{"@type":"ImageObject","inLanguage":"es","@id":"https:\/\/colegioarquitectos.com\/noticias\/?p=29826#primaryimage","url":"https:\/\/colegioarquitectos.com\/noticias\/wp-content\/uploads\/2023\/02\/Nuevo-proyecto-1.jpg","contentUrl":"https:\/\/colegioarquitectos.com\/noticias\/wp-content\/uploads\/2023\/02\/Nuevo-proyecto-1.jpg","width":1280,"height":720},{"@type":"BreadcrumbList","@id":"https:\/\/colegioarquitectos.com\/noticias\/?p=29826#breadcrumb","itemListElement":[{"@type":"ListItem","position":1,"name":"Portada","item":"https:\/\/colegioarquitectos.com\/noticias"},{"@type":"ListItem","position":2,"name":"[Cartas] Carta de la presidenta Beatriz Buccicardi a Paulina Saball, Encargada Presidencial del Proceso de Reconstrucci\u00f3n"}]},{"@type":"WebSite","@id":"https:\/\/colegioarquitectos.com\/noticias\/#website","url":"https:\/\/colegioarquitectos.com\/noticias\/","name":"COLEGIO DE ARQUITECTOS DE CHILE","description":"","publisher":{"@id":"https:\/\/colegioarquitectos.com\/noticias\/#organization"},"potentialAction":[{"@type":"SearchAction","target":{"@type":"EntryPoint","urlTemplate":"https:\/\/colegioarquitectos.com\/noticias\/?s={search_term_string}"},"query-input":{"@type":"PropertyValueSpecification","valueRequired":true,"valueName":"search_term_string"}}],"inLanguage":"es"},{"@type":"Organization","@id":"https:\/\/colegioarquitectos.com\/noticias\/#organization","name":"COLEGIO DE ARQUITECTOS DE CHILE","url":"https:\/\/colegioarquitectos.com\/noticias\/","logo":{"@type":"ImageObject","inLanguage":"es","@id":"https:\/\/colegioarquitectos.com\/noticias\/#\/schema\/logo\/image\/","url":"https:\/\/colegioarquitectos.com\/noticias\/wp-content\/uploads\/2021\/05\/ENCABEZADO-LOGO-CA.jpg","contentUrl":"https:\/\/colegioarquitectos.com\/noticias\/wp-content\/uploads\/2021\/05\/ENCABEZADO-LOGO-CA.jpg","width":690,"height":350,"caption":"COLEGIO DE ARQUITECTOS DE CHILE"},"image":{"@id":"https:\/\/colegioarquitectos.com\/noticias\/#\/schema\/logo\/image\/"},"sameAs":["https:\/\/facebook.com\/Colegioarq\/","https:\/\/x.com\/colegioarq","https:\/\/instagram.com\/colegioarq","https:\/\/youtube.com\/@ColegiodeArquitectosdeChile"]},{"@type":"Person","@id":"https:\/\/colegioarquitectos.com\/noticias\/#\/schema\/person\/685cc0aad148303c5608f049af8285ad","name":"Colegio de Arquitectos de Chile","url":"https:\/\/colegioarquitectos.com\/noticias\/?author=4"}]}},"_links":{"self":[{"href":"https:\/\/colegioarquitectos.com\/noticias\/index.php?rest_route=\/wp\/v2\/posts\/29826","targetHints":{"allow":["GET"]}}],"collection":[{"href":"https:\/\/colegioarquitectos.com\/noticias\/index.php?rest_route=\/wp\/v2\/posts"}],"about":[{"href":"https:\/\/colegioarquitectos.com\/noticias\/index.php?rest_route=\/wp\/v2\/types\/post"}],"author":[{"embeddable":true,"href":"https:\/\/colegioarquitectos.com\/noticias\/index.php?rest_route=\/wp\/v2\/users\/4"}],"replies":[{"embeddable":true,"href":"https:\/\/colegioarquitectos.com\/noticias\/index.php?rest_route=%2Fwp%2Fv2%2Fcomments&post=29826"}],"version-history":[{"count":0,"href":"https:\/\/colegioarquitectos.com\/noticias\/index.php?rest_route=\/wp\/v2\/posts\/29826\/revisions"}],"wp:featuredmedia":[{"embeddable":true,"href":"https:\/\/colegioarquitectos.com\/noticias\/index.php?rest_route=\/wp\/v2\/media\/29822"}],"wp:attachment":[{"href":"https:\/\/colegioarquitectos.com\/noticias\/index.php?rest_route=%2Fwp%2Fv2%2Fmedia&parent=29826"}],"wp:term":[{"taxonomy":"category","embeddable":true,"href":"https:\/\/colegioarquitectos.com\/noticias\/index.php?rest_route=%2Fwp%2Fv2%2Fcategories&post=29826"},{"taxonomy":"post_tag","embeddable":true,"href":"https:\/\/colegioarquitectos.com\/noticias\/index.php?rest_route=%2Fwp%2Fv2%2Ftags&post=29826"}],"curies":[{"name":"wp","href":"https:\/\/api.w.org\/{rel}","templated":true}]}}