
{"id":29849,"date":"2023-03-06T09:46:46","date_gmt":"2023-03-06T13:46:46","guid":{"rendered":"https:\/\/colegioarquitectos.com\/?p=29849"},"modified":"2023-03-13T11:56:54","modified_gmt":"2023-03-13T15:56:54","slug":"arquitectascolegiadas-presidentas-nacionales-del-colegio-de-arquitectos-de-chile","status":"publish","type":"post","link":"https:\/\/colegioarquitectos.com\/noticias\/?p=29849","title":{"rendered":"#ArquitectasColegiadas &#8211; Homenaje a las Presidentas Nacionales del Colegio de Arquitectos de Chile"},"content":{"rendered":"<p>En el marco de la semana del <strong>D\u00eda Internacional de la Mujer<\/strong>, como Colegio de Arquitectos de Chile queremos conmemorar a las arquitectas colegiadas que\u00a0trabajaron para y desde nuestra Asociaci\u00f3n Gremial como presidentas nacionales.<\/p>\n<hr \/>\n<p><img loading=\"lazy\" decoding=\"async\" class=\"size-full wp-image-29876 alignleft\" src=\"https:\/\/colegioarquitectos.com\/noticias\/wp-content\/uploads\/2023\/03\/carball.jpg\" alt=\"\" width=\"600\" height=\"600\" srcset=\"https:\/\/colegioarquitectos.com\/noticias\/wp-content\/uploads\/2023\/03\/carball.jpg 600w, https:\/\/colegioarquitectos.com\/noticias\/wp-content\/uploads\/2023\/03\/carball-180x180.jpg 180w, https:\/\/colegioarquitectos.com\/noticias\/wp-content\/uploads\/2023\/03\/carball-300x300.jpg 300w\" sizes=\"auto, (max-width: 600px) 100vw, 600px\" \/><\/p>\n<h4 style=\"text-align: left;\"><\/h4>\n<h4><strong>Eliana Caraball Mart\u00ednez (1937)<\/strong><\/h4>\n<p>Se titul\u00f3 como arquitecta de la Pontificia Universidad Cat\u00f3lica de Chile en 1965.<\/p>\n<p>Entre 1980 y 1983 fue Subdirectora de la Escuela de Arquitectura de la Universidad Cat\u00f3lica de Chile. En la misma Universidad desde 1980 y hasta 1992 se desempe\u00f1\u00f3 como profesora del ramo de Vivienda (obligatorio) y dict\u00f3 el Seminario de Vivienda Social (electivo). Entre 1960 y 1962 fue investigadora del Instituto de Vivienda de la Universidad Cat\u00f3lica de Chile.<\/p>\n<p>En 1958 ingres\u00f3 al Partido Dem\u00f3crata Cristiano. Entre 1963 y 1964 colabor\u00f3 en la Comisi\u00f3n de Promoci\u00f3n Popular de la elaboraci\u00f3n del Programa de Gobierno de Eduardo Frei Montalva.<\/p>\n<p>En 1989 fue electa diputada por el Distrito N\u00b023. El 22 de junio de 1993 asumi\u00f3 como Vicepresidenta de la C\u00e1mara de Diputadas y Diputados, convirti\u00e9ndose en la primera mujer en la historia en desempe\u00f1ar el cargo.<\/p>\n<p>En 1997 fue electa diputada por el Distrito N\u00b0 27, para el per\u00edodo 1998-2002, siendo reelecta por el mismo distrito para el per\u00edodo 2002-2006. Integr\u00f3 la Comisi\u00f3n Permanente de Gobierno Interior; Regionalizaci\u00f3n; Planificaci\u00f3n y Desarrollo Social; la de Vivienda y Desarrollo Urbano y la de Obras P\u00fablicas, Transporte y Telecomunicaciones, ocupando la presidencia de cada una de estas Comisiones.<\/p>\n<p>En 1986, se convirti\u00f3 en la primera mujer en desempe\u00f1ar el cargo de Presidenta Nacional del Colegio de Arquitectos de Chile.<\/p>\n<p>&nbsp;<\/p>\n<p>&nbsp;<\/p>\n<p>&nbsp;<\/p>\n<p>&nbsp;<\/p>\n<h4 style=\"text-align: left;\"><\/h4>\n<hr \/>\n<p><img loading=\"lazy\" decoding=\"async\" class=\"size-full wp-image-29877 alignleft\" src=\"https:\/\/colegioarquitectos.com\/noticias\/wp-content\/uploads\/2023\/03\/tuca.jpg\" alt=\"\" width=\"600\" height=\"600\" srcset=\"https:\/\/colegioarquitectos.com\/noticias\/wp-content\/uploads\/2023\/03\/tuca.jpg 600w, https:\/\/colegioarquitectos.com\/noticias\/wp-content\/uploads\/2023\/03\/tuca-180x180.jpg 180w, https:\/\/colegioarquitectos.com\/noticias\/wp-content\/uploads\/2023\/03\/tuca-300x300.jpg 300w\" sizes=\"auto, (max-width: 600px) 100vw, 600px\" \/><\/p>\n<h4><strong>Isabel Tuca Garc\u00eda (1939-2018)<\/strong><\/h4>\n<p>Se titul\u00f3 como arquitecta de la Universidad de Chile en 1964.<\/p>\n<p>Curs\u00f3 estudios de postgrado en Dise\u00f1o Urbano en Espa\u00f1a y luego se incorpor\u00f3 a la actividad acad\u00e9mica en la Universidad de Chile, primero como profesora de Expresi\u00f3n Gr\u00e1fica y luego como profesora de Taller. En 1988 se convirti\u00f3 en la primera mujer en dirigir la Escuela de Arquitectura de la misma casa de estudios.<\/p>\n<p>En el mundo privado, fund\u00f3 la oficina de arquitectura Guridi-Tuca, que marc\u00f3 \u00e9nfasis en el dise\u00f1o y proyecci\u00f3n de viviendas particulares, obteniendo numerosos premios en concursos y desarrollo de proyectos.<\/p>\n<p>Fue parte del Consejo Editor de la Revista CA y directora de la muestra de la XI Bienal de Arquitectura y Urbanismo de Chile, \u00abEl espacio p\u00fablico: Vigencia y destino\u00bb.<\/p>\n<p>En 2000, se convirti\u00f3 en la segunda mujer en desempe\u00f1ar el cargo de Presidenta Nacional del Colegio de Arquitectos de Chile.<\/p>\n<p>&nbsp;<\/p>\n<p>&nbsp;<\/p>\n<p>&nbsp;<\/p>\n<p>&nbsp;<\/p>\n<p>&nbsp;<\/p>\n<p>&nbsp;<\/p>\n<h4><\/h4>\n<hr \/>\n<p><img loading=\"lazy\" decoding=\"async\" class=\"size-full wp-image-29875 alignleft\" src=\"https:\/\/colegioarquitectos.com\/noticias\/wp-content\/uploads\/2023\/03\/urrejola.jpg\" alt=\"\" width=\"600\" height=\"600\" srcset=\"https:\/\/colegioarquitectos.com\/noticias\/wp-content\/uploads\/2023\/03\/urrejola.jpg 600w, https:\/\/colegioarquitectos.com\/noticias\/wp-content\/uploads\/2023\/03\/urrejola-180x180.jpg 180w, https:\/\/colegioarquitectos.com\/noticias\/wp-content\/uploads\/2023\/03\/urrejola-300x300.jpg 300w\" sizes=\"auto, (max-width: 600px) 100vw, 600px\" \/><\/p>\n<h4><strong>Pilar Urrejola Dittborn (1952)<\/strong><\/h4>\n<p>Arquitecta de la Universidad de Chile.<\/p>\n<p>Profesora de la Escuela de Arquitectura de la Pontificia Universidad Cat\u00f3lica de Chile desde 1988, ha ocupado diversos cargos, entre ellos, en el Comit\u00e9 de Docencia de la escuela, en el Comit\u00e9 Editor de la revista ARQ y como subdirectora de Extensi\u00f3n y Desarrollo. Tambi\u00e9n ha sido directora subrogante en dos ocasiones (2003 y 2005).<\/p>\n<p>Ha ejercido paralelamente la profesi\u00f3n como socia de una oficina de arquitectura durante 22 a\u00f1os (entre 1988 y 2010) junto a su esposo, donde trabaj\u00f3 en proyectos de edificios, colegios, conjuntos habitacionales, preinversionales y concursos.<\/p>\n<p>En paralelo a su trabajo acad\u00e9mico y profesional, en el Colegio de Arquitectos de Chile fue Presidenta del Tribunal de \u00c9tica Nacional (TEN) y Presidenta de la XI Bienal de Arquitectura y Urbanismo de Chile, \u00abEl espacio p\u00fablico: Vigencia y destino\u00bb.<\/p>\n<p>En 2015, se convirti\u00f3 en la tercera mujer en desempe\u00f1ar el cargo de Presidenta Nacional del Colegio de Arquitectos de Chile.<\/p>\n<p>&nbsp;<\/p>\n<p>&nbsp;<\/p>\n<p>&nbsp;<\/p>\n<p>&nbsp;<\/p>\n<p>&nbsp;<\/p>\n<h4 style=\"text-align: left;\"><\/h4>\n<hr \/>\n<p><img loading=\"lazy\" decoding=\"async\" class=\"size-full wp-image-29874 alignleft\" src=\"https:\/\/colegioarquitectos.com\/noticias\/wp-content\/uploads\/2023\/03\/baza.jpg\" alt=\"\" width=\"600\" height=\"600\" srcset=\"https:\/\/colegioarquitectos.com\/noticias\/wp-content\/uploads\/2023\/03\/baza.jpg 600w, https:\/\/colegioarquitectos.com\/noticias\/wp-content\/uploads\/2023\/03\/baza-180x180.jpg 180w, https:\/\/colegioarquitectos.com\/noticias\/wp-content\/uploads\/2023\/03\/baza-300x300.jpg 300w\" sizes=\"auto, (max-width: 600px) 100vw, 600px\" \/><\/p>\n<h4><strong>Jadille Baza Apud (1949)<\/strong><\/h4>\n<p>Arquitecta de la Universidad de Chile.<\/p>\n<p>Tiene estudios en Planificaci\u00f3n y Administraci\u00f3n de la Educaci\u00f3n en Chile, M\u00e9xico y Francia. Es Diplomado en Pol\u00edticas P\u00fablicas, Eficiencia Energ\u00e9tica y Energ\u00eda Solar T\u00e9rmica en Edificaci\u00f3n P\u00fablica de la Universidad de Chile.<\/p>\n<p>Ingres\u00f3 al Ministerio de Educaci\u00f3n en 1976, en donde se desempe\u00f1\u00f3 como jefa del Departamento de Infraestructura y Equipamiento Educacional hasta mayo de 2020.<\/p>\n<p>Se desempe\u00f1\u00f3 como jefa de la componente de Infraestructura del proyecto MECE del Banco Mundial y como coordinadora t\u00e9cnica nacional del proyecto conjunto del Ministerio de Educaci\u00f3n y Unesco para el mejoramiento de la inversi\u00f3n en infraestructura educacional.<\/p>\n<p>En el Colegio de Arquitectos de Chile fue Vicepresidenta Nacional en el per\u00edodo 2002-2004 y particip\u00f3 en representaci\u00f3n del CA como miembro del grupo de trabajo de Espacios Educativos y Culturales de la Uni\u00f3n Internacional de Arquitectos (UIA).<\/p>\n<p>En 2020, se convirti\u00f3 en la cuarta mujer en desempe\u00f1ar el cargo de Presidenta Nacional del Colegio de Arquitectos de Chile.<\/p>\n<p>&nbsp;<\/p>\n<p>&nbsp;<\/p>\n<p>&nbsp;<\/p>\n<p>&nbsp;<\/p>\n<hr \/>\n<p>&nbsp;<\/p>\n<p><\/p>","protected":false},"excerpt":{"rendered":"<p>En el marco de la semana del D\u00eda Internacional de la Mujer, como Colegio de Arquitectos de Chile queremos conmemorar a las arquitectas colegiadas que\u00a0trabajaron para y desde nuestra Asociaci\u00f3n Gremial como presidentas nacionales. Eliana Caraball Mart\u00ednez (1937) Se titul\u00f3 &hellip; <a class=\"more-link\" href=\"https:\/\/colegioarquitectos.com\/noticias\/?p=29849\">ver m\u00e1s<\/a><\/p>","protected":false},"author":4,"featured_media":29873,"comment_status":"closed","ping_status":"closed","sticky":false,"template":"","format":"standard","meta":{"footnotes":""},"categories":[160,8],"tags":[175,101,105,166,167,113,168,170,169],"class_list":["post-29849","post","type-post","status-publish","format-standard","has-post-thumbnail","hentry","category-arquitectas-colegiadas","category-colegio-de-arquitectos","tag-arquitectas-colegiadas","tag-colegio-de-arquitectos","tag-colegio-de-arquitectos-de-chile","tag-eliana-caraball","tag-isabel-tuca","tag-jadille-baza","tag-pilar-urrejola","tag-presidentas-ca","tag-presidentas-nacionales"],"yoast_head":"<!-- This site is optimized with the Yoast SEO plugin v24.2 - https:\/\/yoast.com\/wordpress\/plugins\/seo\/ -->\n<title>#ArquitectasColegiadas - Homenaje a las Presidentas Nacionales del Colegio de Arquitectos de Chile - COLEGIO DE ARQUITECTOS DE CHILE<\/title>\n<meta name=\"robots\" content=\"index, follow, max-snippet:-1, max-image-preview:large, max-video-preview:-1\" \/>\n<link rel=\"canonical\" href=\"https:\/\/colegioarquitectos.com\/noticias\/?p=29849\" \/>\n<meta property=\"og:locale\" content=\"es_ES\" \/>\n<meta property=\"og:type\" content=\"article\" \/>\n<meta property=\"og:title\" content=\"#ArquitectasColegiadas - Homenaje a las Presidentas Nacionales del Colegio de Arquitectos de Chile - COLEGIO DE ARQUITECTOS DE CHILE\" \/>\n<meta property=\"og:description\" content=\"En el marco de la semana del D\u00eda Internacional de la Mujer, como Colegio de Arquitectos de Chile queremos conmemorar a las arquitectas colegiadas que\u00a0trabajaron para y desde nuestra Asociaci\u00f3n Gremial como presidentas nacionales. Eliana Caraball Mart\u00ednez (1937) Se titul\u00f3 &hellip; ver m\u00e1s\" \/>\n<meta property=\"og:url\" content=\"https:\/\/colegioarquitectos.com\/noticias\/?p=29849\" \/>\n<meta property=\"og:site_name\" content=\"COLEGIO DE ARQUITECTOS DE CHILE\" \/>\n<meta property=\"article:publisher\" content=\"https:\/\/facebook.com\/Colegioarq\/\" \/>\n<meta property=\"article:published_time\" content=\"2023-03-06T13:46:46+00:00\" \/>\n<meta property=\"article:modified_time\" content=\"2023-03-13T15:56:54+00:00\" \/>\n<meta property=\"og:image\" content=\"https:\/\/colegioarquitectos.com\/noticias\/wp-content\/uploads\/2023\/03\/8M-PRESIDENTAS-destweb-portada.png\" \/>\n\t<meta property=\"og:image:width\" content=\"1280\" \/>\n\t<meta property=\"og:image:height\" content=\"720\" \/>\n\t<meta property=\"og:image:type\" content=\"image\/png\" \/>\n<meta name=\"author\" content=\"Colegio de Arquitectos de Chile\" \/>\n<meta name=\"twitter:card\" content=\"summary_large_image\" \/>\n<meta name=\"twitter:creator\" content=\"@colegioarq\" \/>\n<meta name=\"twitter:site\" content=\"@colegioarq\" \/>\n<meta name=\"twitter:label1\" content=\"Escrito por\" \/>\n\t<meta name=\"twitter:data1\" content=\"Colegio de Arquitectos de Chile\" \/>\n\t<meta name=\"twitter:label2\" content=\"Tiempo de lectura\" \/>\n\t<meta name=\"twitter:data2\" content=\"4 minutos\" \/>\n<script type=\"application\/ld+json\" class=\"yoast-schema-graph\">{\"@context\":\"https:\/\/schema.org\",\"@graph\":[{\"@type\":\"Article\",\"@id\":\"https:\/\/colegioarquitectos.com\/noticias\/?p=29849#article\",\"isPartOf\":{\"@id\":\"https:\/\/colegioarquitectos.com\/noticias\/?p=29849\"},\"author\":{\"name\":\"Colegio de Arquitectos de Chile\",\"@id\":\"https:\/\/colegioarquitectos.com\/noticias\/#\/schema\/person\/685cc0aad148303c5608f049af8285ad\"},\"headline\":\"#ArquitectasColegiadas &#8211; Homenaje a las Presidentas Nacionales del Colegio de Arquitectos de Chile\",\"datePublished\":\"2023-03-06T13:46:46+00:00\",\"dateModified\":\"2023-03-13T15:56:54+00:00\",\"mainEntityOfPage\":{\"@id\":\"https:\/\/colegioarquitectos.com\/noticias\/?p=29849\"},\"wordCount\":791,\"publisher\":{\"@id\":\"https:\/\/colegioarquitectos.com\/noticias\/#organization\"},\"image\":{\"@id\":\"https:\/\/colegioarquitectos.com\/noticias\/?p=29849#primaryimage\"},\"thumbnailUrl\":\"https:\/\/colegioarquitectos.com\/noticias\/wp-content\/uploads\/2023\/03\/8M-PRESIDENTAS-destweb-portada.png\",\"keywords\":[\"Arquitectas colegiadas\",\"Colegio de Arquitectos\",\"Colegio de Arquitectos de Chile\",\"Eliana Caraball\",\"Isabel Tuca\",\"Jadille Baza\",\"Pilar Urrejola\",\"Presidentas CA\",\"Presidentas Nacionales\"],\"articleSection\":[\"Arquitectas Colegiadas\",\"Colegio\"],\"inLanguage\":\"es\"},{\"@type\":\"WebPage\",\"@id\":\"https:\/\/colegioarquitectos.com\/noticias\/?p=29849\",\"url\":\"https:\/\/colegioarquitectos.com\/noticias\/?p=29849\",\"name\":\"#ArquitectasColegiadas - Homenaje a las Presidentas Nacionales del Colegio de Arquitectos de Chile - COLEGIO DE ARQUITECTOS DE CHILE\",\"isPartOf\":{\"@id\":\"https:\/\/colegioarquitectos.com\/noticias\/#website\"},\"primaryImageOfPage\":{\"@id\":\"https:\/\/colegioarquitectos.com\/noticias\/?p=29849#primaryimage\"},\"image\":{\"@id\":\"https:\/\/colegioarquitectos.com\/noticias\/?p=29849#primaryimage\"},\"thumbnailUrl\":\"https:\/\/colegioarquitectos.com\/noticias\/wp-content\/uploads\/2023\/03\/8M-PRESIDENTAS-destweb-portada.png\",\"datePublished\":\"2023-03-06T13:46:46+00:00\",\"dateModified\":\"2023-03-13T15:56:54+00:00\",\"breadcrumb\":{\"@id\":\"https:\/\/colegioarquitectos.com\/noticias\/?p=29849#breadcrumb\"},\"inLanguage\":\"es\",\"potentialAction\":[{\"@type\":\"ReadAction\",\"target\":[\"https:\/\/colegioarquitectos.com\/noticias\/?p=29849\"]}]},{\"@type\":\"ImageObject\",\"inLanguage\":\"es\",\"@id\":\"https:\/\/colegioarquitectos.com\/noticias\/?p=29849#primaryimage\",\"url\":\"https:\/\/colegioarquitectos.com\/noticias\/wp-content\/uploads\/2023\/03\/8M-PRESIDENTAS-destweb-portada.png\",\"contentUrl\":\"https:\/\/colegioarquitectos.com\/noticias\/wp-content\/uploads\/2023\/03\/8M-PRESIDENTAS-destweb-portada.png\",\"width\":1280,\"height\":720},{\"@type\":\"BreadcrumbList\",\"@id\":\"https:\/\/colegioarquitectos.com\/noticias\/?p=29849#breadcrumb\",\"itemListElement\":[{\"@type\":\"ListItem\",\"position\":1,\"name\":\"Portada\",\"item\":\"https:\/\/colegioarquitectos.com\/noticias\"},{\"@type\":\"ListItem\",\"position\":2,\"name\":\"#ArquitectasColegiadas &#8211; Homenaje a las Presidentas Nacionales del Colegio de Arquitectos de Chile\"}]},{\"@type\":\"WebSite\",\"@id\":\"https:\/\/colegioarquitectos.com\/noticias\/#website\",\"url\":\"https:\/\/colegioarquitectos.com\/noticias\/\",\"name\":\"COLEGIO DE ARQUITECTOS DE CHILE\",\"description\":\"\",\"publisher\":{\"@id\":\"https:\/\/colegioarquitectos.com\/noticias\/#organization\"},\"potentialAction\":[{\"@type\":\"SearchAction\",\"target\":{\"@type\":\"EntryPoint\",\"urlTemplate\":\"https:\/\/colegioarquitectos.com\/noticias\/?s={search_term_string}\"},\"query-input\":{\"@type\":\"PropertyValueSpecification\",\"valueRequired\":true,\"valueName\":\"search_term_string\"}}],\"inLanguage\":\"es\"},{\"@type\":\"Organization\",\"@id\":\"https:\/\/colegioarquitectos.com\/noticias\/#organization\",\"name\":\"COLEGIO DE ARQUITECTOS DE CHILE\",\"url\":\"https:\/\/colegioarquitectos.com\/noticias\/\",\"logo\":{\"@type\":\"ImageObject\",\"inLanguage\":\"es\",\"@id\":\"https:\/\/colegioarquitectos.com\/noticias\/#\/schema\/logo\/image\/\",\"url\":\"https:\/\/colegioarquitectos.com\/noticias\/wp-content\/uploads\/2021\/05\/ENCABEZADO-LOGO-CA.jpg\",\"contentUrl\":\"https:\/\/colegioarquitectos.com\/noticias\/wp-content\/uploads\/2021\/05\/ENCABEZADO-LOGO-CA.jpg\",\"width\":690,\"height\":350,\"caption\":\"COLEGIO DE ARQUITECTOS DE CHILE\"},\"image\":{\"@id\":\"https:\/\/colegioarquitectos.com\/noticias\/#\/schema\/logo\/image\/\"},\"sameAs\":[\"https:\/\/facebook.com\/Colegioarq\/\",\"https:\/\/x.com\/colegioarq\",\"https:\/\/instagram.com\/colegioarq\",\"https:\/\/youtube.com\/@ColegiodeArquitectosdeChile\"]},{\"@type\":\"Person\",\"@id\":\"https:\/\/colegioarquitectos.com\/noticias\/#\/schema\/person\/685cc0aad148303c5608f049af8285ad\",\"name\":\"Colegio de Arquitectos de Chile\",\"url\":\"https:\/\/colegioarquitectos.com\/noticias\/?author=4\"}]}<\/script>\n<!-- \/ Yoast SEO plugin. -->","yoast_head_json":{"title":"#ArquitectasColegiadas - Homenaje a las Presidentas Nacionales del Colegio de Arquitectos de Chile - COLEGIO DE ARQUITECTOS DE CHILE","robots":{"index":"index","follow":"follow","max-snippet":"max-snippet:-1","max-image-preview":"max-image-preview:large","max-video-preview":"max-video-preview:-1"},"canonical":"https:\/\/colegioarquitectos.com\/noticias\/?p=29849","og_locale":"es_ES","og_type":"article","og_title":"#ArquitectasColegiadas - Homenaje a las Presidentas Nacionales del Colegio de Arquitectos de Chile - COLEGIO DE ARQUITECTOS DE CHILE","og_description":"En el marco de la semana del D\u00eda Internacional de la Mujer, como Colegio de Arquitectos de Chile queremos conmemorar a las arquitectas colegiadas que\u00a0trabajaron para y desde nuestra Asociaci\u00f3n Gremial como presidentas nacionales. Eliana Caraball Mart\u00ednez (1937) Se titul\u00f3 &hellip; ver m\u00e1s","og_url":"https:\/\/colegioarquitectos.com\/noticias\/?p=29849","og_site_name":"COLEGIO DE ARQUITECTOS DE CHILE","article_publisher":"https:\/\/facebook.com\/Colegioarq\/","article_published_time":"2023-03-06T13:46:46+00:00","article_modified_time":"2023-03-13T15:56:54+00:00","og_image":[{"width":1280,"height":720,"url":"https:\/\/colegioarquitectos.com\/noticias\/wp-content\/uploads\/2023\/03\/8M-PRESIDENTAS-destweb-portada.png","type":"image\/png"}],"author":"Colegio de Arquitectos de Chile","twitter_card":"summary_large_image","twitter_creator":"@colegioarq","twitter_site":"@colegioarq","twitter_misc":{"Escrito por":"Colegio de Arquitectos de Chile","Tiempo de lectura":"4 minutos"},"schema":{"@context":"https:\/\/schema.org","@graph":[{"@type":"Article","@id":"https:\/\/colegioarquitectos.com\/noticias\/?p=29849#article","isPartOf":{"@id":"https:\/\/colegioarquitectos.com\/noticias\/?p=29849"},"author":{"name":"Colegio de Arquitectos de Chile","@id":"https:\/\/colegioarquitectos.com\/noticias\/#\/schema\/person\/685cc0aad148303c5608f049af8285ad"},"headline":"#ArquitectasColegiadas &#8211; Homenaje a las Presidentas Nacionales del Colegio de Arquitectos de Chile","datePublished":"2023-03-06T13:46:46+00:00","dateModified":"2023-03-13T15:56:54+00:00","mainEntityOfPage":{"@id":"https:\/\/colegioarquitectos.com\/noticias\/?p=29849"},"wordCount":791,"publisher":{"@id":"https:\/\/colegioarquitectos.com\/noticias\/#organization"},"image":{"@id":"https:\/\/colegioarquitectos.com\/noticias\/?p=29849#primaryimage"},"thumbnailUrl":"https:\/\/colegioarquitectos.com\/noticias\/wp-content\/uploads\/2023\/03\/8M-PRESIDENTAS-destweb-portada.png","keywords":["Arquitectas colegiadas","Colegio de Arquitectos","Colegio de Arquitectos de Chile","Eliana Caraball","Isabel Tuca","Jadille Baza","Pilar Urrejola","Presidentas CA","Presidentas Nacionales"],"articleSection":["Arquitectas Colegiadas","Colegio"],"inLanguage":"es"},{"@type":"WebPage","@id":"https:\/\/colegioarquitectos.com\/noticias\/?p=29849","url":"https:\/\/colegioarquitectos.com\/noticias\/?p=29849","name":"#ArquitectasColegiadas - Homenaje a las Presidentas Nacionales del Colegio de Arquitectos de Chile - COLEGIO DE ARQUITECTOS DE CHILE","isPartOf":{"@id":"https:\/\/colegioarquitectos.com\/noticias\/#website"},"primaryImageOfPage":{"@id":"https:\/\/colegioarquitectos.com\/noticias\/?p=29849#primaryimage"},"image":{"@id":"https:\/\/colegioarquitectos.com\/noticias\/?p=29849#primaryimage"},"thumbnailUrl":"https:\/\/colegioarquitectos.com\/noticias\/wp-content\/uploads\/2023\/03\/8M-PRESIDENTAS-destweb-portada.png","datePublished":"2023-03-06T13:46:46+00:00","dateModified":"2023-03-13T15:56:54+00:00","breadcrumb":{"@id":"https:\/\/colegioarquitectos.com\/noticias\/?p=29849#breadcrumb"},"inLanguage":"es","potentialAction":[{"@type":"ReadAction","target":["https:\/\/colegioarquitectos.com\/noticias\/?p=29849"]}]},{"@type":"ImageObject","inLanguage":"es","@id":"https:\/\/colegioarquitectos.com\/noticias\/?p=29849#primaryimage","url":"https:\/\/colegioarquitectos.com\/noticias\/wp-content\/uploads\/2023\/03\/8M-PRESIDENTAS-destweb-portada.png","contentUrl":"https:\/\/colegioarquitectos.com\/noticias\/wp-content\/uploads\/2023\/03\/8M-PRESIDENTAS-destweb-portada.png","width":1280,"height":720},{"@type":"BreadcrumbList","@id":"https:\/\/colegioarquitectos.com\/noticias\/?p=29849#breadcrumb","itemListElement":[{"@type":"ListItem","position":1,"name":"Portada","item":"https:\/\/colegioarquitectos.com\/noticias"},{"@type":"ListItem","position":2,"name":"#ArquitectasColegiadas &#8211; Homenaje a las Presidentas Nacionales del Colegio de Arquitectos de Chile"}]},{"@type":"WebSite","@id":"https:\/\/colegioarquitectos.com\/noticias\/#website","url":"https:\/\/colegioarquitectos.com\/noticias\/","name":"COLEGIO DE ARQUITECTOS DE CHILE","description":"","publisher":{"@id":"https:\/\/colegioarquitectos.com\/noticias\/#organization"},"potentialAction":[{"@type":"SearchAction","target":{"@type":"EntryPoint","urlTemplate":"https:\/\/colegioarquitectos.com\/noticias\/?s={search_term_string}"},"query-input":{"@type":"PropertyValueSpecification","valueRequired":true,"valueName":"search_term_string"}}],"inLanguage":"es"},{"@type":"Organization","@id":"https:\/\/colegioarquitectos.com\/noticias\/#organization","name":"COLEGIO DE ARQUITECTOS DE CHILE","url":"https:\/\/colegioarquitectos.com\/noticias\/","logo":{"@type":"ImageObject","inLanguage":"es","@id":"https:\/\/colegioarquitectos.com\/noticias\/#\/schema\/logo\/image\/","url":"https:\/\/colegioarquitectos.com\/noticias\/wp-content\/uploads\/2021\/05\/ENCABEZADO-LOGO-CA.jpg","contentUrl":"https:\/\/colegioarquitectos.com\/noticias\/wp-content\/uploads\/2021\/05\/ENCABEZADO-LOGO-CA.jpg","width":690,"height":350,"caption":"COLEGIO DE ARQUITECTOS DE CHILE"},"image":{"@id":"https:\/\/colegioarquitectos.com\/noticias\/#\/schema\/logo\/image\/"},"sameAs":["https:\/\/facebook.com\/Colegioarq\/","https:\/\/x.com\/colegioarq","https:\/\/instagram.com\/colegioarq","https:\/\/youtube.com\/@ColegiodeArquitectosdeChile"]},{"@type":"Person","@id":"https:\/\/colegioarquitectos.com\/noticias\/#\/schema\/person\/685cc0aad148303c5608f049af8285ad","name":"Colegio de Arquitectos de Chile","url":"https:\/\/colegioarquitectos.com\/noticias\/?author=4"}]}},"_links":{"self":[{"href":"https:\/\/colegioarquitectos.com\/noticias\/index.php?rest_route=\/wp\/v2\/posts\/29849","targetHints":{"allow":["GET"]}}],"collection":[{"href":"https:\/\/colegioarquitectos.com\/noticias\/index.php?rest_route=\/wp\/v2\/posts"}],"about":[{"href":"https:\/\/colegioarquitectos.com\/noticias\/index.php?rest_route=\/wp\/v2\/types\/post"}],"author":[{"embeddable":true,"href":"https:\/\/colegioarquitectos.com\/noticias\/index.php?rest_route=\/wp\/v2\/users\/4"}],"replies":[{"embeddable":true,"href":"https:\/\/colegioarquitectos.com\/noticias\/index.php?rest_route=%2Fwp%2Fv2%2Fcomments&post=29849"}],"version-history":[{"count":0,"href":"https:\/\/colegioarquitectos.com\/noticias\/index.php?rest_route=\/wp\/v2\/posts\/29849\/revisions"}],"wp:featuredmedia":[{"embeddable":true,"href":"https:\/\/colegioarquitectos.com\/noticias\/index.php?rest_route=\/wp\/v2\/media\/29873"}],"wp:attachment":[{"href":"https:\/\/colegioarquitectos.com\/noticias\/index.php?rest_route=%2Fwp%2Fv2%2Fmedia&parent=29849"}],"wp:term":[{"taxonomy":"category","embeddable":true,"href":"https:\/\/colegioarquitectos.com\/noticias\/index.php?rest_route=%2Fwp%2Fv2%2Fcategories&post=29849"},{"taxonomy":"post_tag","embeddable":true,"href":"https:\/\/colegioarquitectos.com\/noticias\/index.php?rest_route=%2Fwp%2Fv2%2Ftags&post=29849"}],"curies":[{"name":"wp","href":"https:\/\/api.w.org\/{rel}","templated":true}]}}