
{"id":29857,"date":"2023-03-05T12:04:03","date_gmt":"2023-03-05T16:04:03","guid":{"rendered":"https:\/\/colegioarquitectos.com\/?p=29857"},"modified":"2023-03-06T12:05:21","modified_gmt":"2023-03-06T16:05:21","slug":"conoce-los-articulos-ganadores-del-concurso-nacional-de-reflexion-e-investigacion-arquitectura-escrita-2022","status":"publish","type":"post","link":"https:\/\/colegioarquitectos.com\/noticias\/?p=29857","title":{"rendered":"Conoce los art\u00edculos ganadores del Concurso Nacional de Reflexi\u00f3n e Investigaci\u00f3n: Arquitectura Escrita 2022"},"content":{"rendered":"<p>El pasado lunes 6 de febrero se dieron a conocer los resultados del Concurso Nacional de Reflexi\u00f3n e Investigaci\u00f3n: Arquitectura Escrita 2022. En esta segunda versi\u00f3n se registraron 86 propuestas a lo largo de todo el territorio nacional, con la participaci\u00f3n de 23 escuelas de Arquitectura en la categor\u00eda estudiantil; mientras que en la categor\u00eda profesional se destaca la representaci\u00f3n de 19 comunas del pa\u00eds y 2 localidades extranjeras donde residen las y los postulantes.<\/p>\n<p>El concurso es organizado por <a href=\"https:\/\/www.archdaily.cl\/cl\/tag\/grupo-arquitectura-caliente\">Grupo Arquitectura Caliente<\/a> y cuenta con el auspicio de Graphisoft Archicad, el patrocinio de la Asociaci\u00f3n de Oficinas de Arquitectos y el <a href=\"https:\/\/www.archdaily.cl\/cl\/tag\/colegio-de-arquitectos-de-chile\">Colegio de Arquitectos de Chile<\/a>, y la colaboraci\u00f3n de Dostercios Editorial y ArchDaily.<\/p>\n<p>Los art\u00edculos fueron revisados por un comit\u00e9 evaluador compuesto de 21 evaluadores y evaluadoras\u00a0 en dos rondas, eligiendo de esta manera un total de 10 finalistas por estudiantil y profesional, distinguiendo las siguientes categor\u00edas: ganador, menci\u00f3n y seleccionado.<\/p>\n<p>El jurado en esta ocasi\u00f3n estuvo presidido por la Directora del concurso Dra. Ursula Exss Cid, e integrado por <strong>\u00d3scar Aceves<\/strong> (Representante Universidad Tecnol\u00f3gica Metropolitana), <strong>Francisco Allard<\/strong> (Representante MARQ CP Universidad del Desarrollo), <strong>Karen Andersen<\/strong> (Representante Universidad Austral de Chile), <strong>Sergio Baeriswyl<\/strong> (Representante Universidad del B\u00edo-B\u00edo), M\u00f3nica Bustos (Representante Universidad de Chile), <strong>Luis Darmendrail<\/strong> (Representante Universidad del Desarrollo), <strong>Claudio Galeno-Ibaceta<\/strong> (Representante Universidad Cat\u00f3lica del Norte), <strong>Aldo Hidalgo<\/strong> (Representante Universidad de Santiago), <strong>Constanza Ipinza<\/strong> (Representante Universidad de Santiago), <strong>Mar\u00eda Soledad Larra\u00edn<\/strong> (Representante Universidad de Valpara\u00edso), <strong>Gabriela Medrano<\/strong> (Representante MARQ Pontificia Universidad Cat\u00f3lica de Chile), <strong>Paula Monroy<\/strong> (Representante Universidad de las Am\u00e9ricas), <strong>Gonzalo Mu\u00f1oz-Vera<\/strong> (Representante Carleton University), <strong>Vesna Obilinovic<\/strong> (Representante Universidad Arturo Prat), <strong>Daniel Opazo<\/strong> (Representante Universidad de Chile), <strong>Elisa P\u00e9rez de la Cruz<\/strong> (Representante Universidad San Sebasti\u00e1n), <strong>Linda Schilling<\/strong> (Representante Universidad de las Am\u00e9ricas), <strong>Maureen Trebilcock<\/strong> (Representante Universidad del B\u00edo-B\u00edo), <strong>Nicol\u00e1s Valencia<\/strong> (Representante ArchDaily), <strong>Germ\u00e1n Valenzuela<\/strong> (Representante Universidad de Talca), <strong>Blanca Z\u00fa\u00f1iga<\/strong> (Representante Universidad de Talca).<\/p>\n<p>Revisa a continuaci\u00f3n las propuestas ganadoras por categor\u00eda del Concurso Nacional de Reflexi\u00f3n e Investigaci\u00f3n: Arquitectura Escrita 2022:<\/p>\n<p>&nbsp;<\/p>\n<h4><strong>Categor\u00eda Estudiantil<\/strong><\/h4>\n<hr \/>\n<p>&nbsp;<\/p>\n<p><strong>Ganadora<\/strong><\/p>\n<p>&nbsp;<\/p>\n<p>Art\u00edculo: Patio L\u00fadico en Tierra<\/p>\n<p>Autora: Josefa Leal Quintana<\/p>\n<p>Profesor gu\u00eda: Kenneth Gleiser<\/p>\n<p>Universidad de Talca<\/p>\n<p>&nbsp;<\/p>\n<p>Patio L\u00fadico en Tierra tiene su origen en el prop\u00f3sito de compartir con la comunidad de Pur\u00edsima, cuyo objetivo colectivo es \u2018<em>revalidar y poner en vigencia las t\u00e9cnicas de construcci\u00f3n con tierra cruda\u2019<\/em>, bajo la decisi\u00f3n coordinada entre el equipo de investigaci\u00f3n de construir tapiales, un sistema milenario que se est\u00e1 reutilizando con fuerza en la actualidad. A su vez, se determin\u00f3 situar los proyectos en los paisajes ic\u00f3nicos o escuelas rurales de la Cordillera, el Valle y la Costa de la Regi\u00f3n del Maule, como m\u00e9todo investigativo dentro del desarrollo de los tapiales en territorios con diferentes recursos naturales, condiciones clim\u00e1ticas y atmosf\u00e9ricas.<\/p>\n<p>Con el inter\u00e9s particular de construir en el Valle central, como punto de partida, se indaga en los sectores suburbanos del oriente de la ciudad de Talca, llegando as\u00ed a la Escuela b\u00e1sica rural \u2018Vi\u00f1a Pur\u00edsima\u2019, centro educativo que ocupa un rol protag\u00f3nico para la comunidad del sector, siendo un n\u00facleo articulador de reuniones para las actividades de salud, c\u00edvicas y comunitarias, con un alcance territorial desde Talca y San Clemente, de donde provienen m\u00e1s de 200 ni\u00f1as y ni\u00f1os de los diferentes poblados y localidades.<\/p>\n<p>Al situar el proyecto en el patio de juegos de la Escuela, se propuso hacer convivir estudiantes y tapiales. Por consiguiente, al hacer una lectura del patio, donde existen diferentes elementos, naturales, preexistentes y simb\u00f3licos, se observ\u00f3 un potencial espacio intermedio que podr\u00eda dar lugar a un prototipo que dialogue con las din\u00e1micas que ah\u00ed ocurren. Es as\u00ed, como la obra arquitect\u00f3nica logra revalorizar el patio de juegos reconociendo las situaciones actuales y generando nuevas maneras de aprendizaje, tanto de esparcimiento como educacionales, con especial \u00e9nfasis en el inter\u00e9s contingente de tener espacios al aire libre que den soporte a las actividades que se realizan al interior de una sala de clases.<\/p>\n<p>[Ganadora Categor\u00eda Estudiantil: Josefa Leal Quintana. Cortes\u00eda de AE 2022]<\/p>\n<p><strong>\u00a0<\/strong><\/p>\n<p><strong>Menciones<\/strong><\/p>\n<p>&nbsp;<\/p>\n<p>Art\u00edculo: La Ciudad del Futuro: Entre la ruina y la utop\u00eda tecnol\u00f3gica<\/p>\n<p>Autor: Lucas Olivares Alvarado<\/p>\n<p>Profesor gu\u00eda: Max Aguirre Gonz\u00e1lez<\/p>\n<p>Universidad de Chile<\/p>\n<p>[Menci\u00f3n Categor\u00eda Estudiantil: Lucas Olivares Alvarado. Cortes\u00eda de AE 2022]<\/p>\n<p>&nbsp;<\/p>\n<p>Art\u00edculo: La representaci\u00f3n de lo intangible<\/p>\n<p>Autora: Florencia Cabezas Calder\u00f3n<\/p>\n<p>Profesor gu\u00eda: Felipe Corval\u00e1n Tapia<\/p>\n<p>Universidad de Chile<\/p>\n<p>[Menci\u00f3n Categor\u00eda Estudiantil: Florencia Cabezas Calder\u00f3n. Cortes\u00eda de AE 2022]<\/p>\n<p>&nbsp;<\/p>\n<p>Art\u00edculo: Repensando la verticalidad para consolidar el Edificio Ciudad<\/p>\n<p>Autora: Valentina Cabrera Bouza<\/p>\n<p>Profesores gu\u00eda: Carolina Carrasco Walburg y Francisco Calvo Castillo<\/p>\n<p>Universidad T\u00e9cnica Federico Santa Mar\u00eda<\/p>\n<p>[Menci\u00f3n Categor\u00eda Estudiantil: Valentina Cabrera Bouza. Cortes\u00eda de AE 2022]<\/p>\n<p>&nbsp;<\/p>\n<p>Art\u00edculo: Red Cultural Alerce<\/p>\n<p>Autora: Javiera Mart\u00ednez Leiva<\/p>\n<p>Profesor gu\u00eda: Ernesto Silva Raso<\/p>\n<p>Universidad de Chile<\/p>\n<p>[Menci\u00f3n Categor\u00eda Estudiantil: Javiera Mart\u00ednez Leiva. Cortes\u00eda de AE 2022]<\/p>\n<p><strong>\u00a0<\/strong><\/p>\n<p><strong>Seleccionados\/as<\/strong><\/p>\n<p>&nbsp;<\/p>\n<p>Art\u00edculo: Centro de interpretaci\u00f3n de la funga valdiviana<\/p>\n<p>Autora: Danitza Canales Carrasco<\/p>\n<p>Profesor gu\u00eda: Camila Mancilla Vera<\/p>\n<p>Universidad Austral de Chile<\/p>\n<p>[Seleccionada Categor\u00eda Estudiantil: Danitza Canales Carrasco. Cortes\u00eda de AE 2022]<\/p>\n<p>&nbsp;<\/p>\n<p>Art\u00edculo: Entorno construido y perspectiva de humedales<\/p>\n<p>Autor: Hugo Salas Ojeda<\/p>\n<p>Profesores gu\u00eda: Karen Andersen Cirera, Paulina Ibieta Illanes y Antonio Zumelzu Scheeld<\/p>\n<p>Universidad Austral de Chile<\/p>\n<p>[Seleccionado Categor\u00eda Estudiantil: Hugo Salas Ojeda. Cortes\u00eda de AE 2022]<\/p>\n<p>&nbsp;<\/p>\n<p>Art\u00edculo: Desde lo liminal y lo difuso para un proyecto de la ciudad<\/p>\n<p>Autora: Camila Gonz\u00e1lez G\u00f3ngora<\/p>\n<p>Profesor gu\u00eda: Tom\u00e1s Villal\u00f3n Aguirre<\/p>\n<p>Universidad de Chile<\/p>\n<p>[Seleccionada Categor\u00eda Estudiantil: Camila Gonz\u00e1lez G\u00f3ngora. Cortes\u00eda de AE 2022]<\/p>\n<p>&nbsp;<\/p>\n<p>Art\u00edculo: Seminario arquitectura forense \u00bfuna alternativa de investigaci\u00f3n en casos de violencia en el habitar?<\/p>\n<p>Autora: Sof\u00eda Mart\u00ednez Vogel<\/p>\n<p>Profesor gu\u00eda: Hern\u00e1n Barr\u00eda Chateau<\/p>\n<p>Universidad del B\u00edo-B\u00edo<\/p>\n<p>[Seleccionada Categor\u00eda Estudiantil: Sof\u00eda Mart\u00ednez Vogel. Cortes\u00eda de AE 2022]<\/p>\n<p>&nbsp;<\/p>\n<p>Art\u00edculo: La visi\u00f3n femenina en la arquitectura<\/p>\n<p>Autoras: Dominique Renis Barrientos y Javiera Mart\u00ednez Leiva<\/p>\n<p>Profesor gu\u00eda: \u00c1lvaro Farr\u00fa Betinyani<\/p>\n<p>Universidad de Chile<\/p>\n<p>[Seleccionadas Categor\u00eda Estudiantil: Dominique Renis Barrientos y Javiera Mart\u00ednez Leiva. Cortes\u00eda de AE 2022]<\/p>\n<p>&nbsp;<\/p>\n<p>&nbsp;<\/p>\n<h4><strong>Categor\u00eda Profesional<\/strong><\/h4>\n<hr \/>\n<p>&nbsp;<\/p>\n<p><strong>Ganador<\/strong><\/p>\n<p>&nbsp;<\/p>\n<p>Art\u00edculo: Bosques entre bloques. Los conjuntos habitacionales de la CORVI en el siglo XXI<\/p>\n<p>Autor: Rodrigo Gertosio Swanston<\/p>\n<p>&nbsp;<\/p>\n<p>Los amplios espacios verdes son parte del paisaje de numerosos conjuntos habitacionales de la antigua Corporaci\u00f3n de la Vivienda (CORVI). En distintos y distantes conjuntos de Santiago es posible ver abundante vegetaci\u00f3n concentrada entre sus bloques y patios; y continua, a lo largo de senderos peatonales y avenidas. Es decir, entre la combinaci\u00f3n de espacios p\u00fablicos y privados. Quiz\u00e1s suene exagerado llamarlos bosques, pero en algunos casos ciertos edificios desaparecen detr\u00e1s de arbustos y grandes \u00e1rboles. Se forman t\u00faneles verdes a lo largo de sus senderos y se escucha el trino de incontables p\u00e1jaros, mientras el viento mueve ramas y sus hojas crujen bajo nuestros pies. Similar a un bosque, pero dentro de la ciudad. M\u00e1s all\u00e1 de la belleza esc\u00e9nica, todo lo anterior es un ecosistema que provee enormes beneficios para la ciudad y las personas, y por ello, es preciso investigar c\u00f3mo preservar lo existente, y d\u00f3nde incrementar la vegetaci\u00f3n a gran escala.<\/p>\n<p>Mediante la lectura cruzada de im\u00e1genes satelitales, los \u00edndices de vegetaci\u00f3n (NDVI) y de temperatura superficial del suelo (LST), el objetivo de este art\u00edculo es revelar c\u00f3mo la morfolog\u00eda de los conjuntos habitacionales de la CORVI los convierte en \u00e1reas potencialmente estrat\u00e9gicas para albergar e incrementar la vegetaci\u00f3n urbana, y con ello, mitigar algunos efectos del calentamiento global urbano como el aumento de la temperatura y el riesgo de inundaciones, por ejemplo. Estos atributos podr\u00edan a su vez, constituir nuevos valores patrimoniales asociados con la ecolog\u00eda, y con ello, orientar su preservaci\u00f3n a gran escala. Los casos de estudio son sectores de bloques en supermanzanas de Villa M\u00e9xico (Cerrillos), Villa Frei (\u00d1u\u00f1oa) y la poblaci\u00f3n Juan Antonio R\u00edos (Independencia).<\/p>\n<p>[Ganador Categor\u00eda Profesional: Rodrigo Gertosio Swanston. Cortes\u00eda de AE 2022]<\/p>\n<p><strong>\u00a0<\/strong><\/p>\n<p><strong>\u00a0<\/strong><\/p>\n<p><strong>Menciones<\/strong><\/p>\n<p>&nbsp;<\/p>\n<p>Art\u00edculo: La dimensi\u00f3n artesanal como m\u00e9todo de proyecto y obra en la arquitectura chilena contempor\u00e1nea<\/p>\n<p>Autor: Jos\u00e9 Luis Uribe Ortiz<\/p>\n<p>[Menci\u00f3n Categor\u00eda Profesional: Jos\u00e9 Luis Uribe Ortiz. Cortes\u00eda de AE 2022]<\/p>\n<p>&nbsp;<\/p>\n<p>Art\u00edculo: Hallazgos en la urbe: Los afloramientos de roca como potenciales rasgos de una identidad colectiva<\/p>\n<p>Autor: Carlos R\u00edos Cort\u00e9s<\/p>\n<p>[Menci\u00f3n Categor\u00eda Profesional: Carlos R\u00edos Cort\u00e9s. Cortes\u00eda de AE 2022]<\/p>\n<p>&nbsp;<\/p>\n<p>Art\u00edculo: Los dos Estadios de Football de E.O.F. Harrington en el Gran Valpara\u00edso<\/p>\n<p>Autor: Pablo Arteche L\u00f3pez<\/p>\n<p>[Menci\u00f3n Categor\u00eda Profesional: Pablo Arteche L\u00f3pez. Cortes\u00eda de AE 2022]<\/p>\n<p>&nbsp;<\/p>\n<p>Art\u00edculo: Fen\u00f3meno de la arquitectura de colonizaci\u00f3n en el Lago Llanquihue<\/p>\n<p>Autores: Pablo Moraga Sariego, Heike H\u00f6pfner Kromm, Drago Vodanovic Undurraga y Tom\u00e1s Jacobsen Collao<\/p>\n<p>[Menci\u00f3n Categor\u00eda Profesional: Pablo Moraga Sariego, Heike H\u00f6pfner Kromm, Drago Vodanovic Undurraga y Tom\u00e1s Jacobsen Collao. Cortes\u00eda de AE 2022]<\/p>\n<p>&nbsp;<\/p>\n<p>&nbsp;<\/p>\n<p><strong>Seleccionados\/as<\/strong><\/p>\n<p>&nbsp;<\/p>\n<p>Art\u00edculo: Eclipse imaginario de una obra suspendida<\/p>\n<p>Autor: Werner Kohnenkamp Y\u00e1\u00f1ez<\/p>\n<p>[Seleccionado Categor\u00eda Profesional: Werner Kohnenkamp Y\u00e1\u00f1ez. Cortes\u00eda de AE 2022]<\/p>\n<p>&nbsp;<\/p>\n<p>Art\u00edculo: Reconversi\u00f3n de paisajes pasivos<\/p>\n<p>Autora: Fernanda C\u00f3rdova Porte<\/p>\n<p>[Seleccionada Categor\u00eda Profesional: Fernanda C\u00f3rdova Porte. Cortes\u00eda de AE 2022]<\/p>\n<p>&nbsp;<\/p>\n<p>Art\u00edculo: El estudio de obras y posturas arquitect\u00f3nicas con una mirada m\u00e1s sensible<\/p>\n<p>Autora: Nicole Vicencio Salas<\/p>\n<p>[Seleccionada Categor\u00eda Profesional: Nicole Vicencio Salas. Cortes\u00eda de AE 2022]<\/p>\n<p>&nbsp;<\/p>\n<p>Art\u00edculo: La r\u00e1pida obsolescencia del construir actual<\/p>\n<p>Autora: Catalina Cris\u00f3stomo L\u00f3pez<\/p>\n<p>[Seleccionada Categor\u00eda Profesional: Catalina Cris\u00f3stomo L\u00f3pez. Cortes\u00eda de AE 2022]<\/p>\n<p>&nbsp;<\/p>\n<p>Art\u00edculo: Vivienda en comunidad como alternativa a la provisi\u00f3n de soluciones habitacionales<\/p>\n<p>Autor: Emiliano Ruid\u00edaz Riffo<\/p>\n<p>[Seleccionado Categor\u00eda Profesional: Emiliano Ruid\u00edaz Riffo. Cortes\u00eda de AE 2022]<\/p>\n<p>&nbsp;<\/p>\n<p><strong>\u00a0<\/strong><\/p>\n<hr \/>\n<p>&nbsp;<\/p>\n<p><strong>Organiza:<\/strong> Grupo Arquitectura Caliente<\/p>\n<p><strong>Auspicia<\/strong>: Graphisoft Archicad \/ Graphisoft One<\/p>\n<p><strong>Patrocina<\/strong>: Asociaci\u00f3n de Oficinas de Arquitectos y\u00a0 Colegio de Arquitectos de Chile<\/p>\n<p><strong>Colabora:<\/strong> Editorial Dostercios<\/p>\n<p><strong>Medio Asociado:<\/strong> ArchDaily<\/p>\n<p><strong>Equipo:<\/strong> Ursula Exss Cid (directora); Paula Sagrist\u00e1 Hern\u00e1ndez (directora ejecutiva); Trinidad Tamayo Marambio (dise\u00f1o); Chiara Consigliere Enei (coordinaci\u00f3n); Christian Fierro Corral (producci\u00f3n); Beatriz Coeff\u00e9 Boitano (administraci\u00f3n)<\/p>\n<p>&nbsp;<\/p>\n<p>&nbsp;<\/p>\n<p>&nbsp;<\/p>\n<p><\/p>","protected":false},"excerpt":{"rendered":"<p>El pasado lunes 6 de febrero se dieron a conocer los resultados del Concurso Nacional de Reflexi\u00f3n e Investigaci\u00f3n: Arquitectura Escrita 2022. En esta segunda versi\u00f3n se registraron 86 propuestas a lo largo de todo el territorio nacional, con la &hellip; <a class=\"more-link\" href=\"https:\/\/colegioarquitectos.com\/noticias\/?p=29857\">ver m\u00e1s<\/a><\/p>","protected":false},"author":4,"featured_media":29858,"comment_status":"closed","ping_status":"closed","sticky":false,"template":"","format":"standard","meta":{"footnotes":""},"categories":[11,3],"tags":[164,162,161,56,163,165],"class_list":["post-29857","post","type-post","status-publish","format-standard","has-post-thumbnail","hentry","category-concursos","category-noticias","tag-arquitectura-caliente","tag-arquitectura-escrita","tag-arquitectura-escrita-2022","tag-concurso","tag-concursos","tag-grupo-arquitectura-caliente"],"yoast_head":"<!-- This site is optimized with the Yoast SEO plugin v24.2 - https:\/\/yoast.com\/wordpress\/plugins\/seo\/ -->\n<title>Conoce los art\u00edculos ganadores del Concurso Nacional de Reflexi\u00f3n e Investigaci\u00f3n: Arquitectura Escrita 2022 - COLEGIO DE ARQUITECTOS DE CHILE<\/title>\n<meta name=\"robots\" content=\"index, follow, max-snippet:-1, max-image-preview:large, max-video-preview:-1\" \/>\n<link rel=\"canonical\" href=\"https:\/\/colegioarquitectos.com\/noticias\/?p=29857\" \/>\n<meta property=\"og:locale\" content=\"es_ES\" \/>\n<meta property=\"og:type\" content=\"article\" \/>\n<meta property=\"og:title\" content=\"Conoce los art\u00edculos ganadores del Concurso Nacional de Reflexi\u00f3n e Investigaci\u00f3n: Arquitectura Escrita 2022 - COLEGIO DE ARQUITECTOS DE CHILE\" \/>\n<meta property=\"og:description\" content=\"El pasado lunes 6 de febrero se dieron a conocer los resultados del Concurso Nacional de Reflexi\u00f3n e Investigaci\u00f3n: Arquitectura Escrita 2022. En esta segunda versi\u00f3n se registraron 86 propuestas a lo largo de todo el territorio nacional, con la &hellip; ver m\u00e1s\" \/>\n<meta property=\"og:url\" content=\"https:\/\/colegioarquitectos.com\/noticias\/?p=29857\" \/>\n<meta property=\"og:site_name\" content=\"COLEGIO DE ARQUITECTOS DE CHILE\" \/>\n<meta property=\"article:publisher\" content=\"https:\/\/facebook.com\/Colegioarq\/\" \/>\n<meta property=\"article:published_time\" content=\"2023-03-05T16:04:03+00:00\" \/>\n<meta property=\"article:modified_time\" content=\"2023-03-06T16:05:21+00:00\" \/>\n<meta property=\"og:image\" content=\"https:\/\/colegioarquitectos.com\/noticias\/wp-content\/uploads\/2023\/03\/Encabezado-arquitectura-escrita.jpg\" \/>\n\t<meta property=\"og:image:width\" content=\"1280\" \/>\n\t<meta property=\"og:image:height\" content=\"720\" \/>\n\t<meta property=\"og:image:type\" content=\"image\/jpeg\" \/>\n<meta name=\"author\" content=\"Colegio de Arquitectos de Chile\" \/>\n<meta name=\"twitter:card\" content=\"summary_large_image\" \/>\n<meta name=\"twitter:creator\" content=\"@colegioarq\" \/>\n<meta name=\"twitter:site\" content=\"@colegioarq\" \/>\n<meta name=\"twitter:label1\" content=\"Escrito por\" \/>\n\t<meta name=\"twitter:data1\" content=\"Colegio de Arquitectos de Chile\" \/>\n\t<meta name=\"twitter:label2\" content=\"Tiempo de lectura\" \/>\n\t<meta name=\"twitter:data2\" content=\"9 minutos\" \/>\n<script type=\"application\/ld+json\" class=\"yoast-schema-graph\">{\"@context\":\"https:\/\/schema.org\",\"@graph\":[{\"@type\":\"Article\",\"@id\":\"https:\/\/colegioarquitectos.com\/noticias\/?p=29857#article\",\"isPartOf\":{\"@id\":\"https:\/\/colegioarquitectos.com\/noticias\/?p=29857\"},\"author\":{\"name\":\"Colegio de Arquitectos de Chile\",\"@id\":\"https:\/\/colegioarquitectos.com\/noticias\/#\/schema\/person\/685cc0aad148303c5608f049af8285ad\"},\"headline\":\"Conoce los art\u00edculos ganadores del Concurso Nacional de Reflexi\u00f3n e Investigaci\u00f3n: Arquitectura Escrita 2022\",\"datePublished\":\"2023-03-05T16:04:03+00:00\",\"dateModified\":\"2023-03-06T16:05:21+00:00\",\"mainEntityOfPage\":{\"@id\":\"https:\/\/colegioarquitectos.com\/noticias\/?p=29857\"},\"wordCount\":1831,\"publisher\":{\"@id\":\"https:\/\/colegioarquitectos.com\/noticias\/#organization\"},\"image\":{\"@id\":\"https:\/\/colegioarquitectos.com\/noticias\/?p=29857#primaryimage\"},\"thumbnailUrl\":\"https:\/\/colegioarquitectos.com\/noticias\/wp-content\/uploads\/2023\/03\/Encabezado-arquitectura-escrita.jpg\",\"keywords\":[\"Arquitectura Caliente\",\"Arquitectura Escrita\",\"Arquitectura Escrita 2022\",\"concurso\",\"Concursos\",\"Grupo Arquitectura Caliente\"],\"articleSection\":[\"Concursos\",\"Noticias\"],\"inLanguage\":\"es\"},{\"@type\":\"WebPage\",\"@id\":\"https:\/\/colegioarquitectos.com\/noticias\/?p=29857\",\"url\":\"https:\/\/colegioarquitectos.com\/noticias\/?p=29857\",\"name\":\"Conoce los art\u00edculos ganadores del Concurso Nacional de Reflexi\u00f3n e Investigaci\u00f3n: Arquitectura Escrita 2022 - COLEGIO DE ARQUITECTOS DE CHILE\",\"isPartOf\":{\"@id\":\"https:\/\/colegioarquitectos.com\/noticias\/#website\"},\"primaryImageOfPage\":{\"@id\":\"https:\/\/colegioarquitectos.com\/noticias\/?p=29857#primaryimage\"},\"image\":{\"@id\":\"https:\/\/colegioarquitectos.com\/noticias\/?p=29857#primaryimage\"},\"thumbnailUrl\":\"https:\/\/colegioarquitectos.com\/noticias\/wp-content\/uploads\/2023\/03\/Encabezado-arquitectura-escrita.jpg\",\"datePublished\":\"2023-03-05T16:04:03+00:00\",\"dateModified\":\"2023-03-06T16:05:21+00:00\",\"breadcrumb\":{\"@id\":\"https:\/\/colegioarquitectos.com\/noticias\/?p=29857#breadcrumb\"},\"inLanguage\":\"es\",\"potentialAction\":[{\"@type\":\"ReadAction\",\"target\":[\"https:\/\/colegioarquitectos.com\/noticias\/?p=29857\"]}]},{\"@type\":\"ImageObject\",\"inLanguage\":\"es\",\"@id\":\"https:\/\/colegioarquitectos.com\/noticias\/?p=29857#primaryimage\",\"url\":\"https:\/\/colegioarquitectos.com\/noticias\/wp-content\/uploads\/2023\/03\/Encabezado-arquitectura-escrita.jpg\",\"contentUrl\":\"https:\/\/colegioarquitectos.com\/noticias\/wp-content\/uploads\/2023\/03\/Encabezado-arquitectura-escrita.jpg\",\"width\":1280,\"height\":720},{\"@type\":\"BreadcrumbList\",\"@id\":\"https:\/\/colegioarquitectos.com\/noticias\/?p=29857#breadcrumb\",\"itemListElement\":[{\"@type\":\"ListItem\",\"position\":1,\"name\":\"Portada\",\"item\":\"https:\/\/colegioarquitectos.com\/noticias\"},{\"@type\":\"ListItem\",\"position\":2,\"name\":\"Conoce los art\u00edculos ganadores del Concurso Nacional de Reflexi\u00f3n e Investigaci\u00f3n: Arquitectura Escrita 2022\"}]},{\"@type\":\"WebSite\",\"@id\":\"https:\/\/colegioarquitectos.com\/noticias\/#website\",\"url\":\"https:\/\/colegioarquitectos.com\/noticias\/\",\"name\":\"COLEGIO DE ARQUITECTOS DE CHILE\",\"description\":\"\",\"publisher\":{\"@id\":\"https:\/\/colegioarquitectos.com\/noticias\/#organization\"},\"potentialAction\":[{\"@type\":\"SearchAction\",\"target\":{\"@type\":\"EntryPoint\",\"urlTemplate\":\"https:\/\/colegioarquitectos.com\/noticias\/?s={search_term_string}\"},\"query-input\":{\"@type\":\"PropertyValueSpecification\",\"valueRequired\":true,\"valueName\":\"search_term_string\"}}],\"inLanguage\":\"es\"},{\"@type\":\"Organization\",\"@id\":\"https:\/\/colegioarquitectos.com\/noticias\/#organization\",\"name\":\"COLEGIO DE ARQUITECTOS DE CHILE\",\"url\":\"https:\/\/colegioarquitectos.com\/noticias\/\",\"logo\":{\"@type\":\"ImageObject\",\"inLanguage\":\"es\",\"@id\":\"https:\/\/colegioarquitectos.com\/noticias\/#\/schema\/logo\/image\/\",\"url\":\"https:\/\/colegioarquitectos.com\/noticias\/wp-content\/uploads\/2021\/05\/ENCABEZADO-LOGO-CA.jpg\",\"contentUrl\":\"https:\/\/colegioarquitectos.com\/noticias\/wp-content\/uploads\/2021\/05\/ENCABEZADO-LOGO-CA.jpg\",\"width\":690,\"height\":350,\"caption\":\"COLEGIO DE ARQUITECTOS DE CHILE\"},\"image\":{\"@id\":\"https:\/\/colegioarquitectos.com\/noticias\/#\/schema\/logo\/image\/\"},\"sameAs\":[\"https:\/\/facebook.com\/Colegioarq\/\",\"https:\/\/x.com\/colegioarq\",\"https:\/\/instagram.com\/colegioarq\",\"https:\/\/youtube.com\/@ColegiodeArquitectosdeChile\"]},{\"@type\":\"Person\",\"@id\":\"https:\/\/colegioarquitectos.com\/noticias\/#\/schema\/person\/685cc0aad148303c5608f049af8285ad\",\"name\":\"Colegio de Arquitectos de Chile\",\"url\":\"https:\/\/colegioarquitectos.com\/noticias\/?author=4\"}]}<\/script>\n<!-- \/ Yoast SEO plugin. -->","yoast_head_json":{"title":"Conoce los art\u00edculos ganadores del Concurso Nacional de Reflexi\u00f3n e Investigaci\u00f3n: Arquitectura Escrita 2022 - COLEGIO DE ARQUITECTOS DE CHILE","robots":{"index":"index","follow":"follow","max-snippet":"max-snippet:-1","max-image-preview":"max-image-preview:large","max-video-preview":"max-video-preview:-1"},"canonical":"https:\/\/colegioarquitectos.com\/noticias\/?p=29857","og_locale":"es_ES","og_type":"article","og_title":"Conoce los art\u00edculos ganadores del Concurso Nacional de Reflexi\u00f3n e Investigaci\u00f3n: Arquitectura Escrita 2022 - COLEGIO DE ARQUITECTOS DE CHILE","og_description":"El pasado lunes 6 de febrero se dieron a conocer los resultados del Concurso Nacional de Reflexi\u00f3n e Investigaci\u00f3n: Arquitectura Escrita 2022. En esta segunda versi\u00f3n se registraron 86 propuestas a lo largo de todo el territorio nacional, con la &hellip; ver m\u00e1s","og_url":"https:\/\/colegioarquitectos.com\/noticias\/?p=29857","og_site_name":"COLEGIO DE ARQUITECTOS DE CHILE","article_publisher":"https:\/\/facebook.com\/Colegioarq\/","article_published_time":"2023-03-05T16:04:03+00:00","article_modified_time":"2023-03-06T16:05:21+00:00","og_image":[{"width":1280,"height":720,"url":"https:\/\/colegioarquitectos.com\/noticias\/wp-content\/uploads\/2023\/03\/Encabezado-arquitectura-escrita.jpg","type":"image\/jpeg"}],"author":"Colegio de Arquitectos de Chile","twitter_card":"summary_large_image","twitter_creator":"@colegioarq","twitter_site":"@colegioarq","twitter_misc":{"Escrito por":"Colegio de Arquitectos de Chile","Tiempo de lectura":"9 minutos"},"schema":{"@context":"https:\/\/schema.org","@graph":[{"@type":"Article","@id":"https:\/\/colegioarquitectos.com\/noticias\/?p=29857#article","isPartOf":{"@id":"https:\/\/colegioarquitectos.com\/noticias\/?p=29857"},"author":{"name":"Colegio de Arquitectos de Chile","@id":"https:\/\/colegioarquitectos.com\/noticias\/#\/schema\/person\/685cc0aad148303c5608f049af8285ad"},"headline":"Conoce los art\u00edculos ganadores del Concurso Nacional de Reflexi\u00f3n e Investigaci\u00f3n: Arquitectura Escrita 2022","datePublished":"2023-03-05T16:04:03+00:00","dateModified":"2023-03-06T16:05:21+00:00","mainEntityOfPage":{"@id":"https:\/\/colegioarquitectos.com\/noticias\/?p=29857"},"wordCount":1831,"publisher":{"@id":"https:\/\/colegioarquitectos.com\/noticias\/#organization"},"image":{"@id":"https:\/\/colegioarquitectos.com\/noticias\/?p=29857#primaryimage"},"thumbnailUrl":"https:\/\/colegioarquitectos.com\/noticias\/wp-content\/uploads\/2023\/03\/Encabezado-arquitectura-escrita.jpg","keywords":["Arquitectura Caliente","Arquitectura Escrita","Arquitectura Escrita 2022","concurso","Concursos","Grupo Arquitectura Caliente"],"articleSection":["Concursos","Noticias"],"inLanguage":"es"},{"@type":"WebPage","@id":"https:\/\/colegioarquitectos.com\/noticias\/?p=29857","url":"https:\/\/colegioarquitectos.com\/noticias\/?p=29857","name":"Conoce los art\u00edculos ganadores del Concurso Nacional de Reflexi\u00f3n e Investigaci\u00f3n: Arquitectura Escrita 2022 - COLEGIO DE ARQUITECTOS DE CHILE","isPartOf":{"@id":"https:\/\/colegioarquitectos.com\/noticias\/#website"},"primaryImageOfPage":{"@id":"https:\/\/colegioarquitectos.com\/noticias\/?p=29857#primaryimage"},"image":{"@id":"https:\/\/colegioarquitectos.com\/noticias\/?p=29857#primaryimage"},"thumbnailUrl":"https:\/\/colegioarquitectos.com\/noticias\/wp-content\/uploads\/2023\/03\/Encabezado-arquitectura-escrita.jpg","datePublished":"2023-03-05T16:04:03+00:00","dateModified":"2023-03-06T16:05:21+00:00","breadcrumb":{"@id":"https:\/\/colegioarquitectos.com\/noticias\/?p=29857#breadcrumb"},"inLanguage":"es","potentialAction":[{"@type":"ReadAction","target":["https:\/\/colegioarquitectos.com\/noticias\/?p=29857"]}]},{"@type":"ImageObject","inLanguage":"es","@id":"https:\/\/colegioarquitectos.com\/noticias\/?p=29857#primaryimage","url":"https:\/\/colegioarquitectos.com\/noticias\/wp-content\/uploads\/2023\/03\/Encabezado-arquitectura-escrita.jpg","contentUrl":"https:\/\/colegioarquitectos.com\/noticias\/wp-content\/uploads\/2023\/03\/Encabezado-arquitectura-escrita.jpg","width":1280,"height":720},{"@type":"BreadcrumbList","@id":"https:\/\/colegioarquitectos.com\/noticias\/?p=29857#breadcrumb","itemListElement":[{"@type":"ListItem","position":1,"name":"Portada","item":"https:\/\/colegioarquitectos.com\/noticias"},{"@type":"ListItem","position":2,"name":"Conoce los art\u00edculos ganadores del Concurso Nacional de Reflexi\u00f3n e Investigaci\u00f3n: Arquitectura Escrita 2022"}]},{"@type":"WebSite","@id":"https:\/\/colegioarquitectos.com\/noticias\/#website","url":"https:\/\/colegioarquitectos.com\/noticias\/","name":"COLEGIO DE ARQUITECTOS DE CHILE","description":"","publisher":{"@id":"https:\/\/colegioarquitectos.com\/noticias\/#organization"},"potentialAction":[{"@type":"SearchAction","target":{"@type":"EntryPoint","urlTemplate":"https:\/\/colegioarquitectos.com\/noticias\/?s={search_term_string}"},"query-input":{"@type":"PropertyValueSpecification","valueRequired":true,"valueName":"search_term_string"}}],"inLanguage":"es"},{"@type":"Organization","@id":"https:\/\/colegioarquitectos.com\/noticias\/#organization","name":"COLEGIO DE ARQUITECTOS DE CHILE","url":"https:\/\/colegioarquitectos.com\/noticias\/","logo":{"@type":"ImageObject","inLanguage":"es","@id":"https:\/\/colegioarquitectos.com\/noticias\/#\/schema\/logo\/image\/","url":"https:\/\/colegioarquitectos.com\/noticias\/wp-content\/uploads\/2021\/05\/ENCABEZADO-LOGO-CA.jpg","contentUrl":"https:\/\/colegioarquitectos.com\/noticias\/wp-content\/uploads\/2021\/05\/ENCABEZADO-LOGO-CA.jpg","width":690,"height":350,"caption":"COLEGIO DE ARQUITECTOS DE CHILE"},"image":{"@id":"https:\/\/colegioarquitectos.com\/noticias\/#\/schema\/logo\/image\/"},"sameAs":["https:\/\/facebook.com\/Colegioarq\/","https:\/\/x.com\/colegioarq","https:\/\/instagram.com\/colegioarq","https:\/\/youtube.com\/@ColegiodeArquitectosdeChile"]},{"@type":"Person","@id":"https:\/\/colegioarquitectos.com\/noticias\/#\/schema\/person\/685cc0aad148303c5608f049af8285ad","name":"Colegio de Arquitectos de Chile","url":"https:\/\/colegioarquitectos.com\/noticias\/?author=4"}]}},"_links":{"self":[{"href":"https:\/\/colegioarquitectos.com\/noticias\/index.php?rest_route=\/wp\/v2\/posts\/29857","targetHints":{"allow":["GET"]}}],"collection":[{"href":"https:\/\/colegioarquitectos.com\/noticias\/index.php?rest_route=\/wp\/v2\/posts"}],"about":[{"href":"https:\/\/colegioarquitectos.com\/noticias\/index.php?rest_route=\/wp\/v2\/types\/post"}],"author":[{"embeddable":true,"href":"https:\/\/colegioarquitectos.com\/noticias\/index.php?rest_route=\/wp\/v2\/users\/4"}],"replies":[{"embeddable":true,"href":"https:\/\/colegioarquitectos.com\/noticias\/index.php?rest_route=%2Fwp%2Fv2%2Fcomments&post=29857"}],"version-history":[{"count":0,"href":"https:\/\/colegioarquitectos.com\/noticias\/index.php?rest_route=\/wp\/v2\/posts\/29857\/revisions"}],"wp:featuredmedia":[{"embeddable":true,"href":"https:\/\/colegioarquitectos.com\/noticias\/index.php?rest_route=\/wp\/v2\/media\/29858"}],"wp:attachment":[{"href":"https:\/\/colegioarquitectos.com\/noticias\/index.php?rest_route=%2Fwp%2Fv2%2Fmedia&parent=29857"}],"wp:term":[{"taxonomy":"category","embeddable":true,"href":"https:\/\/colegioarquitectos.com\/noticias\/index.php?rest_route=%2Fwp%2Fv2%2Fcategories&post=29857"},{"taxonomy":"post_tag","embeddable":true,"href":"https:\/\/colegioarquitectos.com\/noticias\/index.php?rest_route=%2Fwp%2Fv2%2Ftags&post=29857"}],"curies":[{"name":"wp","href":"https:\/\/api.w.org\/{rel}","templated":true}]}}