
{"id":29966,"date":"2023-03-14T13:05:10","date_gmt":"2023-03-14T17:05:10","guid":{"rendered":"https:\/\/colegioarquitectos.com\/?p=29966"},"modified":"2023-03-16T11:07:04","modified_gmt":"2023-03-16T15:07:04","slug":"convocatoria-propuestas-para-la-edicion-2023-de-la-guia-de-la-uia-para-la-agenda-2030","status":"publish","type":"post","link":"https:\/\/colegioarquitectos.com\/noticias\/?p=29966","title":{"rendered":"[Convocatoria] Propuestas para la edici\u00f3n 2023 de la \u00abGu\u00eda de la UIA para la Agenda 2030\u00bb"},"content":{"rendered":"<p>La<strong> Sustainable Development Goals Commission (SDG)<\/strong> de la<strong> Uni\u00f3n Internacional de Arquitectos (UIA)<\/strong> anunci\u00f3 la convocatoria de propuestas para la <strong>edici\u00f3n 2023<\/strong> de la <strong>\u00abGu\u00eda de la UIA para la Agenda 2030\u00bb<\/strong>. Esta publicaci\u00f3n est\u00e1 inspirada en <strong>\u00abArchitecture to the UN. 17 Sustainable Development Goals\u00bb<\/strong>, que cuenta con 2 vol\u00famenes publicados en <strong>2018<\/strong> y <strong>2020<\/strong>.<\/p>\n<p>Esta gu\u00eda seguir\u00e1 demostrando la interacci\u00f3n de la arquitectura con cada uno de los SDG y se centrar\u00e1 en la conexi\u00f3n entre los diferentes objetivos.<\/p>\n<p>La selecci\u00f3n de nuevos trabajos e ideas realizados de todo el mundo con contribuciones a los <strong>17 Objetivos de Desarrollo Sostenible<\/strong> se clasificar\u00e1 en tres categor\u00edas:<\/p>\n<p>&nbsp;<\/p>\n<p><strong>Experiencias del pasado:<\/strong> proyectos construidos del siglo XX.<\/p>\n<p><strong>Proyectos de la \u00faltima d\u00e9cada:<\/strong> proyectos construidos del siglo XXI.<\/p>\n<p><strong>Inspiraciones para el futuro:<\/strong> ideas y conceptos para futuros proyectos.<\/p>\n<p>&nbsp;<\/p>\n<p>El lanzamiento de la Gu\u00eda tendr\u00e1 lugar durante el <strong>Octubre Urbano 2023<\/strong>, cuyas actividades ser\u00e1n desarrolladas por la <strong>Sustainable Development Goals Commission (SDG)<\/strong> de la UIA, que incluir\u00e1 <strong>webinars con los arquitectos cuyos proyectos sean seleccionados para la nueva publicaci\u00f3n<\/strong>.<\/p>\n<p>&nbsp;<\/p>\n<h4>Calendario<\/h4>\n<hr \/>\n<p>Lanzamiento de la convocatoria de propuestas:<strong> 21 de febrero de 2023.<\/strong><\/p>\n<p>Fecha l\u00edmite de env\u00edo: <strong>30 de abril de 2023, 23:59 (CET).<\/strong><\/p>\n<p>Selecci\u00f3n: <strong>15 mayo de 2023 \u2013 30 de junio de 2023.<\/strong><\/p>\n<p>Anuncio de resultados: <strong>5 de julio de 2023, durante el <a href=\"https:\/\/uia2023cph.org\/\">Congreso Mundial de Arquitectos de la UIA en Copenhague<\/a>.<\/strong><\/p>\n<p>&nbsp;<\/p>\n<h4>Condiciones de participaci\u00f3n y presentaci\u00f3n<\/h4>\n<hr \/>\n<p>Para participar, el participante deber\u00e1 completar el <strong><a href=\"https:\/\/docs.google.com\/forms\/d\/e\/1FAIpQLSexArEUpwQTTyzLOnl44470M9GGuGXk1-1HPaFxxp7j9YYmSQ\/viewform\">formulario de inscripci\u00f3n<\/a><\/strong>.<\/p>\n<p>Para leer las condiciones completas de participaci\u00f3n, haga clic <strong><a href=\"https:\/\/www.uia-architectes.org\/wp-content\/uploads\/2023\/02\/Call-for-Proposals.docx-1.pdf\">aqu\u00ed<\/a><\/strong>.<\/p>\n<p>Las consultas ser\u00e1n respondidas por el Comit\u00e9 Organizador por <a href=\"mailto: sdg-guidebook@uia-architectes.org\"><strong>correo electr\u00f3nico<\/strong><\/a>.<\/p>\n<p>&nbsp;<\/p>\n<h4>M\u00e1s informaci\u00f3n<\/h4>\n<hr \/>\n<p>S\u00ed necesitas m\u00e1s informaci\u00f3n, puedes acceder al siguiente <strong><a href=\"https:\/\/www.uia-architectes.org\/en\/news\/call-for-proposals-uia-guidebook-for-the-2030-agenda\/\">link<\/a><\/strong>.<\/p>\n<p>&nbsp;<\/p>\n<p><\/p>","protected":false},"excerpt":{"rendered":"<p>La Sustainable Development Goals Commission (SDG) de la Uni\u00f3n Internacional de Arquitectos (UIA) anunci\u00f3 la convocatoria de propuestas para la edici\u00f3n 2023 de la \u00abGu\u00eda de la UIA para la Agenda 2030\u00bb. Esta publicaci\u00f3n est\u00e1 inspirada en \u00abArchitecture to the &hellip; <a class=\"more-link\" href=\"https:\/\/colegioarquitectos.com\/noticias\/?p=29966\">ver m\u00e1s<\/a><\/p>","protected":false},"author":4,"featured_media":29967,"comment_status":"closed","ping_status":"closed","sticky":false,"template":"","format":"standard","meta":{"footnotes":""},"categories":[11,3],"tags":[215,217,56,220,218,219,216,213,214],"class_list":["post-29966","post","type-post","status-publish","format-standard","has-post-thumbnail","hentry","category-concursos","category-noticias","tag-agenda-2030","tag-architecture-to-the-un-17-sustainable-development-goals","tag-concurso","tag-convocatoria","tag-guia-de-la-uia-para-la-agenda-2030","tag-international-union-of-architects","tag-sustainable-development-goals-commission-sdg","tag-uia","tag-union-internacional-de-arquitectos"],"yoast_head":"<!-- This site is optimized with the Yoast SEO plugin v24.2 - https:\/\/yoast.com\/wordpress\/plugins\/seo\/ -->\n<title>[Convocatoria] Propuestas para la edici\u00f3n 2023 de la \u00abGu\u00eda de la UIA para la Agenda 2030\u00bb - COLEGIO DE ARQUITECTOS DE CHILE<\/title>\n<meta name=\"robots\" content=\"index, follow, max-snippet:-1, max-image-preview:large, max-video-preview:-1\" \/>\n<link rel=\"canonical\" href=\"https:\/\/colegioarquitectos.com\/noticias\/?p=29966\" \/>\n<meta property=\"og:locale\" content=\"es_ES\" \/>\n<meta property=\"og:type\" content=\"article\" \/>\n<meta property=\"og:title\" content=\"[Convocatoria] Propuestas para la edici\u00f3n 2023 de la \u00abGu\u00eda de la UIA para la Agenda 2030\u00bb - COLEGIO DE ARQUITECTOS DE CHILE\" \/>\n<meta property=\"og:description\" content=\"La Sustainable Development Goals Commission (SDG) de la Uni\u00f3n Internacional de Arquitectos (UIA) anunci\u00f3 la convocatoria de propuestas para la edici\u00f3n 2023 de la \u00abGu\u00eda de la UIA para la Agenda 2030\u00bb. Esta publicaci\u00f3n est\u00e1 inspirada en \u00abArchitecture to the &hellip; ver m\u00e1s\" \/>\n<meta property=\"og:url\" content=\"https:\/\/colegioarquitectos.com\/noticias\/?p=29966\" \/>\n<meta property=\"og:site_name\" content=\"COLEGIO DE ARQUITECTOS DE CHILE\" \/>\n<meta property=\"article:publisher\" content=\"https:\/\/facebook.com\/Colegioarq\/\" \/>\n<meta property=\"article:published_time\" content=\"2023-03-14T17:05:10+00:00\" \/>\n<meta property=\"article:modified_time\" content=\"2023-03-16T15:07:04+00:00\" \/>\n<meta property=\"og:image\" content=\"https:\/\/colegioarquitectos.com\/noticias\/wp-content\/uploads\/2023\/03\/PORTADA-UIA-GUIDEBOOK.jpg\" \/>\n\t<meta property=\"og:image:width\" content=\"1280\" \/>\n\t<meta property=\"og:image:height\" content=\"720\" \/>\n\t<meta property=\"og:image:type\" content=\"image\/jpeg\" \/>\n<meta name=\"author\" content=\"Colegio de Arquitectos de Chile\" \/>\n<meta name=\"twitter:card\" content=\"summary_large_image\" \/>\n<meta name=\"twitter:creator\" content=\"@colegioarq\" \/>\n<meta name=\"twitter:site\" content=\"@colegioarq\" \/>\n<meta name=\"twitter:label1\" content=\"Escrito por\" \/>\n\t<meta name=\"twitter:data1\" content=\"Colegio de Arquitectos de Chile\" \/>\n\t<meta name=\"twitter:label2\" content=\"Tiempo de lectura\" \/>\n\t<meta name=\"twitter:data2\" content=\"1 minuto\" \/>\n<script type=\"application\/ld+json\" class=\"yoast-schema-graph\">{\"@context\":\"https:\/\/schema.org\",\"@graph\":[{\"@type\":\"Article\",\"@id\":\"https:\/\/colegioarquitectos.com\/noticias\/?p=29966#article\",\"isPartOf\":{\"@id\":\"https:\/\/colegioarquitectos.com\/noticias\/?p=29966\"},\"author\":{\"name\":\"Colegio de Arquitectos de Chile\",\"@id\":\"https:\/\/colegioarquitectos.com\/noticias\/#\/schema\/person\/685cc0aad148303c5608f049af8285ad\"},\"headline\":\"[Convocatoria] Propuestas para la edici\u00f3n 2023 de la \u00abGu\u00eda de la UIA para la Agenda 2030\u00bb\",\"datePublished\":\"2023-03-14T17:05:10+00:00\",\"dateModified\":\"2023-03-16T15:07:04+00:00\",\"mainEntityOfPage\":{\"@id\":\"https:\/\/colegioarquitectos.com\/noticias\/?p=29966\"},\"wordCount\":303,\"publisher\":{\"@id\":\"https:\/\/colegioarquitectos.com\/noticias\/#organization\"},\"image\":{\"@id\":\"https:\/\/colegioarquitectos.com\/noticias\/?p=29966#primaryimage\"},\"thumbnailUrl\":\"https:\/\/colegioarquitectos.com\/noticias\/wp-content\/uploads\/2023\/03\/PORTADA-UIA-GUIDEBOOK.jpg\",\"keywords\":[\"Agenda 2030\",\"Architecture to the UN. 17 Sustainable Development Goals\",\"concurso\",\"convocatoria\",\"Gu\u00eda de la UIA para la Agenda 2030\",\"International Union of Architects\",\"Sustainable Development Goals Commission (SDG)\",\"UIA\",\"Uni\u00f3n Internacional de Arquitectos\"],\"articleSection\":[\"Concursos\",\"Noticias\"],\"inLanguage\":\"es\"},{\"@type\":\"WebPage\",\"@id\":\"https:\/\/colegioarquitectos.com\/noticias\/?p=29966\",\"url\":\"https:\/\/colegioarquitectos.com\/noticias\/?p=29966\",\"name\":\"[Convocatoria] Propuestas para la edici\u00f3n 2023 de la \u00abGu\u00eda de la UIA para la Agenda 2030\u00bb - COLEGIO DE ARQUITECTOS DE CHILE\",\"isPartOf\":{\"@id\":\"https:\/\/colegioarquitectos.com\/noticias\/#website\"},\"primaryImageOfPage\":{\"@id\":\"https:\/\/colegioarquitectos.com\/noticias\/?p=29966#primaryimage\"},\"image\":{\"@id\":\"https:\/\/colegioarquitectos.com\/noticias\/?p=29966#primaryimage\"},\"thumbnailUrl\":\"https:\/\/colegioarquitectos.com\/noticias\/wp-content\/uploads\/2023\/03\/PORTADA-UIA-GUIDEBOOK.jpg\",\"datePublished\":\"2023-03-14T17:05:10+00:00\",\"dateModified\":\"2023-03-16T15:07:04+00:00\",\"breadcrumb\":{\"@id\":\"https:\/\/colegioarquitectos.com\/noticias\/?p=29966#breadcrumb\"},\"inLanguage\":\"es\",\"potentialAction\":[{\"@type\":\"ReadAction\",\"target\":[\"https:\/\/colegioarquitectos.com\/noticias\/?p=29966\"]}]},{\"@type\":\"ImageObject\",\"inLanguage\":\"es\",\"@id\":\"https:\/\/colegioarquitectos.com\/noticias\/?p=29966#primaryimage\",\"url\":\"https:\/\/colegioarquitectos.com\/noticias\/wp-content\/uploads\/2023\/03\/PORTADA-UIA-GUIDEBOOK.jpg\",\"contentUrl\":\"https:\/\/colegioarquitectos.com\/noticias\/wp-content\/uploads\/2023\/03\/PORTADA-UIA-GUIDEBOOK.jpg\",\"width\":1280,\"height\":720},{\"@type\":\"BreadcrumbList\",\"@id\":\"https:\/\/colegioarquitectos.com\/noticias\/?p=29966#breadcrumb\",\"itemListElement\":[{\"@type\":\"ListItem\",\"position\":1,\"name\":\"Portada\",\"item\":\"https:\/\/colegioarquitectos.com\/noticias\"},{\"@type\":\"ListItem\",\"position\":2,\"name\":\"[Convocatoria] Propuestas para la edici\u00f3n 2023 de la \u00abGu\u00eda de la UIA para la Agenda 2030\u00bb\"}]},{\"@type\":\"WebSite\",\"@id\":\"https:\/\/colegioarquitectos.com\/noticias\/#website\",\"url\":\"https:\/\/colegioarquitectos.com\/noticias\/\",\"name\":\"COLEGIO DE ARQUITECTOS DE CHILE\",\"description\":\"\",\"publisher\":{\"@id\":\"https:\/\/colegioarquitectos.com\/noticias\/#organization\"},\"potentialAction\":[{\"@type\":\"SearchAction\",\"target\":{\"@type\":\"EntryPoint\",\"urlTemplate\":\"https:\/\/colegioarquitectos.com\/noticias\/?s={search_term_string}\"},\"query-input\":{\"@type\":\"PropertyValueSpecification\",\"valueRequired\":true,\"valueName\":\"search_term_string\"}}],\"inLanguage\":\"es\"},{\"@type\":\"Organization\",\"@id\":\"https:\/\/colegioarquitectos.com\/noticias\/#organization\",\"name\":\"COLEGIO DE ARQUITECTOS DE CHILE\",\"url\":\"https:\/\/colegioarquitectos.com\/noticias\/\",\"logo\":{\"@type\":\"ImageObject\",\"inLanguage\":\"es\",\"@id\":\"https:\/\/colegioarquitectos.com\/noticias\/#\/schema\/logo\/image\/\",\"url\":\"https:\/\/colegioarquitectos.com\/noticias\/wp-content\/uploads\/2021\/05\/ENCABEZADO-LOGO-CA.jpg\",\"contentUrl\":\"https:\/\/colegioarquitectos.com\/noticias\/wp-content\/uploads\/2021\/05\/ENCABEZADO-LOGO-CA.jpg\",\"width\":690,\"height\":350,\"caption\":\"COLEGIO DE ARQUITECTOS DE CHILE\"},\"image\":{\"@id\":\"https:\/\/colegioarquitectos.com\/noticias\/#\/schema\/logo\/image\/\"},\"sameAs\":[\"https:\/\/facebook.com\/Colegioarq\/\",\"https:\/\/x.com\/colegioarq\",\"https:\/\/instagram.com\/colegioarq\",\"https:\/\/youtube.com\/@ColegiodeArquitectosdeChile\"]},{\"@type\":\"Person\",\"@id\":\"https:\/\/colegioarquitectos.com\/noticias\/#\/schema\/person\/685cc0aad148303c5608f049af8285ad\",\"name\":\"Colegio de Arquitectos de Chile\",\"url\":\"https:\/\/colegioarquitectos.com\/noticias\/?author=4\"}]}<\/script>\n<!-- \/ Yoast SEO plugin. -->","yoast_head_json":{"title":"[Convocatoria] Propuestas para la edici\u00f3n 2023 de la \u00abGu\u00eda de la UIA para la Agenda 2030\u00bb - COLEGIO DE ARQUITECTOS DE CHILE","robots":{"index":"index","follow":"follow","max-snippet":"max-snippet:-1","max-image-preview":"max-image-preview:large","max-video-preview":"max-video-preview:-1"},"canonical":"https:\/\/colegioarquitectos.com\/noticias\/?p=29966","og_locale":"es_ES","og_type":"article","og_title":"[Convocatoria] Propuestas para la edici\u00f3n 2023 de la \u00abGu\u00eda de la UIA para la Agenda 2030\u00bb - COLEGIO DE ARQUITECTOS DE CHILE","og_description":"La Sustainable Development Goals Commission (SDG) de la Uni\u00f3n Internacional de Arquitectos (UIA) anunci\u00f3 la convocatoria de propuestas para la edici\u00f3n 2023 de la \u00abGu\u00eda de la UIA para la Agenda 2030\u00bb. Esta publicaci\u00f3n est\u00e1 inspirada en \u00abArchitecture to the &hellip; ver m\u00e1s","og_url":"https:\/\/colegioarquitectos.com\/noticias\/?p=29966","og_site_name":"COLEGIO DE ARQUITECTOS DE CHILE","article_publisher":"https:\/\/facebook.com\/Colegioarq\/","article_published_time":"2023-03-14T17:05:10+00:00","article_modified_time":"2023-03-16T15:07:04+00:00","og_image":[{"width":1280,"height":720,"url":"https:\/\/colegioarquitectos.com\/noticias\/wp-content\/uploads\/2023\/03\/PORTADA-UIA-GUIDEBOOK.jpg","type":"image\/jpeg"}],"author":"Colegio de Arquitectos de Chile","twitter_card":"summary_large_image","twitter_creator":"@colegioarq","twitter_site":"@colegioarq","twitter_misc":{"Escrito por":"Colegio de Arquitectos de Chile","Tiempo de lectura":"1 minuto"},"schema":{"@context":"https:\/\/schema.org","@graph":[{"@type":"Article","@id":"https:\/\/colegioarquitectos.com\/noticias\/?p=29966#article","isPartOf":{"@id":"https:\/\/colegioarquitectos.com\/noticias\/?p=29966"},"author":{"name":"Colegio de Arquitectos de Chile","@id":"https:\/\/colegioarquitectos.com\/noticias\/#\/schema\/person\/685cc0aad148303c5608f049af8285ad"},"headline":"[Convocatoria] Propuestas para la edici\u00f3n 2023 de la \u00abGu\u00eda de la UIA para la Agenda 2030\u00bb","datePublished":"2023-03-14T17:05:10+00:00","dateModified":"2023-03-16T15:07:04+00:00","mainEntityOfPage":{"@id":"https:\/\/colegioarquitectos.com\/noticias\/?p=29966"},"wordCount":303,"publisher":{"@id":"https:\/\/colegioarquitectos.com\/noticias\/#organization"},"image":{"@id":"https:\/\/colegioarquitectos.com\/noticias\/?p=29966#primaryimage"},"thumbnailUrl":"https:\/\/colegioarquitectos.com\/noticias\/wp-content\/uploads\/2023\/03\/PORTADA-UIA-GUIDEBOOK.jpg","keywords":["Agenda 2030","Architecture to the UN. 17 Sustainable Development Goals","concurso","convocatoria","Gu\u00eda de la UIA para la Agenda 2030","International Union of Architects","Sustainable Development Goals Commission (SDG)","UIA","Uni\u00f3n Internacional de Arquitectos"],"articleSection":["Concursos","Noticias"],"inLanguage":"es"},{"@type":"WebPage","@id":"https:\/\/colegioarquitectos.com\/noticias\/?p=29966","url":"https:\/\/colegioarquitectos.com\/noticias\/?p=29966","name":"[Convocatoria] Propuestas para la edici\u00f3n 2023 de la \u00abGu\u00eda de la UIA para la Agenda 2030\u00bb - COLEGIO DE ARQUITECTOS DE CHILE","isPartOf":{"@id":"https:\/\/colegioarquitectos.com\/noticias\/#website"},"primaryImageOfPage":{"@id":"https:\/\/colegioarquitectos.com\/noticias\/?p=29966#primaryimage"},"image":{"@id":"https:\/\/colegioarquitectos.com\/noticias\/?p=29966#primaryimage"},"thumbnailUrl":"https:\/\/colegioarquitectos.com\/noticias\/wp-content\/uploads\/2023\/03\/PORTADA-UIA-GUIDEBOOK.jpg","datePublished":"2023-03-14T17:05:10+00:00","dateModified":"2023-03-16T15:07:04+00:00","breadcrumb":{"@id":"https:\/\/colegioarquitectos.com\/noticias\/?p=29966#breadcrumb"},"inLanguage":"es","potentialAction":[{"@type":"ReadAction","target":["https:\/\/colegioarquitectos.com\/noticias\/?p=29966"]}]},{"@type":"ImageObject","inLanguage":"es","@id":"https:\/\/colegioarquitectos.com\/noticias\/?p=29966#primaryimage","url":"https:\/\/colegioarquitectos.com\/noticias\/wp-content\/uploads\/2023\/03\/PORTADA-UIA-GUIDEBOOK.jpg","contentUrl":"https:\/\/colegioarquitectos.com\/noticias\/wp-content\/uploads\/2023\/03\/PORTADA-UIA-GUIDEBOOK.jpg","width":1280,"height":720},{"@type":"BreadcrumbList","@id":"https:\/\/colegioarquitectos.com\/noticias\/?p=29966#breadcrumb","itemListElement":[{"@type":"ListItem","position":1,"name":"Portada","item":"https:\/\/colegioarquitectos.com\/noticias"},{"@type":"ListItem","position":2,"name":"[Convocatoria] Propuestas para la edici\u00f3n 2023 de la \u00abGu\u00eda de la UIA para la Agenda 2030\u00bb"}]},{"@type":"WebSite","@id":"https:\/\/colegioarquitectos.com\/noticias\/#website","url":"https:\/\/colegioarquitectos.com\/noticias\/","name":"COLEGIO DE ARQUITECTOS DE CHILE","description":"","publisher":{"@id":"https:\/\/colegioarquitectos.com\/noticias\/#organization"},"potentialAction":[{"@type":"SearchAction","target":{"@type":"EntryPoint","urlTemplate":"https:\/\/colegioarquitectos.com\/noticias\/?s={search_term_string}"},"query-input":{"@type":"PropertyValueSpecification","valueRequired":true,"valueName":"search_term_string"}}],"inLanguage":"es"},{"@type":"Organization","@id":"https:\/\/colegioarquitectos.com\/noticias\/#organization","name":"COLEGIO DE ARQUITECTOS DE CHILE","url":"https:\/\/colegioarquitectos.com\/noticias\/","logo":{"@type":"ImageObject","inLanguage":"es","@id":"https:\/\/colegioarquitectos.com\/noticias\/#\/schema\/logo\/image\/","url":"https:\/\/colegioarquitectos.com\/noticias\/wp-content\/uploads\/2021\/05\/ENCABEZADO-LOGO-CA.jpg","contentUrl":"https:\/\/colegioarquitectos.com\/noticias\/wp-content\/uploads\/2021\/05\/ENCABEZADO-LOGO-CA.jpg","width":690,"height":350,"caption":"COLEGIO DE ARQUITECTOS DE CHILE"},"image":{"@id":"https:\/\/colegioarquitectos.com\/noticias\/#\/schema\/logo\/image\/"},"sameAs":["https:\/\/facebook.com\/Colegioarq\/","https:\/\/x.com\/colegioarq","https:\/\/instagram.com\/colegioarq","https:\/\/youtube.com\/@ColegiodeArquitectosdeChile"]},{"@type":"Person","@id":"https:\/\/colegioarquitectos.com\/noticias\/#\/schema\/person\/685cc0aad148303c5608f049af8285ad","name":"Colegio de Arquitectos de Chile","url":"https:\/\/colegioarquitectos.com\/noticias\/?author=4"}]}},"_links":{"self":[{"href":"https:\/\/colegioarquitectos.com\/noticias\/index.php?rest_route=\/wp\/v2\/posts\/29966","targetHints":{"allow":["GET"]}}],"collection":[{"href":"https:\/\/colegioarquitectos.com\/noticias\/index.php?rest_route=\/wp\/v2\/posts"}],"about":[{"href":"https:\/\/colegioarquitectos.com\/noticias\/index.php?rest_route=\/wp\/v2\/types\/post"}],"author":[{"embeddable":true,"href":"https:\/\/colegioarquitectos.com\/noticias\/index.php?rest_route=\/wp\/v2\/users\/4"}],"replies":[{"embeddable":true,"href":"https:\/\/colegioarquitectos.com\/noticias\/index.php?rest_route=%2Fwp%2Fv2%2Fcomments&post=29966"}],"version-history":[{"count":0,"href":"https:\/\/colegioarquitectos.com\/noticias\/index.php?rest_route=\/wp\/v2\/posts\/29966\/revisions"}],"wp:featuredmedia":[{"embeddable":true,"href":"https:\/\/colegioarquitectos.com\/noticias\/index.php?rest_route=\/wp\/v2\/media\/29967"}],"wp:attachment":[{"href":"https:\/\/colegioarquitectos.com\/noticias\/index.php?rest_route=%2Fwp%2Fv2%2Fmedia&parent=29966"}],"wp:term":[{"taxonomy":"category","embeddable":true,"href":"https:\/\/colegioarquitectos.com\/noticias\/index.php?rest_route=%2Fwp%2Fv2%2Fcategories&post=29966"},{"taxonomy":"post_tag","embeddable":true,"href":"https:\/\/colegioarquitectos.com\/noticias\/index.php?rest_route=%2Fwp%2Fv2%2Ftags&post=29966"}],"curies":[{"name":"wp","href":"https:\/\/api.w.org\/{rel}","templated":true}]}}