
{"id":30146,"date":"2023-04-10T10:47:09","date_gmt":"2023-04-10T14:47:09","guid":{"rendered":"https:\/\/colegioarquitectos.com\/?p=30146"},"modified":"2023-04-10T15:12:31","modified_gmt":"2023-04-10T19:12:31","slug":"colegio-de-arquitectos-de-chile-participa-de-la-ceremonia-de-develacion-de-placa-del-edificio-albora-rondizzoni-2030-tras-ganar-el-premio-aporte-urbano-pau","status":"publish","type":"post","link":"https:\/\/colegioarquitectos.com\/noticias\/?p=30146","title":{"rendered":"Colegio de Arquitectos de Chile participa de la ceremonia de develaci\u00f3n de placa del edificio Albora Rondizzoni 2030 tras ganar el Premio Aporte Urbano (PAU)"},"content":{"rendered":"<p>La presidenta nacional del Colegio de Arquitectos de Chile, <strong>Beatriz Buccicardi<\/strong>; junto al director del<strong> Premio Aporte Urbano (PAU)<\/strong>, <strong>Crist\u00f3bal Prado<\/strong>; el director ejecutivo de la Inmobiliaria Norte Verde, <strong>Francisco Bascu\u00f1\u00e1n<\/strong> y representantes de la empresa ganadora, fueron parte de la <strong>ceremonia de develaci\u00f3n de placa del edificio Albora Rondizzoni 2030<\/strong>, tras resultar como ganador en la categor\u00eda de <strong>mejor proyecto inmobiliario de densificaci\u00f3n equilibrada 2022<\/strong>.<\/p>\n<p><strong>Albora Rondizzoni<\/strong>, es un edificio de 8 pisos con 186 unidades de departamentos y 4 locales comerciales. La idea arquitecto\u0301nica principal ha sido buscar una comunio\u0301n entre el edificio y el Parque O\u00b4 Higgins, a modo de extensiones espaciales verdes.<\/p>\n<p>Algunos de los criterios de sustentabilidad con que cuenta este proyecto son tratamientos de fachadas seg\u00fan orientaci\u00f3n solar; estacionamiento subterr\u00e1neo con iluminaci\u00f3n natural; uso de cristal termopanel, por sobre el requerimiento normativo; incorporaci\u00f3n de techos verdes; incorporaci\u00f3n de \u00e1rea verde para uso p\u00fablico; selecci\u00f3n vegetal y sistema de riego de bajo requerimiento h\u00eddrico; y artefactos de bajo consumo de Agua acordes al Standard CVS.<\/p>\n<p>&nbsp;<\/p>\n<div id=\"attachment_30150\" style=\"width: 700px\" class=\"wp-caption aligncenter\"><img loading=\"lazy\" decoding=\"async\" aria-describedby=\"caption-attachment-30150\" class=\"wp-image-30150 size-large\" src=\"https:\/\/colegioarquitectos.com\/noticias\/wp-content\/uploads\/2023\/04\/WhatsApp_Image_2023-04-03_at_16.48.37-1024x684.jpeg\" alt=\"\" width=\"690\" height=\"461\" srcset=\"https:\/\/colegioarquitectos.com\/noticias\/wp-content\/uploads\/2023\/04\/WhatsApp_Image_2023-04-03_at_16.48.37-1024x684.jpeg 1024w, https:\/\/colegioarquitectos.com\/noticias\/wp-content\/uploads\/2023\/04\/WhatsApp_Image_2023-04-03_at_16.48.37-300x201.jpeg 300w, https:\/\/colegioarquitectos.com\/noticias\/wp-content\/uploads\/2023\/04\/WhatsApp_Image_2023-04-03_at_16.48.37-768x513.jpeg 768w, https:\/\/colegioarquitectos.com\/noticias\/wp-content\/uploads\/2023\/04\/WhatsApp_Image_2023-04-03_at_16.48.37.jpeg 1529w\" sizes=\"auto, (max-width: 690px) 100vw, 690px\" \/><p id=\"caption-attachment-30150\" class=\"wp-caption-text\">Los ganadores de la categor\u00eda de mejor proyecto inmobiliario de densificaci\u00f3n equilibrada 2022 del Premio PAU develando la placa conmemorativa.<\/p><\/div>\n<p>&nbsp;<\/p>\n<p>&nbsp;<\/p>\n<div id=\"attachment_30149\" style=\"width: 700px\" class=\"wp-caption aligncenter\"><img loading=\"lazy\" decoding=\"async\" aria-describedby=\"caption-attachment-30149\" class=\"wp-image-30149 size-large\" src=\"https:\/\/colegioarquitectos.com\/noticias\/wp-content\/uploads\/2023\/04\/WhatsApp-Image-2023-04-03-at-17.25.35-768x1024.jpeg\" alt=\"\" width=\"690\" height=\"920\" srcset=\"https:\/\/colegioarquitectos.com\/noticias\/wp-content\/uploads\/2023\/04\/WhatsApp-Image-2023-04-03-at-17.25.35-768x1024.jpeg 768w, https:\/\/colegioarquitectos.com\/noticias\/wp-content\/uploads\/2023\/04\/WhatsApp-Image-2023-04-03-at-17.25.35-225x300.jpeg 225w, https:\/\/colegioarquitectos.com\/noticias\/wp-content\/uploads\/2023\/04\/WhatsApp-Image-2023-04-03-at-17.25.35.jpeg 960w\" sizes=\"auto, (max-width: 690px) 100vw, 690px\" \/><p id=\"caption-attachment-30149\" class=\"wp-caption-text\">La presidenta nacional del Colegio de Arquitectos de Chile, Beatriz Buccicardi, con la placa conmemorativa del edificio Albora Rondizzoni 2030.<\/p><\/div>\n<p>&nbsp;<\/p>\n<p>El proyecto es un edificio pensado de manera integral con su contexto. <strong>Es decir, contribuye al concepto de densificaci\u00f3n equilibrada, en relaci\u00f3n a la densidad presente en el entorno urbano existente y la capacidad de carga del barrio<\/strong>. Incorpora de manera consciente a los nuevos habitantes a un entorno bien conectado a las redes de transporte p\u00fablico, infraestructura de salud y educaci\u00f3n, y a uno de los principales parques de Santiago.<\/p>\n<p>El proyecto incorpora un programa comercial y de plaza en primer piso, para que de esta manera se <strong>active el espacio p\u00fablico y se propicie la interacci\u00f3n entre los usuarios, en un tramo de calle que antiguamente era evitado por los transe\u00fantes y que hoy se ha consolidado como una extensi\u00f3n del espacio p\u00fablico adyacente<\/strong>.<\/p>\n<p>Para <strong>Sergio Pereira<\/strong>, arquitecto principal de <strong>inmobiliaria Norteverde<\/strong>, \u00ablos arquitectos hoy m\u00e1s que nunca, debemos re-asumir el rol que nos toca dise\u00f1ando la ciudad y sus partes, m\u00e1s all\u00e1 del encargo concreto y puntual de nuestros mandantes,\u00a0 la ciudad debe ser entendida como un sistema altamente integrado y simbi\u00f3tico que necesita ser observado y dise\u00f1ado, ya sea que tengamos roles p\u00fablicos o privados\u00bb.<\/p>\n<p>\u00abTodos los arquitectos estamos llamados\u00a0 por formaci\u00f3n a dar la mejor respuesta posible a nuestros encargos, la planificaci\u00f3n existente y las normas vigentes son el m\u00ednimo b\u00e1sico a cumplir en un encargo, de ah\u00ed en m\u00e1s hay un mundo de posibilidades que elevan nuestro quehacer y nuestra respuesta para con la ciudad y sus habitantes\u00bb, cerr\u00f3.<\/p>\n<p>Puedes conocer todos los proyectos nominados y ganadores del <strong>Premio Aporte Urbano (PAU) 2022<\/strong> <strong><a href=\"https:\/\/premioaporteurbano.cl\/\">ac\u00e1<\/a><\/strong>.<\/p>\n<p>&nbsp;<\/p>\n<hr \/>\n<p>&nbsp;<\/p>\n<h4><strong>Edificio Albora Rondizzoni 2030<\/strong><\/h4>\n<p>Mandante: <strong>Inmobiliaria NORTEVERDE<\/strong><\/p>\n<p>Constructora: <strong>LO CAMPINO<\/strong><\/p>\n<p>Arquitecto: <strong>Sergio Pereira- Francisco Bascu\u00f1\u00e1n \u2013 Pablo Godoy \u2013 Yair Araya \u2013 Daniel Tabilo<\/strong><\/p>\n<p>Superficie interior: <strong>8593,5 m2<\/strong><\/p>\n<p>&nbsp;<\/p>\n<p><img loading=\"lazy\" decoding=\"async\" class=\"aligncenter size-full wp-image-30148\" src=\"https:\/\/colegioarquitectos.com\/noticias\/wp-content\/uploads\/2023\/04\/2.-Albora-AEREO1_2_.jpg\" alt=\"\" width=\"768\" height=\"900\" srcset=\"https:\/\/colegioarquitectos.com\/noticias\/wp-content\/uploads\/2023\/04\/2.-Albora-AEREO1_2_.jpg 768w, https:\/\/colegioarquitectos.com\/noticias\/wp-content\/uploads\/2023\/04\/2.-Albora-AEREO1_2_-256x300.jpg 256w\" sizes=\"auto, (max-width: 768px) 100vw, 768px\" \/><\/p>\n<p>&nbsp;<\/p>\n<p><\/p>","protected":false},"excerpt":{"rendered":"<p>La presidenta nacional del Colegio de Arquitectos de Chile, Beatriz Buccicardi; junto al director del Premio Aporte Urbano (PAU), Crist\u00f3bal Prado; el director ejecutivo de la Inmobiliaria Norte Verde, Francisco Bascu\u00f1\u00e1n y representantes de la empresa ganadora, fueron parte de &hellip; <a class=\"more-link\" href=\"https:\/\/colegioarquitectos.com\/noticias\/?p=30146\">ver m\u00e1s<\/a><\/p>","protected":false},"author":4,"featured_media":30147,"comment_status":"closed","ping_status":"closed","sticky":false,"template":"","format":"standard","meta":{"footnotes":""},"categories":[8],"tags":[159,258,257,263,260,262,261,259],"class_list":["post-30146","post","type-post","status-publish","format-standard","has-post-thumbnail","hentry","category-colegio-de-arquitectos","tag-beatriz-buccicardi","tag-edificio-albora","tag-edificio-albora-rondizzoni-2030","tag-inmobiliaria-norteverde","tag-parque-ohiggins","tag-premio-aporte-urbano","tag-premio-pau","tag-rondizzoni"],"yoast_head":"<!-- This site is optimized with the Yoast SEO plugin v24.2 - https:\/\/yoast.com\/wordpress\/plugins\/seo\/ -->\n<title>Colegio de Arquitectos de Chile participa de la ceremonia de develaci\u00f3n de placa del edificio Albora Rondizzoni 2030 tras ganar el Premio Aporte Urbano (PAU) - COLEGIO DE ARQUITECTOS DE CHILE<\/title>\n<meta name=\"robots\" content=\"index, follow, max-snippet:-1, max-image-preview:large, max-video-preview:-1\" \/>\n<link rel=\"canonical\" href=\"https:\/\/colegioarquitectos.com\/noticias\/?p=30146\" \/>\n<meta property=\"og:locale\" content=\"es_ES\" \/>\n<meta property=\"og:type\" content=\"article\" \/>\n<meta property=\"og:title\" content=\"Colegio de Arquitectos de Chile participa de la ceremonia de develaci\u00f3n de placa del edificio Albora Rondizzoni 2030 tras ganar el Premio Aporte Urbano (PAU) - COLEGIO DE ARQUITECTOS DE CHILE\" \/>\n<meta property=\"og:description\" content=\"La presidenta nacional del Colegio de Arquitectos de Chile, Beatriz Buccicardi; junto al director del Premio Aporte Urbano (PAU), Crist\u00f3bal Prado; el director ejecutivo de la Inmobiliaria Norte Verde, Francisco Bascu\u00f1\u00e1n y representantes de la empresa ganadora, fueron parte de &hellip; ver m\u00e1s\" \/>\n<meta property=\"og:url\" content=\"https:\/\/colegioarquitectos.com\/noticias\/?p=30146\" \/>\n<meta property=\"og:site_name\" content=\"COLEGIO DE ARQUITECTOS DE CHILE\" \/>\n<meta property=\"article:publisher\" content=\"https:\/\/facebook.com\/Colegioarq\/\" \/>\n<meta property=\"article:published_time\" content=\"2023-04-10T14:47:09+00:00\" \/>\n<meta property=\"article:modified_time\" content=\"2023-04-10T19:12:31+00:00\" \/>\n<meta property=\"og:image\" content=\"https:\/\/colegioarquitectos.com\/noticias\/wp-content\/uploads\/2023\/04\/PORTADA-EDIFICIO-ALBORA.jpg\" \/>\n\t<meta property=\"og:image:width\" content=\"1280\" \/>\n\t<meta property=\"og:image:height\" content=\"720\" \/>\n\t<meta property=\"og:image:type\" content=\"image\/jpeg\" \/>\n<meta name=\"author\" content=\"Colegio de Arquitectos de Chile\" \/>\n<meta name=\"twitter:card\" content=\"summary_large_image\" \/>\n<meta name=\"twitter:creator\" content=\"@colegioarq\" \/>\n<meta name=\"twitter:site\" content=\"@colegioarq\" \/>\n<meta name=\"twitter:label1\" content=\"Escrito por\" \/>\n\t<meta name=\"twitter:data1\" content=\"Colegio de Arquitectos de Chile\" \/>\n\t<meta name=\"twitter:label2\" content=\"Tiempo de lectura\" \/>\n\t<meta name=\"twitter:data2\" content=\"3 minutos\" \/>\n<script type=\"application\/ld+json\" class=\"yoast-schema-graph\">{\"@context\":\"https:\/\/schema.org\",\"@graph\":[{\"@type\":\"Article\",\"@id\":\"https:\/\/colegioarquitectos.com\/noticias\/?p=30146#article\",\"isPartOf\":{\"@id\":\"https:\/\/colegioarquitectos.com\/noticias\/?p=30146\"},\"author\":{\"name\":\"Colegio de Arquitectos de Chile\",\"@id\":\"https:\/\/colegioarquitectos.com\/noticias\/#\/schema\/person\/685cc0aad148303c5608f049af8285ad\"},\"headline\":\"Colegio de Arquitectos de Chile participa de la ceremonia de develaci\u00f3n de placa del edificio Albora Rondizzoni 2030 tras ganar el Premio Aporte Urbano (PAU)\",\"datePublished\":\"2023-04-10T14:47:09+00:00\",\"dateModified\":\"2023-04-10T19:12:31+00:00\",\"mainEntityOfPage\":{\"@id\":\"https:\/\/colegioarquitectos.com\/noticias\/?p=30146\"},\"wordCount\":571,\"publisher\":{\"@id\":\"https:\/\/colegioarquitectos.com\/noticias\/#organization\"},\"image\":{\"@id\":\"https:\/\/colegioarquitectos.com\/noticias\/?p=30146#primaryimage\"},\"thumbnailUrl\":\"https:\/\/colegioarquitectos.com\/noticias\/wp-content\/uploads\/2023\/04\/PORTADA-EDIFICIO-ALBORA.jpg\",\"keywords\":[\"Beatriz Buccicardi\",\"Edificio Albora\",\"Edificio Albora Rondizzoni 2030\",\"Inmobiliaria Norteverde\",\"Parque O'Higgins\",\"Premio Aporte Urbano\",\"Premio PAU\",\"Rondizzoni\"],\"articleSection\":[\"Colegio\"],\"inLanguage\":\"es\"},{\"@type\":\"WebPage\",\"@id\":\"https:\/\/colegioarquitectos.com\/noticias\/?p=30146\",\"url\":\"https:\/\/colegioarquitectos.com\/noticias\/?p=30146\",\"name\":\"Colegio de Arquitectos de Chile participa de la ceremonia de develaci\u00f3n de placa del edificio Albora Rondizzoni 2030 tras ganar el Premio Aporte Urbano (PAU) - COLEGIO DE ARQUITECTOS DE CHILE\",\"isPartOf\":{\"@id\":\"https:\/\/colegioarquitectos.com\/noticias\/#website\"},\"primaryImageOfPage\":{\"@id\":\"https:\/\/colegioarquitectos.com\/noticias\/?p=30146#primaryimage\"},\"image\":{\"@id\":\"https:\/\/colegioarquitectos.com\/noticias\/?p=30146#primaryimage\"},\"thumbnailUrl\":\"https:\/\/colegioarquitectos.com\/noticias\/wp-content\/uploads\/2023\/04\/PORTADA-EDIFICIO-ALBORA.jpg\",\"datePublished\":\"2023-04-10T14:47:09+00:00\",\"dateModified\":\"2023-04-10T19:12:31+00:00\",\"breadcrumb\":{\"@id\":\"https:\/\/colegioarquitectos.com\/noticias\/?p=30146#breadcrumb\"},\"inLanguage\":\"es\",\"potentialAction\":[{\"@type\":\"ReadAction\",\"target\":[\"https:\/\/colegioarquitectos.com\/noticias\/?p=30146\"]}]},{\"@type\":\"ImageObject\",\"inLanguage\":\"es\",\"@id\":\"https:\/\/colegioarquitectos.com\/noticias\/?p=30146#primaryimage\",\"url\":\"https:\/\/colegioarquitectos.com\/noticias\/wp-content\/uploads\/2023\/04\/PORTADA-EDIFICIO-ALBORA.jpg\",\"contentUrl\":\"https:\/\/colegioarquitectos.com\/noticias\/wp-content\/uploads\/2023\/04\/PORTADA-EDIFICIO-ALBORA.jpg\",\"width\":1280,\"height\":720},{\"@type\":\"BreadcrumbList\",\"@id\":\"https:\/\/colegioarquitectos.com\/noticias\/?p=30146#breadcrumb\",\"itemListElement\":[{\"@type\":\"ListItem\",\"position\":1,\"name\":\"Portada\",\"item\":\"https:\/\/colegioarquitectos.com\/noticias\"},{\"@type\":\"ListItem\",\"position\":2,\"name\":\"Colegio de Arquitectos de Chile participa de la ceremonia de develaci\u00f3n de placa del edificio Albora Rondizzoni 2030 tras ganar el Premio Aporte Urbano (PAU)\"}]},{\"@type\":\"WebSite\",\"@id\":\"https:\/\/colegioarquitectos.com\/noticias\/#website\",\"url\":\"https:\/\/colegioarquitectos.com\/noticias\/\",\"name\":\"COLEGIO DE ARQUITECTOS DE CHILE\",\"description\":\"\",\"publisher\":{\"@id\":\"https:\/\/colegioarquitectos.com\/noticias\/#organization\"},\"potentialAction\":[{\"@type\":\"SearchAction\",\"target\":{\"@type\":\"EntryPoint\",\"urlTemplate\":\"https:\/\/colegioarquitectos.com\/noticias\/?s={search_term_string}\"},\"query-input\":{\"@type\":\"PropertyValueSpecification\",\"valueRequired\":true,\"valueName\":\"search_term_string\"}}],\"inLanguage\":\"es\"},{\"@type\":\"Organization\",\"@id\":\"https:\/\/colegioarquitectos.com\/noticias\/#organization\",\"name\":\"COLEGIO DE ARQUITECTOS DE CHILE\",\"url\":\"https:\/\/colegioarquitectos.com\/noticias\/\",\"logo\":{\"@type\":\"ImageObject\",\"inLanguage\":\"es\",\"@id\":\"https:\/\/colegioarquitectos.com\/noticias\/#\/schema\/logo\/image\/\",\"url\":\"https:\/\/colegioarquitectos.com\/noticias\/wp-content\/uploads\/2021\/05\/ENCABEZADO-LOGO-CA.jpg\",\"contentUrl\":\"https:\/\/colegioarquitectos.com\/noticias\/wp-content\/uploads\/2021\/05\/ENCABEZADO-LOGO-CA.jpg\",\"width\":690,\"height\":350,\"caption\":\"COLEGIO DE ARQUITECTOS DE CHILE\"},\"image\":{\"@id\":\"https:\/\/colegioarquitectos.com\/noticias\/#\/schema\/logo\/image\/\"},\"sameAs\":[\"https:\/\/facebook.com\/Colegioarq\/\",\"https:\/\/x.com\/colegioarq\",\"https:\/\/instagram.com\/colegioarq\",\"https:\/\/youtube.com\/@ColegiodeArquitectosdeChile\"]},{\"@type\":\"Person\",\"@id\":\"https:\/\/colegioarquitectos.com\/noticias\/#\/schema\/person\/685cc0aad148303c5608f049af8285ad\",\"name\":\"Colegio de Arquitectos de Chile\",\"url\":\"https:\/\/colegioarquitectos.com\/noticias\/?author=4\"}]}<\/script>\n<!-- \/ Yoast SEO plugin. -->","yoast_head_json":{"title":"Colegio de Arquitectos de Chile participa de la ceremonia de develaci\u00f3n de placa del edificio Albora Rondizzoni 2030 tras ganar el Premio Aporte Urbano (PAU) - COLEGIO DE ARQUITECTOS DE CHILE","robots":{"index":"index","follow":"follow","max-snippet":"max-snippet:-1","max-image-preview":"max-image-preview:large","max-video-preview":"max-video-preview:-1"},"canonical":"https:\/\/colegioarquitectos.com\/noticias\/?p=30146","og_locale":"es_ES","og_type":"article","og_title":"Colegio de Arquitectos de Chile participa de la ceremonia de develaci\u00f3n de placa del edificio Albora Rondizzoni 2030 tras ganar el Premio Aporte Urbano (PAU) - COLEGIO DE ARQUITECTOS DE CHILE","og_description":"La presidenta nacional del Colegio de Arquitectos de Chile, Beatriz Buccicardi; junto al director del Premio Aporte Urbano (PAU), Crist\u00f3bal Prado; el director ejecutivo de la Inmobiliaria Norte Verde, Francisco Bascu\u00f1\u00e1n y representantes de la empresa ganadora, fueron parte de &hellip; ver m\u00e1s","og_url":"https:\/\/colegioarquitectos.com\/noticias\/?p=30146","og_site_name":"COLEGIO DE ARQUITECTOS DE CHILE","article_publisher":"https:\/\/facebook.com\/Colegioarq\/","article_published_time":"2023-04-10T14:47:09+00:00","article_modified_time":"2023-04-10T19:12:31+00:00","og_image":[{"width":1280,"height":720,"url":"https:\/\/colegioarquitectos.com\/noticias\/wp-content\/uploads\/2023\/04\/PORTADA-EDIFICIO-ALBORA.jpg","type":"image\/jpeg"}],"author":"Colegio de Arquitectos de Chile","twitter_card":"summary_large_image","twitter_creator":"@colegioarq","twitter_site":"@colegioarq","twitter_misc":{"Escrito por":"Colegio de Arquitectos de Chile","Tiempo de lectura":"3 minutos"},"schema":{"@context":"https:\/\/schema.org","@graph":[{"@type":"Article","@id":"https:\/\/colegioarquitectos.com\/noticias\/?p=30146#article","isPartOf":{"@id":"https:\/\/colegioarquitectos.com\/noticias\/?p=30146"},"author":{"name":"Colegio de Arquitectos de Chile","@id":"https:\/\/colegioarquitectos.com\/noticias\/#\/schema\/person\/685cc0aad148303c5608f049af8285ad"},"headline":"Colegio de Arquitectos de Chile participa de la ceremonia de develaci\u00f3n de placa del edificio Albora Rondizzoni 2030 tras ganar el Premio Aporte Urbano (PAU)","datePublished":"2023-04-10T14:47:09+00:00","dateModified":"2023-04-10T19:12:31+00:00","mainEntityOfPage":{"@id":"https:\/\/colegioarquitectos.com\/noticias\/?p=30146"},"wordCount":571,"publisher":{"@id":"https:\/\/colegioarquitectos.com\/noticias\/#organization"},"image":{"@id":"https:\/\/colegioarquitectos.com\/noticias\/?p=30146#primaryimage"},"thumbnailUrl":"https:\/\/colegioarquitectos.com\/noticias\/wp-content\/uploads\/2023\/04\/PORTADA-EDIFICIO-ALBORA.jpg","keywords":["Beatriz Buccicardi","Edificio Albora","Edificio Albora Rondizzoni 2030","Inmobiliaria Norteverde","Parque O'Higgins","Premio Aporte Urbano","Premio PAU","Rondizzoni"],"articleSection":["Colegio"],"inLanguage":"es"},{"@type":"WebPage","@id":"https:\/\/colegioarquitectos.com\/noticias\/?p=30146","url":"https:\/\/colegioarquitectos.com\/noticias\/?p=30146","name":"Colegio de Arquitectos de Chile participa de la ceremonia de develaci\u00f3n de placa del edificio Albora Rondizzoni 2030 tras ganar el Premio Aporte Urbano (PAU) - COLEGIO DE ARQUITECTOS DE CHILE","isPartOf":{"@id":"https:\/\/colegioarquitectos.com\/noticias\/#website"},"primaryImageOfPage":{"@id":"https:\/\/colegioarquitectos.com\/noticias\/?p=30146#primaryimage"},"image":{"@id":"https:\/\/colegioarquitectos.com\/noticias\/?p=30146#primaryimage"},"thumbnailUrl":"https:\/\/colegioarquitectos.com\/noticias\/wp-content\/uploads\/2023\/04\/PORTADA-EDIFICIO-ALBORA.jpg","datePublished":"2023-04-10T14:47:09+00:00","dateModified":"2023-04-10T19:12:31+00:00","breadcrumb":{"@id":"https:\/\/colegioarquitectos.com\/noticias\/?p=30146#breadcrumb"},"inLanguage":"es","potentialAction":[{"@type":"ReadAction","target":["https:\/\/colegioarquitectos.com\/noticias\/?p=30146"]}]},{"@type":"ImageObject","inLanguage":"es","@id":"https:\/\/colegioarquitectos.com\/noticias\/?p=30146#primaryimage","url":"https:\/\/colegioarquitectos.com\/noticias\/wp-content\/uploads\/2023\/04\/PORTADA-EDIFICIO-ALBORA.jpg","contentUrl":"https:\/\/colegioarquitectos.com\/noticias\/wp-content\/uploads\/2023\/04\/PORTADA-EDIFICIO-ALBORA.jpg","width":1280,"height":720},{"@type":"BreadcrumbList","@id":"https:\/\/colegioarquitectos.com\/noticias\/?p=30146#breadcrumb","itemListElement":[{"@type":"ListItem","position":1,"name":"Portada","item":"https:\/\/colegioarquitectos.com\/noticias"},{"@type":"ListItem","position":2,"name":"Colegio de Arquitectos de Chile participa de la ceremonia de develaci\u00f3n de placa del edificio Albora Rondizzoni 2030 tras ganar el Premio Aporte Urbano (PAU)"}]},{"@type":"WebSite","@id":"https:\/\/colegioarquitectos.com\/noticias\/#website","url":"https:\/\/colegioarquitectos.com\/noticias\/","name":"COLEGIO DE ARQUITECTOS DE CHILE","description":"","publisher":{"@id":"https:\/\/colegioarquitectos.com\/noticias\/#organization"},"potentialAction":[{"@type":"SearchAction","target":{"@type":"EntryPoint","urlTemplate":"https:\/\/colegioarquitectos.com\/noticias\/?s={search_term_string}"},"query-input":{"@type":"PropertyValueSpecification","valueRequired":true,"valueName":"search_term_string"}}],"inLanguage":"es"},{"@type":"Organization","@id":"https:\/\/colegioarquitectos.com\/noticias\/#organization","name":"COLEGIO DE ARQUITECTOS DE CHILE","url":"https:\/\/colegioarquitectos.com\/noticias\/","logo":{"@type":"ImageObject","inLanguage":"es","@id":"https:\/\/colegioarquitectos.com\/noticias\/#\/schema\/logo\/image\/","url":"https:\/\/colegioarquitectos.com\/noticias\/wp-content\/uploads\/2021\/05\/ENCABEZADO-LOGO-CA.jpg","contentUrl":"https:\/\/colegioarquitectos.com\/noticias\/wp-content\/uploads\/2021\/05\/ENCABEZADO-LOGO-CA.jpg","width":690,"height":350,"caption":"COLEGIO DE ARQUITECTOS DE CHILE"},"image":{"@id":"https:\/\/colegioarquitectos.com\/noticias\/#\/schema\/logo\/image\/"},"sameAs":["https:\/\/facebook.com\/Colegioarq\/","https:\/\/x.com\/colegioarq","https:\/\/instagram.com\/colegioarq","https:\/\/youtube.com\/@ColegiodeArquitectosdeChile"]},{"@type":"Person","@id":"https:\/\/colegioarquitectos.com\/noticias\/#\/schema\/person\/685cc0aad148303c5608f049af8285ad","name":"Colegio de Arquitectos de Chile","url":"https:\/\/colegioarquitectos.com\/noticias\/?author=4"}]}},"_links":{"self":[{"href":"https:\/\/colegioarquitectos.com\/noticias\/index.php?rest_route=\/wp\/v2\/posts\/30146","targetHints":{"allow":["GET"]}}],"collection":[{"href":"https:\/\/colegioarquitectos.com\/noticias\/index.php?rest_route=\/wp\/v2\/posts"}],"about":[{"href":"https:\/\/colegioarquitectos.com\/noticias\/index.php?rest_route=\/wp\/v2\/types\/post"}],"author":[{"embeddable":true,"href":"https:\/\/colegioarquitectos.com\/noticias\/index.php?rest_route=\/wp\/v2\/users\/4"}],"replies":[{"embeddable":true,"href":"https:\/\/colegioarquitectos.com\/noticias\/index.php?rest_route=%2Fwp%2Fv2%2Fcomments&post=30146"}],"version-history":[{"count":0,"href":"https:\/\/colegioarquitectos.com\/noticias\/index.php?rest_route=\/wp\/v2\/posts\/30146\/revisions"}],"wp:featuredmedia":[{"embeddable":true,"href":"https:\/\/colegioarquitectos.com\/noticias\/index.php?rest_route=\/wp\/v2\/media\/30147"}],"wp:attachment":[{"href":"https:\/\/colegioarquitectos.com\/noticias\/index.php?rest_route=%2Fwp%2Fv2%2Fmedia&parent=30146"}],"wp:term":[{"taxonomy":"category","embeddable":true,"href":"https:\/\/colegioarquitectos.com\/noticias\/index.php?rest_route=%2Fwp%2Fv2%2Fcategories&post=30146"},{"taxonomy":"post_tag","embeddable":true,"href":"https:\/\/colegioarquitectos.com\/noticias\/index.php?rest_route=%2Fwp%2Fv2%2Ftags&post=30146"}],"curies":[{"name":"wp","href":"https:\/\/api.w.org\/{rel}","templated":true}]}}