
{"id":30152,"date":"2023-04-10T11:49:58","date_gmt":"2023-04-10T15:49:58","guid":{"rendered":"https:\/\/colegioarquitectos.com\/?p=30152"},"modified":"2023-04-10T15:17:19","modified_gmt":"2023-04-10T19:17:19","slug":"vi-edicion-del-premio-internacional-de-arquitectura-de-baku","status":"publish","type":"post","link":"https:\/\/colegioarquitectos.com\/noticias\/?p=30152","title":{"rendered":"Participa de la VI edici\u00f3n del Premio Internacional de Arquitectura de Bak\u00fa"},"content":{"rendered":"<p>El <strong>Ministerio de Cultura de la Rep\u00fablica de Azerbaiy\u00e1n<\/strong> y la <strong>Uni\u00f3n de Arquitectos de Azerbaiy\u00e1n (UAA)<\/strong> han lanzado la <strong>Sexta Edici\u00f3n del Premio Internacional de Arquitectura de Bak\u00fa<\/strong>.<\/p>\n<p>La V edici\u00f3n del premio en 2021 recibi\u00f3<strong> 193 postulaciones de 38 pa\u00edses<\/strong> y el jurado internacional reconoci\u00f3 a ganadores de <strong>13 pa\u00edses<\/strong>: <strong>Vietnam<\/strong>, <strong>China<\/strong>, <strong>M\u00e9xico<\/strong>, <strong>Egipto<\/strong>, <strong>Rumania<\/strong>, <strong>Espa\u00f1a<\/strong>, <strong>Portugal<\/strong>, <strong>Polonia<\/strong>, <strong>Malasia<\/strong>, <strong>Italia<\/strong>, <strong>Azerbaiy\u00e1n<\/strong>, <strong>India<\/strong> y <strong>Rusia<\/strong>.<\/p>\n<p>El Premio Internacional de Arquitectura de Bak\u00fa <strong>busca reconocer la diversidad arquitect\u00f3nica y fomentar nuevas ideas e investigaciones, nuevas realizaciones y nuevas implementaciones ejemplares de planificaci\u00f3n urbana y proyectos arquitect\u00f3nicos a nivel mundial<\/strong>.<\/p>\n<p>&nbsp;<\/p>\n<h4>Tema y objetivos<\/h4>\n<hr \/>\n<p>Este premio bienal, abierto a todas las y los arquitectos calificados del mundo y avalado por la <strong>Uni\u00f3n Internacional de Arquitectos (UIA)<\/strong> desde 2013, <strong>busca descubrir nuevas ideas para el desarrollo e implementaci\u00f3n de dise\u00f1os arquitect\u00f3nicos y urban\u00edsticos, dise\u00f1o m\u00e1s significativo para edificios y estructuras, b\u00fasqueda de composici\u00f3n, volumetr\u00eda y soluciones espaciales, y la implementaci\u00f3n de ideas pr\u00e1cticas para lograr la m\u00e1xima diversidad<\/strong>.<\/p>\n<p>&nbsp;<\/p>\n<h4>Categor\u00edas<\/h4>\n<hr \/>\n<p>Las postulaciones se pueden enviar en las siguientes <strong>siete categor\u00edas<\/strong>:<\/p>\n<p>&nbsp;<\/p>\n<p><strong>A \u2013<\/strong> Proyecto de arquitectura p\u00fablica mejor implementado<\/p>\n<p><strong>B \u2013<\/strong> Proyecto de arquitectura residencial mejor implementado<\/p>\n<p><strong>C \u2013<\/strong> Interiores mejor implementados<\/p>\n<p><strong>D \u2013<\/strong> Mejor proyecto no realizado<\/p>\n<p><strong>E \u2013<\/strong> Proyecto mejor implementado en el campo de la arquitectura del paisaje<\/p>\n<p><strong>F \u2013<\/strong> Proyecto mejor implementado en el campo de la rehabilitaci\u00f3n y reconstrucci\u00f3n de edificios hist\u00f3ricos<\/p>\n<p><strong>G \u2013<\/strong> Mejor publicaci\u00f3n en el campo de la arquitectura<\/p>\n<p>&nbsp;<\/p>\n<h4>Elegibilidad<\/h4>\n<hr \/>\n<p>Podr\u00e1n participar en el Premio Internacional de Arquitectura de Bak\u00fa las y los arquitectos debidamente habilitados para la pr\u00e1ctica de la arquitectura en su pa\u00eds de residencia.<strong> Cada participante puede presentar un solo proyecto para cada categor\u00eda, y la participaci\u00f3n es gratuita.<\/strong><\/p>\n<p>Los idiomas de trabajo del concurso son el <strong>azerbaiyano<\/strong>, el <strong>ruso<\/strong> y el <strong>ingl\u00e9s<\/strong>.<\/p>\n<p>&nbsp;<\/p>\n<h4>Miembros del jurado<\/h4>\n<hr \/>\n<p><strong>Sra. Deniz Inceday\u0131 (Turqu\u00eda)<\/strong>, arquitecta y profesora de arquitectura en la Universidad de Bellas Artes Mimar Sinan \u2013 Presidenta del jurado<\/p>\n<p><strong>Sr. Kevin Bingham (Sud\u00e1frica)<\/strong>, arquitecto y Director de FGG Architects \u2013 Representante de la UIA<\/p>\n<p><strong>Sr. Divya Kush (India)<\/strong>, arquitecto y ex presidente del Instituto Indio de Arquitectos<\/p>\n<p><strong>Sr. Giuseppe Cappochin (Italia)<\/strong>, arquitecto y Fundador de Atelier Cappochin<\/p>\n<p><strong>Sr. Elbay Gasim-Zada (Azerbaiy\u00e1n)<\/strong> \u2013 presidente de la junta de la Uni\u00f3n de Arquitectos de Azerbaiy\u00e1n<\/p>\n<p><strong>Sr. L\u00e9o Orellana (Chile)<\/strong>, arquitecto especialista en urbanismo y patrimonio cultural \u2013 Jurado Suplente<\/p>\n<p>&nbsp;<\/p>\n<h4>Calendario<\/h4>\n<hr \/>\n<p><strong>01-08-2023:<\/strong> Plazo para preguntas<\/p>\n<p><strong>01-09-2023:<\/strong> Fecha l\u00edmite para la presentaci\u00f3n de postulaciones<\/p>\n<p><strong>03-10-2023:<\/strong> Sesi\u00f3n del jurado internacional<\/p>\n<p><strong>06-10-2023:<\/strong> Anuncio de los resultados<\/p>\n<p>&nbsp;<\/p>\n<p>&nbsp;<\/p>\n<h4>Premios<\/h4>\n<hr \/>\n<p>Se otorgar\u00e1n tres premios por cada categor\u00eda. El fondo de premios de <strong>52.500 AZN (28 354 euros*)<\/strong> y se otorgar\u00e1 de la siguiente manera:<\/p>\n<p>&nbsp;<\/p>\n<p><strong>Primer Premio<\/strong>: 4000 AZN (2.160 euros)<\/p>\n<p><strong>Segundo Premio<\/strong>: 2500 AZN (1.350 euros)<\/p>\n<p><strong>Tercer Premio:<\/strong> 1000 AZN (540 euros)<\/p>\n<p>&nbsp;<\/p>\n<p>&nbsp;<\/p>\n<h4>Bases y m\u00e1s informaci\u00f3n<\/h4>\n<hr \/>\n<p>Todas las preguntas relacionadas con el concurso, debes enviarlas a los organizadores del premio a este <a href=\"mailto:ua.azerbaijan@gmail.com\"><strong>correo electr\u00f3nico<\/strong><\/a>.<\/p>\n<p>Para leer las bases del premio, puedes visitar el <a href=\"https:\/\/uaa.az\/en\/vi-baki-beyn%c9%99lxalq-memarliq-musabiq%c9%99sin%c9%99-start-verildi\/\"><strong>sitio web del concurso<\/strong><\/a>.<\/p>\n<p>&nbsp;<\/p>\n<p>&nbsp;<\/p>\n<p><\/p>","protected":false},"excerpt":{"rendered":"<p>El Ministerio de Cultura de la Rep\u00fablica de Azerbaiy\u00e1n y la Uni\u00f3n de Arquitectos de Azerbaiy\u00e1n (UAA) han lanzado la Sexta Edici\u00f3n del Premio Internacional de Arquitectura de Bak\u00fa. La V edici\u00f3n del premio en 2021 recibi\u00f3 193 postulaciones de &hellip; <a class=\"more-link\" href=\"https:\/\/colegioarquitectos.com\/noticias\/?p=30152\">ver m\u00e1s<\/a><\/p>","protected":false},"author":4,"featured_media":30163,"comment_status":"closed","ping_status":"closed","sticky":false,"template":"","format":"standard","meta":{"footnotes":""},"categories":[11,3],"tags":[267,266,56,265,264,213,214],"class_list":["post-30152","post","type-post","status-publish","format-standard","has-post-thumbnail","hentry","category-concursos","category-noticias","tag-azerbaiyan","tag-baku","tag-concurso","tag-premio-de-baku","tag-premio-internacional-de-arquitectura-de-baku","tag-uia","tag-union-internacional-de-arquitectos"],"yoast_head":"<!-- This site is optimized with the Yoast SEO plugin v24.2 - https:\/\/yoast.com\/wordpress\/plugins\/seo\/ -->\n<title>Participa de la VI edici\u00f3n del Premio Internacional de Arquitectura de Bak\u00fa - COLEGIO DE ARQUITECTOS DE CHILE<\/title>\n<meta name=\"robots\" content=\"index, follow, max-snippet:-1, max-image-preview:large, max-video-preview:-1\" \/>\n<link rel=\"canonical\" href=\"https:\/\/colegioarquitectos.com\/noticias\/?p=30152\" \/>\n<meta property=\"og:locale\" content=\"es_ES\" \/>\n<meta property=\"og:type\" content=\"article\" \/>\n<meta property=\"og:title\" content=\"Participa de la VI edici\u00f3n del Premio Internacional de Arquitectura de Bak\u00fa - COLEGIO DE ARQUITECTOS DE CHILE\" \/>\n<meta property=\"og:description\" content=\"El Ministerio de Cultura de la Rep\u00fablica de Azerbaiy\u00e1n y la Uni\u00f3n de Arquitectos de Azerbaiy\u00e1n (UAA) han lanzado la Sexta Edici\u00f3n del Premio Internacional de Arquitectura de Bak\u00fa. La V edici\u00f3n del premio en 2021 recibi\u00f3 193 postulaciones de &hellip; ver m\u00e1s\" \/>\n<meta property=\"og:url\" content=\"https:\/\/colegioarquitectos.com\/noticias\/?p=30152\" \/>\n<meta property=\"og:site_name\" content=\"COLEGIO DE ARQUITECTOS DE CHILE\" \/>\n<meta property=\"article:publisher\" content=\"https:\/\/facebook.com\/Colegioarq\/\" \/>\n<meta property=\"article:published_time\" content=\"2023-04-10T15:49:58+00:00\" \/>\n<meta property=\"article:modified_time\" content=\"2023-04-10T19:17:19+00:00\" \/>\n<meta property=\"og:image\" content=\"https:\/\/colegioarquitectos.com\/noticias\/wp-content\/uploads\/2023\/04\/PORTADA-FINAL-BAKU.jpg\" \/>\n\t<meta property=\"og:image:width\" content=\"1280\" \/>\n\t<meta property=\"og:image:height\" content=\"720\" \/>\n\t<meta property=\"og:image:type\" content=\"image\/jpeg\" \/>\n<meta name=\"author\" content=\"Colegio de Arquitectos de Chile\" \/>\n<meta name=\"twitter:card\" content=\"summary_large_image\" \/>\n<meta name=\"twitter:creator\" content=\"@colegioarq\" \/>\n<meta name=\"twitter:site\" content=\"@colegioarq\" \/>\n<meta name=\"twitter:label1\" content=\"Escrito por\" \/>\n\t<meta name=\"twitter:data1\" content=\"Colegio de Arquitectos de Chile\" \/>\n\t<meta name=\"twitter:label2\" content=\"Tiempo de lectura\" \/>\n\t<meta name=\"twitter:data2\" content=\"3 minutos\" \/>\n<script type=\"application\/ld+json\" class=\"yoast-schema-graph\">{\"@context\":\"https:\/\/schema.org\",\"@graph\":[{\"@type\":\"Article\",\"@id\":\"https:\/\/colegioarquitectos.com\/noticias\/?p=30152#article\",\"isPartOf\":{\"@id\":\"https:\/\/colegioarquitectos.com\/noticias\/?p=30152\"},\"author\":{\"name\":\"Colegio de Arquitectos de Chile\",\"@id\":\"https:\/\/colegioarquitectos.com\/noticias\/#\/schema\/person\/685cc0aad148303c5608f049af8285ad\"},\"headline\":\"Participa de la VI edici\u00f3n del Premio Internacional de Arquitectura de Bak\u00fa\",\"datePublished\":\"2023-04-10T15:49:58+00:00\",\"dateModified\":\"2023-04-10T19:17:19+00:00\",\"mainEntityOfPage\":{\"@id\":\"https:\/\/colegioarquitectos.com\/noticias\/?p=30152\"},\"wordCount\":551,\"publisher\":{\"@id\":\"https:\/\/colegioarquitectos.com\/noticias\/#organization\"},\"image\":{\"@id\":\"https:\/\/colegioarquitectos.com\/noticias\/?p=30152#primaryimage\"},\"thumbnailUrl\":\"https:\/\/colegioarquitectos.com\/noticias\/wp-content\/uploads\/2023\/04\/PORTADA-FINAL-BAKU.jpg\",\"keywords\":[\"Azerbaiy\u00e1n\",\"Bak\u00fa\",\"concurso\",\"Premio de Bak\u00fa\",\"Premio Internacional de Arquitectura de Bak\u00fa\",\"UIA\",\"Uni\u00f3n Internacional de Arquitectos\"],\"articleSection\":[\"Concursos\",\"Noticias\"],\"inLanguage\":\"es\"},{\"@type\":\"WebPage\",\"@id\":\"https:\/\/colegioarquitectos.com\/noticias\/?p=30152\",\"url\":\"https:\/\/colegioarquitectos.com\/noticias\/?p=30152\",\"name\":\"Participa de la VI edici\u00f3n del Premio Internacional de Arquitectura de Bak\u00fa - COLEGIO DE ARQUITECTOS DE CHILE\",\"isPartOf\":{\"@id\":\"https:\/\/colegioarquitectos.com\/noticias\/#website\"},\"primaryImageOfPage\":{\"@id\":\"https:\/\/colegioarquitectos.com\/noticias\/?p=30152#primaryimage\"},\"image\":{\"@id\":\"https:\/\/colegioarquitectos.com\/noticias\/?p=30152#primaryimage\"},\"thumbnailUrl\":\"https:\/\/colegioarquitectos.com\/noticias\/wp-content\/uploads\/2023\/04\/PORTADA-FINAL-BAKU.jpg\",\"datePublished\":\"2023-04-10T15:49:58+00:00\",\"dateModified\":\"2023-04-10T19:17:19+00:00\",\"breadcrumb\":{\"@id\":\"https:\/\/colegioarquitectos.com\/noticias\/?p=30152#breadcrumb\"},\"inLanguage\":\"es\",\"potentialAction\":[{\"@type\":\"ReadAction\",\"target\":[\"https:\/\/colegioarquitectos.com\/noticias\/?p=30152\"]}]},{\"@type\":\"ImageObject\",\"inLanguage\":\"es\",\"@id\":\"https:\/\/colegioarquitectos.com\/noticias\/?p=30152#primaryimage\",\"url\":\"https:\/\/colegioarquitectos.com\/noticias\/wp-content\/uploads\/2023\/04\/PORTADA-FINAL-BAKU.jpg\",\"contentUrl\":\"https:\/\/colegioarquitectos.com\/noticias\/wp-content\/uploads\/2023\/04\/PORTADA-FINAL-BAKU.jpg\",\"width\":1280,\"height\":720},{\"@type\":\"BreadcrumbList\",\"@id\":\"https:\/\/colegioarquitectos.com\/noticias\/?p=30152#breadcrumb\",\"itemListElement\":[{\"@type\":\"ListItem\",\"position\":1,\"name\":\"Portada\",\"item\":\"https:\/\/colegioarquitectos.com\/noticias\"},{\"@type\":\"ListItem\",\"position\":2,\"name\":\"Participa de la VI edici\u00f3n del Premio Internacional de Arquitectura de Bak\u00fa\"}]},{\"@type\":\"WebSite\",\"@id\":\"https:\/\/colegioarquitectos.com\/noticias\/#website\",\"url\":\"https:\/\/colegioarquitectos.com\/noticias\/\",\"name\":\"COLEGIO DE ARQUITECTOS DE CHILE\",\"description\":\"\",\"publisher\":{\"@id\":\"https:\/\/colegioarquitectos.com\/noticias\/#organization\"},\"potentialAction\":[{\"@type\":\"SearchAction\",\"target\":{\"@type\":\"EntryPoint\",\"urlTemplate\":\"https:\/\/colegioarquitectos.com\/noticias\/?s={search_term_string}\"},\"query-input\":{\"@type\":\"PropertyValueSpecification\",\"valueRequired\":true,\"valueName\":\"search_term_string\"}}],\"inLanguage\":\"es\"},{\"@type\":\"Organization\",\"@id\":\"https:\/\/colegioarquitectos.com\/noticias\/#organization\",\"name\":\"COLEGIO DE ARQUITECTOS DE CHILE\",\"url\":\"https:\/\/colegioarquitectos.com\/noticias\/\",\"logo\":{\"@type\":\"ImageObject\",\"inLanguage\":\"es\",\"@id\":\"https:\/\/colegioarquitectos.com\/noticias\/#\/schema\/logo\/image\/\",\"url\":\"https:\/\/colegioarquitectos.com\/noticias\/wp-content\/uploads\/2021\/05\/ENCABEZADO-LOGO-CA.jpg\",\"contentUrl\":\"https:\/\/colegioarquitectos.com\/noticias\/wp-content\/uploads\/2021\/05\/ENCABEZADO-LOGO-CA.jpg\",\"width\":690,\"height\":350,\"caption\":\"COLEGIO DE ARQUITECTOS DE CHILE\"},\"image\":{\"@id\":\"https:\/\/colegioarquitectos.com\/noticias\/#\/schema\/logo\/image\/\"},\"sameAs\":[\"https:\/\/facebook.com\/Colegioarq\/\",\"https:\/\/x.com\/colegioarq\",\"https:\/\/instagram.com\/colegioarq\",\"https:\/\/youtube.com\/@ColegiodeArquitectosdeChile\"]},{\"@type\":\"Person\",\"@id\":\"https:\/\/colegioarquitectos.com\/noticias\/#\/schema\/person\/685cc0aad148303c5608f049af8285ad\",\"name\":\"Colegio de Arquitectos de Chile\",\"url\":\"https:\/\/colegioarquitectos.com\/noticias\/?author=4\"}]}<\/script>\n<!-- \/ Yoast SEO plugin. -->","yoast_head_json":{"title":"Participa de la VI edici\u00f3n del Premio Internacional de Arquitectura de Bak\u00fa - COLEGIO DE ARQUITECTOS DE CHILE","robots":{"index":"index","follow":"follow","max-snippet":"max-snippet:-1","max-image-preview":"max-image-preview:large","max-video-preview":"max-video-preview:-1"},"canonical":"https:\/\/colegioarquitectos.com\/noticias\/?p=30152","og_locale":"es_ES","og_type":"article","og_title":"Participa de la VI edici\u00f3n del Premio Internacional de Arquitectura de Bak\u00fa - COLEGIO DE ARQUITECTOS DE CHILE","og_description":"El Ministerio de Cultura de la Rep\u00fablica de Azerbaiy\u00e1n y la Uni\u00f3n de Arquitectos de Azerbaiy\u00e1n (UAA) han lanzado la Sexta Edici\u00f3n del Premio Internacional de Arquitectura de Bak\u00fa. La V edici\u00f3n del premio en 2021 recibi\u00f3 193 postulaciones de &hellip; ver m\u00e1s","og_url":"https:\/\/colegioarquitectos.com\/noticias\/?p=30152","og_site_name":"COLEGIO DE ARQUITECTOS DE CHILE","article_publisher":"https:\/\/facebook.com\/Colegioarq\/","article_published_time":"2023-04-10T15:49:58+00:00","article_modified_time":"2023-04-10T19:17:19+00:00","og_image":[{"width":1280,"height":720,"url":"https:\/\/colegioarquitectos.com\/noticias\/wp-content\/uploads\/2023\/04\/PORTADA-FINAL-BAKU.jpg","type":"image\/jpeg"}],"author":"Colegio de Arquitectos de Chile","twitter_card":"summary_large_image","twitter_creator":"@colegioarq","twitter_site":"@colegioarq","twitter_misc":{"Escrito por":"Colegio de Arquitectos de Chile","Tiempo de lectura":"3 minutos"},"schema":{"@context":"https:\/\/schema.org","@graph":[{"@type":"Article","@id":"https:\/\/colegioarquitectos.com\/noticias\/?p=30152#article","isPartOf":{"@id":"https:\/\/colegioarquitectos.com\/noticias\/?p=30152"},"author":{"name":"Colegio de Arquitectos de Chile","@id":"https:\/\/colegioarquitectos.com\/noticias\/#\/schema\/person\/685cc0aad148303c5608f049af8285ad"},"headline":"Participa de la VI edici\u00f3n del Premio Internacional de Arquitectura de Bak\u00fa","datePublished":"2023-04-10T15:49:58+00:00","dateModified":"2023-04-10T19:17:19+00:00","mainEntityOfPage":{"@id":"https:\/\/colegioarquitectos.com\/noticias\/?p=30152"},"wordCount":551,"publisher":{"@id":"https:\/\/colegioarquitectos.com\/noticias\/#organization"},"image":{"@id":"https:\/\/colegioarquitectos.com\/noticias\/?p=30152#primaryimage"},"thumbnailUrl":"https:\/\/colegioarquitectos.com\/noticias\/wp-content\/uploads\/2023\/04\/PORTADA-FINAL-BAKU.jpg","keywords":["Azerbaiy\u00e1n","Bak\u00fa","concurso","Premio de Bak\u00fa","Premio Internacional de Arquitectura de Bak\u00fa","UIA","Uni\u00f3n Internacional de Arquitectos"],"articleSection":["Concursos","Noticias"],"inLanguage":"es"},{"@type":"WebPage","@id":"https:\/\/colegioarquitectos.com\/noticias\/?p=30152","url":"https:\/\/colegioarquitectos.com\/noticias\/?p=30152","name":"Participa de la VI edici\u00f3n del Premio Internacional de Arquitectura de Bak\u00fa - COLEGIO DE ARQUITECTOS DE CHILE","isPartOf":{"@id":"https:\/\/colegioarquitectos.com\/noticias\/#website"},"primaryImageOfPage":{"@id":"https:\/\/colegioarquitectos.com\/noticias\/?p=30152#primaryimage"},"image":{"@id":"https:\/\/colegioarquitectos.com\/noticias\/?p=30152#primaryimage"},"thumbnailUrl":"https:\/\/colegioarquitectos.com\/noticias\/wp-content\/uploads\/2023\/04\/PORTADA-FINAL-BAKU.jpg","datePublished":"2023-04-10T15:49:58+00:00","dateModified":"2023-04-10T19:17:19+00:00","breadcrumb":{"@id":"https:\/\/colegioarquitectos.com\/noticias\/?p=30152#breadcrumb"},"inLanguage":"es","potentialAction":[{"@type":"ReadAction","target":["https:\/\/colegioarquitectos.com\/noticias\/?p=30152"]}]},{"@type":"ImageObject","inLanguage":"es","@id":"https:\/\/colegioarquitectos.com\/noticias\/?p=30152#primaryimage","url":"https:\/\/colegioarquitectos.com\/noticias\/wp-content\/uploads\/2023\/04\/PORTADA-FINAL-BAKU.jpg","contentUrl":"https:\/\/colegioarquitectos.com\/noticias\/wp-content\/uploads\/2023\/04\/PORTADA-FINAL-BAKU.jpg","width":1280,"height":720},{"@type":"BreadcrumbList","@id":"https:\/\/colegioarquitectos.com\/noticias\/?p=30152#breadcrumb","itemListElement":[{"@type":"ListItem","position":1,"name":"Portada","item":"https:\/\/colegioarquitectos.com\/noticias"},{"@type":"ListItem","position":2,"name":"Participa de la VI edici\u00f3n del Premio Internacional de Arquitectura de Bak\u00fa"}]},{"@type":"WebSite","@id":"https:\/\/colegioarquitectos.com\/noticias\/#website","url":"https:\/\/colegioarquitectos.com\/noticias\/","name":"COLEGIO DE ARQUITECTOS DE CHILE","description":"","publisher":{"@id":"https:\/\/colegioarquitectos.com\/noticias\/#organization"},"potentialAction":[{"@type":"SearchAction","target":{"@type":"EntryPoint","urlTemplate":"https:\/\/colegioarquitectos.com\/noticias\/?s={search_term_string}"},"query-input":{"@type":"PropertyValueSpecification","valueRequired":true,"valueName":"search_term_string"}}],"inLanguage":"es"},{"@type":"Organization","@id":"https:\/\/colegioarquitectos.com\/noticias\/#organization","name":"COLEGIO DE ARQUITECTOS DE CHILE","url":"https:\/\/colegioarquitectos.com\/noticias\/","logo":{"@type":"ImageObject","inLanguage":"es","@id":"https:\/\/colegioarquitectos.com\/noticias\/#\/schema\/logo\/image\/","url":"https:\/\/colegioarquitectos.com\/noticias\/wp-content\/uploads\/2021\/05\/ENCABEZADO-LOGO-CA.jpg","contentUrl":"https:\/\/colegioarquitectos.com\/noticias\/wp-content\/uploads\/2021\/05\/ENCABEZADO-LOGO-CA.jpg","width":690,"height":350,"caption":"COLEGIO DE ARQUITECTOS DE CHILE"},"image":{"@id":"https:\/\/colegioarquitectos.com\/noticias\/#\/schema\/logo\/image\/"},"sameAs":["https:\/\/facebook.com\/Colegioarq\/","https:\/\/x.com\/colegioarq","https:\/\/instagram.com\/colegioarq","https:\/\/youtube.com\/@ColegiodeArquitectosdeChile"]},{"@type":"Person","@id":"https:\/\/colegioarquitectos.com\/noticias\/#\/schema\/person\/685cc0aad148303c5608f049af8285ad","name":"Colegio de Arquitectos de Chile","url":"https:\/\/colegioarquitectos.com\/noticias\/?author=4"}]}},"_links":{"self":[{"href":"https:\/\/colegioarquitectos.com\/noticias\/index.php?rest_route=\/wp\/v2\/posts\/30152","targetHints":{"allow":["GET"]}}],"collection":[{"href":"https:\/\/colegioarquitectos.com\/noticias\/index.php?rest_route=\/wp\/v2\/posts"}],"about":[{"href":"https:\/\/colegioarquitectos.com\/noticias\/index.php?rest_route=\/wp\/v2\/types\/post"}],"author":[{"embeddable":true,"href":"https:\/\/colegioarquitectos.com\/noticias\/index.php?rest_route=\/wp\/v2\/users\/4"}],"replies":[{"embeddable":true,"href":"https:\/\/colegioarquitectos.com\/noticias\/index.php?rest_route=%2Fwp%2Fv2%2Fcomments&post=30152"}],"version-history":[{"count":0,"href":"https:\/\/colegioarquitectos.com\/noticias\/index.php?rest_route=\/wp\/v2\/posts\/30152\/revisions"}],"wp:featuredmedia":[{"embeddable":true,"href":"https:\/\/colegioarquitectos.com\/noticias\/index.php?rest_route=\/wp\/v2\/media\/30163"}],"wp:attachment":[{"href":"https:\/\/colegioarquitectos.com\/noticias\/index.php?rest_route=%2Fwp%2Fv2%2Fmedia&parent=30152"}],"wp:term":[{"taxonomy":"category","embeddable":true,"href":"https:\/\/colegioarquitectos.com\/noticias\/index.php?rest_route=%2Fwp%2Fv2%2Fcategories&post=30152"},{"taxonomy":"post_tag","embeddable":true,"href":"https:\/\/colegioarquitectos.com\/noticias\/index.php?rest_route=%2Fwp%2Fv2%2Ftags&post=30152"}],"curies":[{"name":"wp","href":"https:\/\/api.w.org\/{rel}","templated":true}]}}