
{"id":30203,"date":"2023-04-20T12:27:39","date_gmt":"2023-04-20T16:27:39","guid":{"rendered":"https:\/\/colegioarquitectos.com\/?p=30203"},"modified":"2023-04-20T12:27:39","modified_gmt":"2023-04-20T16:27:39","slug":"participa-del-premio-gubbio-2023-seccion-america-latina-y-caribe","status":"publish","type":"post","link":"https:\/\/colegioarquitectos.com\/noticias\/?p=30203","title":{"rendered":"Participa del Premio Gubbio 2023, Secci\u00f3n Am\u00e9rica Latina y Caribe"},"content":{"rendered":"<p>El <strong>Ministerio de Cultura de la Ciudad de Buenos Aires<\/strong> invita a participar del <strong>\u00abPremio Gubbio 2023, Secci\u00f3n Am\u00e9rica Latina y el Caribe\u00bb<\/strong>, a trav\u00e9s del cual se busca <strong>difundir las mejores intervenciones y las buenas pr\u00e1cticas en el manejo de las \u00e1reas patrimoniales de la regi\u00f3n<\/strong>.<\/p>\n<p>Puedes participar de la convocatoria presentando<strong> trabajos de buenas pr\u00e1cticas, modalidades de gesti\u00f3n y avances te\u00f3ricos, que presenten soluci\u00f3n a las m\u00faltiples problem\u00e1ticas que se plantean en materia de protecci\u00f3n patrimonial y recalificaci\u00f3n urbana en la regi\u00f3n<\/strong>.<\/p>\n<p>El Premio Gubbio 2023 est\u00e1 enfocado en <strong>reconocer intervenciones de recuperaci\u00f3n y regeneraci\u00f3n del patrimonio edificado, intervenciones adecuadas de nueva arquitectura en paisajes hist\u00f3ricos y\/o iniciativas de gesti\u00f3n y de organizaci\u00f3n<\/strong> en el marco de estrategias de recalificaci\u00f3n de \u00e1mbitos urbanos y\/o territoriales.<\/p>\n<p>&nbsp;<\/p>\n<h4>Plazo de postulaci\u00f3n<\/h4>\n<hr \/>\n<p>Puedes presentar tu postulaci\u00f3n hasta el <strong>30 de julio de 2023<\/strong>.<\/p>\n<p>&nbsp;<\/p>\n<h4>Bases y condiciones<\/h4>\n<hr \/>\n<p>Puedes encontrar las bases del Premio Gubbio 2023 <strong><a href=\"https:\/\/buenosaires.gob.ar\/bases-para-participar\">ac\u00e1<\/a><\/strong>.<\/p>\n<p>&nbsp;<\/p>\n<h4>Coordinaci\u00f3n del premio<\/h4>\n<hr \/>\n<p>A cargo de la<strong> Direcci\u00f3n General de Patrimonio, Museos y Casco Hist\u00f3rico (DGPMyCH) del Ministerio de Cultura de la Ciudad de Buenos Aires<\/strong>; la <strong>Asociaci\u00f3n Nacional de Centros Hist\u00f3ricos y Art\u00edsticos (ANCSA-Italia)<\/strong>; la <strong>Oficina del Historiador de la Ciudad de La Habana (OHCH-Cuba)<\/strong> y el <strong>Centro Internacional para la Conservaci\u00f3n del Patrimonio (CICOP Argentina)<\/strong>.<\/p>\n<p>&nbsp;<\/p>\n<p><\/p>","protected":false},"excerpt":{"rendered":"<p>El Ministerio de Cultura de la Ciudad de Buenos Aires invita a participar del \u00abPremio Gubbio 2023, Secci\u00f3n Am\u00e9rica Latina y el Caribe\u00bb, a trav\u00e9s del cual se busca difundir las mejores intervenciones y las buenas pr\u00e1cticas en el manejo &hellip; <a class=\"more-link\" href=\"https:\/\/colegioarquitectos.com\/noticias\/?p=30203\">ver m\u00e1s<\/a><\/p>","protected":false},"author":4,"featured_media":30204,"comment_status":"closed","ping_status":"closed","sticky":false,"template":"","format":"standard","meta":{"footnotes":""},"categories":[11,3],"tags":[279,56,280,277,278,281],"class_list":["post-30203","post","type-post","status-publish","format-standard","has-post-thumbnail","hentry","category-concursos","category-noticias","tag-buenos-aires","tag-concurso","tag-premio","tag-premio-gubbio","tag-premio-gubbio-2023","tag-premio-gubbio-2023-seccion-america-latina-y-el-caribe"],"yoast_head":"<!-- This site is optimized with the Yoast SEO plugin v24.2 - https:\/\/yoast.com\/wordpress\/plugins\/seo\/ -->\n<title>Participa del Premio Gubbio 2023, Secci\u00f3n Am\u00e9rica Latina y Caribe - COLEGIO DE ARQUITECTOS DE CHILE<\/title>\n<meta name=\"robots\" content=\"index, follow, max-snippet:-1, max-image-preview:large, max-video-preview:-1\" \/>\n<link rel=\"canonical\" href=\"https:\/\/colegioarquitectos.com\/noticias\/?p=30203\" \/>\n<meta property=\"og:locale\" content=\"es_ES\" \/>\n<meta property=\"og:type\" content=\"article\" \/>\n<meta property=\"og:title\" content=\"Participa del Premio Gubbio 2023, Secci\u00f3n Am\u00e9rica Latina y Caribe - COLEGIO DE ARQUITECTOS DE CHILE\" \/>\n<meta property=\"og:description\" content=\"El Ministerio de Cultura de la Ciudad de Buenos Aires invita a participar del \u00abPremio Gubbio 2023, Secci\u00f3n Am\u00e9rica Latina y el Caribe\u00bb, a trav\u00e9s del cual se busca difundir las mejores intervenciones y las buenas pr\u00e1cticas en el manejo &hellip; ver m\u00e1s\" \/>\n<meta property=\"og:url\" content=\"https:\/\/colegioarquitectos.com\/noticias\/?p=30203\" \/>\n<meta property=\"og:site_name\" content=\"COLEGIO DE ARQUITECTOS DE CHILE\" \/>\n<meta property=\"article:publisher\" content=\"https:\/\/facebook.com\/Colegioarq\/\" \/>\n<meta property=\"article:published_time\" content=\"2023-04-20T16:27:39+00:00\" \/>\n<meta property=\"og:image\" content=\"https:\/\/colegioarquitectos.com\/noticias\/wp-content\/uploads\/2023\/04\/ENCABEZADO-GUBBIOS.jpg\" \/>\n\t<meta property=\"og:image:width\" content=\"1280\" \/>\n\t<meta property=\"og:image:height\" content=\"720\" \/>\n\t<meta property=\"og:image:type\" content=\"image\/jpeg\" \/>\n<meta name=\"author\" content=\"Colegio de Arquitectos de Chile\" \/>\n<meta name=\"twitter:card\" content=\"summary_large_image\" \/>\n<meta name=\"twitter:creator\" content=\"@colegioarq\" \/>\n<meta name=\"twitter:site\" content=\"@colegioarq\" \/>\n<meta name=\"twitter:label1\" content=\"Escrito por\" \/>\n\t<meta name=\"twitter:data1\" content=\"Colegio de Arquitectos de Chile\" \/>\n\t<meta name=\"twitter:label2\" content=\"Tiempo de lectura\" \/>\n\t<meta name=\"twitter:data2\" content=\"1 minuto\" \/>\n<script type=\"application\/ld+json\" class=\"yoast-schema-graph\">{\"@context\":\"https:\/\/schema.org\",\"@graph\":[{\"@type\":\"Article\",\"@id\":\"https:\/\/colegioarquitectos.com\/noticias\/?p=30203#article\",\"isPartOf\":{\"@id\":\"https:\/\/colegioarquitectos.com\/noticias\/?p=30203\"},\"author\":{\"name\":\"Colegio de Arquitectos de Chile\",\"@id\":\"https:\/\/colegioarquitectos.com\/noticias\/#\/schema\/person\/685cc0aad148303c5608f049af8285ad\"},\"headline\":\"Participa del Premio Gubbio 2023, Secci\u00f3n Am\u00e9rica Latina y Caribe\",\"datePublished\":\"2023-04-20T16:27:39+00:00\",\"dateModified\":\"2023-04-20T16:27:39+00:00\",\"mainEntityOfPage\":{\"@id\":\"https:\/\/colegioarquitectos.com\/noticias\/?p=30203\"},\"wordCount\":251,\"publisher\":{\"@id\":\"https:\/\/colegioarquitectos.com\/noticias\/#organization\"},\"image\":{\"@id\":\"https:\/\/colegioarquitectos.com\/noticias\/?p=30203#primaryimage\"},\"thumbnailUrl\":\"https:\/\/colegioarquitectos.com\/noticias\/wp-content\/uploads\/2023\/04\/ENCABEZADO-GUBBIOS.jpg\",\"keywords\":[\"Buenos Aires\",\"concurso\",\"Premio\",\"Premio Gubbio\",\"Premio Gubbio 2023\",\"Premio Gubbio 2023 Secci\u00f3n Am\u00e9rica Latina y el Caribe\"],\"articleSection\":[\"Concursos\",\"Noticias\"],\"inLanguage\":\"es\"},{\"@type\":\"WebPage\",\"@id\":\"https:\/\/colegioarquitectos.com\/noticias\/?p=30203\",\"url\":\"https:\/\/colegioarquitectos.com\/noticias\/?p=30203\",\"name\":\"Participa del Premio Gubbio 2023, Secci\u00f3n Am\u00e9rica Latina y Caribe - COLEGIO DE ARQUITECTOS DE CHILE\",\"isPartOf\":{\"@id\":\"https:\/\/colegioarquitectos.com\/noticias\/#website\"},\"primaryImageOfPage\":{\"@id\":\"https:\/\/colegioarquitectos.com\/noticias\/?p=30203#primaryimage\"},\"image\":{\"@id\":\"https:\/\/colegioarquitectos.com\/noticias\/?p=30203#primaryimage\"},\"thumbnailUrl\":\"https:\/\/colegioarquitectos.com\/noticias\/wp-content\/uploads\/2023\/04\/ENCABEZADO-GUBBIOS.jpg\",\"datePublished\":\"2023-04-20T16:27:39+00:00\",\"dateModified\":\"2023-04-20T16:27:39+00:00\",\"breadcrumb\":{\"@id\":\"https:\/\/colegioarquitectos.com\/noticias\/?p=30203#breadcrumb\"},\"inLanguage\":\"es\",\"potentialAction\":[{\"@type\":\"ReadAction\",\"target\":[\"https:\/\/colegioarquitectos.com\/noticias\/?p=30203\"]}]},{\"@type\":\"ImageObject\",\"inLanguage\":\"es\",\"@id\":\"https:\/\/colegioarquitectos.com\/noticias\/?p=30203#primaryimage\",\"url\":\"https:\/\/colegioarquitectos.com\/noticias\/wp-content\/uploads\/2023\/04\/ENCABEZADO-GUBBIOS.jpg\",\"contentUrl\":\"https:\/\/colegioarquitectos.com\/noticias\/wp-content\/uploads\/2023\/04\/ENCABEZADO-GUBBIOS.jpg\",\"width\":1280,\"height\":720},{\"@type\":\"BreadcrumbList\",\"@id\":\"https:\/\/colegioarquitectos.com\/noticias\/?p=30203#breadcrumb\",\"itemListElement\":[{\"@type\":\"ListItem\",\"position\":1,\"name\":\"Portada\",\"item\":\"https:\/\/colegioarquitectos.com\/noticias\"},{\"@type\":\"ListItem\",\"position\":2,\"name\":\"Participa del Premio Gubbio 2023, Secci\u00f3n Am\u00e9rica Latina y Caribe\"}]},{\"@type\":\"WebSite\",\"@id\":\"https:\/\/colegioarquitectos.com\/noticias\/#website\",\"url\":\"https:\/\/colegioarquitectos.com\/noticias\/\",\"name\":\"COLEGIO DE ARQUITECTOS DE CHILE\",\"description\":\"\",\"publisher\":{\"@id\":\"https:\/\/colegioarquitectos.com\/noticias\/#organization\"},\"potentialAction\":[{\"@type\":\"SearchAction\",\"target\":{\"@type\":\"EntryPoint\",\"urlTemplate\":\"https:\/\/colegioarquitectos.com\/noticias\/?s={search_term_string}\"},\"query-input\":{\"@type\":\"PropertyValueSpecification\",\"valueRequired\":true,\"valueName\":\"search_term_string\"}}],\"inLanguage\":\"es\"},{\"@type\":\"Organization\",\"@id\":\"https:\/\/colegioarquitectos.com\/noticias\/#organization\",\"name\":\"COLEGIO DE ARQUITECTOS DE CHILE\",\"url\":\"https:\/\/colegioarquitectos.com\/noticias\/\",\"logo\":{\"@type\":\"ImageObject\",\"inLanguage\":\"es\",\"@id\":\"https:\/\/colegioarquitectos.com\/noticias\/#\/schema\/logo\/image\/\",\"url\":\"https:\/\/colegioarquitectos.com\/noticias\/wp-content\/uploads\/2021\/05\/ENCABEZADO-LOGO-CA.jpg\",\"contentUrl\":\"https:\/\/colegioarquitectos.com\/noticias\/wp-content\/uploads\/2021\/05\/ENCABEZADO-LOGO-CA.jpg\",\"width\":690,\"height\":350,\"caption\":\"COLEGIO DE ARQUITECTOS DE CHILE\"},\"image\":{\"@id\":\"https:\/\/colegioarquitectos.com\/noticias\/#\/schema\/logo\/image\/\"},\"sameAs\":[\"https:\/\/facebook.com\/Colegioarq\/\",\"https:\/\/x.com\/colegioarq\",\"https:\/\/instagram.com\/colegioarq\",\"https:\/\/youtube.com\/@ColegiodeArquitectosdeChile\"]},{\"@type\":\"Person\",\"@id\":\"https:\/\/colegioarquitectos.com\/noticias\/#\/schema\/person\/685cc0aad148303c5608f049af8285ad\",\"name\":\"Colegio de Arquitectos de Chile\",\"url\":\"https:\/\/colegioarquitectos.com\/noticias\/?author=4\"}]}<\/script>\n<!-- \/ Yoast SEO plugin. -->","yoast_head_json":{"title":"Participa del Premio Gubbio 2023, Secci\u00f3n Am\u00e9rica Latina y Caribe - COLEGIO DE ARQUITECTOS DE CHILE","robots":{"index":"index","follow":"follow","max-snippet":"max-snippet:-1","max-image-preview":"max-image-preview:large","max-video-preview":"max-video-preview:-1"},"canonical":"https:\/\/colegioarquitectos.com\/noticias\/?p=30203","og_locale":"es_ES","og_type":"article","og_title":"Participa del Premio Gubbio 2023, Secci\u00f3n Am\u00e9rica Latina y Caribe - COLEGIO DE ARQUITECTOS DE CHILE","og_description":"El Ministerio de Cultura de la Ciudad de Buenos Aires invita a participar del \u00abPremio Gubbio 2023, Secci\u00f3n Am\u00e9rica Latina y el Caribe\u00bb, a trav\u00e9s del cual se busca difundir las mejores intervenciones y las buenas pr\u00e1cticas en el manejo &hellip; ver m\u00e1s","og_url":"https:\/\/colegioarquitectos.com\/noticias\/?p=30203","og_site_name":"COLEGIO DE ARQUITECTOS DE CHILE","article_publisher":"https:\/\/facebook.com\/Colegioarq\/","article_published_time":"2023-04-20T16:27:39+00:00","og_image":[{"width":1280,"height":720,"url":"https:\/\/colegioarquitectos.com\/noticias\/wp-content\/uploads\/2023\/04\/ENCABEZADO-GUBBIOS.jpg","type":"image\/jpeg"}],"author":"Colegio de Arquitectos de Chile","twitter_card":"summary_large_image","twitter_creator":"@colegioarq","twitter_site":"@colegioarq","twitter_misc":{"Escrito por":"Colegio de Arquitectos de Chile","Tiempo de lectura":"1 minuto"},"schema":{"@context":"https:\/\/schema.org","@graph":[{"@type":"Article","@id":"https:\/\/colegioarquitectos.com\/noticias\/?p=30203#article","isPartOf":{"@id":"https:\/\/colegioarquitectos.com\/noticias\/?p=30203"},"author":{"name":"Colegio de Arquitectos de Chile","@id":"https:\/\/colegioarquitectos.com\/noticias\/#\/schema\/person\/685cc0aad148303c5608f049af8285ad"},"headline":"Participa del Premio Gubbio 2023, Secci\u00f3n Am\u00e9rica Latina y Caribe","datePublished":"2023-04-20T16:27:39+00:00","dateModified":"2023-04-20T16:27:39+00:00","mainEntityOfPage":{"@id":"https:\/\/colegioarquitectos.com\/noticias\/?p=30203"},"wordCount":251,"publisher":{"@id":"https:\/\/colegioarquitectos.com\/noticias\/#organization"},"image":{"@id":"https:\/\/colegioarquitectos.com\/noticias\/?p=30203#primaryimage"},"thumbnailUrl":"https:\/\/colegioarquitectos.com\/noticias\/wp-content\/uploads\/2023\/04\/ENCABEZADO-GUBBIOS.jpg","keywords":["Buenos Aires","concurso","Premio","Premio Gubbio","Premio Gubbio 2023","Premio Gubbio 2023 Secci\u00f3n Am\u00e9rica Latina y el Caribe"],"articleSection":["Concursos","Noticias"],"inLanguage":"es"},{"@type":"WebPage","@id":"https:\/\/colegioarquitectos.com\/noticias\/?p=30203","url":"https:\/\/colegioarquitectos.com\/noticias\/?p=30203","name":"Participa del Premio Gubbio 2023, Secci\u00f3n Am\u00e9rica Latina y Caribe - COLEGIO DE ARQUITECTOS DE CHILE","isPartOf":{"@id":"https:\/\/colegioarquitectos.com\/noticias\/#website"},"primaryImageOfPage":{"@id":"https:\/\/colegioarquitectos.com\/noticias\/?p=30203#primaryimage"},"image":{"@id":"https:\/\/colegioarquitectos.com\/noticias\/?p=30203#primaryimage"},"thumbnailUrl":"https:\/\/colegioarquitectos.com\/noticias\/wp-content\/uploads\/2023\/04\/ENCABEZADO-GUBBIOS.jpg","datePublished":"2023-04-20T16:27:39+00:00","dateModified":"2023-04-20T16:27:39+00:00","breadcrumb":{"@id":"https:\/\/colegioarquitectos.com\/noticias\/?p=30203#breadcrumb"},"inLanguage":"es","potentialAction":[{"@type":"ReadAction","target":["https:\/\/colegioarquitectos.com\/noticias\/?p=30203"]}]},{"@type":"ImageObject","inLanguage":"es","@id":"https:\/\/colegioarquitectos.com\/noticias\/?p=30203#primaryimage","url":"https:\/\/colegioarquitectos.com\/noticias\/wp-content\/uploads\/2023\/04\/ENCABEZADO-GUBBIOS.jpg","contentUrl":"https:\/\/colegioarquitectos.com\/noticias\/wp-content\/uploads\/2023\/04\/ENCABEZADO-GUBBIOS.jpg","width":1280,"height":720},{"@type":"BreadcrumbList","@id":"https:\/\/colegioarquitectos.com\/noticias\/?p=30203#breadcrumb","itemListElement":[{"@type":"ListItem","position":1,"name":"Portada","item":"https:\/\/colegioarquitectos.com\/noticias"},{"@type":"ListItem","position":2,"name":"Participa del Premio Gubbio 2023, Secci\u00f3n Am\u00e9rica Latina y Caribe"}]},{"@type":"WebSite","@id":"https:\/\/colegioarquitectos.com\/noticias\/#website","url":"https:\/\/colegioarquitectos.com\/noticias\/","name":"COLEGIO DE ARQUITECTOS DE CHILE","description":"","publisher":{"@id":"https:\/\/colegioarquitectos.com\/noticias\/#organization"},"potentialAction":[{"@type":"SearchAction","target":{"@type":"EntryPoint","urlTemplate":"https:\/\/colegioarquitectos.com\/noticias\/?s={search_term_string}"},"query-input":{"@type":"PropertyValueSpecification","valueRequired":true,"valueName":"search_term_string"}}],"inLanguage":"es"},{"@type":"Organization","@id":"https:\/\/colegioarquitectos.com\/noticias\/#organization","name":"COLEGIO DE ARQUITECTOS DE CHILE","url":"https:\/\/colegioarquitectos.com\/noticias\/","logo":{"@type":"ImageObject","inLanguage":"es","@id":"https:\/\/colegioarquitectos.com\/noticias\/#\/schema\/logo\/image\/","url":"https:\/\/colegioarquitectos.com\/noticias\/wp-content\/uploads\/2021\/05\/ENCABEZADO-LOGO-CA.jpg","contentUrl":"https:\/\/colegioarquitectos.com\/noticias\/wp-content\/uploads\/2021\/05\/ENCABEZADO-LOGO-CA.jpg","width":690,"height":350,"caption":"COLEGIO DE ARQUITECTOS DE CHILE"},"image":{"@id":"https:\/\/colegioarquitectos.com\/noticias\/#\/schema\/logo\/image\/"},"sameAs":["https:\/\/facebook.com\/Colegioarq\/","https:\/\/x.com\/colegioarq","https:\/\/instagram.com\/colegioarq","https:\/\/youtube.com\/@ColegiodeArquitectosdeChile"]},{"@type":"Person","@id":"https:\/\/colegioarquitectos.com\/noticias\/#\/schema\/person\/685cc0aad148303c5608f049af8285ad","name":"Colegio de Arquitectos de Chile","url":"https:\/\/colegioarquitectos.com\/noticias\/?author=4"}]}},"_links":{"self":[{"href":"https:\/\/colegioarquitectos.com\/noticias\/index.php?rest_route=\/wp\/v2\/posts\/30203","targetHints":{"allow":["GET"]}}],"collection":[{"href":"https:\/\/colegioarquitectos.com\/noticias\/index.php?rest_route=\/wp\/v2\/posts"}],"about":[{"href":"https:\/\/colegioarquitectos.com\/noticias\/index.php?rest_route=\/wp\/v2\/types\/post"}],"author":[{"embeddable":true,"href":"https:\/\/colegioarquitectos.com\/noticias\/index.php?rest_route=\/wp\/v2\/users\/4"}],"replies":[{"embeddable":true,"href":"https:\/\/colegioarquitectos.com\/noticias\/index.php?rest_route=%2Fwp%2Fv2%2Fcomments&post=30203"}],"version-history":[{"count":0,"href":"https:\/\/colegioarquitectos.com\/noticias\/index.php?rest_route=\/wp\/v2\/posts\/30203\/revisions"}],"wp:featuredmedia":[{"embeddable":true,"href":"https:\/\/colegioarquitectos.com\/noticias\/index.php?rest_route=\/wp\/v2\/media\/30204"}],"wp:attachment":[{"href":"https:\/\/colegioarquitectos.com\/noticias\/index.php?rest_route=%2Fwp%2Fv2%2Fmedia&parent=30203"}],"wp:term":[{"taxonomy":"category","embeddable":true,"href":"https:\/\/colegioarquitectos.com\/noticias\/index.php?rest_route=%2Fwp%2Fv2%2Fcategories&post=30203"},{"taxonomy":"post_tag","embeddable":true,"href":"https:\/\/colegioarquitectos.com\/noticias\/index.php?rest_route=%2Fwp%2Fv2%2Ftags&post=30203"}],"curies":[{"name":"wp","href":"https:\/\/api.w.org\/{rel}","templated":true}]}}