
{"id":30206,"date":"2023-04-20T13:25:27","date_gmt":"2023-04-20T17:25:27","guid":{"rendered":"https:\/\/colegioarquitectos.com\/?p=30206"},"modified":"2023-04-20T13:57:42","modified_gmt":"2023-04-20T17:57:42","slug":"presidenta-beatriz-buccicardi-participa-del-lanzamiento-del-programa-de-revitalizacion-de-barrios-e-infraestructura-patrimonial-emblematica-prbipe","status":"publish","type":"post","link":"https:\/\/colegioarquitectos.com\/noticias\/?p=30206","title":{"rendered":"Colegio de Arquitectos de Chile participa del lanzamiento del Programa de Revitalizaci\u00f3n de Barrios e Infraestructura Patrimonial Emblem\u00e1tica (PRBIPE)"},"content":{"rendered":"<p>La presidenta nacional del Colegio de Arquitectos de Chile, <strong>Beatriz Buccicardi<\/strong>, particip\u00f3 este jueves 20 de abril del lanzamiento del <strong>Programa de Revitalizaci\u00f3n de Barrios e Infraestructura Patrimonial Emblem\u00e1tica (PRBIPE)<\/strong>, liderado por la <strong>Subsecretar\u00eda de Desarrollo Regional y Administrativo (SUBDERE)<\/strong>, en el <strong>Barrio Lourdes<\/strong> de <strong>Quinta Normal<\/strong>.<\/p>\n<p>La actividad cont\u00f3 con la presencia del Subsecretario de Desarrollo Regional y Administrativo, <strong>Nicol\u00e1s Cataldo<\/strong>; de la alcaldesa de la Ilustre Municipalidad de Quinta Normal, <strong>Karina Delfino<\/strong>; entre otras autoridades comunales, regionales y de Gobierno.<\/p>\n<p>&nbsp;<\/p>\n<div id=\"attachment_30208\" style=\"width: 700px\" class=\"wp-caption aligncenter\"><img loading=\"lazy\" decoding=\"async\" aria-describedby=\"caption-attachment-30208\" class=\"wp-image-30208 size-large\" src=\"https:\/\/colegioarquitectos.com\/noticias\/wp-content\/uploads\/2023\/04\/WhatsApp-Image-2023-04-20-at-12.13.19-768x1024.jpeg\" alt=\"\" width=\"690\" height=\"920\" srcset=\"https:\/\/colegioarquitectos.com\/noticias\/wp-content\/uploads\/2023\/04\/WhatsApp-Image-2023-04-20-at-12.13.19.jpeg 768w, https:\/\/colegioarquitectos.com\/noticias\/wp-content\/uploads\/2023\/04\/WhatsApp-Image-2023-04-20-at-12.13.19-225x300.jpeg 225w\" sizes=\"auto, (max-width: 690px) 100vw, 690px\" \/><p id=\"caption-attachment-30208\" class=\"wp-caption-text\">El Subsecretario de Desarrollo Regional y Administrativo, Nicol\u00e1s Cataldo, junto a la presidenta nacional del Colegio de Arquitectos, Beatriz Buccicardi<\/p><\/div>\n<p>&nbsp;<\/p>\n<p>El Programa de Revitalizaci\u00f3n de Barrios e Infraestructura Patrimonial Emblem\u00e1tica (PRBIPE) es un programa de la divisi\u00f3n de municipalidades de la SUBDERE, que <strong>revitaliza barrios emblem\u00e1ticos y busca salvaguardar el patrimonio nacional para mejorar el entorno de la comunidad, a\u00f1adir una carga val\u00f3rica en sus inmuebles patrimoniales como tambi\u00e9n potenciar la actividad econ\u00f3mica y el desarrollo de la cultura, fomentando la participaci\u00f3n ciudadana de manera transparente como eje fundamental en su implementaci\u00f3n<\/strong>.<\/p>\n<p>PRBIPE naci\u00f3 en el marco de un contrato de pr\u00e9stamo internacional entre el Estado de Chile y el Banco Interamericano de Desarrollo (BID) en el a\u00f1o 2015. Su objetivo es implementar nuevos modelos de gesti\u00f3n para la revitalizaci\u00f3n de barrios e infraestructura patrimonial emblem\u00e1tica con el prop\u00f3sito de:<\/p>\n<p>&nbsp;<\/p>\n<p><strong>1.-<\/strong> Mejorar las condiciones de habitabilidad y del entorno de barrios de la poblaci\u00f3n residente.<\/p>\n<p><strong>2.-<\/strong> Poner en valor sus inmuebles patrimoniales y\/o emblem\u00e1ticos.<\/p>\n<p><strong>3.-<\/strong> Incrementar su actividad comercial y cultural.<\/p>\n<p><strong>4.-<\/strong> Fomentar la participaci\u00f3n de sus residentes en su revitalizaci\u00f3n.<\/p>\n<p>&nbsp;<\/p>\n<p>Las intervenciones del programa se realizan actualmente en 13 barrios, en las comunas de Arica (Barrio Casco Hist\u00f3rico), Coquimbo (Barrio Pueblo de Guayac\u00e1n), Cartagena (Barrio Borde Costero, Playa Chica y Grande), Santiago (Barrio Portales Matucana y Barrio Matta Madrid), Lota (Barrio Lota Alto), Estaci\u00f3n Central (Barrio Poblaci\u00f3n Los Nogales y Barrio Casco Hist\u00f3rico), \u00d1u\u00f1oa (Barrio Patrimonial Villa Ol\u00edmpica y Barrio \u00d1u\u00f1ohue), Providencia (Barrio Parques Bustamante \u2013 Balmaceda y Barrio Mercado Providencia-Manuel Montt) y Vi\u00f1a del Mar (Barrio Fundacional de Vi\u00f1a del Mar).<\/p>\n<p>&nbsp;<\/p>\n<p><\/p>","protected":false},"excerpt":{"rendered":"<p>La presidenta nacional del Colegio de Arquitectos de Chile, Beatriz Buccicardi, particip\u00f3 este jueves 20 de abril del lanzamiento del Programa de Revitalizaci\u00f3n de Barrios e Infraestructura Patrimonial Emblem\u00e1tica (PRBIPE), liderado por la Subsecretar\u00eda de Desarrollo Regional y Administrativo (SUBDERE), &hellip; <a class=\"more-link\" href=\"https:\/\/colegioarquitectos.com\/noticias\/?p=30206\">ver m\u00e1s<\/a><\/p>","protected":false},"author":4,"featured_media":30207,"comment_status":"closed","ping_status":"closed","sticky":false,"template":"","format":"standard","meta":{"footnotes":""},"categories":[8],"tags":[286,282,284,283,285,290,287,289,288],"class_list":["post-30206","post","type-post","status-publish","format-standard","has-post-thumbnail","hentry","category-colegio-de-arquitectos","tag-barrio-lourdes","tag-beatriz-bucvicardi","tag-karina-delfino","tag-nicolas-cataldo","tag-prbipe","tag-programa-de-revitalizacion-de-barrios-e-infraestructura-patrimonial-emblematica","tag-quinta-normal","tag-subdere","tag-subsecretaria-de-desarrollo-regional-y-administrativo"],"yoast_head":"<!-- This site is optimized with the Yoast SEO plugin v24.2 - https:\/\/yoast.com\/wordpress\/plugins\/seo\/ -->\n<title>Colegio de Arquitectos de Chile participa del lanzamiento del Programa de Revitalizaci\u00f3n de Barrios e Infraestructura Patrimonial Emblem\u00e1tica (PRBIPE) - COLEGIO DE ARQUITECTOS DE CHILE<\/title>\n<meta name=\"robots\" content=\"index, follow, max-snippet:-1, max-image-preview:large, max-video-preview:-1\" \/>\n<link rel=\"canonical\" href=\"https:\/\/colegioarquitectos.com\/noticias\/?p=30206\" \/>\n<meta property=\"og:locale\" content=\"es_ES\" \/>\n<meta property=\"og:type\" content=\"article\" \/>\n<meta property=\"og:title\" content=\"Colegio de Arquitectos de Chile participa del lanzamiento del Programa de Revitalizaci\u00f3n de Barrios e Infraestructura Patrimonial Emblem\u00e1tica (PRBIPE) - COLEGIO DE ARQUITECTOS DE CHILE\" \/>\n<meta property=\"og:description\" content=\"La presidenta nacional del Colegio de Arquitectos de Chile, Beatriz Buccicardi, particip\u00f3 este jueves 20 de abril del lanzamiento del Programa de Revitalizaci\u00f3n de Barrios e Infraestructura Patrimonial Emblem\u00e1tica (PRBIPE), liderado por la Subsecretar\u00eda de Desarrollo Regional y Administrativo (SUBDERE), &hellip; ver m\u00e1s\" \/>\n<meta property=\"og:url\" content=\"https:\/\/colegioarquitectos.com\/noticias\/?p=30206\" \/>\n<meta property=\"og:site_name\" content=\"COLEGIO DE ARQUITECTOS DE CHILE\" \/>\n<meta property=\"article:publisher\" content=\"https:\/\/facebook.com\/Colegioarq\/\" \/>\n<meta property=\"article:published_time\" content=\"2023-04-20T17:25:27+00:00\" \/>\n<meta property=\"article:modified_time\" content=\"2023-04-20T17:57:42+00:00\" \/>\n<meta property=\"og:image\" content=\"https:\/\/colegioarquitectos.com\/noticias\/wp-content\/uploads\/2023\/04\/PORTADA-CATALDO.jpg\" \/>\n\t<meta property=\"og:image:width\" content=\"1280\" \/>\n\t<meta property=\"og:image:height\" content=\"720\" \/>\n\t<meta property=\"og:image:type\" content=\"image\/jpeg\" \/>\n<meta name=\"author\" content=\"Colegio de Arquitectos de Chile\" \/>\n<meta name=\"twitter:card\" content=\"summary_large_image\" \/>\n<meta name=\"twitter:creator\" content=\"@colegioarq\" \/>\n<meta name=\"twitter:site\" content=\"@colegioarq\" \/>\n<meta name=\"twitter:label1\" content=\"Escrito por\" \/>\n\t<meta name=\"twitter:data1\" content=\"Colegio de Arquitectos de Chile\" \/>\n\t<meta name=\"twitter:label2\" content=\"Tiempo de lectura\" \/>\n\t<meta name=\"twitter:data2\" content=\"2 minutos\" \/>\n<script type=\"application\/ld+json\" class=\"yoast-schema-graph\">{\"@context\":\"https:\/\/schema.org\",\"@graph\":[{\"@type\":\"Article\",\"@id\":\"https:\/\/colegioarquitectos.com\/noticias\/?p=30206#article\",\"isPartOf\":{\"@id\":\"https:\/\/colegioarquitectos.com\/noticias\/?p=30206\"},\"author\":{\"name\":\"Colegio de Arquitectos de Chile\",\"@id\":\"https:\/\/colegioarquitectos.com\/noticias\/#\/schema\/person\/685cc0aad148303c5608f049af8285ad\"},\"headline\":\"Colegio de Arquitectos de Chile participa del lanzamiento del Programa de Revitalizaci\u00f3n de Barrios e Infraestructura Patrimonial Emblem\u00e1tica (PRBIPE)\",\"datePublished\":\"2023-04-20T17:25:27+00:00\",\"dateModified\":\"2023-04-20T17:57:42+00:00\",\"mainEntityOfPage\":{\"@id\":\"https:\/\/colegioarquitectos.com\/noticias\/?p=30206\"},\"wordCount\":410,\"publisher\":{\"@id\":\"https:\/\/colegioarquitectos.com\/noticias\/#organization\"},\"image\":{\"@id\":\"https:\/\/colegioarquitectos.com\/noticias\/?p=30206#primaryimage\"},\"thumbnailUrl\":\"https:\/\/colegioarquitectos.com\/noticias\/wp-content\/uploads\/2023\/04\/PORTADA-CATALDO.jpg\",\"keywords\":[\"Barrio Lourdes\",\"Beatriz Bucvicardi\",\"Karina Delfino\",\"Nicol\u00e1s Cataldo\",\"PRBIPE\",\"Programa de Revitalizaci\u00f3n de Barrios e Infraestructura Patrimonial Emblem\u00e1tica\",\"Quinta Normal\",\"SUBDERE\",\"Subsecretar\u00eda de Desarrollo Regional y Administrativo\"],\"articleSection\":[\"Colegio\"],\"inLanguage\":\"es\"},{\"@type\":\"WebPage\",\"@id\":\"https:\/\/colegioarquitectos.com\/noticias\/?p=30206\",\"url\":\"https:\/\/colegioarquitectos.com\/noticias\/?p=30206\",\"name\":\"Colegio de Arquitectos de Chile participa del lanzamiento del Programa de Revitalizaci\u00f3n de Barrios e Infraestructura Patrimonial Emblem\u00e1tica (PRBIPE) - COLEGIO DE ARQUITECTOS DE CHILE\",\"isPartOf\":{\"@id\":\"https:\/\/colegioarquitectos.com\/noticias\/#website\"},\"primaryImageOfPage\":{\"@id\":\"https:\/\/colegioarquitectos.com\/noticias\/?p=30206#primaryimage\"},\"image\":{\"@id\":\"https:\/\/colegioarquitectos.com\/noticias\/?p=30206#primaryimage\"},\"thumbnailUrl\":\"https:\/\/colegioarquitectos.com\/noticias\/wp-content\/uploads\/2023\/04\/PORTADA-CATALDO.jpg\",\"datePublished\":\"2023-04-20T17:25:27+00:00\",\"dateModified\":\"2023-04-20T17:57:42+00:00\",\"breadcrumb\":{\"@id\":\"https:\/\/colegioarquitectos.com\/noticias\/?p=30206#breadcrumb\"},\"inLanguage\":\"es\",\"potentialAction\":[{\"@type\":\"ReadAction\",\"target\":[\"https:\/\/colegioarquitectos.com\/noticias\/?p=30206\"]}]},{\"@type\":\"ImageObject\",\"inLanguage\":\"es\",\"@id\":\"https:\/\/colegioarquitectos.com\/noticias\/?p=30206#primaryimage\",\"url\":\"https:\/\/colegioarquitectos.com\/noticias\/wp-content\/uploads\/2023\/04\/PORTADA-CATALDO.jpg\",\"contentUrl\":\"https:\/\/colegioarquitectos.com\/noticias\/wp-content\/uploads\/2023\/04\/PORTADA-CATALDO.jpg\",\"width\":1280,\"height\":720},{\"@type\":\"BreadcrumbList\",\"@id\":\"https:\/\/colegioarquitectos.com\/noticias\/?p=30206#breadcrumb\",\"itemListElement\":[{\"@type\":\"ListItem\",\"position\":1,\"name\":\"Portada\",\"item\":\"https:\/\/colegioarquitectos.com\/noticias\"},{\"@type\":\"ListItem\",\"position\":2,\"name\":\"Colegio de Arquitectos de Chile participa del lanzamiento del Programa de Revitalizaci\u00f3n de Barrios e Infraestructura Patrimonial Emblem\u00e1tica (PRBIPE)\"}]},{\"@type\":\"WebSite\",\"@id\":\"https:\/\/colegioarquitectos.com\/noticias\/#website\",\"url\":\"https:\/\/colegioarquitectos.com\/noticias\/\",\"name\":\"COLEGIO DE ARQUITECTOS DE CHILE\",\"description\":\"\",\"publisher\":{\"@id\":\"https:\/\/colegioarquitectos.com\/noticias\/#organization\"},\"potentialAction\":[{\"@type\":\"SearchAction\",\"target\":{\"@type\":\"EntryPoint\",\"urlTemplate\":\"https:\/\/colegioarquitectos.com\/noticias\/?s={search_term_string}\"},\"query-input\":{\"@type\":\"PropertyValueSpecification\",\"valueRequired\":true,\"valueName\":\"search_term_string\"}}],\"inLanguage\":\"es\"},{\"@type\":\"Organization\",\"@id\":\"https:\/\/colegioarquitectos.com\/noticias\/#organization\",\"name\":\"COLEGIO DE ARQUITECTOS DE CHILE\",\"url\":\"https:\/\/colegioarquitectos.com\/noticias\/\",\"logo\":{\"@type\":\"ImageObject\",\"inLanguage\":\"es\",\"@id\":\"https:\/\/colegioarquitectos.com\/noticias\/#\/schema\/logo\/image\/\",\"url\":\"https:\/\/colegioarquitectos.com\/noticias\/wp-content\/uploads\/2021\/05\/ENCABEZADO-LOGO-CA.jpg\",\"contentUrl\":\"https:\/\/colegioarquitectos.com\/noticias\/wp-content\/uploads\/2021\/05\/ENCABEZADO-LOGO-CA.jpg\",\"width\":690,\"height\":350,\"caption\":\"COLEGIO DE ARQUITECTOS DE CHILE\"},\"image\":{\"@id\":\"https:\/\/colegioarquitectos.com\/noticias\/#\/schema\/logo\/image\/\"},\"sameAs\":[\"https:\/\/facebook.com\/Colegioarq\/\",\"https:\/\/x.com\/colegioarq\",\"https:\/\/instagram.com\/colegioarq\",\"https:\/\/youtube.com\/@ColegiodeArquitectosdeChile\"]},{\"@type\":\"Person\",\"@id\":\"https:\/\/colegioarquitectos.com\/noticias\/#\/schema\/person\/685cc0aad148303c5608f049af8285ad\",\"name\":\"Colegio de Arquitectos de Chile\",\"url\":\"https:\/\/colegioarquitectos.com\/noticias\/?author=4\"}]}<\/script>\n<!-- \/ Yoast SEO plugin. -->","yoast_head_json":{"title":"Colegio de Arquitectos de Chile participa del lanzamiento del Programa de Revitalizaci\u00f3n de Barrios e Infraestructura Patrimonial Emblem\u00e1tica (PRBIPE) - COLEGIO DE ARQUITECTOS DE CHILE","robots":{"index":"index","follow":"follow","max-snippet":"max-snippet:-1","max-image-preview":"max-image-preview:large","max-video-preview":"max-video-preview:-1"},"canonical":"https:\/\/colegioarquitectos.com\/noticias\/?p=30206","og_locale":"es_ES","og_type":"article","og_title":"Colegio de Arquitectos de Chile participa del lanzamiento del Programa de Revitalizaci\u00f3n de Barrios e Infraestructura Patrimonial Emblem\u00e1tica (PRBIPE) - COLEGIO DE ARQUITECTOS DE CHILE","og_description":"La presidenta nacional del Colegio de Arquitectos de Chile, Beatriz Buccicardi, particip\u00f3 este jueves 20 de abril del lanzamiento del Programa de Revitalizaci\u00f3n de Barrios e Infraestructura Patrimonial Emblem\u00e1tica (PRBIPE), liderado por la Subsecretar\u00eda de Desarrollo Regional y Administrativo (SUBDERE), &hellip; ver m\u00e1s","og_url":"https:\/\/colegioarquitectos.com\/noticias\/?p=30206","og_site_name":"COLEGIO DE ARQUITECTOS DE CHILE","article_publisher":"https:\/\/facebook.com\/Colegioarq\/","article_published_time":"2023-04-20T17:25:27+00:00","article_modified_time":"2023-04-20T17:57:42+00:00","og_image":[{"width":1280,"height":720,"url":"https:\/\/colegioarquitectos.com\/noticias\/wp-content\/uploads\/2023\/04\/PORTADA-CATALDO.jpg","type":"image\/jpeg"}],"author":"Colegio de Arquitectos de Chile","twitter_card":"summary_large_image","twitter_creator":"@colegioarq","twitter_site":"@colegioarq","twitter_misc":{"Escrito por":"Colegio de Arquitectos de Chile","Tiempo de lectura":"2 minutos"},"schema":{"@context":"https:\/\/schema.org","@graph":[{"@type":"Article","@id":"https:\/\/colegioarquitectos.com\/noticias\/?p=30206#article","isPartOf":{"@id":"https:\/\/colegioarquitectos.com\/noticias\/?p=30206"},"author":{"name":"Colegio de Arquitectos de Chile","@id":"https:\/\/colegioarquitectos.com\/noticias\/#\/schema\/person\/685cc0aad148303c5608f049af8285ad"},"headline":"Colegio de Arquitectos de Chile participa del lanzamiento del Programa de Revitalizaci\u00f3n de Barrios e Infraestructura Patrimonial Emblem\u00e1tica (PRBIPE)","datePublished":"2023-04-20T17:25:27+00:00","dateModified":"2023-04-20T17:57:42+00:00","mainEntityOfPage":{"@id":"https:\/\/colegioarquitectos.com\/noticias\/?p=30206"},"wordCount":410,"publisher":{"@id":"https:\/\/colegioarquitectos.com\/noticias\/#organization"},"image":{"@id":"https:\/\/colegioarquitectos.com\/noticias\/?p=30206#primaryimage"},"thumbnailUrl":"https:\/\/colegioarquitectos.com\/noticias\/wp-content\/uploads\/2023\/04\/PORTADA-CATALDO.jpg","keywords":["Barrio Lourdes","Beatriz Bucvicardi","Karina Delfino","Nicol\u00e1s Cataldo","PRBIPE","Programa de Revitalizaci\u00f3n de Barrios e Infraestructura Patrimonial Emblem\u00e1tica","Quinta Normal","SUBDERE","Subsecretar\u00eda de Desarrollo Regional y Administrativo"],"articleSection":["Colegio"],"inLanguage":"es"},{"@type":"WebPage","@id":"https:\/\/colegioarquitectos.com\/noticias\/?p=30206","url":"https:\/\/colegioarquitectos.com\/noticias\/?p=30206","name":"Colegio de Arquitectos de Chile participa del lanzamiento del Programa de Revitalizaci\u00f3n de Barrios e Infraestructura Patrimonial Emblem\u00e1tica (PRBIPE) - COLEGIO DE ARQUITECTOS DE CHILE","isPartOf":{"@id":"https:\/\/colegioarquitectos.com\/noticias\/#website"},"primaryImageOfPage":{"@id":"https:\/\/colegioarquitectos.com\/noticias\/?p=30206#primaryimage"},"image":{"@id":"https:\/\/colegioarquitectos.com\/noticias\/?p=30206#primaryimage"},"thumbnailUrl":"https:\/\/colegioarquitectos.com\/noticias\/wp-content\/uploads\/2023\/04\/PORTADA-CATALDO.jpg","datePublished":"2023-04-20T17:25:27+00:00","dateModified":"2023-04-20T17:57:42+00:00","breadcrumb":{"@id":"https:\/\/colegioarquitectos.com\/noticias\/?p=30206#breadcrumb"},"inLanguage":"es","potentialAction":[{"@type":"ReadAction","target":["https:\/\/colegioarquitectos.com\/noticias\/?p=30206"]}]},{"@type":"ImageObject","inLanguage":"es","@id":"https:\/\/colegioarquitectos.com\/noticias\/?p=30206#primaryimage","url":"https:\/\/colegioarquitectos.com\/noticias\/wp-content\/uploads\/2023\/04\/PORTADA-CATALDO.jpg","contentUrl":"https:\/\/colegioarquitectos.com\/noticias\/wp-content\/uploads\/2023\/04\/PORTADA-CATALDO.jpg","width":1280,"height":720},{"@type":"BreadcrumbList","@id":"https:\/\/colegioarquitectos.com\/noticias\/?p=30206#breadcrumb","itemListElement":[{"@type":"ListItem","position":1,"name":"Portada","item":"https:\/\/colegioarquitectos.com\/noticias"},{"@type":"ListItem","position":2,"name":"Colegio de Arquitectos de Chile participa del lanzamiento del Programa de Revitalizaci\u00f3n de Barrios e Infraestructura Patrimonial Emblem\u00e1tica (PRBIPE)"}]},{"@type":"WebSite","@id":"https:\/\/colegioarquitectos.com\/noticias\/#website","url":"https:\/\/colegioarquitectos.com\/noticias\/","name":"COLEGIO DE ARQUITECTOS DE CHILE","description":"","publisher":{"@id":"https:\/\/colegioarquitectos.com\/noticias\/#organization"},"potentialAction":[{"@type":"SearchAction","target":{"@type":"EntryPoint","urlTemplate":"https:\/\/colegioarquitectos.com\/noticias\/?s={search_term_string}"},"query-input":{"@type":"PropertyValueSpecification","valueRequired":true,"valueName":"search_term_string"}}],"inLanguage":"es"},{"@type":"Organization","@id":"https:\/\/colegioarquitectos.com\/noticias\/#organization","name":"COLEGIO DE ARQUITECTOS DE CHILE","url":"https:\/\/colegioarquitectos.com\/noticias\/","logo":{"@type":"ImageObject","inLanguage":"es","@id":"https:\/\/colegioarquitectos.com\/noticias\/#\/schema\/logo\/image\/","url":"https:\/\/colegioarquitectos.com\/noticias\/wp-content\/uploads\/2021\/05\/ENCABEZADO-LOGO-CA.jpg","contentUrl":"https:\/\/colegioarquitectos.com\/noticias\/wp-content\/uploads\/2021\/05\/ENCABEZADO-LOGO-CA.jpg","width":690,"height":350,"caption":"COLEGIO DE ARQUITECTOS DE CHILE"},"image":{"@id":"https:\/\/colegioarquitectos.com\/noticias\/#\/schema\/logo\/image\/"},"sameAs":["https:\/\/facebook.com\/Colegioarq\/","https:\/\/x.com\/colegioarq","https:\/\/instagram.com\/colegioarq","https:\/\/youtube.com\/@ColegiodeArquitectosdeChile"]},{"@type":"Person","@id":"https:\/\/colegioarquitectos.com\/noticias\/#\/schema\/person\/685cc0aad148303c5608f049af8285ad","name":"Colegio de Arquitectos de Chile","url":"https:\/\/colegioarquitectos.com\/noticias\/?author=4"}]}},"_links":{"self":[{"href":"https:\/\/colegioarquitectos.com\/noticias\/index.php?rest_route=\/wp\/v2\/posts\/30206","targetHints":{"allow":["GET"]}}],"collection":[{"href":"https:\/\/colegioarquitectos.com\/noticias\/index.php?rest_route=\/wp\/v2\/posts"}],"about":[{"href":"https:\/\/colegioarquitectos.com\/noticias\/index.php?rest_route=\/wp\/v2\/types\/post"}],"author":[{"embeddable":true,"href":"https:\/\/colegioarquitectos.com\/noticias\/index.php?rest_route=\/wp\/v2\/users\/4"}],"replies":[{"embeddable":true,"href":"https:\/\/colegioarquitectos.com\/noticias\/index.php?rest_route=%2Fwp%2Fv2%2Fcomments&post=30206"}],"version-history":[{"count":0,"href":"https:\/\/colegioarquitectos.com\/noticias\/index.php?rest_route=\/wp\/v2\/posts\/30206\/revisions"}],"wp:featuredmedia":[{"embeddable":true,"href":"https:\/\/colegioarquitectos.com\/noticias\/index.php?rest_route=\/wp\/v2\/media\/30207"}],"wp:attachment":[{"href":"https:\/\/colegioarquitectos.com\/noticias\/index.php?rest_route=%2Fwp%2Fv2%2Fmedia&parent=30206"}],"wp:term":[{"taxonomy":"category","embeddable":true,"href":"https:\/\/colegioarquitectos.com\/noticias\/index.php?rest_route=%2Fwp%2Fv2%2Fcategories&post=30206"},{"taxonomy":"post_tag","embeddable":true,"href":"https:\/\/colegioarquitectos.com\/noticias\/index.php?rest_route=%2Fwp%2Fv2%2Ftags&post=30206"}],"curies":[{"name":"wp","href":"https:\/\/api.w.org\/{rel}","templated":true}]}}