
{"id":30211,"date":"2023-04-21T10:27:47","date_gmt":"2023-04-21T14:27:47","guid":{"rendered":"https:\/\/colegioarquitectos.com\/?p=30211"},"modified":"2023-04-26T10:41:16","modified_gmt":"2023-04-26T14:41:16","slug":"no-te-pierdas-el-conversatorio-industrializacion-de-la-vivienda-enfoque-en-la-demanda","status":"publish","type":"post","link":"https:\/\/colegioarquitectos.com\/noticias\/?p=30211","title":{"rendered":"No te pierdas el conversatorio \u00abIndustrializaci\u00f3n de la vivienda. Enfoque en la demanda\u00bb"},"content":{"rendered":"<p>Este pr\u00f3ximo <strong>lunes 24 de abril<\/strong> a las <strong>19.00 horas<\/strong> se realizar\u00e1 a trav\u00e9s de <strong>FB Live<\/strong> el conversatorio <strong>\u00abIndustrializaci\u00f3n de la vivienda. Enfoque en la demanda\u00bb<\/strong>, el cual es organizado por el <strong>Comit\u00e9 de H\u00e1bitat y Vivienda<\/strong> del <strong>Colegio de Arquitectos de Chile<\/strong>.<\/p>\n<p>En el conversatorio expondr\u00e1 <strong>Karina Villacura<\/strong>, antrop\u00f3loga, candidata a doctora en Estudios Urbanos de la Malm\u00f6 Universitet; y <strong>Camilo S\u00e1nchez<\/strong>, arquitecto, Gerente de desarrollo e ingenier\u00eda de TECNOPANEL.<\/p>\n<p>Tambi\u00e9n comentar\u00e1n en la instancia <strong>Marcia Cuiza<\/strong>, arquitecta; y <strong>Adolfo L\u00f3pez<\/strong>, vicepresidente del Comit\u00e9 de H\u00e1bitat y Vivienda. En tanto, <strong>Ana Sugranyes<\/strong>, presidenta del Comit\u00e9 de H\u00e1bitat y Vivienda, moderar\u00e1 el encuentro.<\/p>\n<p>Puedes seguir el conversatorio <strong>\u00abIndustrializaci\u00f3n de la vivienda. Enfoque en la demanda\u00bb<\/strong> este pr\u00f3ximo <strong>lunes 24 de abril<\/strong> desde las <strong>19.00 horas<\/strong> a trav\u00e9s de <strong>FB Live<\/strong> en <strong><a href=\"http:\/\/www.facebook.com\/comitehabitat\">www.facebook.com\/comitehabitat<\/a><\/strong>.<\/p>\n<p>&nbsp;<\/p>\n<h4>Registro completo del conversatorio \u00abIndustrializaci\u00f3n de la vivienda. Enfoque en la demanda\u00bb<\/h4>\n<hr \/>\n<p><iframe loading=\"lazy\" style=\"border: none; overflow: hidden;\" src=\"https:\/\/www.facebook.com\/plugins\/video.php?height=314&amp;href=https%3A%2F%2Fwww.facebook.com%2Fcomitehabitat%2Fvideos%2F1549378199165028%2F&amp;show_text=false&amp;width=560&amp;t=0\" width=\"560\" height=\"314\" frameborder=\"0\" scrolling=\"no\" allowfullscreen=\"allowfullscreen\"><\/iframe><\/p>\n<p>&nbsp;<\/p>\n<p><\/p>","protected":false},"excerpt":{"rendered":"<p>Este pr\u00f3ximo lunes 24 de abril a las 19.00 horas se realizar\u00e1 a trav\u00e9s de FB Live el conversatorio \u00abIndustrializaci\u00f3n de la vivienda. Enfoque en la demanda\u00bb, el cual es organizado por el Comit\u00e9 de H\u00e1bitat y Vivienda del Colegio &hellip; <a class=\"more-link\" href=\"https:\/\/colegioarquitectos.com\/noticias\/?p=30211\">ver m\u00e1s<\/a><\/p>","protected":false},"author":4,"featured_media":30212,"comment_status":"closed","ping_status":"closed","sticky":false,"template":"","format":"standard","meta":{"footnotes":""},"categories":[9],"tags":[209,203,291,96],"class_list":["post-30211","post","type-post","status-publish","format-standard","has-post-thumbnail","hentry","category-comites","tag-comite-de-habitat-y-vivienda","tag-conversatorio","tag-industrializacion","tag-vivienda"],"yoast_head":"<!-- This site is optimized with the Yoast SEO plugin v24.2 - https:\/\/yoast.com\/wordpress\/plugins\/seo\/ -->\n<title>No te pierdas el conversatorio \u00abIndustrializaci\u00f3n de la vivienda. Enfoque en la demanda\u00bb - COLEGIO DE ARQUITECTOS DE CHILE<\/title>\n<meta name=\"robots\" content=\"index, follow, max-snippet:-1, max-image-preview:large, max-video-preview:-1\" \/>\n<link rel=\"canonical\" href=\"https:\/\/colegioarquitectos.com\/noticias\/?p=30211\" \/>\n<meta property=\"og:locale\" content=\"es_ES\" \/>\n<meta property=\"og:type\" content=\"article\" \/>\n<meta property=\"og:title\" content=\"No te pierdas el conversatorio \u00abIndustrializaci\u00f3n de la vivienda. Enfoque en la demanda\u00bb - COLEGIO DE ARQUITECTOS DE CHILE\" \/>\n<meta property=\"og:description\" content=\"Este pr\u00f3ximo lunes 24 de abril a las 19.00 horas se realizar\u00e1 a trav\u00e9s de FB Live el conversatorio \u00abIndustrializaci\u00f3n de la vivienda. Enfoque en la demanda\u00bb, el cual es organizado por el Comit\u00e9 de H\u00e1bitat y Vivienda del Colegio &hellip; ver m\u00e1s\" \/>\n<meta property=\"og:url\" content=\"https:\/\/colegioarquitectos.com\/noticias\/?p=30211\" \/>\n<meta property=\"og:site_name\" content=\"COLEGIO DE ARQUITECTOS DE CHILE\" \/>\n<meta property=\"article:publisher\" content=\"https:\/\/facebook.com\/Colegioarq\/\" \/>\n<meta property=\"article:published_time\" content=\"2023-04-21T14:27:47+00:00\" \/>\n<meta property=\"article:modified_time\" content=\"2023-04-26T14:41:16+00:00\" \/>\n<meta property=\"og:image\" content=\"https:\/\/colegioarquitectos.com\/noticias\/wp-content\/uploads\/2023\/04\/png_20230420_203823_0000.png\" \/>\n\t<meta property=\"og:image:width\" content=\"1280\" \/>\n\t<meta property=\"og:image:height\" content=\"720\" \/>\n\t<meta property=\"og:image:type\" content=\"image\/png\" \/>\n<meta name=\"author\" content=\"Colegio de Arquitectos de Chile\" \/>\n<meta name=\"twitter:card\" content=\"summary_large_image\" \/>\n<meta name=\"twitter:creator\" content=\"@colegioarq\" \/>\n<meta name=\"twitter:site\" content=\"@colegioarq\" \/>\n<meta name=\"twitter:label1\" content=\"Escrito por\" \/>\n\t<meta name=\"twitter:data1\" content=\"Colegio de Arquitectos de Chile\" \/>\n\t<meta name=\"twitter:label2\" content=\"Tiempo de lectura\" \/>\n\t<meta name=\"twitter:data2\" content=\"1 minuto\" \/>\n<script type=\"application\/ld+json\" class=\"yoast-schema-graph\">{\"@context\":\"https:\/\/schema.org\",\"@graph\":[{\"@type\":\"Article\",\"@id\":\"https:\/\/colegioarquitectos.com\/noticias\/?p=30211#article\",\"isPartOf\":{\"@id\":\"https:\/\/colegioarquitectos.com\/noticias\/?p=30211\"},\"author\":{\"name\":\"Colegio de Arquitectos de Chile\",\"@id\":\"https:\/\/colegioarquitectos.com\/noticias\/#\/schema\/person\/685cc0aad148303c5608f049af8285ad\"},\"headline\":\"No te pierdas el conversatorio \u00abIndustrializaci\u00f3n de la vivienda. Enfoque en la demanda\u00bb\",\"datePublished\":\"2023-04-21T14:27:47+00:00\",\"dateModified\":\"2023-04-26T14:41:16+00:00\",\"mainEntityOfPage\":{\"@id\":\"https:\/\/colegioarquitectos.com\/noticias\/?p=30211\"},\"wordCount\":176,\"publisher\":{\"@id\":\"https:\/\/colegioarquitectos.com\/noticias\/#organization\"},\"image\":{\"@id\":\"https:\/\/colegioarquitectos.com\/noticias\/?p=30211#primaryimage\"},\"thumbnailUrl\":\"https:\/\/colegioarquitectos.com\/noticias\/wp-content\/uploads\/2023\/04\/png_20230420_203823_0000.png\",\"keywords\":[\"Comit\u00e9 de H\u00e1bitat y Vivienda\",\"Conversatorio\",\"industrializaci\u00f3n\",\"Vivienda\"],\"articleSection\":[\"Comit\u00e9s\"],\"inLanguage\":\"es\"},{\"@type\":\"WebPage\",\"@id\":\"https:\/\/colegioarquitectos.com\/noticias\/?p=30211\",\"url\":\"https:\/\/colegioarquitectos.com\/noticias\/?p=30211\",\"name\":\"No te pierdas el conversatorio \u00abIndustrializaci\u00f3n de la vivienda. Enfoque en la demanda\u00bb - COLEGIO DE ARQUITECTOS DE CHILE\",\"isPartOf\":{\"@id\":\"https:\/\/colegioarquitectos.com\/noticias\/#website\"},\"primaryImageOfPage\":{\"@id\":\"https:\/\/colegioarquitectos.com\/noticias\/?p=30211#primaryimage\"},\"image\":{\"@id\":\"https:\/\/colegioarquitectos.com\/noticias\/?p=30211#primaryimage\"},\"thumbnailUrl\":\"https:\/\/colegioarquitectos.com\/noticias\/wp-content\/uploads\/2023\/04\/png_20230420_203823_0000.png\",\"datePublished\":\"2023-04-21T14:27:47+00:00\",\"dateModified\":\"2023-04-26T14:41:16+00:00\",\"breadcrumb\":{\"@id\":\"https:\/\/colegioarquitectos.com\/noticias\/?p=30211#breadcrumb\"},\"inLanguage\":\"es\",\"potentialAction\":[{\"@type\":\"ReadAction\",\"target\":[\"https:\/\/colegioarquitectos.com\/noticias\/?p=30211\"]}]},{\"@type\":\"ImageObject\",\"inLanguage\":\"es\",\"@id\":\"https:\/\/colegioarquitectos.com\/noticias\/?p=30211#primaryimage\",\"url\":\"https:\/\/colegioarquitectos.com\/noticias\/wp-content\/uploads\/2023\/04\/png_20230420_203823_0000.png\",\"contentUrl\":\"https:\/\/colegioarquitectos.com\/noticias\/wp-content\/uploads\/2023\/04\/png_20230420_203823_0000.png\",\"width\":1280,\"height\":720},{\"@type\":\"BreadcrumbList\",\"@id\":\"https:\/\/colegioarquitectos.com\/noticias\/?p=30211#breadcrumb\",\"itemListElement\":[{\"@type\":\"ListItem\",\"position\":1,\"name\":\"Portada\",\"item\":\"https:\/\/colegioarquitectos.com\/noticias\"},{\"@type\":\"ListItem\",\"position\":2,\"name\":\"No te pierdas el conversatorio \u00abIndustrializaci\u00f3n de la vivienda. Enfoque en la demanda\u00bb\"}]},{\"@type\":\"WebSite\",\"@id\":\"https:\/\/colegioarquitectos.com\/noticias\/#website\",\"url\":\"https:\/\/colegioarquitectos.com\/noticias\/\",\"name\":\"COLEGIO DE ARQUITECTOS DE CHILE\",\"description\":\"\",\"publisher\":{\"@id\":\"https:\/\/colegioarquitectos.com\/noticias\/#organization\"},\"potentialAction\":[{\"@type\":\"SearchAction\",\"target\":{\"@type\":\"EntryPoint\",\"urlTemplate\":\"https:\/\/colegioarquitectos.com\/noticias\/?s={search_term_string}\"},\"query-input\":{\"@type\":\"PropertyValueSpecification\",\"valueRequired\":true,\"valueName\":\"search_term_string\"}}],\"inLanguage\":\"es\"},{\"@type\":\"Organization\",\"@id\":\"https:\/\/colegioarquitectos.com\/noticias\/#organization\",\"name\":\"COLEGIO DE ARQUITECTOS DE CHILE\",\"url\":\"https:\/\/colegioarquitectos.com\/noticias\/\",\"logo\":{\"@type\":\"ImageObject\",\"inLanguage\":\"es\",\"@id\":\"https:\/\/colegioarquitectos.com\/noticias\/#\/schema\/logo\/image\/\",\"url\":\"https:\/\/colegioarquitectos.com\/noticias\/wp-content\/uploads\/2021\/05\/ENCABEZADO-LOGO-CA.jpg\",\"contentUrl\":\"https:\/\/colegioarquitectos.com\/noticias\/wp-content\/uploads\/2021\/05\/ENCABEZADO-LOGO-CA.jpg\",\"width\":690,\"height\":350,\"caption\":\"COLEGIO DE ARQUITECTOS DE CHILE\"},\"image\":{\"@id\":\"https:\/\/colegioarquitectos.com\/noticias\/#\/schema\/logo\/image\/\"},\"sameAs\":[\"https:\/\/facebook.com\/Colegioarq\/\",\"https:\/\/x.com\/colegioarq\",\"https:\/\/instagram.com\/colegioarq\",\"https:\/\/youtube.com\/@ColegiodeArquitectosdeChile\"]},{\"@type\":\"Person\",\"@id\":\"https:\/\/colegioarquitectos.com\/noticias\/#\/schema\/person\/685cc0aad148303c5608f049af8285ad\",\"name\":\"Colegio de Arquitectos de Chile\",\"url\":\"https:\/\/colegioarquitectos.com\/noticias\/?author=4\"}]}<\/script>\n<!-- \/ Yoast SEO plugin. -->","yoast_head_json":{"title":"No te pierdas el conversatorio \u00abIndustrializaci\u00f3n de la vivienda. Enfoque en la demanda\u00bb - COLEGIO DE ARQUITECTOS DE CHILE","robots":{"index":"index","follow":"follow","max-snippet":"max-snippet:-1","max-image-preview":"max-image-preview:large","max-video-preview":"max-video-preview:-1"},"canonical":"https:\/\/colegioarquitectos.com\/noticias\/?p=30211","og_locale":"es_ES","og_type":"article","og_title":"No te pierdas el conversatorio \u00abIndustrializaci\u00f3n de la vivienda. Enfoque en la demanda\u00bb - COLEGIO DE ARQUITECTOS DE CHILE","og_description":"Este pr\u00f3ximo lunes 24 de abril a las 19.00 horas se realizar\u00e1 a trav\u00e9s de FB Live el conversatorio \u00abIndustrializaci\u00f3n de la vivienda. Enfoque en la demanda\u00bb, el cual es organizado por el Comit\u00e9 de H\u00e1bitat y Vivienda del Colegio &hellip; ver m\u00e1s","og_url":"https:\/\/colegioarquitectos.com\/noticias\/?p=30211","og_site_name":"COLEGIO DE ARQUITECTOS DE CHILE","article_publisher":"https:\/\/facebook.com\/Colegioarq\/","article_published_time":"2023-04-21T14:27:47+00:00","article_modified_time":"2023-04-26T14:41:16+00:00","og_image":[{"width":1280,"height":720,"url":"https:\/\/colegioarquitectos.com\/noticias\/wp-content\/uploads\/2023\/04\/png_20230420_203823_0000.png","type":"image\/png"}],"author":"Colegio de Arquitectos de Chile","twitter_card":"summary_large_image","twitter_creator":"@colegioarq","twitter_site":"@colegioarq","twitter_misc":{"Escrito por":"Colegio de Arquitectos de Chile","Tiempo de lectura":"1 minuto"},"schema":{"@context":"https:\/\/schema.org","@graph":[{"@type":"Article","@id":"https:\/\/colegioarquitectos.com\/noticias\/?p=30211#article","isPartOf":{"@id":"https:\/\/colegioarquitectos.com\/noticias\/?p=30211"},"author":{"name":"Colegio de Arquitectos de Chile","@id":"https:\/\/colegioarquitectos.com\/noticias\/#\/schema\/person\/685cc0aad148303c5608f049af8285ad"},"headline":"No te pierdas el conversatorio \u00abIndustrializaci\u00f3n de la vivienda. Enfoque en la demanda\u00bb","datePublished":"2023-04-21T14:27:47+00:00","dateModified":"2023-04-26T14:41:16+00:00","mainEntityOfPage":{"@id":"https:\/\/colegioarquitectos.com\/noticias\/?p=30211"},"wordCount":176,"publisher":{"@id":"https:\/\/colegioarquitectos.com\/noticias\/#organization"},"image":{"@id":"https:\/\/colegioarquitectos.com\/noticias\/?p=30211#primaryimage"},"thumbnailUrl":"https:\/\/colegioarquitectos.com\/noticias\/wp-content\/uploads\/2023\/04\/png_20230420_203823_0000.png","keywords":["Comit\u00e9 de H\u00e1bitat y Vivienda","Conversatorio","industrializaci\u00f3n","Vivienda"],"articleSection":["Comit\u00e9s"],"inLanguage":"es"},{"@type":"WebPage","@id":"https:\/\/colegioarquitectos.com\/noticias\/?p=30211","url":"https:\/\/colegioarquitectos.com\/noticias\/?p=30211","name":"No te pierdas el conversatorio \u00abIndustrializaci\u00f3n de la vivienda. Enfoque en la demanda\u00bb - COLEGIO DE ARQUITECTOS DE CHILE","isPartOf":{"@id":"https:\/\/colegioarquitectos.com\/noticias\/#website"},"primaryImageOfPage":{"@id":"https:\/\/colegioarquitectos.com\/noticias\/?p=30211#primaryimage"},"image":{"@id":"https:\/\/colegioarquitectos.com\/noticias\/?p=30211#primaryimage"},"thumbnailUrl":"https:\/\/colegioarquitectos.com\/noticias\/wp-content\/uploads\/2023\/04\/png_20230420_203823_0000.png","datePublished":"2023-04-21T14:27:47+00:00","dateModified":"2023-04-26T14:41:16+00:00","breadcrumb":{"@id":"https:\/\/colegioarquitectos.com\/noticias\/?p=30211#breadcrumb"},"inLanguage":"es","potentialAction":[{"@type":"ReadAction","target":["https:\/\/colegioarquitectos.com\/noticias\/?p=30211"]}]},{"@type":"ImageObject","inLanguage":"es","@id":"https:\/\/colegioarquitectos.com\/noticias\/?p=30211#primaryimage","url":"https:\/\/colegioarquitectos.com\/noticias\/wp-content\/uploads\/2023\/04\/png_20230420_203823_0000.png","contentUrl":"https:\/\/colegioarquitectos.com\/noticias\/wp-content\/uploads\/2023\/04\/png_20230420_203823_0000.png","width":1280,"height":720},{"@type":"BreadcrumbList","@id":"https:\/\/colegioarquitectos.com\/noticias\/?p=30211#breadcrumb","itemListElement":[{"@type":"ListItem","position":1,"name":"Portada","item":"https:\/\/colegioarquitectos.com\/noticias"},{"@type":"ListItem","position":2,"name":"No te pierdas el conversatorio \u00abIndustrializaci\u00f3n de la vivienda. Enfoque en la demanda\u00bb"}]},{"@type":"WebSite","@id":"https:\/\/colegioarquitectos.com\/noticias\/#website","url":"https:\/\/colegioarquitectos.com\/noticias\/","name":"COLEGIO DE ARQUITECTOS DE CHILE","description":"","publisher":{"@id":"https:\/\/colegioarquitectos.com\/noticias\/#organization"},"potentialAction":[{"@type":"SearchAction","target":{"@type":"EntryPoint","urlTemplate":"https:\/\/colegioarquitectos.com\/noticias\/?s={search_term_string}"},"query-input":{"@type":"PropertyValueSpecification","valueRequired":true,"valueName":"search_term_string"}}],"inLanguage":"es"},{"@type":"Organization","@id":"https:\/\/colegioarquitectos.com\/noticias\/#organization","name":"COLEGIO DE ARQUITECTOS DE CHILE","url":"https:\/\/colegioarquitectos.com\/noticias\/","logo":{"@type":"ImageObject","inLanguage":"es","@id":"https:\/\/colegioarquitectos.com\/noticias\/#\/schema\/logo\/image\/","url":"https:\/\/colegioarquitectos.com\/noticias\/wp-content\/uploads\/2021\/05\/ENCABEZADO-LOGO-CA.jpg","contentUrl":"https:\/\/colegioarquitectos.com\/noticias\/wp-content\/uploads\/2021\/05\/ENCABEZADO-LOGO-CA.jpg","width":690,"height":350,"caption":"COLEGIO DE ARQUITECTOS DE CHILE"},"image":{"@id":"https:\/\/colegioarquitectos.com\/noticias\/#\/schema\/logo\/image\/"},"sameAs":["https:\/\/facebook.com\/Colegioarq\/","https:\/\/x.com\/colegioarq","https:\/\/instagram.com\/colegioarq","https:\/\/youtube.com\/@ColegiodeArquitectosdeChile"]},{"@type":"Person","@id":"https:\/\/colegioarquitectos.com\/noticias\/#\/schema\/person\/685cc0aad148303c5608f049af8285ad","name":"Colegio de Arquitectos de Chile","url":"https:\/\/colegioarquitectos.com\/noticias\/?author=4"}]}},"_links":{"self":[{"href":"https:\/\/colegioarquitectos.com\/noticias\/index.php?rest_route=\/wp\/v2\/posts\/30211","targetHints":{"allow":["GET"]}}],"collection":[{"href":"https:\/\/colegioarquitectos.com\/noticias\/index.php?rest_route=\/wp\/v2\/posts"}],"about":[{"href":"https:\/\/colegioarquitectos.com\/noticias\/index.php?rest_route=\/wp\/v2\/types\/post"}],"author":[{"embeddable":true,"href":"https:\/\/colegioarquitectos.com\/noticias\/index.php?rest_route=\/wp\/v2\/users\/4"}],"replies":[{"embeddable":true,"href":"https:\/\/colegioarquitectos.com\/noticias\/index.php?rest_route=%2Fwp%2Fv2%2Fcomments&post=30211"}],"version-history":[{"count":0,"href":"https:\/\/colegioarquitectos.com\/noticias\/index.php?rest_route=\/wp\/v2\/posts\/30211\/revisions"}],"wp:featuredmedia":[{"embeddable":true,"href":"https:\/\/colegioarquitectos.com\/noticias\/index.php?rest_route=\/wp\/v2\/media\/30212"}],"wp:attachment":[{"href":"https:\/\/colegioarquitectos.com\/noticias\/index.php?rest_route=%2Fwp%2Fv2%2Fmedia&parent=30211"}],"wp:term":[{"taxonomy":"category","embeddable":true,"href":"https:\/\/colegioarquitectos.com\/noticias\/index.php?rest_route=%2Fwp%2Fv2%2Fcategories&post=30211"},{"taxonomy":"post_tag","embeddable":true,"href":"https:\/\/colegioarquitectos.com\/noticias\/index.php?rest_route=%2Fwp%2Fv2%2Ftags&post=30211"}],"curies":[{"name":"wp","href":"https:\/\/api.w.org\/{rel}","templated":true}]}}