
{"id":30273,"date":"2023-05-02T11:14:01","date_gmt":"2023-05-02T15:14:01","guid":{"rendered":"https:\/\/colegioarquitectos.com\/?p=30273"},"modified":"2023-05-23T10:41:53","modified_gmt":"2023-05-23T14:41:53","slug":"mas-de-20-oficinas-de-arquitectos-presentan-propuestas-para-concurso-de-recuperacion-de-emblematico-edificio-de-calle-exposicion-221","status":"publish","type":"post","link":"https:\/\/colegioarquitectos.com\/noticias\/?p=30273","title":{"rendered":"M\u00e1s de 20 oficinas de arquitectos presentan propuestas para concurso de recuperaci\u00f3n de emblem\u00e1tico edificio de calle Exposici\u00f3n 221"},"content":{"rendered":"<p>Un total de<strong> 22 propuestas<\/strong> se recibieron en el marco del <strong>concurso de arquitectura<\/strong> que lleva adelante <strong>EFE Trenes de Chile<\/strong> para convertir en su edificio corporativo <strong>la emblem\u00e1tica estructura de calle Exposici\u00f3n 221<\/strong>, obra del arquitecto <strong>Boris Gui\u00f1eman<\/strong> y que fue construida entre <strong>1970 y 1974<\/strong>, albergando originalmente la <strong>central clasificadora de Correos de Chile<\/strong>.<\/p>\n<p>La evaluaci\u00f3n de las ofertas es evaluada por un jurado de primer nivel, que considera la participaci\u00f3n de los premios nacionales de arquitectura <strong>Miguel Lawner<\/strong> (2019), <strong>Antonia Lehmann<\/strong> (2004) y <strong>Fernando P\u00e9rez<\/strong> (2022), y de <strong>Tom\u00e1s Villal\u00f3n<\/strong> (Colegio de Arquitectos de Chile); <strong>Francisca Pulido<\/strong> (AOA); <strong>Horacio Torrent<\/strong> (experto en patrimonio moderno); <strong>Jos\u00e9 Solorza<\/strong> (gerente general de EFE); <strong>Loreto Wahr<\/strong> (directora de EFE); <strong>Rosario Olivares<\/strong> (Municipalidad de Santiago); <strong>Gabriela Elgueta<\/strong> (Gobierno Regional de Santiago); <strong>Camila Castro<\/strong> (subgerente de Pasajeros, EFE); <strong>Felipe Gallegos<\/strong> (Secpla Estaci\u00f3n Central); y <strong>Juan Jim\u00e9nez<\/strong> (representante de los trabajadores de EFE). El director ejecutivo del concurso es el director de la escuela de Arquitectura de la Universidad Cat\u00f3lica, <strong>Luis Eduardo Bresciani<\/strong>.<\/p>\n<p>\u00abEstoy convencido que la contribuci\u00f3n para Santiago en general, con la restauraci\u00f3n de este edificio, va ser enorme, muy significativa. Es muy valorable que EFE haya impulsado esta iniciativa\u00bb, indic\u00f3 el premio nacional de Arquitectura 2019 y jurado del concurso, <strong>Miguel Lawner<\/strong>.<\/p>\n<p>A su vez, la arquitecta y premio nacional de Arquitectura 2004, <strong>Antonia Lehmann<\/strong> destac\u00f3 la iniciativa \u00aby que se haya hecho un concurso de arquitectura, que no haya sido simplemente un concurso de ofertas econ\u00f3micas, sino que se plantee \u2013primero- un concurso de arquitectura y se recupere una tradici\u00f3n que ten\u00edamos nosotros, antiguamente, de los edificios p\u00fablicos, de tener siempre un concurso p\u00fablico\u00bb.<\/p>\n<p>Este emblem\u00e1tico edificio tiene <strong>siete pisos y cuenta con dos subterr\u00e1neos<\/strong>, emplazados en un terreno de <strong>4.800 m2<\/strong> y una superficie edificada de<strong> 22.481 m2<\/strong>. La obra del arquitecto <strong>Boris Gui\u00f1eman Waissbluth<\/strong>, se caracteriza por su arquitectura moderna y estructura singular, siendo un exponente en la arquitectura nacional.<\/p>\n<p>Las 22 propuestas son evaluadas <strong>considerando la inclusi\u00f3n de conceptos de identidad, paridad, sostenibilidad, vinculaci\u00f3n y renovaci\u00f3n del entorno<\/strong>. En este sentido, no s\u00f3lo establece como exigencia habilitar el edificio como oficinas corporativas de EFE <strong>sino que contempla la proposici\u00f3n de una integraci\u00f3n del edificio con el entorno, correspondiente a la calle Exposici\u00f3n y el barrio Estaci\u00f3n<\/strong>, y tambi\u00e9n una <strong>interacci\u00f3n con la futura estaci\u00f3n del tren Alameda Melipilla<\/strong>, que se ubicar\u00e1 a un costado.<\/p>\n<p>El gerente general de EFE, <strong>Jos\u00e9 Solorza<\/strong>, indic\u00f3 que \u00abeste concurso de arquitectura es un hito no s\u00f3lo para EFE sino que para el pa\u00eds, porque se recupera la tradici\u00f3n de desarrollar concursos para el dise\u00f1o y desarrollo de infraestructura, en este caso para la recuperaci\u00f3n de un edificio emblem\u00e1tico. Asimismo, tiene un tremendo valor, porque el jurado que acept\u00f3 esta convocatoria suma tres premios nacionales y representantes de las principales entidades vinculadas a la arquitectura del pa\u00eds y al territorio. Es motivo de orgullo y de agradecimiento por la generosidad que han tenido\u00bb.<\/p>\n<p>El concurso se cierra con la definici\u00f3n del ganador, <strong>que se resolver\u00e1 durante el mes de mayo<\/strong>. La premiaci\u00f3n del concurso considera premios en dinero para los 3 primeros lugares (<strong>500 UF para el primer lugar; 300 UF para el segundo lugar; y 200 UF para el tercer lugar<\/strong>), adem\u00e1s de dos menciones honrosas (<strong>de 50 UF cada una<\/strong>).<\/p>\n<p>El presupuesto para la ejecuci\u00f3n de las obras, considera una inversi\u00f3n de <strong>350.000 UF IVA incluido<\/strong>.<\/p>\n<p>&nbsp;<\/p>\n<h4>Nuevo Edificio Corporativo<\/h4>\n<hr \/>\n<p>En noviembre de 2021 EFE adquiri\u00f3 el <strong>ex Edificio de Clasificadora de Correos de Chile<\/strong>, luego que fuera puesto a la venta por esa empresa. <strong>El emblem\u00e1tico edificio ser\u00e1 la nueva sede corporativa de EFE, donde trabajar\u00e1n 550 colaboradores de la empresa, quienes por primera vez podr\u00e1n estar reunidos en un solo lugar, en permanente interacci\u00f3n con las operaciones ferroviarias<\/strong>.<\/p>\n<p>&nbsp;<\/p>\n<p>&nbsp;<\/p>\n<p><\/p>","protected":false},"excerpt":{"rendered":"<p>Un total de 22 propuestas se recibieron en el marco del concurso de arquitectura que lleva adelante EFE Trenes de Chile para convertir en su edificio corporativo la emblem\u00e1tica estructura de calle Exposici\u00f3n 221, obra del arquitecto Boris Gui\u00f1eman y &hellip; <a class=\"more-link\" href=\"https:\/\/colegioarquitectos.com\/noticias\/?p=30273\">ver m\u00e1s<\/a><\/p>","protected":false},"author":4,"featured_media":30277,"comment_status":"closed","ping_status":"closed","sticky":false,"template":"","format":"standard","meta":{"footnotes":""},"categories":[11,3],"tags":[333,331,330,332,326,327,329,328],"class_list":["post-30273","post","type-post","status-publish","format-standard","has-post-thumbnail","hentry","category-concursos","category-noticias","tag-barrio-estacion","tag-boris-guineman","tag-boris-guineman-waissbluth","tag-calle-exposicion","tag-concurso-de-arquitectura","tag-efe","tag-ex-edificio-de-correos-de-chile","tag-trenes-de-chile"],"yoast_head":"<!-- This site is optimized with the Yoast SEO plugin v24.2 - https:\/\/yoast.com\/wordpress\/plugins\/seo\/ -->\n<title>M\u00e1s de 20 oficinas de arquitectos presentan propuestas para concurso de recuperaci\u00f3n de emblem\u00e1tico edificio de calle Exposici\u00f3n 221 - COLEGIO DE ARQUITECTOS DE CHILE<\/title>\n<meta name=\"robots\" content=\"index, follow, max-snippet:-1, max-image-preview:large, max-video-preview:-1\" \/>\n<link rel=\"canonical\" href=\"https:\/\/colegioarquitectos.com\/noticias\/?p=30273\" \/>\n<meta property=\"og:locale\" content=\"es_ES\" \/>\n<meta property=\"og:type\" content=\"article\" \/>\n<meta property=\"og:title\" content=\"M\u00e1s de 20 oficinas de arquitectos presentan propuestas para concurso de recuperaci\u00f3n de emblem\u00e1tico edificio de calle Exposici\u00f3n 221 - COLEGIO DE ARQUITECTOS DE CHILE\" \/>\n<meta property=\"og:description\" content=\"Un total de 22 propuestas se recibieron en el marco del concurso de arquitectura que lleva adelante EFE Trenes de Chile para convertir en su edificio corporativo la emblem\u00e1tica estructura de calle Exposici\u00f3n 221, obra del arquitecto Boris Gui\u00f1eman y &hellip; ver m\u00e1s\" \/>\n<meta property=\"og:url\" content=\"https:\/\/colegioarquitectos.com\/noticias\/?p=30273\" \/>\n<meta property=\"og:site_name\" content=\"COLEGIO DE ARQUITECTOS DE CHILE\" \/>\n<meta property=\"article:publisher\" content=\"https:\/\/facebook.com\/Colegioarq\/\" \/>\n<meta property=\"article:published_time\" content=\"2023-05-02T15:14:01+00:00\" \/>\n<meta property=\"article:modified_time\" content=\"2023-05-23T14:41:53+00:00\" \/>\n<meta property=\"og:image\" content=\"https:\/\/colegioarquitectos.com\/noticias\/wp-content\/uploads\/2023\/05\/PORTADA-FINAL-FINAL-EDIFICIO-EFE.jpg\" \/>\n\t<meta property=\"og:image:width\" content=\"1280\" \/>\n\t<meta property=\"og:image:height\" content=\"720\" \/>\n\t<meta property=\"og:image:type\" content=\"image\/jpeg\" \/>\n<meta name=\"author\" content=\"Colegio de Arquitectos de Chile\" \/>\n<meta name=\"twitter:card\" content=\"summary_large_image\" \/>\n<meta name=\"twitter:creator\" content=\"@colegioarq\" \/>\n<meta name=\"twitter:site\" content=\"@colegioarq\" \/>\n<meta name=\"twitter:label1\" content=\"Escrito por\" \/>\n\t<meta name=\"twitter:data1\" content=\"Colegio de Arquitectos de Chile\" \/>\n\t<meta name=\"twitter:label2\" content=\"Tiempo de lectura\" \/>\n\t<meta name=\"twitter:data2\" content=\"3 minutos\" \/>\n<script type=\"application\/ld+json\" class=\"yoast-schema-graph\">{\"@context\":\"https:\/\/schema.org\",\"@graph\":[{\"@type\":\"Article\",\"@id\":\"https:\/\/colegioarquitectos.com\/noticias\/?p=30273#article\",\"isPartOf\":{\"@id\":\"https:\/\/colegioarquitectos.com\/noticias\/?p=30273\"},\"author\":{\"name\":\"Colegio de Arquitectos de Chile\",\"@id\":\"https:\/\/colegioarquitectos.com\/noticias\/#\/schema\/person\/685cc0aad148303c5608f049af8285ad\"},\"headline\":\"M\u00e1s de 20 oficinas de arquitectos presentan propuestas para concurso de recuperaci\u00f3n de emblem\u00e1tico edificio de calle Exposici\u00f3n 221\",\"datePublished\":\"2023-05-02T15:14:01+00:00\",\"dateModified\":\"2023-05-23T14:41:53+00:00\",\"mainEntityOfPage\":{\"@id\":\"https:\/\/colegioarquitectos.com\/noticias\/?p=30273\"},\"wordCount\":681,\"publisher\":{\"@id\":\"https:\/\/colegioarquitectos.com\/noticias\/#organization\"},\"image\":{\"@id\":\"https:\/\/colegioarquitectos.com\/noticias\/?p=30273#primaryimage\"},\"thumbnailUrl\":\"https:\/\/colegioarquitectos.com\/noticias\/wp-content\/uploads\/2023\/05\/PORTADA-FINAL-FINAL-EDIFICIO-EFE.jpg\",\"keywords\":[\"Barrio Estaci\u00f3n\",\"Boris Gui\u00f1eman\",\"Boris Gui\u00f1eman Waissbluth\",\"Calle Exposici\u00f3n\",\"Concurso de arquitectura\",\"EFE\",\"ex Edificio de Correos de Chile\",\"Trenes de Chile\"],\"articleSection\":[\"Concursos\",\"Noticias\"],\"inLanguage\":\"es\"},{\"@type\":\"WebPage\",\"@id\":\"https:\/\/colegioarquitectos.com\/noticias\/?p=30273\",\"url\":\"https:\/\/colegioarquitectos.com\/noticias\/?p=30273\",\"name\":\"M\u00e1s de 20 oficinas de arquitectos presentan propuestas para concurso de recuperaci\u00f3n de emblem\u00e1tico edificio de calle Exposici\u00f3n 221 - COLEGIO DE ARQUITECTOS DE CHILE\",\"isPartOf\":{\"@id\":\"https:\/\/colegioarquitectos.com\/noticias\/#website\"},\"primaryImageOfPage\":{\"@id\":\"https:\/\/colegioarquitectos.com\/noticias\/?p=30273#primaryimage\"},\"image\":{\"@id\":\"https:\/\/colegioarquitectos.com\/noticias\/?p=30273#primaryimage\"},\"thumbnailUrl\":\"https:\/\/colegioarquitectos.com\/noticias\/wp-content\/uploads\/2023\/05\/PORTADA-FINAL-FINAL-EDIFICIO-EFE.jpg\",\"datePublished\":\"2023-05-02T15:14:01+00:00\",\"dateModified\":\"2023-05-23T14:41:53+00:00\",\"breadcrumb\":{\"@id\":\"https:\/\/colegioarquitectos.com\/noticias\/?p=30273#breadcrumb\"},\"inLanguage\":\"es\",\"potentialAction\":[{\"@type\":\"ReadAction\",\"target\":[\"https:\/\/colegioarquitectos.com\/noticias\/?p=30273\"]}]},{\"@type\":\"ImageObject\",\"inLanguage\":\"es\",\"@id\":\"https:\/\/colegioarquitectos.com\/noticias\/?p=30273#primaryimage\",\"url\":\"https:\/\/colegioarquitectos.com\/noticias\/wp-content\/uploads\/2023\/05\/PORTADA-FINAL-FINAL-EDIFICIO-EFE.jpg\",\"contentUrl\":\"https:\/\/colegioarquitectos.com\/noticias\/wp-content\/uploads\/2023\/05\/PORTADA-FINAL-FINAL-EDIFICIO-EFE.jpg\",\"width\":1280,\"height\":720},{\"@type\":\"BreadcrumbList\",\"@id\":\"https:\/\/colegioarquitectos.com\/noticias\/?p=30273#breadcrumb\",\"itemListElement\":[{\"@type\":\"ListItem\",\"position\":1,\"name\":\"Portada\",\"item\":\"https:\/\/colegioarquitectos.com\/noticias\"},{\"@type\":\"ListItem\",\"position\":2,\"name\":\"M\u00e1s de 20 oficinas de arquitectos presentan propuestas para concurso de recuperaci\u00f3n de emblem\u00e1tico edificio de calle Exposici\u00f3n 221\"}]},{\"@type\":\"WebSite\",\"@id\":\"https:\/\/colegioarquitectos.com\/noticias\/#website\",\"url\":\"https:\/\/colegioarquitectos.com\/noticias\/\",\"name\":\"COLEGIO DE ARQUITECTOS DE CHILE\",\"description\":\"\",\"publisher\":{\"@id\":\"https:\/\/colegioarquitectos.com\/noticias\/#organization\"},\"potentialAction\":[{\"@type\":\"SearchAction\",\"target\":{\"@type\":\"EntryPoint\",\"urlTemplate\":\"https:\/\/colegioarquitectos.com\/noticias\/?s={search_term_string}\"},\"query-input\":{\"@type\":\"PropertyValueSpecification\",\"valueRequired\":true,\"valueName\":\"search_term_string\"}}],\"inLanguage\":\"es\"},{\"@type\":\"Organization\",\"@id\":\"https:\/\/colegioarquitectos.com\/noticias\/#organization\",\"name\":\"COLEGIO DE ARQUITECTOS DE CHILE\",\"url\":\"https:\/\/colegioarquitectos.com\/noticias\/\",\"logo\":{\"@type\":\"ImageObject\",\"inLanguage\":\"es\",\"@id\":\"https:\/\/colegioarquitectos.com\/noticias\/#\/schema\/logo\/image\/\",\"url\":\"https:\/\/colegioarquitectos.com\/noticias\/wp-content\/uploads\/2021\/05\/ENCABEZADO-LOGO-CA.jpg\",\"contentUrl\":\"https:\/\/colegioarquitectos.com\/noticias\/wp-content\/uploads\/2021\/05\/ENCABEZADO-LOGO-CA.jpg\",\"width\":690,\"height\":350,\"caption\":\"COLEGIO DE ARQUITECTOS DE CHILE\"},\"image\":{\"@id\":\"https:\/\/colegioarquitectos.com\/noticias\/#\/schema\/logo\/image\/\"},\"sameAs\":[\"https:\/\/facebook.com\/Colegioarq\/\",\"https:\/\/x.com\/colegioarq\",\"https:\/\/instagram.com\/colegioarq\",\"https:\/\/youtube.com\/@ColegiodeArquitectosdeChile\"]},{\"@type\":\"Person\",\"@id\":\"https:\/\/colegioarquitectos.com\/noticias\/#\/schema\/person\/685cc0aad148303c5608f049af8285ad\",\"name\":\"Colegio de Arquitectos de Chile\",\"url\":\"https:\/\/colegioarquitectos.com\/noticias\/?author=4\"}]}<\/script>\n<!-- \/ Yoast SEO plugin. -->","yoast_head_json":{"title":"M\u00e1s de 20 oficinas de arquitectos presentan propuestas para concurso de recuperaci\u00f3n de emblem\u00e1tico edificio de calle Exposici\u00f3n 221 - COLEGIO DE ARQUITECTOS DE CHILE","robots":{"index":"index","follow":"follow","max-snippet":"max-snippet:-1","max-image-preview":"max-image-preview:large","max-video-preview":"max-video-preview:-1"},"canonical":"https:\/\/colegioarquitectos.com\/noticias\/?p=30273","og_locale":"es_ES","og_type":"article","og_title":"M\u00e1s de 20 oficinas de arquitectos presentan propuestas para concurso de recuperaci\u00f3n de emblem\u00e1tico edificio de calle Exposici\u00f3n 221 - COLEGIO DE ARQUITECTOS DE CHILE","og_description":"Un total de 22 propuestas se recibieron en el marco del concurso de arquitectura que lleva adelante EFE Trenes de Chile para convertir en su edificio corporativo la emblem\u00e1tica estructura de calle Exposici\u00f3n 221, obra del arquitecto Boris Gui\u00f1eman y &hellip; ver m\u00e1s","og_url":"https:\/\/colegioarquitectos.com\/noticias\/?p=30273","og_site_name":"COLEGIO DE ARQUITECTOS DE CHILE","article_publisher":"https:\/\/facebook.com\/Colegioarq\/","article_published_time":"2023-05-02T15:14:01+00:00","article_modified_time":"2023-05-23T14:41:53+00:00","og_image":[{"width":1280,"height":720,"url":"https:\/\/colegioarquitectos.com\/noticias\/wp-content\/uploads\/2023\/05\/PORTADA-FINAL-FINAL-EDIFICIO-EFE.jpg","type":"image\/jpeg"}],"author":"Colegio de Arquitectos de Chile","twitter_card":"summary_large_image","twitter_creator":"@colegioarq","twitter_site":"@colegioarq","twitter_misc":{"Escrito por":"Colegio de Arquitectos de Chile","Tiempo de lectura":"3 minutos"},"schema":{"@context":"https:\/\/schema.org","@graph":[{"@type":"Article","@id":"https:\/\/colegioarquitectos.com\/noticias\/?p=30273#article","isPartOf":{"@id":"https:\/\/colegioarquitectos.com\/noticias\/?p=30273"},"author":{"name":"Colegio de Arquitectos de Chile","@id":"https:\/\/colegioarquitectos.com\/noticias\/#\/schema\/person\/685cc0aad148303c5608f049af8285ad"},"headline":"M\u00e1s de 20 oficinas de arquitectos presentan propuestas para concurso de recuperaci\u00f3n de emblem\u00e1tico edificio de calle Exposici\u00f3n 221","datePublished":"2023-05-02T15:14:01+00:00","dateModified":"2023-05-23T14:41:53+00:00","mainEntityOfPage":{"@id":"https:\/\/colegioarquitectos.com\/noticias\/?p=30273"},"wordCount":681,"publisher":{"@id":"https:\/\/colegioarquitectos.com\/noticias\/#organization"},"image":{"@id":"https:\/\/colegioarquitectos.com\/noticias\/?p=30273#primaryimage"},"thumbnailUrl":"https:\/\/colegioarquitectos.com\/noticias\/wp-content\/uploads\/2023\/05\/PORTADA-FINAL-FINAL-EDIFICIO-EFE.jpg","keywords":["Barrio Estaci\u00f3n","Boris Gui\u00f1eman","Boris Gui\u00f1eman Waissbluth","Calle Exposici\u00f3n","Concurso de arquitectura","EFE","ex Edificio de Correos de Chile","Trenes de Chile"],"articleSection":["Concursos","Noticias"],"inLanguage":"es"},{"@type":"WebPage","@id":"https:\/\/colegioarquitectos.com\/noticias\/?p=30273","url":"https:\/\/colegioarquitectos.com\/noticias\/?p=30273","name":"M\u00e1s de 20 oficinas de arquitectos presentan propuestas para concurso de recuperaci\u00f3n de emblem\u00e1tico edificio de calle Exposici\u00f3n 221 - COLEGIO DE ARQUITECTOS DE CHILE","isPartOf":{"@id":"https:\/\/colegioarquitectos.com\/noticias\/#website"},"primaryImageOfPage":{"@id":"https:\/\/colegioarquitectos.com\/noticias\/?p=30273#primaryimage"},"image":{"@id":"https:\/\/colegioarquitectos.com\/noticias\/?p=30273#primaryimage"},"thumbnailUrl":"https:\/\/colegioarquitectos.com\/noticias\/wp-content\/uploads\/2023\/05\/PORTADA-FINAL-FINAL-EDIFICIO-EFE.jpg","datePublished":"2023-05-02T15:14:01+00:00","dateModified":"2023-05-23T14:41:53+00:00","breadcrumb":{"@id":"https:\/\/colegioarquitectos.com\/noticias\/?p=30273#breadcrumb"},"inLanguage":"es","potentialAction":[{"@type":"ReadAction","target":["https:\/\/colegioarquitectos.com\/noticias\/?p=30273"]}]},{"@type":"ImageObject","inLanguage":"es","@id":"https:\/\/colegioarquitectos.com\/noticias\/?p=30273#primaryimage","url":"https:\/\/colegioarquitectos.com\/noticias\/wp-content\/uploads\/2023\/05\/PORTADA-FINAL-FINAL-EDIFICIO-EFE.jpg","contentUrl":"https:\/\/colegioarquitectos.com\/noticias\/wp-content\/uploads\/2023\/05\/PORTADA-FINAL-FINAL-EDIFICIO-EFE.jpg","width":1280,"height":720},{"@type":"BreadcrumbList","@id":"https:\/\/colegioarquitectos.com\/noticias\/?p=30273#breadcrumb","itemListElement":[{"@type":"ListItem","position":1,"name":"Portada","item":"https:\/\/colegioarquitectos.com\/noticias"},{"@type":"ListItem","position":2,"name":"M\u00e1s de 20 oficinas de arquitectos presentan propuestas para concurso de recuperaci\u00f3n de emblem\u00e1tico edificio de calle Exposici\u00f3n 221"}]},{"@type":"WebSite","@id":"https:\/\/colegioarquitectos.com\/noticias\/#website","url":"https:\/\/colegioarquitectos.com\/noticias\/","name":"COLEGIO DE ARQUITECTOS DE CHILE","description":"","publisher":{"@id":"https:\/\/colegioarquitectos.com\/noticias\/#organization"},"potentialAction":[{"@type":"SearchAction","target":{"@type":"EntryPoint","urlTemplate":"https:\/\/colegioarquitectos.com\/noticias\/?s={search_term_string}"},"query-input":{"@type":"PropertyValueSpecification","valueRequired":true,"valueName":"search_term_string"}}],"inLanguage":"es"},{"@type":"Organization","@id":"https:\/\/colegioarquitectos.com\/noticias\/#organization","name":"COLEGIO DE ARQUITECTOS DE CHILE","url":"https:\/\/colegioarquitectos.com\/noticias\/","logo":{"@type":"ImageObject","inLanguage":"es","@id":"https:\/\/colegioarquitectos.com\/noticias\/#\/schema\/logo\/image\/","url":"https:\/\/colegioarquitectos.com\/noticias\/wp-content\/uploads\/2021\/05\/ENCABEZADO-LOGO-CA.jpg","contentUrl":"https:\/\/colegioarquitectos.com\/noticias\/wp-content\/uploads\/2021\/05\/ENCABEZADO-LOGO-CA.jpg","width":690,"height":350,"caption":"COLEGIO DE ARQUITECTOS DE CHILE"},"image":{"@id":"https:\/\/colegioarquitectos.com\/noticias\/#\/schema\/logo\/image\/"},"sameAs":["https:\/\/facebook.com\/Colegioarq\/","https:\/\/x.com\/colegioarq","https:\/\/instagram.com\/colegioarq","https:\/\/youtube.com\/@ColegiodeArquitectosdeChile"]},{"@type":"Person","@id":"https:\/\/colegioarquitectos.com\/noticias\/#\/schema\/person\/685cc0aad148303c5608f049af8285ad","name":"Colegio de Arquitectos de Chile","url":"https:\/\/colegioarquitectos.com\/noticias\/?author=4"}]}},"_links":{"self":[{"href":"https:\/\/colegioarquitectos.com\/noticias\/index.php?rest_route=\/wp\/v2\/posts\/30273","targetHints":{"allow":["GET"]}}],"collection":[{"href":"https:\/\/colegioarquitectos.com\/noticias\/index.php?rest_route=\/wp\/v2\/posts"}],"about":[{"href":"https:\/\/colegioarquitectos.com\/noticias\/index.php?rest_route=\/wp\/v2\/types\/post"}],"author":[{"embeddable":true,"href":"https:\/\/colegioarquitectos.com\/noticias\/index.php?rest_route=\/wp\/v2\/users\/4"}],"replies":[{"embeddable":true,"href":"https:\/\/colegioarquitectos.com\/noticias\/index.php?rest_route=%2Fwp%2Fv2%2Fcomments&post=30273"}],"version-history":[{"count":0,"href":"https:\/\/colegioarquitectos.com\/noticias\/index.php?rest_route=\/wp\/v2\/posts\/30273\/revisions"}],"wp:featuredmedia":[{"embeddable":true,"href":"https:\/\/colegioarquitectos.com\/noticias\/index.php?rest_route=\/wp\/v2\/media\/30277"}],"wp:attachment":[{"href":"https:\/\/colegioarquitectos.com\/noticias\/index.php?rest_route=%2Fwp%2Fv2%2Fmedia&parent=30273"}],"wp:term":[{"taxonomy":"category","embeddable":true,"href":"https:\/\/colegioarquitectos.com\/noticias\/index.php?rest_route=%2Fwp%2Fv2%2Fcategories&post=30273"},{"taxonomy":"post_tag","embeddable":true,"href":"https:\/\/colegioarquitectos.com\/noticias\/index.php?rest_route=%2Fwp%2Fv2%2Ftags&post=30273"}],"curies":[{"name":"wp","href":"https:\/\/api.w.org\/{rel}","templated":true}]}}