
{"id":30289,"date":"2023-05-09T13:23:13","date_gmt":"2023-05-09T17:23:13","guid":{"rendered":"https:\/\/colegioarquitectos.com\/?p=30289"},"modified":"2023-05-09T13:23:13","modified_gmt":"2023-05-09T17:23:13","slug":"participa-del-seminario-de-accesibilidad-universal-de-la-facultad-de-arquitectura-de-la-universidad-del-desarrollo","status":"publish","type":"post","link":"https:\/\/colegioarquitectos.com\/noticias\/?p=30289","title":{"rendered":"Participa del Seminario de Accesibilidad Universal de la Facultad de Arquitectura de la Universidad del Desarrollo"},"content":{"rendered":"<p>El pr\u00f3ximo <strong>martes 16 de mayo<\/strong> desde las <strong>09.30 a las 12.30 horas<\/strong> se realizar\u00e1 en la sede de la <strong>Organizaci\u00f3n Internacional del Trabajo (OIT)<\/strong> (calle <strong>Dag Hammarskjold 3177, Vitacura<\/strong>) el <strong>Seminario de Accesibilidad Universal<\/strong>, organizado por la <strong>Facultad de Arquitectura de la Universidad del Desarrollo<\/strong>.<\/p>\n<p>El Seminario de Accesibilidad Universal, abre un <strong>espacio de conversaci\u00f3n y reflexi\u00f3n acerca de la importancia de tener espacios y entornos accesibles e inclusivos<\/strong>, contando con la participaci\u00f3n de importantes exponentes del \u00e1mbito nacional e internacional.<\/p>\n<p>En la instancia, tambi\u00e9n se realizar\u00e1 el lanzamiento del <strong>Diplomado de Accesibilidad Universal \u00abCiudades para todos\u00bb<\/strong>, el cual ha sido desarrollado conjuntamente por la Facultad de Arquitectura de la Universidad del Desarrollo y la ONG Incluye 360, y <strong>cuenta con el patrocinio del Colegio de Arquitectos de Chile y de la Organizaci\u00f3n Internacional del Trabajo<\/strong>.<\/p>\n<p>Dentro de los docentes del Diplomado, se encuentra <strong>Cecilia Leiva<\/strong>, ex presidenta del nuestro <strong>Comit\u00e9 de Coordinaci\u00f3n de Accesibilidad Universal<\/strong>. <a href=\"https:\/\/colegioarquitectos.com\/noticias\/?page_id=16300&amp;SingleProduct=43\"><strong>Por otra parte, nuestros colegiados y colegiadas podr\u00e1n contar con un descuento de un 25% al inscribirse<\/strong><\/a>.<\/p>\n<p>&nbsp;<\/p>\n<h4>Inscripciones Seminario\u00a0de Accesibilidad Universal<\/h4>\n<hr \/>\n<p>Puedes inscribirte en el Seminario de Accesibilidad Universal <strong><a href=\"https:\/\/arquitectura.udd.cl\/ver-seminario\/seminario-accesibilidad-universal-2\/#!\/inscripcion\/\">ac\u00e1<\/a><\/strong>.<\/p>\n<p>&nbsp;<\/p>\n<p>&nbsp;<\/p>\n<h4>Inscripciones Diplomado de Accesibilidad Universal \u00abCiudades para todos\u00bb<\/h4>\n<hr \/>\n<p>Puedes inscribirte en el Diplomado de Accesibilidad Universal \u00abCiudades para todos\u00bb <a href=\"https:\/\/arquitectura.udd.cl\/ver-diplomado\/diplomado-de-accesibilidad-universal-ciudades-para-todos\/\"><strong>ac\u00e1<\/strong><\/a>.<\/p>\n<p>&nbsp;<\/p>\n<p><\/p>","protected":false},"excerpt":{"rendered":"<p>El pr\u00f3ximo martes 16 de mayo desde las 09.30 a las 12.30 horas se realizar\u00e1 en la sede de la Organizaci\u00f3n Internacional del Trabajo (OIT) (calle Dag Hammarskjold 3177, Vitacura) el Seminario de Accesibilidad Universal, organizado por la Facultad de &hellip; <a class=\"more-link\" href=\"https:\/\/colegioarquitectos.com\/noticias\/?p=30289\">ver m\u00e1s<\/a><\/p>","protected":false},"author":4,"featured_media":30290,"comment_status":"closed","ping_status":"closed","sticky":false,"template":"","format":"standard","meta":{"footnotes":""},"categories":[19],"tags":[338,340,70,343,342,341,306,339],"class_list":["post-30289","post","type-post","status-publish","format-standard","has-post-thumbnail","hentry","category-actividades","tag-accesibilidad-universal","tag-comite-de-coordinacion-de-accesibilidad-universal","tag-diplomado","tag-incluye-360","tag-oit","tag-organizacion-internacional-del-trabajo","tag-seminario","tag-universidad-del-desarrollo"],"yoast_head":"<!-- This site is optimized with the Yoast SEO plugin v24.2 - https:\/\/yoast.com\/wordpress\/plugins\/seo\/ -->\n<title>Participa del Seminario de Accesibilidad Universal de la Facultad de Arquitectura de la Universidad del Desarrollo - COLEGIO DE ARQUITECTOS DE CHILE<\/title>\n<meta name=\"robots\" content=\"index, follow, max-snippet:-1, max-image-preview:large, max-video-preview:-1\" \/>\n<link rel=\"canonical\" href=\"https:\/\/colegioarquitectos.com\/noticias\/?p=30289\" \/>\n<meta property=\"og:locale\" content=\"es_ES\" \/>\n<meta property=\"og:type\" content=\"article\" \/>\n<meta property=\"og:title\" content=\"Participa del Seminario de Accesibilidad Universal de la Facultad de Arquitectura de la Universidad del Desarrollo - COLEGIO DE ARQUITECTOS DE CHILE\" \/>\n<meta property=\"og:description\" content=\"El pr\u00f3ximo martes 16 de mayo desde las 09.30 a las 12.30 horas se realizar\u00e1 en la sede de la Organizaci\u00f3n Internacional del Trabajo (OIT) (calle Dag Hammarskjold 3177, Vitacura) el Seminario de Accesibilidad Universal, organizado por la Facultad de &hellip; ver m\u00e1s\" \/>\n<meta property=\"og:url\" content=\"https:\/\/colegioarquitectos.com\/noticias\/?p=30289\" \/>\n<meta property=\"og:site_name\" content=\"COLEGIO DE ARQUITECTOS DE CHILE\" \/>\n<meta property=\"article:publisher\" content=\"https:\/\/facebook.com\/Colegioarq\/\" \/>\n<meta property=\"article:published_time\" content=\"2023-05-09T17:23:13+00:00\" \/>\n<meta property=\"og:image\" content=\"https:\/\/colegioarquitectos.com\/noticias\/wp-content\/uploads\/2023\/05\/ENCABEZADO-SEMINARIO.jpg\" \/>\n\t<meta property=\"og:image:width\" content=\"1280\" \/>\n\t<meta property=\"og:image:height\" content=\"720\" \/>\n\t<meta property=\"og:image:type\" content=\"image\/jpeg\" \/>\n<meta name=\"author\" content=\"Colegio de Arquitectos de Chile\" \/>\n<meta name=\"twitter:card\" content=\"summary_large_image\" \/>\n<meta name=\"twitter:creator\" content=\"@colegioarq\" \/>\n<meta name=\"twitter:site\" content=\"@colegioarq\" \/>\n<meta name=\"twitter:label1\" content=\"Escrito por\" \/>\n\t<meta name=\"twitter:data1\" content=\"Colegio de Arquitectos de Chile\" \/>\n\t<meta name=\"twitter:label2\" content=\"Tiempo de lectura\" \/>\n\t<meta name=\"twitter:data2\" content=\"1 minuto\" \/>\n<script type=\"application\/ld+json\" class=\"yoast-schema-graph\">{\"@context\":\"https:\/\/schema.org\",\"@graph\":[{\"@type\":\"Article\",\"@id\":\"https:\/\/colegioarquitectos.com\/noticias\/?p=30289#article\",\"isPartOf\":{\"@id\":\"https:\/\/colegioarquitectos.com\/noticias\/?p=30289\"},\"author\":{\"name\":\"Colegio de Arquitectos de Chile\",\"@id\":\"https:\/\/colegioarquitectos.com\/noticias\/#\/schema\/person\/685cc0aad148303c5608f049af8285ad\"},\"headline\":\"Participa del Seminario de Accesibilidad Universal de la Facultad de Arquitectura de la Universidad del Desarrollo\",\"datePublished\":\"2023-05-09T17:23:13+00:00\",\"dateModified\":\"2023-05-09T17:23:13+00:00\",\"mainEntityOfPage\":{\"@id\":\"https:\/\/colegioarquitectos.com\/noticias\/?p=30289\"},\"wordCount\":231,\"publisher\":{\"@id\":\"https:\/\/colegioarquitectos.com\/noticias\/#organization\"},\"image\":{\"@id\":\"https:\/\/colegioarquitectos.com\/noticias\/?p=30289#primaryimage\"},\"thumbnailUrl\":\"https:\/\/colegioarquitectos.com\/noticias\/wp-content\/uploads\/2023\/05\/ENCABEZADO-SEMINARIO.jpg\",\"keywords\":[\"Accesibilidad Universal\",\"Comit\u00e9 de Coordinaci\u00f3n de Accesibilidad Universal\",\"diplomado\",\"Incluye 360\",\"OIT\",\"Organizaci\u00f3n Internacional del Trabajo\",\"Seminario\",\"Universidad del Desarrollo\"],\"articleSection\":[\"Actividades\"],\"inLanguage\":\"es\"},{\"@type\":\"WebPage\",\"@id\":\"https:\/\/colegioarquitectos.com\/noticias\/?p=30289\",\"url\":\"https:\/\/colegioarquitectos.com\/noticias\/?p=30289\",\"name\":\"Participa del Seminario de Accesibilidad Universal de la Facultad de Arquitectura de la Universidad del Desarrollo - COLEGIO DE ARQUITECTOS DE CHILE\",\"isPartOf\":{\"@id\":\"https:\/\/colegioarquitectos.com\/noticias\/#website\"},\"primaryImageOfPage\":{\"@id\":\"https:\/\/colegioarquitectos.com\/noticias\/?p=30289#primaryimage\"},\"image\":{\"@id\":\"https:\/\/colegioarquitectos.com\/noticias\/?p=30289#primaryimage\"},\"thumbnailUrl\":\"https:\/\/colegioarquitectos.com\/noticias\/wp-content\/uploads\/2023\/05\/ENCABEZADO-SEMINARIO.jpg\",\"datePublished\":\"2023-05-09T17:23:13+00:00\",\"dateModified\":\"2023-05-09T17:23:13+00:00\",\"breadcrumb\":{\"@id\":\"https:\/\/colegioarquitectos.com\/noticias\/?p=30289#breadcrumb\"},\"inLanguage\":\"es\",\"potentialAction\":[{\"@type\":\"ReadAction\",\"target\":[\"https:\/\/colegioarquitectos.com\/noticias\/?p=30289\"]}]},{\"@type\":\"ImageObject\",\"inLanguage\":\"es\",\"@id\":\"https:\/\/colegioarquitectos.com\/noticias\/?p=30289#primaryimage\",\"url\":\"https:\/\/colegioarquitectos.com\/noticias\/wp-content\/uploads\/2023\/05\/ENCABEZADO-SEMINARIO.jpg\",\"contentUrl\":\"https:\/\/colegioarquitectos.com\/noticias\/wp-content\/uploads\/2023\/05\/ENCABEZADO-SEMINARIO.jpg\",\"width\":1280,\"height\":720},{\"@type\":\"BreadcrumbList\",\"@id\":\"https:\/\/colegioarquitectos.com\/noticias\/?p=30289#breadcrumb\",\"itemListElement\":[{\"@type\":\"ListItem\",\"position\":1,\"name\":\"Portada\",\"item\":\"https:\/\/colegioarquitectos.com\/noticias\"},{\"@type\":\"ListItem\",\"position\":2,\"name\":\"Participa del Seminario de Accesibilidad Universal de la Facultad de Arquitectura de la Universidad del Desarrollo\"}]},{\"@type\":\"WebSite\",\"@id\":\"https:\/\/colegioarquitectos.com\/noticias\/#website\",\"url\":\"https:\/\/colegioarquitectos.com\/noticias\/\",\"name\":\"COLEGIO DE ARQUITECTOS DE CHILE\",\"description\":\"\",\"publisher\":{\"@id\":\"https:\/\/colegioarquitectos.com\/noticias\/#organization\"},\"potentialAction\":[{\"@type\":\"SearchAction\",\"target\":{\"@type\":\"EntryPoint\",\"urlTemplate\":\"https:\/\/colegioarquitectos.com\/noticias\/?s={search_term_string}\"},\"query-input\":{\"@type\":\"PropertyValueSpecification\",\"valueRequired\":true,\"valueName\":\"search_term_string\"}}],\"inLanguage\":\"es\"},{\"@type\":\"Organization\",\"@id\":\"https:\/\/colegioarquitectos.com\/noticias\/#organization\",\"name\":\"COLEGIO DE ARQUITECTOS DE CHILE\",\"url\":\"https:\/\/colegioarquitectos.com\/noticias\/\",\"logo\":{\"@type\":\"ImageObject\",\"inLanguage\":\"es\",\"@id\":\"https:\/\/colegioarquitectos.com\/noticias\/#\/schema\/logo\/image\/\",\"url\":\"https:\/\/colegioarquitectos.com\/noticias\/wp-content\/uploads\/2021\/05\/ENCABEZADO-LOGO-CA.jpg\",\"contentUrl\":\"https:\/\/colegioarquitectos.com\/noticias\/wp-content\/uploads\/2021\/05\/ENCABEZADO-LOGO-CA.jpg\",\"width\":690,\"height\":350,\"caption\":\"COLEGIO DE ARQUITECTOS DE CHILE\"},\"image\":{\"@id\":\"https:\/\/colegioarquitectos.com\/noticias\/#\/schema\/logo\/image\/\"},\"sameAs\":[\"https:\/\/facebook.com\/Colegioarq\/\",\"https:\/\/x.com\/colegioarq\",\"https:\/\/instagram.com\/colegioarq\",\"https:\/\/youtube.com\/@ColegiodeArquitectosdeChile\"]},{\"@type\":\"Person\",\"@id\":\"https:\/\/colegioarquitectos.com\/noticias\/#\/schema\/person\/685cc0aad148303c5608f049af8285ad\",\"name\":\"Colegio de Arquitectos de Chile\",\"url\":\"https:\/\/colegioarquitectos.com\/noticias\/?author=4\"}]}<\/script>\n<!-- \/ Yoast SEO plugin. -->","yoast_head_json":{"title":"Participa del Seminario de Accesibilidad Universal de la Facultad de Arquitectura de la Universidad del Desarrollo - COLEGIO DE ARQUITECTOS DE CHILE","robots":{"index":"index","follow":"follow","max-snippet":"max-snippet:-1","max-image-preview":"max-image-preview:large","max-video-preview":"max-video-preview:-1"},"canonical":"https:\/\/colegioarquitectos.com\/noticias\/?p=30289","og_locale":"es_ES","og_type":"article","og_title":"Participa del Seminario de Accesibilidad Universal de la Facultad de Arquitectura de la Universidad del Desarrollo - COLEGIO DE ARQUITECTOS DE CHILE","og_description":"El pr\u00f3ximo martes 16 de mayo desde las 09.30 a las 12.30 horas se realizar\u00e1 en la sede de la Organizaci\u00f3n Internacional del Trabajo (OIT) (calle Dag Hammarskjold 3177, Vitacura) el Seminario de Accesibilidad Universal, organizado por la Facultad de &hellip; ver m\u00e1s","og_url":"https:\/\/colegioarquitectos.com\/noticias\/?p=30289","og_site_name":"COLEGIO DE ARQUITECTOS DE CHILE","article_publisher":"https:\/\/facebook.com\/Colegioarq\/","article_published_time":"2023-05-09T17:23:13+00:00","og_image":[{"width":1280,"height":720,"url":"https:\/\/colegioarquitectos.com\/noticias\/wp-content\/uploads\/2023\/05\/ENCABEZADO-SEMINARIO.jpg","type":"image\/jpeg"}],"author":"Colegio de Arquitectos de Chile","twitter_card":"summary_large_image","twitter_creator":"@colegioarq","twitter_site":"@colegioarq","twitter_misc":{"Escrito por":"Colegio de Arquitectos de Chile","Tiempo de lectura":"1 minuto"},"schema":{"@context":"https:\/\/schema.org","@graph":[{"@type":"Article","@id":"https:\/\/colegioarquitectos.com\/noticias\/?p=30289#article","isPartOf":{"@id":"https:\/\/colegioarquitectos.com\/noticias\/?p=30289"},"author":{"name":"Colegio de Arquitectos de Chile","@id":"https:\/\/colegioarquitectos.com\/noticias\/#\/schema\/person\/685cc0aad148303c5608f049af8285ad"},"headline":"Participa del Seminario de Accesibilidad Universal de la Facultad de Arquitectura de la Universidad del Desarrollo","datePublished":"2023-05-09T17:23:13+00:00","dateModified":"2023-05-09T17:23:13+00:00","mainEntityOfPage":{"@id":"https:\/\/colegioarquitectos.com\/noticias\/?p=30289"},"wordCount":231,"publisher":{"@id":"https:\/\/colegioarquitectos.com\/noticias\/#organization"},"image":{"@id":"https:\/\/colegioarquitectos.com\/noticias\/?p=30289#primaryimage"},"thumbnailUrl":"https:\/\/colegioarquitectos.com\/noticias\/wp-content\/uploads\/2023\/05\/ENCABEZADO-SEMINARIO.jpg","keywords":["Accesibilidad Universal","Comit\u00e9 de Coordinaci\u00f3n de Accesibilidad Universal","diplomado","Incluye 360","OIT","Organizaci\u00f3n Internacional del Trabajo","Seminario","Universidad del Desarrollo"],"articleSection":["Actividades"],"inLanguage":"es"},{"@type":"WebPage","@id":"https:\/\/colegioarquitectos.com\/noticias\/?p=30289","url":"https:\/\/colegioarquitectos.com\/noticias\/?p=30289","name":"Participa del Seminario de Accesibilidad Universal de la Facultad de Arquitectura de la Universidad del Desarrollo - COLEGIO DE ARQUITECTOS DE CHILE","isPartOf":{"@id":"https:\/\/colegioarquitectos.com\/noticias\/#website"},"primaryImageOfPage":{"@id":"https:\/\/colegioarquitectos.com\/noticias\/?p=30289#primaryimage"},"image":{"@id":"https:\/\/colegioarquitectos.com\/noticias\/?p=30289#primaryimage"},"thumbnailUrl":"https:\/\/colegioarquitectos.com\/noticias\/wp-content\/uploads\/2023\/05\/ENCABEZADO-SEMINARIO.jpg","datePublished":"2023-05-09T17:23:13+00:00","dateModified":"2023-05-09T17:23:13+00:00","breadcrumb":{"@id":"https:\/\/colegioarquitectos.com\/noticias\/?p=30289#breadcrumb"},"inLanguage":"es","potentialAction":[{"@type":"ReadAction","target":["https:\/\/colegioarquitectos.com\/noticias\/?p=30289"]}]},{"@type":"ImageObject","inLanguage":"es","@id":"https:\/\/colegioarquitectos.com\/noticias\/?p=30289#primaryimage","url":"https:\/\/colegioarquitectos.com\/noticias\/wp-content\/uploads\/2023\/05\/ENCABEZADO-SEMINARIO.jpg","contentUrl":"https:\/\/colegioarquitectos.com\/noticias\/wp-content\/uploads\/2023\/05\/ENCABEZADO-SEMINARIO.jpg","width":1280,"height":720},{"@type":"BreadcrumbList","@id":"https:\/\/colegioarquitectos.com\/noticias\/?p=30289#breadcrumb","itemListElement":[{"@type":"ListItem","position":1,"name":"Portada","item":"https:\/\/colegioarquitectos.com\/noticias"},{"@type":"ListItem","position":2,"name":"Participa del Seminario de Accesibilidad Universal de la Facultad de Arquitectura de la Universidad del Desarrollo"}]},{"@type":"WebSite","@id":"https:\/\/colegioarquitectos.com\/noticias\/#website","url":"https:\/\/colegioarquitectos.com\/noticias\/","name":"COLEGIO DE ARQUITECTOS DE CHILE","description":"","publisher":{"@id":"https:\/\/colegioarquitectos.com\/noticias\/#organization"},"potentialAction":[{"@type":"SearchAction","target":{"@type":"EntryPoint","urlTemplate":"https:\/\/colegioarquitectos.com\/noticias\/?s={search_term_string}"},"query-input":{"@type":"PropertyValueSpecification","valueRequired":true,"valueName":"search_term_string"}}],"inLanguage":"es"},{"@type":"Organization","@id":"https:\/\/colegioarquitectos.com\/noticias\/#organization","name":"COLEGIO DE ARQUITECTOS DE CHILE","url":"https:\/\/colegioarquitectos.com\/noticias\/","logo":{"@type":"ImageObject","inLanguage":"es","@id":"https:\/\/colegioarquitectos.com\/noticias\/#\/schema\/logo\/image\/","url":"https:\/\/colegioarquitectos.com\/noticias\/wp-content\/uploads\/2021\/05\/ENCABEZADO-LOGO-CA.jpg","contentUrl":"https:\/\/colegioarquitectos.com\/noticias\/wp-content\/uploads\/2021\/05\/ENCABEZADO-LOGO-CA.jpg","width":690,"height":350,"caption":"COLEGIO DE ARQUITECTOS DE CHILE"},"image":{"@id":"https:\/\/colegioarquitectos.com\/noticias\/#\/schema\/logo\/image\/"},"sameAs":["https:\/\/facebook.com\/Colegioarq\/","https:\/\/x.com\/colegioarq","https:\/\/instagram.com\/colegioarq","https:\/\/youtube.com\/@ColegiodeArquitectosdeChile"]},{"@type":"Person","@id":"https:\/\/colegioarquitectos.com\/noticias\/#\/schema\/person\/685cc0aad148303c5608f049af8285ad","name":"Colegio de Arquitectos de Chile","url":"https:\/\/colegioarquitectos.com\/noticias\/?author=4"}]}},"_links":{"self":[{"href":"https:\/\/colegioarquitectos.com\/noticias\/index.php?rest_route=\/wp\/v2\/posts\/30289","targetHints":{"allow":["GET"]}}],"collection":[{"href":"https:\/\/colegioarquitectos.com\/noticias\/index.php?rest_route=\/wp\/v2\/posts"}],"about":[{"href":"https:\/\/colegioarquitectos.com\/noticias\/index.php?rest_route=\/wp\/v2\/types\/post"}],"author":[{"embeddable":true,"href":"https:\/\/colegioarquitectos.com\/noticias\/index.php?rest_route=\/wp\/v2\/users\/4"}],"replies":[{"embeddable":true,"href":"https:\/\/colegioarquitectos.com\/noticias\/index.php?rest_route=%2Fwp%2Fv2%2Fcomments&post=30289"}],"version-history":[{"count":0,"href":"https:\/\/colegioarquitectos.com\/noticias\/index.php?rest_route=\/wp\/v2\/posts\/30289\/revisions"}],"wp:featuredmedia":[{"embeddable":true,"href":"https:\/\/colegioarquitectos.com\/noticias\/index.php?rest_route=\/wp\/v2\/media\/30290"}],"wp:attachment":[{"href":"https:\/\/colegioarquitectos.com\/noticias\/index.php?rest_route=%2Fwp%2Fv2%2Fmedia&parent=30289"}],"wp:term":[{"taxonomy":"category","embeddable":true,"href":"https:\/\/colegioarquitectos.com\/noticias\/index.php?rest_route=%2Fwp%2Fv2%2Fcategories&post=30289"},{"taxonomy":"post_tag","embeddable":true,"href":"https:\/\/colegioarquitectos.com\/noticias\/index.php?rest_route=%2Fwp%2Fv2%2Ftags&post=30289"}],"curies":[{"name":"wp","href":"https:\/\/api.w.org\/{rel}","templated":true}]}}