
{"id":30382,"date":"2023-05-26T12:15:45","date_gmt":"2023-05-26T16:15:45","guid":{"rendered":"https:\/\/colegioarquitectos.com\/?p=30382"},"modified":"2023-05-26T12:15:45","modified_gmt":"2023-05-26T16:15:45","slug":"madera21-de-corma-invita-a-participar-en-el-vii-concurso-de-obras-de-arquitectura-2023","status":"publish","type":"post","link":"https:\/\/colegioarquitectos.com\/noticias\/?p=30382","title":{"rendered":"Madera21 de CORMA invita a participar en el VII Concurso de Obras de Arquitectura 2023"},"content":{"rendered":"<p><strong>Gonzalo Mardones Viviani<\/strong> es el <strong>Director del VII Concurso Obras de Arquitectura en madera organizado por Madera21 de Corma<\/strong>. El destacado arquitecto chileno fue incluido como <strong>Miembro de Honor del American Institute of Architects (Estados Unidos)<\/strong> y <strong>este 2023 la revista Architectural Digest lo incluy\u00f3 en la lista de los 100 arquitectos latinoamericanos del a\u00f1o<\/strong>. Su obra <strong>Jard\u00edn Infantil Bamb\u00fa<\/strong>, premiada en la Semana de la Madera del a\u00f1o pasado, tambi\u00e9n<strong> fue\u00a0 galardonada en la Bienal de Buenos Aires y de Padua por la excelencia de su propuesta<\/strong>.<\/p>\n<p>Para el profesional, la construcci\u00f3n en madera y este certamen responde a un tiempo crucial en el planeta: \u00abEn medio de la emergencia del cambio clim\u00e1tico y el consecuente calentamiento global, <strong>este concurso de obras en madera desarrolladas en Latinoam\u00e9rica nos invita a conocer, debatir y premiar los avances de las profundas ra\u00edces culturales y\u00a0 tecnol\u00f3gicos en el buen empleo de este noble material<\/strong>\u00bb, se\u00f1al\u00f3.<\/p>\n<p>En esta nueva versi\u00f3n el certamen organizado por Madera21 de CORMA quiere <strong>premiar la excelencia de las obras construidas en madera, que presenten componentes innovadores y un destacado desempe\u00f1o t\u00e9cnico en la utilizaci\u00f3n del material<\/strong>.<\/p>\n<p>\u00abSe premiar\u00e1n las obras que a juicio del jurado se destaquen por su innovaci\u00f3n, calidad, originalidad y creatividad en la utilizaci\u00f3n de la madera y los aspectos de sostenibilidad propio del proyecto arquitect\u00f3nico\u00bb,\u00a0 puntualiz\u00f3 Mardones.<\/p>\n<p>&nbsp;<\/p>\n<div id=\"attachment_30384\" style=\"width: 1696px\" class=\"wp-caption aligncenter\"><img loading=\"lazy\" decoding=\"async\" aria-describedby=\"caption-attachment-30384\" class=\"size-full wp-image-30384\" src=\"https:\/\/colegioarquitectos.com\/noticias\/wp-content\/uploads\/2023\/05\/GMV.jpg\" alt=\"\" width=\"1686\" height=\"1291\" srcset=\"https:\/\/colegioarquitectos.com\/noticias\/wp-content\/uploads\/2023\/05\/GMV.jpg 1686w, https:\/\/colegioarquitectos.com\/noticias\/wp-content\/uploads\/2023\/05\/GMV-300x230.jpg 300w, https:\/\/colegioarquitectos.com\/noticias\/wp-content\/uploads\/2023\/05\/GMV-768x588.jpg 768w, https:\/\/colegioarquitectos.com\/noticias\/wp-content\/uploads\/2023\/05\/GMV-1024x784.jpg 1024w\" sizes=\"auto, (max-width: 1686px) 100vw, 1686px\" \/><p id=\"caption-attachment-30384\" class=\"wp-caption-text\">Gonzalo Mardones Viviani, Director del VII Concurso Obras de Arquitectura en madera organizado por Madera21 de Corma<\/p><\/div>\n<p>&nbsp;<\/p>\n<p>Adem\u00e1s del Director del concurso Gonzalo Mardones participan como jurado los prestigiosos\u00a0 arquitectos <strong>Juan Ignacio Baixas, Luis Izquierdo, Francisca Pulido, Albert Tidy <\/strong>y<strong> Cristi\u00e1n Undurraga<\/strong>.<\/p>\n<p><strong>Juan Ignacio Baixas<\/strong> es Arquitecto UC (1968) con estudios de Post\u00edtulo en Francia bajo la direcci\u00f3n de Jean Prouv\u00e9. Fue reconocido con el Premio Ferm\u00edn Vivaceta 2006 del Colegio de Arquitectos de Chile y Presidente de la XVI Bienal de Arquitectura de Chile en 2008. Su obra Casa en La Dehesa y el mueble Silla Puzzle forman parte desde 2015, de la colecci\u00f3n permanente del Museo de Arte moderno de Nueva York (MoMA). Actualmente es profesor de la Escuela de Arquitectura de la Universidad Cat\u00f3lica.<\/p>\n<p><strong>Luis Izquierdo Wachholtz<\/strong>, arquitecto UC, Premio Nacional de Arquitectura 2004, ha proyectado diversas obras durante m\u00e1s de 30 a\u00f1os de ejercicio de la profesi\u00f3n como el edificio corporativo de Gasco y la casa matriz ejecutada en madera, en la ciudad de los \u00c1ngeles de CMPC. Su trabajo ha sido publicado en medios especializados nacionales y extranjeros, y presentados en Bienales de Arquitectura en Santiago, Buenos Aires y Quito, en Madrid, en el GSD de la Universidad de Harvard, Sao Paulo, Nueva York y el Museo de Arte Moderno de Nueva York.<\/p>\n<p><strong>Francisca Pulido<\/strong>,\u00a0 Arquitecta (UFT) y acad\u00e9mica chilena, destacada por sus obras construidas en Chile y el resto de Am\u00e9rica, M\u00e9xico, Guatemala, Per\u00fa y Estados Unidos.<\/p>\n<p>Pulido ha sido profesora en la Universidad Finis Terrae, Universidad Andr\u00e9s Bello, Universidad de Talca, Universidad del Desarrollo y Universidad Mayor en Chile y en la IUAV de Venecia, Italia.\u00a0 Directora del Congreso ARQUINE en Chile en las ediciones 2014 y 2016. Asimismo, fue la directora de la Muestra Profesional de la XIX Bienal de Arquitectura de Chile en 2015. Actualmente es Directora de Postgrado y Educaci\u00f3n Continua de la Facultad de Arquitectura y Dise\u00f1o de la Universidad Finis Terrae.<\/p>\n<p><strong>Albert Tidy<\/strong> es arquitecto (UCH), M\u00e1ster de Arquitectura en la Universidad de Yale en 1998. Encabeza la oficina Albert Tidy Arquitectos, cuyo trabajo se enfoca principalmente en la vivienda, arquitectura interior, edificios p\u00fablicos y privados. Fue decano de la facultad de arquitectura de la U. San Sebasti\u00e1n y actualmente es profesor titular en la Facultad de Arquitectura y Urbanismo de la Universidad de Chile. Recientemente public\u00f3 Albert Tidy Arquitectos con las obras ejecutadas en sus m\u00e1s de 20 a\u00f1os de trayectoria.<\/p>\n<p>El arquitecto UC <strong>Cristi\u00e1n Undurraga<\/strong>, fue distinguido por la Fundaci\u00f3n Futuro por sus proyectos Plaza de la Constituci\u00f3n y Plaza de la Ciudadan\u00eda ubicadas a ambos costados del Palacio de la Moneda, en el Barrio C\u00edvico de Santiago. Fue el encargado de dise\u00f1ar el pabell\u00f3n de Chile en la Expo 2015 celebrada en Mil\u00e1n, en 2005 gan\u00f3 la Medalla de Oro en la Bienal Internacional de Miami, por el proyecto de La Casa del Lago. Miembro honorario del American Institute of Arts desde 2009; ha sido profesor, en periodos alternos, en la Escuela de Arquitectura UC entre 1985 y 2016, y desde 2017 es profesor invitado del Polit\u00e9cnico de Mil\u00e1n.<\/p>\n<p>Las bases ya est\u00e1n disponibles para que arquitectos, estudios y oficinas de Chile y Latinoam\u00e9rica puedan postular al concurso.<\/p>\n<p>\u00ab<strong>Invitamos a todos los arquitectos de Chile y del extranjero a enviarnos sus obras construidas en Latinoam\u00e9rica en esta \u00faltima d\u00e9cada las que ser\u00e1n expuestas durante\u00a0 la semana de la madera en septiembre de este a\u00f1o<\/strong>\u00bb, convoc\u00f3 Gonzalo Mardones.<\/p>\n<p>La inscripci\u00f3n y presentaci\u00f3n es gratuita y la formalizaci\u00f3n supone la aceptaci\u00f3n de las <a href=\"https:\/\/www.madera21.cl\/wp-content\/uploads\/2023\/05\/Bases-VII-Concurso-Obras-Arquitectura-0805202312.pdf?x92340\"><strong>bases del concurso<\/strong><\/a>.<\/p>\n<p>&nbsp;<\/p>\n<h4>Postulaciones<\/h4>\n<hr \/>\n<p>En la postulaci\u00f3n, se solicitar\u00e1 la memoria del proyecto para ser evaluado en base a los criterios del concurso. En las bases se describe detalladamente c\u00f3mo se debe postular completando la ficha de la obra y otros datos relevantes como la<strong> Descripci\u00f3n del proyecto<\/strong>, la <strong>Innovaci\u00f3n en el uso de la madera<\/strong>, el <strong>Desempe\u00f1o t\u00e9cnico<\/strong>, y la <strong>Propuesta conceptual y\/o de impacto de la obra<\/strong> con la que se estudiar\u00e1 si lo postulado fomenta el desarrollo de este tipo de arquitectura en Chile, del mismo modo que si el material se observa claramente concebido, tanto como obra y como generaci\u00f3n conceptual.<\/p>\n<p>La postulaci\u00f3n tambi\u00e9n contempla la recepci\u00f3n de\u00a0Im\u00e1genes, entendidas como fotograf\u00edas, planos, renders, bosquejos, etc., <strong>adjuntando\u00a0un m\u00e1ximo de 10 ejemplares<\/strong>, los cuales deben presentarse en formato JPG o PNG \u2014verticales u horizontales\u2014 a 72 dpi, en un tama\u00f1o aproximado de 1024\u00d7683 px y con un peso no mayor a 1 Mb. Adicionalmente, <strong>se requiere la entrega de dos l\u00e1minas en formato A1 apaisado, en formato PDF, con un peso m\u00e1ximo de 10 Mb<\/strong>.<\/p>\n<p>&nbsp;<\/p>\n<h4>Fechas importantes<\/h4>\n<hr \/>\n<p>Las bases e inscripciones del <strong>VII Concurso de Obras de Arquitectura en Madera<\/strong> ya se encuentran disponibles en la web de la\u00a0<strong><a href=\"https:\/\/www.semanadelamadera.cl\/\">Semana de la Madera<\/a><\/strong>, en la secci\u00f3n Concursos. <strong>La postulaci\u00f3n de las obras se podr\u00e1 realizar desde el 25 de mayo hasta el 24 de julio de 2023<\/strong>.\u00a0 Las consultas y respuestas que tengan los concursantes se recibir\u00e1n hasta el 19 de junio y el anuncio de los proyectos seleccionados se realizar\u00e1 el d\u00eda 24 de agosto de 2023. <strong>El resultado de las obras ganadoras se anunciar\u00e1 el 27 de septiembre y habr\u00e1 una exposici\u00f3n abierta de las obras durante la Semana de la Madera del 27 de septiembre al 1\u00b0 de octubre de este a\u00f1o.<\/strong><\/p>\n<p><strong>Este concurso -adem\u00e1s del premio del jurado- honrar\u00e1 la obra con mayor cantidad de votos por parte del p\u00fablico,\u00a0de manera online, durante la semana del 4 al 10 de septiembre de 2023.<\/strong><\/p>\n<p>&nbsp;<\/p>\n<p><\/p>","protected":false},"excerpt":{"rendered":"<p>Gonzalo Mardones Viviani es el Director del VII Concurso Obras de Arquitectura en madera organizado por Madera21 de Corma. El destacado arquitecto chileno fue incluido como Miembro de Honor del American Institute of Architects (Estados Unidos) y este 2023 la &hellip; <a class=\"more-link\" href=\"https:\/\/colegioarquitectos.com\/noticias\/?p=30382\">ver m\u00e1s<\/a><\/p>","protected":false},"author":4,"featured_media":30383,"comment_status":"closed","ping_status":"closed","sticky":false,"template":"","format":"standard","meta":{"footnotes":""},"categories":[11,3],"tags":[],"class_list":["post-30382","post","type-post","status-publish","format-standard","has-post-thumbnail","hentry","category-concursos","category-noticias"],"yoast_head":"<!-- This site is optimized with the Yoast SEO plugin v24.2 - https:\/\/yoast.com\/wordpress\/plugins\/seo\/ -->\n<title>Madera21 de CORMA invita a participar en el VII Concurso de Obras de Arquitectura 2023 - COLEGIO DE ARQUITECTOS DE CHILE<\/title>\n<meta name=\"robots\" content=\"index, follow, max-snippet:-1, max-image-preview:large, max-video-preview:-1\" \/>\n<link rel=\"canonical\" href=\"https:\/\/colegioarquitectos.com\/noticias\/?p=30382\" \/>\n<meta property=\"og:locale\" content=\"es_ES\" \/>\n<meta property=\"og:type\" content=\"article\" \/>\n<meta property=\"og:title\" content=\"Madera21 de CORMA invita a participar en el VII Concurso de Obras de Arquitectura 2023 - COLEGIO DE ARQUITECTOS DE CHILE\" \/>\n<meta property=\"og:description\" content=\"Gonzalo Mardones Viviani es el Director del VII Concurso Obras de Arquitectura en madera organizado por Madera21 de Corma. El destacado arquitecto chileno fue incluido como Miembro de Honor del American Institute of Architects (Estados Unidos) y este 2023 la &hellip; ver m\u00e1s\" \/>\n<meta property=\"og:url\" content=\"https:\/\/colegioarquitectos.com\/noticias\/?p=30382\" \/>\n<meta property=\"og:site_name\" content=\"COLEGIO DE ARQUITECTOS DE CHILE\" \/>\n<meta property=\"article:publisher\" content=\"https:\/\/facebook.com\/Colegioarq\/\" \/>\n<meta property=\"article:published_time\" content=\"2023-05-26T16:15:45+00:00\" \/>\n<meta property=\"og:image\" content=\"https:\/\/colegioarquitectos.com\/noticias\/wp-content\/uploads\/2023\/05\/ENCABEZADO-WEB-MADERA21.jpg\" \/>\n\t<meta property=\"og:image:width\" content=\"1280\" \/>\n\t<meta property=\"og:image:height\" content=\"720\" \/>\n\t<meta property=\"og:image:type\" content=\"image\/jpeg\" \/>\n<meta name=\"author\" content=\"Colegio de Arquitectos de Chile\" \/>\n<meta name=\"twitter:card\" content=\"summary_large_image\" \/>\n<meta name=\"twitter:creator\" content=\"@colegioarq\" \/>\n<meta name=\"twitter:site\" content=\"@colegioarq\" \/>\n<meta name=\"twitter:label1\" content=\"Escrito por\" \/>\n\t<meta name=\"twitter:data1\" content=\"Colegio de Arquitectos de Chile\" \/>\n\t<meta name=\"twitter:label2\" content=\"Tiempo de lectura\" \/>\n\t<meta name=\"twitter:data2\" content=\"6 minutos\" \/>\n<script type=\"application\/ld+json\" class=\"yoast-schema-graph\">{\"@context\":\"https:\/\/schema.org\",\"@graph\":[{\"@type\":\"Article\",\"@id\":\"https:\/\/colegioarquitectos.com\/noticias\/?p=30382#article\",\"isPartOf\":{\"@id\":\"https:\/\/colegioarquitectos.com\/noticias\/?p=30382\"},\"author\":{\"name\":\"Colegio de Arquitectos de Chile\",\"@id\":\"https:\/\/colegioarquitectos.com\/noticias\/#\/schema\/person\/685cc0aad148303c5608f049af8285ad\"},\"headline\":\"Madera21 de CORMA invita a participar en el VII Concurso de Obras de Arquitectura 2023\",\"datePublished\":\"2023-05-26T16:15:45+00:00\",\"dateModified\":\"2023-05-26T16:15:45+00:00\",\"mainEntityOfPage\":{\"@id\":\"https:\/\/colegioarquitectos.com\/noticias\/?p=30382\"},\"wordCount\":1215,\"publisher\":{\"@id\":\"https:\/\/colegioarquitectos.com\/noticias\/#organization\"},\"image\":{\"@id\":\"https:\/\/colegioarquitectos.com\/noticias\/?p=30382#primaryimage\"},\"thumbnailUrl\":\"https:\/\/colegioarquitectos.com\/noticias\/wp-content\/uploads\/2023\/05\/ENCABEZADO-WEB-MADERA21.jpg\",\"articleSection\":[\"Concursos\",\"Noticias\"],\"inLanguage\":\"es\"},{\"@type\":\"WebPage\",\"@id\":\"https:\/\/colegioarquitectos.com\/noticias\/?p=30382\",\"url\":\"https:\/\/colegioarquitectos.com\/noticias\/?p=30382\",\"name\":\"Madera21 de CORMA invita a participar en el VII Concurso de Obras de Arquitectura 2023 - COLEGIO DE ARQUITECTOS DE CHILE\",\"isPartOf\":{\"@id\":\"https:\/\/colegioarquitectos.com\/noticias\/#website\"},\"primaryImageOfPage\":{\"@id\":\"https:\/\/colegioarquitectos.com\/noticias\/?p=30382#primaryimage\"},\"image\":{\"@id\":\"https:\/\/colegioarquitectos.com\/noticias\/?p=30382#primaryimage\"},\"thumbnailUrl\":\"https:\/\/colegioarquitectos.com\/noticias\/wp-content\/uploads\/2023\/05\/ENCABEZADO-WEB-MADERA21.jpg\",\"datePublished\":\"2023-05-26T16:15:45+00:00\",\"dateModified\":\"2023-05-26T16:15:45+00:00\",\"breadcrumb\":{\"@id\":\"https:\/\/colegioarquitectos.com\/noticias\/?p=30382#breadcrumb\"},\"inLanguage\":\"es\",\"potentialAction\":[{\"@type\":\"ReadAction\",\"target\":[\"https:\/\/colegioarquitectos.com\/noticias\/?p=30382\"]}]},{\"@type\":\"ImageObject\",\"inLanguage\":\"es\",\"@id\":\"https:\/\/colegioarquitectos.com\/noticias\/?p=30382#primaryimage\",\"url\":\"https:\/\/colegioarquitectos.com\/noticias\/wp-content\/uploads\/2023\/05\/ENCABEZADO-WEB-MADERA21.jpg\",\"contentUrl\":\"https:\/\/colegioarquitectos.com\/noticias\/wp-content\/uploads\/2023\/05\/ENCABEZADO-WEB-MADERA21.jpg\",\"width\":1280,\"height\":720},{\"@type\":\"BreadcrumbList\",\"@id\":\"https:\/\/colegioarquitectos.com\/noticias\/?p=30382#breadcrumb\",\"itemListElement\":[{\"@type\":\"ListItem\",\"position\":1,\"name\":\"Portada\",\"item\":\"https:\/\/colegioarquitectos.com\/noticias\"},{\"@type\":\"ListItem\",\"position\":2,\"name\":\"Madera21 de CORMA invita a participar en el VII Concurso de Obras de Arquitectura 2023\"}]},{\"@type\":\"WebSite\",\"@id\":\"https:\/\/colegioarquitectos.com\/noticias\/#website\",\"url\":\"https:\/\/colegioarquitectos.com\/noticias\/\",\"name\":\"COLEGIO DE ARQUITECTOS DE CHILE\",\"description\":\"\",\"publisher\":{\"@id\":\"https:\/\/colegioarquitectos.com\/noticias\/#organization\"},\"potentialAction\":[{\"@type\":\"SearchAction\",\"target\":{\"@type\":\"EntryPoint\",\"urlTemplate\":\"https:\/\/colegioarquitectos.com\/noticias\/?s={search_term_string}\"},\"query-input\":{\"@type\":\"PropertyValueSpecification\",\"valueRequired\":true,\"valueName\":\"search_term_string\"}}],\"inLanguage\":\"es\"},{\"@type\":\"Organization\",\"@id\":\"https:\/\/colegioarquitectos.com\/noticias\/#organization\",\"name\":\"COLEGIO DE ARQUITECTOS DE CHILE\",\"url\":\"https:\/\/colegioarquitectos.com\/noticias\/\",\"logo\":{\"@type\":\"ImageObject\",\"inLanguage\":\"es\",\"@id\":\"https:\/\/colegioarquitectos.com\/noticias\/#\/schema\/logo\/image\/\",\"url\":\"https:\/\/colegioarquitectos.com\/noticias\/wp-content\/uploads\/2021\/05\/ENCABEZADO-LOGO-CA.jpg\",\"contentUrl\":\"https:\/\/colegioarquitectos.com\/noticias\/wp-content\/uploads\/2021\/05\/ENCABEZADO-LOGO-CA.jpg\",\"width\":690,\"height\":350,\"caption\":\"COLEGIO DE ARQUITECTOS DE CHILE\"},\"image\":{\"@id\":\"https:\/\/colegioarquitectos.com\/noticias\/#\/schema\/logo\/image\/\"},\"sameAs\":[\"https:\/\/facebook.com\/Colegioarq\/\",\"https:\/\/x.com\/colegioarq\",\"https:\/\/instagram.com\/colegioarq\",\"https:\/\/youtube.com\/@ColegiodeArquitectosdeChile\"]},{\"@type\":\"Person\",\"@id\":\"https:\/\/colegioarquitectos.com\/noticias\/#\/schema\/person\/685cc0aad148303c5608f049af8285ad\",\"name\":\"Colegio de Arquitectos de Chile\",\"url\":\"https:\/\/colegioarquitectos.com\/noticias\/?author=4\"}]}<\/script>\n<!-- \/ Yoast SEO plugin. -->","yoast_head_json":{"title":"Madera21 de CORMA invita a participar en el VII Concurso de Obras de Arquitectura 2023 - COLEGIO DE ARQUITECTOS DE CHILE","robots":{"index":"index","follow":"follow","max-snippet":"max-snippet:-1","max-image-preview":"max-image-preview:large","max-video-preview":"max-video-preview:-1"},"canonical":"https:\/\/colegioarquitectos.com\/noticias\/?p=30382","og_locale":"es_ES","og_type":"article","og_title":"Madera21 de CORMA invita a participar en el VII Concurso de Obras de Arquitectura 2023 - COLEGIO DE ARQUITECTOS DE CHILE","og_description":"Gonzalo Mardones Viviani es el Director del VII Concurso Obras de Arquitectura en madera organizado por Madera21 de Corma. El destacado arquitecto chileno fue incluido como Miembro de Honor del American Institute of Architects (Estados Unidos) y este 2023 la &hellip; ver m\u00e1s","og_url":"https:\/\/colegioarquitectos.com\/noticias\/?p=30382","og_site_name":"COLEGIO DE ARQUITECTOS DE CHILE","article_publisher":"https:\/\/facebook.com\/Colegioarq\/","article_published_time":"2023-05-26T16:15:45+00:00","og_image":[{"width":1280,"height":720,"url":"https:\/\/colegioarquitectos.com\/noticias\/wp-content\/uploads\/2023\/05\/ENCABEZADO-WEB-MADERA21.jpg","type":"image\/jpeg"}],"author":"Colegio de Arquitectos de Chile","twitter_card":"summary_large_image","twitter_creator":"@colegioarq","twitter_site":"@colegioarq","twitter_misc":{"Escrito por":"Colegio de Arquitectos de Chile","Tiempo de lectura":"6 minutos"},"schema":{"@context":"https:\/\/schema.org","@graph":[{"@type":"Article","@id":"https:\/\/colegioarquitectos.com\/noticias\/?p=30382#article","isPartOf":{"@id":"https:\/\/colegioarquitectos.com\/noticias\/?p=30382"},"author":{"name":"Colegio de Arquitectos de Chile","@id":"https:\/\/colegioarquitectos.com\/noticias\/#\/schema\/person\/685cc0aad148303c5608f049af8285ad"},"headline":"Madera21 de CORMA invita a participar en el VII Concurso de Obras de Arquitectura 2023","datePublished":"2023-05-26T16:15:45+00:00","dateModified":"2023-05-26T16:15:45+00:00","mainEntityOfPage":{"@id":"https:\/\/colegioarquitectos.com\/noticias\/?p=30382"},"wordCount":1215,"publisher":{"@id":"https:\/\/colegioarquitectos.com\/noticias\/#organization"},"image":{"@id":"https:\/\/colegioarquitectos.com\/noticias\/?p=30382#primaryimage"},"thumbnailUrl":"https:\/\/colegioarquitectos.com\/noticias\/wp-content\/uploads\/2023\/05\/ENCABEZADO-WEB-MADERA21.jpg","articleSection":["Concursos","Noticias"],"inLanguage":"es"},{"@type":"WebPage","@id":"https:\/\/colegioarquitectos.com\/noticias\/?p=30382","url":"https:\/\/colegioarquitectos.com\/noticias\/?p=30382","name":"Madera21 de CORMA invita a participar en el VII Concurso de Obras de Arquitectura 2023 - COLEGIO DE ARQUITECTOS DE CHILE","isPartOf":{"@id":"https:\/\/colegioarquitectos.com\/noticias\/#website"},"primaryImageOfPage":{"@id":"https:\/\/colegioarquitectos.com\/noticias\/?p=30382#primaryimage"},"image":{"@id":"https:\/\/colegioarquitectos.com\/noticias\/?p=30382#primaryimage"},"thumbnailUrl":"https:\/\/colegioarquitectos.com\/noticias\/wp-content\/uploads\/2023\/05\/ENCABEZADO-WEB-MADERA21.jpg","datePublished":"2023-05-26T16:15:45+00:00","dateModified":"2023-05-26T16:15:45+00:00","breadcrumb":{"@id":"https:\/\/colegioarquitectos.com\/noticias\/?p=30382#breadcrumb"},"inLanguage":"es","potentialAction":[{"@type":"ReadAction","target":["https:\/\/colegioarquitectos.com\/noticias\/?p=30382"]}]},{"@type":"ImageObject","inLanguage":"es","@id":"https:\/\/colegioarquitectos.com\/noticias\/?p=30382#primaryimage","url":"https:\/\/colegioarquitectos.com\/noticias\/wp-content\/uploads\/2023\/05\/ENCABEZADO-WEB-MADERA21.jpg","contentUrl":"https:\/\/colegioarquitectos.com\/noticias\/wp-content\/uploads\/2023\/05\/ENCABEZADO-WEB-MADERA21.jpg","width":1280,"height":720},{"@type":"BreadcrumbList","@id":"https:\/\/colegioarquitectos.com\/noticias\/?p=30382#breadcrumb","itemListElement":[{"@type":"ListItem","position":1,"name":"Portada","item":"https:\/\/colegioarquitectos.com\/noticias"},{"@type":"ListItem","position":2,"name":"Madera21 de CORMA invita a participar en el VII Concurso de Obras de Arquitectura 2023"}]},{"@type":"WebSite","@id":"https:\/\/colegioarquitectos.com\/noticias\/#website","url":"https:\/\/colegioarquitectos.com\/noticias\/","name":"COLEGIO DE ARQUITECTOS DE CHILE","description":"","publisher":{"@id":"https:\/\/colegioarquitectos.com\/noticias\/#organization"},"potentialAction":[{"@type":"SearchAction","target":{"@type":"EntryPoint","urlTemplate":"https:\/\/colegioarquitectos.com\/noticias\/?s={search_term_string}"},"query-input":{"@type":"PropertyValueSpecification","valueRequired":true,"valueName":"search_term_string"}}],"inLanguage":"es"},{"@type":"Organization","@id":"https:\/\/colegioarquitectos.com\/noticias\/#organization","name":"COLEGIO DE ARQUITECTOS DE CHILE","url":"https:\/\/colegioarquitectos.com\/noticias\/","logo":{"@type":"ImageObject","inLanguage":"es","@id":"https:\/\/colegioarquitectos.com\/noticias\/#\/schema\/logo\/image\/","url":"https:\/\/colegioarquitectos.com\/noticias\/wp-content\/uploads\/2021\/05\/ENCABEZADO-LOGO-CA.jpg","contentUrl":"https:\/\/colegioarquitectos.com\/noticias\/wp-content\/uploads\/2021\/05\/ENCABEZADO-LOGO-CA.jpg","width":690,"height":350,"caption":"COLEGIO DE ARQUITECTOS DE CHILE"},"image":{"@id":"https:\/\/colegioarquitectos.com\/noticias\/#\/schema\/logo\/image\/"},"sameAs":["https:\/\/facebook.com\/Colegioarq\/","https:\/\/x.com\/colegioarq","https:\/\/instagram.com\/colegioarq","https:\/\/youtube.com\/@ColegiodeArquitectosdeChile"]},{"@type":"Person","@id":"https:\/\/colegioarquitectos.com\/noticias\/#\/schema\/person\/685cc0aad148303c5608f049af8285ad","name":"Colegio de Arquitectos de Chile","url":"https:\/\/colegioarquitectos.com\/noticias\/?author=4"}]}},"_links":{"self":[{"href":"https:\/\/colegioarquitectos.com\/noticias\/index.php?rest_route=\/wp\/v2\/posts\/30382","targetHints":{"allow":["GET"]}}],"collection":[{"href":"https:\/\/colegioarquitectos.com\/noticias\/index.php?rest_route=\/wp\/v2\/posts"}],"about":[{"href":"https:\/\/colegioarquitectos.com\/noticias\/index.php?rest_route=\/wp\/v2\/types\/post"}],"author":[{"embeddable":true,"href":"https:\/\/colegioarquitectos.com\/noticias\/index.php?rest_route=\/wp\/v2\/users\/4"}],"replies":[{"embeddable":true,"href":"https:\/\/colegioarquitectos.com\/noticias\/index.php?rest_route=%2Fwp%2Fv2%2Fcomments&post=30382"}],"version-history":[{"count":0,"href":"https:\/\/colegioarquitectos.com\/noticias\/index.php?rest_route=\/wp\/v2\/posts\/30382\/revisions"}],"wp:featuredmedia":[{"embeddable":true,"href":"https:\/\/colegioarquitectos.com\/noticias\/index.php?rest_route=\/wp\/v2\/media\/30383"}],"wp:attachment":[{"href":"https:\/\/colegioarquitectos.com\/noticias\/index.php?rest_route=%2Fwp%2Fv2%2Fmedia&parent=30382"}],"wp:term":[{"taxonomy":"category","embeddable":true,"href":"https:\/\/colegioarquitectos.com\/noticias\/index.php?rest_route=%2Fwp%2Fv2%2Fcategories&post=30382"},{"taxonomy":"post_tag","embeddable":true,"href":"https:\/\/colegioarquitectos.com\/noticias\/index.php?rest_route=%2Fwp%2Fv2%2Ftags&post=30382"}],"curies":[{"name":"wp","href":"https:\/\/api.w.org\/{rel}","templated":true}]}}