
{"id":30391,"date":"2023-05-28T09:57:04","date_gmt":"2023-05-28T13:57:04","guid":{"rendered":"https:\/\/colegioarquitectos.com\/?p=30391"},"modified":"2023-05-28T09:57:04","modified_gmt":"2023-05-28T13:57:04","slug":"patrimonio-incomodo-una-carta-al-director-de-el-mercurio-por-beatriz-buccicardi","status":"publish","type":"post","link":"https:\/\/colegioarquitectos.com\/noticias\/?p=30391","title":{"rendered":"\u00abPatrimonio inc\u00f3modo\u00bb, una carta al Director de El Mercurio por Beatriz Buccicardi"},"content":{"rendered":"<p>Se\u00f1or Director:<\/p>\n<p>Hace unos d\u00edas el Consejo de Monumentos Nacionales resolvi\u00f3 de manera un\u00e1nime declarar como Monumento Hist\u00f3rico el Regimiento N\u00b023 Copiap\u00f3, en cuyas dependencias existi\u00f3 un centro clandestino de detenci\u00f3n, tortura y ejecuci\u00f3n pol\u00edtica entre los a\u00f1os 1973 y 1976.<\/p>\n<p>Frente a los reparos manifestados por el Ej\u00e9rcito de Chile respecto a su protecci\u00f3n patrimonial, nos interesa aportar algunos puntos. De la condici\u00f3n de Monumento Hist\u00f3rico, amparada en la Ley de Monumentos Nacionales, no deviene ninguna prerrogativa sobre la apertura al p\u00fablico, restricciones de uso, re funcionalizaciones y\/o de modificaciones del inmueble, sino que se focaliza en la protecci\u00f3n de aquellos valores, atributos y caracter\u00edsticas que han sido reconocidas por la declaratoria, en virtud del significado hist\u00f3rico y simb\u00f3lico que el inmueble tiene para el pa\u00eds.<\/p>\n<p>Por otro lado, entendiendo la connotaci\u00f3n y los argumentos esgrimidos en dicha declaratoria, nos parece fundamental que se releven, reconozcan y protejan bajo el amparo de la ley aquellos inmuebles y lugares donde ocurrieron hechos relevantes para nuestra sociedad, como la violaci\u00f3n a los derechos humanos ocurrida en dictadura entre los a\u00f1os 1973 y 1990. No siempre lo que se protege como patrimonio se refiere a valores positivos, sino que el conjunto de estos constituye un repertorio de elementos culturales significativos para Chile, que conforman la memoria colectiva del mismo.<\/p>\n<p>La arquitectura forma parte de la memoria de un pa\u00eds, por lo que corresponde asumirla con sus luces, sombras y como testigo material de las historias que nos definen, identifican e interpelan continuamente. A 50 a\u00f1os del golpe de Estado, hacerse cargo de esto como sociedad en su conjunto, es un ejercicio de reparaci\u00f3n simb\u00f3lica, una oportunidad de resignificaci\u00f3n para construir puentes de reconciliaci\u00f3n, para fortalecer la democracia y un desaf\u00edo para que la memoria sea parte de nuestro cotidiano.<\/p>\n<p>&nbsp;<\/p>\n<p>&nbsp;<\/p>\n<p><strong>BEATRIZ BUCCICARDI KRETSCHMER<\/strong><\/p>\n<p>Presidenta Nacional<\/p>\n<p>Colegio de Arquitectos de Chile A.G.<\/p>\n<p>&nbsp;<\/p>\n<p>&nbsp;<\/p>\n<p><img loading=\"lazy\" decoding=\"async\" class=\"aligncenter wp-image-30392 size-large\" src=\"https:\/\/colegioarquitectos.com\/noticias\/wp-content\/uploads\/2023\/05\/screencapture-digital-elmercurio-2023-05-28-A-VO49GVTE-2023-05-28-09_47_57-292x1024.png\" alt=\"\" width=\"292\" height=\"1024\" srcset=\"https:\/\/colegioarquitectos.com\/noticias\/wp-content\/uploads\/2023\/05\/screencapture-digital-elmercurio-2023-05-28-A-VO49GVTE-2023-05-28-09_47_57-292x1024.png 292w, https:\/\/colegioarquitectos.com\/noticias\/wp-content\/uploads\/2023\/05\/screencapture-digital-elmercurio-2023-05-28-A-VO49GVTE-2023-05-28-09_47_57.png 381w\" sizes=\"auto, (max-width: 292px) 100vw, 292px\" \/><\/p>\n<p>&nbsp;<\/p>\n<p><\/p>","protected":false},"excerpt":{"rendered":"<p>Se\u00f1or Director: Hace unos d\u00edas el Consejo de Monumentos Nacionales resolvi\u00f3 de manera un\u00e1nime declarar como Monumento Hist\u00f3rico el Regimiento N\u00b023 Copiap\u00f3, en cuyas dependencias existi\u00f3 un centro clandestino de detenci\u00f3n, tortura y ejecuci\u00f3n pol\u00edtica entre los a\u00f1os 1973 y &hellip; <a class=\"more-link\" href=\"https:\/\/colegioarquitectos.com\/noticias\/?p=30391\">ver m\u00e1s<\/a><\/p>","protected":false},"author":4,"featured_media":30393,"comment_status":"closed","ping_status":"closed","sticky":false,"template":"","format":"standard","meta":{"footnotes":""},"categories":[8,81],"tags":[159,279,254,394,110,244,109],"class_list":["post-30391","post","type-post","status-publish","format-standard","has-post-thumbnail","hentry","category-colegio-de-arquitectos","category-sala-de-prensa","tag-beatriz-buccicardi","tag-buenos-aires","tag-carta-al-director","tag-copiapo","tag-el-mercurio","tag-monumento-historico","tag-patrimonio"],"yoast_head":"<!-- This site is optimized with the Yoast SEO plugin v24.2 - https:\/\/yoast.com\/wordpress\/plugins\/seo\/ -->\n<title>\u00abPatrimonio inc\u00f3modo\u00bb, una carta al Director de El Mercurio por Beatriz Buccicardi - COLEGIO DE ARQUITECTOS DE CHILE<\/title>\n<meta name=\"robots\" content=\"index, follow, max-snippet:-1, max-image-preview:large, max-video-preview:-1\" \/>\n<link rel=\"canonical\" href=\"https:\/\/colegioarquitectos.com\/noticias\/?p=30391\" \/>\n<meta property=\"og:locale\" content=\"es_ES\" \/>\n<meta property=\"og:type\" content=\"article\" \/>\n<meta property=\"og:title\" content=\"\u00abPatrimonio inc\u00f3modo\u00bb, una carta al Director de El Mercurio por Beatriz Buccicardi - COLEGIO DE ARQUITECTOS DE CHILE\" \/>\n<meta property=\"og:description\" content=\"Se\u00f1or Director: Hace unos d\u00edas el Consejo de Monumentos Nacionales resolvi\u00f3 de manera un\u00e1nime declarar como Monumento Hist\u00f3rico el Regimiento N\u00b023 Copiap\u00f3, en cuyas dependencias existi\u00f3 un centro clandestino de detenci\u00f3n, tortura y ejecuci\u00f3n pol\u00edtica entre los a\u00f1os 1973 y &hellip; ver m\u00e1s\" \/>\n<meta property=\"og:url\" content=\"https:\/\/colegioarquitectos.com\/noticias\/?p=30391\" \/>\n<meta property=\"og:site_name\" content=\"COLEGIO DE ARQUITECTOS DE CHILE\" \/>\n<meta property=\"article:publisher\" content=\"https:\/\/facebook.com\/Colegioarq\/\" \/>\n<meta property=\"article:published_time\" content=\"2023-05-28T13:57:04+00:00\" \/>\n<meta property=\"og:image\" content=\"https:\/\/colegioarquitectos.com\/noticias\/wp-content\/uploads\/2023\/05\/Nuevo-proyecto.jpg\" \/>\n\t<meta property=\"og:image:width\" content=\"1280\" \/>\n\t<meta property=\"og:image:height\" content=\"720\" \/>\n\t<meta property=\"og:image:type\" content=\"image\/jpeg\" \/>\n<meta name=\"author\" content=\"Colegio de Arquitectos de Chile\" \/>\n<meta name=\"twitter:card\" content=\"summary_large_image\" \/>\n<meta name=\"twitter:creator\" content=\"@colegioarq\" \/>\n<meta name=\"twitter:site\" content=\"@colegioarq\" \/>\n<meta name=\"twitter:label1\" content=\"Escrito por\" \/>\n\t<meta name=\"twitter:data1\" content=\"Colegio de Arquitectos de Chile\" \/>\n\t<meta name=\"twitter:label2\" content=\"Tiempo de lectura\" \/>\n\t<meta name=\"twitter:data2\" content=\"2 minutos\" \/>\n<script type=\"application\/ld+json\" class=\"yoast-schema-graph\">{\"@context\":\"https:\/\/schema.org\",\"@graph\":[{\"@type\":\"Article\",\"@id\":\"https:\/\/colegioarquitectos.com\/noticias\/?p=30391#article\",\"isPartOf\":{\"@id\":\"https:\/\/colegioarquitectos.com\/noticias\/?p=30391\"},\"author\":{\"name\":\"Colegio de Arquitectos de Chile\",\"@id\":\"https:\/\/colegioarquitectos.com\/noticias\/#\/schema\/person\/685cc0aad148303c5608f049af8285ad\"},\"headline\":\"\u00abPatrimonio inc\u00f3modo\u00bb, una carta al Director de El Mercurio por Beatriz Buccicardi\",\"datePublished\":\"2023-05-28T13:57:04+00:00\",\"dateModified\":\"2023-05-28T13:57:04+00:00\",\"mainEntityOfPage\":{\"@id\":\"https:\/\/colegioarquitectos.com\/noticias\/?p=30391\"},\"wordCount\":351,\"publisher\":{\"@id\":\"https:\/\/colegioarquitectos.com\/noticias\/#organization\"},\"image\":{\"@id\":\"https:\/\/colegioarquitectos.com\/noticias\/?p=30391#primaryimage\"},\"thumbnailUrl\":\"https:\/\/colegioarquitectos.com\/noticias\/wp-content\/uploads\/2023\/05\/Nuevo-proyecto.jpg\",\"keywords\":[\"Beatriz Buccicardi\",\"Buenos Aires\",\"Carta al director\",\"Copiap\u00f3\",\"El Mercurio\",\"Monumento Hist\u00f3rico\",\"Patrimonio\"],\"articleSection\":[\"Colegio\",\"Sala de Prensa\"],\"inLanguage\":\"es\"},{\"@type\":\"WebPage\",\"@id\":\"https:\/\/colegioarquitectos.com\/noticias\/?p=30391\",\"url\":\"https:\/\/colegioarquitectos.com\/noticias\/?p=30391\",\"name\":\"\u00abPatrimonio inc\u00f3modo\u00bb, una carta al Director de El Mercurio por Beatriz Buccicardi - COLEGIO DE ARQUITECTOS DE CHILE\",\"isPartOf\":{\"@id\":\"https:\/\/colegioarquitectos.com\/noticias\/#website\"},\"primaryImageOfPage\":{\"@id\":\"https:\/\/colegioarquitectos.com\/noticias\/?p=30391#primaryimage\"},\"image\":{\"@id\":\"https:\/\/colegioarquitectos.com\/noticias\/?p=30391#primaryimage\"},\"thumbnailUrl\":\"https:\/\/colegioarquitectos.com\/noticias\/wp-content\/uploads\/2023\/05\/Nuevo-proyecto.jpg\",\"datePublished\":\"2023-05-28T13:57:04+00:00\",\"dateModified\":\"2023-05-28T13:57:04+00:00\",\"breadcrumb\":{\"@id\":\"https:\/\/colegioarquitectos.com\/noticias\/?p=30391#breadcrumb\"},\"inLanguage\":\"es\",\"potentialAction\":[{\"@type\":\"ReadAction\",\"target\":[\"https:\/\/colegioarquitectos.com\/noticias\/?p=30391\"]}]},{\"@type\":\"ImageObject\",\"inLanguage\":\"es\",\"@id\":\"https:\/\/colegioarquitectos.com\/noticias\/?p=30391#primaryimage\",\"url\":\"https:\/\/colegioarquitectos.com\/noticias\/wp-content\/uploads\/2023\/05\/Nuevo-proyecto.jpg\",\"contentUrl\":\"https:\/\/colegioarquitectos.com\/noticias\/wp-content\/uploads\/2023\/05\/Nuevo-proyecto.jpg\",\"width\":1280,\"height\":720},{\"@type\":\"BreadcrumbList\",\"@id\":\"https:\/\/colegioarquitectos.com\/noticias\/?p=30391#breadcrumb\",\"itemListElement\":[{\"@type\":\"ListItem\",\"position\":1,\"name\":\"Portada\",\"item\":\"https:\/\/colegioarquitectos.com\/noticias\"},{\"@type\":\"ListItem\",\"position\":2,\"name\":\"\u00abPatrimonio inc\u00f3modo\u00bb, una carta al Director de El Mercurio por Beatriz Buccicardi\"}]},{\"@type\":\"WebSite\",\"@id\":\"https:\/\/colegioarquitectos.com\/noticias\/#website\",\"url\":\"https:\/\/colegioarquitectos.com\/noticias\/\",\"name\":\"COLEGIO DE ARQUITECTOS DE CHILE\",\"description\":\"\",\"publisher\":{\"@id\":\"https:\/\/colegioarquitectos.com\/noticias\/#organization\"},\"potentialAction\":[{\"@type\":\"SearchAction\",\"target\":{\"@type\":\"EntryPoint\",\"urlTemplate\":\"https:\/\/colegioarquitectos.com\/noticias\/?s={search_term_string}\"},\"query-input\":{\"@type\":\"PropertyValueSpecification\",\"valueRequired\":true,\"valueName\":\"search_term_string\"}}],\"inLanguage\":\"es\"},{\"@type\":\"Organization\",\"@id\":\"https:\/\/colegioarquitectos.com\/noticias\/#organization\",\"name\":\"COLEGIO DE ARQUITECTOS DE CHILE\",\"url\":\"https:\/\/colegioarquitectos.com\/noticias\/\",\"logo\":{\"@type\":\"ImageObject\",\"inLanguage\":\"es\",\"@id\":\"https:\/\/colegioarquitectos.com\/noticias\/#\/schema\/logo\/image\/\",\"url\":\"https:\/\/colegioarquitectos.com\/noticias\/wp-content\/uploads\/2021\/05\/ENCABEZADO-LOGO-CA.jpg\",\"contentUrl\":\"https:\/\/colegioarquitectos.com\/noticias\/wp-content\/uploads\/2021\/05\/ENCABEZADO-LOGO-CA.jpg\",\"width\":690,\"height\":350,\"caption\":\"COLEGIO DE ARQUITECTOS DE CHILE\"},\"image\":{\"@id\":\"https:\/\/colegioarquitectos.com\/noticias\/#\/schema\/logo\/image\/\"},\"sameAs\":[\"https:\/\/facebook.com\/Colegioarq\/\",\"https:\/\/x.com\/colegioarq\",\"https:\/\/instagram.com\/colegioarq\",\"https:\/\/youtube.com\/@ColegiodeArquitectosdeChile\"]},{\"@type\":\"Person\",\"@id\":\"https:\/\/colegioarquitectos.com\/noticias\/#\/schema\/person\/685cc0aad148303c5608f049af8285ad\",\"name\":\"Colegio de Arquitectos de Chile\",\"url\":\"https:\/\/colegioarquitectos.com\/noticias\/?author=4\"}]}<\/script>\n<!-- \/ Yoast SEO plugin. -->","yoast_head_json":{"title":"\u00abPatrimonio inc\u00f3modo\u00bb, una carta al Director de El Mercurio por Beatriz Buccicardi - COLEGIO DE ARQUITECTOS DE CHILE","robots":{"index":"index","follow":"follow","max-snippet":"max-snippet:-1","max-image-preview":"max-image-preview:large","max-video-preview":"max-video-preview:-1"},"canonical":"https:\/\/colegioarquitectos.com\/noticias\/?p=30391","og_locale":"es_ES","og_type":"article","og_title":"\u00abPatrimonio inc\u00f3modo\u00bb, una carta al Director de El Mercurio por Beatriz Buccicardi - COLEGIO DE ARQUITECTOS DE CHILE","og_description":"Se\u00f1or Director: Hace unos d\u00edas el Consejo de Monumentos Nacionales resolvi\u00f3 de manera un\u00e1nime declarar como Monumento Hist\u00f3rico el Regimiento N\u00b023 Copiap\u00f3, en cuyas dependencias existi\u00f3 un centro clandestino de detenci\u00f3n, tortura y ejecuci\u00f3n pol\u00edtica entre los a\u00f1os 1973 y &hellip; ver m\u00e1s","og_url":"https:\/\/colegioarquitectos.com\/noticias\/?p=30391","og_site_name":"COLEGIO DE ARQUITECTOS DE CHILE","article_publisher":"https:\/\/facebook.com\/Colegioarq\/","article_published_time":"2023-05-28T13:57:04+00:00","og_image":[{"width":1280,"height":720,"url":"https:\/\/colegioarquitectos.com\/noticias\/wp-content\/uploads\/2023\/05\/Nuevo-proyecto.jpg","type":"image\/jpeg"}],"author":"Colegio de Arquitectos de Chile","twitter_card":"summary_large_image","twitter_creator":"@colegioarq","twitter_site":"@colegioarq","twitter_misc":{"Escrito por":"Colegio de Arquitectos de Chile","Tiempo de lectura":"2 minutos"},"schema":{"@context":"https:\/\/schema.org","@graph":[{"@type":"Article","@id":"https:\/\/colegioarquitectos.com\/noticias\/?p=30391#article","isPartOf":{"@id":"https:\/\/colegioarquitectos.com\/noticias\/?p=30391"},"author":{"name":"Colegio de Arquitectos de Chile","@id":"https:\/\/colegioarquitectos.com\/noticias\/#\/schema\/person\/685cc0aad148303c5608f049af8285ad"},"headline":"\u00abPatrimonio inc\u00f3modo\u00bb, una carta al Director de El Mercurio por Beatriz Buccicardi","datePublished":"2023-05-28T13:57:04+00:00","dateModified":"2023-05-28T13:57:04+00:00","mainEntityOfPage":{"@id":"https:\/\/colegioarquitectos.com\/noticias\/?p=30391"},"wordCount":351,"publisher":{"@id":"https:\/\/colegioarquitectos.com\/noticias\/#organization"},"image":{"@id":"https:\/\/colegioarquitectos.com\/noticias\/?p=30391#primaryimage"},"thumbnailUrl":"https:\/\/colegioarquitectos.com\/noticias\/wp-content\/uploads\/2023\/05\/Nuevo-proyecto.jpg","keywords":["Beatriz Buccicardi","Buenos Aires","Carta al director","Copiap\u00f3","El Mercurio","Monumento Hist\u00f3rico","Patrimonio"],"articleSection":["Colegio","Sala de Prensa"],"inLanguage":"es"},{"@type":"WebPage","@id":"https:\/\/colegioarquitectos.com\/noticias\/?p=30391","url":"https:\/\/colegioarquitectos.com\/noticias\/?p=30391","name":"\u00abPatrimonio inc\u00f3modo\u00bb, una carta al Director de El Mercurio por Beatriz Buccicardi - COLEGIO DE ARQUITECTOS DE CHILE","isPartOf":{"@id":"https:\/\/colegioarquitectos.com\/noticias\/#website"},"primaryImageOfPage":{"@id":"https:\/\/colegioarquitectos.com\/noticias\/?p=30391#primaryimage"},"image":{"@id":"https:\/\/colegioarquitectos.com\/noticias\/?p=30391#primaryimage"},"thumbnailUrl":"https:\/\/colegioarquitectos.com\/noticias\/wp-content\/uploads\/2023\/05\/Nuevo-proyecto.jpg","datePublished":"2023-05-28T13:57:04+00:00","dateModified":"2023-05-28T13:57:04+00:00","breadcrumb":{"@id":"https:\/\/colegioarquitectos.com\/noticias\/?p=30391#breadcrumb"},"inLanguage":"es","potentialAction":[{"@type":"ReadAction","target":["https:\/\/colegioarquitectos.com\/noticias\/?p=30391"]}]},{"@type":"ImageObject","inLanguage":"es","@id":"https:\/\/colegioarquitectos.com\/noticias\/?p=30391#primaryimage","url":"https:\/\/colegioarquitectos.com\/noticias\/wp-content\/uploads\/2023\/05\/Nuevo-proyecto.jpg","contentUrl":"https:\/\/colegioarquitectos.com\/noticias\/wp-content\/uploads\/2023\/05\/Nuevo-proyecto.jpg","width":1280,"height":720},{"@type":"BreadcrumbList","@id":"https:\/\/colegioarquitectos.com\/noticias\/?p=30391#breadcrumb","itemListElement":[{"@type":"ListItem","position":1,"name":"Portada","item":"https:\/\/colegioarquitectos.com\/noticias"},{"@type":"ListItem","position":2,"name":"\u00abPatrimonio inc\u00f3modo\u00bb, una carta al Director de El Mercurio por Beatriz Buccicardi"}]},{"@type":"WebSite","@id":"https:\/\/colegioarquitectos.com\/noticias\/#website","url":"https:\/\/colegioarquitectos.com\/noticias\/","name":"COLEGIO DE ARQUITECTOS DE CHILE","description":"","publisher":{"@id":"https:\/\/colegioarquitectos.com\/noticias\/#organization"},"potentialAction":[{"@type":"SearchAction","target":{"@type":"EntryPoint","urlTemplate":"https:\/\/colegioarquitectos.com\/noticias\/?s={search_term_string}"},"query-input":{"@type":"PropertyValueSpecification","valueRequired":true,"valueName":"search_term_string"}}],"inLanguage":"es"},{"@type":"Organization","@id":"https:\/\/colegioarquitectos.com\/noticias\/#organization","name":"COLEGIO DE ARQUITECTOS DE CHILE","url":"https:\/\/colegioarquitectos.com\/noticias\/","logo":{"@type":"ImageObject","inLanguage":"es","@id":"https:\/\/colegioarquitectos.com\/noticias\/#\/schema\/logo\/image\/","url":"https:\/\/colegioarquitectos.com\/noticias\/wp-content\/uploads\/2021\/05\/ENCABEZADO-LOGO-CA.jpg","contentUrl":"https:\/\/colegioarquitectos.com\/noticias\/wp-content\/uploads\/2021\/05\/ENCABEZADO-LOGO-CA.jpg","width":690,"height":350,"caption":"COLEGIO DE ARQUITECTOS DE CHILE"},"image":{"@id":"https:\/\/colegioarquitectos.com\/noticias\/#\/schema\/logo\/image\/"},"sameAs":["https:\/\/facebook.com\/Colegioarq\/","https:\/\/x.com\/colegioarq","https:\/\/instagram.com\/colegioarq","https:\/\/youtube.com\/@ColegiodeArquitectosdeChile"]},{"@type":"Person","@id":"https:\/\/colegioarquitectos.com\/noticias\/#\/schema\/person\/685cc0aad148303c5608f049af8285ad","name":"Colegio de Arquitectos de Chile","url":"https:\/\/colegioarquitectos.com\/noticias\/?author=4"}]}},"_links":{"self":[{"href":"https:\/\/colegioarquitectos.com\/noticias\/index.php?rest_route=\/wp\/v2\/posts\/30391","targetHints":{"allow":["GET"]}}],"collection":[{"href":"https:\/\/colegioarquitectos.com\/noticias\/index.php?rest_route=\/wp\/v2\/posts"}],"about":[{"href":"https:\/\/colegioarquitectos.com\/noticias\/index.php?rest_route=\/wp\/v2\/types\/post"}],"author":[{"embeddable":true,"href":"https:\/\/colegioarquitectos.com\/noticias\/index.php?rest_route=\/wp\/v2\/users\/4"}],"replies":[{"embeddable":true,"href":"https:\/\/colegioarquitectos.com\/noticias\/index.php?rest_route=%2Fwp%2Fv2%2Fcomments&post=30391"}],"version-history":[{"count":0,"href":"https:\/\/colegioarquitectos.com\/noticias\/index.php?rest_route=\/wp\/v2\/posts\/30391\/revisions"}],"wp:featuredmedia":[{"embeddable":true,"href":"https:\/\/colegioarquitectos.com\/noticias\/index.php?rest_route=\/wp\/v2\/media\/30393"}],"wp:attachment":[{"href":"https:\/\/colegioarquitectos.com\/noticias\/index.php?rest_route=%2Fwp%2Fv2%2Fmedia&parent=30391"}],"wp:term":[{"taxonomy":"category","embeddable":true,"href":"https:\/\/colegioarquitectos.com\/noticias\/index.php?rest_route=%2Fwp%2Fv2%2Fcategories&post=30391"},{"taxonomy":"post_tag","embeddable":true,"href":"https:\/\/colegioarquitectos.com\/noticias\/index.php?rest_route=%2Fwp%2Fv2%2Ftags&post=30391"}],"curies":[{"name":"wp","href":"https:\/\/api.w.org\/{rel}","templated":true}]}}