
{"id":30448,"date":"2023-06-16T00:45:45","date_gmt":"2023-06-16T04:45:45","guid":{"rendered":"https:\/\/colegioarquitectos.com\/?p=30448"},"modified":"2023-06-15T14:27:37","modified_gmt":"2023-06-15T18:27:37","slug":"citacion-a-asamblea-extraordinaria-22-de-junio-de-2023","status":"publish","type":"post","link":"https:\/\/colegioarquitectos.com\/noticias\/?p=30448","title":{"rendered":"Citaci\u00f3n a Asamblea Extraordinaria: 22 de junio de 2023"},"content":{"rendered":"<p>En raz\u00f3n de las atribuciones establecidas en el inciso 5 del art\u00edculo 11\u00b0, de los Estatutos vigentes, el Directorio Nacional del Colegio de Arquitectos de Chile A.G., convoca a Asamblea Extraordinaria de Socios, en primera citaci\u00f3n, para el d\u00eda 22 de junio de 2023, a las 18:00 horas y en segunda citaci\u00f3n para las 18:30 horas del mismo d\u00eda.<\/p>\n<p>La Asamblea se llevar\u00e1 a cabo en la Sede Nacional del Colegio de Arquitectos de Chile ubicada en Avenida Libertador Bernardo O\u2019Higgins 115, Santiago.<\/p>\n<p>Los \u00fanicos temas para tratar en la Asamblea son los siguientes:<\/p>\n<p>&nbsp;<\/p>\n<p><strong>\u00a0&#8211;\u00a0 Modificaci\u00f3n estatutaria<\/strong><\/p>\n<p>Agregaci\u00f3n de inciso final o inciso 11\u00b0, al art\u00edculo 11\u00b0 de los estatutos del Colegio de Arquitectos.<\/p>\n<p>\u201cTanto las asambleas Generales Ordinarias como Extraordinarias, podr\u00e1n realizarse ya sea de forma presencial en la sede Nacional del Colegio, o donde designe el Directorio Nacional, como de forma telem\u00e1tica, o presencial y telem\u00e1tica mediante el uso de los medios tecnol\u00f3gicos afines y conforme a los principios de autenticaci\u00f3n, acceso controlado, seguridad, participaci\u00f3n, confidencialidad, integridad, respaldo de la Informaci\u00f3n y no repudio u otros establecidos por ley, las cuales ser\u00e1n advertidas en la correspondiente citaci\u00f3n.\u201d<\/p>\n<p>&nbsp;<\/p>\n<p><strong>&#8211;\u00a0 Ratificaci\u00f3n de la Asamblea Ordinaria de Socios de fecha 16 de enero de 2023, en la cual se proclama la parcialidad del directorio electo durante el mes de diciembre de 2022.<\/strong><\/p>\n<p>&nbsp;<\/p>\n<p>Tendr\u00e1n derecho a participar todos los arquitectos socios que se encuentren activos en el padr\u00f3n del Colegio de Arquitectos con fecha 22 de junio de 2023.<\/p>\n<p>Atentamente,<\/p>\n<p><strong>\u00a0<\/strong><\/p>\n<p><strong>DIRECTORIO NACIONAL <\/strong><\/p>\n<p><strong>COLEGIO DE ARQUITECTOS DE CHILE A.G.<\/strong><\/p>\n<p>&nbsp;<\/p>\n<p><\/p>","protected":false},"excerpt":{"rendered":"<p>En raz\u00f3n de las atribuciones establecidas en el inciso 5 del art\u00edculo 11\u00b0, de los Estatutos vigentes, el Directorio Nacional del Colegio de Arquitectos de Chile A.G., convoca a Asamblea Extraordinaria de Socios, en primera citaci\u00f3n, para el d\u00eda 22 &hellip; <a class=\"more-link\" href=\"https:\/\/colegioarquitectos.com\/noticias\/?p=30448\">ver m\u00e1s<\/a><\/p>","protected":false},"author":4,"featured_media":30453,"comment_status":"closed","ping_status":"closed","sticky":false,"template":"","format":"standard","meta":{"footnotes":""},"categories":[8],"tags":[358,411,412,413],"class_list":["post-30448","post","type-post","status-publish","format-standard","has-post-thumbnail","hentry","category-colegio-de-arquitectos","tag-asamblea","tag-asamblea-extraordinaria","tag-modificacion-estatutaria","tag-ratificacion-de-asamblea-ordinaria"],"yoast_head":"<!-- This site is optimized with the Yoast SEO plugin v24.2 - https:\/\/yoast.com\/wordpress\/plugins\/seo\/ -->\n<title>Citaci\u00f3n a Asamblea Extraordinaria: 22 de junio de 2023 - COLEGIO DE ARQUITECTOS DE CHILE<\/title>\n<meta name=\"robots\" content=\"index, follow, max-snippet:-1, max-image-preview:large, max-video-preview:-1\" \/>\n<link rel=\"canonical\" href=\"https:\/\/colegioarquitectos.com\/noticias\/?p=30448\" \/>\n<meta property=\"og:locale\" content=\"es_ES\" \/>\n<meta property=\"og:type\" content=\"article\" \/>\n<meta property=\"og:title\" content=\"Citaci\u00f3n a Asamblea Extraordinaria: 22 de junio de 2023 - COLEGIO DE ARQUITECTOS DE CHILE\" \/>\n<meta property=\"og:description\" content=\"En raz\u00f3n de las atribuciones establecidas en el inciso 5 del art\u00edculo 11\u00b0, de los Estatutos vigentes, el Directorio Nacional del Colegio de Arquitectos de Chile A.G., convoca a Asamblea Extraordinaria de Socios, en primera citaci\u00f3n, para el d\u00eda 22 &hellip; ver m\u00e1s\" \/>\n<meta property=\"og:url\" content=\"https:\/\/colegioarquitectos.com\/noticias\/?p=30448\" \/>\n<meta property=\"og:site_name\" content=\"COLEGIO DE ARQUITECTOS DE CHILE\" \/>\n<meta property=\"article:publisher\" content=\"https:\/\/facebook.com\/Colegioarq\/\" \/>\n<meta property=\"article:published_time\" content=\"2023-06-16T04:45:45+00:00\" \/>\n<meta property=\"article:modified_time\" content=\"2023-06-15T18:27:37+00:00\" \/>\n<meta property=\"og:image\" content=\"https:\/\/colegioarquitectos.com\/noticias\/wp-content\/uploads\/2023\/06\/asamblea-GENERALEXTRA-DW.png\" \/>\n\t<meta property=\"og:image:width\" content=\"1280\" \/>\n\t<meta property=\"og:image:height\" content=\"720\" \/>\n\t<meta property=\"og:image:type\" content=\"image\/png\" \/>\n<meta name=\"author\" content=\"Colegio de Arquitectos de Chile\" \/>\n<meta name=\"twitter:card\" content=\"summary_large_image\" \/>\n<meta name=\"twitter:creator\" content=\"@colegioarq\" \/>\n<meta name=\"twitter:site\" content=\"@colegioarq\" \/>\n<meta name=\"twitter:label1\" content=\"Escrito por\" \/>\n\t<meta name=\"twitter:data1\" content=\"Colegio de Arquitectos de Chile\" \/>\n\t<meta name=\"twitter:label2\" content=\"Tiempo de lectura\" \/>\n\t<meta name=\"twitter:data2\" content=\"1 minuto\" \/>\n<script type=\"application\/ld+json\" class=\"yoast-schema-graph\">{\"@context\":\"https:\/\/schema.org\",\"@graph\":[{\"@type\":\"Article\",\"@id\":\"https:\/\/colegioarquitectos.com\/noticias\/?p=30448#article\",\"isPartOf\":{\"@id\":\"https:\/\/colegioarquitectos.com\/noticias\/?p=30448\"},\"author\":{\"name\":\"Colegio de Arquitectos de Chile\",\"@id\":\"https:\/\/colegioarquitectos.com\/noticias\/#\/schema\/person\/685cc0aad148303c5608f049af8285ad\"},\"headline\":\"Citaci\u00f3n a Asamblea Extraordinaria: 22 de junio de 2023\",\"datePublished\":\"2023-06-16T04:45:45+00:00\",\"dateModified\":\"2023-06-15T18:27:37+00:00\",\"mainEntityOfPage\":{\"@id\":\"https:\/\/colegioarquitectos.com\/noticias\/?p=30448\"},\"wordCount\":278,\"publisher\":{\"@id\":\"https:\/\/colegioarquitectos.com\/noticias\/#organization\"},\"image\":{\"@id\":\"https:\/\/colegioarquitectos.com\/noticias\/?p=30448#primaryimage\"},\"thumbnailUrl\":\"https:\/\/colegioarquitectos.com\/noticias\/wp-content\/uploads\/2023\/06\/asamblea-GENERALEXTRA-DW.png\",\"keywords\":[\"Asamblea\",\"Asamblea Extraordinaria\",\"Modificaci\u00f3n estatutaria\",\"Ratificaci\u00f3n de Asamblea Ordinaria\"],\"articleSection\":[\"Colegio\"],\"inLanguage\":\"es\"},{\"@type\":\"WebPage\",\"@id\":\"https:\/\/colegioarquitectos.com\/noticias\/?p=30448\",\"url\":\"https:\/\/colegioarquitectos.com\/noticias\/?p=30448\",\"name\":\"Citaci\u00f3n a Asamblea Extraordinaria: 22 de junio de 2023 - COLEGIO DE ARQUITECTOS DE CHILE\",\"isPartOf\":{\"@id\":\"https:\/\/colegioarquitectos.com\/noticias\/#website\"},\"primaryImageOfPage\":{\"@id\":\"https:\/\/colegioarquitectos.com\/noticias\/?p=30448#primaryimage\"},\"image\":{\"@id\":\"https:\/\/colegioarquitectos.com\/noticias\/?p=30448#primaryimage\"},\"thumbnailUrl\":\"https:\/\/colegioarquitectos.com\/noticias\/wp-content\/uploads\/2023\/06\/asamblea-GENERALEXTRA-DW.png\",\"datePublished\":\"2023-06-16T04:45:45+00:00\",\"dateModified\":\"2023-06-15T18:27:37+00:00\",\"breadcrumb\":{\"@id\":\"https:\/\/colegioarquitectos.com\/noticias\/?p=30448#breadcrumb\"},\"inLanguage\":\"es\",\"potentialAction\":[{\"@type\":\"ReadAction\",\"target\":[\"https:\/\/colegioarquitectos.com\/noticias\/?p=30448\"]}]},{\"@type\":\"ImageObject\",\"inLanguage\":\"es\",\"@id\":\"https:\/\/colegioarquitectos.com\/noticias\/?p=30448#primaryimage\",\"url\":\"https:\/\/colegioarquitectos.com\/noticias\/wp-content\/uploads\/2023\/06\/asamblea-GENERALEXTRA-DW.png\",\"contentUrl\":\"https:\/\/colegioarquitectos.com\/noticias\/wp-content\/uploads\/2023\/06\/asamblea-GENERALEXTRA-DW.png\",\"width\":1280,\"height\":720},{\"@type\":\"BreadcrumbList\",\"@id\":\"https:\/\/colegioarquitectos.com\/noticias\/?p=30448#breadcrumb\",\"itemListElement\":[{\"@type\":\"ListItem\",\"position\":1,\"name\":\"Portada\",\"item\":\"https:\/\/colegioarquitectos.com\/noticias\"},{\"@type\":\"ListItem\",\"position\":2,\"name\":\"Citaci\u00f3n a Asamblea Extraordinaria: 22 de junio de 2023\"}]},{\"@type\":\"WebSite\",\"@id\":\"https:\/\/colegioarquitectos.com\/noticias\/#website\",\"url\":\"https:\/\/colegioarquitectos.com\/noticias\/\",\"name\":\"COLEGIO DE ARQUITECTOS DE CHILE\",\"description\":\"\",\"publisher\":{\"@id\":\"https:\/\/colegioarquitectos.com\/noticias\/#organization\"},\"potentialAction\":[{\"@type\":\"SearchAction\",\"target\":{\"@type\":\"EntryPoint\",\"urlTemplate\":\"https:\/\/colegioarquitectos.com\/noticias\/?s={search_term_string}\"},\"query-input\":{\"@type\":\"PropertyValueSpecification\",\"valueRequired\":true,\"valueName\":\"search_term_string\"}}],\"inLanguage\":\"es\"},{\"@type\":\"Organization\",\"@id\":\"https:\/\/colegioarquitectos.com\/noticias\/#organization\",\"name\":\"COLEGIO DE ARQUITECTOS DE CHILE\",\"url\":\"https:\/\/colegioarquitectos.com\/noticias\/\",\"logo\":{\"@type\":\"ImageObject\",\"inLanguage\":\"es\",\"@id\":\"https:\/\/colegioarquitectos.com\/noticias\/#\/schema\/logo\/image\/\",\"url\":\"https:\/\/colegioarquitectos.com\/noticias\/wp-content\/uploads\/2021\/05\/ENCABEZADO-LOGO-CA.jpg\",\"contentUrl\":\"https:\/\/colegioarquitectos.com\/noticias\/wp-content\/uploads\/2021\/05\/ENCABEZADO-LOGO-CA.jpg\",\"width\":690,\"height\":350,\"caption\":\"COLEGIO DE ARQUITECTOS DE CHILE\"},\"image\":{\"@id\":\"https:\/\/colegioarquitectos.com\/noticias\/#\/schema\/logo\/image\/\"},\"sameAs\":[\"https:\/\/facebook.com\/Colegioarq\/\",\"https:\/\/x.com\/colegioarq\",\"https:\/\/instagram.com\/colegioarq\",\"https:\/\/youtube.com\/@ColegiodeArquitectosdeChile\"]},{\"@type\":\"Person\",\"@id\":\"https:\/\/colegioarquitectos.com\/noticias\/#\/schema\/person\/685cc0aad148303c5608f049af8285ad\",\"name\":\"Colegio de Arquitectos de Chile\",\"url\":\"https:\/\/colegioarquitectos.com\/noticias\/?author=4\"}]}<\/script>\n<!-- \/ Yoast SEO plugin. -->","yoast_head_json":{"title":"Citaci\u00f3n a Asamblea Extraordinaria: 22 de junio de 2023 - COLEGIO DE ARQUITECTOS DE CHILE","robots":{"index":"index","follow":"follow","max-snippet":"max-snippet:-1","max-image-preview":"max-image-preview:large","max-video-preview":"max-video-preview:-1"},"canonical":"https:\/\/colegioarquitectos.com\/noticias\/?p=30448","og_locale":"es_ES","og_type":"article","og_title":"Citaci\u00f3n a Asamblea Extraordinaria: 22 de junio de 2023 - COLEGIO DE ARQUITECTOS DE CHILE","og_description":"En raz\u00f3n de las atribuciones establecidas en el inciso 5 del art\u00edculo 11\u00b0, de los Estatutos vigentes, el Directorio Nacional del Colegio de Arquitectos de Chile A.G., convoca a Asamblea Extraordinaria de Socios, en primera citaci\u00f3n, para el d\u00eda 22 &hellip; ver m\u00e1s","og_url":"https:\/\/colegioarquitectos.com\/noticias\/?p=30448","og_site_name":"COLEGIO DE ARQUITECTOS DE CHILE","article_publisher":"https:\/\/facebook.com\/Colegioarq\/","article_published_time":"2023-06-16T04:45:45+00:00","article_modified_time":"2023-06-15T18:27:37+00:00","og_image":[{"width":1280,"height":720,"url":"https:\/\/colegioarquitectos.com\/noticias\/wp-content\/uploads\/2023\/06\/asamblea-GENERALEXTRA-DW.png","type":"image\/png"}],"author":"Colegio de Arquitectos de Chile","twitter_card":"summary_large_image","twitter_creator":"@colegioarq","twitter_site":"@colegioarq","twitter_misc":{"Escrito por":"Colegio de Arquitectos de Chile","Tiempo de lectura":"1 minuto"},"schema":{"@context":"https:\/\/schema.org","@graph":[{"@type":"Article","@id":"https:\/\/colegioarquitectos.com\/noticias\/?p=30448#article","isPartOf":{"@id":"https:\/\/colegioarquitectos.com\/noticias\/?p=30448"},"author":{"name":"Colegio de Arquitectos de Chile","@id":"https:\/\/colegioarquitectos.com\/noticias\/#\/schema\/person\/685cc0aad148303c5608f049af8285ad"},"headline":"Citaci\u00f3n a Asamblea Extraordinaria: 22 de junio de 2023","datePublished":"2023-06-16T04:45:45+00:00","dateModified":"2023-06-15T18:27:37+00:00","mainEntityOfPage":{"@id":"https:\/\/colegioarquitectos.com\/noticias\/?p=30448"},"wordCount":278,"publisher":{"@id":"https:\/\/colegioarquitectos.com\/noticias\/#organization"},"image":{"@id":"https:\/\/colegioarquitectos.com\/noticias\/?p=30448#primaryimage"},"thumbnailUrl":"https:\/\/colegioarquitectos.com\/noticias\/wp-content\/uploads\/2023\/06\/asamblea-GENERALEXTRA-DW.png","keywords":["Asamblea","Asamblea Extraordinaria","Modificaci\u00f3n estatutaria","Ratificaci\u00f3n de Asamblea Ordinaria"],"articleSection":["Colegio"],"inLanguage":"es"},{"@type":"WebPage","@id":"https:\/\/colegioarquitectos.com\/noticias\/?p=30448","url":"https:\/\/colegioarquitectos.com\/noticias\/?p=30448","name":"Citaci\u00f3n a Asamblea Extraordinaria: 22 de junio de 2023 - COLEGIO DE ARQUITECTOS DE CHILE","isPartOf":{"@id":"https:\/\/colegioarquitectos.com\/noticias\/#website"},"primaryImageOfPage":{"@id":"https:\/\/colegioarquitectos.com\/noticias\/?p=30448#primaryimage"},"image":{"@id":"https:\/\/colegioarquitectos.com\/noticias\/?p=30448#primaryimage"},"thumbnailUrl":"https:\/\/colegioarquitectos.com\/noticias\/wp-content\/uploads\/2023\/06\/asamblea-GENERALEXTRA-DW.png","datePublished":"2023-06-16T04:45:45+00:00","dateModified":"2023-06-15T18:27:37+00:00","breadcrumb":{"@id":"https:\/\/colegioarquitectos.com\/noticias\/?p=30448#breadcrumb"},"inLanguage":"es","potentialAction":[{"@type":"ReadAction","target":["https:\/\/colegioarquitectos.com\/noticias\/?p=30448"]}]},{"@type":"ImageObject","inLanguage":"es","@id":"https:\/\/colegioarquitectos.com\/noticias\/?p=30448#primaryimage","url":"https:\/\/colegioarquitectos.com\/noticias\/wp-content\/uploads\/2023\/06\/asamblea-GENERALEXTRA-DW.png","contentUrl":"https:\/\/colegioarquitectos.com\/noticias\/wp-content\/uploads\/2023\/06\/asamblea-GENERALEXTRA-DW.png","width":1280,"height":720},{"@type":"BreadcrumbList","@id":"https:\/\/colegioarquitectos.com\/noticias\/?p=30448#breadcrumb","itemListElement":[{"@type":"ListItem","position":1,"name":"Portada","item":"https:\/\/colegioarquitectos.com\/noticias"},{"@type":"ListItem","position":2,"name":"Citaci\u00f3n a Asamblea Extraordinaria: 22 de junio de 2023"}]},{"@type":"WebSite","@id":"https:\/\/colegioarquitectos.com\/noticias\/#website","url":"https:\/\/colegioarquitectos.com\/noticias\/","name":"COLEGIO DE ARQUITECTOS DE CHILE","description":"","publisher":{"@id":"https:\/\/colegioarquitectos.com\/noticias\/#organization"},"potentialAction":[{"@type":"SearchAction","target":{"@type":"EntryPoint","urlTemplate":"https:\/\/colegioarquitectos.com\/noticias\/?s={search_term_string}"},"query-input":{"@type":"PropertyValueSpecification","valueRequired":true,"valueName":"search_term_string"}}],"inLanguage":"es"},{"@type":"Organization","@id":"https:\/\/colegioarquitectos.com\/noticias\/#organization","name":"COLEGIO DE ARQUITECTOS DE CHILE","url":"https:\/\/colegioarquitectos.com\/noticias\/","logo":{"@type":"ImageObject","inLanguage":"es","@id":"https:\/\/colegioarquitectos.com\/noticias\/#\/schema\/logo\/image\/","url":"https:\/\/colegioarquitectos.com\/noticias\/wp-content\/uploads\/2021\/05\/ENCABEZADO-LOGO-CA.jpg","contentUrl":"https:\/\/colegioarquitectos.com\/noticias\/wp-content\/uploads\/2021\/05\/ENCABEZADO-LOGO-CA.jpg","width":690,"height":350,"caption":"COLEGIO DE ARQUITECTOS DE CHILE"},"image":{"@id":"https:\/\/colegioarquitectos.com\/noticias\/#\/schema\/logo\/image\/"},"sameAs":["https:\/\/facebook.com\/Colegioarq\/","https:\/\/x.com\/colegioarq","https:\/\/instagram.com\/colegioarq","https:\/\/youtube.com\/@ColegiodeArquitectosdeChile"]},{"@type":"Person","@id":"https:\/\/colegioarquitectos.com\/noticias\/#\/schema\/person\/685cc0aad148303c5608f049af8285ad","name":"Colegio de Arquitectos de Chile","url":"https:\/\/colegioarquitectos.com\/noticias\/?author=4"}]}},"_links":{"self":[{"href":"https:\/\/colegioarquitectos.com\/noticias\/index.php?rest_route=\/wp\/v2\/posts\/30448","targetHints":{"allow":["GET"]}}],"collection":[{"href":"https:\/\/colegioarquitectos.com\/noticias\/index.php?rest_route=\/wp\/v2\/posts"}],"about":[{"href":"https:\/\/colegioarquitectos.com\/noticias\/index.php?rest_route=\/wp\/v2\/types\/post"}],"author":[{"embeddable":true,"href":"https:\/\/colegioarquitectos.com\/noticias\/index.php?rest_route=\/wp\/v2\/users\/4"}],"replies":[{"embeddable":true,"href":"https:\/\/colegioarquitectos.com\/noticias\/index.php?rest_route=%2Fwp%2Fv2%2Fcomments&post=30448"}],"version-history":[{"count":0,"href":"https:\/\/colegioarquitectos.com\/noticias\/index.php?rest_route=\/wp\/v2\/posts\/30448\/revisions"}],"wp:featuredmedia":[{"embeddable":true,"href":"https:\/\/colegioarquitectos.com\/noticias\/index.php?rest_route=\/wp\/v2\/media\/30453"}],"wp:attachment":[{"href":"https:\/\/colegioarquitectos.com\/noticias\/index.php?rest_route=%2Fwp%2Fv2%2Fmedia&parent=30448"}],"wp:term":[{"taxonomy":"category","embeddable":true,"href":"https:\/\/colegioarquitectos.com\/noticias\/index.php?rest_route=%2Fwp%2Fv2%2Fcategories&post=30448"},{"taxonomy":"post_tag","embeddable":true,"href":"https:\/\/colegioarquitectos.com\/noticias\/index.php?rest_route=%2Fwp%2Fv2%2Ftags&post=30448"}],"curies":[{"name":"wp","href":"https:\/\/api.w.org\/{rel}","templated":true}]}}