
{"id":30555,"date":"2023-08-11T08:00:59","date_gmt":"2023-08-11T12:00:59","guid":{"rendered":"https:\/\/colegioarquitectos.com\/?p=30555"},"modified":"2023-08-14T12:24:48","modified_gmt":"2023-08-14T16:24:48","slug":"presenta-tus-candidatos-o-candidatas-a-los-premios-ca-2023","status":"publish","type":"post","link":"https:\/\/colegioarquitectos.com\/noticias\/?p=30555","title":{"rendered":"[Convocatoria cerrada] Presenta tus candidatos o candidatas a los Premios CA 2023"},"content":{"rendered":"<p>Los <strong>Premios CA<\/strong> son uno de los<strong> principales reconocimientos a los arquitectos y arquitectas del pa\u00eds<\/strong>, cada uno de los cuales destacan a <strong>ocho colegiados o colegiadas<\/strong>, referentes para nuestro quehacer por su <strong>excelencia, trabajo y aporte a la arquitectura<\/strong>.<\/p>\n<p>En tal sentido, el pr\u00f3ximo<strong> jueves 31 de agosto<\/strong> se realizar\u00e1 la ceremonia de entrega de los Premios CA, en el marco de la celebraci\u00f3n de los <strong>81 a\u00f1os del Colegio de Arquitectos de Chile<\/strong> y del <strong>Mes de la Arquitectura<\/strong>.<\/p>\n<p>A\u00f1o a a\u00f1o c<strong>olegiados y colegiadas, Comit\u00e9s, Delegaciones Zonales y facultades de arquitectura<\/strong>, entre otras, se suman y presentan candidatas o candidatos que consideran merecedores de ser reconocidos por el Colegio de Arquitectos de Chile.<\/p>\n<p>Las inscripciones deben contar con un responsable que represente al postulado o postulada y el apoyo de, al menos, <strong>cinco arquitectas o arquitectos colegiados activos, quienes deber\u00e1n limitar su postulaci\u00f3n a un solo candidato<\/strong>.<\/p>\n<p>El Directorio Nacional del Colegio de Arquitectos de Chile en su <strong>sesi\u00f3n N\u00b012<\/strong> (<strong>martes 18 de julio de 2023<\/strong>) decidi\u00f3 que los Premios CA desde esta edici\u00f3n, <strong>tendr\u00e1n car\u00e1cter bianual<\/strong>. Por otra parte, <strong>las Distinciones CA ser\u00e1n entregadas en el marco del Congreso Nacional de Arquitectos, con la misma periodicidad<\/strong>.<\/p>\n<p>&nbsp;<\/p>\n<h4>Reglamento de Premios y Distinciones<\/h4>\n<hr \/>\n<p>Puedes revisar el Reglamento de Premios y Distinciones del Colegio de Arquitectos de Chile <a href=\"https:\/\/colegioarquitectos.com\/noticias\/wp-content\/uploads\/2023\/07\/Reglamento-Premios-y-Distinciones-CA-2023-DN12-2023.pdf\"><strong>ac\u00e1<\/strong><\/a>.<\/p>\n<p>&nbsp;<\/p>\n<h4>Calendario de los Premios CA 2023<\/h4>\n<hr \/>\n<p>Lanzamiento de la convocatoria:<strong> viernes 21 de julio<\/strong><\/p>\n<p>Cierre de postulaciones: <strong>viernes 11 de agosto<\/strong><\/p>\n<p>Verificaci\u00f3n postulaciones:<strong> viernes 11 al mi\u00e9rcoles 23 de agosto<\/strong><\/p>\n<p>Sesi\u00f3n de Elecciones en Directorio Nacional:<strong> jueves 24 de agosto<\/strong><\/p>\n<p>Publicaci\u00f3n de ganadores o ganadoras: <strong>martes 29 de agosto<\/strong><\/p>\n<p>Premiaci\u00f3n:<strong> jueves 31 de agosto<\/strong><\/p>\n<p>&nbsp;<\/p>\n<h4>Premios CA<\/h4>\n<hr \/>\n<h4>Premio Alberto Risopatr\u00f3n<\/h4>\n<p>Al arquitecto o arquitecta colegiada que se haya distinguido por su labor gremial en el Colegio de Arquitectos.<\/p>\n<p>\u00daltimo ganador: <strong>Mario Neira Quiroga<\/strong><\/p>\n<p>&nbsp;<\/p>\n<h4>Premio Sergio Larra\u00edn Garc\u00eda-Moreno<\/h4>\n<p>Al arquitecto o arquitecta que se haya distinguido en el campo acad\u00e9mico o de investigaci\u00f3n.<\/p>\n<p>\u00daltimo ganador: <strong>Rodrigo P\u00e9rez de Arce<\/strong><\/p>\n<p>&nbsp;<\/p>\n<h4>Premio Ferm\u00edn Vivaceta Rupio<\/h4>\n<p>Al arquitecto o arquitecta que se haya destacado por su labor profesional en el \u00e1mbito de la tecnolog\u00eda aplicada a la arquitectura.<\/p>\n<p>\u00daltimo ganador: <strong>Esteban Rodr\u00edguez Soto<\/strong><\/p>\n<p>&nbsp;<\/p>\n<h4>Premio Alfredo Johnson<\/h4>\n<p>Al arquitecto o arquitecta que se haya distinguido por su labor como funcionario p\u00fablico, Fiscal o Municipal.<\/p>\n<p>\u00daltimo ganador: <strong>Marco Rodr\u00edguez Ormazabal<\/strong><\/p>\n<p>&nbsp;<\/p>\n<h4>Premio Manuel Moreno Guerrero<\/h4>\n<p>Al arquitecto o arquitecta que se haya destacado en su labor profesional en el \u00e1mbito de la valoraci\u00f3n del patrimonio arquitect\u00f3nico nacional.<\/p>\n<p>\u00daltima ganadora: <strong>Mar\u00eda Dolores Mu\u00f1oz Rebolledo<\/strong><\/p>\n<p>&nbsp;<\/p>\n<h4>Premio Promoci\u00f3n Joven<\/h4>\n<p>Al arquitecto o arquitecta colegiada menor de 35 a\u00f1os, cumplidos en el a\u00f1o de la premiaci\u00f3n, cuya labor constituya un ejemplo para los arquitectos de su generaci\u00f3n.<\/p>\n<p>\u00daltimo ganador: <strong>Nicol\u00e1s Valencia Mu\u00f1oz<\/strong><\/p>\n<p>&nbsp;<\/p>\n<h4>Premio Eliana Caraball<\/h4>\n<p>A la arquitecta que se haya destacado en cualquiera de los \u00e1mbitos de la arquitectura y que por su trabajo y rol social constituye un ejemplo por lograr un espacio de igualdad en la sociedad y el mundo laboral.<\/p>\n<p>\u00daltima ganadora: <strong>Maricarmen Tapia G\u00f3mez<\/strong><\/p>\n<p>&nbsp;<\/p>\n<h4>Premio Arquitectura Regional<\/h4>\n<p>Al arquitecto, arquitecta o equipo de arquitectos que vive (n) y se desempe\u00f1a (n) en regiones (fuera la Regi\u00f3n Metropolitana) y que a trav\u00e9s de su trabajo ha hecho importantes contribuciones desde su condici\u00f3n profesional a las ciudades, el territorio y la comunidad.<\/p>\n<p>\u00daltimo ganador: <strong>Fue declarado desierto en la \u00faltima edici\u00f3n.<\/strong><\/p>\n<p>&nbsp;<\/p>\n<h4>Formulario de postulaci\u00f3n \u2013 Premios CA 2023<\/h4>\n<hr \/>\n<p><strong><img loading=\"lazy\" decoding=\"async\" class=\"alignnone wp-image-27422\" src=\"https:\/\/colegioarquitectos.com\/noticias\/wp-content\/uploads\/2021\/07\/gformpng.png\" alt=\"\" width=\"28\" height=\"32\" data-attachment-id=\"27422\" data-permalink=\"https:\/\/colegioarquitectos.com\/?attachment_id=27422\" data-orig-file=\"https:\/\/colegioarquitectos.com\/noticias\/wp-content\/uploads\/2021\/07\/gformpng.png\" data-orig-size=\"30,34\" data-comments-opened=\"0\" data-image-meta=\"{&quot;aperture&quot;:&quot;0&quot;,&quot;credit&quot;:&quot;&quot;,&quot;camera&quot;:&quot;&quot;,&quot;caption&quot;:&quot;&quot;,&quot;created_timestamp&quot;:&quot;0&quot;,&quot;copyright&quot;:&quot;&quot;,&quot;focal_length&quot;:&quot;0&quot;,&quot;iso&quot;:&quot;0&quot;,&quot;shutter_speed&quot;:&quot;0&quot;,&quot;title&quot;:&quot;&quot;,&quot;orientation&quot;:&quot;0&quot;}\" data-image-title=\"gformpng\" data-image-description=\"\" data-medium-file=\"https:\/\/colegioarquitectos.com\/noticias\/wp-content\/uploads\/2021\/07\/gformpng.png\" data-large-file=\"https:\/\/colegioarquitectos.com\/noticias\/wp-content\/uploads\/2021\/07\/gformpng.png\" \/>\u00a0 <\/strong><strong><a href=\"https:\/\/docs.google.com\/forms\/d\/e\/1FAIpQLSdjEZlVKWTYY3-hzwMxqh6iyDKfuOix7_QDsC5QTy2xjfx59w\/viewform?usp=sf_link\">Presenta tus candidatos o candidatas a los Premios CA 2023<\/a><\/strong><\/p>\n<p>&nbsp;<\/p>\n<p>&nbsp;<\/p>\n<hr \/>\n<p>Puedes encontrar toda la informaci\u00f3n sobre el <strong>Mes de la Arquitectura<\/strong> y las actividades de conmemoraci\u00f3n de los <strong>81 a\u00f1os del Colegio de Arquitectos de Chile<\/strong> en <strong><a href=\"http:\/\/www.colegioarquitectos.com\">wwww.colegioarquitectos.com<\/a><\/strong> y en nuestras redes sociales: <strong>@colegioarq<\/strong> (<strong><a href=\"https:\/\/www.instagram.com\/colegioarq\/\">Instagram<\/a><\/strong>, <strong><a href=\"https:\/\/twitter.com\/colegioarq\">Twitter<\/a><\/strong>, <strong><a href=\"https:\/\/www.facebook.com\/Colegioarq\/\">Facebook<\/a><\/strong>, <strong><a href=\"https:\/\/www.tiktok.com\/@colegioarq\">TikTok<\/a><\/strong> y <strong><a href=\"https:\/\/www.threads.net\/@colegioarq\">Threads<\/a><\/strong>) y <strong>@ColegiodeArquitectosdeChile<\/strong> (<strong><a href=\"https:\/\/www.youtube.com\/ColegiodeArquitectosdeChile\">YouTube<\/a><\/strong>).<\/p>\n<p>&nbsp;<\/p>\n<p>Las actividades conmemorativas de los <strong>81 a\u00f1os<\/strong> del <strong>Colegio de Arquitectos de Chile<\/strong> cuentan con el apoyo de <strong>STO Chile<\/strong>,\u00a0<strong>EMPRESAS VOLC\u00c1N<\/strong>,<strong>\u00a0Cintac INSTAPANEL <\/strong>y<strong> Cer\u00e1mica Santiago.<\/strong><\/p>\n<p><\/p>","protected":false},"excerpt":{"rendered":"<p>Los Premios CA son uno de los principales reconocimientos a los arquitectos y arquitectas del pa\u00eds, cada uno de los cuales destacan a ocho colegiados o colegiadas, referentes para nuestro quehacer por su excelencia, trabajo y aporte a la arquitectura. &hellip; <a class=\"more-link\" href=\"https:\/\/colegioarquitectos.com\/noticias\/?p=30555\">ver m\u00e1s<\/a><\/p>","protected":false},"author":4,"featured_media":30557,"comment_status":"closed","ping_status":"closed","sticky":false,"template":"","format":"standard","meta":{"footnotes":""},"categories":[547,8],"tags":[487,489,488,99,486,485],"class_list":["post-30555","post","type-post","status-publish","format-standard","has-post-thumbnail","hentry","category-81-anos-ca","category-colegio-de-arquitectos","tag-81-anos","tag-81-anos-del-colegio-de-arquitectos-de-chile","tag-mes-de-la-arquitectura","tag-premios-ca","tag-premios-ca-2023","tag-premios-colegio-de-arquitectos"],"yoast_head":"<!-- This site is optimized with the Yoast SEO plugin v24.2 - https:\/\/yoast.com\/wordpress\/plugins\/seo\/ -->\n<title>[Convocatoria cerrada] Presenta tus candidatos o candidatas a los Premios CA 2023 - COLEGIO DE ARQUITECTOS DE CHILE<\/title>\n<meta name=\"robots\" content=\"index, follow, max-snippet:-1, max-image-preview:large, max-video-preview:-1\" \/>\n<link rel=\"canonical\" href=\"https:\/\/colegioarquitectos.com\/noticias\/?p=30555\" \/>\n<meta property=\"og:locale\" content=\"es_ES\" \/>\n<meta property=\"og:type\" content=\"article\" \/>\n<meta property=\"og:title\" content=\"[Convocatoria cerrada] Presenta tus candidatos o candidatas a los Premios CA 2023 - COLEGIO DE ARQUITECTOS DE CHILE\" \/>\n<meta property=\"og:description\" content=\"Los Premios CA son uno de los principales reconocimientos a los arquitectos y arquitectas del pa\u00eds, cada uno de los cuales destacan a ocho colegiados o colegiadas, referentes para nuestro quehacer por su excelencia, trabajo y aporte a la arquitectura. &hellip; ver m\u00e1s\" \/>\n<meta property=\"og:url\" content=\"https:\/\/colegioarquitectos.com\/noticias\/?p=30555\" \/>\n<meta property=\"og:site_name\" content=\"COLEGIO DE ARQUITECTOS DE CHILE\" \/>\n<meta property=\"article:publisher\" content=\"https:\/\/facebook.com\/Colegioarq\/\" \/>\n<meta property=\"article:published_time\" content=\"2023-08-11T12:00:59+00:00\" \/>\n<meta property=\"article:modified_time\" content=\"2023-08-14T16:24:48+00:00\" \/>\n<meta property=\"og:image\" content=\"https:\/\/colegioarquitectos.com\/noticias\/wp-content\/uploads\/2023\/07\/ANIVERSARIO-CA-2023-premios-DESTWEB-PORTADA-PREMIOS.png\" \/>\n\t<meta property=\"og:image:width\" content=\"1280\" \/>\n\t<meta property=\"og:image:height\" content=\"720\" \/>\n\t<meta property=\"og:image:type\" content=\"image\/png\" \/>\n<meta name=\"author\" content=\"Colegio de Arquitectos de Chile\" \/>\n<meta name=\"twitter:card\" content=\"summary_large_image\" \/>\n<meta name=\"twitter:creator\" content=\"@colegioarq\" \/>\n<meta name=\"twitter:site\" content=\"@colegioarq\" \/>\n<meta name=\"twitter:label1\" content=\"Escrito por\" \/>\n\t<meta name=\"twitter:data1\" content=\"Colegio de Arquitectos de Chile\" \/>\n\t<meta name=\"twitter:label2\" content=\"Tiempo de lectura\" \/>\n\t<meta name=\"twitter:data2\" content=\"3 minutos\" \/>\n<script type=\"application\/ld+json\" class=\"yoast-schema-graph\">{\"@context\":\"https:\/\/schema.org\",\"@graph\":[{\"@type\":\"Article\",\"@id\":\"https:\/\/colegioarquitectos.com\/noticias\/?p=30555#article\",\"isPartOf\":{\"@id\":\"https:\/\/colegioarquitectos.com\/noticias\/?p=30555\"},\"author\":{\"name\":\"Colegio de Arquitectos de Chile\",\"@id\":\"https:\/\/colegioarquitectos.com\/noticias\/#\/schema\/person\/685cc0aad148303c5608f049af8285ad\"},\"headline\":\"[Convocatoria cerrada] Presenta tus candidatos o candidatas a los Premios CA 2023\",\"datePublished\":\"2023-08-11T12:00:59+00:00\",\"dateModified\":\"2023-08-14T16:24:48+00:00\",\"mainEntityOfPage\":{\"@id\":\"https:\/\/colegioarquitectos.com\/noticias\/?p=30555\"},\"wordCount\":702,\"publisher\":{\"@id\":\"https:\/\/colegioarquitectos.com\/noticias\/#organization\"},\"image\":{\"@id\":\"https:\/\/colegioarquitectos.com\/noticias\/?p=30555#primaryimage\"},\"thumbnailUrl\":\"https:\/\/colegioarquitectos.com\/noticias\/wp-content\/uploads\/2023\/07\/ANIVERSARIO-CA-2023-premios-DESTWEB-PORTADA-PREMIOS.png\",\"keywords\":[\"81 a\u00f1os\",\"81 a\u00f1os del Colegio de Arquitectos de Chile\",\"Mes de la Arquitectura\",\"Premios CA\",\"Premios CA 2023\",\"Premios Colegio de Arquitectos\"],\"articleSection\":[\"81 a\u00f1os CA\",\"Colegio\"],\"inLanguage\":\"es\"},{\"@type\":\"WebPage\",\"@id\":\"https:\/\/colegioarquitectos.com\/noticias\/?p=30555\",\"url\":\"https:\/\/colegioarquitectos.com\/noticias\/?p=30555\",\"name\":\"[Convocatoria cerrada] Presenta tus candidatos o candidatas a los Premios CA 2023 - COLEGIO DE ARQUITECTOS DE CHILE\",\"isPartOf\":{\"@id\":\"https:\/\/colegioarquitectos.com\/noticias\/#website\"},\"primaryImageOfPage\":{\"@id\":\"https:\/\/colegioarquitectos.com\/noticias\/?p=30555#primaryimage\"},\"image\":{\"@id\":\"https:\/\/colegioarquitectos.com\/noticias\/?p=30555#primaryimage\"},\"thumbnailUrl\":\"https:\/\/colegioarquitectos.com\/noticias\/wp-content\/uploads\/2023\/07\/ANIVERSARIO-CA-2023-premios-DESTWEB-PORTADA-PREMIOS.png\",\"datePublished\":\"2023-08-11T12:00:59+00:00\",\"dateModified\":\"2023-08-14T16:24:48+00:00\",\"breadcrumb\":{\"@id\":\"https:\/\/colegioarquitectos.com\/noticias\/?p=30555#breadcrumb\"},\"inLanguage\":\"es\",\"potentialAction\":[{\"@type\":\"ReadAction\",\"target\":[\"https:\/\/colegioarquitectos.com\/noticias\/?p=30555\"]}]},{\"@type\":\"ImageObject\",\"inLanguage\":\"es\",\"@id\":\"https:\/\/colegioarquitectos.com\/noticias\/?p=30555#primaryimage\",\"url\":\"https:\/\/colegioarquitectos.com\/noticias\/wp-content\/uploads\/2023\/07\/ANIVERSARIO-CA-2023-premios-DESTWEB-PORTADA-PREMIOS.png\",\"contentUrl\":\"https:\/\/colegioarquitectos.com\/noticias\/wp-content\/uploads\/2023\/07\/ANIVERSARIO-CA-2023-premios-DESTWEB-PORTADA-PREMIOS.png\",\"width\":1280,\"height\":720},{\"@type\":\"BreadcrumbList\",\"@id\":\"https:\/\/colegioarquitectos.com\/noticias\/?p=30555#breadcrumb\",\"itemListElement\":[{\"@type\":\"ListItem\",\"position\":1,\"name\":\"Portada\",\"item\":\"https:\/\/colegioarquitectos.com\/noticias\"},{\"@type\":\"ListItem\",\"position\":2,\"name\":\"[Convocatoria cerrada] Presenta tus candidatos o candidatas a los Premios CA 2023\"}]},{\"@type\":\"WebSite\",\"@id\":\"https:\/\/colegioarquitectos.com\/noticias\/#website\",\"url\":\"https:\/\/colegioarquitectos.com\/noticias\/\",\"name\":\"COLEGIO DE ARQUITECTOS DE CHILE\",\"description\":\"\",\"publisher\":{\"@id\":\"https:\/\/colegioarquitectos.com\/noticias\/#organization\"},\"potentialAction\":[{\"@type\":\"SearchAction\",\"target\":{\"@type\":\"EntryPoint\",\"urlTemplate\":\"https:\/\/colegioarquitectos.com\/noticias\/?s={search_term_string}\"},\"query-input\":{\"@type\":\"PropertyValueSpecification\",\"valueRequired\":true,\"valueName\":\"search_term_string\"}}],\"inLanguage\":\"es\"},{\"@type\":\"Organization\",\"@id\":\"https:\/\/colegioarquitectos.com\/noticias\/#organization\",\"name\":\"COLEGIO DE ARQUITECTOS DE CHILE\",\"url\":\"https:\/\/colegioarquitectos.com\/noticias\/\",\"logo\":{\"@type\":\"ImageObject\",\"inLanguage\":\"es\",\"@id\":\"https:\/\/colegioarquitectos.com\/noticias\/#\/schema\/logo\/image\/\",\"url\":\"https:\/\/colegioarquitectos.com\/noticias\/wp-content\/uploads\/2021\/05\/ENCABEZADO-LOGO-CA.jpg\",\"contentUrl\":\"https:\/\/colegioarquitectos.com\/noticias\/wp-content\/uploads\/2021\/05\/ENCABEZADO-LOGO-CA.jpg\",\"width\":690,\"height\":350,\"caption\":\"COLEGIO DE ARQUITECTOS DE CHILE\"},\"image\":{\"@id\":\"https:\/\/colegioarquitectos.com\/noticias\/#\/schema\/logo\/image\/\"},\"sameAs\":[\"https:\/\/facebook.com\/Colegioarq\/\",\"https:\/\/x.com\/colegioarq\",\"https:\/\/instagram.com\/colegioarq\",\"https:\/\/youtube.com\/@ColegiodeArquitectosdeChile\"]},{\"@type\":\"Person\",\"@id\":\"https:\/\/colegioarquitectos.com\/noticias\/#\/schema\/person\/685cc0aad148303c5608f049af8285ad\",\"name\":\"Colegio de Arquitectos de Chile\",\"url\":\"https:\/\/colegioarquitectos.com\/noticias\/?author=4\"}]}<\/script>\n<!-- \/ Yoast SEO plugin. -->","yoast_head_json":{"title":"[Convocatoria cerrada] Presenta tus candidatos o candidatas a los Premios CA 2023 - COLEGIO DE ARQUITECTOS DE CHILE","robots":{"index":"index","follow":"follow","max-snippet":"max-snippet:-1","max-image-preview":"max-image-preview:large","max-video-preview":"max-video-preview:-1"},"canonical":"https:\/\/colegioarquitectos.com\/noticias\/?p=30555","og_locale":"es_ES","og_type":"article","og_title":"[Convocatoria cerrada] Presenta tus candidatos o candidatas a los Premios CA 2023 - COLEGIO DE ARQUITECTOS DE CHILE","og_description":"Los Premios CA son uno de los principales reconocimientos a los arquitectos y arquitectas del pa\u00eds, cada uno de los cuales destacan a ocho colegiados o colegiadas, referentes para nuestro quehacer por su excelencia, trabajo y aporte a la arquitectura. &hellip; ver m\u00e1s","og_url":"https:\/\/colegioarquitectos.com\/noticias\/?p=30555","og_site_name":"COLEGIO DE ARQUITECTOS DE CHILE","article_publisher":"https:\/\/facebook.com\/Colegioarq\/","article_published_time":"2023-08-11T12:00:59+00:00","article_modified_time":"2023-08-14T16:24:48+00:00","og_image":[{"width":1280,"height":720,"url":"https:\/\/colegioarquitectos.com\/noticias\/wp-content\/uploads\/2023\/07\/ANIVERSARIO-CA-2023-premios-DESTWEB-PORTADA-PREMIOS.png","type":"image\/png"}],"author":"Colegio de Arquitectos de Chile","twitter_card":"summary_large_image","twitter_creator":"@colegioarq","twitter_site":"@colegioarq","twitter_misc":{"Escrito por":"Colegio de Arquitectos de Chile","Tiempo de lectura":"3 minutos"},"schema":{"@context":"https:\/\/schema.org","@graph":[{"@type":"Article","@id":"https:\/\/colegioarquitectos.com\/noticias\/?p=30555#article","isPartOf":{"@id":"https:\/\/colegioarquitectos.com\/noticias\/?p=30555"},"author":{"name":"Colegio de Arquitectos de Chile","@id":"https:\/\/colegioarquitectos.com\/noticias\/#\/schema\/person\/685cc0aad148303c5608f049af8285ad"},"headline":"[Convocatoria cerrada] Presenta tus candidatos o candidatas a los Premios CA 2023","datePublished":"2023-08-11T12:00:59+00:00","dateModified":"2023-08-14T16:24:48+00:00","mainEntityOfPage":{"@id":"https:\/\/colegioarquitectos.com\/noticias\/?p=30555"},"wordCount":702,"publisher":{"@id":"https:\/\/colegioarquitectos.com\/noticias\/#organization"},"image":{"@id":"https:\/\/colegioarquitectos.com\/noticias\/?p=30555#primaryimage"},"thumbnailUrl":"https:\/\/colegioarquitectos.com\/noticias\/wp-content\/uploads\/2023\/07\/ANIVERSARIO-CA-2023-premios-DESTWEB-PORTADA-PREMIOS.png","keywords":["81 a\u00f1os","81 a\u00f1os del Colegio de Arquitectos de Chile","Mes de la Arquitectura","Premios CA","Premios CA 2023","Premios Colegio de Arquitectos"],"articleSection":["81 a\u00f1os CA","Colegio"],"inLanguage":"es"},{"@type":"WebPage","@id":"https:\/\/colegioarquitectos.com\/noticias\/?p=30555","url":"https:\/\/colegioarquitectos.com\/noticias\/?p=30555","name":"[Convocatoria cerrada] Presenta tus candidatos o candidatas a los Premios CA 2023 - COLEGIO DE ARQUITECTOS DE CHILE","isPartOf":{"@id":"https:\/\/colegioarquitectos.com\/noticias\/#website"},"primaryImageOfPage":{"@id":"https:\/\/colegioarquitectos.com\/noticias\/?p=30555#primaryimage"},"image":{"@id":"https:\/\/colegioarquitectos.com\/noticias\/?p=30555#primaryimage"},"thumbnailUrl":"https:\/\/colegioarquitectos.com\/noticias\/wp-content\/uploads\/2023\/07\/ANIVERSARIO-CA-2023-premios-DESTWEB-PORTADA-PREMIOS.png","datePublished":"2023-08-11T12:00:59+00:00","dateModified":"2023-08-14T16:24:48+00:00","breadcrumb":{"@id":"https:\/\/colegioarquitectos.com\/noticias\/?p=30555#breadcrumb"},"inLanguage":"es","potentialAction":[{"@type":"ReadAction","target":["https:\/\/colegioarquitectos.com\/noticias\/?p=30555"]}]},{"@type":"ImageObject","inLanguage":"es","@id":"https:\/\/colegioarquitectos.com\/noticias\/?p=30555#primaryimage","url":"https:\/\/colegioarquitectos.com\/noticias\/wp-content\/uploads\/2023\/07\/ANIVERSARIO-CA-2023-premios-DESTWEB-PORTADA-PREMIOS.png","contentUrl":"https:\/\/colegioarquitectos.com\/noticias\/wp-content\/uploads\/2023\/07\/ANIVERSARIO-CA-2023-premios-DESTWEB-PORTADA-PREMIOS.png","width":1280,"height":720},{"@type":"BreadcrumbList","@id":"https:\/\/colegioarquitectos.com\/noticias\/?p=30555#breadcrumb","itemListElement":[{"@type":"ListItem","position":1,"name":"Portada","item":"https:\/\/colegioarquitectos.com\/noticias"},{"@type":"ListItem","position":2,"name":"[Convocatoria cerrada] Presenta tus candidatos o candidatas a los Premios CA 2023"}]},{"@type":"WebSite","@id":"https:\/\/colegioarquitectos.com\/noticias\/#website","url":"https:\/\/colegioarquitectos.com\/noticias\/","name":"COLEGIO DE ARQUITECTOS DE CHILE","description":"","publisher":{"@id":"https:\/\/colegioarquitectos.com\/noticias\/#organization"},"potentialAction":[{"@type":"SearchAction","target":{"@type":"EntryPoint","urlTemplate":"https:\/\/colegioarquitectos.com\/noticias\/?s={search_term_string}"},"query-input":{"@type":"PropertyValueSpecification","valueRequired":true,"valueName":"search_term_string"}}],"inLanguage":"es"},{"@type":"Organization","@id":"https:\/\/colegioarquitectos.com\/noticias\/#organization","name":"COLEGIO DE ARQUITECTOS DE CHILE","url":"https:\/\/colegioarquitectos.com\/noticias\/","logo":{"@type":"ImageObject","inLanguage":"es","@id":"https:\/\/colegioarquitectos.com\/noticias\/#\/schema\/logo\/image\/","url":"https:\/\/colegioarquitectos.com\/noticias\/wp-content\/uploads\/2021\/05\/ENCABEZADO-LOGO-CA.jpg","contentUrl":"https:\/\/colegioarquitectos.com\/noticias\/wp-content\/uploads\/2021\/05\/ENCABEZADO-LOGO-CA.jpg","width":690,"height":350,"caption":"COLEGIO DE ARQUITECTOS DE CHILE"},"image":{"@id":"https:\/\/colegioarquitectos.com\/noticias\/#\/schema\/logo\/image\/"},"sameAs":["https:\/\/facebook.com\/Colegioarq\/","https:\/\/x.com\/colegioarq","https:\/\/instagram.com\/colegioarq","https:\/\/youtube.com\/@ColegiodeArquitectosdeChile"]},{"@type":"Person","@id":"https:\/\/colegioarquitectos.com\/noticias\/#\/schema\/person\/685cc0aad148303c5608f049af8285ad","name":"Colegio de Arquitectos de Chile","url":"https:\/\/colegioarquitectos.com\/noticias\/?author=4"}]}},"_links":{"self":[{"href":"https:\/\/colegioarquitectos.com\/noticias\/index.php?rest_route=\/wp\/v2\/posts\/30555","targetHints":{"allow":["GET"]}}],"collection":[{"href":"https:\/\/colegioarquitectos.com\/noticias\/index.php?rest_route=\/wp\/v2\/posts"}],"about":[{"href":"https:\/\/colegioarquitectos.com\/noticias\/index.php?rest_route=\/wp\/v2\/types\/post"}],"author":[{"embeddable":true,"href":"https:\/\/colegioarquitectos.com\/noticias\/index.php?rest_route=\/wp\/v2\/users\/4"}],"replies":[{"embeddable":true,"href":"https:\/\/colegioarquitectos.com\/noticias\/index.php?rest_route=%2Fwp%2Fv2%2Fcomments&post=30555"}],"version-history":[{"count":0,"href":"https:\/\/colegioarquitectos.com\/noticias\/index.php?rest_route=\/wp\/v2\/posts\/30555\/revisions"}],"wp:featuredmedia":[{"embeddable":true,"href":"https:\/\/colegioarquitectos.com\/noticias\/index.php?rest_route=\/wp\/v2\/media\/30557"}],"wp:attachment":[{"href":"https:\/\/colegioarquitectos.com\/noticias\/index.php?rest_route=%2Fwp%2Fv2%2Fmedia&parent=30555"}],"wp:term":[{"taxonomy":"category","embeddable":true,"href":"https:\/\/colegioarquitectos.com\/noticias\/index.php?rest_route=%2Fwp%2Fv2%2Fcategories&post=30555"},{"taxonomy":"post_tag","embeddable":true,"href":"https:\/\/colegioarquitectos.com\/noticias\/index.php?rest_route=%2Fwp%2Fv2%2Ftags&post=30555"}],"curies":[{"name":"wp","href":"https:\/\/api.w.org\/{rel}","templated":true}]}}