
{"id":30574,"date":"2026-01-15T15:00:08","date_gmt":"2026-01-15T19:00:08","guid":{"rendered":"https:\/\/colegioarquitectos.com\/?p=30574"},"modified":"2026-01-22T09:16:07","modified_gmt":"2026-01-22T13:16:07","slug":"se-parte-del-ciclo-2023-del-programa-nacional-de-induccion-y-capacitacion-del-colegio-de-arquitectos-de-chile-pnic-ca","status":"publish","type":"post","link":"https:\/\/colegioarquitectos.com\/noticias\/?p=30574","title":{"rendered":"Participa del nuevo ciclo del Programa Nacional de Inducci\u00f3n y Capacitaci\u00f3n del Colegio de Arquitectos de Chile (PNIC CA)"},"content":{"rendered":"<p>Desde 2021, en el marco del <strong>Programa Nacional de Inducci\u00f3n y Capacitaci\u00f3n del Colegio de Arquitectos de Chile (PNIC CA)<\/strong>, se han realizado m\u00e1s de <strong>70 charlas educativas<\/strong>.<\/p>\n<p>El Programa Nacional de Inducci\u00f3n y Capacitaci\u00f3n aborda <strong>temas normativos, motivacionales y tecnol\u00f3gicos<\/strong>, que cruzan las m\u00e1s variadas \u00e1reas de especialidad. Por ejemplo, <strong>los normativos est\u00e1n dirigidos al \u00e1mbito urbano, patrimonial, territorial y sectorial con aplicaci\u00f3n vigente o futura<\/strong>.<\/p>\n<p>En tanto, <strong>los temas motivacionales est\u00e1n dirigidos a arquitectos y arquitectas con diferentes niveles de experiencias, del sector p\u00fablico o privado, dependientes o independientes<\/strong>. Finalmente, <strong>los temas tecnol\u00f3gicos est\u00e1n enfocados a la construcci\u00f3n o tecnolog\u00eda de la informaci\u00f3n<\/strong>.<\/p>\n<p>En este contexto, y en virtud de la exitosa evaluaci\u00f3n de los tres a\u00f1os de desarrollo, el PNIC CA volver\u00e1 con una renovada parrilla 2025<\/p>\n<p>Las sesiones ser\u00e1n transmitidas en vivo a trav\u00e9s de YouTube en\u00a0<strong><a href=\"https:\/\/www.youtube.com\/ColegiodeArquitectosdeChile\"><span style=\"color: #000000;\">www.youtube.com\/ColegiodeArquitectosdeChile<\/span><\/a><\/strong>\u00a0y en Facebook Live en <span style=\"color: #000000;\"><strong><a style=\"color: #000000;\" href=\"http:\/\/www.facebook.com\/colegioarq\">www.facebook.com\/colegioarq<\/a><\/strong><\/span>.<\/p>\n<hr \/>\n<h4><img loading=\"lazy\" decoding=\"async\" class=\"alignnone size-full wp-image-34896\" src=\"https:\/\/colegioarquitectos.com\/noticias\/wp-content\/uploads\/2025\/12\/PNIC-header.png\" alt=\"\" width=\"800\" height=\"144\" srcset=\"https:\/\/colegioarquitectos.com\/noticias\/wp-content\/uploads\/2025\/12\/PNIC-header.png 800w, https:\/\/colegioarquitectos.com\/noticias\/wp-content\/uploads\/2025\/12\/PNIC-header-300x54.png 300w, https:\/\/colegioarquitectos.com\/noticias\/wp-content\/uploads\/2025\/12\/PNIC-header-768x138.png 768w\" sizes=\"auto, (max-width: 800px) 100vw, 800px\" \/><\/h4>\n<hr \/>\n<h4>PROGRAMACI\u00d3N <img loading=\"lazy\" decoding=\"async\" class=\"wp-image-34900 alignright\" src=\"https:\/\/colegioarquitectos.com\/noticias\/wp-content\/uploads\/2025\/12\/sortvydate-1.png\" alt=\"\" width=\"140\" height=\"69\" srcset=\"https:\/\/colegioarquitectos.com\/noticias\/wp-content\/uploads\/2025\/12\/sortvydate-1.png 469w, https:\/\/colegioarquitectos.com\/noticias\/wp-content\/uploads\/2025\/12\/sortvydate-1-300x147.png 300w\" sizes=\"auto, (max-width: 140px) 100vw, 140px\" \/>SESIONES PNIC 2025<\/h4>\n<p>&nbsp;<\/p>\n<p>&nbsp;<\/p>\n<hr \/>\n<h4><strong>\u00ab<\/strong><strong>Propuestas ciudadanas <\/strong><strong>para [re]generar la ciudad de Cartagena \u2013 San Antonio\u00bb<\/strong><\/h4>\n<p>\ufe0f <img loading=\"lazy\" decoding=\"async\" class=\"alignnone wp-image-34894\" src=\"https:\/\/colegioarquitectos.com\/noticias\/wp-content\/uploads\/2025\/12\/calendaricon.png\" alt=\"\" width=\"30\" height=\"30\" \/>\u00a0 22 de enero de 2026 \/ 19.00 horas<\/p>\n<p>Organizada por el Comit\u00e9 de H\u00e1bitat y Vivienda del Colegio de Arquitectos de Chile sobre la experiencia en 2025 del acompa\u00f1amiento t\u00e9cnico a diferentes organizaciones del territorio Cartagena y San Antonio para formular ideas de regeneraci\u00f3n de esta ciudad intermedia de unos 150 mil habitantes, que se transform\u00f3 en un \u00e1rea de sacrificio, o de NO-habitar, por el abandondo del Estado, por el desarrollo del puerto y el proyecto de su ampliaci\u00f3n, tambi\u00e9n por la demanda insatisfecha de vivienda, que se tradujo por las tomas, las amenazas de desalojo y las dif\u00edciles negociaciones entre el Estado y los propietarios.<\/p>\n<p><strong>Expositores:<\/strong><\/p>\n<p>Presentaci\u00f3n de la experiencia: <strong>Arq. Francisco Astete Secretario Comit\u00e9 HyV <\/strong><\/p>\n<p>Propuestas patrimoniales: <strong>Arq. Adolfo Aranda, Patio Ferreiro <\/strong><\/p>\n<p>Propuestas en torno a amenazas y propuestas de ampliaci\u00f3n del puerto: <strong>Arq. Isabel Soto, San Antonio<\/strong><\/p>\n<p>&nbsp;<\/p>\n<p><strong>Modera: <\/strong><\/p>\n<p style=\"text-align: left;\"><strong>Ana Sugranyes: <\/strong>Doctora en Urbanismo y presidenta del Comit\u00e9 de H\u00e1bitat y Vivienda del Colegio de Arquitectos de Chile<\/p>\n<p style=\"text-align: center;\">\u00a0<iframe loading=\"lazy\" title=\"YouTube video player\" src=\"https:\/\/www.youtube.com\/embed\/wWDC5yRVj_Y?si=IFdB4_6L0LhVb-sE\" width=\"960\" height=\"615\" frameborder=\"0\" allowfullscreen=\"allowfullscreen\"><\/iframe><\/p>\n<p>&nbsp;<\/p>\n<p>&nbsp;<\/p>\n<hr \/>\n<h4>\u00abMatriz itinerante de emergencia, vivienda de emergencia modular\u00bb<\/h4>\n<p>\ufe0f <img loading=\"lazy\" decoding=\"async\" class=\"alignnone wp-image-34894\" src=\"https:\/\/colegioarquitectos.com\/noticias\/wp-content\/uploads\/2025\/12\/calendaricon.png\" alt=\"\" width=\"30\" height=\"30\" \/>\u00a0 15 de enero de 2026 \/ 19.00 horas<\/p>\n<p>Matriz Itinerante de Emergencia surge para entregar soluciones r\u00e1pidas a comunidades afectadas por cat\u00e1strofes como incendios o terremotos. Propone m\u00f3dulos habitacionales vers\u00e1tiles, f\u00e1ciles de transportar y montar, que permiten crear complejos capaces de alojar hasta 30 familias sin ocupar escuelas ni interrumpir su funci\u00f3n educativa. La estructura utiliza madera CLT, pilares y vigas laminadas, junto a contravientos de acero y anclajes helicoidales, lo que permite un montaje en seco, instalaci\u00f3n r\u00e1pida y buena resistencia s\u00edsmica. El proyecto obtuvo el primer lugar en el concurso internacional BUILD THE (IM)POSSIBLE, organizado por la empresa multinacional Rothoblaas, en la categor\u00eda \u00abEstudiantes, investigadores y acad\u00e9micos\u00bb.<\/p>\n<p>&nbsp;<\/p>\n<p><strong>Expositores:<\/strong><\/p>\n<p><strong>Vicente Castillo, Mat\u00edas Flores, Roque Gonz\u00e1lez <\/strong>y<strong> Anahis Sanhueza<\/strong><\/p>\n<p>Estudiantes de quinto a\u00f1o Arquitectura USACH<\/p>\n<p>&nbsp;<\/p>\n<p style=\"text-align: left;\"><strong>Modera:<\/strong><\/p>\n<p style=\"text-align: left;\"><strong>Manuel Marchant Rubilar:<\/strong> Ex director nacional del Colegio de Arquitectos de Chile<\/p>\n<p style=\"text-align: left;\"><strong>En vivo\u00a0 <span style=\"color: #ff0000;\">\u2666<\/span><\/strong><\/p>\n<p style=\"text-align: center;\"><iframe loading=\"lazy\" title=\"YouTube video player\" src=\"https:\/\/www.youtube.com\/embed\/Bh0gtiz537s?si=KdVgkKD6xw5iOkv0\" width=\"960\" height=\"615\" frameborder=\"0\" allowfullscreen=\"allowfullscreen\"><span data-mce-type=\"bookmark\" style=\"display: inline-block; width: 0px; overflow: hidden; line-height: 0;\" class=\"mce_SELRES_start\">\ufeff<\/span><\/iframe><\/p>\n<p>&nbsp;<\/p>\n<hr \/>\n<p>&nbsp;<\/p>\n<h4>\u00abEstandarizaci\u00f3n de la vivienda: la arquitectura de regulaciones y dise\u00f1o estandarizado\u00bb<\/h4>\n<p>\ufe0f <img loading=\"lazy\" decoding=\"async\" class=\"alignnone wp-image-34894\" src=\"https:\/\/colegioarquitectos.com\/noticias\/wp-content\/uploads\/2025\/12\/calendaricon.png\" alt=\"\" width=\"30\" height=\"30\" \/> \u00a018 de diciembre de 2025 \/ 19.00 horas<\/p>\n<p><strong>Expositora:<\/strong><\/p>\n<p><strong>Consuelo Albornoz Marambio<\/strong><\/p>\n<p>Arquitecta y Mag\u00edster en Arquitectura de la Universidad de Chile<\/p>\n<p>&nbsp;<\/p>\n<p style=\"text-align: left;\"><strong>Modera:<\/strong><\/p>\n<p style=\"text-align: left;\"><strong>Viviana Fern\u00e1ndez Prajoux:<\/strong> Arquitecta. Doctora en Arquitectura y Urbanismo, UPM, Madrid<\/p>\n<p>&nbsp;<\/p>\n<p><strong>En vivo\u00a0 <span style=\"color: #ff0000;\">\u2666<\/span><\/strong><\/p>\n<p style=\"text-align: center;\"><iframe loading=\"lazy\" title=\"YouTube video player\" src=\"https:\/\/www.youtube.com\/embed\/GZbJTaUmkwU?si=bV1UVeXbfrZlVn6L\" width=\"960\" height=\"615\" frameborder=\"0\" allowfullscreen=\"allowfullscreen\"><\/iframe><\/p>\n<p>&nbsp;<\/p>\n<hr \/>\n<h4><\/h4>\n<h4>\u00abBienal de Arquitectura 2025 y prospectiva de futuro\u00bb<\/h4>\n<p><img loading=\"lazy\" decoding=\"async\" class=\"alignnone wp-image-34894\" src=\"https:\/\/colegioarquitectos.com\/noticias\/wp-content\/uploads\/2025\/12\/calendaricon.png\" alt=\"\" width=\"30\" height=\"30\" \/> \u00a027 de noviembre de 2025 \/ 19.00 horas<\/p>\n<p>&nbsp;<\/p>\n<p><strong>Panel:<\/strong><\/p>\n<p><strong>Rodolfo Jim\u00e9nez Cavieres<\/strong><\/p>\n<p>Presidente nacional del Colegio de Arquitectos de Chile<\/p>\n<p>&nbsp;<\/p>\n<p><strong>Fernando Miranda Monsalve<\/strong><\/p>\n<p>Director de actividades del Colegio de Arquitectos de Chile<\/p>\n<p>&nbsp;<\/p>\n<p style=\"text-align: left;\"><strong>Modera:<\/strong><\/p>\n<p style=\"text-align: left;\"><strong>Viviana Fern\u00e1ndez Prajoux:<\/strong> Arquitecta. Doctora en Arquitectura y Urbanismo, UPM, Madrid<\/p>\n<p>&nbsp;<\/p>\n<p style=\"text-align: left;\"><strong>En vivo\u00a0 <span style=\"color: #ff0000;\">\u2666<\/span><\/strong><\/p>\n<p style=\"text-align: center;\">\u00a0<iframe loading=\"lazy\" title=\"YouTube video player\" src=\"https:\/\/www.youtube.com\/embed\/XN1_H8_9nPs?si=dc0VB0cbsKaxcr1T\" width=\"960\" height=\"615\" frameborder=\"0\" allowfullscreen=\"allowfullscreen\"><span data-mce-type=\"bookmark\" style=\"display: inline-block; width: 0px; overflow: hidden; line-height: 0;\" class=\"mce_SELRES_start\">\ufeff<\/span><\/iframe><\/p>\n<hr \/>\n<h4><\/h4>\n<h4>\u00abPremios CA \u2013 2025 (Segunda parte)\u00bb<\/h4>\n<p><img loading=\"lazy\" decoding=\"async\" class=\"alignnone wp-image-34894\" src=\"https:\/\/colegioarquitectos.com\/noticias\/wp-content\/uploads\/2025\/12\/calendaricon.png\" alt=\"\" width=\"30\" height=\"30\" \/> 13 de noviembre de 2025 \/ 19.00 horas<\/p>\n<h4><\/h4>\n<p><strong>Panel:<\/strong><\/p>\n<p><strong>Uwe Rohwedder Gremler<\/strong><\/p>\n<p>Arquitecto de la Universidad de Valpara\u00edso. Profesor Titular en la Escuela de Arquitectura de la Universidad Central de Chile (UNCEN) . Director de las carreras de Arquitectura y Arquitectura del Paisaje y profesor gu\u00eda de tesis y proyectos de t\u00edtulo. Decano de la Facultad de Ingenier\u00eda y Arquitectura (2004), donde lider\u00f3 nueve carreras, promoviendo la interdisciplina entre ingenier\u00eda, geolog\u00eda, astronom\u00eda y arquitectura. Concibe la arquitectura como una disciplina cotidiana y transformadora, que forma personas conscientes del impacto social y ambiental de su labor. Actualmente forma profesores en Urbanismo Feminista y Ecofeminismo. Actualmente forma profesores en Urbanismo Feminista y Ecofeminismo<\/p>\n<p>&nbsp;<\/p>\n<p><strong>V\u00edctor G\u00e1lvez Astudillo<\/strong><\/p>\n<p>Ingres\u00f3 en el a\u00f1o 1992, como Jefe de la Unidad de Arquitectura del Departamento T\u00e9cnico del SERVIU de Antofagasta y posteriormente se desempe\u00f1\u00f3 como Encargado Regional del Programa Regional de Gesti\u00f3n de Calidad. En febrero de 2009 asume la jefatura del Departamento de Planes y Programas de Vivienda y Equipamiento en la Seremi Minvu Antofagasta. En el Colegio de Arquitectos\u00a0 ha sido secretario y presidente regional en tres per\u00edodos, secretario nacional del Consejo de Presidentes en igual n\u00famero de ocasiones, y director nacional entre 2009 y 2011. En enero de 2025\u00a0 es nombrado Director Titular del Serviu Regi\u00f3n de Antofagasta.\u00a0 En el \u00e1mbito acad\u00e9mico ha sido relator en seminarios y cursos, as\u00ed como en los diplomados \u00abLiderazgo y Modernizaci\u00f3n del Estado\u00bb y \u00abAgente de Desarrollo Institucional\u00bb.<\/p>\n<p>&nbsp;<\/p>\n<p><strong>Carolina Catr\u00f3n Lazo<\/strong><\/p>\n<p>Arquitecta y Mag\u00edster por la Universidad del B\u00edo-B\u00edo, actualmente es acad\u00e9mica de la UBB y candidata a Doctora en Arquitectura y Urbanismo en cotutela entre la UBB y la UPC (Espa\u00f1a) .En 2016 funda el estudio Az\u00f3car Catr\u00f3n Arquitectos en Concepci\u00f3n. Su trabajo es reconocido en Chile y el extranjero con distinciones como: Primer Premio en Publicaciones de la Bienal de Costa Rica (2018); seleccionada en la muestra Young Architects in Latin America de la Biennale di Venezia (2018) y en el Panorama de Obras de la XI BIAU (2019).\u00a0 Tambi\u00e9n obtuvo el Premio Obra Distinguida en la Bienal de Arquitectura y Urbanismo de Chile (2019), Menci\u00f3n de Honor en la Bienal de Arquitectura de Santa Cruz, Bolivia (2020) y reconocida entre las mejores pr\u00e1cticas j\u00f3venes por ArchDaily (2020). En concursos p\u00fablicos ha obtenido primer premio en: Concurso Internacional Arquine N\u00b023 en M\u00e9xico (2021),\u00a0 Desaf\u00edo Campamentos (2021, construido),\u00a0 Concurso nacional para la Rehabilitaci\u00f3n de la Subestaci\u00f3n El\u00e9ctrica de Rungue \u2013 Centro Cultural Til-Til (2022)\u00a0 Edificio Estudiantil del Campus Concepci\u00f3n de la UBB (2024).<\/p>\n<p>&nbsp;<\/p>\n<p style=\"text-align: left;\"><strong>Modera:<\/strong><\/p>\n<p style=\"text-align: left;\"><strong>Manuel Marchant Rubilar:<\/strong> Ex Director Nacional y Encargado de Arte\u00a0 y Cultura del Colegio de Arquitectos de Chile<\/p>\n<hr \/>\n<h4><\/h4>\n<h4>\u00abPremios CA \u2013 2025 (Primera parte)\u00bb<\/h4>\n<p><img loading=\"lazy\" decoding=\"async\" class=\"alignnone wp-image-34894\" src=\"https:\/\/colegioarquitectos.com\/noticias\/wp-content\/uploads\/2025\/12\/calendaricon.png\" alt=\"\" width=\"30\" height=\"30\" \/>\u00a0 \u00a023 de octubre de 2025 \/ 19.00 horas<\/p>\n<p>&nbsp;<\/p>\n<p><strong>Panel:<\/strong><\/p>\n<p><strong>Hugo Pereira Gigogne<\/strong><\/p>\n<p>Arquitecto de la Facultad de Arquitectura y Urbanismo de la Universidad de Chile, fue director nacional del Colegio de Arquitectos de Chile (2009 y 2011) y ha participado de manera permanente en el Colegio, ocupado distintos cargos y responsabilidades tales como Comisi\u00f3n de Crisis del Colegio\u00a0 y lo ha representado\u00a0 como director del Instituto de la Construcci\u00f3n, fue\u00a0 miembro de la Asociaci\u00f3n de Arquitectos Tasadores de Chile (ASATCH actualmente es presidente del Comit\u00e9 de Tecnolog\u00eda (COMTEC) y tambi\u00e9n se desempe\u00f1a como presidente del Comit\u00e9 Chileno del Consejo Internacional de Monumentos y Sitios (ICOMOS).<\/p>\n<p>&nbsp;<\/p>\n<p><strong>Alejandro Gandarillas<\/strong><\/p>\n<p>Arquitecto con Desarrollo en Realidad Virtual, su carrera se ha centrado en \u00a0situar la innovaci\u00f3n y la tecnolog\u00eda en el centro de la arquitectura, buscando articular arquitectura y tecnolog\u00eda, Su trabajo se ha desarrollado en \u00e1reas como realidad virtual, e inteligencia artificial aplicada a la arquitectura. Ha ejercido docencia en la Universidad Mayor, Universidad San Sebasti\u00e1n, Universidad de Talca y Universidad Adolfo Ib\u00e1\u00f1ez y ctualmente se desempe\u00f1a como Jefe del Laboratorio de Tecnolog\u00eda de CRTIC.cl \u2013 Centro de Revoluci\u00f3n Tecnol\u00f3gica en Industrias Creativas (CORFO).<\/p>\n<p>&nbsp;<\/p>\n<p><strong>Milagros Aguirre Donoso<\/strong><\/p>\n<p>Destacada\u00a0 trayectoria profesional en la valoraci\u00f3n, protecci\u00f3n y activaci\u00f3n del patrimonio arquitect\u00f3nico nacional desempe\u00f1ado un papel fundamental en la recuperaci\u00f3n del patrimonio edificado en Valpara\u00edso reconocida por su liderazgo en la reconstrucci\u00f3n de la Iglesia San Francisco del Cerro Bar\u00f3n. Fue Jefe proyectos y Directora Regional Subrogante Talca MOP Regi\u00f3n del Maule, Arquitecto Proyectos\u00a0 Patrimonio Consultora PATRI ARQUITECTURA y\u00a0 actualmente ejerce como presidenta de la Corporaci\u00f3n Iglesia San Francisco del Bar\u00f3n.<\/p>\n<p>&nbsp;<\/p>\n<p><strong>Mabel Alarc\u00f3n Rodr\u00edguez<\/strong><\/p>\n<p>Arquitecta de la Pontificia Universidad Cat\u00f3lica de Valpara\u00edso y\u00a0 Doctora en Urbanismo y Ordenaci\u00f3n del Territorio por la Universidad Polit\u00e9cnica de Catalu\u00f1a.\u00a0 Especialista en proyectos urbanos estrat\u00e9gicos, planificaci\u00f3n territorial sostenible y dise\u00f1o urbano con enfoque de g\u00e9nero. Como acad\u00e9mica de Arquitectura ha ocupado cargos de liderazgo\u00a0 entre ellos Coordinadora de la Especialidad de Proyecto Urbano Territorial, Directora del Diplomado en Dise\u00f1o y Gesti\u00f3n de Proyectos Urbanos Sostenibles, Directora del Mag\u00edster en Procesos Urbanos Sostenibles y del Departamento de Urbanismo, y es Decana de la Facultad de Arquitectura, Urbanismo y Geograf\u00eda de la Universidad de Concepci\u00f3n. Ha impartido docencia en Chile, Argentina, Espa\u00f1a, Colombia y M\u00e9xico. Destaca su libro reciente Habitar desde el G\u00e9nero: M\u00e9todos para idear ciudades desde el urbanismo feminista.<\/p>\n<p>&nbsp;<\/p>\n<p style=\"text-align: left;\"><strong>Modera:<\/strong><\/p>\n<p style=\"text-align: left;\"><strong>Viviana Fern\u00e1ndez Prajoux:<\/strong> Arquitecta. Doctora en Arquitectura y Urbanismo, UPM, Madrid<\/p>\n<p>&nbsp;<\/p>\n<p><strong>En vivo <span style=\"color: #ff0000;\">\u2666<\/span><\/strong><\/p>\n<p style=\"text-align: center;\"><iframe loading=\"lazy\" title=\"YouTube video player\" src=\"https:\/\/www.youtube.com\/embed\/6JUm2irMtzw?si=anu5FFXL8VEbydXL\" width=\"960\" height=\"615\" frameborder=\"0\" allowfullscreen=\"allowfullscreen\"><\/iframe><\/p>\n<hr \/>\n<p>&nbsp;<\/p>\n<h4>\u00abIndustrializaci\u00f3n para la vivienda social\u00bb<\/h4>\n<p><img loading=\"lazy\" decoding=\"async\" class=\"alignnone wp-image-34894\" src=\"https:\/\/colegioarquitectos.com\/noticias\/wp-content\/uploads\/2025\/12\/calendaricon.png\" alt=\"\" width=\"30\" height=\"30\" \/>\u00a0 \u00a028 de agosto de 2025 \/ 19.00 horas<\/p>\n<p>La charla aborda la implementaci\u00f3n de la vivienda social industrializada en Chile como una estrategia nacional impulsada por el Ministerio de Vivienda y Urbanismo en el contexto del Plan de Emergencia Habitacional. A trav\u00e9s de soluciones habitacionales tipo, se busca complementar la respuesta a la creciente demanda habitacional con criterios de innovaci\u00f3n y eficiencia constructiva.<\/p>\n<p>Se expondr\u00e1 sobre los fundamentos t\u00e9cnicos, normativos y estrat\u00e9gicos de esta pol\u00edtica, as\u00ed como sus desaf\u00edos y su potencial como pol\u00edtica p\u00fablica para impulsar la construcci\u00f3n industrializada social en Chile.<\/p>\n<p>&nbsp;<\/p>\n<p><strong>Expositora:<\/strong><\/p>\n<p><strong>B\u00e1rbara Dur\u00e1n Roubillard:<\/strong> Arquitecta de la Facultad de Arquitectura y Urbanismo de la Universidad de Chile.\u00a0 Master of Science en Planificaci\u00f3n Urbana, Urbanismo y Desarrollo de Territorios &#8211; Universidad de Ciencias y Tecnolog\u00eda de Lille, Francia.<\/p>\n<p><strong>Modera:<\/strong><\/p>\n<p style=\"text-align: left;\"><strong>Alejandra Cort\u00e9s Fuentes:<\/strong> Arquitecta de la Facultad de Arquitectura y Urbanismo de la Universidad de Chile, Profesora asociada del Departamento de Arquitectura de la Universidad de Chile. Magister en Eficiencia Energ\u00e9tica, University College London, Reino Unido y PhD en RMIT University, Australia.<\/p>\n<p>&nbsp;<\/p>\n<p><strong>En vivo <span style=\"color: #ff0000;\">\u2666<\/span><\/strong><\/p>\n<p style=\"text-align: center;\"><iframe loading=\"lazy\" title=\"YouTube video player\" src=\"https:\/\/www.youtube.com\/embed\/lyatGO6f_0s?si=HBA7bNQoIfuz5uDn\" width=\"960\" height=\"615\" frameborder=\"0\" allowfullscreen=\"allowfullscreen\"><\/iframe><\/p>\n<hr \/>\n<h4><\/h4>\n<h4>\u00abSistema de suspensi\u00f3n s\u00edsmica\u00bb<\/h4>\n<p><img loading=\"lazy\" decoding=\"async\" class=\"alignnone wp-image-34894\" src=\"https:\/\/colegioarquitectos.com\/noticias\/wp-content\/uploads\/2025\/12\/calendaricon.png\" alt=\"\" width=\"30\" height=\"30\" \/>\u00a0 \u00a031 de julio de 2025 \/ 19.00 horas<\/p>\n<p><strong>Expositora:<\/strong><\/p>\n<p><strong>Carmen Luz Escobar Urbina: <\/strong>Arquitecta de la Facultad de Arquitectura y Urbanismo de la Universidad de Chile.\u00a0\u00a0 Con una amplia experiencia y formaci\u00f3n t\u00e9cnica\u00a0\u00a0 en\u00a0 comportamientos s\u00edsmicos, al fuego y\u00a0 ac\u00fastico de muros, cielos y\u00a0 cubiertas con construcci\u00f3n liviana.\u00a0 Representante T\u00e9cnico en Chile de la Empresa Unites States Gypsum Estados Unidos\u00a0 y de la\u00a0 Importadora Fastek Ltda.<\/p>\n<p><strong>Modera:<\/strong><\/p>\n<p><strong>Diego Mellado<\/strong>: Arquitecto de la Universidad Central y vicepresidente del Comit\u00e9 de Tecnolog\u00eda del Colegio de Arquitectos.<\/p>\n<p style=\"text-align: left;\"><strong>Comit\u00e9 de Tecnolog\u00eda del Colegio de Arquitectos de Chile<\/strong><\/p>\n<p>&nbsp;<\/p>\n<p><strong>En vivo <span style=\"color: #ff0000;\">\u2666<\/span><\/strong><\/p>\n<p style=\"text-align: center;\"><iframe loading=\"lazy\" title=\"YouTube video player\" src=\"https:\/\/www.youtube.com\/embed\/qNOCNhBMrtA?si=E8vPpNyfXOZhgcte\" width=\"960\" height=\"615\" frameborder=\"0\" allowfullscreen=\"allowfullscreen\"><\/iframe><\/p>\n<hr \/>\n<h4><\/h4>\n<h4>\u00abJardines del Siglo XXI, Til-Til &#8211; Chile\u00bb<\/h4>\n<p><img loading=\"lazy\" decoding=\"async\" class=\"alignnone wp-image-34894\" src=\"https:\/\/colegioarquitectos.com\/noticias\/wp-content\/uploads\/2025\/12\/calendaricon.png\" alt=\"\" width=\"30\" height=\"30\" \/>\u00a0 \u00a017 de julio de 2025 \/ 19.00 horas<\/p>\n<p>La iniciativa de los Jardines del Siglo XXI, plantea una nueva manera de hacer Arquitectura del Paisaje: situada, colaborativa y basada en evidencia. Se trata de una red internacional de jardines experimentales (Estados Unidos, Espa\u00f1a y Suiza) que reflexionan sobre el rol del suelo, el clima y la comunidad como factores activos en el dise\u00f1o.<\/p>\n<p>Cada jard\u00edn se basa en el estudio de los sistemas naturales: suelo, clima, vegetaci\u00f3n, agua. Antecedentes fundamentales para la toma de decisiones informadas y simples.<\/p>\n<p>En el caso de Tiltil, que es un territorio semi\u00e1rido con larga data de escasez h\u00eddrica, y suelo arcilloso, el proyecto ha sido un gran desaf\u00edo.<\/p>\n<p>&nbsp;<\/p>\n<p><strong>Expositora:<\/strong><\/p>\n<p><strong>Carolina Acevedo Pati\u00f1o:<\/strong> Arquitecta\u00a0 de la\u00a0 Facultad de Arquitectura, Arte y Dise\u00f1o del Paisaje de la Universidad Diego Portales. Candidata a Doctora en Artes y T\u00e9cnicas del Paisaje de la Universidad de \u00c9vora Portugal. Investigadora, Dise\u00f1adora y Gestora del proyecto Jard\u00edn del Siglo XXI &#8211; Red Internacional de jardines experimentales (EEUU, Espa\u00f1a y Suiza).<\/p>\n<p><strong>Modera:<\/strong><\/p>\n<p><strong>Jadille Mussa<\/strong>: Ec\u00f3loga y Arquitecta del Paisaje. Ha desarrollado diversos proyectos relacionados con el Medio Ambiente, Dise\u00f1os, Construcci\u00f3n, Monitoreo de Estudios y Declaraciones de Impacto Ambiental, adem\u00e1s fue Directora de la Escuela de Arquitectura del Paisaje de la Universidad Central de Chile. Actualmente ha orientado su trabajo en proyectos con perspectiva de g\u00e9nero en especial con personas mayores.<\/p>\n<p style=\"text-align: left;\"><strong>Comit\u00e9 de Paisaje del Colegio de Arquitectos de Chile<\/strong><\/p>\n<p>&nbsp;<\/p>\n<p><strong>En vivo <span style=\"color: #ff0000;\">\u2666<\/span><\/strong><\/p>\n<p style=\"text-align: center;\"><iframe loading=\"lazy\" title=\"YouTube video player\" src=\"https:\/\/www.youtube.com\/embed\/4RFcnzpZBMM?si=pwAIlaGhKDyRHMgY\" width=\"960\" height=\"615\" frameborder=\"0\" allowfullscreen=\"allowfullscreen\"><\/iframe><\/p>\n<hr \/>\n<h4><\/h4>\n<h4 style=\"text-align: left;\">\u00abPercepciones socio-ecol\u00f3gicas de los bordes r\u00edos urbanos. Evaluaci\u00f3n multicriterio de espacios p\u00fablicos\u00bb<\/h4>\n<p style=\"text-align: left;\"><img loading=\"lazy\" decoding=\"async\" class=\"alignnone wp-image-34894\" src=\"https:\/\/colegioarquitectos.com\/noticias\/wp-content\/uploads\/2025\/12\/calendaricon.png\" alt=\"\" width=\"30\" height=\"30\" \/> \u00a026 de junio de 2025 \/ 19.00 horas<\/p>\n<p style=\"text-align: left;\"><strong>Expositora:<\/strong><\/p>\n<p><b>Karen Andersen Cirera:<\/b> Arquitecta de la Universidad de Chile. Mag\u00edster en Urbanismo y Territorios de la Universit\u00e9 Paris XII y Doctora en Urbanismo de la Universit\u00e9 Paris Est.<\/p>\n<p><strong>Modera:\u00a0<\/strong><\/p>\n<p><strong>Viviana Fern\u00e1ndez Prajoux:<\/strong> Arquitecta. Doctora en Arquitectura y Urbanismo, UPM, Madrid<\/p>\n<p>&nbsp;<\/p>\n<p style=\"text-align: left;\"><strong>En vivo <span style=\"color: #ff0000;\">\u2666<\/span><\/strong><\/p>\n<p style=\"text-align: center;\"><iframe loading=\"lazy\" title=\"YouTube video player\" src=\"https:\/\/www.youtube.com\/embed\/Dg-OVc746Lc?si=VpJM4iui3lZnNJ4V\" width=\"960\" height=\"615\" frameborder=\"0\" allowfullscreen=\"allowfullscreen\"><span data-mce-type=\"bookmark\" style=\"display: inline-block; width: 0px; overflow: hidden; line-height: 0;\" class=\"mce_SELRES_start\">\ufeff<\/span><\/iframe><\/p>\n<hr \/>\n<h4><\/h4>\n<h4>\u00abHacia una oficina de proyectos comunitarios (OPC): Una pr\u00e1ctica profesional formativa y habilitante\u00bb<\/h4>\n<p><img loading=\"lazy\" decoding=\"async\" class=\"alignnone wp-image-34894\" src=\"https:\/\/colegioarquitectos.com\/noticias\/wp-content\/uploads\/2025\/12\/calendaricon.png\" alt=\"\" width=\"30\" height=\"30\" \/> \u00a012 de junio de 2025 \/ 19.00 horas<\/p>\n<p><strong>Expositores:<\/strong><\/p>\n<p><b>Rodrigo Lagos, Daniela Saavedra, \u00c1lvaro Sep\u00falveda, Alexander Bustos <\/b>y <b>Priscila Miralles:<\/b> Colegiados y colegiadas activas de la Delegaci\u00f3n Zonal concepci\u00f3n<\/p>\n<p><strong>Modera:\u00a0<\/strong><\/p>\n<p><strong>Viviana Fern\u00e1ndez Prajoux:<\/strong> Arquitecta. Doctora en Arquitectura y Urbanismo, UPM, Madrid<\/p>\n<p>&nbsp;<\/p>\n<p style=\"text-align: left;\"><strong>En vivo <span style=\"color: #ff0000;\">\u2666<\/span><\/strong><\/p>\n<p style=\"text-align: center;\"><iframe loading=\"lazy\" title=\"YouTube video player\" src=\"https:\/\/www.youtube.com\/embed\/M3WduDyvm_o?si=nh7nhl_bpyQSFjP2\" width=\"960\" height=\"615\" frameborder=\"0\" allowfullscreen=\"allowfullscreen\"><span data-mce-type=\"bookmark\" style=\"display: inline-block; width: 0px; overflow: hidden; line-height: 0;\" class=\"mce_SELRES_start\"><\/span><\/iframe><\/p>\n<hr \/>\n<p>&nbsp;<\/p>\n<h4>\u00abParticipaci\u00f3n ciudadana en la gesti\u00f3n p\u00fablica\u00bb<\/h4>\n<p><img loading=\"lazy\" decoding=\"async\" class=\"alignnone wp-image-34894\" src=\"https:\/\/colegioarquitectos.com\/noticias\/wp-content\/uploads\/2025\/12\/calendaricon.png\" alt=\"\" width=\"30\" height=\"30\" \/> \u00a015 de mayo de 2025 \/ 19.00 horas<\/p>\n<p><strong>Expositora:<\/strong><\/p>\n<p><strong>Viviana Fern\u00e1ndez Prajoux:<\/strong> Arquitecta. Doctora en Arquitectura y Urbanismo, UPM, Madrid<\/p>\n<p><strong>Modera:\u00a0<\/strong><\/p>\n<p><strong>Paula Ahumada:<\/strong> Arquitecta y urbanista. Doctora en Estudios Americanos, USACH<\/p>\n<p>&nbsp;<\/p>\n<p><strong>En vivo <span style=\"color: #ff0000;\">\u2666<\/span><\/strong><\/p>\n<p style=\"text-align: center;\"><iframe loading=\"lazy\" title=\"YouTube video player\" src=\"https:\/\/www.youtube.com\/embed\/9slcwuHBHR4?si=UgkPOMxfLmYVPEM4\" width=\"960\" height=\"615\" frameborder=\"0\" allowfullscreen=\"allowfullscreen\"><\/iframe><\/p>\n<hr \/>\n<p>&nbsp;<\/p>\n<h4>\u00abArte P\u00fablico como una iniciativa del Estado: Comisi\u00f3n Nemesio Ant\u00fanez y Direcci\u00f3n de Arquitectura del MOP\u00bb<\/h4>\n<p><img loading=\"lazy\" decoding=\"async\" class=\"alignnone wp-image-34894\" src=\"https:\/\/colegioarquitectos.com\/noticias\/wp-content\/uploads\/2025\/12\/calendaricon.png\" alt=\"\" width=\"30\" height=\"30\" \/> \u00a024 de abril de 2025 \/ 19:00 horas<\/p>\n<p><strong>Expositora:<\/strong><\/p>\n<p><strong>Carolina Pelegri Kristic:<\/strong> Jefa Unidad Arte P\u00fablico Direcci\u00f3n Arquitectura y Secretaria Ejecutiva de la Comisi\u00f3n Nemesio Ant\u00fanez MOP<\/p>\n<p><strong>Modera:<\/strong><\/p>\n<p><strong>Manuel Marchant Rubilar:<\/strong> Ex Director Nacional y Encargado de Arte +Cultura Colegio de Arquitectos de Chile<\/p>\n<p>&nbsp;<\/p>\n<p><strong>En vivo <span style=\"color: #ff0000;\">\u2666<\/span><\/strong><\/p>\n<p style=\"text-align: center;\"><iframe loading=\"lazy\" title=\"YouTube video player\" src=\"https:\/\/www.youtube-nocookie.com\/embed\/jknStehIkxE?si=2ov_nkin3-5-mIkU&amp;controls=0\" width=\"960\" height=\"615\" frameborder=\"0\" allowfullscreen=\"allowfullscreen\"><span data-mce-type=\"bookmark\" style=\"display: inline-block; width: 0px; overflow: hidden; line-height: 0;\" class=\"mce_SELRES_start\"><\/span><\/iframe><\/p>\n<hr \/>\n<p>&nbsp;<\/p>\n<h4><strong>\u00abAsesor\u00eda t\u00e9cnica para la integraci\u00f3n urbana de comunidades v\u00edctimas del mega incendio\u00bb<\/strong><\/h4>\n<p><img loading=\"lazy\" decoding=\"async\" class=\"alignnone wp-image-34894\" src=\"https:\/\/colegioarquitectos.com\/noticias\/wp-content\/uploads\/2025\/12\/calendaricon.png\" alt=\"\" width=\"30\" height=\"30\" \/> \u00a03 de abril de 2025 \/ 19.00 horas<\/p>\n<p><strong>Expositores:<\/strong><\/p>\n<p><strong>Ana Sugranyes: <\/strong>Arquitecta. Doctora en Urbanismo y presidenta del Comit\u00e9 de H\u00e1bitat y Vivienda del Colegio de Arquitectos de Chile.<\/p>\n<p><strong>Daniel Sep\u00falveda Voulli\u00e8me: <\/strong>Arquitecto.<\/p>\n<p><strong>Jaqueline Bravo: <\/strong>Presidenta del Comit\u00e9 La Higuera.<\/p>\n<p><strong>Modera:<\/strong><\/p>\n<p><strong>Ana Vergara San Mart\u00edn:<\/strong> Arquitecta. Magister en medio ambiente y arquitectura bioclim\u00e1tica.<\/p>\n<p>&nbsp;<\/p>\n<p><strong>En vivo <span style=\"color: #ff0000;\">\u2666<\/span><\/strong><\/p>\n<p style=\"text-align: center;\"><iframe loading=\"lazy\" title=\"YouTube video player\" src=\"https:\/\/www.youtube.com\/embed\/YoSELn-lBQs?si=7PMXNW6mkPPQcZLe\" width=\"960\" height=\"615\" frameborder=\"0\" allowfullscreen=\"allowfullscreen\"><\/iframe><\/p>\n<p>&nbsp;<\/p>\n<p><\/p>","protected":false},"excerpt":{"rendered":"<p>Desde 2021, en el marco del Programa Nacional de Inducci\u00f3n y Capacitaci\u00f3n del Colegio de Arquitectos de Chile (PNIC CA), se han realizado m\u00e1s de 70 charlas educativas. El Programa Nacional de Inducci\u00f3n y Capacitaci\u00f3n aborda temas normativos, motivacionales y &hellip; <a class=\"more-link\" href=\"https:\/\/colegioarquitectos.com\/noticias\/?p=30574\">ver m\u00e1s<\/a><\/p>","protected":false},"author":4,"featured_media":34996,"comment_status":"closed","ping_status":"closed","sticky":false,"template":"","format":"standard","meta":{"footnotes":""},"categories":[9],"tags":[476,505,503,504,72,500,501,502],"class_list":["post-30574","post","type-post","status-publish","format-standard","has-post-thumbnail","hentry","category-comites","tag-charlas","tag-charlas-educativas","tag-comite-de-accion-gremial","tag-consejo-de-organos-asesores","tag-cursos","tag-pnic","tag-pnic-ca","tag-programa-nacional-de-induccion-y-capacitacion"],"yoast_head":"<!-- This site is optimized with the Yoast SEO plugin v24.2 - https:\/\/yoast.com\/wordpress\/plugins\/seo\/ -->\n<title>Participa del nuevo ciclo del Programa Nacional de Inducci\u00f3n y Capacitaci\u00f3n del Colegio de Arquitectos de Chile (PNIC CA) - COLEGIO DE ARQUITECTOS DE CHILE<\/title>\n<meta name=\"description\" content=\"Desde 2021, en el marco del Programa Nacional de Inducci\u00f3n y Capacitaci\u00f3n del Colegio de Arquitectos de Chile (PNIC CA), se han realizado m\u00e1s de 70 charlas educativas. En este contexto, y en virtud de la exitosa evaluaci\u00f3n de los tres a\u00f1os de desarrollo, el PNIC CA volver\u00e1 con una renovada parrilla 2025.\" \/>\n<meta name=\"robots\" content=\"index, follow, max-snippet:-1, max-image-preview:large, max-video-preview:-1\" \/>\n<link rel=\"canonical\" href=\"https:\/\/colegioarquitectos.com\/noticias\/?p=30574\" \/>\n<meta property=\"og:locale\" content=\"es_ES\" \/>\n<meta property=\"og:type\" content=\"article\" \/>\n<meta property=\"og:title\" content=\"Participa del nuevo ciclo del Programa Nacional de Inducci\u00f3n y Capacitaci\u00f3n del Colegio de Arquitectos de Chile (PNIC CA) - COLEGIO DE ARQUITECTOS DE CHILE\" \/>\n<meta property=\"og:description\" content=\"Desde 2021, en el marco del Programa Nacional de Inducci\u00f3n y Capacitaci\u00f3n del Colegio de Arquitectos de Chile (PNIC CA), se han realizado m\u00e1s de 70 charlas educativas. En este contexto, y en virtud de la exitosa evaluaci\u00f3n de los tres a\u00f1os de desarrollo, el PNIC CA volver\u00e1 con una renovada parrilla 2025.\" \/>\n<meta property=\"og:url\" content=\"https:\/\/colegioarquitectos.com\/noticias\/?p=30574\" \/>\n<meta property=\"og:site_name\" content=\"COLEGIO DE ARQUITECTOS DE CHILE\" \/>\n<meta property=\"article:publisher\" content=\"https:\/\/facebook.com\/Colegioarq\/\" \/>\n<meta property=\"article:published_time\" content=\"2026-01-15T19:00:08+00:00\" \/>\n<meta property=\"article:modified_time\" content=\"2026-01-22T13:16:07+00:00\" \/>\n<meta property=\"og:image\" content=\"https:\/\/colegioarquitectos.com\/noticias\/wp-content\/uploads\/2026\/01\/PNIC-2025-22-enero-DESTWEB-1.png\" \/>\n\t<meta property=\"og:image:width\" content=\"1280\" \/>\n\t<meta property=\"og:image:height\" content=\"720\" \/>\n\t<meta property=\"og:image:type\" content=\"image\/png\" \/>\n<meta name=\"author\" content=\"Colegio de Arquitectos de Chile\" \/>\n<meta name=\"twitter:card\" content=\"summary_large_image\" \/>\n<meta name=\"twitter:creator\" content=\"@colegioarq\" \/>\n<meta name=\"twitter:site\" content=\"@colegioarq\" \/>\n<meta name=\"twitter:label1\" content=\"Escrito por\" \/>\n\t<meta name=\"twitter:data1\" content=\"Colegio de Arquitectos de Chile\" \/>\n\t<meta name=\"twitter:label2\" content=\"Tiempo de lectura\" \/>\n\t<meta name=\"twitter:data2\" content=\"14 minutos\" \/>\n<script type=\"application\/ld+json\" class=\"yoast-schema-graph\">{\"@context\":\"https:\/\/schema.org\",\"@graph\":[{\"@type\":\"Article\",\"@id\":\"https:\/\/colegioarquitectos.com\/noticias\/?p=30574#article\",\"isPartOf\":{\"@id\":\"https:\/\/colegioarquitectos.com\/noticias\/?p=30574\"},\"author\":{\"name\":\"Colegio de Arquitectos de Chile\",\"@id\":\"https:\/\/colegioarquitectos.com\/noticias\/#\/schema\/person\/685cc0aad148303c5608f049af8285ad\"},\"headline\":\"Participa del nuevo ciclo del Programa Nacional de Inducci\u00f3n y Capacitaci\u00f3n del Colegio de Arquitectos de Chile (PNIC CA)\",\"datePublished\":\"2026-01-15T19:00:08+00:00\",\"dateModified\":\"2026-01-22T13:16:07+00:00\",\"mainEntityOfPage\":{\"@id\":\"https:\/\/colegioarquitectos.com\/noticias\/?p=30574\"},\"wordCount\":2428,\"publisher\":{\"@id\":\"https:\/\/colegioarquitectos.com\/noticias\/#organization\"},\"image\":{\"@id\":\"https:\/\/colegioarquitectos.com\/noticias\/?p=30574#primaryimage\"},\"thumbnailUrl\":\"https:\/\/colegioarquitectos.com\/noticias\/wp-content\/uploads\/2026\/01\/PNIC-2025-22-enero-DESTWEB-1.png\",\"keywords\":[\"charlas\",\"charlas educativas\",\"Comit\u00e9 de Acci\u00f3n Gremial\",\"Consejo de \u00d3rganos Asesores\",\"cursos\",\"PNIC\",\"PNIC CA\",\"Programa Nacional de Inducci\u00f3n y Capacitaci\u00f3n\"],\"articleSection\":[\"Comit\u00e9s\"],\"inLanguage\":\"es\"},{\"@type\":\"WebPage\",\"@id\":\"https:\/\/colegioarquitectos.com\/noticias\/?p=30574\",\"url\":\"https:\/\/colegioarquitectos.com\/noticias\/?p=30574\",\"name\":\"Participa del nuevo ciclo del Programa Nacional de Inducci\u00f3n y Capacitaci\u00f3n del Colegio de Arquitectos de Chile (PNIC CA) - COLEGIO DE ARQUITECTOS DE CHILE\",\"isPartOf\":{\"@id\":\"https:\/\/colegioarquitectos.com\/noticias\/#website\"},\"primaryImageOfPage\":{\"@id\":\"https:\/\/colegioarquitectos.com\/noticias\/?p=30574#primaryimage\"},\"image\":{\"@id\":\"https:\/\/colegioarquitectos.com\/noticias\/?p=30574#primaryimage\"},\"thumbnailUrl\":\"https:\/\/colegioarquitectos.com\/noticias\/wp-content\/uploads\/2026\/01\/PNIC-2025-22-enero-DESTWEB-1.png\",\"datePublished\":\"2026-01-15T19:00:08+00:00\",\"dateModified\":\"2026-01-22T13:16:07+00:00\",\"description\":\"Desde 2021, en el marco del Programa Nacional de Inducci\u00f3n y Capacitaci\u00f3n del Colegio de Arquitectos de Chile (PNIC CA), se han realizado m\u00e1s de 70 charlas educativas. En este contexto, y en virtud de la exitosa evaluaci\u00f3n de los tres a\u00f1os de desarrollo, el PNIC CA volver\u00e1 con una renovada parrilla 2025.\",\"breadcrumb\":{\"@id\":\"https:\/\/colegioarquitectos.com\/noticias\/?p=30574#breadcrumb\"},\"inLanguage\":\"es\",\"potentialAction\":[{\"@type\":\"ReadAction\",\"target\":[\"https:\/\/colegioarquitectos.com\/noticias\/?p=30574\"]}]},{\"@type\":\"ImageObject\",\"inLanguage\":\"es\",\"@id\":\"https:\/\/colegioarquitectos.com\/noticias\/?p=30574#primaryimage\",\"url\":\"https:\/\/colegioarquitectos.com\/noticias\/wp-content\/uploads\/2026\/01\/PNIC-2025-22-enero-DESTWEB-1.png\",\"contentUrl\":\"https:\/\/colegioarquitectos.com\/noticias\/wp-content\/uploads\/2026\/01\/PNIC-2025-22-enero-DESTWEB-1.png\",\"width\":1280,\"height\":720},{\"@type\":\"BreadcrumbList\",\"@id\":\"https:\/\/colegioarquitectos.com\/noticias\/?p=30574#breadcrumb\",\"itemListElement\":[{\"@type\":\"ListItem\",\"position\":1,\"name\":\"Portada\",\"item\":\"https:\/\/colegioarquitectos.com\/noticias\"},{\"@type\":\"ListItem\",\"position\":2,\"name\":\"Participa del nuevo ciclo del Programa Nacional de Inducci\u00f3n y Capacitaci\u00f3n del Colegio de Arquitectos de Chile (PNIC CA)\"}]},{\"@type\":\"WebSite\",\"@id\":\"https:\/\/colegioarquitectos.com\/noticias\/#website\",\"url\":\"https:\/\/colegioarquitectos.com\/noticias\/\",\"name\":\"COLEGIO DE ARQUITECTOS DE CHILE\",\"description\":\"\",\"publisher\":{\"@id\":\"https:\/\/colegioarquitectos.com\/noticias\/#organization\"},\"potentialAction\":[{\"@type\":\"SearchAction\",\"target\":{\"@type\":\"EntryPoint\",\"urlTemplate\":\"https:\/\/colegioarquitectos.com\/noticias\/?s={search_term_string}\"},\"query-input\":{\"@type\":\"PropertyValueSpecification\",\"valueRequired\":true,\"valueName\":\"search_term_string\"}}],\"inLanguage\":\"es\"},{\"@type\":\"Organization\",\"@id\":\"https:\/\/colegioarquitectos.com\/noticias\/#organization\",\"name\":\"COLEGIO DE ARQUITECTOS DE CHILE\",\"url\":\"https:\/\/colegioarquitectos.com\/noticias\/\",\"logo\":{\"@type\":\"ImageObject\",\"inLanguage\":\"es\",\"@id\":\"https:\/\/colegioarquitectos.com\/noticias\/#\/schema\/logo\/image\/\",\"url\":\"https:\/\/colegioarquitectos.com\/noticias\/wp-content\/uploads\/2021\/05\/ENCABEZADO-LOGO-CA.jpg\",\"contentUrl\":\"https:\/\/colegioarquitectos.com\/noticias\/wp-content\/uploads\/2021\/05\/ENCABEZADO-LOGO-CA.jpg\",\"width\":690,\"height\":350,\"caption\":\"COLEGIO DE ARQUITECTOS DE CHILE\"},\"image\":{\"@id\":\"https:\/\/colegioarquitectos.com\/noticias\/#\/schema\/logo\/image\/\"},\"sameAs\":[\"https:\/\/facebook.com\/Colegioarq\/\",\"https:\/\/x.com\/colegioarq\",\"https:\/\/instagram.com\/colegioarq\",\"https:\/\/youtube.com\/@ColegiodeArquitectosdeChile\"]},{\"@type\":\"Person\",\"@id\":\"https:\/\/colegioarquitectos.com\/noticias\/#\/schema\/person\/685cc0aad148303c5608f049af8285ad\",\"name\":\"Colegio de Arquitectos de Chile\",\"url\":\"https:\/\/colegioarquitectos.com\/noticias\/?author=4\"}]}<\/script>\n<!-- \/ Yoast SEO plugin. -->","yoast_head_json":{"title":"Participa del nuevo ciclo del Programa Nacional de Inducci\u00f3n y Capacitaci\u00f3n del Colegio de Arquitectos de Chile (PNIC CA) - COLEGIO DE ARQUITECTOS DE CHILE","description":"Desde 2021, en el marco del Programa Nacional de Inducci\u00f3n y Capacitaci\u00f3n del Colegio de Arquitectos de Chile (PNIC CA), se han realizado m\u00e1s de 70 charlas educativas. En este contexto, y en virtud de la exitosa evaluaci\u00f3n de los tres a\u00f1os de desarrollo, el PNIC CA volver\u00e1 con una renovada parrilla 2025.","robots":{"index":"index","follow":"follow","max-snippet":"max-snippet:-1","max-image-preview":"max-image-preview:large","max-video-preview":"max-video-preview:-1"},"canonical":"https:\/\/colegioarquitectos.com\/noticias\/?p=30574","og_locale":"es_ES","og_type":"article","og_title":"Participa del nuevo ciclo del Programa Nacional de Inducci\u00f3n y Capacitaci\u00f3n del Colegio de Arquitectos de Chile (PNIC CA) - COLEGIO DE ARQUITECTOS DE CHILE","og_description":"Desde 2021, en el marco del Programa Nacional de Inducci\u00f3n y Capacitaci\u00f3n del Colegio de Arquitectos de Chile (PNIC CA), se han realizado m\u00e1s de 70 charlas educativas. En este contexto, y en virtud de la exitosa evaluaci\u00f3n de los tres a\u00f1os de desarrollo, el PNIC CA volver\u00e1 con una renovada parrilla 2025.","og_url":"https:\/\/colegioarquitectos.com\/noticias\/?p=30574","og_site_name":"COLEGIO DE ARQUITECTOS DE CHILE","article_publisher":"https:\/\/facebook.com\/Colegioarq\/","article_published_time":"2026-01-15T19:00:08+00:00","article_modified_time":"2026-01-22T13:16:07+00:00","og_image":[{"width":1280,"height":720,"url":"https:\/\/colegioarquitectos.com\/noticias\/wp-content\/uploads\/2026\/01\/PNIC-2025-22-enero-DESTWEB-1.png","type":"image\/png"}],"author":"Colegio de Arquitectos de Chile","twitter_card":"summary_large_image","twitter_creator":"@colegioarq","twitter_site":"@colegioarq","twitter_misc":{"Escrito por":"Colegio de Arquitectos de Chile","Tiempo de lectura":"14 minutos"},"schema":{"@context":"https:\/\/schema.org","@graph":[{"@type":"Article","@id":"https:\/\/colegioarquitectos.com\/noticias\/?p=30574#article","isPartOf":{"@id":"https:\/\/colegioarquitectos.com\/noticias\/?p=30574"},"author":{"name":"Colegio de Arquitectos de Chile","@id":"https:\/\/colegioarquitectos.com\/noticias\/#\/schema\/person\/685cc0aad148303c5608f049af8285ad"},"headline":"Participa del nuevo ciclo del Programa Nacional de Inducci\u00f3n y Capacitaci\u00f3n del Colegio de Arquitectos de Chile (PNIC CA)","datePublished":"2026-01-15T19:00:08+00:00","dateModified":"2026-01-22T13:16:07+00:00","mainEntityOfPage":{"@id":"https:\/\/colegioarquitectos.com\/noticias\/?p=30574"},"wordCount":2428,"publisher":{"@id":"https:\/\/colegioarquitectos.com\/noticias\/#organization"},"image":{"@id":"https:\/\/colegioarquitectos.com\/noticias\/?p=30574#primaryimage"},"thumbnailUrl":"https:\/\/colegioarquitectos.com\/noticias\/wp-content\/uploads\/2026\/01\/PNIC-2025-22-enero-DESTWEB-1.png","keywords":["charlas","charlas educativas","Comit\u00e9 de Acci\u00f3n Gremial","Consejo de \u00d3rganos Asesores","cursos","PNIC","PNIC CA","Programa Nacional de Inducci\u00f3n y Capacitaci\u00f3n"],"articleSection":["Comit\u00e9s"],"inLanguage":"es"},{"@type":"WebPage","@id":"https:\/\/colegioarquitectos.com\/noticias\/?p=30574","url":"https:\/\/colegioarquitectos.com\/noticias\/?p=30574","name":"Participa del nuevo ciclo del Programa Nacional de Inducci\u00f3n y Capacitaci\u00f3n del Colegio de Arquitectos de Chile (PNIC CA) - COLEGIO DE ARQUITECTOS DE CHILE","isPartOf":{"@id":"https:\/\/colegioarquitectos.com\/noticias\/#website"},"primaryImageOfPage":{"@id":"https:\/\/colegioarquitectos.com\/noticias\/?p=30574#primaryimage"},"image":{"@id":"https:\/\/colegioarquitectos.com\/noticias\/?p=30574#primaryimage"},"thumbnailUrl":"https:\/\/colegioarquitectos.com\/noticias\/wp-content\/uploads\/2026\/01\/PNIC-2025-22-enero-DESTWEB-1.png","datePublished":"2026-01-15T19:00:08+00:00","dateModified":"2026-01-22T13:16:07+00:00","description":"Desde 2021, en el marco del Programa Nacional de Inducci\u00f3n y Capacitaci\u00f3n del Colegio de Arquitectos de Chile (PNIC CA), se han realizado m\u00e1s de 70 charlas educativas. En este contexto, y en virtud de la exitosa evaluaci\u00f3n de los tres a\u00f1os de desarrollo, el PNIC CA volver\u00e1 con una renovada parrilla 2025.","breadcrumb":{"@id":"https:\/\/colegioarquitectos.com\/noticias\/?p=30574#breadcrumb"},"inLanguage":"es","potentialAction":[{"@type":"ReadAction","target":["https:\/\/colegioarquitectos.com\/noticias\/?p=30574"]}]},{"@type":"ImageObject","inLanguage":"es","@id":"https:\/\/colegioarquitectos.com\/noticias\/?p=30574#primaryimage","url":"https:\/\/colegioarquitectos.com\/noticias\/wp-content\/uploads\/2026\/01\/PNIC-2025-22-enero-DESTWEB-1.png","contentUrl":"https:\/\/colegioarquitectos.com\/noticias\/wp-content\/uploads\/2026\/01\/PNIC-2025-22-enero-DESTWEB-1.png","width":1280,"height":720},{"@type":"BreadcrumbList","@id":"https:\/\/colegioarquitectos.com\/noticias\/?p=30574#breadcrumb","itemListElement":[{"@type":"ListItem","position":1,"name":"Portada","item":"https:\/\/colegioarquitectos.com\/noticias"},{"@type":"ListItem","position":2,"name":"Participa del nuevo ciclo del Programa Nacional de Inducci\u00f3n y Capacitaci\u00f3n del Colegio de Arquitectos de Chile (PNIC CA)"}]},{"@type":"WebSite","@id":"https:\/\/colegioarquitectos.com\/noticias\/#website","url":"https:\/\/colegioarquitectos.com\/noticias\/","name":"COLEGIO DE ARQUITECTOS DE CHILE","description":"","publisher":{"@id":"https:\/\/colegioarquitectos.com\/noticias\/#organization"},"potentialAction":[{"@type":"SearchAction","target":{"@type":"EntryPoint","urlTemplate":"https:\/\/colegioarquitectos.com\/noticias\/?s={search_term_string}"},"query-input":{"@type":"PropertyValueSpecification","valueRequired":true,"valueName":"search_term_string"}}],"inLanguage":"es"},{"@type":"Organization","@id":"https:\/\/colegioarquitectos.com\/noticias\/#organization","name":"COLEGIO DE ARQUITECTOS DE CHILE","url":"https:\/\/colegioarquitectos.com\/noticias\/","logo":{"@type":"ImageObject","inLanguage":"es","@id":"https:\/\/colegioarquitectos.com\/noticias\/#\/schema\/logo\/image\/","url":"https:\/\/colegioarquitectos.com\/noticias\/wp-content\/uploads\/2021\/05\/ENCABEZADO-LOGO-CA.jpg","contentUrl":"https:\/\/colegioarquitectos.com\/noticias\/wp-content\/uploads\/2021\/05\/ENCABEZADO-LOGO-CA.jpg","width":690,"height":350,"caption":"COLEGIO DE ARQUITECTOS DE CHILE"},"image":{"@id":"https:\/\/colegioarquitectos.com\/noticias\/#\/schema\/logo\/image\/"},"sameAs":["https:\/\/facebook.com\/Colegioarq\/","https:\/\/x.com\/colegioarq","https:\/\/instagram.com\/colegioarq","https:\/\/youtube.com\/@ColegiodeArquitectosdeChile"]},{"@type":"Person","@id":"https:\/\/colegioarquitectos.com\/noticias\/#\/schema\/person\/685cc0aad148303c5608f049af8285ad","name":"Colegio de Arquitectos de Chile","url":"https:\/\/colegioarquitectos.com\/noticias\/?author=4"}]}},"_links":{"self":[{"href":"https:\/\/colegioarquitectos.com\/noticias\/index.php?rest_route=\/wp\/v2\/posts\/30574","targetHints":{"allow":["GET"]}}],"collection":[{"href":"https:\/\/colegioarquitectos.com\/noticias\/index.php?rest_route=\/wp\/v2\/posts"}],"about":[{"href":"https:\/\/colegioarquitectos.com\/noticias\/index.php?rest_route=\/wp\/v2\/types\/post"}],"author":[{"embeddable":true,"href":"https:\/\/colegioarquitectos.com\/noticias\/index.php?rest_route=\/wp\/v2\/users\/4"}],"replies":[{"embeddable":true,"href":"https:\/\/colegioarquitectos.com\/noticias\/index.php?rest_route=%2Fwp%2Fv2%2Fcomments&post=30574"}],"version-history":[{"count":65,"href":"https:\/\/colegioarquitectos.com\/noticias\/index.php?rest_route=\/wp\/v2\/posts\/30574\/revisions"}],"predecessor-version":[{"id":35016,"href":"https:\/\/colegioarquitectos.com\/noticias\/index.php?rest_route=\/wp\/v2\/posts\/30574\/revisions\/35016"}],"wp:featuredmedia":[{"embeddable":true,"href":"https:\/\/colegioarquitectos.com\/noticias\/index.php?rest_route=\/wp\/v2\/media\/34996"}],"wp:attachment":[{"href":"https:\/\/colegioarquitectos.com\/noticias\/index.php?rest_route=%2Fwp%2Fv2%2Fmedia&parent=30574"}],"wp:term":[{"taxonomy":"category","embeddable":true,"href":"https:\/\/colegioarquitectos.com\/noticias\/index.php?rest_route=%2Fwp%2Fv2%2Fcategories&post=30574"},{"taxonomy":"post_tag","embeddable":true,"href":"https:\/\/colegioarquitectos.com\/noticias\/index.php?rest_route=%2Fwp%2Fv2%2Ftags&post=30574"}],"curies":[{"name":"wp","href":"https:\/\/api.w.org\/{rel}","templated":true}]}}