
{"id":30581,"date":"2023-07-27T14:13:20","date_gmt":"2023-07-27T18:13:20","guid":{"rendered":"https:\/\/colegioarquitectos.com\/?p=30581"},"modified":"2023-08-07T12:43:36","modified_gmt":"2023-08-07T16:43:36","slug":"colegio-de-arquitectos-de-chile-conmemorara-sus-81-anos-con-multiples-actividades","status":"publish","type":"post","link":"https:\/\/colegioarquitectos.com\/noticias\/?p=30581","title":{"rendered":"Colegio de Arquitectos de Chile conmemorar\u00e1 sus 81 a\u00f1os con m\u00faltiples actividades"},"content":{"rendered":"<p>Una ceremonia para recibir a las y los nuevos colegiados y reconocer a nuestros Miembros Vitalicios y de Honor, lanzamientos de libros, exposiciones y di\u00e1logos de arquitectura, y la entrega de los Premios CA 2023,<strong> son algunas de las actividades con que el Colegio de Arquitectos de Chile conmemorar\u00e1 sus 81 a\u00f1os de vida, de forma gratuita e h\u00edbrida<\/strong>.<\/p>\n<p>El hito se iniciar\u00e1 el <strong>viernes 4 de agosto<\/strong>, d\u00eda en que se cumplen <strong>81 a\u00f1os<\/strong> desde la promulgaci\u00f3n de la <strong>Ley 7.211<\/strong> que cre\u00f3 el <strong>Colegio de Arquitectos de Chile<\/strong> en <strong>1942<\/strong>, y dar\u00e1 la partida al <strong>Mes de la Arquitectura<\/strong>.<\/p>\n<p>&nbsp;<\/p>\n<h4><strong>\u00abCeremonia del Inicio\u00bb<\/strong><\/h4>\n<hr \/>\n<p>Para iniciar la conmemoraci\u00f3n del Mes de la Arquitectura en Chile, el pr\u00f3ximo <strong>viernes 4 de agosto<\/strong> a las <strong>12.00 horas<\/strong>\u00a0en nuestra Sede Nacional se realizar\u00e1 la <strong>\u00abCeremonia del Inicio\u00bb<\/strong>, <strong>instancia en que jurar\u00e1n nuestros nuevos colegiados y colegiadas, se realizar\u00e1 un homenaje a los asociados y asociadas fallecidas y se entregar\u00e1n reconocimientos a los Miembros Vitalicios y de Honor<\/strong>.<\/p>\n<p>Como cierre de la actividad, se realizar\u00e1 una conferencia para todos los presentes del arquitecto\u00a0<strong>Cristi\u00e1n Izquierdo Lehmann<\/strong>.<\/p>\n<p>La ceremonia y la conferencia ser\u00e1n transmitidas en vivo por FB Live en\u00a0<strong><a href=\"http:\/\/www.facebook.com\/colegioarq\">www.facebook.com\/colegioarq<\/a><\/strong>\u00a0y por YouTube Live en\u00a0<strong><a href=\"http:\/\/www.youtube.com\/ColegiodeArquitectosdeChile\">www.youtube.com\/ColegiodeArquitectosdeChile<\/a><\/strong>.<\/p>\n<p><strong>\u00a0<\/strong><\/p>\n<h4><strong>Lanzamiento + Exposici\u00f3n | \u00abBiodise\u00f1o\u00bb<\/strong><\/h4>\n<hr \/>\n<p>Posteriormente, el <strong>martes 8 de agosto<\/strong> a las <strong>18.00 horas<\/strong> se llevar\u00e1 a cabo el lanzamiento de la exposici\u00f3n <strong>\u00abBiodise\u00f1o\u00bb<\/strong> de <strong>Alejandro Soffia y Ver\u00f3nica Arcos<\/strong>, que ser\u00e1 el punto de partida de la muestra que se realizar\u00e1 en la sala de exposiciones de nuestra Sede Nacional<\/p>\n<p><strong>Biodise\u00f1o<\/strong> son exploraciones que act\u00faan en las \u00e1rea de intersecci\u00f3n entre el dise\u00f1o y la biolog\u00eda.<\/p>\n<p><strong>La exposici\u00f3n \u00abBiodise\u00f1o\u00bb<\/strong> de Alejandro Soffia y Ver\u00f3nica Arcos <strong>estar\u00e1 disponible desde el 7 al 11 de agosto, desde las 9.30 a las 17.30 horas<\/strong> en horario continuado.<\/p>\n<p>&nbsp;<\/p>\n<h4><strong>Conferencia online | \u00abConcursos de arquitectura\u00bb<\/strong><\/h4>\n<hr \/>\n<p>Luego, el <strong>jueves 10 de agosto<\/strong> a las <strong>18.30 horas<\/strong> se realizar\u00e1 la conferencia online <strong>\u00abConcursos de arquitectura\u00bb<\/strong>, dictada por el arquitecto <strong>Crist\u00f3bal Tirado<\/strong>.<\/p>\n<p><strong>\u00abConcursos de arquitectura\u00bb<\/strong> ser\u00e1 transmitido en vivo por FB Live en\u00a0<strong><a href=\"http:\/\/www.facebook.com\/colegioarq\">www.facebook.com\/colegioarq<\/a><\/strong>\u00a0y por YouTube Live en<strong>\u00a0<\/strong><a href=\"http:\/\/www.youtube.com\/ColegiodeArquitectosdeChile\"><strong>www.youtube.com\/ColegiodeArquitectosdeChile<\/strong><\/a>.<\/p>\n<p>&nbsp;<\/p>\n<h4><strong>Lanzamiento de libro + exposici\u00f3n de xilograf\u00edas | <em>\u00abSe\u00f1al de normalidad un macetero en la ventana, relatos autobiogr\u00e1ficos de una alemana en Chile\u00bb<\/em>, de Borgis Lohan<\/strong><\/h4>\n<hr \/>\n<p>Posteriormente, el <strong>jueves 17 de agosto<\/strong> a las <strong>18.00 horas<\/strong> en nuestra Sede Nacional (Avenida Libertador Bernardo O\u2019Higgins 115), se realizar\u00e1 el lanzamiento del libro <strong><em>\u00abSe\u00f1al de normalidad un macetero en la ventana, relatos autobiogr\u00e1ficos de una alemana en Chile\u00bb <\/em><\/strong>(Libros del Pez Espiral) de <strong>Borgis Lohan<\/strong>.<\/p>\n<p>El lanzamiento del libro <strong>estar\u00e1 acompa\u00f1ado por una peque\u00f1a exposici\u00f3n de xilograf\u00edas de la autora<\/strong>, la cual estar\u00e1 disponible el <strong>17 y 18 de agosto<\/strong>, <strong>desde las 9.30 a las 17.30 horas<\/strong> en horario continuado.<\/p>\n<p>&nbsp;<\/p>\n<h4><strong>Visita guiada + Conversatorio | \u00abArquitecturas para la memoria: huellas y testimonios materiales\u00bb<\/strong><\/h4>\n<hr \/>\n<p>Luego, el <strong>mi\u00e9rcoles 23 de agosto<\/strong> a las <strong>18.00 horas<\/strong> se realizar\u00e1 el conversatorio <strong>\u00abArquitecturas para la memoria: huellas y testimonios materiales\u00bb<\/strong>, liderado por nuestro <strong>Comit\u00e9 de Patrimonio Arquitect\u00f3nico y Ambiental<\/strong>.<\/p>\n<p>La actividad est\u00e1 enmarcada en el <strong>festival OH! Stgo 2023<\/strong> e incluir\u00e1 un recorrido guiado y abierto por nuestra <strong>Sede Nacional \u00abGonzalo Mardones Restat\u00bb (Avenida Libertador Bernardo O\u2019Higgins 115, Santiago)<\/strong>.<\/p>\n<p><strong>\u00abArquitecturas para la memoria: huellas y testimonios materiales\u00bb<\/strong> ser\u00e1 transmitido en vivo por FB Live en\u00a0www.facebook.com\/colegioarq\u00a0y por YouTube Live en\u00a0<a href=\"http:\/\/www.youtube.com\/ColegiodeArquitectosdeChile\">www.youtube.com\/ColegiodeArquitectosdeChile<\/a>.<\/p>\n<p>&nbsp;<\/p>\n<h4><strong>Ceremonia de entrega de los Premios CA 2023<\/strong><\/h4>\n<hr \/>\n<p>Para cerrar el Mes de la arquitectura y la conmemoraci\u00f3n de los 81 a\u00f1os del Colegio de Arquitectos de Chile, el pr\u00f3ximo<strong> jueves 31 de agosto<\/strong> a las <strong>18.00 horas<\/strong> en nuestra Sede Nacional (Avenida Libertador Bernardo O\u2019Higgins 115, Santiago) realizaremos la ceremonia de los <strong>Premios CA 2023<\/strong>.<\/p>\n<p>Los Premios CA son uno de los <strong>principales reconocimientos a los arquitectos y arquitectas del pa\u00eds, cada uno de los cuales destacan a ocho colegiados o colegiadas, referentes para nuestro quehacer por su excelencia, trabajo y aporte a la arquitectura<\/strong>.<\/p>\n<p>La<strong> Ceremonia de entrega de los Premios CA 2023<\/strong>, adem\u00e1s, ser\u00e1 transmitida en vivo por FB Live en <strong><a href=\"http:\/\/www.facebook.com\/colegioarq\">www.facebook.com\/colegioarq<\/a><\/strong>\u00a0\u00a0y por YouTube Live en\u00a0<strong><a href=\"http:\/\/www.youtube.com\/ColegiodeArquitectosdeChile\">www.youtube.com\/ColegiodeArquitectosdeChile<\/a><\/strong>.<\/p>\n<p>Puedes postular arquitectos y arquitectas a\u00a0los Premios CA 2023 <strong><a href=\"https:\/\/docs.google.com\/forms\/d\/e\/1FAIpQLSdjEZlVKWTYY3-hzwMxqh6iyDKfuOix7_QDsC5QTy2xjfx59w\/viewform?usp=sf_link\">ac\u00e1<\/a><\/strong>.<\/p>\n<p>&nbsp;<\/p>\n<p>&nbsp;<\/p>\n<p>&nbsp;<\/p>\n<hr \/>\n<p>Puedes encontrar toda la informaci\u00f3n sobre el <strong>Mes de la Arquitectura<\/strong> y las actividades de conmemoraci\u00f3n de los <strong>81 a\u00f1os del Colegio de Arquitectos de Chile<\/strong> en <strong><a href=\"http:\/\/www.colegioarquitectos.com\">wwww.colegioarquitectos.com<\/a><\/strong> y en nuestras redes sociales: <strong>@colegioarq<\/strong> (<strong><a href=\"https:\/\/www.instagram.com\/colegioarq\/\">Instagram<\/a><\/strong>, <strong><a href=\"https:\/\/twitter.com\/colegioarq\">Twitter<\/a><\/strong>, <strong><a href=\"https:\/\/www.facebook.com\/Colegioarq\/\">Facebook<\/a><\/strong>, <strong><a href=\"https:\/\/www.tiktok.com\/@colegioarq\">TikTok<\/a><\/strong> y <strong><a href=\"https:\/\/www.threads.net\/@colegioarq\">Threads<\/a><\/strong>) y <strong>@ColegiodeArquitectosdeChile<\/strong> (<strong><a href=\"https:\/\/www.youtube.com\/ColegiodeArquitectosdeChile\">YouTube<\/a><\/strong>).<\/p>\n<p>&nbsp;<\/p>\n<p>Las actividades conmemorativas de los <strong>81 a\u00f1os<\/strong> del <strong>Colegio de Arquitectos de Chile<\/strong> cuentan con el apoyo de <strong>STO Chile<\/strong>,\u00a0<strong>EMPRESAS VOLC\u00c1N<\/strong>,<strong>\u00a0Cintac INSTAPANEL <\/strong>y<strong> Cer\u00e1mica Santiago.<\/strong><\/p>\n<p><\/p>","protected":false},"excerpt":{"rendered":"<p>Una ceremonia para recibir a las y los nuevos colegiados y reconocer a nuestros Miembros Vitalicios y de Honor, lanzamientos de libros, exposiciones y di\u00e1logos de arquitectura, y la entrega de los Premios CA 2023, son algunas de las actividades &hellip; <a class=\"more-link\" href=\"https:\/\/colegioarquitectos.com\/noticias\/?p=30581\">ver m\u00e1s<\/a><\/p>","protected":false},"author":4,"featured_media":30633,"comment_status":"closed","ping_status":"closed","sticky":false,"template":"","format":"standard","meta":{"footnotes":""},"categories":[547,8],"tags":[506,487,489,508,507,510,509,511,488,512,99],"class_list":["post-30581","post","type-post","status-publish","format-standard","has-post-thumbnail","hentry","category-81-anos-ca","category-colegio-de-arquitectos","tag-4-de-agosto","tag-81-anos","tag-81-anos-del-colegio-de-arquitectos-de-chile","tag-borgis-lohan","tag-ceremonia-del-inicio","tag-cristian-izquierdo-lehmann","tag-cristobal-tirado","tag-festival-oh-stgo-2023","tag-mes-de-la-arquitectura","tag-oh-stgo-2023","tag-premios-ca"],"yoast_head":"<!-- This site is optimized with the Yoast SEO plugin v24.2 - https:\/\/yoast.com\/wordpress\/plugins\/seo\/ -->\n<title>Colegio de Arquitectos de Chile conmemorar\u00e1 sus 81 a\u00f1os con m\u00faltiples actividades - COLEGIO DE ARQUITECTOS DE CHILE<\/title>\n<meta name=\"robots\" content=\"index, follow, max-snippet:-1, max-image-preview:large, max-video-preview:-1\" \/>\n<link rel=\"canonical\" href=\"https:\/\/colegioarquitectos.com\/noticias\/?p=30581\" \/>\n<meta property=\"og:locale\" content=\"es_ES\" \/>\n<meta property=\"og:type\" content=\"article\" \/>\n<meta property=\"og:title\" content=\"Colegio de Arquitectos de Chile conmemorar\u00e1 sus 81 a\u00f1os con m\u00faltiples actividades - COLEGIO DE ARQUITECTOS DE CHILE\" \/>\n<meta property=\"og:description\" content=\"Una ceremonia para recibir a las y los nuevos colegiados y reconocer a nuestros Miembros Vitalicios y de Honor, lanzamientos de libros, exposiciones y di\u00e1logos de arquitectura, y la entrega de los Premios CA 2023, son algunas de las actividades &hellip; ver m\u00e1s\" \/>\n<meta property=\"og:url\" content=\"https:\/\/colegioarquitectos.com\/noticias\/?p=30581\" \/>\n<meta property=\"og:site_name\" content=\"COLEGIO DE ARQUITECTOS DE CHILE\" \/>\n<meta property=\"article:publisher\" content=\"https:\/\/facebook.com\/Colegioarq\/\" \/>\n<meta property=\"article:published_time\" content=\"2023-07-27T18:13:20+00:00\" \/>\n<meta property=\"article:modified_time\" content=\"2023-08-07T16:43:36+00:00\" \/>\n<meta property=\"og:image\" content=\"https:\/\/colegioarquitectos.com\/noticias\/wp-content\/uploads\/2023\/07\/ANIVERSARIO-CA-2023-FEED-destweb-1.png\" \/>\n\t<meta property=\"og:image:width\" content=\"1280\" \/>\n\t<meta property=\"og:image:height\" content=\"720\" \/>\n\t<meta property=\"og:image:type\" content=\"image\/png\" \/>\n<meta name=\"author\" content=\"Colegio de Arquitectos de Chile\" \/>\n<meta name=\"twitter:card\" content=\"summary_large_image\" \/>\n<meta name=\"twitter:creator\" content=\"@colegioarq\" \/>\n<meta name=\"twitter:site\" content=\"@colegioarq\" \/>\n<meta name=\"twitter:label1\" content=\"Escrito por\" \/>\n\t<meta name=\"twitter:data1\" content=\"Colegio de Arquitectos de Chile\" \/>\n\t<meta name=\"twitter:label2\" content=\"Tiempo de lectura\" \/>\n\t<meta name=\"twitter:data2\" content=\"4 minutos\" \/>\n<script type=\"application\/ld+json\" class=\"yoast-schema-graph\">{\"@context\":\"https:\/\/schema.org\",\"@graph\":[{\"@type\":\"Article\",\"@id\":\"https:\/\/colegioarquitectos.com\/noticias\/?p=30581#article\",\"isPartOf\":{\"@id\":\"https:\/\/colegioarquitectos.com\/noticias\/?p=30581\"},\"author\":{\"name\":\"Colegio de Arquitectos de Chile\",\"@id\":\"https:\/\/colegioarquitectos.com\/noticias\/#\/schema\/person\/685cc0aad148303c5608f049af8285ad\"},\"headline\":\"Colegio de Arquitectos de Chile conmemorar\u00e1 sus 81 a\u00f1os con m\u00faltiples actividades\",\"datePublished\":\"2023-07-27T18:13:20+00:00\",\"dateModified\":\"2023-08-07T16:43:36+00:00\",\"mainEntityOfPage\":{\"@id\":\"https:\/\/colegioarquitectos.com\/noticias\/?p=30581\"},\"wordCount\":810,\"publisher\":{\"@id\":\"https:\/\/colegioarquitectos.com\/noticias\/#organization\"},\"image\":{\"@id\":\"https:\/\/colegioarquitectos.com\/noticias\/?p=30581#primaryimage\"},\"thumbnailUrl\":\"https:\/\/colegioarquitectos.com\/noticias\/wp-content\/uploads\/2023\/07\/ANIVERSARIO-CA-2023-FEED-destweb-1.png\",\"keywords\":[\"4 de agosto\",\"81 a\u00f1os\",\"81 a\u00f1os del Colegio de Arquitectos de Chile\",\"Borgis Lohan\",\"Ceremonia del Inicio\",\"Cristi\u00e1n Izquierdo Lehmann\",\"Crist\u00f3bal Tirado\",\"festival OH! Stgo 2023\",\"Mes de la Arquitectura\",\"OH! Stgo 2023\",\"Premios CA\"],\"articleSection\":[\"81 a\u00f1os CA\",\"Colegio\"],\"inLanguage\":\"es\"},{\"@type\":\"WebPage\",\"@id\":\"https:\/\/colegioarquitectos.com\/noticias\/?p=30581\",\"url\":\"https:\/\/colegioarquitectos.com\/noticias\/?p=30581\",\"name\":\"Colegio de Arquitectos de Chile conmemorar\u00e1 sus 81 a\u00f1os con m\u00faltiples actividades - COLEGIO DE ARQUITECTOS DE CHILE\",\"isPartOf\":{\"@id\":\"https:\/\/colegioarquitectos.com\/noticias\/#website\"},\"primaryImageOfPage\":{\"@id\":\"https:\/\/colegioarquitectos.com\/noticias\/?p=30581#primaryimage\"},\"image\":{\"@id\":\"https:\/\/colegioarquitectos.com\/noticias\/?p=30581#primaryimage\"},\"thumbnailUrl\":\"https:\/\/colegioarquitectos.com\/noticias\/wp-content\/uploads\/2023\/07\/ANIVERSARIO-CA-2023-FEED-destweb-1.png\",\"datePublished\":\"2023-07-27T18:13:20+00:00\",\"dateModified\":\"2023-08-07T16:43:36+00:00\",\"breadcrumb\":{\"@id\":\"https:\/\/colegioarquitectos.com\/noticias\/?p=30581#breadcrumb\"},\"inLanguage\":\"es\",\"potentialAction\":[{\"@type\":\"ReadAction\",\"target\":[\"https:\/\/colegioarquitectos.com\/noticias\/?p=30581\"]}]},{\"@type\":\"ImageObject\",\"inLanguage\":\"es\",\"@id\":\"https:\/\/colegioarquitectos.com\/noticias\/?p=30581#primaryimage\",\"url\":\"https:\/\/colegioarquitectos.com\/noticias\/wp-content\/uploads\/2023\/07\/ANIVERSARIO-CA-2023-FEED-destweb-1.png\",\"contentUrl\":\"https:\/\/colegioarquitectos.com\/noticias\/wp-content\/uploads\/2023\/07\/ANIVERSARIO-CA-2023-FEED-destweb-1.png\",\"width\":1280,\"height\":720},{\"@type\":\"BreadcrumbList\",\"@id\":\"https:\/\/colegioarquitectos.com\/noticias\/?p=30581#breadcrumb\",\"itemListElement\":[{\"@type\":\"ListItem\",\"position\":1,\"name\":\"Portada\",\"item\":\"https:\/\/colegioarquitectos.com\/noticias\"},{\"@type\":\"ListItem\",\"position\":2,\"name\":\"Colegio de Arquitectos de Chile conmemorar\u00e1 sus 81 a\u00f1os con m\u00faltiples actividades\"}]},{\"@type\":\"WebSite\",\"@id\":\"https:\/\/colegioarquitectos.com\/noticias\/#website\",\"url\":\"https:\/\/colegioarquitectos.com\/noticias\/\",\"name\":\"COLEGIO DE ARQUITECTOS DE CHILE\",\"description\":\"\",\"publisher\":{\"@id\":\"https:\/\/colegioarquitectos.com\/noticias\/#organization\"},\"potentialAction\":[{\"@type\":\"SearchAction\",\"target\":{\"@type\":\"EntryPoint\",\"urlTemplate\":\"https:\/\/colegioarquitectos.com\/noticias\/?s={search_term_string}\"},\"query-input\":{\"@type\":\"PropertyValueSpecification\",\"valueRequired\":true,\"valueName\":\"search_term_string\"}}],\"inLanguage\":\"es\"},{\"@type\":\"Organization\",\"@id\":\"https:\/\/colegioarquitectos.com\/noticias\/#organization\",\"name\":\"COLEGIO DE ARQUITECTOS DE CHILE\",\"url\":\"https:\/\/colegioarquitectos.com\/noticias\/\",\"logo\":{\"@type\":\"ImageObject\",\"inLanguage\":\"es\",\"@id\":\"https:\/\/colegioarquitectos.com\/noticias\/#\/schema\/logo\/image\/\",\"url\":\"https:\/\/colegioarquitectos.com\/noticias\/wp-content\/uploads\/2021\/05\/ENCABEZADO-LOGO-CA.jpg\",\"contentUrl\":\"https:\/\/colegioarquitectos.com\/noticias\/wp-content\/uploads\/2021\/05\/ENCABEZADO-LOGO-CA.jpg\",\"width\":690,\"height\":350,\"caption\":\"COLEGIO DE ARQUITECTOS DE CHILE\"},\"image\":{\"@id\":\"https:\/\/colegioarquitectos.com\/noticias\/#\/schema\/logo\/image\/\"},\"sameAs\":[\"https:\/\/facebook.com\/Colegioarq\/\",\"https:\/\/x.com\/colegioarq\",\"https:\/\/instagram.com\/colegioarq\",\"https:\/\/youtube.com\/@ColegiodeArquitectosdeChile\"]},{\"@type\":\"Person\",\"@id\":\"https:\/\/colegioarquitectos.com\/noticias\/#\/schema\/person\/685cc0aad148303c5608f049af8285ad\",\"name\":\"Colegio de Arquitectos de Chile\",\"url\":\"https:\/\/colegioarquitectos.com\/noticias\/?author=4\"}]}<\/script>\n<!-- \/ Yoast SEO plugin. -->","yoast_head_json":{"title":"Colegio de Arquitectos de Chile conmemorar\u00e1 sus 81 a\u00f1os con m\u00faltiples actividades - COLEGIO DE ARQUITECTOS DE CHILE","robots":{"index":"index","follow":"follow","max-snippet":"max-snippet:-1","max-image-preview":"max-image-preview:large","max-video-preview":"max-video-preview:-1"},"canonical":"https:\/\/colegioarquitectos.com\/noticias\/?p=30581","og_locale":"es_ES","og_type":"article","og_title":"Colegio de Arquitectos de Chile conmemorar\u00e1 sus 81 a\u00f1os con m\u00faltiples actividades - COLEGIO DE ARQUITECTOS DE CHILE","og_description":"Una ceremonia para recibir a las y los nuevos colegiados y reconocer a nuestros Miembros Vitalicios y de Honor, lanzamientos de libros, exposiciones y di\u00e1logos de arquitectura, y la entrega de los Premios CA 2023, son algunas de las actividades &hellip; ver m\u00e1s","og_url":"https:\/\/colegioarquitectos.com\/noticias\/?p=30581","og_site_name":"COLEGIO DE ARQUITECTOS DE CHILE","article_publisher":"https:\/\/facebook.com\/Colegioarq\/","article_published_time":"2023-07-27T18:13:20+00:00","article_modified_time":"2023-08-07T16:43:36+00:00","og_image":[{"width":1280,"height":720,"url":"https:\/\/colegioarquitectos.com\/noticias\/wp-content\/uploads\/2023\/07\/ANIVERSARIO-CA-2023-FEED-destweb-1.png","type":"image\/png"}],"author":"Colegio de Arquitectos de Chile","twitter_card":"summary_large_image","twitter_creator":"@colegioarq","twitter_site":"@colegioarq","twitter_misc":{"Escrito por":"Colegio de Arquitectos de Chile","Tiempo de lectura":"4 minutos"},"schema":{"@context":"https:\/\/schema.org","@graph":[{"@type":"Article","@id":"https:\/\/colegioarquitectos.com\/noticias\/?p=30581#article","isPartOf":{"@id":"https:\/\/colegioarquitectos.com\/noticias\/?p=30581"},"author":{"name":"Colegio de Arquitectos de Chile","@id":"https:\/\/colegioarquitectos.com\/noticias\/#\/schema\/person\/685cc0aad148303c5608f049af8285ad"},"headline":"Colegio de Arquitectos de Chile conmemorar\u00e1 sus 81 a\u00f1os con m\u00faltiples actividades","datePublished":"2023-07-27T18:13:20+00:00","dateModified":"2023-08-07T16:43:36+00:00","mainEntityOfPage":{"@id":"https:\/\/colegioarquitectos.com\/noticias\/?p=30581"},"wordCount":810,"publisher":{"@id":"https:\/\/colegioarquitectos.com\/noticias\/#organization"},"image":{"@id":"https:\/\/colegioarquitectos.com\/noticias\/?p=30581#primaryimage"},"thumbnailUrl":"https:\/\/colegioarquitectos.com\/noticias\/wp-content\/uploads\/2023\/07\/ANIVERSARIO-CA-2023-FEED-destweb-1.png","keywords":["4 de agosto","81 a\u00f1os","81 a\u00f1os del Colegio de Arquitectos de Chile","Borgis Lohan","Ceremonia del Inicio","Cristi\u00e1n Izquierdo Lehmann","Crist\u00f3bal Tirado","festival OH! Stgo 2023","Mes de la Arquitectura","OH! Stgo 2023","Premios CA"],"articleSection":["81 a\u00f1os CA","Colegio"],"inLanguage":"es"},{"@type":"WebPage","@id":"https:\/\/colegioarquitectos.com\/noticias\/?p=30581","url":"https:\/\/colegioarquitectos.com\/noticias\/?p=30581","name":"Colegio de Arquitectos de Chile conmemorar\u00e1 sus 81 a\u00f1os con m\u00faltiples actividades - COLEGIO DE ARQUITECTOS DE CHILE","isPartOf":{"@id":"https:\/\/colegioarquitectos.com\/noticias\/#website"},"primaryImageOfPage":{"@id":"https:\/\/colegioarquitectos.com\/noticias\/?p=30581#primaryimage"},"image":{"@id":"https:\/\/colegioarquitectos.com\/noticias\/?p=30581#primaryimage"},"thumbnailUrl":"https:\/\/colegioarquitectos.com\/noticias\/wp-content\/uploads\/2023\/07\/ANIVERSARIO-CA-2023-FEED-destweb-1.png","datePublished":"2023-07-27T18:13:20+00:00","dateModified":"2023-08-07T16:43:36+00:00","breadcrumb":{"@id":"https:\/\/colegioarquitectos.com\/noticias\/?p=30581#breadcrumb"},"inLanguage":"es","potentialAction":[{"@type":"ReadAction","target":["https:\/\/colegioarquitectos.com\/noticias\/?p=30581"]}]},{"@type":"ImageObject","inLanguage":"es","@id":"https:\/\/colegioarquitectos.com\/noticias\/?p=30581#primaryimage","url":"https:\/\/colegioarquitectos.com\/noticias\/wp-content\/uploads\/2023\/07\/ANIVERSARIO-CA-2023-FEED-destweb-1.png","contentUrl":"https:\/\/colegioarquitectos.com\/noticias\/wp-content\/uploads\/2023\/07\/ANIVERSARIO-CA-2023-FEED-destweb-1.png","width":1280,"height":720},{"@type":"BreadcrumbList","@id":"https:\/\/colegioarquitectos.com\/noticias\/?p=30581#breadcrumb","itemListElement":[{"@type":"ListItem","position":1,"name":"Portada","item":"https:\/\/colegioarquitectos.com\/noticias"},{"@type":"ListItem","position":2,"name":"Colegio de Arquitectos de Chile conmemorar\u00e1 sus 81 a\u00f1os con m\u00faltiples actividades"}]},{"@type":"WebSite","@id":"https:\/\/colegioarquitectos.com\/noticias\/#website","url":"https:\/\/colegioarquitectos.com\/noticias\/","name":"COLEGIO DE ARQUITECTOS DE CHILE","description":"","publisher":{"@id":"https:\/\/colegioarquitectos.com\/noticias\/#organization"},"potentialAction":[{"@type":"SearchAction","target":{"@type":"EntryPoint","urlTemplate":"https:\/\/colegioarquitectos.com\/noticias\/?s={search_term_string}"},"query-input":{"@type":"PropertyValueSpecification","valueRequired":true,"valueName":"search_term_string"}}],"inLanguage":"es"},{"@type":"Organization","@id":"https:\/\/colegioarquitectos.com\/noticias\/#organization","name":"COLEGIO DE ARQUITECTOS DE CHILE","url":"https:\/\/colegioarquitectos.com\/noticias\/","logo":{"@type":"ImageObject","inLanguage":"es","@id":"https:\/\/colegioarquitectos.com\/noticias\/#\/schema\/logo\/image\/","url":"https:\/\/colegioarquitectos.com\/noticias\/wp-content\/uploads\/2021\/05\/ENCABEZADO-LOGO-CA.jpg","contentUrl":"https:\/\/colegioarquitectos.com\/noticias\/wp-content\/uploads\/2021\/05\/ENCABEZADO-LOGO-CA.jpg","width":690,"height":350,"caption":"COLEGIO DE ARQUITECTOS DE CHILE"},"image":{"@id":"https:\/\/colegioarquitectos.com\/noticias\/#\/schema\/logo\/image\/"},"sameAs":["https:\/\/facebook.com\/Colegioarq\/","https:\/\/x.com\/colegioarq","https:\/\/instagram.com\/colegioarq","https:\/\/youtube.com\/@ColegiodeArquitectosdeChile"]},{"@type":"Person","@id":"https:\/\/colegioarquitectos.com\/noticias\/#\/schema\/person\/685cc0aad148303c5608f049af8285ad","name":"Colegio de Arquitectos de Chile","url":"https:\/\/colegioarquitectos.com\/noticias\/?author=4"}]}},"_links":{"self":[{"href":"https:\/\/colegioarquitectos.com\/noticias\/index.php?rest_route=\/wp\/v2\/posts\/30581","targetHints":{"allow":["GET"]}}],"collection":[{"href":"https:\/\/colegioarquitectos.com\/noticias\/index.php?rest_route=\/wp\/v2\/posts"}],"about":[{"href":"https:\/\/colegioarquitectos.com\/noticias\/index.php?rest_route=\/wp\/v2\/types\/post"}],"author":[{"embeddable":true,"href":"https:\/\/colegioarquitectos.com\/noticias\/index.php?rest_route=\/wp\/v2\/users\/4"}],"replies":[{"embeddable":true,"href":"https:\/\/colegioarquitectos.com\/noticias\/index.php?rest_route=%2Fwp%2Fv2%2Fcomments&post=30581"}],"version-history":[{"count":0,"href":"https:\/\/colegioarquitectos.com\/noticias\/index.php?rest_route=\/wp\/v2\/posts\/30581\/revisions"}],"wp:featuredmedia":[{"embeddable":true,"href":"https:\/\/colegioarquitectos.com\/noticias\/index.php?rest_route=\/wp\/v2\/media\/30633"}],"wp:attachment":[{"href":"https:\/\/colegioarquitectos.com\/noticias\/index.php?rest_route=%2Fwp%2Fv2%2Fmedia&parent=30581"}],"wp:term":[{"taxonomy":"category","embeddable":true,"href":"https:\/\/colegioarquitectos.com\/noticias\/index.php?rest_route=%2Fwp%2Fv2%2Fcategories&post=30581"},{"taxonomy":"post_tag","embeddable":true,"href":"https:\/\/colegioarquitectos.com\/noticias\/index.php?rest_route=%2Fwp%2Fv2%2Ftags&post=30581"}],"curies":[{"name":"wp","href":"https:\/\/api.w.org\/{rel}","templated":true}]}}