
{"id":30644,"date":"2023-08-04T15:39:14","date_gmt":"2023-08-04T19:39:14","guid":{"rendered":"https:\/\/colegioarquitectos.com\/?p=30644"},"modified":"2023-08-04T15:39:25","modified_gmt":"2023-08-04T19:39:25","slug":"delegacion-zonal-magallanes-convoca-al-encuentro-binacional-de-arquitectos-de-la-patagonia","status":"publish","type":"post","link":"https:\/\/colegioarquitectos.com\/noticias\/?p=30644","title":{"rendered":"Delegaci\u00f3n Zonal Magallanes convoca al Encuentro Binacional de Arquitectos de la Patagonia"},"content":{"rendered":"<p>En el D\u00eda Nacional del Arquitecto, la Delegaci\u00f3n Zonal Magallanes convoc\u00f3 a un punto de prensa en la primera casona que conforma el actual Museo del Recuerdo, de la Universidad de Magallanes. Lugar de singular simbolismo, ya que la instalaci\u00f3n de esta casa de tipolog\u00eda patrimonial fue fruto del trabajo y esfuerzo del Colegio de Arquitectos de Punta Arenas, en el contexto del Primer Congreso de Arquitectos de la Patagonia, una in\u00e9dita actividad que, despu\u00e9s de a\u00f1os muy dif\u00edciles producto del conflicto del Cabal Beagle, logr\u00f3 reunir e integrar visiones y ponencias de colegas chilenos y argentinos, haciendo un recuento del estado de la arquitectura, el patrimonio, el urbanismo y los territorios de la \u00e9poca.<\/p>\n<p>Casi cuatro d\u00e9cadas despu\u00e9s, nuestra delegaci\u00f3n cruz\u00f3 las fronteras para celebrar con los colegas de la Tierra del Fuego Argentina su d\u00eda del arquitecto, el pasado primero de julio, abri\u00e9ndose la oportunidad de generar este Encuentro Binacional que se iniciar\u00e1 el pr\u00f3ximo martes 08 de agosto con una clase magistral del Premio Nacional de Arquitectura 2016 Edward Rojas Vega, en el contexto del seminario organizado por nuestra DZ Magallanes titulado \u00abIntervenciones arquitect\u00f3nicas en los Paisajes Culturales de la Patagonia Chileno \u2013 Argentina\u00bb, el cual cuenta con el patrocinio del Departamento de Arquitectura de la Universidad de Magallanes y el Ministerio de las Culturas, las Artes y el Patrimonio, y que se desarrollar\u00e1 la tarde del viernes 11 de agosto con ponencias de la Delegaci\u00f3n Zonal Chilo\u00e9, la Universidad de Magallanes y el Colegio de Arquitectos de Tierra del Fuego \u2013 Argentina.<\/p>\n<p>\u00bfC\u00f3mo han cambiado nuestros territorios y ciudades en estos 40 a\u00f1os? \u00bfCu\u00e1les son las problem\u00e1ticas y cambios que debemos atender con prontitud? \u00bfEst\u00e1n nuestras ciudades y asentamientos preparados para un desarrollo sustentable, considerando el complejo entorno de cambios y crisis globales relacionadas con el clima, la sociedad y la intervenci\u00f3n humana de nuestros entornos? Son interrogantes que intentaremos abarcar en esta jornada, debatiendo en torno a una arquitectura cada vez m\u00e1s pertinente, no con modas o estilos, sino que al servicio de un habitar m\u00e1s sustentable.<\/p>\n<p>De este modo, hemos invitado a la comunidad a participar de esta tercera versi\u00f3n de la \u00abSemana de la Arquitectura en Magallanes 2023\u00bb, incluyendo adem\u00e1s diferentes actividades para celebrar el D\u00eda del Arquitecto en Chile. Como ha sido nuestro inter\u00e9s en las ediciones anteriores, buscamos un efectivo acercamiento con nuestras comunidades, no solo mostrando nuestro quehacer en la ciudad y el territorio, sino que, creando espacios de reflexi\u00f3n y debate referidos a tem\u00e1ticas contingentes, cuyas conclusiones puedan impactar en las decisiones p\u00fablicas y privadas para mejorar la calidad de vida en nuestros h\u00e1bitats y entornos.<\/p>\n<p>Como es tradicional, hacemos adem\u00e1s un llamado de participaci\u00f3n a la comunidad, a trav\u00e9s de los concursos de croquis, fotograf\u00eda y cuentos cortos abiertos para estudiantes secundarios, universitarios y p\u00fablico en general, instancia donde buscamos acercar la arquitectura y la cultura a las personas, agradeci\u00e9ndoles de antemano las ganas de poner en valor nuestra creaci\u00f3n local, nuestro aporte cultural y los espacios de encuentro para la construcci\u00f3n de nuestras ciudades y territorios, del cual las y los arquitectos solo somos int\u00e9rpretes con la responsabilidad de dar cumplimiento f\u00edsico a un mandato social.<\/p>\n<p>&nbsp;<\/p>\n<p><strong>PROGRAMA SEMANA DE LA ARQUITECTURA<\/strong><\/p>\n<p><strong>04 AL 11 DE AGOSTO DE 2023<\/strong><\/p>\n<p><strong>\u00a0<\/strong><strong>SEMINARIO Y ENCUENTRO BINACIONAL DE LA PATAGONIA<\/strong><\/p>\n<hr \/>\n<p><strong>\u00a0<\/strong><strong>Viernes 04 de agosto, \u00abD\u00eda del Arquitecto\u00bb: <\/strong><\/p>\n<p>&nbsp;<\/p>\n<p>16:30 horas: \u00a0\u00a0\u00a0\u00a0\u00a0\u00a0\u00a0 Actividad de Lanzamiento Semana de la Arquitectura 2023.<\/p>\n<p>Punto de prensa, Museo del Recuerdo, Instituto de la Patagonia \u2013 Universidad de Magallanes.<\/p>\n<p>&nbsp;<\/p>\n<p>Lugar:\u00a0\u00a0\u00a0\u00a0\u00a0\u00a0\u00a0\u00a0\u00a0\u00a0\u00a0\u00a0\u00a0\u00a0\u00a0\u00a0\u00a0 Primera casona Museo del Recuerdo, Universidad de Magallanes<\/p>\n<p>&nbsp;<\/p>\n<p>&nbsp;<\/p>\n<p><strong>Martes 08 de agosto, Inauguraci\u00f3n y \u00abClase Magistral\u00bb: <\/strong><\/p>\n<p>&nbsp;<\/p>\n<p>18:00 horas: \u00a0\u00a0\u00a0\u00a0\u00a0\u00a0\u00a0 Ceremonia de Inauguraci\u00f3n Seminario y Encuentro Binacional.<\/p>\n<p>Clase Magistral Semana de la Arquitectura 2023<\/p>\n<p>Charla Premio Nacional de Arquitectura 2016, Edward Rojas.<\/p>\n<p>Conversatorio<\/p>\n<p>&nbsp;<\/p>\n<p>Lugar:\u00a0\u00a0\u00a0\u00a0\u00a0\u00a0\u00a0\u00a0\u00a0\u00a0\u00a0\u00a0\u00a0\u00a0\u00a0\u00a0\u00a0 Auditorio Ernesto Livacic, Universidad de Magallanes<\/p>\n<p>&nbsp;<\/p>\n<p><strong>Mi\u00e9rcoles 09 de agosto, \u00abArquitectos en terreno\u00bb: <\/strong><\/p>\n<p>&nbsp;<\/p>\n<p>10:00 horas: \u00a0\u00a0\u00a0\u00a0\u00a0\u00a0\u00a0 Visita a Proyectos e Infraestructura Regional relevante.<\/p>\n<p>Planta Cemento Mel\u00f3n, Ruta 9 norte km 11.<\/p>\n<p>Inscripciones al correo <a href=\"mailto:magallanes@colegioarquitectos.com\">magallanes@colegioarquitectos.com<\/a><\/p>\n<p>&nbsp;<\/p>\n<p><strong>Mi\u00e9rcoles 09 de agosto, \u00abArquitectos en el Arte\u00bb,<\/strong><\/p>\n<p>&nbsp;<\/p>\n<p>15:00 horas: \u00a0\u00a0\u00a0\u00a0\u00a0\u00a0\u00a0 Inauguraci\u00f3n muestra \u00abUna arquitectura del lugar\u00bb<\/p>\n<p>Arquitecto Edward Rojas.<\/p>\n<p>Sala Tierra del Fuego, Hotel \u2013 Casino Dreams.<\/p>\n<p>&nbsp;<\/p>\n<p><strong>Jueves 10 de agosto, \u00abArquitectos en terreno\u00bb: <\/strong><\/p>\n<p>&nbsp;<\/p>\n<p>10:00 horas: \u00a0\u00a0\u00a0\u00a0\u00a0\u00a0\u00a0 Visita a Proyectos e Infraestructura Regional relevante.<\/p>\n<p>Planta de e-combustibles Haru Oni<\/p>\n<p>Empresa HIF, Ruta 9 norte km 25.<\/p>\n<p>Inscripciones al correo <a href=\"mailto:magallanes@colegioarquitectos.com\">magallanes@colegioarquitectos.com<\/a><\/p>\n<p>&nbsp;<\/p>\n<p>&nbsp;<\/p>\n<p><strong>Viernes 11 de agosto, Seminario \u00abIntervenciones arquitect\u00f3nicas en los paisajes culturales de la Patagonia Chileno \u2013 Argentina\u00bb: <\/strong><\/p>\n<p>&nbsp;<\/p>\n<p>14:00 \u00a0\u00a0\u00a0\u00a0\u00a0\u00a0\u00a0\u00a0\u00a0\u00a0\u00a0\u00a0\u00a0\u00a0\u00a0\u00a0\u00a0\u00a0 Palabras de bienvenida<\/p>\n<p>Charla 1 <strong>\u00ab<\/strong>Museo del Recuerdo: Un caso de estudio de la arquitectura finisecular en la Patagonia<strong>\u00bb<\/strong> Mg. Rodrigo Gonz\u00e1lez Vivar, Universidad de Magallanes, Chile.<\/p>\n<p>&nbsp;<\/p>\n<p>Charla 2 <strong>\u00ab<\/strong>Abuelas paisajistas<strong>\u00bb<\/strong>.\u00a0 Macarena Almonacid, Delegaci\u00f3n Zonal Chilo\u00e9, Colegio de Arquitectos de Chile A.G., Chile.<\/p>\n<p>&nbsp;<\/p>\n<p>Charla 3 <strong>\u00ab<\/strong>Modelos de Habitabilidad en el Parque Nacional Torres del Paine &#8211;\u00a0Medici\u00f3n de Sostenibilidad<strong>\u00bb<\/strong>. Dra. Laura Villanueva Retamales, Depto. de Arquitectura Universidad de Magallanes, Chile.<\/p>\n<p>Coffee Break<\/p>\n<p>&nbsp;<\/p>\n<p>Charla 4 <strong>\u00ab<\/strong>El rol del Estado y el espacio residencial en el Estrecho de Magallanes<strong>\u00bb<\/strong>. Dr. Daniel Matus Carrasco \u2013 Mg Daniela Ambrosetti, Depto. de Arquitectura Universidad de Magallanes, Chile.<\/p>\n<p>&nbsp;<\/p>\n<p>Charla 5 <strong>\u00ab<\/strong>Plan de Acci\u00f3n Territorial del Paisaje en R\u00edo Grande, Tierra del Fuego, Ant\u00e1rtida e Islas de Atl\u00e1ntico Sur, Argentina<strong>\u00bb<\/strong>. Dra. Luc\u00eda Fank y Joel Sarla Dujanof, Colegio de Arquitectos de Tierra del Fuego \u2013 R\u00edo Grande, Argentina.<\/p>\n<p>&nbsp;<\/p>\n<p>Charla 6 <strong>\u00ab<\/strong>Conectar USH: Proyecto ganador del Concurso Nacional de Ideas Ciudades Sostenibles, organizado por el Ministerio de Ambiente y Desarrollo Sostenible de la Naci\u00f3n Argentina junto con la Agencia I+D+i, el PNUMA y el GEF en el a\u00f1o 2020<strong>\u00bb<\/strong>. Arq. Piera Ciribeni. Colegio de Arquitectos de Tierra del Fuego \u2013 Ushuaia, Argentina.<\/p>\n<p>&nbsp;<\/p>\n<p>Conversatorio<\/p>\n<p>&nbsp;<\/p>\n<p>18:00 \u00a0\u00a0\u00a0\u00a0\u00a0\u00a0\u00a0\u00a0\u00a0\u00a0\u00a0\u00a0\u00a0\u00a0\u00a0\u00a0\u00a0\u00a0 T\u00e9rmino actividad<\/p>\n<p>&nbsp;<\/p>\n<p>&nbsp;<\/p>\n<p><strong>Viernes 11 de agosto, 20:00 horas: Cena D\u00eda del Arquitecto. <\/strong><\/p>\n<p>&nbsp;<\/p>\n<p>Quincho n\u00b01, Club de Campo Le\u00f1adura.<\/p>\n<p>&nbsp;<\/p>\n<p>&nbsp;<\/p>\n<p><strong>S\u00e1bado 12 de agosto, 10:30 horas: Recorrido por rutas patrimoniales de Punta Arenas. <\/strong><\/p>\n<p><strong>\u00a0<\/strong><\/p>\n<p>Lugar:\u00a0\u00a0\u00a0\u00a0\u00a0\u00a0\u00a0\u00a0\u00a0\u00a0\u00a0\u00a0\u00a0\u00a0\u00a0\u00a0\u00a0 Plaza de Armas de Punta Arenas.<\/p>\n<p><strong>\u00a0<\/strong><\/p>\n<p>&nbsp;<\/p>\n<p><strong>CONCURSOS DE CROQUIS, FOTOGRAF\u00cdAS Y CUENTOS CORTOS<\/strong><\/p>\n<p><strong>\u00abRETRATANDO NUESTRO PAISAJE CULTURAL\u00bb<\/strong><\/p>\n<p><strong>04 AL 31 DE AGOSTO DE 2023<\/strong><\/p>\n<hr \/>\n<p><strong>\u00a0<\/strong><strong>Viernes 04 de agosto, \u00abD\u00eda del Arquitecto\u00bb: <\/strong><\/p>\n<p>&nbsp;<\/p>\n<p>16:30 horas: \u00a0\u00a0\u00a0\u00a0\u00a0\u00a0\u00a0 Actividad de Lanzamiento Semana de la Arquitectura 2023.<\/p>\n<p>Punto de prensa, Museo del Recuerdo, Instituto de la Patagonia \u2013 Universidad de Magallanes.<\/p>\n<p>&nbsp;<\/p>\n<p>&nbsp;<\/p>\n<p><strong>Lunes 28 de agosto, 23:00 horas. Cierre de recepci\u00f3n de trabajos <\/strong><\/p>\n<p>&nbsp;<\/p>\n<p><strong>Mi\u00e9rcoles 30 de agosto: publicaci\u00f3n de resultados<\/strong><\/p>\n<p><strong>\u00a0<\/strong><\/p>\n<p><strong>Viernes 01 de septiembre: ceremonia de premiaci\u00f3n <\/strong><\/p>\n<p>&nbsp;<\/p>\n<p><strong>\u00a0<\/strong><\/p>\n<p><strong>\u00a0<\/strong><\/p>\n<p><\/p>","protected":false},"excerpt":{"rendered":"<p>En el D\u00eda Nacional del Arquitecto, la Delegaci\u00f3n Zonal Magallanes convoc\u00f3 a un punto de prensa en la primera casona que conforma el actual Museo del Recuerdo, de la Universidad de Magallanes. Lugar de singular simbolismo, ya que la instalaci\u00f3n &hellip; <a class=\"more-link\" href=\"https:\/\/colegioarquitectos.com\/noticias\/?p=30644\">ver m\u00e1s<\/a><\/p>","protected":false},"author":4,"featured_media":30649,"comment_status":"closed","ping_status":"closed","sticky":false,"template":"","format":"standard","meta":{"footnotes":""},"categories":[10],"tags":[487,526,489,539,538,540,488,537,541],"class_list":["post-30644","post","type-post","status-publish","format-standard","has-post-thumbnail","hentry","category-delegaciones-zonales","tag-81-anos","tag-81-anos-ca","tag-81-anos-del-colegio-de-arquitectos-de-chile","tag-delegacion-zonal-magallanes","tag-dz-magallanes","tag-encuentro-binacional-de-arquitectos-de-la-patagonia","tag-mes-de-la-arquitectura","tag-mes-de-la-arquitectura-en-chile","tag-semana-de-la-arquitectura"],"yoast_head":"<!-- This site is optimized with the Yoast SEO plugin v24.2 - https:\/\/yoast.com\/wordpress\/plugins\/seo\/ -->\n<title>Delegaci\u00f3n Zonal Magallanes convoca al Encuentro Binacional de Arquitectos de la Patagonia - COLEGIO DE ARQUITECTOS DE CHILE<\/title>\n<meta name=\"robots\" content=\"index, follow, max-snippet:-1, max-image-preview:large, max-video-preview:-1\" \/>\n<link rel=\"canonical\" href=\"https:\/\/colegioarquitectos.com\/noticias\/?p=30644\" \/>\n<meta property=\"og:locale\" content=\"es_ES\" \/>\n<meta property=\"og:type\" content=\"article\" \/>\n<meta property=\"og:title\" content=\"Delegaci\u00f3n Zonal Magallanes convoca al Encuentro Binacional de Arquitectos de la Patagonia - COLEGIO DE ARQUITECTOS DE CHILE\" \/>\n<meta property=\"og:description\" content=\"En el D\u00eda Nacional del Arquitecto, la Delegaci\u00f3n Zonal Magallanes convoc\u00f3 a un punto de prensa en la primera casona que conforma el actual Museo del Recuerdo, de la Universidad de Magallanes. Lugar de singular simbolismo, ya que la instalaci\u00f3n &hellip; ver m\u00e1s\" \/>\n<meta property=\"og:url\" content=\"https:\/\/colegioarquitectos.com\/noticias\/?p=30644\" \/>\n<meta property=\"og:site_name\" content=\"COLEGIO DE ARQUITECTOS DE CHILE\" \/>\n<meta property=\"article:publisher\" content=\"https:\/\/facebook.com\/Colegioarq\/\" \/>\n<meta property=\"article:published_time\" content=\"2023-08-04T19:39:14+00:00\" \/>\n<meta property=\"article:modified_time\" content=\"2023-08-04T19:39:25+00:00\" \/>\n<meta property=\"og:image\" content=\"https:\/\/colegioarquitectos.com\/noticias\/wp-content\/uploads\/2023\/08\/Proyecto-nuevo-18.jpg\" \/>\n\t<meta property=\"og:image:width\" content=\"1280\" \/>\n\t<meta property=\"og:image:height\" content=\"720\" \/>\n\t<meta property=\"og:image:type\" content=\"image\/jpeg\" \/>\n<meta name=\"author\" content=\"Colegio de Arquitectos de Chile\" \/>\n<meta name=\"twitter:card\" content=\"summary_large_image\" \/>\n<meta name=\"twitter:creator\" content=\"@colegioarq\" \/>\n<meta name=\"twitter:site\" content=\"@colegioarq\" \/>\n<meta name=\"twitter:label1\" content=\"Escrito por\" \/>\n\t<meta name=\"twitter:data1\" content=\"Colegio de Arquitectos de Chile\" \/>\n\t<meta name=\"twitter:label2\" content=\"Tiempo de lectura\" \/>\n\t<meta name=\"twitter:data2\" content=\"5 minutos\" \/>\n<script type=\"application\/ld+json\" class=\"yoast-schema-graph\">{\"@context\":\"https:\/\/schema.org\",\"@graph\":[{\"@type\":\"Article\",\"@id\":\"https:\/\/colegioarquitectos.com\/noticias\/?p=30644#article\",\"isPartOf\":{\"@id\":\"https:\/\/colegioarquitectos.com\/noticias\/?p=30644\"},\"author\":{\"name\":\"Colegio de Arquitectos de Chile\",\"@id\":\"https:\/\/colegioarquitectos.com\/noticias\/#\/schema\/person\/685cc0aad148303c5608f049af8285ad\"},\"headline\":\"Delegaci\u00f3n Zonal Magallanes convoca al Encuentro Binacional de Arquitectos de la Patagonia\",\"datePublished\":\"2023-08-04T19:39:14+00:00\",\"dateModified\":\"2023-08-04T19:39:25+00:00\",\"mainEntityOfPage\":{\"@id\":\"https:\/\/colegioarquitectos.com\/noticias\/?p=30644\"},\"wordCount\":1108,\"publisher\":{\"@id\":\"https:\/\/colegioarquitectos.com\/noticias\/#organization\"},\"image\":{\"@id\":\"https:\/\/colegioarquitectos.com\/noticias\/?p=30644#primaryimage\"},\"thumbnailUrl\":\"https:\/\/colegioarquitectos.com\/noticias\/wp-content\/uploads\/2023\/08\/Proyecto-nuevo-18.jpg\",\"keywords\":[\"81 a\u00f1os\",\"81 a\u00f1os CA\",\"81 a\u00f1os del Colegio de Arquitectos de Chile\",\"Delegaci\u00f3n Zonal Magallanes\",\"DZ Magallanes\",\"Encuentro Binacional de Arquitectos de la Patagonia\",\"Mes de la Arquitectura\",\"Mes de la Arquitectura en Chile\",\"Semana de la Arquitectura\"],\"articleSection\":[\"Delegaciones\"],\"inLanguage\":\"es\"},{\"@type\":\"WebPage\",\"@id\":\"https:\/\/colegioarquitectos.com\/noticias\/?p=30644\",\"url\":\"https:\/\/colegioarquitectos.com\/noticias\/?p=30644\",\"name\":\"Delegaci\u00f3n Zonal Magallanes convoca al Encuentro Binacional de Arquitectos de la Patagonia - COLEGIO DE ARQUITECTOS DE CHILE\",\"isPartOf\":{\"@id\":\"https:\/\/colegioarquitectos.com\/noticias\/#website\"},\"primaryImageOfPage\":{\"@id\":\"https:\/\/colegioarquitectos.com\/noticias\/?p=30644#primaryimage\"},\"image\":{\"@id\":\"https:\/\/colegioarquitectos.com\/noticias\/?p=30644#primaryimage\"},\"thumbnailUrl\":\"https:\/\/colegioarquitectos.com\/noticias\/wp-content\/uploads\/2023\/08\/Proyecto-nuevo-18.jpg\",\"datePublished\":\"2023-08-04T19:39:14+00:00\",\"dateModified\":\"2023-08-04T19:39:25+00:00\",\"breadcrumb\":{\"@id\":\"https:\/\/colegioarquitectos.com\/noticias\/?p=30644#breadcrumb\"},\"inLanguage\":\"es\",\"potentialAction\":[{\"@type\":\"ReadAction\",\"target\":[\"https:\/\/colegioarquitectos.com\/noticias\/?p=30644\"]}]},{\"@type\":\"ImageObject\",\"inLanguage\":\"es\",\"@id\":\"https:\/\/colegioarquitectos.com\/noticias\/?p=30644#primaryimage\",\"url\":\"https:\/\/colegioarquitectos.com\/noticias\/wp-content\/uploads\/2023\/08\/Proyecto-nuevo-18.jpg\",\"contentUrl\":\"https:\/\/colegioarquitectos.com\/noticias\/wp-content\/uploads\/2023\/08\/Proyecto-nuevo-18.jpg\",\"width\":1280,\"height\":720},{\"@type\":\"BreadcrumbList\",\"@id\":\"https:\/\/colegioarquitectos.com\/noticias\/?p=30644#breadcrumb\",\"itemListElement\":[{\"@type\":\"ListItem\",\"position\":1,\"name\":\"Portada\",\"item\":\"https:\/\/colegioarquitectos.com\/noticias\"},{\"@type\":\"ListItem\",\"position\":2,\"name\":\"Delegaci\u00f3n Zonal Magallanes convoca al Encuentro Binacional de Arquitectos de la Patagonia\"}]},{\"@type\":\"WebSite\",\"@id\":\"https:\/\/colegioarquitectos.com\/noticias\/#website\",\"url\":\"https:\/\/colegioarquitectos.com\/noticias\/\",\"name\":\"COLEGIO DE ARQUITECTOS DE CHILE\",\"description\":\"\",\"publisher\":{\"@id\":\"https:\/\/colegioarquitectos.com\/noticias\/#organization\"},\"potentialAction\":[{\"@type\":\"SearchAction\",\"target\":{\"@type\":\"EntryPoint\",\"urlTemplate\":\"https:\/\/colegioarquitectos.com\/noticias\/?s={search_term_string}\"},\"query-input\":{\"@type\":\"PropertyValueSpecification\",\"valueRequired\":true,\"valueName\":\"search_term_string\"}}],\"inLanguage\":\"es\"},{\"@type\":\"Organization\",\"@id\":\"https:\/\/colegioarquitectos.com\/noticias\/#organization\",\"name\":\"COLEGIO DE ARQUITECTOS DE CHILE\",\"url\":\"https:\/\/colegioarquitectos.com\/noticias\/\",\"logo\":{\"@type\":\"ImageObject\",\"inLanguage\":\"es\",\"@id\":\"https:\/\/colegioarquitectos.com\/noticias\/#\/schema\/logo\/image\/\",\"url\":\"https:\/\/colegioarquitectos.com\/noticias\/wp-content\/uploads\/2021\/05\/ENCABEZADO-LOGO-CA.jpg\",\"contentUrl\":\"https:\/\/colegioarquitectos.com\/noticias\/wp-content\/uploads\/2021\/05\/ENCABEZADO-LOGO-CA.jpg\",\"width\":690,\"height\":350,\"caption\":\"COLEGIO DE ARQUITECTOS DE CHILE\"},\"image\":{\"@id\":\"https:\/\/colegioarquitectos.com\/noticias\/#\/schema\/logo\/image\/\"},\"sameAs\":[\"https:\/\/facebook.com\/Colegioarq\/\",\"https:\/\/x.com\/colegioarq\",\"https:\/\/instagram.com\/colegioarq\",\"https:\/\/youtube.com\/@ColegiodeArquitectosdeChile\"]},{\"@type\":\"Person\",\"@id\":\"https:\/\/colegioarquitectos.com\/noticias\/#\/schema\/person\/685cc0aad148303c5608f049af8285ad\",\"name\":\"Colegio de Arquitectos de Chile\",\"url\":\"https:\/\/colegioarquitectos.com\/noticias\/?author=4\"}]}<\/script>\n<!-- \/ Yoast SEO plugin. -->","yoast_head_json":{"title":"Delegaci\u00f3n Zonal Magallanes convoca al Encuentro Binacional de Arquitectos de la Patagonia - COLEGIO DE ARQUITECTOS DE CHILE","robots":{"index":"index","follow":"follow","max-snippet":"max-snippet:-1","max-image-preview":"max-image-preview:large","max-video-preview":"max-video-preview:-1"},"canonical":"https:\/\/colegioarquitectos.com\/noticias\/?p=30644","og_locale":"es_ES","og_type":"article","og_title":"Delegaci\u00f3n Zonal Magallanes convoca al Encuentro Binacional de Arquitectos de la Patagonia - COLEGIO DE ARQUITECTOS DE CHILE","og_description":"En el D\u00eda Nacional del Arquitecto, la Delegaci\u00f3n Zonal Magallanes convoc\u00f3 a un punto de prensa en la primera casona que conforma el actual Museo del Recuerdo, de la Universidad de Magallanes. Lugar de singular simbolismo, ya que la instalaci\u00f3n &hellip; ver m\u00e1s","og_url":"https:\/\/colegioarquitectos.com\/noticias\/?p=30644","og_site_name":"COLEGIO DE ARQUITECTOS DE CHILE","article_publisher":"https:\/\/facebook.com\/Colegioarq\/","article_published_time":"2023-08-04T19:39:14+00:00","article_modified_time":"2023-08-04T19:39:25+00:00","og_image":[{"width":1280,"height":720,"url":"https:\/\/colegioarquitectos.com\/noticias\/wp-content\/uploads\/2023\/08\/Proyecto-nuevo-18.jpg","type":"image\/jpeg"}],"author":"Colegio de Arquitectos de Chile","twitter_card":"summary_large_image","twitter_creator":"@colegioarq","twitter_site":"@colegioarq","twitter_misc":{"Escrito por":"Colegio de Arquitectos de Chile","Tiempo de lectura":"5 minutos"},"schema":{"@context":"https:\/\/schema.org","@graph":[{"@type":"Article","@id":"https:\/\/colegioarquitectos.com\/noticias\/?p=30644#article","isPartOf":{"@id":"https:\/\/colegioarquitectos.com\/noticias\/?p=30644"},"author":{"name":"Colegio de Arquitectos de Chile","@id":"https:\/\/colegioarquitectos.com\/noticias\/#\/schema\/person\/685cc0aad148303c5608f049af8285ad"},"headline":"Delegaci\u00f3n Zonal Magallanes convoca al Encuentro Binacional de Arquitectos de la Patagonia","datePublished":"2023-08-04T19:39:14+00:00","dateModified":"2023-08-04T19:39:25+00:00","mainEntityOfPage":{"@id":"https:\/\/colegioarquitectos.com\/noticias\/?p=30644"},"wordCount":1108,"publisher":{"@id":"https:\/\/colegioarquitectos.com\/noticias\/#organization"},"image":{"@id":"https:\/\/colegioarquitectos.com\/noticias\/?p=30644#primaryimage"},"thumbnailUrl":"https:\/\/colegioarquitectos.com\/noticias\/wp-content\/uploads\/2023\/08\/Proyecto-nuevo-18.jpg","keywords":["81 a\u00f1os","81 a\u00f1os CA","81 a\u00f1os del Colegio de Arquitectos de Chile","Delegaci\u00f3n Zonal Magallanes","DZ Magallanes","Encuentro Binacional de Arquitectos de la Patagonia","Mes de la Arquitectura","Mes de la Arquitectura en Chile","Semana de la Arquitectura"],"articleSection":["Delegaciones"],"inLanguage":"es"},{"@type":"WebPage","@id":"https:\/\/colegioarquitectos.com\/noticias\/?p=30644","url":"https:\/\/colegioarquitectos.com\/noticias\/?p=30644","name":"Delegaci\u00f3n Zonal Magallanes convoca al Encuentro Binacional de Arquitectos de la Patagonia - COLEGIO DE ARQUITECTOS DE CHILE","isPartOf":{"@id":"https:\/\/colegioarquitectos.com\/noticias\/#website"},"primaryImageOfPage":{"@id":"https:\/\/colegioarquitectos.com\/noticias\/?p=30644#primaryimage"},"image":{"@id":"https:\/\/colegioarquitectos.com\/noticias\/?p=30644#primaryimage"},"thumbnailUrl":"https:\/\/colegioarquitectos.com\/noticias\/wp-content\/uploads\/2023\/08\/Proyecto-nuevo-18.jpg","datePublished":"2023-08-04T19:39:14+00:00","dateModified":"2023-08-04T19:39:25+00:00","breadcrumb":{"@id":"https:\/\/colegioarquitectos.com\/noticias\/?p=30644#breadcrumb"},"inLanguage":"es","potentialAction":[{"@type":"ReadAction","target":["https:\/\/colegioarquitectos.com\/noticias\/?p=30644"]}]},{"@type":"ImageObject","inLanguage":"es","@id":"https:\/\/colegioarquitectos.com\/noticias\/?p=30644#primaryimage","url":"https:\/\/colegioarquitectos.com\/noticias\/wp-content\/uploads\/2023\/08\/Proyecto-nuevo-18.jpg","contentUrl":"https:\/\/colegioarquitectos.com\/noticias\/wp-content\/uploads\/2023\/08\/Proyecto-nuevo-18.jpg","width":1280,"height":720},{"@type":"BreadcrumbList","@id":"https:\/\/colegioarquitectos.com\/noticias\/?p=30644#breadcrumb","itemListElement":[{"@type":"ListItem","position":1,"name":"Portada","item":"https:\/\/colegioarquitectos.com\/noticias"},{"@type":"ListItem","position":2,"name":"Delegaci\u00f3n Zonal Magallanes convoca al Encuentro Binacional de Arquitectos de la Patagonia"}]},{"@type":"WebSite","@id":"https:\/\/colegioarquitectos.com\/noticias\/#website","url":"https:\/\/colegioarquitectos.com\/noticias\/","name":"COLEGIO DE ARQUITECTOS DE CHILE","description":"","publisher":{"@id":"https:\/\/colegioarquitectos.com\/noticias\/#organization"},"potentialAction":[{"@type":"SearchAction","target":{"@type":"EntryPoint","urlTemplate":"https:\/\/colegioarquitectos.com\/noticias\/?s={search_term_string}"},"query-input":{"@type":"PropertyValueSpecification","valueRequired":true,"valueName":"search_term_string"}}],"inLanguage":"es"},{"@type":"Organization","@id":"https:\/\/colegioarquitectos.com\/noticias\/#organization","name":"COLEGIO DE ARQUITECTOS DE CHILE","url":"https:\/\/colegioarquitectos.com\/noticias\/","logo":{"@type":"ImageObject","inLanguage":"es","@id":"https:\/\/colegioarquitectos.com\/noticias\/#\/schema\/logo\/image\/","url":"https:\/\/colegioarquitectos.com\/noticias\/wp-content\/uploads\/2021\/05\/ENCABEZADO-LOGO-CA.jpg","contentUrl":"https:\/\/colegioarquitectos.com\/noticias\/wp-content\/uploads\/2021\/05\/ENCABEZADO-LOGO-CA.jpg","width":690,"height":350,"caption":"COLEGIO DE ARQUITECTOS DE CHILE"},"image":{"@id":"https:\/\/colegioarquitectos.com\/noticias\/#\/schema\/logo\/image\/"},"sameAs":["https:\/\/facebook.com\/Colegioarq\/","https:\/\/x.com\/colegioarq","https:\/\/instagram.com\/colegioarq","https:\/\/youtube.com\/@ColegiodeArquitectosdeChile"]},{"@type":"Person","@id":"https:\/\/colegioarquitectos.com\/noticias\/#\/schema\/person\/685cc0aad148303c5608f049af8285ad","name":"Colegio de Arquitectos de Chile","url":"https:\/\/colegioarquitectos.com\/noticias\/?author=4"}]}},"_links":{"self":[{"href":"https:\/\/colegioarquitectos.com\/noticias\/index.php?rest_route=\/wp\/v2\/posts\/30644","targetHints":{"allow":["GET"]}}],"collection":[{"href":"https:\/\/colegioarquitectos.com\/noticias\/index.php?rest_route=\/wp\/v2\/posts"}],"about":[{"href":"https:\/\/colegioarquitectos.com\/noticias\/index.php?rest_route=\/wp\/v2\/types\/post"}],"author":[{"embeddable":true,"href":"https:\/\/colegioarquitectos.com\/noticias\/index.php?rest_route=\/wp\/v2\/users\/4"}],"replies":[{"embeddable":true,"href":"https:\/\/colegioarquitectos.com\/noticias\/index.php?rest_route=%2Fwp%2Fv2%2Fcomments&post=30644"}],"version-history":[{"count":0,"href":"https:\/\/colegioarquitectos.com\/noticias\/index.php?rest_route=\/wp\/v2\/posts\/30644\/revisions"}],"wp:featuredmedia":[{"embeddable":true,"href":"https:\/\/colegioarquitectos.com\/noticias\/index.php?rest_route=\/wp\/v2\/media\/30649"}],"wp:attachment":[{"href":"https:\/\/colegioarquitectos.com\/noticias\/index.php?rest_route=%2Fwp%2Fv2%2Fmedia&parent=30644"}],"wp:term":[{"taxonomy":"category","embeddable":true,"href":"https:\/\/colegioarquitectos.com\/noticias\/index.php?rest_route=%2Fwp%2Fv2%2Fcategories&post=30644"},{"taxonomy":"post_tag","embeddable":true,"href":"https:\/\/colegioarquitectos.com\/noticias\/index.php?rest_route=%2Fwp%2Fv2%2Ftags&post=30644"}],"curies":[{"name":"wp","href":"https:\/\/api.w.org\/{rel}","templated":true}]}}