
{"id":30646,"date":"2023-08-04T15:19:57","date_gmt":"2023-08-04T19:19:57","guid":{"rendered":"https:\/\/colegioarquitectos.com\/?p=30646"},"modified":"2023-08-07T12:42:09","modified_gmt":"2023-08-07T16:42:09","slug":"30646","status":"publish","type":"post","link":"https:\/\/colegioarquitectos.com\/noticias\/?p=30646","title":{"rendered":"D\u00eda de las y los arquitectos | Saludo de la presidenta Beatriz Buccicardi a los colegiados y colegiadas"},"content":{"rendered":"<p><strong>Estimados colegiados y colegiadas<\/strong>,<\/p>\n<p>Quiero saludar fraternalmente a todos ustedes en este d\u00eda tan especial y lleno de sentido, en el marco de la conmemoraci\u00f3n de los 81 a\u00f1os de vida de nuestro Colegio de Arquitectos de Chile y el comienzo del Mes de la Arquitectura.<\/p>\n<p>Tal como les ped\u00ed a nuestros nuevos colegiados y colegiadas que juraron hoy en la Ceremonia del Inicio, quiero pedirles que en esta fecha tan especial para nuestro gremio, piensen en nuestra historia, en la historia del Colegio de Arquitectos de Chile.<\/p>\n<p>Un 4 de agosto de 1942 se promulg\u00f3 la Ley que cre\u00f3 el Colegio de Arquitectos de Chile con la firma del Presidente Juan Antonio R\u00edos y su ministro de Obras P\u00fablicas, Oscar Schnacke. Y, el 27 y 28 de octubre de ese mismo a\u00f1o, se eligi\u00f3 el primer Consejo Nacional del Colegio de Arquitectos, cuyo Presidente fue Alberto Risopatr\u00f3n.<\/p>\n<p>El Reglamento de Aplicaci\u00f3n de la Ley 7.211 es redactado por el Colegio de Arquitectos y aprobado por el Decreto N\u00ba 1.214 del 28 de agosto de 1943. De acuerdo con este, se constituyen las Delegaciones Provinciales de Valpara\u00edso, Concepci\u00f3n, Chill\u00e1n y del Sur \u2014Puerto Montt, Osorno y Valdivia\u2014.<\/p>\n<p>A fines de la d\u00e9cada del cuarenta, las Delegaciones Provinciales se ampl\u00edan a una Interprovincial \u2014Curic\u00f3, Talca y Linares\u2014; una Zonal Sur \u2014Temuco, Valdivia, Osorno y Puerto Montt\u2014; y \u00abcorresponsales\u00bb en Tarapac\u00e1, Antofagasta y Atacama.<\/p>\n<p>Inicialmente las Comisiones de Trabajo fueron: Habitaci\u00f3n, Arancel, Registro de Contratistas y Hacienda. Posteriormente se agregan: Revista y Publicaciones, Arquitectos Funcionarios y C\u00f3digo de \u00c9tica.<\/p>\n<p>En 1950 se realiza en Concepci\u00f3n el Primer Congreso de Arquitectos de Chile, cuya finalidad es \u00abdignificar la profesi\u00f3n, propender al mejoramiento del estudio de la Arquitectura, divulgar la revoluci\u00f3n art\u00edstica, cient\u00edfica y social de la profesi\u00f3n y estrechar los v\u00ednculos entre los arquitectos chilenos\u00bb.<\/p>\n<p>En 1968 se crea la Revista CA del Colegio de Arquitectos, con contenidos disciplinares y gremiales. En tanto, al a\u00f1o siguiente, el Colegio instituye Diplomas por A\u00f1os de Profesi\u00f3n, Premios a las Mejores Obras de Arquitectura y Urbanismo y el Premio de Honor, otorgado \u00abpor una vida dedicada al servicio de la Arquitectura\u00bb, hoy Premio Nacional de Arquitectura.<\/p>\n<p>En abril de 1972 el Colegio de Arquitectos elige de manera democr\u00e1tica su \u00faltimo Consejo Nacional, puesto que el 4 de mayo de 1974 la dictadura militar \u2014mediante el Decreto Ley 304\u2014 suspende las elecciones gremiales y prorroga el mandato de las directivas, en principio, hasta octubre de 1975.<\/p>\n<p>El 7 de febrero de 1981 se public\u00f3 el Decreto que oblig\u00f3 a los Colegios Profesionales a transformarse en Asociaciones Gremiales, suprimiendo la colegiatura obligatoria, lo que signific\u00f3 quitar la tuici\u00f3n sobre el desempe\u00f1o profesional y el control de la \u00c9tica de sus asociados. La legislaci\u00f3n impuesta fue rechazada en un plebiscito por el 92% de los arquitectos y arquitectas.<\/p>\n<p>En abril de 1982, se vuelven a realizar elecciones para elegir al primer Directorio Nacional del nuevo Colegio de Arquitectos de Chile A.G, siendo electo como presidente, V\u00edctor Gubbins.<\/p>\n<p>En enero de 1986, 44 a\u00f1os despu\u00e9s de su creaci\u00f3n, se elige a Eliana Caraball como presidenta nacional del Colegio de Arquitectos de Chile, convirti\u00e9ndose as\u00ed en la primera mujer en ocupar el cargo. Y solo hace dos a\u00f1os, el 8 de marzo de 2021, celebramos la creaci\u00f3n del Comit\u00e9 de G\u00e9nero.<\/p>\n<p>Todo lo anterior y mucho m\u00e1s, ha ocurrido en nuestros 81 a\u00f1os de historia.<\/p>\n<p>Este 4 de agosto, d\u00eda de celebraci\u00f3n del D\u00eda de las y los arquitectos, debemos fortalecer nuestro llamado a la unidad y al comportamiento \u00e9tico de nuestros asociados.<\/p>\n<p>Sepan todos y todas ustedes que nos encontramos en un proceso que busca recuperar la m\u00edstica y la \u00e9pica. Tambi\u00e9n, haciendo los esfuerzos para que esta Sede Nacional sea un espacio abierto a las y los colegiado, y a toda la ciudadan\u00eda de Santiago.<\/p>\n<p>Esperamos que este proceso audaz y de profundo trabajo nos lleve a generar nuevos horizontes de equidad, armon\u00eda, calidad, belleza y justicia en nuestras ciudades y territorios. Solo as\u00ed tendr\u00e1 sentido la existencia de una orden profesional preocupada de un habitar digno para todas y todos.<\/p>\n<p>Las arquitectas y arquitectos tenemos mucho que aportar y desde ah\u00ed hemos planteado el foco de la gesti\u00f3n de este Directorio Nacional, una que nos consolide como referente nacional con la capacidad para proponer desde nuestro quehacer ciudades equilibradas e integradas y, al mismo tiempo, fomentar pol\u00edticas p\u00fablicas que permitan dar soluci\u00f3n a las demandas sociales.<\/p>\n<p>Estamos a la altura de tales desaf\u00edos. Nuestros m\u00e1s de ochenta a\u00f1os de historia nos respaldan.<\/p>\n<p>Quiero hacer llegar mis agradecimientos personales y del Directorio Nacional, a cada una y uno de los arquitectos que han integrado nuestro Colegio de Arquitectos de Chile y a quienes eventualmente volver\u00e1n bajo nuestro alero.<\/p>\n<p>A los colegiados y colegiadas, en este 4 de agosto quiero motivarlos y motivarlas a que trabajen con pasi\u00f3n y cari\u00f1o por engrandecer a nuestro Colegio de Arquitectos de Chile y por demostrarles a los chilenos y chilenas, que la arquitectura puede ser un catalizador de una vida mejor, m\u00e1s digna y m\u00e1s feliz.<\/p>\n<p>Muchas gracias a todas y todos.<\/p>\n<p>&nbsp;<\/p>\n<p>&nbsp;<\/p>\n<p>&nbsp;<\/p>\n<p><strong>Beatriz Buccicardi K.<\/strong><\/p>\n<p><strong>Presidenta nacional<\/strong><\/p>\n<p><strong>Colegio de Arquitectos de Chile<\/strong><\/p>\n<p>&nbsp;<\/p>\n<p>&nbsp;<\/p>\n<p><\/p>","protected":false},"excerpt":{"rendered":"<p>Estimados colegiados y colegiadas, Quiero saludar fraternalmente a todos ustedes en este d\u00eda tan especial y lleno de sentido, en el marco de la conmemoraci\u00f3n de los 81 a\u00f1os de vida de nuestro Colegio de Arquitectos de Chile y el &hellip; <a class=\"more-link\" href=\"https:\/\/colegioarquitectos.com\/noticias\/?p=30646\">ver m\u00e1s<\/a><\/p>","protected":false},"author":4,"featured_media":30642,"comment_status":"closed","ping_status":"closed","sticky":false,"template":"","format":"standard","meta":{"footnotes":""},"categories":[547,8],"tags":[487,526,489,159,542,488,537],"class_list":["post-30646","post","type-post","status-publish","format-standard","has-post-thumbnail","hentry","category-81-anos-ca","category-colegio-de-arquitectos","tag-81-anos","tag-81-anos-ca","tag-81-anos-del-colegio-de-arquitectos-de-chile","tag-beatriz-buccicardi","tag-dia-de-las-y-los-arquitectos","tag-mes-de-la-arquitectura","tag-mes-de-la-arquitectura-en-chile"],"yoast_head":"<!-- This site is optimized with the Yoast SEO plugin v24.2 - https:\/\/yoast.com\/wordpress\/plugins\/seo\/ -->\n<title>D\u00eda de las y los arquitectos | Saludo de la presidenta Beatriz Buccicardi a los colegiados y colegiadas - COLEGIO DE ARQUITECTOS DE CHILE<\/title>\n<meta name=\"robots\" content=\"index, follow, max-snippet:-1, max-image-preview:large, max-video-preview:-1\" \/>\n<link rel=\"canonical\" href=\"https:\/\/colegioarquitectos.com\/noticias\/?p=30646\" \/>\n<meta property=\"og:locale\" content=\"es_ES\" \/>\n<meta property=\"og:type\" content=\"article\" \/>\n<meta property=\"og:title\" content=\"D\u00eda de las y los arquitectos | Saludo de la presidenta Beatriz Buccicardi a los colegiados y colegiadas - COLEGIO DE ARQUITECTOS DE CHILE\" \/>\n<meta property=\"og:description\" content=\"Estimados colegiados y colegiadas, Quiero saludar fraternalmente a todos ustedes en este d\u00eda tan especial y lleno de sentido, en el marco de la conmemoraci\u00f3n de los 81 a\u00f1os de vida de nuestro Colegio de Arquitectos de Chile y el &hellip; ver m\u00e1s\" \/>\n<meta property=\"og:url\" content=\"https:\/\/colegioarquitectos.com\/noticias\/?p=30646\" \/>\n<meta property=\"og:site_name\" content=\"COLEGIO DE ARQUITECTOS DE CHILE\" \/>\n<meta property=\"article:publisher\" content=\"https:\/\/facebook.com\/Colegioarq\/\" \/>\n<meta property=\"article:published_time\" content=\"2023-08-04T19:19:57+00:00\" \/>\n<meta property=\"article:modified_time\" content=\"2023-08-07T16:42:09+00:00\" \/>\n<meta property=\"og:image\" content=\"https:\/\/colegioarquitectos.com\/noticias\/wp-content\/uploads\/2023\/08\/ENCABEZADO.jpg\" \/>\n\t<meta property=\"og:image:width\" content=\"1280\" \/>\n\t<meta property=\"og:image:height\" content=\"720\" \/>\n\t<meta property=\"og:image:type\" content=\"image\/jpeg\" \/>\n<meta name=\"author\" content=\"Colegio de Arquitectos de Chile\" \/>\n<meta name=\"twitter:card\" content=\"summary_large_image\" \/>\n<meta name=\"twitter:creator\" content=\"@colegioarq\" \/>\n<meta name=\"twitter:site\" content=\"@colegioarq\" \/>\n<meta name=\"twitter:label1\" content=\"Escrito por\" \/>\n\t<meta name=\"twitter:data1\" content=\"Colegio de Arquitectos de Chile\" \/>\n\t<meta name=\"twitter:label2\" content=\"Tiempo de lectura\" \/>\n\t<meta name=\"twitter:data2\" content=\"4 minutos\" \/>\n<script type=\"application\/ld+json\" class=\"yoast-schema-graph\">{\"@context\":\"https:\/\/schema.org\",\"@graph\":[{\"@type\":\"Article\",\"@id\":\"https:\/\/colegioarquitectos.com\/noticias\/?p=30646#article\",\"isPartOf\":{\"@id\":\"https:\/\/colegioarquitectos.com\/noticias\/?p=30646\"},\"author\":{\"name\":\"Colegio de Arquitectos de Chile\",\"@id\":\"https:\/\/colegioarquitectos.com\/noticias\/#\/schema\/person\/685cc0aad148303c5608f049af8285ad\"},\"headline\":\"D\u00eda de las y los arquitectos | Saludo de la presidenta Beatriz Buccicardi a los colegiados y colegiadas\",\"datePublished\":\"2023-08-04T19:19:57+00:00\",\"dateModified\":\"2023-08-07T16:42:09+00:00\",\"mainEntityOfPage\":{\"@id\":\"https:\/\/colegioarquitectos.com\/noticias\/?p=30646\"},\"wordCount\":914,\"publisher\":{\"@id\":\"https:\/\/colegioarquitectos.com\/noticias\/#organization\"},\"image\":{\"@id\":\"https:\/\/colegioarquitectos.com\/noticias\/?p=30646#primaryimage\"},\"thumbnailUrl\":\"https:\/\/colegioarquitectos.com\/noticias\/wp-content\/uploads\/2023\/08\/ENCABEZADO.jpg\",\"keywords\":[\"81 a\u00f1os\",\"81 a\u00f1os CA\",\"81 a\u00f1os del Colegio de Arquitectos de Chile\",\"Beatriz Buccicardi\",\"D\u00eda de las y los arquitectos\",\"Mes de la Arquitectura\",\"Mes de la Arquitectura en Chile\"],\"articleSection\":[\"81 a\u00f1os CA\",\"Colegio\"],\"inLanguage\":\"es\"},{\"@type\":\"WebPage\",\"@id\":\"https:\/\/colegioarquitectos.com\/noticias\/?p=30646\",\"url\":\"https:\/\/colegioarquitectos.com\/noticias\/?p=30646\",\"name\":\"D\u00eda de las y los arquitectos | Saludo de la presidenta Beatriz Buccicardi a los colegiados y colegiadas - COLEGIO DE ARQUITECTOS DE CHILE\",\"isPartOf\":{\"@id\":\"https:\/\/colegioarquitectos.com\/noticias\/#website\"},\"primaryImageOfPage\":{\"@id\":\"https:\/\/colegioarquitectos.com\/noticias\/?p=30646#primaryimage\"},\"image\":{\"@id\":\"https:\/\/colegioarquitectos.com\/noticias\/?p=30646#primaryimage\"},\"thumbnailUrl\":\"https:\/\/colegioarquitectos.com\/noticias\/wp-content\/uploads\/2023\/08\/ENCABEZADO.jpg\",\"datePublished\":\"2023-08-04T19:19:57+00:00\",\"dateModified\":\"2023-08-07T16:42:09+00:00\",\"breadcrumb\":{\"@id\":\"https:\/\/colegioarquitectos.com\/noticias\/?p=30646#breadcrumb\"},\"inLanguage\":\"es\",\"potentialAction\":[{\"@type\":\"ReadAction\",\"target\":[\"https:\/\/colegioarquitectos.com\/noticias\/?p=30646\"]}]},{\"@type\":\"ImageObject\",\"inLanguage\":\"es\",\"@id\":\"https:\/\/colegioarquitectos.com\/noticias\/?p=30646#primaryimage\",\"url\":\"https:\/\/colegioarquitectos.com\/noticias\/wp-content\/uploads\/2023\/08\/ENCABEZADO.jpg\",\"contentUrl\":\"https:\/\/colegioarquitectos.com\/noticias\/wp-content\/uploads\/2023\/08\/ENCABEZADO.jpg\",\"width\":1280,\"height\":720},{\"@type\":\"BreadcrumbList\",\"@id\":\"https:\/\/colegioarquitectos.com\/noticias\/?p=30646#breadcrumb\",\"itemListElement\":[{\"@type\":\"ListItem\",\"position\":1,\"name\":\"Portada\",\"item\":\"https:\/\/colegioarquitectos.com\/noticias\"},{\"@type\":\"ListItem\",\"position\":2,\"name\":\"D\u00eda de las y los arquitectos | Saludo de la presidenta Beatriz Buccicardi a los colegiados y colegiadas\"}]},{\"@type\":\"WebSite\",\"@id\":\"https:\/\/colegioarquitectos.com\/noticias\/#website\",\"url\":\"https:\/\/colegioarquitectos.com\/noticias\/\",\"name\":\"COLEGIO DE ARQUITECTOS DE CHILE\",\"description\":\"\",\"publisher\":{\"@id\":\"https:\/\/colegioarquitectos.com\/noticias\/#organization\"},\"potentialAction\":[{\"@type\":\"SearchAction\",\"target\":{\"@type\":\"EntryPoint\",\"urlTemplate\":\"https:\/\/colegioarquitectos.com\/noticias\/?s={search_term_string}\"},\"query-input\":{\"@type\":\"PropertyValueSpecification\",\"valueRequired\":true,\"valueName\":\"search_term_string\"}}],\"inLanguage\":\"es\"},{\"@type\":\"Organization\",\"@id\":\"https:\/\/colegioarquitectos.com\/noticias\/#organization\",\"name\":\"COLEGIO DE ARQUITECTOS DE CHILE\",\"url\":\"https:\/\/colegioarquitectos.com\/noticias\/\",\"logo\":{\"@type\":\"ImageObject\",\"inLanguage\":\"es\",\"@id\":\"https:\/\/colegioarquitectos.com\/noticias\/#\/schema\/logo\/image\/\",\"url\":\"https:\/\/colegioarquitectos.com\/noticias\/wp-content\/uploads\/2021\/05\/ENCABEZADO-LOGO-CA.jpg\",\"contentUrl\":\"https:\/\/colegioarquitectos.com\/noticias\/wp-content\/uploads\/2021\/05\/ENCABEZADO-LOGO-CA.jpg\",\"width\":690,\"height\":350,\"caption\":\"COLEGIO DE ARQUITECTOS DE CHILE\"},\"image\":{\"@id\":\"https:\/\/colegioarquitectos.com\/noticias\/#\/schema\/logo\/image\/\"},\"sameAs\":[\"https:\/\/facebook.com\/Colegioarq\/\",\"https:\/\/x.com\/colegioarq\",\"https:\/\/instagram.com\/colegioarq\",\"https:\/\/youtube.com\/@ColegiodeArquitectosdeChile\"]},{\"@type\":\"Person\",\"@id\":\"https:\/\/colegioarquitectos.com\/noticias\/#\/schema\/person\/685cc0aad148303c5608f049af8285ad\",\"name\":\"Colegio de Arquitectos de Chile\",\"url\":\"https:\/\/colegioarquitectos.com\/noticias\/?author=4\"}]}<\/script>\n<!-- \/ Yoast SEO plugin. -->","yoast_head_json":{"title":"D\u00eda de las y los arquitectos | Saludo de la presidenta Beatriz Buccicardi a los colegiados y colegiadas - COLEGIO DE ARQUITECTOS DE CHILE","robots":{"index":"index","follow":"follow","max-snippet":"max-snippet:-1","max-image-preview":"max-image-preview:large","max-video-preview":"max-video-preview:-1"},"canonical":"https:\/\/colegioarquitectos.com\/noticias\/?p=30646","og_locale":"es_ES","og_type":"article","og_title":"D\u00eda de las y los arquitectos | Saludo de la presidenta Beatriz Buccicardi a los colegiados y colegiadas - COLEGIO DE ARQUITECTOS DE CHILE","og_description":"Estimados colegiados y colegiadas, Quiero saludar fraternalmente a todos ustedes en este d\u00eda tan especial y lleno de sentido, en el marco de la conmemoraci\u00f3n de los 81 a\u00f1os de vida de nuestro Colegio de Arquitectos de Chile y el &hellip; ver m\u00e1s","og_url":"https:\/\/colegioarquitectos.com\/noticias\/?p=30646","og_site_name":"COLEGIO DE ARQUITECTOS DE CHILE","article_publisher":"https:\/\/facebook.com\/Colegioarq\/","article_published_time":"2023-08-04T19:19:57+00:00","article_modified_time":"2023-08-07T16:42:09+00:00","og_image":[{"width":1280,"height":720,"url":"https:\/\/colegioarquitectos.com\/noticias\/wp-content\/uploads\/2023\/08\/ENCABEZADO.jpg","type":"image\/jpeg"}],"author":"Colegio de Arquitectos de Chile","twitter_card":"summary_large_image","twitter_creator":"@colegioarq","twitter_site":"@colegioarq","twitter_misc":{"Escrito por":"Colegio de Arquitectos de Chile","Tiempo de lectura":"4 minutos"},"schema":{"@context":"https:\/\/schema.org","@graph":[{"@type":"Article","@id":"https:\/\/colegioarquitectos.com\/noticias\/?p=30646#article","isPartOf":{"@id":"https:\/\/colegioarquitectos.com\/noticias\/?p=30646"},"author":{"name":"Colegio de Arquitectos de Chile","@id":"https:\/\/colegioarquitectos.com\/noticias\/#\/schema\/person\/685cc0aad148303c5608f049af8285ad"},"headline":"D\u00eda de las y los arquitectos | Saludo de la presidenta Beatriz Buccicardi a los colegiados y colegiadas","datePublished":"2023-08-04T19:19:57+00:00","dateModified":"2023-08-07T16:42:09+00:00","mainEntityOfPage":{"@id":"https:\/\/colegioarquitectos.com\/noticias\/?p=30646"},"wordCount":914,"publisher":{"@id":"https:\/\/colegioarquitectos.com\/noticias\/#organization"},"image":{"@id":"https:\/\/colegioarquitectos.com\/noticias\/?p=30646#primaryimage"},"thumbnailUrl":"https:\/\/colegioarquitectos.com\/noticias\/wp-content\/uploads\/2023\/08\/ENCABEZADO.jpg","keywords":["81 a\u00f1os","81 a\u00f1os CA","81 a\u00f1os del Colegio de Arquitectos de Chile","Beatriz Buccicardi","D\u00eda de las y los arquitectos","Mes de la Arquitectura","Mes de la Arquitectura en Chile"],"articleSection":["81 a\u00f1os CA","Colegio"],"inLanguage":"es"},{"@type":"WebPage","@id":"https:\/\/colegioarquitectos.com\/noticias\/?p=30646","url":"https:\/\/colegioarquitectos.com\/noticias\/?p=30646","name":"D\u00eda de las y los arquitectos | Saludo de la presidenta Beatriz Buccicardi a los colegiados y colegiadas - COLEGIO DE ARQUITECTOS DE CHILE","isPartOf":{"@id":"https:\/\/colegioarquitectos.com\/noticias\/#website"},"primaryImageOfPage":{"@id":"https:\/\/colegioarquitectos.com\/noticias\/?p=30646#primaryimage"},"image":{"@id":"https:\/\/colegioarquitectos.com\/noticias\/?p=30646#primaryimage"},"thumbnailUrl":"https:\/\/colegioarquitectos.com\/noticias\/wp-content\/uploads\/2023\/08\/ENCABEZADO.jpg","datePublished":"2023-08-04T19:19:57+00:00","dateModified":"2023-08-07T16:42:09+00:00","breadcrumb":{"@id":"https:\/\/colegioarquitectos.com\/noticias\/?p=30646#breadcrumb"},"inLanguage":"es","potentialAction":[{"@type":"ReadAction","target":["https:\/\/colegioarquitectos.com\/noticias\/?p=30646"]}]},{"@type":"ImageObject","inLanguage":"es","@id":"https:\/\/colegioarquitectos.com\/noticias\/?p=30646#primaryimage","url":"https:\/\/colegioarquitectos.com\/noticias\/wp-content\/uploads\/2023\/08\/ENCABEZADO.jpg","contentUrl":"https:\/\/colegioarquitectos.com\/noticias\/wp-content\/uploads\/2023\/08\/ENCABEZADO.jpg","width":1280,"height":720},{"@type":"BreadcrumbList","@id":"https:\/\/colegioarquitectos.com\/noticias\/?p=30646#breadcrumb","itemListElement":[{"@type":"ListItem","position":1,"name":"Portada","item":"https:\/\/colegioarquitectos.com\/noticias"},{"@type":"ListItem","position":2,"name":"D\u00eda de las y los arquitectos | Saludo de la presidenta Beatriz Buccicardi a los colegiados y colegiadas"}]},{"@type":"WebSite","@id":"https:\/\/colegioarquitectos.com\/noticias\/#website","url":"https:\/\/colegioarquitectos.com\/noticias\/","name":"COLEGIO DE ARQUITECTOS DE CHILE","description":"","publisher":{"@id":"https:\/\/colegioarquitectos.com\/noticias\/#organization"},"potentialAction":[{"@type":"SearchAction","target":{"@type":"EntryPoint","urlTemplate":"https:\/\/colegioarquitectos.com\/noticias\/?s={search_term_string}"},"query-input":{"@type":"PropertyValueSpecification","valueRequired":true,"valueName":"search_term_string"}}],"inLanguage":"es"},{"@type":"Organization","@id":"https:\/\/colegioarquitectos.com\/noticias\/#organization","name":"COLEGIO DE ARQUITECTOS DE CHILE","url":"https:\/\/colegioarquitectos.com\/noticias\/","logo":{"@type":"ImageObject","inLanguage":"es","@id":"https:\/\/colegioarquitectos.com\/noticias\/#\/schema\/logo\/image\/","url":"https:\/\/colegioarquitectos.com\/noticias\/wp-content\/uploads\/2021\/05\/ENCABEZADO-LOGO-CA.jpg","contentUrl":"https:\/\/colegioarquitectos.com\/noticias\/wp-content\/uploads\/2021\/05\/ENCABEZADO-LOGO-CA.jpg","width":690,"height":350,"caption":"COLEGIO DE ARQUITECTOS DE CHILE"},"image":{"@id":"https:\/\/colegioarquitectos.com\/noticias\/#\/schema\/logo\/image\/"},"sameAs":["https:\/\/facebook.com\/Colegioarq\/","https:\/\/x.com\/colegioarq","https:\/\/instagram.com\/colegioarq","https:\/\/youtube.com\/@ColegiodeArquitectosdeChile"]},{"@type":"Person","@id":"https:\/\/colegioarquitectos.com\/noticias\/#\/schema\/person\/685cc0aad148303c5608f049af8285ad","name":"Colegio de Arquitectos de Chile","url":"https:\/\/colegioarquitectos.com\/noticias\/?author=4"}]}},"_links":{"self":[{"href":"https:\/\/colegioarquitectos.com\/noticias\/index.php?rest_route=\/wp\/v2\/posts\/30646","targetHints":{"allow":["GET"]}}],"collection":[{"href":"https:\/\/colegioarquitectos.com\/noticias\/index.php?rest_route=\/wp\/v2\/posts"}],"about":[{"href":"https:\/\/colegioarquitectos.com\/noticias\/index.php?rest_route=\/wp\/v2\/types\/post"}],"author":[{"embeddable":true,"href":"https:\/\/colegioarquitectos.com\/noticias\/index.php?rest_route=\/wp\/v2\/users\/4"}],"replies":[{"embeddable":true,"href":"https:\/\/colegioarquitectos.com\/noticias\/index.php?rest_route=%2Fwp%2Fv2%2Fcomments&post=30646"}],"version-history":[{"count":0,"href":"https:\/\/colegioarquitectos.com\/noticias\/index.php?rest_route=\/wp\/v2\/posts\/30646\/revisions"}],"wp:featuredmedia":[{"embeddable":true,"href":"https:\/\/colegioarquitectos.com\/noticias\/index.php?rest_route=\/wp\/v2\/media\/30642"}],"wp:attachment":[{"href":"https:\/\/colegioarquitectos.com\/noticias\/index.php?rest_route=%2Fwp%2Fv2%2Fmedia&parent=30646"}],"wp:term":[{"taxonomy":"category","embeddable":true,"href":"https:\/\/colegioarquitectos.com\/noticias\/index.php?rest_route=%2Fwp%2Fv2%2Fcategories&post=30646"},{"taxonomy":"post_tag","embeddable":true,"href":"https:\/\/colegioarquitectos.com\/noticias\/index.php?rest_route=%2Fwp%2Fv2%2Ftags&post=30646"}],"curies":[{"name":"wp","href":"https:\/\/api.w.org\/{rel}","templated":true}]}}