
{"id":30691,"date":"2023-08-10T12:13:47","date_gmt":"2023-08-10T16:13:47","guid":{"rendered":"https:\/\/colegioarquitectos.com\/?p=30691"},"modified":"2023-08-10T12:13:47","modified_gmt":"2023-08-10T16:13:47","slug":"convocatoria-abierta-revista-origen-ed-03","status":"publish","type":"post","link":"https:\/\/colegioarquitectos.com\/noticias\/?p=30691","title":{"rendered":"[Convocatoria abierta] Revista Origen Ed. 03"},"content":{"rendered":"<p>La <strong>revista Origen<\/strong> es un <strong>espacio de difusi\u00f3n y discusi\u00f3n sobre la experiencia arquitect\u00f3nica<\/strong>, que entiende su dise\u00f1o, estudio y cr\u00edtica como una constante b\u00fasqueda en torno a las identidades locales.<\/p>\n<p>Para la <strong>Delegaci\u00f3n Zonal Chilo\u00e9<\/strong> del <strong>Colegio de Arquitectos de Chile<\/strong> -que impulsa este proyecto editorial desde el 2018 junto a la CEUACH (Corporaci\u00f3n de estudios urbanos y arquitect\u00f3nicos de Chilo\u00e9) &#8211; esta b\u00fasqueda se ha vuelto una necesidad crucial en las \u00faltimas d\u00e9cadas, <strong>en las que las acciones pensadas desde lo local, desde los conocimientos propios de cada lugar y usando los materiales disponibles en el entorno cercano, han demostrado ser clave para enfrentar los desaf\u00edos contempor\u00e1neos del desarrollo territorial<\/strong>.<\/p>\n<p>Desde esta postura, <strong>su tercera edici\u00f3n reflexionar\u00e1 en torno a los paisajes rurales, como una construcci\u00f3n social en constante transformaci\u00f3n, en cuya experiencia son vitales los espacios arquitect\u00f3nicos sensibles, pertinentes y flexibles a ese dinamismo<\/strong>. En el caso de Chilo\u00e9, esta reflexi\u00f3n resulta clave y urgente, <strong>entendiendo que en torno a la noci\u00f3n de paisaje rural confluyen distintos valores y tensiones asociadas al desarrollo del archipi\u00e9lago<\/strong>.<\/p>\n<p>As\u00ed, el <strong>Comit\u00e9 Editorial de la Revista Origen<\/strong> convoca a aportar a esta reflexi\u00f3n <strong>desde experiencias arquitect\u00f3nicas vividas o imaginadas, ya sea desde el archipi\u00e9lago de Chilo\u00e9 o desde otros territorios que puedan dialogar con \u00e9l<\/strong>,\u00a0en torno a los procesos de construcci\u00f3n social de paisaje rural y al rol que la arquitectura juega en ellos.<\/p>\n<p>En este marco, si bien la b\u00fasqueda del Comit\u00e9 es establecer un di\u00e1logo con distintas realidades en torno al tema propuesto, <strong>la prioridad de selecci\u00f3n ser\u00e1 para las propuestas sensibles a las din\u00e1micas de su entorno, especialmente en paisajes rurales, sin perjuicio que el relato desde la urbanidad pueda encontrar sensibilidades en com\u00fan con la realidad del archipi\u00e9lago en la que nuestra Delegaci\u00f3n Zonal Chilo\u00e9 del Colegio de Arquitectos de Chile habita<\/strong>.<\/p>\n<p>&nbsp;<\/p>\n<h4>FORMATOS DE POSTULACI\u00d3N<\/h4>\n<hr \/>\n<h4>ENSAYO O RESUMEN DE INVESTIGACIONES<\/h4>\n<p>Texto in\u00e9dito de no m\u00e1s de 4.000 palabras. 2 im\u00e1genes en JPG de con resoluci\u00f3n para impresi\u00f3n que complemente el texto.<\/p>\n<p>&nbsp;<\/p>\n<h4>OBRAS O PROYECTOS DE ARQUITECTURA<\/h4>\n<p>Texto editable de no m\u00e1s de 3.000 palabras y 10 im\u00e1genes con resoluci\u00f3n para impresi\u00f3n, de contenido libre (planimetr\u00edas, fotograf\u00edas, visualizaciones, ilustraciones etc.) en las que se expongan los aspectos medulares de la propuesta, su contexto y relaci\u00f3n con la convocatoria.<\/p>\n<p>&nbsp;<\/p>\n<h4>COLUMNA O ART\u00cdCULO DE OPINI\u00d3N<\/h4>\n<p>Texto in\u00e9dito de no m\u00e1s de 1.500 palabras. El tema a abordar debe ser vinculado con procesos en curso o de desarrollo reciente y situado en un territorio espec\u00edfico. 2 im\u00e1genes que complementen el texto, en formato para impresi\u00f3n.<\/p>\n<p>&nbsp;<\/p>\n<p>&nbsp;<\/p>\n<h4>SELECCI\u00d3N<\/h4>\n<hr \/>\n<p>3 categor\u00edas definidas en funci\u00f3n de la proximidad con el archipi\u00e9lago de Chilo\u00e9:<\/p>\n<p>&nbsp;<\/p>\n<h4>LOCAL<\/h4>\n<p>Arquitectas o arquitectos colegiados activos de la Delegaci\u00f3n Chilo\u00e9 del Colegio de Arquitectos de Chile al momento de la selecci\u00f3n.<\/p>\n<p>&nbsp;<\/p>\n<h4>NACIONAL<\/h4>\n<p>Arquitectas o arquitectos colegiados activos de cualquier Delegaci\u00f3n Zonal del Colegio de Arquitectos de Chile distinta a Chilo\u00e9 y\/o profesionales afines a la arquitectura.<\/p>\n<p>&nbsp;<\/p>\n<h4>INTERNACIONAL<\/h4>\n<p>Arquitectas o arquitectos residentes en el extranjero. Que presenten tem\u00e1ticas acordes al territorio nacional.<\/p>\n<p>&nbsp;<\/p>\n<p>&nbsp;<\/p>\n<h4>REVISTA ORIGEN ED.03<\/h4>\n<hr \/>\n<p><strong>Plazo env\u00edo propuestas:<\/strong> Desde el 31 de julio de 2023 hasta el 31 de agosto de 2023<\/p>\n<p><strong>Formato entrega:<\/strong> Texto en Word editable. Im\u00e1genes en resoluci\u00f3n para impresi\u00f3n.<\/p>\n<p><strong>Publicaci\u00f3n seleccionados:<\/strong> 08 septiembre de 2023<\/p>\n<p><strong>Contacto:<\/strong> ong.ceuach@gmail.com<\/p>\n<p><strong>Instagram:<\/strong> @revistaorigen<\/p>\n<p>&nbsp;<\/p>\n<p>&nbsp;<\/p>\n<p><\/p>","protected":false},"excerpt":{"rendered":"<p>La revista Origen es un espacio de difusi\u00f3n y discusi\u00f3n sobre la experiencia arquitect\u00f3nica, que entiende su dise\u00f1o, estudio y cr\u00edtica como una constante b\u00fasqueda en torno a las identidades locales. Para la Delegaci\u00f3n Zonal Chilo\u00e9 del Colegio de Arquitectos &hellip; <a class=\"more-link\" href=\"https:\/\/colegioarquitectos.com\/noticias\/?p=30691\">ver m\u00e1s<\/a><\/p>","protected":false},"author":4,"featured_media":30692,"comment_status":"closed","ping_status":"closed","sticky":false,"template":"","format":"standard","meta":{"footnotes":""},"categories":[10],"tags":[220,554,553,555],"class_list":["post-30691","post","type-post","status-publish","format-standard","has-post-thumbnail","hentry","category-delegaciones-zonales","tag-convocatoria","tag-delegacion-zonal-chiloe","tag-dz-chiloe","tag-revista-origen"],"yoast_head":"<!-- This site is optimized with the Yoast SEO plugin v24.2 - https:\/\/yoast.com\/wordpress\/plugins\/seo\/ -->\n<title>[Convocatoria abierta] Revista Origen Ed. 03 - COLEGIO DE ARQUITECTOS DE CHILE<\/title>\n<meta name=\"robots\" content=\"index, follow, max-snippet:-1, max-image-preview:large, max-video-preview:-1\" \/>\n<link rel=\"canonical\" href=\"https:\/\/colegioarquitectos.com\/noticias\/?p=30691\" \/>\n<meta property=\"og:locale\" content=\"es_ES\" \/>\n<meta property=\"og:type\" content=\"article\" \/>\n<meta property=\"og:title\" content=\"[Convocatoria abierta] Revista Origen Ed. 03 - COLEGIO DE ARQUITECTOS DE CHILE\" \/>\n<meta property=\"og:description\" content=\"La revista Origen es un espacio de difusi\u00f3n y discusi\u00f3n sobre la experiencia arquitect\u00f3nica, que entiende su dise\u00f1o, estudio y cr\u00edtica como una constante b\u00fasqueda en torno a las identidades locales. Para la Delegaci\u00f3n Zonal Chilo\u00e9 del Colegio de Arquitectos &hellip; ver m\u00e1s\" \/>\n<meta property=\"og:url\" content=\"https:\/\/colegioarquitectos.com\/noticias\/?p=30691\" \/>\n<meta property=\"og:site_name\" content=\"COLEGIO DE ARQUITECTOS DE CHILE\" \/>\n<meta property=\"article:publisher\" content=\"https:\/\/facebook.com\/Colegioarq\/\" \/>\n<meta property=\"article:published_time\" content=\"2023-08-10T16:13:47+00:00\" \/>\n<meta property=\"og:image\" content=\"https:\/\/colegioarquitectos.com\/noticias\/wp-content\/uploads\/2023\/08\/ENCABEZADO-ORIGEN-ED-03.jpg\" \/>\n\t<meta property=\"og:image:width\" content=\"1280\" \/>\n\t<meta property=\"og:image:height\" content=\"720\" \/>\n\t<meta property=\"og:image:type\" content=\"image\/jpeg\" \/>\n<meta name=\"author\" content=\"Colegio de Arquitectos de Chile\" \/>\n<meta name=\"twitter:card\" content=\"summary_large_image\" \/>\n<meta name=\"twitter:creator\" content=\"@colegioarq\" \/>\n<meta name=\"twitter:site\" content=\"@colegioarq\" \/>\n<meta name=\"twitter:label1\" content=\"Escrito por\" \/>\n\t<meta name=\"twitter:data1\" content=\"Colegio de Arquitectos de Chile\" \/>\n\t<meta name=\"twitter:label2\" content=\"Tiempo de lectura\" \/>\n\t<meta name=\"twitter:data2\" content=\"3 minutos\" \/>\n<script type=\"application\/ld+json\" class=\"yoast-schema-graph\">{\"@context\":\"https:\/\/schema.org\",\"@graph\":[{\"@type\":\"Article\",\"@id\":\"https:\/\/colegioarquitectos.com\/noticias\/?p=30691#article\",\"isPartOf\":{\"@id\":\"https:\/\/colegioarquitectos.com\/noticias\/?p=30691\"},\"author\":{\"name\":\"Colegio de Arquitectos de Chile\",\"@id\":\"https:\/\/colegioarquitectos.com\/noticias\/#\/schema\/person\/685cc0aad148303c5608f049af8285ad\"},\"headline\":\"[Convocatoria abierta] Revista Origen Ed. 03\",\"datePublished\":\"2023-08-10T16:13:47+00:00\",\"dateModified\":\"2023-08-10T16:13:47+00:00\",\"mainEntityOfPage\":{\"@id\":\"https:\/\/colegioarquitectos.com\/noticias\/?p=30691\"},\"wordCount\":612,\"publisher\":{\"@id\":\"https:\/\/colegioarquitectos.com\/noticias\/#organization\"},\"image\":{\"@id\":\"https:\/\/colegioarquitectos.com\/noticias\/?p=30691#primaryimage\"},\"thumbnailUrl\":\"https:\/\/colegioarquitectos.com\/noticias\/wp-content\/uploads\/2023\/08\/ENCABEZADO-ORIGEN-ED-03.jpg\",\"keywords\":[\"convocatoria\",\"Delegaci\u00f3n Zonal Chilo\u00e9\",\"DZ Chilo\u00e9\",\"Revista Origen\"],\"articleSection\":[\"Delegaciones\"],\"inLanguage\":\"es\"},{\"@type\":\"WebPage\",\"@id\":\"https:\/\/colegioarquitectos.com\/noticias\/?p=30691\",\"url\":\"https:\/\/colegioarquitectos.com\/noticias\/?p=30691\",\"name\":\"[Convocatoria abierta] Revista Origen Ed. 03 - COLEGIO DE ARQUITECTOS DE CHILE\",\"isPartOf\":{\"@id\":\"https:\/\/colegioarquitectos.com\/noticias\/#website\"},\"primaryImageOfPage\":{\"@id\":\"https:\/\/colegioarquitectos.com\/noticias\/?p=30691#primaryimage\"},\"image\":{\"@id\":\"https:\/\/colegioarquitectos.com\/noticias\/?p=30691#primaryimage\"},\"thumbnailUrl\":\"https:\/\/colegioarquitectos.com\/noticias\/wp-content\/uploads\/2023\/08\/ENCABEZADO-ORIGEN-ED-03.jpg\",\"datePublished\":\"2023-08-10T16:13:47+00:00\",\"dateModified\":\"2023-08-10T16:13:47+00:00\",\"breadcrumb\":{\"@id\":\"https:\/\/colegioarquitectos.com\/noticias\/?p=30691#breadcrumb\"},\"inLanguage\":\"es\",\"potentialAction\":[{\"@type\":\"ReadAction\",\"target\":[\"https:\/\/colegioarquitectos.com\/noticias\/?p=30691\"]}]},{\"@type\":\"ImageObject\",\"inLanguage\":\"es\",\"@id\":\"https:\/\/colegioarquitectos.com\/noticias\/?p=30691#primaryimage\",\"url\":\"https:\/\/colegioarquitectos.com\/noticias\/wp-content\/uploads\/2023\/08\/ENCABEZADO-ORIGEN-ED-03.jpg\",\"contentUrl\":\"https:\/\/colegioarquitectos.com\/noticias\/wp-content\/uploads\/2023\/08\/ENCABEZADO-ORIGEN-ED-03.jpg\",\"width\":1280,\"height\":720},{\"@type\":\"BreadcrumbList\",\"@id\":\"https:\/\/colegioarquitectos.com\/noticias\/?p=30691#breadcrumb\",\"itemListElement\":[{\"@type\":\"ListItem\",\"position\":1,\"name\":\"Portada\",\"item\":\"https:\/\/colegioarquitectos.com\/noticias\"},{\"@type\":\"ListItem\",\"position\":2,\"name\":\"[Convocatoria abierta] Revista Origen Ed. 03\"}]},{\"@type\":\"WebSite\",\"@id\":\"https:\/\/colegioarquitectos.com\/noticias\/#website\",\"url\":\"https:\/\/colegioarquitectos.com\/noticias\/\",\"name\":\"COLEGIO DE ARQUITECTOS DE CHILE\",\"description\":\"\",\"publisher\":{\"@id\":\"https:\/\/colegioarquitectos.com\/noticias\/#organization\"},\"potentialAction\":[{\"@type\":\"SearchAction\",\"target\":{\"@type\":\"EntryPoint\",\"urlTemplate\":\"https:\/\/colegioarquitectos.com\/noticias\/?s={search_term_string}\"},\"query-input\":{\"@type\":\"PropertyValueSpecification\",\"valueRequired\":true,\"valueName\":\"search_term_string\"}}],\"inLanguage\":\"es\"},{\"@type\":\"Organization\",\"@id\":\"https:\/\/colegioarquitectos.com\/noticias\/#organization\",\"name\":\"COLEGIO DE ARQUITECTOS DE CHILE\",\"url\":\"https:\/\/colegioarquitectos.com\/noticias\/\",\"logo\":{\"@type\":\"ImageObject\",\"inLanguage\":\"es\",\"@id\":\"https:\/\/colegioarquitectos.com\/noticias\/#\/schema\/logo\/image\/\",\"url\":\"https:\/\/colegioarquitectos.com\/noticias\/wp-content\/uploads\/2021\/05\/ENCABEZADO-LOGO-CA.jpg\",\"contentUrl\":\"https:\/\/colegioarquitectos.com\/noticias\/wp-content\/uploads\/2021\/05\/ENCABEZADO-LOGO-CA.jpg\",\"width\":690,\"height\":350,\"caption\":\"COLEGIO DE ARQUITECTOS DE CHILE\"},\"image\":{\"@id\":\"https:\/\/colegioarquitectos.com\/noticias\/#\/schema\/logo\/image\/\"},\"sameAs\":[\"https:\/\/facebook.com\/Colegioarq\/\",\"https:\/\/x.com\/colegioarq\",\"https:\/\/instagram.com\/colegioarq\",\"https:\/\/youtube.com\/@ColegiodeArquitectosdeChile\"]},{\"@type\":\"Person\",\"@id\":\"https:\/\/colegioarquitectos.com\/noticias\/#\/schema\/person\/685cc0aad148303c5608f049af8285ad\",\"name\":\"Colegio de Arquitectos de Chile\",\"url\":\"https:\/\/colegioarquitectos.com\/noticias\/?author=4\"}]}<\/script>\n<!-- \/ Yoast SEO plugin. -->","yoast_head_json":{"title":"[Convocatoria abierta] Revista Origen Ed. 03 - COLEGIO DE ARQUITECTOS DE CHILE","robots":{"index":"index","follow":"follow","max-snippet":"max-snippet:-1","max-image-preview":"max-image-preview:large","max-video-preview":"max-video-preview:-1"},"canonical":"https:\/\/colegioarquitectos.com\/noticias\/?p=30691","og_locale":"es_ES","og_type":"article","og_title":"[Convocatoria abierta] Revista Origen Ed. 03 - COLEGIO DE ARQUITECTOS DE CHILE","og_description":"La revista Origen es un espacio de difusi\u00f3n y discusi\u00f3n sobre la experiencia arquitect\u00f3nica, que entiende su dise\u00f1o, estudio y cr\u00edtica como una constante b\u00fasqueda en torno a las identidades locales. Para la Delegaci\u00f3n Zonal Chilo\u00e9 del Colegio de Arquitectos &hellip; ver m\u00e1s","og_url":"https:\/\/colegioarquitectos.com\/noticias\/?p=30691","og_site_name":"COLEGIO DE ARQUITECTOS DE CHILE","article_publisher":"https:\/\/facebook.com\/Colegioarq\/","article_published_time":"2023-08-10T16:13:47+00:00","og_image":[{"width":1280,"height":720,"url":"https:\/\/colegioarquitectos.com\/noticias\/wp-content\/uploads\/2023\/08\/ENCABEZADO-ORIGEN-ED-03.jpg","type":"image\/jpeg"}],"author":"Colegio de Arquitectos de Chile","twitter_card":"summary_large_image","twitter_creator":"@colegioarq","twitter_site":"@colegioarq","twitter_misc":{"Escrito por":"Colegio de Arquitectos de Chile","Tiempo de lectura":"3 minutos"},"schema":{"@context":"https:\/\/schema.org","@graph":[{"@type":"Article","@id":"https:\/\/colegioarquitectos.com\/noticias\/?p=30691#article","isPartOf":{"@id":"https:\/\/colegioarquitectos.com\/noticias\/?p=30691"},"author":{"name":"Colegio de Arquitectos de Chile","@id":"https:\/\/colegioarquitectos.com\/noticias\/#\/schema\/person\/685cc0aad148303c5608f049af8285ad"},"headline":"[Convocatoria abierta] Revista Origen Ed. 03","datePublished":"2023-08-10T16:13:47+00:00","dateModified":"2023-08-10T16:13:47+00:00","mainEntityOfPage":{"@id":"https:\/\/colegioarquitectos.com\/noticias\/?p=30691"},"wordCount":612,"publisher":{"@id":"https:\/\/colegioarquitectos.com\/noticias\/#organization"},"image":{"@id":"https:\/\/colegioarquitectos.com\/noticias\/?p=30691#primaryimage"},"thumbnailUrl":"https:\/\/colegioarquitectos.com\/noticias\/wp-content\/uploads\/2023\/08\/ENCABEZADO-ORIGEN-ED-03.jpg","keywords":["convocatoria","Delegaci\u00f3n Zonal Chilo\u00e9","DZ Chilo\u00e9","Revista Origen"],"articleSection":["Delegaciones"],"inLanguage":"es"},{"@type":"WebPage","@id":"https:\/\/colegioarquitectos.com\/noticias\/?p=30691","url":"https:\/\/colegioarquitectos.com\/noticias\/?p=30691","name":"[Convocatoria abierta] Revista Origen Ed. 03 - COLEGIO DE ARQUITECTOS DE CHILE","isPartOf":{"@id":"https:\/\/colegioarquitectos.com\/noticias\/#website"},"primaryImageOfPage":{"@id":"https:\/\/colegioarquitectos.com\/noticias\/?p=30691#primaryimage"},"image":{"@id":"https:\/\/colegioarquitectos.com\/noticias\/?p=30691#primaryimage"},"thumbnailUrl":"https:\/\/colegioarquitectos.com\/noticias\/wp-content\/uploads\/2023\/08\/ENCABEZADO-ORIGEN-ED-03.jpg","datePublished":"2023-08-10T16:13:47+00:00","dateModified":"2023-08-10T16:13:47+00:00","breadcrumb":{"@id":"https:\/\/colegioarquitectos.com\/noticias\/?p=30691#breadcrumb"},"inLanguage":"es","potentialAction":[{"@type":"ReadAction","target":["https:\/\/colegioarquitectos.com\/noticias\/?p=30691"]}]},{"@type":"ImageObject","inLanguage":"es","@id":"https:\/\/colegioarquitectos.com\/noticias\/?p=30691#primaryimage","url":"https:\/\/colegioarquitectos.com\/noticias\/wp-content\/uploads\/2023\/08\/ENCABEZADO-ORIGEN-ED-03.jpg","contentUrl":"https:\/\/colegioarquitectos.com\/noticias\/wp-content\/uploads\/2023\/08\/ENCABEZADO-ORIGEN-ED-03.jpg","width":1280,"height":720},{"@type":"BreadcrumbList","@id":"https:\/\/colegioarquitectos.com\/noticias\/?p=30691#breadcrumb","itemListElement":[{"@type":"ListItem","position":1,"name":"Portada","item":"https:\/\/colegioarquitectos.com\/noticias"},{"@type":"ListItem","position":2,"name":"[Convocatoria abierta] Revista Origen Ed. 03"}]},{"@type":"WebSite","@id":"https:\/\/colegioarquitectos.com\/noticias\/#website","url":"https:\/\/colegioarquitectos.com\/noticias\/","name":"COLEGIO DE ARQUITECTOS DE CHILE","description":"","publisher":{"@id":"https:\/\/colegioarquitectos.com\/noticias\/#organization"},"potentialAction":[{"@type":"SearchAction","target":{"@type":"EntryPoint","urlTemplate":"https:\/\/colegioarquitectos.com\/noticias\/?s={search_term_string}"},"query-input":{"@type":"PropertyValueSpecification","valueRequired":true,"valueName":"search_term_string"}}],"inLanguage":"es"},{"@type":"Organization","@id":"https:\/\/colegioarquitectos.com\/noticias\/#organization","name":"COLEGIO DE ARQUITECTOS DE CHILE","url":"https:\/\/colegioarquitectos.com\/noticias\/","logo":{"@type":"ImageObject","inLanguage":"es","@id":"https:\/\/colegioarquitectos.com\/noticias\/#\/schema\/logo\/image\/","url":"https:\/\/colegioarquitectos.com\/noticias\/wp-content\/uploads\/2021\/05\/ENCABEZADO-LOGO-CA.jpg","contentUrl":"https:\/\/colegioarquitectos.com\/noticias\/wp-content\/uploads\/2021\/05\/ENCABEZADO-LOGO-CA.jpg","width":690,"height":350,"caption":"COLEGIO DE ARQUITECTOS DE CHILE"},"image":{"@id":"https:\/\/colegioarquitectos.com\/noticias\/#\/schema\/logo\/image\/"},"sameAs":["https:\/\/facebook.com\/Colegioarq\/","https:\/\/x.com\/colegioarq","https:\/\/instagram.com\/colegioarq","https:\/\/youtube.com\/@ColegiodeArquitectosdeChile"]},{"@type":"Person","@id":"https:\/\/colegioarquitectos.com\/noticias\/#\/schema\/person\/685cc0aad148303c5608f049af8285ad","name":"Colegio de Arquitectos de Chile","url":"https:\/\/colegioarquitectos.com\/noticias\/?author=4"}]}},"_links":{"self":[{"href":"https:\/\/colegioarquitectos.com\/noticias\/index.php?rest_route=\/wp\/v2\/posts\/30691","targetHints":{"allow":["GET"]}}],"collection":[{"href":"https:\/\/colegioarquitectos.com\/noticias\/index.php?rest_route=\/wp\/v2\/posts"}],"about":[{"href":"https:\/\/colegioarquitectos.com\/noticias\/index.php?rest_route=\/wp\/v2\/types\/post"}],"author":[{"embeddable":true,"href":"https:\/\/colegioarquitectos.com\/noticias\/index.php?rest_route=\/wp\/v2\/users\/4"}],"replies":[{"embeddable":true,"href":"https:\/\/colegioarquitectos.com\/noticias\/index.php?rest_route=%2Fwp%2Fv2%2Fcomments&post=30691"}],"version-history":[{"count":0,"href":"https:\/\/colegioarquitectos.com\/noticias\/index.php?rest_route=\/wp\/v2\/posts\/30691\/revisions"}],"wp:featuredmedia":[{"embeddable":true,"href":"https:\/\/colegioarquitectos.com\/noticias\/index.php?rest_route=\/wp\/v2\/media\/30692"}],"wp:attachment":[{"href":"https:\/\/colegioarquitectos.com\/noticias\/index.php?rest_route=%2Fwp%2Fv2%2Fmedia&parent=30691"}],"wp:term":[{"taxonomy":"category","embeddable":true,"href":"https:\/\/colegioarquitectos.com\/noticias\/index.php?rest_route=%2Fwp%2Fv2%2Fcategories&post=30691"},{"taxonomy":"post_tag","embeddable":true,"href":"https:\/\/colegioarquitectos.com\/noticias\/index.php?rest_route=%2Fwp%2Fv2%2Ftags&post=30691"}],"curies":[{"name":"wp","href":"https:\/\/api.w.org\/{rel}","templated":true}]}}