
{"id":30759,"date":"2023-08-29T10:15:57","date_gmt":"2023-08-29T14:15:57","guid":{"rendered":"https:\/\/colegioarquitectos.com\/?p=30759"},"modified":"2023-08-29T10:17:36","modified_gmt":"2023-08-29T14:17:36","slug":"conoce-a-los-y-las-ganadoras-de-los-premios-ca-2023","status":"publish","type":"post","link":"https:\/\/colegioarquitectos.com\/noticias\/?p=30759","title":{"rendered":"Conoce a los y las ganadoras de los Premios CA 2023"},"content":{"rendered":"<p>Para cerrar el\u00a0<strong>Mes de la arquitectura<\/strong>\u00a0y la conmemoraci\u00f3n de los\u00a0<strong>81 a\u00f1os<\/strong>\u00a0del\u00a0<strong>Colegio de Arquitectos de Chile<\/strong>, este\u00a0<strong>jueves 31 de agosto<\/strong>\u00a0a las\u00a0<strong>18.00 horas<\/strong>\u00a0en nuestra <strong>Sede Nacional<\/strong> (<strong>Avenida Libertador Bernardo O&#8217;Higgins 115, Santiago<\/strong>)\u00a0realizaremos la ceremonia de entrega de los\u00a0<strong>Premios CA 2023<\/strong>.<\/p>\n<p>Los <strong>Premios CA<\/strong> son uno de los<strong> principales reconocimientos a los arquitectos y arquitectas del pa\u00eds<\/strong>, cada uno de los cuales destacan a <strong>ocho colegiados o colegiadas<\/strong>, referentes para nuestro quehacer por su <strong>excelencia, trabajo y aporte a la arquitectura<\/strong>.<\/p>\n<p>A\u00f1o a a\u00f1o c<strong>olegiados y colegiadas, Comit\u00e9s, Delegaciones Zonales y facultades de arquitectura<\/strong>, entre otras, se suman y presentan candidatas o candidatos que consideran merecedores de ser reconocidos por el Colegio de Arquitectos de Chile.\u00a0El Directorio Nacional del Colegio de Arquitectos de Chile en su <strong>sesi\u00f3n N\u00b012<\/strong> (<strong>martes 18 de julio de 2023<\/strong>) decidi\u00f3 que los Premios CA desde esta edici\u00f3n, <strong>tendr\u00e1n car\u00e1cter bianual<\/strong>. Por otra parte, <strong>las Distinciones CA ser\u00e1n entregadas en el marco del Congreso Nacional de Arquitectos, con la misma periodicidad<\/strong>.<\/p>\n<p>Los colegiados o colegiadas que quieran participar presencialmente de la instancia pueden inscribirse escribiendo a<a href=\"mailto:secretaria@colegioarquitectos.com\"><strong> secretaria@colegioarquitectos.com<\/strong><\/a>. Adem\u00e1s, la\u00a0<strong>Ceremonia de entrega de los Premios CA 2023<\/strong>\u00a0ser\u00e1 transmitida en vivo por\u00a0<strong>FB Live<\/strong>\u00a0en\u00a0<strong><a href=\"http:\/\/www.facebook.com\/colegioarq\">www.facebook.com\/colegioarq<\/a><\/strong>\u00a0 y por YouTube en\u00a0<strong><a href=\"http:\/\/www.youtube.com\/ColegiodeArquitectosdeChile\">www.youtube.com\/ColegiodeArquitectosdeChile<\/a><\/strong>.<\/p>\n<p>A continuaci\u00f3n, los ganadores y ganadoras de las categor\u00edas de los <strong>Premios CA 2023<\/strong>:<\/p>\n<p>&nbsp;<\/p>\n<h4>Premios CA<\/h4>\n<h4>Premio Alberto Risopatr\u00f3n<\/h4>\n<hr \/>\n<p>Al arquitecto o arquitecta colegiada que se haya distinguido por su labor gremial en el Colegio de Arquitectos.<\/p>\n<p>&nbsp;<\/p>\n<h4 style=\"text-align: center;\">Cecilia Leiva<\/h4>\n<p>&nbsp;<\/p>\n<p>Colaboradora permanente del Colegio de Arquitectos de Chile a trav\u00e9s del Comit\u00e9 de Arquitectura Deportiva y desde hace unos 20 a\u00f1os, alma y promotora de la Ley de Accesibilidad Universal. Ha sido representante en eventos internacionales en su especialidad y fue creadora y presidenta del Comit\u00e9 de Coordinaci\u00f3n de Accesibilidad Universal.<\/p>\n<p>Arquitecta de la Pontificia Universidad Cat\u00f3lica de Chile (1977) con post grado en Violencia urbana, inseguridad y discriminaci\u00f3n en Centro de Estudios Urbanos y Regionales CEUR-CONICET Argentina y Fondo NU para la Mujer BRASIL-CONO SUR (2008).<\/p>\n<p>Ha destacado en su vida laboral, por su entrega profesional en la labor gremial, trabajando por promover el dise\u00f1o universal y desde diferentes \u00e1mbitos, incentivando la integraci\u00f3n social, la accesibilidad universal, transfiriendo sus conocimientos y actualizando los est\u00e1ndares bajo miradas normativas internacionales, organizando encuentros, seminarios y educando a las nuevas generaciones en estas materias.<\/p>\n<p>Representante de Chile desde 2015 y Directora III Regi\u00f3n Am\u00e9rica del programa de trabajo \u00abArquitectura para Todos\u00bb. UIA, Directora publicaci\u00f3n \u00abVivienda Accesible y Sociedad. Realidad Am\u00e9rica\u00bb. Directora del Seminario Internacional\u00a0 \u00abAccesibilidad para la Recreaci\u00f3n, el ocio y el deporte\u00bb. Coordinadora de\u00a0 la III Jornada de Accesibilidad en la XX Bienal de Arquitectura y Urbanismo de Chile y Directora Congreso Internacional \u00abCiudad para Todos\u00bb, Villarrica.<\/p>\n<p>Ha sido una activa Integrante de grupo de expertos como representante del CA, para el estudio de normas sobre Accesibilidad Universal, Criterios generales de dise\u00f1o en edificaciones y espacios de uso p\u00fablico. Criterios DALCO.<\/p>\n<p>En el Colegio de Arquitectos de Chile ha colaborado desde su experiencia y conocimiento en materias de accesibilidad universal y arquitectura deportiva en diferentes labores fundamentales para nuestra actividad. Con su compromiso y gesti\u00f3n, se ha logrado llevar a cabo desaf\u00edos en la difusi\u00f3n de lo importante que es trabajar colaborativamente en construir un Chile en donde cada d\u00eda se eliminen las barreras arquitect\u00f3nicas.<\/p>\n<p>Fue Secretaria y Fiscal del Tribunal de \u00c9tica Nacional (TEN) (2015-2017 y 2018- 2020); Presidenta del \u00a0Tribunal Nacional de Apelaciones (TNA) (2011-2015); Presidenta y Vicepresidenta del Comit\u00e9 de Arquitectura Deportiva (2011-2017 y 2023); Presidenta del Comit\u00e9 de Coordinaci\u00f3n de Accesibilidad Universal (2018-2020); Coordinadora de la Comisi\u00f3n de Accesibilidad Universal (2016 \u2013 2017); Presidenta del Comit\u00e9 de Arquitectura Institucional y Concursos (2008-2011), Presidenta del Consejo de \u00d3rganos Asesores (COA) y Vicepresidenta del Colegio de Arquitectos de Chile (2011-2015).<\/p>\n<p>Particip\u00f3 como representante del CA como Consejera del Consejo Nacional de Accesibilidad Universal CNAU. MIDESO y Servicio Nacional de Discapacidad (2021-2023). Coordin\u00f3 y dirigi\u00f3 los Di\u00e1logos del Comit\u00e9 de Coordinaci\u00f3n de Accesibilidad Universal del CA de Chile con Colegios de Iberoam\u00e9rica: Espa\u00f1a, Per\u00fa, Argentina, M\u00e9xico, Ecuador; con enfoque transversal desde la docencia. Destaca en Organizaci\u00f3n y Direcci\u00f3n de ciclo de webinars internacionales sobre Accesibilidad Universal en ciudades post pandemia.<\/p>\n<p>Comisionada en estudio de modificaciones a Estatutos del CA, Reglamentos del COA (2000, 2004 y 2011) y Consejera del Centro de Extensi\u00f3n del CA (2002). Miembro de jurado como representante del CA en concursos.<\/p>\n<p>&nbsp;<\/p>\n<h4>Premio Ferm\u00edn Vivaceta Rupio<\/h4>\n<hr \/>\n<p>Al arquitecto o arquitecta que se haya destacado por su labor profesional en el \u00e1mbito de la tecnolog\u00eda aplicada a la arquitectura.<\/p>\n<p>&nbsp;<\/p>\n<h4 style=\"text-align: center;\">Diego Mellado<\/h4>\n<p>Arquitecto de la Universidad Central de Chile y Master Sc. en Energ\u00edas Renovables y Eficiencia Energ\u00e9tica del Polit\u00e9cnico de Mil\u00e1n. Realiza actualmente PhD en el \u00e1rea de Tecnolog\u00eda en Edificaci\u00f3n en la UPC Barcelona. Su perfeccionamiento ha estado enfocado en los aspectos tecnol\u00f3gicos y sostenibilidad en la arquitectura, como los cursos: Econom\u00eda Circular, U.de Berkeley -2020, LEED-GA Idiem -2012, Arquitectura y Tecnolog\u00eda, ETSAB -2011, Dise\u00f1o S\u00edsmico de Edificios con Prefabricados de Hormig\u00f3n, ICH[1]2009, entre otros.<\/p>\n<p>Es reconocido ampliamente como uno de los arquitectos con mayor experiencia en el dise\u00f1o y desarrollo de edificaciones con sistemas prefabricados, condici\u00f3n que lo hizo meritorio en 2010 del Premio Innovaci\u00f3n Tecnol\u00f3gica del ICH-CChC, por su trabajo en el desarrollo e implementaci\u00f3n de sistemas de aislaci\u00f3n s\u00edsmica para edificios prefabricados. De igual manera, ha participado como expositor en diversas ferias y ha dictado m\u00faltiples conferencias, tanto en Chile como en el extranjero. Es miembro del Directorio del Instituto Chileno del Cemento y del Hormig\u00f3n-ICH, y entre 2017- 2020, fue miembro del Directorio del Consejo de Construcci\u00f3n Industrializada-CCI, del programa CONSTRUYE 2025-CORFO<\/p>\n<p>Destaca su labor acad\u00e9mica como profesor titular en la Escuela de Arquitectura de la Universidad Mayor (2009 a la fecha) y en la Universidad Central de Chile (2017\u20132020), en las \u00e1reas de tecnolog\u00eda y edificaci\u00f3n.<\/p>\n<p>En su actividad gremial es miembro del Comit\u00e9 de Tecnolog\u00eda, siendo su presidente desde 2020 a la fecha. Igualmente, representa al Colegio de Arquitectos de Chile A.G, ante el Consejo de la Construcci\u00f3n Industrializada, CCI, y el Instituto Nacional de Normalizaci\u00f3n, INN.<\/p>\n<p>En su trayectoria ha trabajado en distintas empresas y oficinas dedicadas al desarrollo y uso de prefabricados y eficiencia energ\u00e9tica en la arquitectura, destacando en sus inicios su colaboraci\u00f3n en el primer edificio prefabricado en hormig\u00f3n armado con aislaci\u00f3n s\u00edsmica basal construido en Chile en 2005. En 2009 funda DMN Arquitectos, oficina de arquitectura especializada en el dise\u00f1o de proyectos dando prioridad al dise\u00f1o sustentable y a la incorporaci\u00f3n de tecnolog\u00eda, prefabricaci\u00f3n y sistemas de ahorro energ\u00e9tico. Tambi\u00e9n es director de TENSOCRET destacada empresa en el dise\u00f1o, fabricaci\u00f3n y montaje de Sistemas Prefabricados en Hormig\u00f3n Armado en nuestro pa\u00eds, siendo desde ah\u00ed colaborador en el proceso constructivo y de integraci\u00f3n temprana de prefabricaci\u00f3n y construcci\u00f3n industrializada para numerosos proyectos de tipo habitacional, industrial, deportivo y educacional a lo largo de Chile.<\/p>\n<p>&nbsp;<\/p>\n<h4>Premio Alfredo Johnson<\/h4>\n<hr \/>\n<p>Al arquitecto o arquitecta que se haya distinguido por su labor como funcionario p\u00fablico, Fiscal o Municipal.<\/p>\n<p>&nbsp;<\/p>\n<h4 style=\"text-align: center;\">Diego Rebolledo Flores<\/h4>\n<p>Arquitecto de la Pontificia Universidad Cat\u00f3lica de Valpara\u00edso, Magister en Pedagog\u00eda y con estudios de post grado en Rehabilitaci\u00f3n de Centros Hist\u00f3ricos en Italia. Con m\u00e1s de 15 a\u00f1os de experiencia como arquitecto siempre ha combinado el ejercicio independiente con el servicio P\u00fablico.<\/p>\n<p>Hijo de dos ex funcionarios p\u00fablicos de carrera, ha sido funcionario p\u00fablico del Gobierno Regional de Tarapac\u00e1 entre 2009 y 2013 y de la Ilustre Municipalidad de Iquique entre 2016 y 2022. En octubre de 2022, es nombrado Seremi de Vivienda y Urbanismo en la Regi\u00f3n de Tarapac\u00e1.<\/p>\n<p>Ha combinado su labor como funcionario p\u00fablico con un destacado trabajo gremial, siendo presidente de la Delegaci\u00f3n Zonal Tarapac\u00e1, adem\u00e1s de participar como Director Nacional del Colegio de Arquitectos de Chile desde 2018 a 2020.<\/p>\n<p>Entre sus logros en la gesti\u00f3n p\u00fablica destaca haber levantado desde la Municipalidad de Iquique el proyecto internacional para el nuevo Museo Antropol\u00f3gico Regional de Tarapac\u00e1, dise\u00f1ado por el mundialmente conocido arquitecto Daniel Libeskind, proyecto actualmente en desarrollo.<\/p>\n<p>&nbsp;<\/p>\n<p>&nbsp;<\/p>\n<h4>Premio Manuel Moreno Guerrero<\/h4>\n<hr \/>\n<p>Al arquitecto o arquitecta que se haya destacado en su labor profesional en el \u00e1mbito de la valoraci\u00f3n del patrimonio arquitect\u00f3nico nacional.<\/p>\n<p>&nbsp;<\/p>\n<h4 style=\"text-align: center;\">Natalia Jorquera<\/h4>\n<p>Arquitecta de la Universidad de Chile y Doctora en Tecnolog\u00eda de la Arquitectura en la L\u00ednea de Recuperaci\u00f3n y Valoraci\u00f3n del Patrimonio Cultural por la Universidad de Florencia, Italia.<\/p>\n<p>Acad\u00e9mica de la Universidad de Chile y Universidad de La Serena, socia-fundadora en 2019 de la oficina de arquitectura y restauraci\u00f3n Arquitika (del quechua \u00abtika\u00bb= adobe), se ha dedicado profundamente, desde diversas aristas, al rescate de patrimonios vern\u00e1culos y construidos en tierra en distintas regiones, pero especialmente en el norte del pa\u00eds.<\/p>\n<p>Ha desarrollado exitosamente numerosos proyectos de intervenci\u00f3n de puesta en valor de los patrimonios de tierra, donde destacan restauraciones de Monumentos Hist\u00f3ricos, el Inventario del Patrimonio de la regi\u00f3n de Atacama y actualmente la transformaci\u00f3n del ICH Casa Novella en el nuevo CECREA (Centro de Creatividad para Ni\u00f1as y Ni\u00f1os) de la regi\u00f3n de Coquimbo, contribuyendo as\u00ed al desarrollo local y a la generaci\u00f3n de empleo.<\/p>\n<p>En el \u00e1mbito acad\u00e9mico, ha realizado una importante labor de investigaci\u00f3n sobre el patrimonio vern\u00e1culo y en tierra, la historia de la construcci\u00f3n y la reducci\u00f3n del riesgo s\u00edsmico del patrimonio, adjudic\u00e1ndose diversos fondos. Ha escrito numerosos art\u00edculos en revistas cient\u00edficas, adem\u00e1s de dos libros, uno sobre la Iglesia de San Francisco de Santiago (2018) y \u00abPatrimonio chileno construido en tierra\u00bb (2022), publicado por la editorial ARQ, que constituye una plataforma de visibilizaci\u00f3n de las distintas culturas constructivas locales y de los cultores que a\u00fan practican oficios y saberes ancestrales. A su vez, en 2021 fund\u00f3 el Centro de Investigaci\u00f3n de las Arquitecturas de Tierra y Patrimonio-CIATYP en la Facultad de Ingenier\u00eda de la Universidad de La Serena.<\/p>\n<p>Ha asesorado a diversos organismos p\u00fablicos. Form\u00f3 parte del Comit\u00e9 que cre\u00f3 la Norma NCh3332-2013 de Intervenci\u00f3n del Patrimonio construido en Tierra y es miembro de la Mesa de\u00a0 Patrimonio y Gesti\u00f3n de Riesgo de Desastres del SENAPRED.<\/p>\n<p>En \u00e1mbito internacional, es miembro de la Red Iberoamericana PROTERRA, adem\u00e1s de miembro experto y parte del directorio del Comit\u00e9 Cient\u00edfico Internacional del Patrimonio construido en Tierra-ISCEAH de ICOMOS, donde en 2020 fue elegida coordinadora del sub-comit\u00e9 de Riesgo s\u00edsmico del patrimonio. Ha sido invitada desde el 2020 por la Getty Conservati\u00f3n Institute de Estados Unidos, a participar en el proyecto -en curso- Seismic Retroffiting Project, para asesorar al Ministerio de la Cultura de Per\u00fa en la implementaci\u00f3n de t\u00e9cnicas de reforzamiento s\u00edsmico de edificios hist\u00f3ricos construidos en adobe.<\/p>\n<p>Gestora de proyectos, creadora de equipos y con gran vocaci\u00f3n por la docencia, ha formado varias generaciones de arquitectos en el \u00e1mbito patrimonial, restauradores y maestros de la construcci\u00f3n, contribuyendo as\u00ed a que m\u00e1s chilenos se interesen y trabajen en el rescate de sus patrimonios locales; buscando siempre contribuir a la descentralizaci\u00f3n de nuestro pa\u00eds.<\/p>\n<p>&nbsp;<\/p>\n<h4>Premio Promoci\u00f3n Joven<\/h4>\n<hr \/>\n<p>Al arquitecto o arquitecta colegiada menor de 35 a\u00f1os, cumplidos en el a\u00f1o de la premiaci\u00f3n, cuya labor constituya un ejemplo para los arquitectos de su generaci\u00f3n.<\/p>\n<p>&nbsp;<\/p>\n<h4 style=\"text-align: center;\">Ana Paz Casimino<\/h4>\n<p>Arquitecta de la Universidad de Chile (2018). Diplomada en Pol\u00edticas de Vivienda y Ciudad de la Pontificia Universidad Cat\u00f3lica de Chile, Diplomada en Participaci\u00f3n Ciudadana y Gobernanza, y Gesti\u00f3n Municipal en la Universidad Aut\u00f3noma de Chile, y M\u00e1ster en Gesti\u00f3n P\u00fablica Municipal y Desarrollo Local en la misma casa de estudios.<\/p>\n<p>Durante su etapa como estudiante, particip\u00f3 activamente en la pol\u00edtica universitaria y en las masivas jornadas de movilizaci\u00f3n nacional que desde 2011 marcaron un antes y un despu\u00e9s en la historia del movimiento estudiantil. Asumi\u00f3 como Secretaria General del Centro de Estudiantes de Arquitectura de la Universidad de Chile en 2014, donde gestion\u00f3 junto a m\u00e1s compa\u00f1eros diversas actividades como trabajos voluntarios durante el incendio en Valpara\u00edso en 2014, actividades culturales y tantas otras que buscaban promover la vinculaci\u00f3n de la academia con el movimiento social.<\/p>\n<p>Una vez titulada, se asoci\u00f3 al Colegio de Arquitectos de Chile, siendo parte del Comit\u00e9 de Arquitectos y Arquitectas J\u00f3venes (CAJ), fue electa Secretaria y luego Vicepresidenta. Junto con esto, en su activa defensa por la igualdad de g\u00e9nero, funda el Comit\u00e9 de G\u00e9nero junto a otras colegiadas del cual es parte hasta hoy.<\/p>\n<p>Se ha desempe\u00f1ado profesionalmente en proyectos enfocados a mejoramiento de viviendas financiados por el Ministerio de Vivienda y Urbanismo. Trabaj\u00f3 en el Departamento T\u00e9cnico del Cementerio General de Santiago y luego en una entidad patrocinante en el dise\u00f1o y gesti\u00f3n de proyecto de vivienda.<\/p>\n<p>Desde su formaci\u00f3n acad\u00e9mica y personal ha estado vinculada permanentemente con diversas organizaciones de pobladores y comit\u00e9s de allegados en las zonas perif\u00e9ricas de Santiago y la Regi\u00f3n Metropolitana, promoviendo desde su experiencia y conocimiento el derecho a la vivienda para las comunidades m\u00e1s precarizadas por esta necesidad.<\/p>\n<p>Es parte del Movimiento de Arquitectas y Arquitectos por un Chile Digno, con quienes trabaja y concientiza sobre este cambio de paradigma respecto a temas de vivienda, urbanismo, g\u00e9nero, entre otros, poniendo la profesi\u00f3n al servicio de la comunidad.<\/p>\n<p>Gracias a este compromiso con las personas y los movimientos sociales, fue electa Concejala por la comuna de Renca en las \u00faltimas elecciones municipales de 2021, acercando los principios de democracia, transparencia, justicia territorial y promoviendo la participaci\u00f3n de m\u00e1s mujeres y arquitectas en la pol\u00edtica local y la vinculaci\u00f3n directa de vecinos y vecinas de su comuna en las decisiones que afectan sobre tanto a sus vidas como tambi\u00e9n sus territorios.<\/p>\n<p>&nbsp;<\/p>\n<h4>Premio Arquitectura Regional<\/h4>\n<hr \/>\n<p>Al arquitecto, arquitecta o equipo de arquitectos que vive (n) y se desempe\u00f1a (n) en regiones (fuera la Regi\u00f3n Metropolitana) y que a trav\u00e9s de su trabajo ha hecho importantes contribuciones desde su condici\u00f3n profesional a las ciudades, el territorio y la comunidad.<\/p>\n<p>&nbsp;<\/p>\n<h4 style=\"text-align: center;\">Felipe Alarc\u00f3n Carre\u00f1o<\/h4>\n<p>Arquitecto y mag\u00edster en arquitectura de la Pontificia Universidad Cat\u00f3lica de Chile (2012) con la tesis \u00abArquitectura, Domesticidad y Patrimonio: Tipolog\u00eda de vivienda campesina para la zona central de Chile\u00bb. Particip\u00f3 como socio de Colectivo MURO, arquitectos asociados por la reconstrucci\u00f3n post terremoto en Chile, con proyectos expuestos en la Bienal de Venecia, Bienal de Arquitectura y Urbanismo de Chile y en la Bienal Iberoamericana de Arquitectura y Urbanismo.<\/p>\n<p>Ha desarrollado su labor docente en el \u00e1rea de taller y edificaci\u00f3n en la Escuela de Arquitectura de la Universidad Cat\u00f3lica y en el mag\u00edster en arquitectura de la misma escuela.\u00a0 En la Escuela de Arquitectura de la Universidad de Talca, en el \u00e1rea de historia y contexto; en tanto, es docente en la Universidad de Chile es docente en el \u00e1rea de representaci\u00f3n y, adem\u00e1s, dirige el taller profesional y de titulaci\u00f3n en la Universidad Andr\u00e9s Bello. Ha expuesto sobre su trabajo en distintas instituciones del pa\u00eds como la Universidad Andr\u00e9s Bello, Universidad de las Am\u00e9ricas y Universidad del Desarrollo.<\/p>\n<p>Desde 2014 trabaja de forma independiente con oficina en la ciudad de Linares, Chile, desarrollando proyectos y obras que han sido seleccionadas y premiadas en bienales, como la Menci\u00f3n Honrosa en la Bienal de Bolivia con la obra \u00abCasa Lautaro\u00bb y publicadas en revistas indexadas como revista ARQ de Chile y Andinas de Argentina, adem\u00e1s de la publicaci\u00f3n en diversos sitios web especializados de todo el mundo. Se suma a ello las distinciones en diversos concursos nacionales como el primer lugar en el premio Todo-obras de 2015, el segundo lugar en el concurso del Edificio Consistorial de Papudo, finalista en el premio Archmarathon 2017 que premia la arquitectura del continente Americano y como participante en la exhibici\u00f3n \u00abLe spazio comune moderno\u00bb en la IUAV de Venecia durante el desarrollo de la Bienal de 2018.<\/p>\n<p>En 2017 se adjudica un fondo regional de investigaci\u00f3n en la l\u00ednea de patrimonio cultural financiado por el ministerio de las culturas las artes y el patrimonio sobre la vivienda rural del Valle Central de Chile y con el cual publica el libro \u00abVivienda rural en el valle central\u00bb, editado por Ediciones ARQ.<\/p>\n<p>Confiamos en que el trabajo y desempe\u00f1o de Felipe ha aportado y seguir\u00e1 aportando al desarrollo de la arquitectura nacional y este reconocimiento fortalecer\u00e1 una trayectoria que ha alcanzado experiencia y madurez.<\/p>\n<p>Desde su cercan\u00eda profesional y acad\u00e9mica, se ha ganado un espacio desde la regi\u00f3n al enriquecer el repertorio de la arquitectura nacional, poniendo en valor aquello que distingue y hace visible una originalidad cargada de modernidad sin prejuicios respecto a la tradici\u00f3n campesina y a la espacialidad territorial del Valle Central.<\/p>\n<p>Su trabajo, busca ejercitar progresivamente la trayectoria entre la materia constructiva y la materia espacial, poniendo a disposici\u00f3n una discusi\u00f3n cr\u00edtica de la arquitectura que se elabora desde esta regi\u00f3n y espec\u00edficamente desde el Maule sur.<\/p>\n<p>&nbsp;<\/p>\n\n\t\t<style type=\"text\/css\">\n\t\t\t#gallery-1 {\n\t\t\t\tmargin: auto;\n\t\t\t}\n\t\t\t#gallery-1 .gallery-item {\n\t\t\t\tfloat: left;\n\t\t\t\tmargin-top: 10px;\n\t\t\t\ttext-align: center;\n\t\t\t\twidth: 33%;\n\t\t\t}\n\t\t\t#gallery-1 img {\n\t\t\t\tborder: 2px solid #cfcfcf;\n\t\t\t}\n\t\t\t#gallery-1 .gallery-caption {\n\t\t\t\tmargin-left: 0;\n\t\t\t}\n\t\t\t\/* see gallery_shortcode() in wp-includes\/media.php *\/\n\t\t<\/style>\n\t\t<div id='gallery-1' class='gallery galleryid-30759 gallery-columns-3 gallery-size-thumbnail'><dl class='gallery-item'>\n\t\t\t<dt class='gallery-icon landscape'>\n\t\t\t\t<a href='https:\/\/colegioarquitectos.com\/noticias\/?attachment_id=30764'><img loading=\"lazy\" decoding=\"async\" width=\"180\" height=\"180\" src=\"https:\/\/colegioarquitectos.com\/noticias\/wp-content\/uploads\/2023\/08\/1-ceremonia-premios-feed-180x180.png\" class=\"attachment-thumbnail size-thumbnail\" alt=\"\" srcset=\"https:\/\/colegioarquitectos.com\/noticias\/wp-content\/uploads\/2023\/08\/1-ceremonia-premios-feed-180x180.png 180w, https:\/\/colegioarquitectos.com\/noticias\/wp-content\/uploads\/2023\/08\/1-ceremonia-premios-feed-300x300.png 300w, https:\/\/colegioarquitectos.com\/noticias\/wp-content\/uploads\/2023\/08\/1-ceremonia-premios-feed-768x768.png 768w, https:\/\/colegioarquitectos.com\/noticias\/wp-content\/uploads\/2023\/08\/1-ceremonia-premios-feed-1024x1024.png 1024w, https:\/\/colegioarquitectos.com\/noticias\/wp-content\/uploads\/2023\/08\/1-ceremonia-premios-feed.png 1334w\" sizes=\"auto, (max-width: 180px) 100vw, 180px\" \/><\/a>\n\t\t\t<\/dt><\/dl><dl class='gallery-item'>\n\t\t\t<dt class='gallery-icon landscape'>\n\t\t\t\t<a href='https:\/\/colegioarquitectos.com\/noticias\/?attachment_id=30765'><img loading=\"lazy\" decoding=\"async\" width=\"180\" height=\"180\" src=\"https:\/\/colegioarquitectos.com\/noticias\/wp-content\/uploads\/2023\/08\/2-ceremonia-premios-feed-PREMIO-1-ALBERTO-RISOPATRON-CECILEIVA-180x180.png\" class=\"attachment-thumbnail size-thumbnail\" alt=\"\" srcset=\"https:\/\/colegioarquitectos.com\/noticias\/wp-content\/uploads\/2023\/08\/2-ceremonia-premios-feed-PREMIO-1-ALBERTO-RISOPATRON-CECILEIVA-180x180.png 180w, https:\/\/colegioarquitectos.com\/noticias\/wp-content\/uploads\/2023\/08\/2-ceremonia-premios-feed-PREMIO-1-ALBERTO-RISOPATRON-CECILEIVA-300x300.png 300w, https:\/\/colegioarquitectos.com\/noticias\/wp-content\/uploads\/2023\/08\/2-ceremonia-premios-feed-PREMIO-1-ALBERTO-RISOPATRON-CECILEIVA-768x768.png 768w, https:\/\/colegioarquitectos.com\/noticias\/wp-content\/uploads\/2023\/08\/2-ceremonia-premios-feed-PREMIO-1-ALBERTO-RISOPATRON-CECILEIVA-1024x1024.png 1024w, https:\/\/colegioarquitectos.com\/noticias\/wp-content\/uploads\/2023\/08\/2-ceremonia-premios-feed-PREMIO-1-ALBERTO-RISOPATRON-CECILEIVA.png 1334w\" sizes=\"auto, (max-width: 180px) 100vw, 180px\" \/><\/a>\n\t\t\t<\/dt><\/dl><dl class='gallery-item'>\n\t\t\t<dt class='gallery-icon landscape'>\n\t\t\t\t<a href='https:\/\/colegioarquitectos.com\/noticias\/?attachment_id=30766'><img loading=\"lazy\" decoding=\"async\" width=\"180\" height=\"180\" src=\"https:\/\/colegioarquitectos.com\/noticias\/wp-content\/uploads\/2023\/08\/3-ceremonia-premios-feed-PREMIO-2-FERMIN-VIVACETA-DIEGO-MELLADO-180x180.png\" class=\"attachment-thumbnail size-thumbnail\" alt=\"\" srcset=\"https:\/\/colegioarquitectos.com\/noticias\/wp-content\/uploads\/2023\/08\/3-ceremonia-premios-feed-PREMIO-2-FERMIN-VIVACETA-DIEGO-MELLADO-180x180.png 180w, https:\/\/colegioarquitectos.com\/noticias\/wp-content\/uploads\/2023\/08\/3-ceremonia-premios-feed-PREMIO-2-FERMIN-VIVACETA-DIEGO-MELLADO-300x300.png 300w, https:\/\/colegioarquitectos.com\/noticias\/wp-content\/uploads\/2023\/08\/3-ceremonia-premios-feed-PREMIO-2-FERMIN-VIVACETA-DIEGO-MELLADO-768x768.png 768w, https:\/\/colegioarquitectos.com\/noticias\/wp-content\/uploads\/2023\/08\/3-ceremonia-premios-feed-PREMIO-2-FERMIN-VIVACETA-DIEGO-MELLADO-1024x1024.png 1024w, https:\/\/colegioarquitectos.com\/noticias\/wp-content\/uploads\/2023\/08\/3-ceremonia-premios-feed-PREMIO-2-FERMIN-VIVACETA-DIEGO-MELLADO.png 1334w\" sizes=\"auto, (max-width: 180px) 100vw, 180px\" \/><\/a>\n\t\t\t<\/dt><\/dl><br style=\"clear: both\" \/><dl class='gallery-item'>\n\t\t\t<dt class='gallery-icon landscape'>\n\t\t\t\t<a href='https:\/\/colegioarquitectos.com\/noticias\/?attachment_id=30767'><img loading=\"lazy\" decoding=\"async\" width=\"180\" height=\"180\" src=\"https:\/\/colegioarquitectos.com\/noticias\/wp-content\/uploads\/2023\/08\/4-ceremonia-premios-feed-PREMIO-3-ALFREDO-JOHNSON-DIEGO-REBOLLEDO-180x180.png\" class=\"attachment-thumbnail size-thumbnail\" alt=\"\" srcset=\"https:\/\/colegioarquitectos.com\/noticias\/wp-content\/uploads\/2023\/08\/4-ceremonia-premios-feed-PREMIO-3-ALFREDO-JOHNSON-DIEGO-REBOLLEDO-180x180.png 180w, https:\/\/colegioarquitectos.com\/noticias\/wp-content\/uploads\/2023\/08\/4-ceremonia-premios-feed-PREMIO-3-ALFREDO-JOHNSON-DIEGO-REBOLLEDO-300x300.png 300w, https:\/\/colegioarquitectos.com\/noticias\/wp-content\/uploads\/2023\/08\/4-ceremonia-premios-feed-PREMIO-3-ALFREDO-JOHNSON-DIEGO-REBOLLEDO-768x768.png 768w, https:\/\/colegioarquitectos.com\/noticias\/wp-content\/uploads\/2023\/08\/4-ceremonia-premios-feed-PREMIO-3-ALFREDO-JOHNSON-DIEGO-REBOLLEDO-1024x1024.png 1024w, https:\/\/colegioarquitectos.com\/noticias\/wp-content\/uploads\/2023\/08\/4-ceremonia-premios-feed-PREMIO-3-ALFREDO-JOHNSON-DIEGO-REBOLLEDO.png 1334w\" sizes=\"auto, (max-width: 180px) 100vw, 180px\" \/><\/a>\n\t\t\t<\/dt><\/dl><dl class='gallery-item'>\n\t\t\t<dt class='gallery-icon landscape'>\n\t\t\t\t<a href='https:\/\/colegioarquitectos.com\/noticias\/?attachment_id=30768'><img loading=\"lazy\" decoding=\"async\" width=\"180\" height=\"180\" src=\"https:\/\/colegioarquitectos.com\/noticias\/wp-content\/uploads\/2023\/08\/5-ceremonia-premios-feed-PREMIO-4-MANUEL-MORENO-NATALIA-JORQUERA-180x180.png\" class=\"attachment-thumbnail size-thumbnail\" alt=\"\" srcset=\"https:\/\/colegioarquitectos.com\/noticias\/wp-content\/uploads\/2023\/08\/5-ceremonia-premios-feed-PREMIO-4-MANUEL-MORENO-NATALIA-JORQUERA-180x180.png 180w, https:\/\/colegioarquitectos.com\/noticias\/wp-content\/uploads\/2023\/08\/5-ceremonia-premios-feed-PREMIO-4-MANUEL-MORENO-NATALIA-JORQUERA-300x300.png 300w, https:\/\/colegioarquitectos.com\/noticias\/wp-content\/uploads\/2023\/08\/5-ceremonia-premios-feed-PREMIO-4-MANUEL-MORENO-NATALIA-JORQUERA-768x768.png 768w, https:\/\/colegioarquitectos.com\/noticias\/wp-content\/uploads\/2023\/08\/5-ceremonia-premios-feed-PREMIO-4-MANUEL-MORENO-NATALIA-JORQUERA-1024x1024.png 1024w, https:\/\/colegioarquitectos.com\/noticias\/wp-content\/uploads\/2023\/08\/5-ceremonia-premios-feed-PREMIO-4-MANUEL-MORENO-NATALIA-JORQUERA.png 1334w\" sizes=\"auto, (max-width: 180px) 100vw, 180px\" \/><\/a>\n\t\t\t<\/dt><\/dl><dl class='gallery-item'>\n\t\t\t<dt class='gallery-icon landscape'>\n\t\t\t\t<a href='https:\/\/colegioarquitectos.com\/noticias\/?attachment_id=30769'><img loading=\"lazy\" decoding=\"async\" width=\"180\" height=\"180\" src=\"https:\/\/colegioarquitectos.com\/noticias\/wp-content\/uploads\/2023\/08\/6-ceremonia-premios-feed-PREMIO-5-PROMOCION-JOVEN-ANA-CASIMINO-180x180.png\" class=\"attachment-thumbnail size-thumbnail\" alt=\"\" srcset=\"https:\/\/colegioarquitectos.com\/noticias\/wp-content\/uploads\/2023\/08\/6-ceremonia-premios-feed-PREMIO-5-PROMOCION-JOVEN-ANA-CASIMINO-180x180.png 180w, https:\/\/colegioarquitectos.com\/noticias\/wp-content\/uploads\/2023\/08\/6-ceremonia-premios-feed-PREMIO-5-PROMOCION-JOVEN-ANA-CASIMINO-300x300.png 300w, https:\/\/colegioarquitectos.com\/noticias\/wp-content\/uploads\/2023\/08\/6-ceremonia-premios-feed-PREMIO-5-PROMOCION-JOVEN-ANA-CASIMINO-768x768.png 768w, https:\/\/colegioarquitectos.com\/noticias\/wp-content\/uploads\/2023\/08\/6-ceremonia-premios-feed-PREMIO-5-PROMOCION-JOVEN-ANA-CASIMINO-1024x1024.png 1024w, https:\/\/colegioarquitectos.com\/noticias\/wp-content\/uploads\/2023\/08\/6-ceremonia-premios-feed-PREMIO-5-PROMOCION-JOVEN-ANA-CASIMINO.png 1334w\" sizes=\"auto, (max-width: 180px) 100vw, 180px\" \/><\/a>\n\t\t\t<\/dt><\/dl><br style=\"clear: both\" \/><dl class='gallery-item'>\n\t\t\t<dt class='gallery-icon landscape'>\n\t\t\t\t<a href='https:\/\/colegioarquitectos.com\/noticias\/?attachment_id=30770'><img loading=\"lazy\" decoding=\"async\" width=\"180\" height=\"180\" src=\"https:\/\/colegioarquitectos.com\/noticias\/wp-content\/uploads\/2023\/08\/7-ceremonia-premios-feed-PREMIO-6-ARQUITECTURA-REGIONAL-FELIPE-ALARCON-180x180.png\" class=\"attachment-thumbnail size-thumbnail\" alt=\"\" srcset=\"https:\/\/colegioarquitectos.com\/noticias\/wp-content\/uploads\/2023\/08\/7-ceremonia-premios-feed-PREMIO-6-ARQUITECTURA-REGIONAL-FELIPE-ALARCON-180x180.png 180w, https:\/\/colegioarquitectos.com\/noticias\/wp-content\/uploads\/2023\/08\/7-ceremonia-premios-feed-PREMIO-6-ARQUITECTURA-REGIONAL-FELIPE-ALARCON-300x300.png 300w, https:\/\/colegioarquitectos.com\/noticias\/wp-content\/uploads\/2023\/08\/7-ceremonia-premios-feed-PREMIO-6-ARQUITECTURA-REGIONAL-FELIPE-ALARCON-768x768.png 768w, https:\/\/colegioarquitectos.com\/noticias\/wp-content\/uploads\/2023\/08\/7-ceremonia-premios-feed-PREMIO-6-ARQUITECTURA-REGIONAL-FELIPE-ALARCON-1024x1024.png 1024w, https:\/\/colegioarquitectos.com\/noticias\/wp-content\/uploads\/2023\/08\/7-ceremonia-premios-feed-PREMIO-6-ARQUITECTURA-REGIONAL-FELIPE-ALARCON.png 1334w\" sizes=\"auto, (max-width: 180px) 100vw, 180px\" \/><\/a>\n\t\t\t<\/dt><\/dl>\n\t\t\t<br style='clear: both' \/>\n\t\t<\/div>\n\n<p>&nbsp;<\/p>\n<hr \/>\n<p>&nbsp;<\/p>\n<h5>** Los Premios <strong>Sergio Larra\u00edn Garc\u00eda-Moreno y<\/strong>\u00a0<strong>Eliana Caraball<\/strong>\u00a0fueron declarados desiertos.<\/h5>\n<p>&nbsp;<\/p>\n<hr \/>\n<p>Puedes encontrar toda la informaci\u00f3n sobre el <strong>Mes de la Arquitectura<\/strong> y las actividades de conmemoraci\u00f3n de los <strong>81 a\u00f1os del Colegio de Arquitectos de Chile<\/strong>\u00a0<strong><a href=\"https:\/\/colegioarquitectos.com\/noticias\/?cat=547\">ac\u00e1<\/a><\/strong> y en nuestras redes sociales: <strong>@colegioarq<\/strong> (<strong><a href=\"https:\/\/www.instagram.com\/colegioarq\/\">Instagram<\/a><\/strong>, <strong><a href=\"https:\/\/twitter.com\/colegioarq\">Twitter<\/a><\/strong>, <strong><a href=\"https:\/\/www.facebook.com\/Colegioarq\/\">Facebook<\/a><\/strong>, <strong><a href=\"https:\/\/www.tiktok.com\/@colegioarq\">TikTok<\/a><\/strong> y <strong><a href=\"https:\/\/www.threads.net\/@colegioarq\">Threads<\/a><\/strong>) y <strong>@ColegiodeArquitectosdeChile<\/strong> (<strong><a href=\"https:\/\/www.youtube.com\/ColegiodeArquitectosdeChile\">YouTube<\/a><\/strong>).<\/p>\n<p>&nbsp;<\/p>\n<p>Las actividades conmemorativas de los <strong>81 a\u00f1os<\/strong> del <strong>Colegio de Arquitectos de Chile<\/strong> cuentan con el apoyo de <strong>STO Chile<\/strong>,\u00a0<strong>EMPRESAS VOLC\u00c1N<\/strong>,<strong>\u00a0Cintac INSTAPANEL <\/strong>y<strong> Cer\u00e1mica Santiago.<\/strong><\/p>\n<p>&nbsp;<\/p>\n<p><\/p>","protected":false},"excerpt":{"rendered":"<p>Para cerrar el\u00a0Mes de la arquitectura\u00a0y la conmemoraci\u00f3n de los\u00a081 a\u00f1os\u00a0del\u00a0Colegio de Arquitectos de Chile, este\u00a0jueves 31 de agosto\u00a0a las\u00a018.00 horas\u00a0en nuestra Sede Nacional (Avenida Libertador Bernardo O&#8217;Higgins 115, Santiago)\u00a0realizaremos la ceremonia de entrega de los\u00a0Premios CA 2023. Los Premios &hellip; <a class=\"more-link\" href=\"https:\/\/colegioarquitectos.com\/noticias\/?p=30759\">ver m\u00e1s<\/a><\/p>","protected":false},"author":4,"featured_media":30762,"comment_status":"closed","ping_status":"closed","sticky":false,"template":"","format":"standard","meta":{"footnotes":""},"categories":[547,8],"tags":[487,526,489,488,537,99,486,580],"class_list":["post-30759","post","type-post","status-publish","format-standard","has-post-thumbnail","hentry","category-81-anos-ca","category-colegio-de-arquitectos","tag-81-anos","tag-81-anos-ca","tag-81-anos-del-colegio-de-arquitectos-de-chile","tag-mes-de-la-arquitectura","tag-mes-de-la-arquitectura-en-chile","tag-premios-ca","tag-premios-ca-2023","tag-premios-del-colegio-de-arquitectos-de-chile"],"yoast_head":"<!-- This site is optimized with the Yoast SEO plugin v24.2 - https:\/\/yoast.com\/wordpress\/plugins\/seo\/ -->\n<title>Conoce a los y las ganadoras de los Premios CA 2023 - COLEGIO DE ARQUITECTOS DE CHILE<\/title>\n<meta name=\"robots\" content=\"index, follow, max-snippet:-1, max-image-preview:large, max-video-preview:-1\" \/>\n<link rel=\"canonical\" href=\"https:\/\/colegioarquitectos.com\/noticias\/?p=30759\" \/>\n<meta property=\"og:locale\" content=\"es_ES\" \/>\n<meta property=\"og:type\" content=\"article\" \/>\n<meta property=\"og:title\" content=\"Conoce a los y las ganadoras de los Premios CA 2023 - COLEGIO DE ARQUITECTOS DE CHILE\" \/>\n<meta property=\"og:description\" content=\"Para cerrar el\u00a0Mes de la arquitectura\u00a0y la conmemoraci\u00f3n de los\u00a081 a\u00f1os\u00a0del\u00a0Colegio de Arquitectos de Chile, este\u00a0jueves 31 de agosto\u00a0a las\u00a018.00 horas\u00a0en nuestra Sede Nacional (Avenida Libertador Bernardo O&#8217;Higgins 115, Santiago)\u00a0realizaremos la ceremonia de entrega de los\u00a0Premios CA 2023. Los Premios &hellip; ver m\u00e1s\" \/>\n<meta property=\"og:url\" content=\"https:\/\/colegioarquitectos.com\/noticias\/?p=30759\" \/>\n<meta property=\"og:site_name\" content=\"COLEGIO DE ARQUITECTOS DE CHILE\" \/>\n<meta property=\"article:publisher\" content=\"https:\/\/facebook.com\/Colegioarq\/\" \/>\n<meta property=\"article:published_time\" content=\"2023-08-29T14:15:57+00:00\" \/>\n<meta property=\"article:modified_time\" content=\"2023-08-29T14:17:36+00:00\" \/>\n<meta property=\"og:image\" content=\"https:\/\/colegioarquitectos.com\/noticias\/wp-content\/uploads\/2023\/08\/ceremonia-premios-destweb.png\" \/>\n\t<meta property=\"og:image:width\" content=\"1280\" \/>\n\t<meta property=\"og:image:height\" content=\"720\" \/>\n\t<meta property=\"og:image:type\" content=\"image\/png\" \/>\n<meta name=\"author\" content=\"Colegio de Arquitectos de Chile\" \/>\n<meta name=\"twitter:card\" content=\"summary_large_image\" \/>\n<meta name=\"twitter:creator\" content=\"@colegioarq\" \/>\n<meta name=\"twitter:site\" content=\"@colegioarq\" \/>\n<meta name=\"twitter:label1\" content=\"Escrito por\" \/>\n\t<meta name=\"twitter:data1\" content=\"Colegio de Arquitectos de Chile\" \/>\n\t<meta name=\"twitter:label2\" content=\"Tiempo de lectura\" \/>\n\t<meta name=\"twitter:data2\" content=\"15 minutos\" \/>\n<script type=\"application\/ld+json\" class=\"yoast-schema-graph\">{\"@context\":\"https:\/\/schema.org\",\"@graph\":[{\"@type\":\"Article\",\"@id\":\"https:\/\/colegioarquitectos.com\/noticias\/?p=30759#article\",\"isPartOf\":{\"@id\":\"https:\/\/colegioarquitectos.com\/noticias\/?p=30759\"},\"author\":{\"name\":\"Colegio de Arquitectos de Chile\",\"@id\":\"https:\/\/colegioarquitectos.com\/noticias\/#\/schema\/person\/685cc0aad148303c5608f049af8285ad\"},\"headline\":\"Conoce a los y las ganadoras de los Premios CA 2023\",\"datePublished\":\"2023-08-29T14:15:57+00:00\",\"dateModified\":\"2023-08-29T14:17:36+00:00\",\"mainEntityOfPage\":{\"@id\":\"https:\/\/colegioarquitectos.com\/noticias\/?p=30759\"},\"wordCount\":3074,\"publisher\":{\"@id\":\"https:\/\/colegioarquitectos.com\/noticias\/#organization\"},\"image\":{\"@id\":\"https:\/\/colegioarquitectos.com\/noticias\/?p=30759#primaryimage\"},\"thumbnailUrl\":\"https:\/\/colegioarquitectos.com\/noticias\/wp-content\/uploads\/2023\/08\/ceremonia-premios-destweb.png\",\"keywords\":[\"81 a\u00f1os\",\"81 a\u00f1os CA\",\"81 a\u00f1os del Colegio de Arquitectos de Chile\",\"Mes de la Arquitectura\",\"Mes de la Arquitectura en Chile\",\"Premios CA\",\"Premios CA 2023\",\"Premios del Colegio de Arquitectos de Chile\"],\"articleSection\":[\"81 a\u00f1os CA\",\"Colegio\"],\"inLanguage\":\"es\"},{\"@type\":\"WebPage\",\"@id\":\"https:\/\/colegioarquitectos.com\/noticias\/?p=30759\",\"url\":\"https:\/\/colegioarquitectos.com\/noticias\/?p=30759\",\"name\":\"Conoce a los y las ganadoras de los Premios CA 2023 - COLEGIO DE ARQUITECTOS DE CHILE\",\"isPartOf\":{\"@id\":\"https:\/\/colegioarquitectos.com\/noticias\/#website\"},\"primaryImageOfPage\":{\"@id\":\"https:\/\/colegioarquitectos.com\/noticias\/?p=30759#primaryimage\"},\"image\":{\"@id\":\"https:\/\/colegioarquitectos.com\/noticias\/?p=30759#primaryimage\"},\"thumbnailUrl\":\"https:\/\/colegioarquitectos.com\/noticias\/wp-content\/uploads\/2023\/08\/ceremonia-premios-destweb.png\",\"datePublished\":\"2023-08-29T14:15:57+00:00\",\"dateModified\":\"2023-08-29T14:17:36+00:00\",\"breadcrumb\":{\"@id\":\"https:\/\/colegioarquitectos.com\/noticias\/?p=30759#breadcrumb\"},\"inLanguage\":\"es\",\"potentialAction\":[{\"@type\":\"ReadAction\",\"target\":[\"https:\/\/colegioarquitectos.com\/noticias\/?p=30759\"]}]},{\"@type\":\"ImageObject\",\"inLanguage\":\"es\",\"@id\":\"https:\/\/colegioarquitectos.com\/noticias\/?p=30759#primaryimage\",\"url\":\"https:\/\/colegioarquitectos.com\/noticias\/wp-content\/uploads\/2023\/08\/ceremonia-premios-destweb.png\",\"contentUrl\":\"https:\/\/colegioarquitectos.com\/noticias\/wp-content\/uploads\/2023\/08\/ceremonia-premios-destweb.png\",\"width\":1280,\"height\":720},{\"@type\":\"BreadcrumbList\",\"@id\":\"https:\/\/colegioarquitectos.com\/noticias\/?p=30759#breadcrumb\",\"itemListElement\":[{\"@type\":\"ListItem\",\"position\":1,\"name\":\"Portada\",\"item\":\"https:\/\/colegioarquitectos.com\/noticias\"},{\"@type\":\"ListItem\",\"position\":2,\"name\":\"Conoce a los y las ganadoras de los Premios CA 2023\"}]},{\"@type\":\"WebSite\",\"@id\":\"https:\/\/colegioarquitectos.com\/noticias\/#website\",\"url\":\"https:\/\/colegioarquitectos.com\/noticias\/\",\"name\":\"COLEGIO DE ARQUITECTOS DE CHILE\",\"description\":\"\",\"publisher\":{\"@id\":\"https:\/\/colegioarquitectos.com\/noticias\/#organization\"},\"potentialAction\":[{\"@type\":\"SearchAction\",\"target\":{\"@type\":\"EntryPoint\",\"urlTemplate\":\"https:\/\/colegioarquitectos.com\/noticias\/?s={search_term_string}\"},\"query-input\":{\"@type\":\"PropertyValueSpecification\",\"valueRequired\":true,\"valueName\":\"search_term_string\"}}],\"inLanguage\":\"es\"},{\"@type\":\"Organization\",\"@id\":\"https:\/\/colegioarquitectos.com\/noticias\/#organization\",\"name\":\"COLEGIO DE ARQUITECTOS DE CHILE\",\"url\":\"https:\/\/colegioarquitectos.com\/noticias\/\",\"logo\":{\"@type\":\"ImageObject\",\"inLanguage\":\"es\",\"@id\":\"https:\/\/colegioarquitectos.com\/noticias\/#\/schema\/logo\/image\/\",\"url\":\"https:\/\/colegioarquitectos.com\/noticias\/wp-content\/uploads\/2021\/05\/ENCABEZADO-LOGO-CA.jpg\",\"contentUrl\":\"https:\/\/colegioarquitectos.com\/noticias\/wp-content\/uploads\/2021\/05\/ENCABEZADO-LOGO-CA.jpg\",\"width\":690,\"height\":350,\"caption\":\"COLEGIO DE ARQUITECTOS DE CHILE\"},\"image\":{\"@id\":\"https:\/\/colegioarquitectos.com\/noticias\/#\/schema\/logo\/image\/\"},\"sameAs\":[\"https:\/\/facebook.com\/Colegioarq\/\",\"https:\/\/x.com\/colegioarq\",\"https:\/\/instagram.com\/colegioarq\",\"https:\/\/youtube.com\/@ColegiodeArquitectosdeChile\"]},{\"@type\":\"Person\",\"@id\":\"https:\/\/colegioarquitectos.com\/noticias\/#\/schema\/person\/685cc0aad148303c5608f049af8285ad\",\"name\":\"Colegio de Arquitectos de Chile\",\"url\":\"https:\/\/colegioarquitectos.com\/noticias\/?author=4\"}]}<\/script>\n<!-- \/ Yoast SEO plugin. -->","yoast_head_json":{"title":"Conoce a los y las ganadoras de los Premios CA 2023 - COLEGIO DE ARQUITECTOS DE CHILE","robots":{"index":"index","follow":"follow","max-snippet":"max-snippet:-1","max-image-preview":"max-image-preview:large","max-video-preview":"max-video-preview:-1"},"canonical":"https:\/\/colegioarquitectos.com\/noticias\/?p=30759","og_locale":"es_ES","og_type":"article","og_title":"Conoce a los y las ganadoras de los Premios CA 2023 - COLEGIO DE ARQUITECTOS DE CHILE","og_description":"Para cerrar el\u00a0Mes de la arquitectura\u00a0y la conmemoraci\u00f3n de los\u00a081 a\u00f1os\u00a0del\u00a0Colegio de Arquitectos de Chile, este\u00a0jueves 31 de agosto\u00a0a las\u00a018.00 horas\u00a0en nuestra Sede Nacional (Avenida Libertador Bernardo O&#8217;Higgins 115, Santiago)\u00a0realizaremos la ceremonia de entrega de los\u00a0Premios CA 2023. Los Premios &hellip; ver m\u00e1s","og_url":"https:\/\/colegioarquitectos.com\/noticias\/?p=30759","og_site_name":"COLEGIO DE ARQUITECTOS DE CHILE","article_publisher":"https:\/\/facebook.com\/Colegioarq\/","article_published_time":"2023-08-29T14:15:57+00:00","article_modified_time":"2023-08-29T14:17:36+00:00","og_image":[{"width":1280,"height":720,"url":"https:\/\/colegioarquitectos.com\/noticias\/wp-content\/uploads\/2023\/08\/ceremonia-premios-destweb.png","type":"image\/png"}],"author":"Colegio de Arquitectos de Chile","twitter_card":"summary_large_image","twitter_creator":"@colegioarq","twitter_site":"@colegioarq","twitter_misc":{"Escrito por":"Colegio de Arquitectos de Chile","Tiempo de lectura":"15 minutos"},"schema":{"@context":"https:\/\/schema.org","@graph":[{"@type":"Article","@id":"https:\/\/colegioarquitectos.com\/noticias\/?p=30759#article","isPartOf":{"@id":"https:\/\/colegioarquitectos.com\/noticias\/?p=30759"},"author":{"name":"Colegio de Arquitectos de Chile","@id":"https:\/\/colegioarquitectos.com\/noticias\/#\/schema\/person\/685cc0aad148303c5608f049af8285ad"},"headline":"Conoce a los y las ganadoras de los Premios CA 2023","datePublished":"2023-08-29T14:15:57+00:00","dateModified":"2023-08-29T14:17:36+00:00","mainEntityOfPage":{"@id":"https:\/\/colegioarquitectos.com\/noticias\/?p=30759"},"wordCount":3074,"publisher":{"@id":"https:\/\/colegioarquitectos.com\/noticias\/#organization"},"image":{"@id":"https:\/\/colegioarquitectos.com\/noticias\/?p=30759#primaryimage"},"thumbnailUrl":"https:\/\/colegioarquitectos.com\/noticias\/wp-content\/uploads\/2023\/08\/ceremonia-premios-destweb.png","keywords":["81 a\u00f1os","81 a\u00f1os CA","81 a\u00f1os del Colegio de Arquitectos de Chile","Mes de la Arquitectura","Mes de la Arquitectura en Chile","Premios CA","Premios CA 2023","Premios del Colegio de Arquitectos de Chile"],"articleSection":["81 a\u00f1os CA","Colegio"],"inLanguage":"es"},{"@type":"WebPage","@id":"https:\/\/colegioarquitectos.com\/noticias\/?p=30759","url":"https:\/\/colegioarquitectos.com\/noticias\/?p=30759","name":"Conoce a los y las ganadoras de los Premios CA 2023 - COLEGIO DE ARQUITECTOS DE CHILE","isPartOf":{"@id":"https:\/\/colegioarquitectos.com\/noticias\/#website"},"primaryImageOfPage":{"@id":"https:\/\/colegioarquitectos.com\/noticias\/?p=30759#primaryimage"},"image":{"@id":"https:\/\/colegioarquitectos.com\/noticias\/?p=30759#primaryimage"},"thumbnailUrl":"https:\/\/colegioarquitectos.com\/noticias\/wp-content\/uploads\/2023\/08\/ceremonia-premios-destweb.png","datePublished":"2023-08-29T14:15:57+00:00","dateModified":"2023-08-29T14:17:36+00:00","breadcrumb":{"@id":"https:\/\/colegioarquitectos.com\/noticias\/?p=30759#breadcrumb"},"inLanguage":"es","potentialAction":[{"@type":"ReadAction","target":["https:\/\/colegioarquitectos.com\/noticias\/?p=30759"]}]},{"@type":"ImageObject","inLanguage":"es","@id":"https:\/\/colegioarquitectos.com\/noticias\/?p=30759#primaryimage","url":"https:\/\/colegioarquitectos.com\/noticias\/wp-content\/uploads\/2023\/08\/ceremonia-premios-destweb.png","contentUrl":"https:\/\/colegioarquitectos.com\/noticias\/wp-content\/uploads\/2023\/08\/ceremonia-premios-destweb.png","width":1280,"height":720},{"@type":"BreadcrumbList","@id":"https:\/\/colegioarquitectos.com\/noticias\/?p=30759#breadcrumb","itemListElement":[{"@type":"ListItem","position":1,"name":"Portada","item":"https:\/\/colegioarquitectos.com\/noticias"},{"@type":"ListItem","position":2,"name":"Conoce a los y las ganadoras de los Premios CA 2023"}]},{"@type":"WebSite","@id":"https:\/\/colegioarquitectos.com\/noticias\/#website","url":"https:\/\/colegioarquitectos.com\/noticias\/","name":"COLEGIO DE ARQUITECTOS DE CHILE","description":"","publisher":{"@id":"https:\/\/colegioarquitectos.com\/noticias\/#organization"},"potentialAction":[{"@type":"SearchAction","target":{"@type":"EntryPoint","urlTemplate":"https:\/\/colegioarquitectos.com\/noticias\/?s={search_term_string}"},"query-input":{"@type":"PropertyValueSpecification","valueRequired":true,"valueName":"search_term_string"}}],"inLanguage":"es"},{"@type":"Organization","@id":"https:\/\/colegioarquitectos.com\/noticias\/#organization","name":"COLEGIO DE ARQUITECTOS DE CHILE","url":"https:\/\/colegioarquitectos.com\/noticias\/","logo":{"@type":"ImageObject","inLanguage":"es","@id":"https:\/\/colegioarquitectos.com\/noticias\/#\/schema\/logo\/image\/","url":"https:\/\/colegioarquitectos.com\/noticias\/wp-content\/uploads\/2021\/05\/ENCABEZADO-LOGO-CA.jpg","contentUrl":"https:\/\/colegioarquitectos.com\/noticias\/wp-content\/uploads\/2021\/05\/ENCABEZADO-LOGO-CA.jpg","width":690,"height":350,"caption":"COLEGIO DE ARQUITECTOS DE CHILE"},"image":{"@id":"https:\/\/colegioarquitectos.com\/noticias\/#\/schema\/logo\/image\/"},"sameAs":["https:\/\/facebook.com\/Colegioarq\/","https:\/\/x.com\/colegioarq","https:\/\/instagram.com\/colegioarq","https:\/\/youtube.com\/@ColegiodeArquitectosdeChile"]},{"@type":"Person","@id":"https:\/\/colegioarquitectos.com\/noticias\/#\/schema\/person\/685cc0aad148303c5608f049af8285ad","name":"Colegio de Arquitectos de Chile","url":"https:\/\/colegioarquitectos.com\/noticias\/?author=4"}]}},"_links":{"self":[{"href":"https:\/\/colegioarquitectos.com\/noticias\/index.php?rest_route=\/wp\/v2\/posts\/30759","targetHints":{"allow":["GET"]}}],"collection":[{"href":"https:\/\/colegioarquitectos.com\/noticias\/index.php?rest_route=\/wp\/v2\/posts"}],"about":[{"href":"https:\/\/colegioarquitectos.com\/noticias\/index.php?rest_route=\/wp\/v2\/types\/post"}],"author":[{"embeddable":true,"href":"https:\/\/colegioarquitectos.com\/noticias\/index.php?rest_route=\/wp\/v2\/users\/4"}],"replies":[{"embeddable":true,"href":"https:\/\/colegioarquitectos.com\/noticias\/index.php?rest_route=%2Fwp%2Fv2%2Fcomments&post=30759"}],"version-history":[{"count":0,"href":"https:\/\/colegioarquitectos.com\/noticias\/index.php?rest_route=\/wp\/v2\/posts\/30759\/revisions"}],"wp:featuredmedia":[{"embeddable":true,"href":"https:\/\/colegioarquitectos.com\/noticias\/index.php?rest_route=\/wp\/v2\/media\/30762"}],"wp:attachment":[{"href":"https:\/\/colegioarquitectos.com\/noticias\/index.php?rest_route=%2Fwp%2Fv2%2Fmedia&parent=30759"}],"wp:term":[{"taxonomy":"category","embeddable":true,"href":"https:\/\/colegioarquitectos.com\/noticias\/index.php?rest_route=%2Fwp%2Fv2%2Fcategories&post=30759"},{"taxonomy":"post_tag","embeddable":true,"href":"https:\/\/colegioarquitectos.com\/noticias\/index.php?rest_route=%2Fwp%2Fv2%2Ftags&post=30759"}],"curies":[{"name":"wp","href":"https:\/\/api.w.org\/{rel}","templated":true}]}}