
{"id":30802,"date":"2023-09-04T10:14:03","date_gmt":"2023-09-04T14:14:03","guid":{"rendered":"https:\/\/colegioarquitectos.com\/?p=30802"},"modified":"2023-09-04T10:14:03","modified_gmt":"2023-09-04T14:14:03","slug":"premio-aporte-urbano-pau-lanza-su-novena-edicion","status":"publish","type":"post","link":"https:\/\/colegioarquitectos.com\/noticias\/?p=30802","title":{"rendered":"Premio Aporte Urbano (PAU) lanza su novena edici\u00f3n"},"content":{"rendered":"<p>Con la presencia del ministro de Vivienda y Urbanismo <strong>Carlos Montes<\/strong>; la vicepresidenta de la C\u00e1mara Chilena de la Construcci\u00f3n, <strong>Jacqueline G\u00e1lvez<\/strong>; el director del PAU, <strong>Crist\u00f3bal Prado<\/strong> y representantes de las entidades co-organizadoras; se lanz\u00f3 una nueva versi\u00f3n del <strong>Premio Aporte Urbano<\/strong>, reconocimiento que <strong>visibiliza a aquellas obras que resultan un aporte significativo y de calidad para su entorno inmediato, as\u00ed como para la comunidad que se beneficia de ellas<\/strong>.<\/p>\n<p>Por noveno a\u00f1o consecutivo, la <strong>C\u00e1mara Chilena de la Construcci\u00f3n, el Ministerio de Vivienda y Urbanismo, el Consejo Nacional de Desarrollo Urbano, el Colegio de Arquitectos de Chile, la Asociaci\u00f3n de Oficinas de Arquitectos y la Asociaci\u00f3n de Desarrolladores Inmobiliarios<\/strong>, se han unido para llevar adelante el Premio Aporte Urbano.<\/p>\n<p>En concordancia con la Pol\u00edtica Nacional de Desarrollo Urbano, es fundamental entender la responsabilidad en la construcci\u00f3n de ciudades vibrantes, integradas, justas y habitables. En esa l\u00ednea, la vicepresidenta de la CChC, <strong>Jacqueline G\u00e1lvez<\/strong>, asegur\u00f3 que \u00abEl Premio Aporte Urbano, que se entrega ya hace 9 a\u00f1os, tiene un claro prop\u00f3sito, que es hacer visible las obras que tienen un valor especial para las personas. Aqu\u00ed hay que controlar la ciudad y que mejore la calidad de vida de sus habitantes. Este es un reconocimiento al trabajo p\u00fablico y privado, porque cuando estos mundos se juntan con un objetivo \u00fanico y significativo, es evidente que los resultados son exitosos\u00bb.<\/p>\n<p>Condominio Alto Tobalaba fue el proyecto ganador en la categor\u00eda de Mejor Proyecto de Integraci\u00f3n Social el a\u00f1o 2022, y hoy fue sede de la postura de una placa conmemorativa, que ejemplifica la correcta aplicaci\u00f3n y materializaci\u00f3n de los principios rectores de Integraci\u00f3n Social. Frente a esto, el ministro de Vivienda y Urbanismo, <strong>Carlos Montes<\/strong>, asegur\u00f3 que \u00abAc\u00e1 hay bienes comunes y hay bienes individuales, y c\u00f3mo administrar los bienes comunes es un tremendo desaf\u00edo (&#8230;). Me queda agradecer a la C\u00e1mara Chilena de la Construcci\u00f3n que tenga esta distinci\u00f3n, agradecerle a la empresa que jug\u00f3 un rol muy importante en este proyecto, pero especialmente agradecerles a los vecinos, a los dirigentes por lo que han ido construyendo ac\u00e1 como una forma de convivir, de vivir juntos\u00bb.<\/p>\n<p>As\u00ed tambi\u00e9n fue valorado por la secretaria ejecutiva del Consejo Nacional de Desarrollo Urbano, <strong>Catalina Justiniano<\/strong>: \u00abcreo que lanzar el Premio Aporte Urbano de este a\u00f1o, en este lugar, es porque realmente pueden haber miles de proyectos y necesitamos proyectos buenos en todo tipo de categor\u00edas, a lo largo de todas las ciudades. Pero no se nos puede olvidar lo m\u00e1s fundamental, y es que este tipo de proyectos son los que mejoran e impactan sobre la vida de las familias\u00bb.<\/p>\n<p>&nbsp;<\/p>\n<p>Y porque el objetivo de este concurso es reconocer aquellos proyectos construidos que constituyen un aporte de calidad a las ciudades, se definieron 5 categor\u00edas para premiar en esta edici\u00f3n 2023:<\/p>\n<p><strong>1.-Mejor Proyecto Inmobiliario de Densificaci\u00f3n Equilibrada<\/strong><\/p>\n<p><strong>2.-Mejor Proyecto de Integraci\u00f3n Social<\/strong><\/p>\n<p><strong>3.-Mejor Proyecto de Espacio de Uso P\u00fablico<\/strong><\/p>\n<p><strong>4.-Mejor Proyecto de Equipamiento Urbano<\/strong><\/p>\n<p><strong>5.-Mejor Proyecto de Edificio de Uso Mixto<\/strong><\/p>\n<p>&nbsp;<\/p>\n<p>En la instancia, <strong>Crist\u00f3bal Prado<\/strong> realiz\u00f3 un llamado a todas las empresas y organismos a participar en esta novena edici\u00f3n del Premio Aporte Urbano.\u00a0 \u00abLo primero que se busca es que participen la mayor cantidad de empresas, la mayor cantidad de instituciones que crean que su proyecto tiene atributos para ser merecedor, nominado o ganador\u00bb. Prado hizo un llamado a visitar el sitio web oficial del concurso www.premioaporteurbano.cl, donde est\u00e1n las bases, categor\u00edas y proyectos ganadores a lo largo de la trayectoria del PAU. Importante destacar que el proceso de postulaci\u00f3n comienza el 12 de septiembre y se extender\u00e1 hasta el 11 de octubre de 2023.<\/p>\n<p>&nbsp;<\/p>\n<h4>Proyecto condominio Alto Tobalaba<\/h4>\n<hr \/>\n<p>El PAU ha materializado un reconocimiento de forma especial y presencial a todos los proyectos ganadores a lo largo de toda la trayectoria del premio hasta la fecha. Para eso, el equipo se ha desplegado a lo largo de Chile, por sus distintas regiones, para poder visitar, relevar, destacar, dar valor y por supuesto, masificar los proyectos tanto p\u00fablicos como privados que, sin duda, han logrado un impacto positivo a la calidad de vida de las personas y al entorno urbano.<\/p>\n<p>Uno de ellos, y que resultara ganador del premio en la categor\u00eda de Integraci\u00f3n Social el a\u00f1o 2022 es el <strong>Condominio Alto Tobalaba<\/strong> de la constructora Oval en la comuna de La Florida, espacio que recibi\u00f3 su placa conmemorativa, destacando la correcta aplicaci\u00f3n y materializaci\u00f3n de los principios rectores de Integraci\u00f3n Social: localizaci\u00f3n, ubicaci\u00f3n e integraci\u00f3n comunitaria, los que jugaron un rol relevante dentro de todo el proceso de gesti\u00f3n multisectorial para la correcta aplicaci\u00f3n de la pol\u00edtica habitacional y la gesti\u00f3n privada de desarrollo y construcci\u00f3n.<\/p>\n<p>Frente a este reconocimiento, el gerente general de la Constructora Oval, Oscar Valladares, durante la ceremonia se\u00f1al\u00f3 que \u00aben cada proyecto colocamos mucho trabajo y dedicaci\u00f3n. Pero lo que es necesario y se refleja a trav\u00e9s de este galard\u00f3n es el gran cari\u00f1o y nuestro compromiso por entregar soluciones habitacionales de calidad que les permita mejorar la calidad de vida a la comunidad. Este premio representa todos los valores que tratamos d\u00eda a d\u00eda de honrar\u00bb.<\/p>\n<p><strong>En este complejo viven 160 familias, comunidad que fue activa en todo el proceso de dise\u00f1o y planificaci\u00f3n del proyecto<\/strong>, as\u00ed lo destaca la presidenta del comit\u00e9 de Alto Tobalaba, Mar\u00eda Jos\u00e9 Mu\u00f1oz, \u00abeste condominio, si ustedes lo observan hoy d\u00eda, a como fueron los planos presentados al principio, es totalmente diferente. Todas las modificaciones fueron trabajadas en mesas de trabajo, donde fuimos escuchados y hoy d\u00eda vemos plasmado lo que nosotros a\u00f1oramos en el condominio de Tobalaba\u00bb.<\/p>\n<p>La representante de la comunidad explic\u00f3 que temas como la conectividad, el acceso universal, los espacios comunes y la iluminaci\u00f3n, son algunos de los elementos que le han permitido a los habitantes del condominio mejorar la calidad de vida de los vecinos y vecinas.<\/p>\n<p>&nbsp;<\/p>\n<h4>MOP se suma a co-organizadores del PAU<\/h4>\n<hr \/>\n<p>Entre las novedades de esta edici\u00f3n del PAU 2023, el presidente del Premio Aporte Urbano Crist\u00f3bal Prado anunci\u00f3 la incorporaci\u00f3n del <strong>Ministerio de Obras P\u00fablicas<\/strong> como coorganizador del premio, sum\u00e1ndose as\u00ed al trabajo que ha venido realizando en conjunto el Ministerio de Vivienda, el Consejo Nacional de Desarrollo Urbano, el Colegio de Arquitectos de Chile, la Asociaci\u00f3n de Oficinas de Arquitectos, la Asociaci\u00f3n de Desarrolladores Inmobiliarios y la C\u00e1mara Chilena de la Construcci\u00f3n, para sacar adelante e ir mejorando este reconocimiento.<\/p>\n<p>Frente a esta noticia, la directora nacional de Arquitectura del Ministerio de Obras P\u00fablicas y qui\u00e9n estuvo presente en el lanzamiento, <strong>Loreto Wahr<\/strong>, asegur\u00f3 que la incorporaci\u00f3n les hace mucho sentido \u00abporque como Ministerio somos precursores de la buena arquitectura. Durante toda la historia de Chile nosotros hemos estado promoviendo la arquitectura de calidad a lo largo y ancho de nuestro territorio llegando a todos lados, donde todos llegan o donde nadie est\u00e1 llegando totalmente. \u00bfQu\u00e9 nos importa? En el sumarnos en esto, el entender bien los procesos qu\u00e9 hay detr\u00e1s, el entender muy bien c\u00f3mo se desarrollan los proyectos que siempre tienen desaf\u00edos importantes, sobre todo cuando hacen un aporte tanto a la ciudad como a los distintos territorios y comunidades donde se insertan\u00bb.<\/p>\n<p>&nbsp;<\/p>\n<p><\/p>","protected":false},"excerpt":{"rendered":"<p>Con la presencia del ministro de Vivienda y Urbanismo Carlos Montes; la vicepresidenta de la C\u00e1mara Chilena de la Construcci\u00f3n, Jacqueline G\u00e1lvez; el director del PAU, Crist\u00f3bal Prado y representantes de las entidades co-organizadoras; se lanz\u00f3 una nueva versi\u00f3n del &hellip; <a class=\"more-link\" href=\"https:\/\/colegioarquitectos.com\/noticias\/?p=30802\">ver m\u00e1s<\/a><\/p>","protected":false},"author":4,"featured_media":30803,"comment_status":"closed","ping_status":"closed","sticky":false,"template":"","format":"standard","meta":{"footnotes":""},"categories":[11],"tags":[56,597,596,262,261],"class_list":["post-30802","post","type-post","status-publish","format-standard","has-post-thumbnail","hentry","category-concursos","tag-concurso","tag-novena-edicion","tag-pau","tag-premio-aporte-urbano","tag-premio-pau"],"yoast_head":"<!-- This site is optimized with the Yoast SEO plugin v24.2 - https:\/\/yoast.com\/wordpress\/plugins\/seo\/ -->\n<title>Premio Aporte Urbano (PAU) lanza su novena edici\u00f3n - COLEGIO DE ARQUITECTOS DE CHILE<\/title>\n<meta name=\"robots\" content=\"index, follow, max-snippet:-1, max-image-preview:large, max-video-preview:-1\" \/>\n<link rel=\"canonical\" href=\"https:\/\/colegioarquitectos.com\/noticias\/?p=30802\" \/>\n<meta property=\"og:locale\" content=\"es_ES\" \/>\n<meta property=\"og:type\" content=\"article\" \/>\n<meta property=\"og:title\" content=\"Premio Aporte Urbano (PAU) lanza su novena edici\u00f3n - COLEGIO DE ARQUITECTOS DE CHILE\" \/>\n<meta property=\"og:description\" content=\"Con la presencia del ministro de Vivienda y Urbanismo Carlos Montes; la vicepresidenta de la C\u00e1mara Chilena de la Construcci\u00f3n, Jacqueline G\u00e1lvez; el director del PAU, Crist\u00f3bal Prado y representantes de las entidades co-organizadoras; se lanz\u00f3 una nueva versi\u00f3n del &hellip; ver m\u00e1s\" \/>\n<meta property=\"og:url\" content=\"https:\/\/colegioarquitectos.com\/noticias\/?p=30802\" \/>\n<meta property=\"og:site_name\" content=\"COLEGIO DE ARQUITECTOS DE CHILE\" \/>\n<meta property=\"article:publisher\" content=\"https:\/\/facebook.com\/Colegioarq\/\" \/>\n<meta property=\"article:published_time\" content=\"2023-09-04T14:14:03+00:00\" \/>\n<meta property=\"og:image\" content=\"https:\/\/colegioarquitectos.com\/noticias\/wp-content\/uploads\/2023\/09\/Proyecto-nuevo-2.jpg\" \/>\n\t<meta property=\"og:image:width\" content=\"1280\" \/>\n\t<meta property=\"og:image:height\" content=\"720\" \/>\n\t<meta property=\"og:image:type\" content=\"image\/jpeg\" \/>\n<meta name=\"author\" content=\"Colegio de Arquitectos de Chile\" \/>\n<meta name=\"twitter:card\" content=\"summary_large_image\" \/>\n<meta name=\"twitter:creator\" content=\"@colegioarq\" \/>\n<meta name=\"twitter:site\" content=\"@colegioarq\" \/>\n<meta name=\"twitter:label1\" content=\"Escrito por\" \/>\n\t<meta name=\"twitter:data1\" content=\"Colegio de Arquitectos de Chile\" \/>\n\t<meta name=\"twitter:label2\" content=\"Tiempo de lectura\" \/>\n\t<meta name=\"twitter:data2\" content=\"6 minutos\" \/>\n<script type=\"application\/ld+json\" class=\"yoast-schema-graph\">{\"@context\":\"https:\/\/schema.org\",\"@graph\":[{\"@type\":\"Article\",\"@id\":\"https:\/\/colegioarquitectos.com\/noticias\/?p=30802#article\",\"isPartOf\":{\"@id\":\"https:\/\/colegioarquitectos.com\/noticias\/?p=30802\"},\"author\":{\"name\":\"Colegio de Arquitectos de Chile\",\"@id\":\"https:\/\/colegioarquitectos.com\/noticias\/#\/schema\/person\/685cc0aad148303c5608f049af8285ad\"},\"headline\":\"Premio Aporte Urbano (PAU) lanza su novena edici\u00f3n\",\"datePublished\":\"2023-09-04T14:14:03+00:00\",\"dateModified\":\"2023-09-04T14:14:03+00:00\",\"mainEntityOfPage\":{\"@id\":\"https:\/\/colegioarquitectos.com\/noticias\/?p=30802\"},\"wordCount\":1280,\"publisher\":{\"@id\":\"https:\/\/colegioarquitectos.com\/noticias\/#organization\"},\"image\":{\"@id\":\"https:\/\/colegioarquitectos.com\/noticias\/?p=30802#primaryimage\"},\"thumbnailUrl\":\"https:\/\/colegioarquitectos.com\/noticias\/wp-content\/uploads\/2023\/09\/Proyecto-nuevo-2.jpg\",\"keywords\":[\"concurso\",\"novena edici\u00f3n\",\"PAU\",\"Premio Aporte Urbano\",\"Premio PAU\"],\"articleSection\":[\"Concursos\"],\"inLanguage\":\"es\"},{\"@type\":\"WebPage\",\"@id\":\"https:\/\/colegioarquitectos.com\/noticias\/?p=30802\",\"url\":\"https:\/\/colegioarquitectos.com\/noticias\/?p=30802\",\"name\":\"Premio Aporte Urbano (PAU) lanza su novena edici\u00f3n - COLEGIO DE ARQUITECTOS DE CHILE\",\"isPartOf\":{\"@id\":\"https:\/\/colegioarquitectos.com\/noticias\/#website\"},\"primaryImageOfPage\":{\"@id\":\"https:\/\/colegioarquitectos.com\/noticias\/?p=30802#primaryimage\"},\"image\":{\"@id\":\"https:\/\/colegioarquitectos.com\/noticias\/?p=30802#primaryimage\"},\"thumbnailUrl\":\"https:\/\/colegioarquitectos.com\/noticias\/wp-content\/uploads\/2023\/09\/Proyecto-nuevo-2.jpg\",\"datePublished\":\"2023-09-04T14:14:03+00:00\",\"dateModified\":\"2023-09-04T14:14:03+00:00\",\"breadcrumb\":{\"@id\":\"https:\/\/colegioarquitectos.com\/noticias\/?p=30802#breadcrumb\"},\"inLanguage\":\"es\",\"potentialAction\":[{\"@type\":\"ReadAction\",\"target\":[\"https:\/\/colegioarquitectos.com\/noticias\/?p=30802\"]}]},{\"@type\":\"ImageObject\",\"inLanguage\":\"es\",\"@id\":\"https:\/\/colegioarquitectos.com\/noticias\/?p=30802#primaryimage\",\"url\":\"https:\/\/colegioarquitectos.com\/noticias\/wp-content\/uploads\/2023\/09\/Proyecto-nuevo-2.jpg\",\"contentUrl\":\"https:\/\/colegioarquitectos.com\/noticias\/wp-content\/uploads\/2023\/09\/Proyecto-nuevo-2.jpg\",\"width\":1280,\"height\":720},{\"@type\":\"BreadcrumbList\",\"@id\":\"https:\/\/colegioarquitectos.com\/noticias\/?p=30802#breadcrumb\",\"itemListElement\":[{\"@type\":\"ListItem\",\"position\":1,\"name\":\"Portada\",\"item\":\"https:\/\/colegioarquitectos.com\/noticias\"},{\"@type\":\"ListItem\",\"position\":2,\"name\":\"Premio Aporte Urbano (PAU) lanza su novena edici\u00f3n\"}]},{\"@type\":\"WebSite\",\"@id\":\"https:\/\/colegioarquitectos.com\/noticias\/#website\",\"url\":\"https:\/\/colegioarquitectos.com\/noticias\/\",\"name\":\"COLEGIO DE ARQUITECTOS DE CHILE\",\"description\":\"\",\"publisher\":{\"@id\":\"https:\/\/colegioarquitectos.com\/noticias\/#organization\"},\"potentialAction\":[{\"@type\":\"SearchAction\",\"target\":{\"@type\":\"EntryPoint\",\"urlTemplate\":\"https:\/\/colegioarquitectos.com\/noticias\/?s={search_term_string}\"},\"query-input\":{\"@type\":\"PropertyValueSpecification\",\"valueRequired\":true,\"valueName\":\"search_term_string\"}}],\"inLanguage\":\"es\"},{\"@type\":\"Organization\",\"@id\":\"https:\/\/colegioarquitectos.com\/noticias\/#organization\",\"name\":\"COLEGIO DE ARQUITECTOS DE CHILE\",\"url\":\"https:\/\/colegioarquitectos.com\/noticias\/\",\"logo\":{\"@type\":\"ImageObject\",\"inLanguage\":\"es\",\"@id\":\"https:\/\/colegioarquitectos.com\/noticias\/#\/schema\/logo\/image\/\",\"url\":\"https:\/\/colegioarquitectos.com\/noticias\/wp-content\/uploads\/2021\/05\/ENCABEZADO-LOGO-CA.jpg\",\"contentUrl\":\"https:\/\/colegioarquitectos.com\/noticias\/wp-content\/uploads\/2021\/05\/ENCABEZADO-LOGO-CA.jpg\",\"width\":690,\"height\":350,\"caption\":\"COLEGIO DE ARQUITECTOS DE CHILE\"},\"image\":{\"@id\":\"https:\/\/colegioarquitectos.com\/noticias\/#\/schema\/logo\/image\/\"},\"sameAs\":[\"https:\/\/facebook.com\/Colegioarq\/\",\"https:\/\/x.com\/colegioarq\",\"https:\/\/instagram.com\/colegioarq\",\"https:\/\/youtube.com\/@ColegiodeArquitectosdeChile\"]},{\"@type\":\"Person\",\"@id\":\"https:\/\/colegioarquitectos.com\/noticias\/#\/schema\/person\/685cc0aad148303c5608f049af8285ad\",\"name\":\"Colegio de Arquitectos de Chile\",\"url\":\"https:\/\/colegioarquitectos.com\/noticias\/?author=4\"}]}<\/script>\n<!-- \/ Yoast SEO plugin. -->","yoast_head_json":{"title":"Premio Aporte Urbano (PAU) lanza su novena edici\u00f3n - COLEGIO DE ARQUITECTOS DE CHILE","robots":{"index":"index","follow":"follow","max-snippet":"max-snippet:-1","max-image-preview":"max-image-preview:large","max-video-preview":"max-video-preview:-1"},"canonical":"https:\/\/colegioarquitectos.com\/noticias\/?p=30802","og_locale":"es_ES","og_type":"article","og_title":"Premio Aporte Urbano (PAU) lanza su novena edici\u00f3n - COLEGIO DE ARQUITECTOS DE CHILE","og_description":"Con la presencia del ministro de Vivienda y Urbanismo Carlos Montes; la vicepresidenta de la C\u00e1mara Chilena de la Construcci\u00f3n, Jacqueline G\u00e1lvez; el director del PAU, Crist\u00f3bal Prado y representantes de las entidades co-organizadoras; se lanz\u00f3 una nueva versi\u00f3n del &hellip; ver m\u00e1s","og_url":"https:\/\/colegioarquitectos.com\/noticias\/?p=30802","og_site_name":"COLEGIO DE ARQUITECTOS DE CHILE","article_publisher":"https:\/\/facebook.com\/Colegioarq\/","article_published_time":"2023-09-04T14:14:03+00:00","og_image":[{"width":1280,"height":720,"url":"https:\/\/colegioarquitectos.com\/noticias\/wp-content\/uploads\/2023\/09\/Proyecto-nuevo-2.jpg","type":"image\/jpeg"}],"author":"Colegio de Arquitectos de Chile","twitter_card":"summary_large_image","twitter_creator":"@colegioarq","twitter_site":"@colegioarq","twitter_misc":{"Escrito por":"Colegio de Arquitectos de Chile","Tiempo de lectura":"6 minutos"},"schema":{"@context":"https:\/\/schema.org","@graph":[{"@type":"Article","@id":"https:\/\/colegioarquitectos.com\/noticias\/?p=30802#article","isPartOf":{"@id":"https:\/\/colegioarquitectos.com\/noticias\/?p=30802"},"author":{"name":"Colegio de Arquitectos de Chile","@id":"https:\/\/colegioarquitectos.com\/noticias\/#\/schema\/person\/685cc0aad148303c5608f049af8285ad"},"headline":"Premio Aporte Urbano (PAU) lanza su novena edici\u00f3n","datePublished":"2023-09-04T14:14:03+00:00","dateModified":"2023-09-04T14:14:03+00:00","mainEntityOfPage":{"@id":"https:\/\/colegioarquitectos.com\/noticias\/?p=30802"},"wordCount":1280,"publisher":{"@id":"https:\/\/colegioarquitectos.com\/noticias\/#organization"},"image":{"@id":"https:\/\/colegioarquitectos.com\/noticias\/?p=30802#primaryimage"},"thumbnailUrl":"https:\/\/colegioarquitectos.com\/noticias\/wp-content\/uploads\/2023\/09\/Proyecto-nuevo-2.jpg","keywords":["concurso","novena edici\u00f3n","PAU","Premio Aporte Urbano","Premio PAU"],"articleSection":["Concursos"],"inLanguage":"es"},{"@type":"WebPage","@id":"https:\/\/colegioarquitectos.com\/noticias\/?p=30802","url":"https:\/\/colegioarquitectos.com\/noticias\/?p=30802","name":"Premio Aporte Urbano (PAU) lanza su novena edici\u00f3n - COLEGIO DE ARQUITECTOS DE CHILE","isPartOf":{"@id":"https:\/\/colegioarquitectos.com\/noticias\/#website"},"primaryImageOfPage":{"@id":"https:\/\/colegioarquitectos.com\/noticias\/?p=30802#primaryimage"},"image":{"@id":"https:\/\/colegioarquitectos.com\/noticias\/?p=30802#primaryimage"},"thumbnailUrl":"https:\/\/colegioarquitectos.com\/noticias\/wp-content\/uploads\/2023\/09\/Proyecto-nuevo-2.jpg","datePublished":"2023-09-04T14:14:03+00:00","dateModified":"2023-09-04T14:14:03+00:00","breadcrumb":{"@id":"https:\/\/colegioarquitectos.com\/noticias\/?p=30802#breadcrumb"},"inLanguage":"es","potentialAction":[{"@type":"ReadAction","target":["https:\/\/colegioarquitectos.com\/noticias\/?p=30802"]}]},{"@type":"ImageObject","inLanguage":"es","@id":"https:\/\/colegioarquitectos.com\/noticias\/?p=30802#primaryimage","url":"https:\/\/colegioarquitectos.com\/noticias\/wp-content\/uploads\/2023\/09\/Proyecto-nuevo-2.jpg","contentUrl":"https:\/\/colegioarquitectos.com\/noticias\/wp-content\/uploads\/2023\/09\/Proyecto-nuevo-2.jpg","width":1280,"height":720},{"@type":"BreadcrumbList","@id":"https:\/\/colegioarquitectos.com\/noticias\/?p=30802#breadcrumb","itemListElement":[{"@type":"ListItem","position":1,"name":"Portada","item":"https:\/\/colegioarquitectos.com\/noticias"},{"@type":"ListItem","position":2,"name":"Premio Aporte Urbano (PAU) lanza su novena edici\u00f3n"}]},{"@type":"WebSite","@id":"https:\/\/colegioarquitectos.com\/noticias\/#website","url":"https:\/\/colegioarquitectos.com\/noticias\/","name":"COLEGIO DE ARQUITECTOS DE CHILE","description":"","publisher":{"@id":"https:\/\/colegioarquitectos.com\/noticias\/#organization"},"potentialAction":[{"@type":"SearchAction","target":{"@type":"EntryPoint","urlTemplate":"https:\/\/colegioarquitectos.com\/noticias\/?s={search_term_string}"},"query-input":{"@type":"PropertyValueSpecification","valueRequired":true,"valueName":"search_term_string"}}],"inLanguage":"es"},{"@type":"Organization","@id":"https:\/\/colegioarquitectos.com\/noticias\/#organization","name":"COLEGIO DE ARQUITECTOS DE CHILE","url":"https:\/\/colegioarquitectos.com\/noticias\/","logo":{"@type":"ImageObject","inLanguage":"es","@id":"https:\/\/colegioarquitectos.com\/noticias\/#\/schema\/logo\/image\/","url":"https:\/\/colegioarquitectos.com\/noticias\/wp-content\/uploads\/2021\/05\/ENCABEZADO-LOGO-CA.jpg","contentUrl":"https:\/\/colegioarquitectos.com\/noticias\/wp-content\/uploads\/2021\/05\/ENCABEZADO-LOGO-CA.jpg","width":690,"height":350,"caption":"COLEGIO DE ARQUITECTOS DE CHILE"},"image":{"@id":"https:\/\/colegioarquitectos.com\/noticias\/#\/schema\/logo\/image\/"},"sameAs":["https:\/\/facebook.com\/Colegioarq\/","https:\/\/x.com\/colegioarq","https:\/\/instagram.com\/colegioarq","https:\/\/youtube.com\/@ColegiodeArquitectosdeChile"]},{"@type":"Person","@id":"https:\/\/colegioarquitectos.com\/noticias\/#\/schema\/person\/685cc0aad148303c5608f049af8285ad","name":"Colegio de Arquitectos de Chile","url":"https:\/\/colegioarquitectos.com\/noticias\/?author=4"}]}},"_links":{"self":[{"href":"https:\/\/colegioarquitectos.com\/noticias\/index.php?rest_route=\/wp\/v2\/posts\/30802","targetHints":{"allow":["GET"]}}],"collection":[{"href":"https:\/\/colegioarquitectos.com\/noticias\/index.php?rest_route=\/wp\/v2\/posts"}],"about":[{"href":"https:\/\/colegioarquitectos.com\/noticias\/index.php?rest_route=\/wp\/v2\/types\/post"}],"author":[{"embeddable":true,"href":"https:\/\/colegioarquitectos.com\/noticias\/index.php?rest_route=\/wp\/v2\/users\/4"}],"replies":[{"embeddable":true,"href":"https:\/\/colegioarquitectos.com\/noticias\/index.php?rest_route=%2Fwp%2Fv2%2Fcomments&post=30802"}],"version-history":[{"count":0,"href":"https:\/\/colegioarquitectos.com\/noticias\/index.php?rest_route=\/wp\/v2\/posts\/30802\/revisions"}],"wp:featuredmedia":[{"embeddable":true,"href":"https:\/\/colegioarquitectos.com\/noticias\/index.php?rest_route=\/wp\/v2\/media\/30803"}],"wp:attachment":[{"href":"https:\/\/colegioarquitectos.com\/noticias\/index.php?rest_route=%2Fwp%2Fv2%2Fmedia&parent=30802"}],"wp:term":[{"taxonomy":"category","embeddable":true,"href":"https:\/\/colegioarquitectos.com\/noticias\/index.php?rest_route=%2Fwp%2Fv2%2Fcategories&post=30802"},{"taxonomy":"post_tag","embeddable":true,"href":"https:\/\/colegioarquitectos.com\/noticias\/index.php?rest_route=%2Fwp%2Fv2%2Ftags&post=30802"}],"curies":[{"name":"wp","href":"https:\/\/api.w.org\/{rel}","templated":true}]}}