
{"id":30870,"date":"2023-09-07T16:07:12","date_gmt":"2023-09-07T20:07:12","guid":{"rendered":"https:\/\/colegioarquitectos.com\/?p=30870"},"modified":"2023-09-07T16:07:12","modified_gmt":"2023-09-07T20:07:12","slug":"expertos-nacionales-e-internacionales-debatiran-sobre-arquitectura-en-arquitectonicamente","status":"publish","type":"post","link":"https:\/\/colegioarquitectos.com\/noticias\/?p=30870","title":{"rendered":"Expertos nacionales e internacionales debatir\u00e1n sobre arquitectura en \u00abArquitect\u00f3nicamente\u00bb"},"content":{"rendered":"<p>El pr\u00f3ximo <strong>5 de octubre<\/strong> se dar\u00e1n cita en Chile destacados arquitectos nacionales y extranjeros, quienes dictar\u00e1n ponencias sobre la disciplina y de c\u00f3mo han resuelto diversos desaf\u00edos que les han impuesto sus encargos. El evento, denominado<strong> \u00abArquitect\u00f3nicamente\u00bb<\/strong>, organizado por <strong>Cat\u00e1logo Arquitectura<\/strong> y <strong>OGUC Ilustrada<\/strong>, y que cuenta con el patrocinio del <strong>Colegio de Arquitectos de Chile<\/strong>, incluir\u00e1 adem\u00e1s, entre otras actividades, <strong>una exposici\u00f3n con obras y proyectos de m\u00e1s de 30 ganadores de concursos de arquitectura.<\/strong><\/p>\n<p>Con el fin de transmitir conocimiento, \u00abArquitect\u00f3nicamente\u00bb es el <strong>primer encuentro que se realizar\u00e1 en Chile para arquitectos y amantes de la arquitectura y que reunir\u00e1 en un solo d\u00eda y lugar a connotados profesionales del \u00e1rea<\/strong>, quienes dictar\u00e1n interesantes presentaciones.<\/p>\n<p>El evento contar\u00e1 con la participaci\u00f3n del estudio de arquitectura <strong>Al Borde<\/strong>, con base en Ecuador; el arquitecto <strong>Sebasti\u00e1n Bravo<\/strong>, fundador de la oficina <strong>Bravo<\/strong>; <strong>Ort\u00fazar Gebauer Arquitectos<\/strong>; <strong>Andrea Von Chrismar<\/strong> de <strong>Avon Arquitectos<\/strong>; y <strong>Loreto Lyon<\/strong>, de <strong>Beals Lyon Arquitectos<\/strong>.<\/p>\n<p><strong>Fernando Abarca<\/strong>, CEO de Cat\u00e1logo Arquitectura, se\u00f1al\u00f3 que se trata de <strong>profesionales j\u00f3venes, representantes de distintas regiones del pa\u00eds y fuera de \u00e9l, que han sido premiados por parte de sus obras y que destacan por estar insertos en el mundo de la academia y abrazar conceptos como sustentabilidad y patrimonio<\/strong>, entre otros.<\/p>\n<p>Agreg\u00f3 que \u00abArquitect\u00f3nicamente\u00bb, llamado tambi\u00e9n <strong>ARQ%<\/strong>, incluir\u00e1, adem\u00e1s, una <strong>exposici\u00f3n con m\u00e1s de 30 obras y proyectos ganadores de premios y concursos de arquitectura de los \u00faltimos dos a\u00f1os, tanto p\u00fablicos como privados<\/strong>.<\/p>\n<p>A ello se sumar\u00e1 una <strong>\u00abplaza escult\u00f3rica\u00bb<\/strong>, cuyos protagonistas ser\u00e1n diversos sistemas constructivos expuestos en escalas 1 a 1, para que los asistentes puedan actualizarse de lo que est\u00e1 marcando tendencia en el mercado en este \u00e1mbito.<\/p>\n<p>\u00abArquitect\u00f3nicamente\u00bb tendr\u00e1 lugar el pr\u00f3ximo<strong> 5 de octubre<\/strong>, de <strong>9:00 a 18:00 horas<\/strong>, en el <strong>Hotel Radisson Blu Plaza El Bosque Santiago<\/strong>, ubicado en <strong>Av. Manquehue Norte N\u00ba 656<\/strong>, Las Condes, a pasos de la estaci\u00f3n de metro <strong>Manquehue<\/strong>.<\/p>\n<p>La entrada al evento es <strong>gratis<\/strong> y los interesados pueden inscribirse en <strong><a href=\"https:\/\/www.arquitectonicamente.cl\/contacto\/\">https:\/\/www.arquitectonicamente.cl\/contacto\/<\/a><\/strong><\/p>\n<p>&nbsp;<\/p>\n<p><img loading=\"lazy\" decoding=\"async\" class=\"aligncenter size-full wp-image-30872\" src=\"https:\/\/colegioarquitectos.com\/noticias\/wp-content\/uploads\/2023\/09\/Ponencia-confirmada-1.png\" alt=\"\" width=\"1080\" height=\"1350\" srcset=\"https:\/\/colegioarquitectos.com\/noticias\/wp-content\/uploads\/2023\/09\/Ponencia-confirmada-1.png 1080w, https:\/\/colegioarquitectos.com\/noticias\/wp-content\/uploads\/2023\/09\/Ponencia-confirmada-1-240x300.png 240w, https:\/\/colegioarquitectos.com\/noticias\/wp-content\/uploads\/2023\/09\/Ponencia-confirmada-1-768x960.png 768w, https:\/\/colegioarquitectos.com\/noticias\/wp-content\/uploads\/2023\/09\/Ponencia-confirmada-1-819x1024.png 819w\" sizes=\"auto, (max-width: 1080px) 100vw, 1080px\" \/><\/p>\n<p>&nbsp;<\/p>\n<p>&nbsp;<\/p>\n<p><img loading=\"lazy\" decoding=\"async\" class=\"aligncenter size-full wp-image-30873\" src=\"https:\/\/colegioarquitectos.com\/noticias\/wp-content\/uploads\/2023\/09\/Ponencia-confirmada-2.png\" alt=\"\" width=\"1080\" height=\"1350\" srcset=\"https:\/\/colegioarquitectos.com\/noticias\/wp-content\/uploads\/2023\/09\/Ponencia-confirmada-2.png 1080w, https:\/\/colegioarquitectos.com\/noticias\/wp-content\/uploads\/2023\/09\/Ponencia-confirmada-2-240x300.png 240w, https:\/\/colegioarquitectos.com\/noticias\/wp-content\/uploads\/2023\/09\/Ponencia-confirmada-2-768x960.png 768w, https:\/\/colegioarquitectos.com\/noticias\/wp-content\/uploads\/2023\/09\/Ponencia-confirmada-2-819x1024.png 819w\" sizes=\"auto, (max-width: 1080px) 100vw, 1080px\" \/><\/p>\n<p>&nbsp;<\/p>\n<p><img loading=\"lazy\" decoding=\"async\" class=\"aligncenter size-full wp-image-30874\" src=\"https:\/\/colegioarquitectos.com\/noticias\/wp-content\/uploads\/2023\/09\/Ponencia-confirmada-4.png\" alt=\"\" width=\"1080\" height=\"1350\" srcset=\"https:\/\/colegioarquitectos.com\/noticias\/wp-content\/uploads\/2023\/09\/Ponencia-confirmada-4.png 1080w, https:\/\/colegioarquitectos.com\/noticias\/wp-content\/uploads\/2023\/09\/Ponencia-confirmada-4-240x300.png 240w, https:\/\/colegioarquitectos.com\/noticias\/wp-content\/uploads\/2023\/09\/Ponencia-confirmada-4-768x960.png 768w, https:\/\/colegioarquitectos.com\/noticias\/wp-content\/uploads\/2023\/09\/Ponencia-confirmada-4-819x1024.png 819w\" sizes=\"auto, (max-width: 1080px) 100vw, 1080px\" \/><\/p>\n<p><img loading=\"lazy\" decoding=\"async\" class=\"aligncenter size-full wp-image-30875\" src=\"https:\/\/colegioarquitectos.com\/noticias\/wp-content\/uploads\/2023\/09\/Ponencia-confirmada-3.png\" alt=\"\" width=\"1080\" height=\"1350\" srcset=\"https:\/\/colegioarquitectos.com\/noticias\/wp-content\/uploads\/2023\/09\/Ponencia-confirmada-3.png 1080w, https:\/\/colegioarquitectos.com\/noticias\/wp-content\/uploads\/2023\/09\/Ponencia-confirmada-3-240x300.png 240w, https:\/\/colegioarquitectos.com\/noticias\/wp-content\/uploads\/2023\/09\/Ponencia-confirmada-3-768x960.png 768w, https:\/\/colegioarquitectos.com\/noticias\/wp-content\/uploads\/2023\/09\/Ponencia-confirmada-3-819x1024.png 819w\" sizes=\"auto, (max-width: 1080px) 100vw, 1080px\" \/><\/p>\n<p>&nbsp;<\/p>\n<p><\/p>","protected":false},"excerpt":{"rendered":"<p>El pr\u00f3ximo 5 de octubre se dar\u00e1n cita en Chile destacados arquitectos nacionales y extranjeros, quienes dictar\u00e1n ponencias sobre la disciplina y de c\u00f3mo han resuelto diversos desaf\u00edos que les han impuesto sus encargos. El evento, denominado \u00abArquitect\u00f3nicamente\u00bb, organizado por &hellip; <a class=\"more-link\" href=\"https:\/\/colegioarquitectos.com\/noticias\/?p=30870\">ver m\u00e1s<\/a><\/p>","protected":false},"author":4,"featured_media":30871,"comment_status":"closed","ping_status":"closed","sticky":false,"template":"","format":"standard","meta":{"footnotes":""},"categories":[19],"tags":[335,618,334],"class_list":["post-30870","post","type-post","status-publish","format-standard","has-post-thumbnail","hentry","category-actividades","tag-arq","tag-arquitectonicamente","tag-arquitectonicamente-2023"],"yoast_head":"<!-- This site is optimized with the Yoast SEO plugin v24.2 - https:\/\/yoast.com\/wordpress\/plugins\/seo\/ -->\n<title>Expertos nacionales e internacionales debatir\u00e1n sobre arquitectura en \u00abArquitect\u00f3nicamente\u00bb - COLEGIO DE ARQUITECTOS DE CHILE<\/title>\n<meta name=\"robots\" content=\"index, follow, max-snippet:-1, max-image-preview:large, max-video-preview:-1\" \/>\n<link rel=\"canonical\" href=\"https:\/\/colegioarquitectos.com\/noticias\/?p=30870\" \/>\n<meta property=\"og:locale\" content=\"es_ES\" \/>\n<meta property=\"og:type\" content=\"article\" \/>\n<meta property=\"og:title\" content=\"Expertos nacionales e internacionales debatir\u00e1n sobre arquitectura en \u00abArquitect\u00f3nicamente\u00bb - COLEGIO DE ARQUITECTOS DE CHILE\" \/>\n<meta property=\"og:description\" content=\"El pr\u00f3ximo 5 de octubre se dar\u00e1n cita en Chile destacados arquitectos nacionales y extranjeros, quienes dictar\u00e1n ponencias sobre la disciplina y de c\u00f3mo han resuelto diversos desaf\u00edos que les han impuesto sus encargos. El evento, denominado \u00abArquitect\u00f3nicamente\u00bb, organizado por &hellip; ver m\u00e1s\" \/>\n<meta property=\"og:url\" content=\"https:\/\/colegioarquitectos.com\/noticias\/?p=30870\" \/>\n<meta property=\"og:site_name\" content=\"COLEGIO DE ARQUITECTOS DE CHILE\" \/>\n<meta property=\"article:publisher\" content=\"https:\/\/facebook.com\/Colegioarq\/\" \/>\n<meta property=\"article:published_time\" content=\"2023-09-07T20:07:12+00:00\" \/>\n<meta property=\"og:image\" content=\"https:\/\/colegioarquitectos.com\/noticias\/wp-content\/uploads\/2023\/09\/PORTADA-ARQ.jpg\" \/>\n\t<meta property=\"og:image:width\" content=\"1280\" \/>\n\t<meta property=\"og:image:height\" content=\"720\" \/>\n\t<meta property=\"og:image:type\" content=\"image\/jpeg\" \/>\n<meta name=\"author\" content=\"Colegio de Arquitectos de Chile\" \/>\n<meta name=\"twitter:card\" content=\"summary_large_image\" \/>\n<meta name=\"twitter:creator\" content=\"@colegioarq\" \/>\n<meta name=\"twitter:site\" content=\"@colegioarq\" \/>\n<meta name=\"twitter:label1\" content=\"Escrito por\" \/>\n\t<meta name=\"twitter:data1\" content=\"Colegio de Arquitectos de Chile\" \/>\n\t<meta name=\"twitter:label2\" content=\"Tiempo de lectura\" \/>\n\t<meta name=\"twitter:data2\" content=\"2 minutos\" \/>\n<script type=\"application\/ld+json\" class=\"yoast-schema-graph\">{\"@context\":\"https:\/\/schema.org\",\"@graph\":[{\"@type\":\"Article\",\"@id\":\"https:\/\/colegioarquitectos.com\/noticias\/?p=30870#article\",\"isPartOf\":{\"@id\":\"https:\/\/colegioarquitectos.com\/noticias\/?p=30870\"},\"author\":{\"name\":\"Colegio de Arquitectos de Chile\",\"@id\":\"https:\/\/colegioarquitectos.com\/noticias\/#\/schema\/person\/685cc0aad148303c5608f049af8285ad\"},\"headline\":\"Expertos nacionales e internacionales debatir\u00e1n sobre arquitectura en \u00abArquitect\u00f3nicamente\u00bb\",\"datePublished\":\"2023-09-07T20:07:12+00:00\",\"dateModified\":\"2023-09-07T20:07:12+00:00\",\"mainEntityOfPage\":{\"@id\":\"https:\/\/colegioarquitectos.com\/noticias\/?p=30870\"},\"wordCount\":377,\"publisher\":{\"@id\":\"https:\/\/colegioarquitectos.com\/noticias\/#organization\"},\"image\":{\"@id\":\"https:\/\/colegioarquitectos.com\/noticias\/?p=30870#primaryimage\"},\"thumbnailUrl\":\"https:\/\/colegioarquitectos.com\/noticias\/wp-content\/uploads\/2023\/09\/PORTADA-ARQ.jpg\",\"keywords\":[\"ARQ%\",\"ARQUITECTONICAMENTE\",\"ARQUITECTONICAMENTE 2023\"],\"articleSection\":[\"Actividades\"],\"inLanguage\":\"es\"},{\"@type\":\"WebPage\",\"@id\":\"https:\/\/colegioarquitectos.com\/noticias\/?p=30870\",\"url\":\"https:\/\/colegioarquitectos.com\/noticias\/?p=30870\",\"name\":\"Expertos nacionales e internacionales debatir\u00e1n sobre arquitectura en \u00abArquitect\u00f3nicamente\u00bb - COLEGIO DE ARQUITECTOS DE CHILE\",\"isPartOf\":{\"@id\":\"https:\/\/colegioarquitectos.com\/noticias\/#website\"},\"primaryImageOfPage\":{\"@id\":\"https:\/\/colegioarquitectos.com\/noticias\/?p=30870#primaryimage\"},\"image\":{\"@id\":\"https:\/\/colegioarquitectos.com\/noticias\/?p=30870#primaryimage\"},\"thumbnailUrl\":\"https:\/\/colegioarquitectos.com\/noticias\/wp-content\/uploads\/2023\/09\/PORTADA-ARQ.jpg\",\"datePublished\":\"2023-09-07T20:07:12+00:00\",\"dateModified\":\"2023-09-07T20:07:12+00:00\",\"breadcrumb\":{\"@id\":\"https:\/\/colegioarquitectos.com\/noticias\/?p=30870#breadcrumb\"},\"inLanguage\":\"es\",\"potentialAction\":[{\"@type\":\"ReadAction\",\"target\":[\"https:\/\/colegioarquitectos.com\/noticias\/?p=30870\"]}]},{\"@type\":\"ImageObject\",\"inLanguage\":\"es\",\"@id\":\"https:\/\/colegioarquitectos.com\/noticias\/?p=30870#primaryimage\",\"url\":\"https:\/\/colegioarquitectos.com\/noticias\/wp-content\/uploads\/2023\/09\/PORTADA-ARQ.jpg\",\"contentUrl\":\"https:\/\/colegioarquitectos.com\/noticias\/wp-content\/uploads\/2023\/09\/PORTADA-ARQ.jpg\",\"width\":1280,\"height\":720},{\"@type\":\"BreadcrumbList\",\"@id\":\"https:\/\/colegioarquitectos.com\/noticias\/?p=30870#breadcrumb\",\"itemListElement\":[{\"@type\":\"ListItem\",\"position\":1,\"name\":\"Portada\",\"item\":\"https:\/\/colegioarquitectos.com\/noticias\"},{\"@type\":\"ListItem\",\"position\":2,\"name\":\"Expertos nacionales e internacionales debatir\u00e1n sobre arquitectura en \u00abArquitect\u00f3nicamente\u00bb\"}]},{\"@type\":\"WebSite\",\"@id\":\"https:\/\/colegioarquitectos.com\/noticias\/#website\",\"url\":\"https:\/\/colegioarquitectos.com\/noticias\/\",\"name\":\"COLEGIO DE ARQUITECTOS DE CHILE\",\"description\":\"\",\"publisher\":{\"@id\":\"https:\/\/colegioarquitectos.com\/noticias\/#organization\"},\"potentialAction\":[{\"@type\":\"SearchAction\",\"target\":{\"@type\":\"EntryPoint\",\"urlTemplate\":\"https:\/\/colegioarquitectos.com\/noticias\/?s={search_term_string}\"},\"query-input\":{\"@type\":\"PropertyValueSpecification\",\"valueRequired\":true,\"valueName\":\"search_term_string\"}}],\"inLanguage\":\"es\"},{\"@type\":\"Organization\",\"@id\":\"https:\/\/colegioarquitectos.com\/noticias\/#organization\",\"name\":\"COLEGIO DE ARQUITECTOS DE CHILE\",\"url\":\"https:\/\/colegioarquitectos.com\/noticias\/\",\"logo\":{\"@type\":\"ImageObject\",\"inLanguage\":\"es\",\"@id\":\"https:\/\/colegioarquitectos.com\/noticias\/#\/schema\/logo\/image\/\",\"url\":\"https:\/\/colegioarquitectos.com\/noticias\/wp-content\/uploads\/2021\/05\/ENCABEZADO-LOGO-CA.jpg\",\"contentUrl\":\"https:\/\/colegioarquitectos.com\/noticias\/wp-content\/uploads\/2021\/05\/ENCABEZADO-LOGO-CA.jpg\",\"width\":690,\"height\":350,\"caption\":\"COLEGIO DE ARQUITECTOS DE CHILE\"},\"image\":{\"@id\":\"https:\/\/colegioarquitectos.com\/noticias\/#\/schema\/logo\/image\/\"},\"sameAs\":[\"https:\/\/facebook.com\/Colegioarq\/\",\"https:\/\/x.com\/colegioarq\",\"https:\/\/instagram.com\/colegioarq\",\"https:\/\/youtube.com\/@ColegiodeArquitectosdeChile\"]},{\"@type\":\"Person\",\"@id\":\"https:\/\/colegioarquitectos.com\/noticias\/#\/schema\/person\/685cc0aad148303c5608f049af8285ad\",\"name\":\"Colegio de Arquitectos de Chile\",\"url\":\"https:\/\/colegioarquitectos.com\/noticias\/?author=4\"}]}<\/script>\n<!-- \/ Yoast SEO plugin. -->","yoast_head_json":{"title":"Expertos nacionales e internacionales debatir\u00e1n sobre arquitectura en \u00abArquitect\u00f3nicamente\u00bb - COLEGIO DE ARQUITECTOS DE CHILE","robots":{"index":"index","follow":"follow","max-snippet":"max-snippet:-1","max-image-preview":"max-image-preview:large","max-video-preview":"max-video-preview:-1"},"canonical":"https:\/\/colegioarquitectos.com\/noticias\/?p=30870","og_locale":"es_ES","og_type":"article","og_title":"Expertos nacionales e internacionales debatir\u00e1n sobre arquitectura en \u00abArquitect\u00f3nicamente\u00bb - COLEGIO DE ARQUITECTOS DE CHILE","og_description":"El pr\u00f3ximo 5 de octubre se dar\u00e1n cita en Chile destacados arquitectos nacionales y extranjeros, quienes dictar\u00e1n ponencias sobre la disciplina y de c\u00f3mo han resuelto diversos desaf\u00edos que les han impuesto sus encargos. El evento, denominado \u00abArquitect\u00f3nicamente\u00bb, organizado por &hellip; ver m\u00e1s","og_url":"https:\/\/colegioarquitectos.com\/noticias\/?p=30870","og_site_name":"COLEGIO DE ARQUITECTOS DE CHILE","article_publisher":"https:\/\/facebook.com\/Colegioarq\/","article_published_time":"2023-09-07T20:07:12+00:00","og_image":[{"width":1280,"height":720,"url":"https:\/\/colegioarquitectos.com\/noticias\/wp-content\/uploads\/2023\/09\/PORTADA-ARQ.jpg","type":"image\/jpeg"}],"author":"Colegio de Arquitectos de Chile","twitter_card":"summary_large_image","twitter_creator":"@colegioarq","twitter_site":"@colegioarq","twitter_misc":{"Escrito por":"Colegio de Arquitectos de Chile","Tiempo de lectura":"2 minutos"},"schema":{"@context":"https:\/\/schema.org","@graph":[{"@type":"Article","@id":"https:\/\/colegioarquitectos.com\/noticias\/?p=30870#article","isPartOf":{"@id":"https:\/\/colegioarquitectos.com\/noticias\/?p=30870"},"author":{"name":"Colegio de Arquitectos de Chile","@id":"https:\/\/colegioarquitectos.com\/noticias\/#\/schema\/person\/685cc0aad148303c5608f049af8285ad"},"headline":"Expertos nacionales e internacionales debatir\u00e1n sobre arquitectura en \u00abArquitect\u00f3nicamente\u00bb","datePublished":"2023-09-07T20:07:12+00:00","dateModified":"2023-09-07T20:07:12+00:00","mainEntityOfPage":{"@id":"https:\/\/colegioarquitectos.com\/noticias\/?p=30870"},"wordCount":377,"publisher":{"@id":"https:\/\/colegioarquitectos.com\/noticias\/#organization"},"image":{"@id":"https:\/\/colegioarquitectos.com\/noticias\/?p=30870#primaryimage"},"thumbnailUrl":"https:\/\/colegioarquitectos.com\/noticias\/wp-content\/uploads\/2023\/09\/PORTADA-ARQ.jpg","keywords":["ARQ%","ARQUITECTONICAMENTE","ARQUITECTONICAMENTE 2023"],"articleSection":["Actividades"],"inLanguage":"es"},{"@type":"WebPage","@id":"https:\/\/colegioarquitectos.com\/noticias\/?p=30870","url":"https:\/\/colegioarquitectos.com\/noticias\/?p=30870","name":"Expertos nacionales e internacionales debatir\u00e1n sobre arquitectura en \u00abArquitect\u00f3nicamente\u00bb - COLEGIO DE ARQUITECTOS DE CHILE","isPartOf":{"@id":"https:\/\/colegioarquitectos.com\/noticias\/#website"},"primaryImageOfPage":{"@id":"https:\/\/colegioarquitectos.com\/noticias\/?p=30870#primaryimage"},"image":{"@id":"https:\/\/colegioarquitectos.com\/noticias\/?p=30870#primaryimage"},"thumbnailUrl":"https:\/\/colegioarquitectos.com\/noticias\/wp-content\/uploads\/2023\/09\/PORTADA-ARQ.jpg","datePublished":"2023-09-07T20:07:12+00:00","dateModified":"2023-09-07T20:07:12+00:00","breadcrumb":{"@id":"https:\/\/colegioarquitectos.com\/noticias\/?p=30870#breadcrumb"},"inLanguage":"es","potentialAction":[{"@type":"ReadAction","target":["https:\/\/colegioarquitectos.com\/noticias\/?p=30870"]}]},{"@type":"ImageObject","inLanguage":"es","@id":"https:\/\/colegioarquitectos.com\/noticias\/?p=30870#primaryimage","url":"https:\/\/colegioarquitectos.com\/noticias\/wp-content\/uploads\/2023\/09\/PORTADA-ARQ.jpg","contentUrl":"https:\/\/colegioarquitectos.com\/noticias\/wp-content\/uploads\/2023\/09\/PORTADA-ARQ.jpg","width":1280,"height":720},{"@type":"BreadcrumbList","@id":"https:\/\/colegioarquitectos.com\/noticias\/?p=30870#breadcrumb","itemListElement":[{"@type":"ListItem","position":1,"name":"Portada","item":"https:\/\/colegioarquitectos.com\/noticias"},{"@type":"ListItem","position":2,"name":"Expertos nacionales e internacionales debatir\u00e1n sobre arquitectura en \u00abArquitect\u00f3nicamente\u00bb"}]},{"@type":"WebSite","@id":"https:\/\/colegioarquitectos.com\/noticias\/#website","url":"https:\/\/colegioarquitectos.com\/noticias\/","name":"COLEGIO DE ARQUITECTOS DE CHILE","description":"","publisher":{"@id":"https:\/\/colegioarquitectos.com\/noticias\/#organization"},"potentialAction":[{"@type":"SearchAction","target":{"@type":"EntryPoint","urlTemplate":"https:\/\/colegioarquitectos.com\/noticias\/?s={search_term_string}"},"query-input":{"@type":"PropertyValueSpecification","valueRequired":true,"valueName":"search_term_string"}}],"inLanguage":"es"},{"@type":"Organization","@id":"https:\/\/colegioarquitectos.com\/noticias\/#organization","name":"COLEGIO DE ARQUITECTOS DE CHILE","url":"https:\/\/colegioarquitectos.com\/noticias\/","logo":{"@type":"ImageObject","inLanguage":"es","@id":"https:\/\/colegioarquitectos.com\/noticias\/#\/schema\/logo\/image\/","url":"https:\/\/colegioarquitectos.com\/noticias\/wp-content\/uploads\/2021\/05\/ENCABEZADO-LOGO-CA.jpg","contentUrl":"https:\/\/colegioarquitectos.com\/noticias\/wp-content\/uploads\/2021\/05\/ENCABEZADO-LOGO-CA.jpg","width":690,"height":350,"caption":"COLEGIO DE ARQUITECTOS DE CHILE"},"image":{"@id":"https:\/\/colegioarquitectos.com\/noticias\/#\/schema\/logo\/image\/"},"sameAs":["https:\/\/facebook.com\/Colegioarq\/","https:\/\/x.com\/colegioarq","https:\/\/instagram.com\/colegioarq","https:\/\/youtube.com\/@ColegiodeArquitectosdeChile"]},{"@type":"Person","@id":"https:\/\/colegioarquitectos.com\/noticias\/#\/schema\/person\/685cc0aad148303c5608f049af8285ad","name":"Colegio de Arquitectos de Chile","url":"https:\/\/colegioarquitectos.com\/noticias\/?author=4"}]}},"_links":{"self":[{"href":"https:\/\/colegioarquitectos.com\/noticias\/index.php?rest_route=\/wp\/v2\/posts\/30870","targetHints":{"allow":["GET"]}}],"collection":[{"href":"https:\/\/colegioarquitectos.com\/noticias\/index.php?rest_route=\/wp\/v2\/posts"}],"about":[{"href":"https:\/\/colegioarquitectos.com\/noticias\/index.php?rest_route=\/wp\/v2\/types\/post"}],"author":[{"embeddable":true,"href":"https:\/\/colegioarquitectos.com\/noticias\/index.php?rest_route=\/wp\/v2\/users\/4"}],"replies":[{"embeddable":true,"href":"https:\/\/colegioarquitectos.com\/noticias\/index.php?rest_route=%2Fwp%2Fv2%2Fcomments&post=30870"}],"version-history":[{"count":0,"href":"https:\/\/colegioarquitectos.com\/noticias\/index.php?rest_route=\/wp\/v2\/posts\/30870\/revisions"}],"wp:featuredmedia":[{"embeddable":true,"href":"https:\/\/colegioarquitectos.com\/noticias\/index.php?rest_route=\/wp\/v2\/media\/30871"}],"wp:attachment":[{"href":"https:\/\/colegioarquitectos.com\/noticias\/index.php?rest_route=%2Fwp%2Fv2%2Fmedia&parent=30870"}],"wp:term":[{"taxonomy":"category","embeddable":true,"href":"https:\/\/colegioarquitectos.com\/noticias\/index.php?rest_route=%2Fwp%2Fv2%2Fcategories&post=30870"},{"taxonomy":"post_tag","embeddable":true,"href":"https:\/\/colegioarquitectos.com\/noticias\/index.php?rest_route=%2Fwp%2Fv2%2Ftags&post=30870"}],"curies":[{"name":"wp","href":"https:\/\/api.w.org\/{rel}","templated":true}]}}