
{"id":30891,"date":"2023-09-15T12:52:56","date_gmt":"2023-09-15T16:52:56","guid":{"rendered":"https:\/\/colegioarquitectos.com\/?p=30891"},"modified":"2023-09-26T11:32:08","modified_gmt":"2023-09-26T15:32:08","slug":"lanzamiento-hector-valdes-la-instalacion-de-la-modernidad-en-chile-utopia-y-realidad-de-pablo-altikes","status":"publish","type":"post","link":"https:\/\/colegioarquitectos.com\/noticias\/?p=30891","title":{"rendered":"[Lanzamiento] \u00abH\u00e9ctor Vald\u00e9s. La instalaci\u00f3n de la modernidad en Chile. Utop\u00eda y realidad\u00bb de Pablo Altikes"},"content":{"rendered":"<p>\u00bfC\u00f3mo abordar, en una publicaci\u00f3n, la trayectoria de un arquitecto cuya influencia se extiende a lo largo de una destacada labor profesional, compromiso p\u00fablico, gremial y docente? En este libro coral, Pablo Altikes reconstruye la figura de H\u00e9ctor Vald\u00e9s desde una diversidad de perspectivas y materiales. Fruto de un minucioso trabajo de archivo, el libro sumerge al lector en los contextos sociales, pol\u00edticos y culturales de los que H\u00e9ctor Vald\u00e9s fue testigo y protagonista, en un periodo hist\u00f3rico en el cual el inter\u00e9s por el estudio de la arquitectura cl\u00e1sica daba paso al entusiasmo por el movimiento moderno.<\/p>\n<p>El libro aborda diversos \u00e1mbitos de la vida y obra de H\u00e9ctor Vald\u00e9s: desde su prol\u00edfica producci\u00f3n junto a Carlos Bresciani, Fernando Castillo y Carlos Garc\u00eda-Huidobro (BVCH); su compromiso gremial como presidente del Colegio de Arquitectos; su participaci\u00f3n p\u00fablica como vicepresidente de la CORVI; su labor como docente en la Pontificia Universidad Cat\u00f3lica de Chile; hasta aspectos de su vida familiar y personal, entre otros. El libro re\u00fane material planim\u00e9trico y fotogr\u00e1fico que expande la documentaci\u00f3n existente sobre varias de sus obras. Incluyendo el an\u00e1lisis de m\u00e1s de veinte obras y la colaboraci\u00f3n de destacados arquitectos\/as y acad\u00e9micos\/as \u2014quienes sit\u00faan la obra de H\u00e9ctor Vald\u00e9s, revisitando su legado\u2014, este libro se propone como una obra sociable y receptiva que allanar\u00e1 el camino a futuras investigaciones.<\/p>\n<p>&nbsp;<\/p>\n<h4>Colaboradores<\/h4>\n<hr \/>\n<p>Felipe Assadi, Esteban Balcarce, Umberto Bonomo, Luis Eduardo Bresciani P., Macarena Cort\u00e9s, Jos\u00e9 Cruz, Francisco D\u00edaz, Humberto Eliash, Sonja Friedmann, Claudio Galeno, Gonzalo Mardones, Juan Luis Mart\u00ednez, Rodrigo Mart\u00ednez, Hugo Mondrag\u00f3n, Mar\u00eda Dolores Mu\u00f1oz, Fernando P\u00e9rez O., Juan Sabbagh, Leonardo Su\u00e1rez, Andr\u00e9s T\u00e9llez, Cristi\u00e1n Undurraga, Hugo Weibel.<\/p>\n<h4><\/h4>\n<h4>Comentario<\/h4>\n<hr \/>\n<p>\u00abEn conjunto, el libro tiene algo de repositorio, de anaquel de materiales, como si de un gabinete de curiosidades se tratase. Ello lo hace una obra abierta que ofrece, no solo la posibilidad de diversas lecturas, sino tambi\u00e9n de futuros estudios acerca de la obra de H\u00e9ctor Vald\u00e9s y quienes fueron sus asociados y de un periodo m\u00e1s que significativo de la historia del ejercicio de la arquitectura en Chile\u00bb. \u2014Fernando P\u00e9rez Oyarzun<\/p>\n<p>&nbsp;<\/p>\n<h4>Lanzamiento<\/h4>\n<hr \/>\n<p>25 septiembre 2023, 19:00 horas<\/p>\n<p>Lugar: Auditorio FADEU, Campus Lo Contador UC. El Comendador 1936, Providencia.<\/p>\n<p>Participan: Mario Ubilla, Luis Eduardo Bresciani, Fernando P\u00e9rez Oyarz\u00fan, Pablo Altikes, Ram\u00f3n Vald\u00e9s.<\/p>\n<p>Invitan: Facultad de Arquitectura, Dise\u00f1o y Estudios Urbanos UC; Escuela Arquitectura UC; Ediciones ARQ<\/p>\n<p>&nbsp;<\/p>\n<p><\/p>","protected":false},"excerpt":{"rendered":"<p>\u00bfC\u00f3mo abordar, en una publicaci\u00f3n, la trayectoria de un arquitecto cuya influencia se extiende a lo largo de una destacada labor profesional, compromiso p\u00fablico, gremial y docente? En este libro coral, Pablo Altikes reconstruye la figura de H\u00e9ctor Vald\u00e9s desde &hellip; <a class=\"more-link\" href=\"https:\/\/colegioarquitectos.com\/noticias\/?p=30891\">ver m\u00e1s<\/a><\/p>","protected":false},"author":4,"featured_media":30892,"comment_status":"closed","ping_status":"closed","sticky":false,"template":"","format":"standard","meta":{"footnotes":""},"categories":[19],"tags":[297,627,628,467,294,626],"class_list":["post-30891","post","type-post","status-publish","format-standard","has-post-thumbnail","hentry","category-actividades","tag-ediciones-arq","tag-hector-valdes","tag-la-instalacion-de-la-modernidad-en-chile-utopia-y-realidad","tag-lanzamiento","tag-libros","tag-pablo-altikes"],"yoast_head":"<!-- This site is optimized with the Yoast SEO plugin v24.2 - https:\/\/yoast.com\/wordpress\/plugins\/seo\/ -->\n<title>[Lanzamiento] \u00abH\u00e9ctor Vald\u00e9s. La instalaci\u00f3n de la modernidad en Chile. Utop\u00eda y realidad\u00bb de Pablo Altikes - COLEGIO DE ARQUITECTOS DE CHILE<\/title>\n<meta name=\"robots\" content=\"index, follow, max-snippet:-1, max-image-preview:large, max-video-preview:-1\" \/>\n<link rel=\"canonical\" href=\"https:\/\/colegioarquitectos.com\/noticias\/?p=30891\" \/>\n<meta property=\"og:locale\" content=\"es_ES\" \/>\n<meta property=\"og:type\" content=\"article\" \/>\n<meta property=\"og:title\" content=\"[Lanzamiento] \u00abH\u00e9ctor Vald\u00e9s. La instalaci\u00f3n de la modernidad en Chile. Utop\u00eda y realidad\u00bb de Pablo Altikes - COLEGIO DE ARQUITECTOS DE CHILE\" \/>\n<meta property=\"og:description\" content=\"\u00bfC\u00f3mo abordar, en una publicaci\u00f3n, la trayectoria de un arquitecto cuya influencia se extiende a lo largo de una destacada labor profesional, compromiso p\u00fablico, gremial y docente? En este libro coral, Pablo Altikes reconstruye la figura de H\u00e9ctor Vald\u00e9s desde &hellip; ver m\u00e1s\" \/>\n<meta property=\"og:url\" content=\"https:\/\/colegioarquitectos.com\/noticias\/?p=30891\" \/>\n<meta property=\"og:site_name\" content=\"COLEGIO DE ARQUITECTOS DE CHILE\" \/>\n<meta property=\"article:publisher\" content=\"https:\/\/facebook.com\/Colegioarq\/\" \/>\n<meta property=\"article:published_time\" content=\"2023-09-15T16:52:56+00:00\" \/>\n<meta property=\"article:modified_time\" content=\"2023-09-26T15:32:08+00:00\" \/>\n<meta property=\"og:image\" content=\"https:\/\/colegioarquitectos.com\/noticias\/wp-content\/uploads\/2023\/09\/PORTADA-3.jpg\" \/>\n\t<meta property=\"og:image:width\" content=\"1280\" \/>\n\t<meta property=\"og:image:height\" content=\"720\" \/>\n\t<meta property=\"og:image:type\" content=\"image\/jpeg\" \/>\n<meta name=\"author\" content=\"Colegio de Arquitectos de Chile\" \/>\n<meta name=\"twitter:card\" content=\"summary_large_image\" \/>\n<meta name=\"twitter:creator\" content=\"@colegioarq\" \/>\n<meta name=\"twitter:site\" content=\"@colegioarq\" \/>\n<meta name=\"twitter:label1\" content=\"Escrito por\" \/>\n\t<meta name=\"twitter:data1\" content=\"Colegio de Arquitectos de Chile\" \/>\n\t<meta name=\"twitter:label2\" content=\"Tiempo de lectura\" \/>\n\t<meta name=\"twitter:data2\" content=\"2 minutos\" \/>\n<script type=\"application\/ld+json\" class=\"yoast-schema-graph\">{\"@context\":\"https:\/\/schema.org\",\"@graph\":[{\"@type\":\"Article\",\"@id\":\"https:\/\/colegioarquitectos.com\/noticias\/?p=30891#article\",\"isPartOf\":{\"@id\":\"https:\/\/colegioarquitectos.com\/noticias\/?p=30891\"},\"author\":{\"name\":\"Colegio de Arquitectos de Chile\",\"@id\":\"https:\/\/colegioarquitectos.com\/noticias\/#\/schema\/person\/685cc0aad148303c5608f049af8285ad\"},\"headline\":\"[Lanzamiento] \u00abH\u00e9ctor Vald\u00e9s. La instalaci\u00f3n de la modernidad en Chile. Utop\u00eda y realidad\u00bb de Pablo Altikes\",\"datePublished\":\"2023-09-15T16:52:56+00:00\",\"dateModified\":\"2023-09-26T15:32:08+00:00\",\"mainEntityOfPage\":{\"@id\":\"https:\/\/colegioarquitectos.com\/noticias\/?p=30891\"},\"wordCount\":462,\"publisher\":{\"@id\":\"https:\/\/colegioarquitectos.com\/noticias\/#organization\"},\"image\":{\"@id\":\"https:\/\/colegioarquitectos.com\/noticias\/?p=30891#primaryimage\"},\"thumbnailUrl\":\"https:\/\/colegioarquitectos.com\/noticias\/wp-content\/uploads\/2023\/09\/PORTADA-3.jpg\",\"keywords\":[\"Ediciones ARQ\",\"H\u00e9ctor Vald\u00e9s\",\"La instalaci\u00f3n de la modernidad en Chile. Utop\u00eda y realidad\",\"Lanzamiento\",\"Libros\",\"Pablo Altikes\"],\"articleSection\":[\"Actividades\"],\"inLanguage\":\"es\"},{\"@type\":\"WebPage\",\"@id\":\"https:\/\/colegioarquitectos.com\/noticias\/?p=30891\",\"url\":\"https:\/\/colegioarquitectos.com\/noticias\/?p=30891\",\"name\":\"[Lanzamiento] \u00abH\u00e9ctor Vald\u00e9s. La instalaci\u00f3n de la modernidad en Chile. Utop\u00eda y realidad\u00bb de Pablo Altikes - COLEGIO DE ARQUITECTOS DE CHILE\",\"isPartOf\":{\"@id\":\"https:\/\/colegioarquitectos.com\/noticias\/#website\"},\"primaryImageOfPage\":{\"@id\":\"https:\/\/colegioarquitectos.com\/noticias\/?p=30891#primaryimage\"},\"image\":{\"@id\":\"https:\/\/colegioarquitectos.com\/noticias\/?p=30891#primaryimage\"},\"thumbnailUrl\":\"https:\/\/colegioarquitectos.com\/noticias\/wp-content\/uploads\/2023\/09\/PORTADA-3.jpg\",\"datePublished\":\"2023-09-15T16:52:56+00:00\",\"dateModified\":\"2023-09-26T15:32:08+00:00\",\"breadcrumb\":{\"@id\":\"https:\/\/colegioarquitectos.com\/noticias\/?p=30891#breadcrumb\"},\"inLanguage\":\"es\",\"potentialAction\":[{\"@type\":\"ReadAction\",\"target\":[\"https:\/\/colegioarquitectos.com\/noticias\/?p=30891\"]}]},{\"@type\":\"ImageObject\",\"inLanguage\":\"es\",\"@id\":\"https:\/\/colegioarquitectos.com\/noticias\/?p=30891#primaryimage\",\"url\":\"https:\/\/colegioarquitectos.com\/noticias\/wp-content\/uploads\/2023\/09\/PORTADA-3.jpg\",\"contentUrl\":\"https:\/\/colegioarquitectos.com\/noticias\/wp-content\/uploads\/2023\/09\/PORTADA-3.jpg\",\"width\":1280,\"height\":720},{\"@type\":\"BreadcrumbList\",\"@id\":\"https:\/\/colegioarquitectos.com\/noticias\/?p=30891#breadcrumb\",\"itemListElement\":[{\"@type\":\"ListItem\",\"position\":1,\"name\":\"Portada\",\"item\":\"https:\/\/colegioarquitectos.com\/noticias\"},{\"@type\":\"ListItem\",\"position\":2,\"name\":\"[Lanzamiento] \u00abH\u00e9ctor Vald\u00e9s. La instalaci\u00f3n de la modernidad en Chile. Utop\u00eda y realidad\u00bb de Pablo Altikes\"}]},{\"@type\":\"WebSite\",\"@id\":\"https:\/\/colegioarquitectos.com\/noticias\/#website\",\"url\":\"https:\/\/colegioarquitectos.com\/noticias\/\",\"name\":\"COLEGIO DE ARQUITECTOS DE CHILE\",\"description\":\"\",\"publisher\":{\"@id\":\"https:\/\/colegioarquitectos.com\/noticias\/#organization\"},\"potentialAction\":[{\"@type\":\"SearchAction\",\"target\":{\"@type\":\"EntryPoint\",\"urlTemplate\":\"https:\/\/colegioarquitectos.com\/noticias\/?s={search_term_string}\"},\"query-input\":{\"@type\":\"PropertyValueSpecification\",\"valueRequired\":true,\"valueName\":\"search_term_string\"}}],\"inLanguage\":\"es\"},{\"@type\":\"Organization\",\"@id\":\"https:\/\/colegioarquitectos.com\/noticias\/#organization\",\"name\":\"COLEGIO DE ARQUITECTOS DE CHILE\",\"url\":\"https:\/\/colegioarquitectos.com\/noticias\/\",\"logo\":{\"@type\":\"ImageObject\",\"inLanguage\":\"es\",\"@id\":\"https:\/\/colegioarquitectos.com\/noticias\/#\/schema\/logo\/image\/\",\"url\":\"https:\/\/colegioarquitectos.com\/noticias\/wp-content\/uploads\/2021\/05\/ENCABEZADO-LOGO-CA.jpg\",\"contentUrl\":\"https:\/\/colegioarquitectos.com\/noticias\/wp-content\/uploads\/2021\/05\/ENCABEZADO-LOGO-CA.jpg\",\"width\":690,\"height\":350,\"caption\":\"COLEGIO DE ARQUITECTOS DE CHILE\"},\"image\":{\"@id\":\"https:\/\/colegioarquitectos.com\/noticias\/#\/schema\/logo\/image\/\"},\"sameAs\":[\"https:\/\/facebook.com\/Colegioarq\/\",\"https:\/\/x.com\/colegioarq\",\"https:\/\/instagram.com\/colegioarq\",\"https:\/\/youtube.com\/@ColegiodeArquitectosdeChile\"]},{\"@type\":\"Person\",\"@id\":\"https:\/\/colegioarquitectos.com\/noticias\/#\/schema\/person\/685cc0aad148303c5608f049af8285ad\",\"name\":\"Colegio de Arquitectos de Chile\",\"url\":\"https:\/\/colegioarquitectos.com\/noticias\/?author=4\"}]}<\/script>\n<!-- \/ Yoast SEO plugin. -->","yoast_head_json":{"title":"[Lanzamiento] \u00abH\u00e9ctor Vald\u00e9s. La instalaci\u00f3n de la modernidad en Chile. Utop\u00eda y realidad\u00bb de Pablo Altikes - COLEGIO DE ARQUITECTOS DE CHILE","robots":{"index":"index","follow":"follow","max-snippet":"max-snippet:-1","max-image-preview":"max-image-preview:large","max-video-preview":"max-video-preview:-1"},"canonical":"https:\/\/colegioarquitectos.com\/noticias\/?p=30891","og_locale":"es_ES","og_type":"article","og_title":"[Lanzamiento] \u00abH\u00e9ctor Vald\u00e9s. La instalaci\u00f3n de la modernidad en Chile. Utop\u00eda y realidad\u00bb de Pablo Altikes - COLEGIO DE ARQUITECTOS DE CHILE","og_description":"\u00bfC\u00f3mo abordar, en una publicaci\u00f3n, la trayectoria de un arquitecto cuya influencia se extiende a lo largo de una destacada labor profesional, compromiso p\u00fablico, gremial y docente? En este libro coral, Pablo Altikes reconstruye la figura de H\u00e9ctor Vald\u00e9s desde &hellip; ver m\u00e1s","og_url":"https:\/\/colegioarquitectos.com\/noticias\/?p=30891","og_site_name":"COLEGIO DE ARQUITECTOS DE CHILE","article_publisher":"https:\/\/facebook.com\/Colegioarq\/","article_published_time":"2023-09-15T16:52:56+00:00","article_modified_time":"2023-09-26T15:32:08+00:00","og_image":[{"width":1280,"height":720,"url":"https:\/\/colegioarquitectos.com\/noticias\/wp-content\/uploads\/2023\/09\/PORTADA-3.jpg","type":"image\/jpeg"}],"author":"Colegio de Arquitectos de Chile","twitter_card":"summary_large_image","twitter_creator":"@colegioarq","twitter_site":"@colegioarq","twitter_misc":{"Escrito por":"Colegio de Arquitectos de Chile","Tiempo de lectura":"2 minutos"},"schema":{"@context":"https:\/\/schema.org","@graph":[{"@type":"Article","@id":"https:\/\/colegioarquitectos.com\/noticias\/?p=30891#article","isPartOf":{"@id":"https:\/\/colegioarquitectos.com\/noticias\/?p=30891"},"author":{"name":"Colegio de Arquitectos de Chile","@id":"https:\/\/colegioarquitectos.com\/noticias\/#\/schema\/person\/685cc0aad148303c5608f049af8285ad"},"headline":"[Lanzamiento] \u00abH\u00e9ctor Vald\u00e9s. La instalaci\u00f3n de la modernidad en Chile. Utop\u00eda y realidad\u00bb de Pablo Altikes","datePublished":"2023-09-15T16:52:56+00:00","dateModified":"2023-09-26T15:32:08+00:00","mainEntityOfPage":{"@id":"https:\/\/colegioarquitectos.com\/noticias\/?p=30891"},"wordCount":462,"publisher":{"@id":"https:\/\/colegioarquitectos.com\/noticias\/#organization"},"image":{"@id":"https:\/\/colegioarquitectos.com\/noticias\/?p=30891#primaryimage"},"thumbnailUrl":"https:\/\/colegioarquitectos.com\/noticias\/wp-content\/uploads\/2023\/09\/PORTADA-3.jpg","keywords":["Ediciones ARQ","H\u00e9ctor Vald\u00e9s","La instalaci\u00f3n de la modernidad en Chile. Utop\u00eda y realidad","Lanzamiento","Libros","Pablo Altikes"],"articleSection":["Actividades"],"inLanguage":"es"},{"@type":"WebPage","@id":"https:\/\/colegioarquitectos.com\/noticias\/?p=30891","url":"https:\/\/colegioarquitectos.com\/noticias\/?p=30891","name":"[Lanzamiento] \u00abH\u00e9ctor Vald\u00e9s. La instalaci\u00f3n de la modernidad en Chile. Utop\u00eda y realidad\u00bb de Pablo Altikes - COLEGIO DE ARQUITECTOS DE CHILE","isPartOf":{"@id":"https:\/\/colegioarquitectos.com\/noticias\/#website"},"primaryImageOfPage":{"@id":"https:\/\/colegioarquitectos.com\/noticias\/?p=30891#primaryimage"},"image":{"@id":"https:\/\/colegioarquitectos.com\/noticias\/?p=30891#primaryimage"},"thumbnailUrl":"https:\/\/colegioarquitectos.com\/noticias\/wp-content\/uploads\/2023\/09\/PORTADA-3.jpg","datePublished":"2023-09-15T16:52:56+00:00","dateModified":"2023-09-26T15:32:08+00:00","breadcrumb":{"@id":"https:\/\/colegioarquitectos.com\/noticias\/?p=30891#breadcrumb"},"inLanguage":"es","potentialAction":[{"@type":"ReadAction","target":["https:\/\/colegioarquitectos.com\/noticias\/?p=30891"]}]},{"@type":"ImageObject","inLanguage":"es","@id":"https:\/\/colegioarquitectos.com\/noticias\/?p=30891#primaryimage","url":"https:\/\/colegioarquitectos.com\/noticias\/wp-content\/uploads\/2023\/09\/PORTADA-3.jpg","contentUrl":"https:\/\/colegioarquitectos.com\/noticias\/wp-content\/uploads\/2023\/09\/PORTADA-3.jpg","width":1280,"height":720},{"@type":"BreadcrumbList","@id":"https:\/\/colegioarquitectos.com\/noticias\/?p=30891#breadcrumb","itemListElement":[{"@type":"ListItem","position":1,"name":"Portada","item":"https:\/\/colegioarquitectos.com\/noticias"},{"@type":"ListItem","position":2,"name":"[Lanzamiento] \u00abH\u00e9ctor Vald\u00e9s. La instalaci\u00f3n de la modernidad en Chile. Utop\u00eda y realidad\u00bb de Pablo Altikes"}]},{"@type":"WebSite","@id":"https:\/\/colegioarquitectos.com\/noticias\/#website","url":"https:\/\/colegioarquitectos.com\/noticias\/","name":"COLEGIO DE ARQUITECTOS DE CHILE","description":"","publisher":{"@id":"https:\/\/colegioarquitectos.com\/noticias\/#organization"},"potentialAction":[{"@type":"SearchAction","target":{"@type":"EntryPoint","urlTemplate":"https:\/\/colegioarquitectos.com\/noticias\/?s={search_term_string}"},"query-input":{"@type":"PropertyValueSpecification","valueRequired":true,"valueName":"search_term_string"}}],"inLanguage":"es"},{"@type":"Organization","@id":"https:\/\/colegioarquitectos.com\/noticias\/#organization","name":"COLEGIO DE ARQUITECTOS DE CHILE","url":"https:\/\/colegioarquitectos.com\/noticias\/","logo":{"@type":"ImageObject","inLanguage":"es","@id":"https:\/\/colegioarquitectos.com\/noticias\/#\/schema\/logo\/image\/","url":"https:\/\/colegioarquitectos.com\/noticias\/wp-content\/uploads\/2021\/05\/ENCABEZADO-LOGO-CA.jpg","contentUrl":"https:\/\/colegioarquitectos.com\/noticias\/wp-content\/uploads\/2021\/05\/ENCABEZADO-LOGO-CA.jpg","width":690,"height":350,"caption":"COLEGIO DE ARQUITECTOS DE CHILE"},"image":{"@id":"https:\/\/colegioarquitectos.com\/noticias\/#\/schema\/logo\/image\/"},"sameAs":["https:\/\/facebook.com\/Colegioarq\/","https:\/\/x.com\/colegioarq","https:\/\/instagram.com\/colegioarq","https:\/\/youtube.com\/@ColegiodeArquitectosdeChile"]},{"@type":"Person","@id":"https:\/\/colegioarquitectos.com\/noticias\/#\/schema\/person\/685cc0aad148303c5608f049af8285ad","name":"Colegio de Arquitectos de Chile","url":"https:\/\/colegioarquitectos.com\/noticias\/?author=4"}]}},"_links":{"self":[{"href":"https:\/\/colegioarquitectos.com\/noticias\/index.php?rest_route=\/wp\/v2\/posts\/30891","targetHints":{"allow":["GET"]}}],"collection":[{"href":"https:\/\/colegioarquitectos.com\/noticias\/index.php?rest_route=\/wp\/v2\/posts"}],"about":[{"href":"https:\/\/colegioarquitectos.com\/noticias\/index.php?rest_route=\/wp\/v2\/types\/post"}],"author":[{"embeddable":true,"href":"https:\/\/colegioarquitectos.com\/noticias\/index.php?rest_route=\/wp\/v2\/users\/4"}],"replies":[{"embeddable":true,"href":"https:\/\/colegioarquitectos.com\/noticias\/index.php?rest_route=%2Fwp%2Fv2%2Fcomments&post=30891"}],"version-history":[{"count":0,"href":"https:\/\/colegioarquitectos.com\/noticias\/index.php?rest_route=\/wp\/v2\/posts\/30891\/revisions"}],"wp:featuredmedia":[{"embeddable":true,"href":"https:\/\/colegioarquitectos.com\/noticias\/index.php?rest_route=\/wp\/v2\/media\/30892"}],"wp:attachment":[{"href":"https:\/\/colegioarquitectos.com\/noticias\/index.php?rest_route=%2Fwp%2Fv2%2Fmedia&parent=30891"}],"wp:term":[{"taxonomy":"category","embeddable":true,"href":"https:\/\/colegioarquitectos.com\/noticias\/index.php?rest_route=%2Fwp%2Fv2%2Fcategories&post=30891"},{"taxonomy":"post_tag","embeddable":true,"href":"https:\/\/colegioarquitectos.com\/noticias\/index.php?rest_route=%2Fwp%2Fv2%2Ftags&post=30891"}],"curies":[{"name":"wp","href":"https:\/\/api.w.org\/{rel}","templated":true}]}}