
{"id":30899,"date":"2023-09-25T11:02:46","date_gmt":"2023-09-25T15:02:46","guid":{"rendered":"https:\/\/colegioarquitectos.com\/?p=30899"},"modified":"2023-10-12T10:40:31","modified_gmt":"2023-10-12T14:40:31","slug":"comienza-periodo-de-postulaciones-al-premio-aporte-urbano-pau-2023","status":"publish","type":"post","link":"https:\/\/colegioarquitectos.com\/noticias\/?p=30899","title":{"rendered":"Postula al Premio Aporte Urbano (PAU) 2023"},"content":{"rendered":"<p>Por <strong>noveno a\u00f1o<\/strong> consecutivo, la<strong> C\u00e1mara Chilena de la Construcci\u00f3n<\/strong>, el <strong>ministerio de Vivienda y Urbanismo<\/strong>, el <strong>Consejo Nacional de Desarrollo Urbano<\/strong>, el <strong>Colegio de Arquitectos de Chile<\/strong>, la <strong>Asociaci\u00f3n de Oficinas de Arquitectos<\/strong> y la<strong> Asociaci\u00f3n de Desarrolladores Inmobiliarios<\/strong> desarrollan una nueva versi\u00f3n del <strong>Premio Aporte Urbano (PAU)<\/strong>.<\/p>\n<p>Hasta el <strong>lunes 23\u00a0de octubre<\/strong> se podr\u00e1 postular en alguna de las categor\u00edas que distinguir\u00e1 este a\u00f1o el <strong>PAU<\/strong>, cuyo prop\u00f3sito es <strong>reconocer, destacar e incentivar aquellos proyectos que constituyen un aporte de calidad a las ciudades chilenas<\/strong>.<\/p>\n<p>El director del PAU, <strong>Crist\u00f3bal Prado<\/strong>, asegur\u00f3 que este concurso, que se realiza por noveno a\u00f1o consecutivo, busca \u00abrelevar aquellos proyectos positivos que generan un aporte urbano a las ciudades, mostrarles a aquellas empresas mandantes que sus proyectos siempre pueden ser mejor, siempre pueden entregar algo m\u00e1s, y lo tercero, ayudar a decir que aquellos proyectos en los cuales integran la opini\u00f3n de las comunidades son mejores proyectos\u00bb.<\/p>\n<p>A lo largo de su historia, este concurso ha reconocido a <strong>m\u00e1s de 40 proyectos de diversas \u00edndoles y dimensiones, que han contribuido de manera destacada al desarrollo urbano<\/strong>.<\/p>\n<p>Las categor\u00edas que se premiar\u00e1n este a\u00f1o son:<\/p>\n<ol>\n<li><strong>Mejor Proyecto Inmobiliario de Densificaci\u00f3n Equilibrada.<\/strong><\/li>\n<li><strong>Mejor Proyecto de Integraci\u00f3n Social.<\/strong><\/li>\n<li><strong>Mejor Proyecto de Espacio de Uso P\u00fablico.<\/strong><\/li>\n<li><strong>Mejor Proyecto de Equipamiento Urbano.<\/strong><\/li>\n<li><strong>Mejor Proyecto de Edificio de Uso Mixto.<\/strong><\/li>\n<\/ol>\n<p>&nbsp;<\/p>\n<p>En esta nueva versi\u00f3n el jurado estar\u00e1 compuesto por nueve profesionales del \u00e1rea de la arquitectura, urbanismo, construcci\u00f3n y desarrollo inmobiliario, adem\u00e1s de un invitado externo para cada categor\u00eda.<\/p>\n<p>Para las empresas inmobiliarias, organismo p\u00fablico u otra instituci\u00f3n p\u00fablica o privada que est\u00e9n interesados en presentar sus proyectos, se encuentran disponibles las bases y especificaciones en el sitio web del concurso<strong><a href=\"http:\/\/www.premioaporteurbano.cl\"> www.premioaporteurbano.cl<\/a><\/strong><\/p>\n<p><strong>\u00a1No pierdas la oportunidad de postular y contribuir al desarrollo urbano sostenible de Chile!<\/strong><\/p>\n<p>&nbsp;<\/p>\n<p><\/p>","protected":false},"excerpt":{"rendered":"<p>Por noveno a\u00f1o consecutivo, la C\u00e1mara Chilena de la Construcci\u00f3n, el ministerio de Vivienda y Urbanismo, el Consejo Nacional de Desarrollo Urbano, el Colegio de Arquitectos de Chile, la Asociaci\u00f3n de Oficinas de Arquitectos y la Asociaci\u00f3n de Desarrolladores Inmobiliarios &hellip; <a class=\"more-link\" href=\"https:\/\/colegioarquitectos.com\/noticias\/?p=30899\">ver m\u00e1s<\/a><\/p>","protected":false},"author":4,"featured_media":31009,"comment_status":"closed","ping_status":"closed","sticky":false,"template":"","format":"standard","meta":{"footnotes":""},"categories":[11],"tags":[56,597,596,262],"class_list":["post-30899","post","type-post","status-publish","format-standard","has-post-thumbnail","hentry","category-concursos","tag-concurso","tag-novena-edicion","tag-pau","tag-premio-aporte-urbano"],"yoast_head":"<!-- This site is optimized with the Yoast SEO plugin v24.2 - https:\/\/yoast.com\/wordpress\/plugins\/seo\/ -->\n<title>Postula al Premio Aporte Urbano (PAU) 2023 - COLEGIO DE ARQUITECTOS DE CHILE<\/title>\n<meta name=\"robots\" content=\"index, follow, max-snippet:-1, max-image-preview:large, max-video-preview:-1\" \/>\n<link rel=\"canonical\" href=\"https:\/\/colegioarquitectos.com\/noticias\/?p=30899\" \/>\n<meta property=\"og:locale\" content=\"es_ES\" \/>\n<meta property=\"og:type\" content=\"article\" \/>\n<meta property=\"og:title\" content=\"Postula al Premio Aporte Urbano (PAU) 2023 - COLEGIO DE ARQUITECTOS DE CHILE\" \/>\n<meta property=\"og:description\" content=\"Por noveno a\u00f1o consecutivo, la C\u00e1mara Chilena de la Construcci\u00f3n, el ministerio de Vivienda y Urbanismo, el Consejo Nacional de Desarrollo Urbano, el Colegio de Arquitectos de Chile, la Asociaci\u00f3n de Oficinas de Arquitectos y la Asociaci\u00f3n de Desarrolladores Inmobiliarios &hellip; ver m\u00e1s\" \/>\n<meta property=\"og:url\" content=\"https:\/\/colegioarquitectos.com\/noticias\/?p=30899\" \/>\n<meta property=\"og:site_name\" content=\"COLEGIO DE ARQUITECTOS DE CHILE\" \/>\n<meta property=\"article:publisher\" content=\"https:\/\/facebook.com\/Colegioarq\/\" \/>\n<meta property=\"article:published_time\" content=\"2023-09-25T15:02:46+00:00\" \/>\n<meta property=\"article:modified_time\" content=\"2023-10-12T14:40:31+00:00\" \/>\n<meta property=\"og:image\" content=\"https:\/\/colegioarquitectos.com\/noticias\/wp-content\/uploads\/2023\/09\/Proyecto-nuevo.png\" \/>\n\t<meta property=\"og:image:width\" content=\"1280\" \/>\n\t<meta property=\"og:image:height\" content=\"720\" \/>\n\t<meta property=\"og:image:type\" content=\"image\/png\" \/>\n<meta name=\"author\" content=\"Colegio de Arquitectos de Chile\" \/>\n<meta name=\"twitter:card\" content=\"summary_large_image\" \/>\n<meta name=\"twitter:creator\" content=\"@colegioarq\" \/>\n<meta name=\"twitter:site\" content=\"@colegioarq\" \/>\n<meta name=\"twitter:label1\" content=\"Escrito por\" \/>\n\t<meta name=\"twitter:data1\" content=\"Colegio de Arquitectos de Chile\" \/>\n\t<meta name=\"twitter:label2\" content=\"Tiempo de lectura\" \/>\n\t<meta name=\"twitter:data2\" content=\"2 minutos\" \/>\n<script type=\"application\/ld+json\" class=\"yoast-schema-graph\">{\"@context\":\"https:\/\/schema.org\",\"@graph\":[{\"@type\":\"Article\",\"@id\":\"https:\/\/colegioarquitectos.com\/noticias\/?p=30899#article\",\"isPartOf\":{\"@id\":\"https:\/\/colegioarquitectos.com\/noticias\/?p=30899\"},\"author\":{\"name\":\"Colegio de Arquitectos de Chile\",\"@id\":\"https:\/\/colegioarquitectos.com\/noticias\/#\/schema\/person\/685cc0aad148303c5608f049af8285ad\"},\"headline\":\"Postula al Premio Aporte Urbano (PAU) 2023\",\"datePublished\":\"2023-09-25T15:02:46+00:00\",\"dateModified\":\"2023-10-12T14:40:31+00:00\",\"mainEntityOfPage\":{\"@id\":\"https:\/\/colegioarquitectos.com\/noticias\/?p=30899\"},\"wordCount\":335,\"publisher\":{\"@id\":\"https:\/\/colegioarquitectos.com\/noticias\/#organization\"},\"image\":{\"@id\":\"https:\/\/colegioarquitectos.com\/noticias\/?p=30899#primaryimage\"},\"thumbnailUrl\":\"https:\/\/colegioarquitectos.com\/noticias\/wp-content\/uploads\/2023\/09\/Proyecto-nuevo.png\",\"keywords\":[\"concurso\",\"novena edici\u00f3n\",\"PAU\",\"Premio Aporte Urbano\"],\"articleSection\":[\"Concursos\"],\"inLanguage\":\"es\"},{\"@type\":\"WebPage\",\"@id\":\"https:\/\/colegioarquitectos.com\/noticias\/?p=30899\",\"url\":\"https:\/\/colegioarquitectos.com\/noticias\/?p=30899\",\"name\":\"Postula al Premio Aporte Urbano (PAU) 2023 - COLEGIO DE ARQUITECTOS DE CHILE\",\"isPartOf\":{\"@id\":\"https:\/\/colegioarquitectos.com\/noticias\/#website\"},\"primaryImageOfPage\":{\"@id\":\"https:\/\/colegioarquitectos.com\/noticias\/?p=30899#primaryimage\"},\"image\":{\"@id\":\"https:\/\/colegioarquitectos.com\/noticias\/?p=30899#primaryimage\"},\"thumbnailUrl\":\"https:\/\/colegioarquitectos.com\/noticias\/wp-content\/uploads\/2023\/09\/Proyecto-nuevo.png\",\"datePublished\":\"2023-09-25T15:02:46+00:00\",\"dateModified\":\"2023-10-12T14:40:31+00:00\",\"breadcrumb\":{\"@id\":\"https:\/\/colegioarquitectos.com\/noticias\/?p=30899#breadcrumb\"},\"inLanguage\":\"es\",\"potentialAction\":[{\"@type\":\"ReadAction\",\"target\":[\"https:\/\/colegioarquitectos.com\/noticias\/?p=30899\"]}]},{\"@type\":\"ImageObject\",\"inLanguage\":\"es\",\"@id\":\"https:\/\/colegioarquitectos.com\/noticias\/?p=30899#primaryimage\",\"url\":\"https:\/\/colegioarquitectos.com\/noticias\/wp-content\/uploads\/2023\/09\/Proyecto-nuevo.png\",\"contentUrl\":\"https:\/\/colegioarquitectos.com\/noticias\/wp-content\/uploads\/2023\/09\/Proyecto-nuevo.png\",\"width\":1280,\"height\":720},{\"@type\":\"BreadcrumbList\",\"@id\":\"https:\/\/colegioarquitectos.com\/noticias\/?p=30899#breadcrumb\",\"itemListElement\":[{\"@type\":\"ListItem\",\"position\":1,\"name\":\"Portada\",\"item\":\"https:\/\/colegioarquitectos.com\/noticias\"},{\"@type\":\"ListItem\",\"position\":2,\"name\":\"Postula al Premio Aporte Urbano (PAU) 2023\"}]},{\"@type\":\"WebSite\",\"@id\":\"https:\/\/colegioarquitectos.com\/noticias\/#website\",\"url\":\"https:\/\/colegioarquitectos.com\/noticias\/\",\"name\":\"COLEGIO DE ARQUITECTOS DE CHILE\",\"description\":\"\",\"publisher\":{\"@id\":\"https:\/\/colegioarquitectos.com\/noticias\/#organization\"},\"potentialAction\":[{\"@type\":\"SearchAction\",\"target\":{\"@type\":\"EntryPoint\",\"urlTemplate\":\"https:\/\/colegioarquitectos.com\/noticias\/?s={search_term_string}\"},\"query-input\":{\"@type\":\"PropertyValueSpecification\",\"valueRequired\":true,\"valueName\":\"search_term_string\"}}],\"inLanguage\":\"es\"},{\"@type\":\"Organization\",\"@id\":\"https:\/\/colegioarquitectos.com\/noticias\/#organization\",\"name\":\"COLEGIO DE ARQUITECTOS DE CHILE\",\"url\":\"https:\/\/colegioarquitectos.com\/noticias\/\",\"logo\":{\"@type\":\"ImageObject\",\"inLanguage\":\"es\",\"@id\":\"https:\/\/colegioarquitectos.com\/noticias\/#\/schema\/logo\/image\/\",\"url\":\"https:\/\/colegioarquitectos.com\/noticias\/wp-content\/uploads\/2021\/05\/ENCABEZADO-LOGO-CA.jpg\",\"contentUrl\":\"https:\/\/colegioarquitectos.com\/noticias\/wp-content\/uploads\/2021\/05\/ENCABEZADO-LOGO-CA.jpg\",\"width\":690,\"height\":350,\"caption\":\"COLEGIO DE ARQUITECTOS DE CHILE\"},\"image\":{\"@id\":\"https:\/\/colegioarquitectos.com\/noticias\/#\/schema\/logo\/image\/\"},\"sameAs\":[\"https:\/\/facebook.com\/Colegioarq\/\",\"https:\/\/x.com\/colegioarq\",\"https:\/\/instagram.com\/colegioarq\",\"https:\/\/youtube.com\/@ColegiodeArquitectosdeChile\"]},{\"@type\":\"Person\",\"@id\":\"https:\/\/colegioarquitectos.com\/noticias\/#\/schema\/person\/685cc0aad148303c5608f049af8285ad\",\"name\":\"Colegio de Arquitectos de Chile\",\"url\":\"https:\/\/colegioarquitectos.com\/noticias\/?author=4\"}]}<\/script>\n<!-- \/ Yoast SEO plugin. -->","yoast_head_json":{"title":"Postula al Premio Aporte Urbano (PAU) 2023 - COLEGIO DE ARQUITECTOS DE CHILE","robots":{"index":"index","follow":"follow","max-snippet":"max-snippet:-1","max-image-preview":"max-image-preview:large","max-video-preview":"max-video-preview:-1"},"canonical":"https:\/\/colegioarquitectos.com\/noticias\/?p=30899","og_locale":"es_ES","og_type":"article","og_title":"Postula al Premio Aporte Urbano (PAU) 2023 - COLEGIO DE ARQUITECTOS DE CHILE","og_description":"Por noveno a\u00f1o consecutivo, la C\u00e1mara Chilena de la Construcci\u00f3n, el ministerio de Vivienda y Urbanismo, el Consejo Nacional de Desarrollo Urbano, el Colegio de Arquitectos de Chile, la Asociaci\u00f3n de Oficinas de Arquitectos y la Asociaci\u00f3n de Desarrolladores Inmobiliarios &hellip; ver m\u00e1s","og_url":"https:\/\/colegioarquitectos.com\/noticias\/?p=30899","og_site_name":"COLEGIO DE ARQUITECTOS DE CHILE","article_publisher":"https:\/\/facebook.com\/Colegioarq\/","article_published_time":"2023-09-25T15:02:46+00:00","article_modified_time":"2023-10-12T14:40:31+00:00","og_image":[{"width":1280,"height":720,"url":"https:\/\/colegioarquitectos.com\/noticias\/wp-content\/uploads\/2023\/09\/Proyecto-nuevo.png","type":"image\/png"}],"author":"Colegio de Arquitectos de Chile","twitter_card":"summary_large_image","twitter_creator":"@colegioarq","twitter_site":"@colegioarq","twitter_misc":{"Escrito por":"Colegio de Arquitectos de Chile","Tiempo de lectura":"2 minutos"},"schema":{"@context":"https:\/\/schema.org","@graph":[{"@type":"Article","@id":"https:\/\/colegioarquitectos.com\/noticias\/?p=30899#article","isPartOf":{"@id":"https:\/\/colegioarquitectos.com\/noticias\/?p=30899"},"author":{"name":"Colegio de Arquitectos de Chile","@id":"https:\/\/colegioarquitectos.com\/noticias\/#\/schema\/person\/685cc0aad148303c5608f049af8285ad"},"headline":"Postula al Premio Aporte Urbano (PAU) 2023","datePublished":"2023-09-25T15:02:46+00:00","dateModified":"2023-10-12T14:40:31+00:00","mainEntityOfPage":{"@id":"https:\/\/colegioarquitectos.com\/noticias\/?p=30899"},"wordCount":335,"publisher":{"@id":"https:\/\/colegioarquitectos.com\/noticias\/#organization"},"image":{"@id":"https:\/\/colegioarquitectos.com\/noticias\/?p=30899#primaryimage"},"thumbnailUrl":"https:\/\/colegioarquitectos.com\/noticias\/wp-content\/uploads\/2023\/09\/Proyecto-nuevo.png","keywords":["concurso","novena edici\u00f3n","PAU","Premio Aporte Urbano"],"articleSection":["Concursos"],"inLanguage":"es"},{"@type":"WebPage","@id":"https:\/\/colegioarquitectos.com\/noticias\/?p=30899","url":"https:\/\/colegioarquitectos.com\/noticias\/?p=30899","name":"Postula al Premio Aporte Urbano (PAU) 2023 - COLEGIO DE ARQUITECTOS DE CHILE","isPartOf":{"@id":"https:\/\/colegioarquitectos.com\/noticias\/#website"},"primaryImageOfPage":{"@id":"https:\/\/colegioarquitectos.com\/noticias\/?p=30899#primaryimage"},"image":{"@id":"https:\/\/colegioarquitectos.com\/noticias\/?p=30899#primaryimage"},"thumbnailUrl":"https:\/\/colegioarquitectos.com\/noticias\/wp-content\/uploads\/2023\/09\/Proyecto-nuevo.png","datePublished":"2023-09-25T15:02:46+00:00","dateModified":"2023-10-12T14:40:31+00:00","breadcrumb":{"@id":"https:\/\/colegioarquitectos.com\/noticias\/?p=30899#breadcrumb"},"inLanguage":"es","potentialAction":[{"@type":"ReadAction","target":["https:\/\/colegioarquitectos.com\/noticias\/?p=30899"]}]},{"@type":"ImageObject","inLanguage":"es","@id":"https:\/\/colegioarquitectos.com\/noticias\/?p=30899#primaryimage","url":"https:\/\/colegioarquitectos.com\/noticias\/wp-content\/uploads\/2023\/09\/Proyecto-nuevo.png","contentUrl":"https:\/\/colegioarquitectos.com\/noticias\/wp-content\/uploads\/2023\/09\/Proyecto-nuevo.png","width":1280,"height":720},{"@type":"BreadcrumbList","@id":"https:\/\/colegioarquitectos.com\/noticias\/?p=30899#breadcrumb","itemListElement":[{"@type":"ListItem","position":1,"name":"Portada","item":"https:\/\/colegioarquitectos.com\/noticias"},{"@type":"ListItem","position":2,"name":"Postula al Premio Aporte Urbano (PAU) 2023"}]},{"@type":"WebSite","@id":"https:\/\/colegioarquitectos.com\/noticias\/#website","url":"https:\/\/colegioarquitectos.com\/noticias\/","name":"COLEGIO DE ARQUITECTOS DE CHILE","description":"","publisher":{"@id":"https:\/\/colegioarquitectos.com\/noticias\/#organization"},"potentialAction":[{"@type":"SearchAction","target":{"@type":"EntryPoint","urlTemplate":"https:\/\/colegioarquitectos.com\/noticias\/?s={search_term_string}"},"query-input":{"@type":"PropertyValueSpecification","valueRequired":true,"valueName":"search_term_string"}}],"inLanguage":"es"},{"@type":"Organization","@id":"https:\/\/colegioarquitectos.com\/noticias\/#organization","name":"COLEGIO DE ARQUITECTOS DE CHILE","url":"https:\/\/colegioarquitectos.com\/noticias\/","logo":{"@type":"ImageObject","inLanguage":"es","@id":"https:\/\/colegioarquitectos.com\/noticias\/#\/schema\/logo\/image\/","url":"https:\/\/colegioarquitectos.com\/noticias\/wp-content\/uploads\/2021\/05\/ENCABEZADO-LOGO-CA.jpg","contentUrl":"https:\/\/colegioarquitectos.com\/noticias\/wp-content\/uploads\/2021\/05\/ENCABEZADO-LOGO-CA.jpg","width":690,"height":350,"caption":"COLEGIO DE ARQUITECTOS DE CHILE"},"image":{"@id":"https:\/\/colegioarquitectos.com\/noticias\/#\/schema\/logo\/image\/"},"sameAs":["https:\/\/facebook.com\/Colegioarq\/","https:\/\/x.com\/colegioarq","https:\/\/instagram.com\/colegioarq","https:\/\/youtube.com\/@ColegiodeArquitectosdeChile"]},{"@type":"Person","@id":"https:\/\/colegioarquitectos.com\/noticias\/#\/schema\/person\/685cc0aad148303c5608f049af8285ad","name":"Colegio de Arquitectos de Chile","url":"https:\/\/colegioarquitectos.com\/noticias\/?author=4"}]}},"_links":{"self":[{"href":"https:\/\/colegioarquitectos.com\/noticias\/index.php?rest_route=\/wp\/v2\/posts\/30899","targetHints":{"allow":["GET"]}}],"collection":[{"href":"https:\/\/colegioarquitectos.com\/noticias\/index.php?rest_route=\/wp\/v2\/posts"}],"about":[{"href":"https:\/\/colegioarquitectos.com\/noticias\/index.php?rest_route=\/wp\/v2\/types\/post"}],"author":[{"embeddable":true,"href":"https:\/\/colegioarquitectos.com\/noticias\/index.php?rest_route=\/wp\/v2\/users\/4"}],"replies":[{"embeddable":true,"href":"https:\/\/colegioarquitectos.com\/noticias\/index.php?rest_route=%2Fwp%2Fv2%2Fcomments&post=30899"}],"version-history":[{"count":0,"href":"https:\/\/colegioarquitectos.com\/noticias\/index.php?rest_route=\/wp\/v2\/posts\/30899\/revisions"}],"wp:featuredmedia":[{"embeddable":true,"href":"https:\/\/colegioarquitectos.com\/noticias\/index.php?rest_route=\/wp\/v2\/media\/31009"}],"wp:attachment":[{"href":"https:\/\/colegioarquitectos.com\/noticias\/index.php?rest_route=%2Fwp%2Fv2%2Fmedia&parent=30899"}],"wp:term":[{"taxonomy":"category","embeddable":true,"href":"https:\/\/colegioarquitectos.com\/noticias\/index.php?rest_route=%2Fwp%2Fv2%2Fcategories&post=30899"},{"taxonomy":"post_tag","embeddable":true,"href":"https:\/\/colegioarquitectos.com\/noticias\/index.php?rest_route=%2Fwp%2Fv2%2Ftags&post=30899"}],"curies":[{"name":"wp","href":"https:\/\/api.w.org\/{rel}","templated":true}]}}