
{"id":30905,"date":"2023-09-26T10:18:42","date_gmt":"2023-09-26T14:18:42","guid":{"rendered":"https:\/\/colegioarquitectos.com\/?p=30905"},"modified":"2023-09-26T10:18:42","modified_gmt":"2023-09-26T14:18:42","slug":"se-abre-convocatoria-para-los-premios-de-conservacion-de-monumentos-nacionales-2023","status":"publish","type":"post","link":"https:\/\/colegioarquitectos.com\/noticias\/?p=30905","title":{"rendered":"Se abre convocatoria para los Premios de Conservaci\u00f3n de Monumentos Nacionales 2023"},"content":{"rendered":"<p>El <strong>Consejo de Monumentos Nacionales de Chile (CMN)<\/strong>, dependiente del <strong>Ministerio de las Culturas, las Artes y el Patrimonio<\/strong>, anunci\u00f3 que ya est\u00e1 abierta la convocatoria a los <strong>Premios de Conservaci\u00f3n de Monumentos Nacionales 2023<\/strong>, un reconocimiento anual y p\u00fablico, que desde <strong>1997<\/strong> se entrega a <strong>personas, organizaciones sociales, empresas, instituciones y proyectos que hayan efectuado un aporte significativo en el \u00e1mbito de la protecci\u00f3n, puesta en valor, restauraci\u00f3n, conservaci\u00f3n y\/o difusi\u00f3n del Patrimonio Cultural<\/strong>, protegido en el marco de la <strong>Ley N\u00b0 17.288<\/strong> de Monumentos Nacionales.<\/p>\n<p>Las categor\u00edas del galard\u00f3n este a\u00f1o se clasifican en dos: <strong>personas u organizaci\u00f3n y Proyectos de Intervenci\u00f3n o Gesti\u00f3n P\u00fablico o Privado<\/strong>.<\/p>\n<p>Respecto de las personas u organizaciones, se trata de relevar sus <strong>aportes a la puesta en valor de Monumentos Nacionales, tanto en restauraci\u00f3n, conservaci\u00f3n, educaci\u00f3n y\/o difusi\u00f3n<\/strong>. En cuanto a los proyectos de intervenci\u00f3n o gesti\u00f3n en monumentos nacionales, <strong>estos pueden ser en Monumentos Nacionales muebles e inmuebles ejecutados, que destaquen por su calidad y aporte a la conservaci\u00f3n del bien, por su influencia positiva en su entorno, por su alcance regional o nacional y\/o por su beneficio a una comunidad.<\/strong><\/p>\n<p><strong>Este premio es de car\u00e1cter p\u00fablico y cualquier persona u organizaci\u00f3n p\u00fablica o privada puede presentar postulaciones entre el martes 12 de septiembre y el viernes 29 de septiembre de 2023, a las 23:59 horas.<\/strong><\/p>\n<p>El Consejo nombrar\u00e1 una <strong>Comisi\u00f3n de Concurso<\/strong>, elegidos entre los consejeros y representantes de las \u00e1reas t\u00e9cnicas del CMN, que revisar\u00e1 la admisibilidad de las propuestas, evaluar\u00e1 las iniciativas y<strong> llevar\u00e1 a votaci\u00f3n ante el jurado, compuesto por las y los integrantes del Consejo de Monumentos Nacionales, quienes votar\u00e1n en su sesi\u00f3n plenaria extraordinaria el 11 de octubre del 2023<\/strong>.<\/p>\n<p>La entrega del premio se realizar\u00e1 en una ceremonia en el marco del aniversario del Consejo de Monumentos Nacionales, en octubre, <strong>ocasi\u00f3n en que los galardonados recibir\u00e1n un galvano<\/strong>.<\/p>\n<p>Las bases del premio y formularios de postulaci\u00f3n est\u00e1n disponibles en el sitio web <a href=\"http:\/\/www.monumentos.gob.cl\"><strong>www.monumentos.gob.cl<\/strong><\/a>.<\/p>\n<p>Las postulaciones y su documentaci\u00f3n podr\u00e1n ser presentadas en formato f\u00edsico en <strong>Hu\u00e9rfanos 1515<\/strong>, Santiago Centro; o mediante formato digital al correo <strong><a href=\"mailto:difusion@monumentos.gob.cl\">difusion@monumentos.gob.cl<\/a><\/strong>, <strong>donde adem\u00e1s se canalizar\u00e1n las consultas hasta 15:00 horas del jueves 29 de septiembre de 2023<\/strong>.<\/p>\n<p>&nbsp;<\/p>\n<p><\/p>","protected":false},"excerpt":{"rendered":"<p>El Consejo de Monumentos Nacionales de Chile (CMN), dependiente del Ministerio de las Culturas, las Artes y el Patrimonio, anunci\u00f3 que ya est\u00e1 abierta la convocatoria a los Premios de Conservaci\u00f3n de Monumentos Nacionales 2023, un reconocimiento anual y p\u00fablico, &hellip; <a class=\"more-link\" href=\"https:\/\/colegioarquitectos.com\/noticias\/?p=30905\">ver m\u00e1s<\/a><\/p>","protected":false},"author":4,"featured_media":30906,"comment_status":"closed","ping_status":"closed","sticky":false,"template":"","format":"standard","meta":{"footnotes":""},"categories":[11],"tags":[636,56,635,637,371,634,633],"class_list":["post-30905","post","type-post","status-publish","format-standard","has-post-thumbnail","hentry","category-concursos","tag-cmn","tag-concurso","tag-consejo-de-monumentos-nacionales-de-chile","tag-monumentos-nacionales","tag-patrimonio-cultural","tag-premios-de-conservacion-de-monumentos-nacionales","tag-premios-de-conservacion-de-monumentos-nacionales-2023"],"yoast_head":"<!-- This site is optimized with the Yoast SEO plugin v24.2 - https:\/\/yoast.com\/wordpress\/plugins\/seo\/ -->\n<title>Se abre convocatoria para los Premios de Conservaci\u00f3n de Monumentos Nacionales 2023 - COLEGIO DE ARQUITECTOS DE CHILE<\/title>\n<meta name=\"robots\" content=\"index, follow, max-snippet:-1, max-image-preview:large, max-video-preview:-1\" \/>\n<link rel=\"canonical\" href=\"https:\/\/colegioarquitectos.com\/noticias\/?p=30905\" \/>\n<meta property=\"og:locale\" content=\"es_ES\" \/>\n<meta property=\"og:type\" content=\"article\" \/>\n<meta property=\"og:title\" content=\"Se abre convocatoria para los Premios de Conservaci\u00f3n de Monumentos Nacionales 2023 - COLEGIO DE ARQUITECTOS DE CHILE\" \/>\n<meta property=\"og:description\" content=\"El Consejo de Monumentos Nacionales de Chile (CMN), dependiente del Ministerio de las Culturas, las Artes y el Patrimonio, anunci\u00f3 que ya est\u00e1 abierta la convocatoria a los Premios de Conservaci\u00f3n de Monumentos Nacionales 2023, un reconocimiento anual y p\u00fablico, &hellip; ver m\u00e1s\" \/>\n<meta property=\"og:url\" content=\"https:\/\/colegioarquitectos.com\/noticias\/?p=30905\" \/>\n<meta property=\"og:site_name\" content=\"COLEGIO DE ARQUITECTOS DE CHILE\" \/>\n<meta property=\"article:publisher\" content=\"https:\/\/facebook.com\/Colegioarq\/\" \/>\n<meta property=\"article:published_time\" content=\"2023-09-26T14:18:42+00:00\" \/>\n<meta property=\"og:image\" content=\"https:\/\/colegioarquitectos.com\/noticias\/wp-content\/uploads\/2023\/09\/PORTADA-OREMIO-MONUMENTOS.jpg\" \/>\n\t<meta property=\"og:image:width\" content=\"1280\" \/>\n\t<meta property=\"og:image:height\" content=\"720\" \/>\n\t<meta property=\"og:image:type\" content=\"image\/jpeg\" \/>\n<meta name=\"author\" content=\"Colegio de Arquitectos de Chile\" \/>\n<meta name=\"twitter:card\" content=\"summary_large_image\" \/>\n<meta name=\"twitter:creator\" content=\"@colegioarq\" \/>\n<meta name=\"twitter:site\" content=\"@colegioarq\" \/>\n<meta name=\"twitter:label1\" content=\"Escrito por\" \/>\n\t<meta name=\"twitter:data1\" content=\"Colegio de Arquitectos de Chile\" \/>\n\t<meta name=\"twitter:label2\" content=\"Tiempo de lectura\" \/>\n\t<meta name=\"twitter:data2\" content=\"2 minutos\" \/>\n<script type=\"application\/ld+json\" class=\"yoast-schema-graph\">{\"@context\":\"https:\/\/schema.org\",\"@graph\":[{\"@type\":\"Article\",\"@id\":\"https:\/\/colegioarquitectos.com\/noticias\/?p=30905#article\",\"isPartOf\":{\"@id\":\"https:\/\/colegioarquitectos.com\/noticias\/?p=30905\"},\"author\":{\"name\":\"Colegio de Arquitectos de Chile\",\"@id\":\"https:\/\/colegioarquitectos.com\/noticias\/#\/schema\/person\/685cc0aad148303c5608f049af8285ad\"},\"headline\":\"Se abre convocatoria para los Premios de Conservaci\u00f3n de Monumentos Nacionales 2023\",\"datePublished\":\"2023-09-26T14:18:42+00:00\",\"dateModified\":\"2023-09-26T14:18:42+00:00\",\"mainEntityOfPage\":{\"@id\":\"https:\/\/colegioarquitectos.com\/noticias\/?p=30905\"},\"wordCount\":416,\"publisher\":{\"@id\":\"https:\/\/colegioarquitectos.com\/noticias\/#organization\"},\"image\":{\"@id\":\"https:\/\/colegioarquitectos.com\/noticias\/?p=30905#primaryimage\"},\"thumbnailUrl\":\"https:\/\/colegioarquitectos.com\/noticias\/wp-content\/uploads\/2023\/09\/PORTADA-OREMIO-MONUMENTOS.jpg\",\"keywords\":[\"CMN\",\"concurso\",\"Consejo de Monumentos Nacionales de Chile\",\"Monumentos Nacionales\",\"Patrimonio Cultural\",\"Premios de Conservaci\u00f3n de Monumentos Nacionales\",\"Premios de Conservaci\u00f3n de Monumentos Nacionales 2023\"],\"articleSection\":[\"Concursos\"],\"inLanguage\":\"es\"},{\"@type\":\"WebPage\",\"@id\":\"https:\/\/colegioarquitectos.com\/noticias\/?p=30905\",\"url\":\"https:\/\/colegioarquitectos.com\/noticias\/?p=30905\",\"name\":\"Se abre convocatoria para los Premios de Conservaci\u00f3n de Monumentos Nacionales 2023 - COLEGIO DE ARQUITECTOS DE CHILE\",\"isPartOf\":{\"@id\":\"https:\/\/colegioarquitectos.com\/noticias\/#website\"},\"primaryImageOfPage\":{\"@id\":\"https:\/\/colegioarquitectos.com\/noticias\/?p=30905#primaryimage\"},\"image\":{\"@id\":\"https:\/\/colegioarquitectos.com\/noticias\/?p=30905#primaryimage\"},\"thumbnailUrl\":\"https:\/\/colegioarquitectos.com\/noticias\/wp-content\/uploads\/2023\/09\/PORTADA-OREMIO-MONUMENTOS.jpg\",\"datePublished\":\"2023-09-26T14:18:42+00:00\",\"dateModified\":\"2023-09-26T14:18:42+00:00\",\"breadcrumb\":{\"@id\":\"https:\/\/colegioarquitectos.com\/noticias\/?p=30905#breadcrumb\"},\"inLanguage\":\"es\",\"potentialAction\":[{\"@type\":\"ReadAction\",\"target\":[\"https:\/\/colegioarquitectos.com\/noticias\/?p=30905\"]}]},{\"@type\":\"ImageObject\",\"inLanguage\":\"es\",\"@id\":\"https:\/\/colegioarquitectos.com\/noticias\/?p=30905#primaryimage\",\"url\":\"https:\/\/colegioarquitectos.com\/noticias\/wp-content\/uploads\/2023\/09\/PORTADA-OREMIO-MONUMENTOS.jpg\",\"contentUrl\":\"https:\/\/colegioarquitectos.com\/noticias\/wp-content\/uploads\/2023\/09\/PORTADA-OREMIO-MONUMENTOS.jpg\",\"width\":1280,\"height\":720},{\"@type\":\"BreadcrumbList\",\"@id\":\"https:\/\/colegioarquitectos.com\/noticias\/?p=30905#breadcrumb\",\"itemListElement\":[{\"@type\":\"ListItem\",\"position\":1,\"name\":\"Portada\",\"item\":\"https:\/\/colegioarquitectos.com\/noticias\"},{\"@type\":\"ListItem\",\"position\":2,\"name\":\"Se abre convocatoria para los Premios de Conservaci\u00f3n de Monumentos Nacionales 2023\"}]},{\"@type\":\"WebSite\",\"@id\":\"https:\/\/colegioarquitectos.com\/noticias\/#website\",\"url\":\"https:\/\/colegioarquitectos.com\/noticias\/\",\"name\":\"COLEGIO DE ARQUITECTOS DE CHILE\",\"description\":\"\",\"publisher\":{\"@id\":\"https:\/\/colegioarquitectos.com\/noticias\/#organization\"},\"potentialAction\":[{\"@type\":\"SearchAction\",\"target\":{\"@type\":\"EntryPoint\",\"urlTemplate\":\"https:\/\/colegioarquitectos.com\/noticias\/?s={search_term_string}\"},\"query-input\":{\"@type\":\"PropertyValueSpecification\",\"valueRequired\":true,\"valueName\":\"search_term_string\"}}],\"inLanguage\":\"es\"},{\"@type\":\"Organization\",\"@id\":\"https:\/\/colegioarquitectos.com\/noticias\/#organization\",\"name\":\"COLEGIO DE ARQUITECTOS DE CHILE\",\"url\":\"https:\/\/colegioarquitectos.com\/noticias\/\",\"logo\":{\"@type\":\"ImageObject\",\"inLanguage\":\"es\",\"@id\":\"https:\/\/colegioarquitectos.com\/noticias\/#\/schema\/logo\/image\/\",\"url\":\"https:\/\/colegioarquitectos.com\/noticias\/wp-content\/uploads\/2021\/05\/ENCABEZADO-LOGO-CA.jpg\",\"contentUrl\":\"https:\/\/colegioarquitectos.com\/noticias\/wp-content\/uploads\/2021\/05\/ENCABEZADO-LOGO-CA.jpg\",\"width\":690,\"height\":350,\"caption\":\"COLEGIO DE ARQUITECTOS DE CHILE\"},\"image\":{\"@id\":\"https:\/\/colegioarquitectos.com\/noticias\/#\/schema\/logo\/image\/\"},\"sameAs\":[\"https:\/\/facebook.com\/Colegioarq\/\",\"https:\/\/x.com\/colegioarq\",\"https:\/\/instagram.com\/colegioarq\",\"https:\/\/youtube.com\/@ColegiodeArquitectosdeChile\"]},{\"@type\":\"Person\",\"@id\":\"https:\/\/colegioarquitectos.com\/noticias\/#\/schema\/person\/685cc0aad148303c5608f049af8285ad\",\"name\":\"Colegio de Arquitectos de Chile\",\"url\":\"https:\/\/colegioarquitectos.com\/noticias\/?author=4\"}]}<\/script>\n<!-- \/ Yoast SEO plugin. -->","yoast_head_json":{"title":"Se abre convocatoria para los Premios de Conservaci\u00f3n de Monumentos Nacionales 2023 - COLEGIO DE ARQUITECTOS DE CHILE","robots":{"index":"index","follow":"follow","max-snippet":"max-snippet:-1","max-image-preview":"max-image-preview:large","max-video-preview":"max-video-preview:-1"},"canonical":"https:\/\/colegioarquitectos.com\/noticias\/?p=30905","og_locale":"es_ES","og_type":"article","og_title":"Se abre convocatoria para los Premios de Conservaci\u00f3n de Monumentos Nacionales 2023 - COLEGIO DE ARQUITECTOS DE CHILE","og_description":"El Consejo de Monumentos Nacionales de Chile (CMN), dependiente del Ministerio de las Culturas, las Artes y el Patrimonio, anunci\u00f3 que ya est\u00e1 abierta la convocatoria a los Premios de Conservaci\u00f3n de Monumentos Nacionales 2023, un reconocimiento anual y p\u00fablico, &hellip; ver m\u00e1s","og_url":"https:\/\/colegioarquitectos.com\/noticias\/?p=30905","og_site_name":"COLEGIO DE ARQUITECTOS DE CHILE","article_publisher":"https:\/\/facebook.com\/Colegioarq\/","article_published_time":"2023-09-26T14:18:42+00:00","og_image":[{"width":1280,"height":720,"url":"https:\/\/colegioarquitectos.com\/noticias\/wp-content\/uploads\/2023\/09\/PORTADA-OREMIO-MONUMENTOS.jpg","type":"image\/jpeg"}],"author":"Colegio de Arquitectos de Chile","twitter_card":"summary_large_image","twitter_creator":"@colegioarq","twitter_site":"@colegioarq","twitter_misc":{"Escrito por":"Colegio de Arquitectos de Chile","Tiempo de lectura":"2 minutos"},"schema":{"@context":"https:\/\/schema.org","@graph":[{"@type":"Article","@id":"https:\/\/colegioarquitectos.com\/noticias\/?p=30905#article","isPartOf":{"@id":"https:\/\/colegioarquitectos.com\/noticias\/?p=30905"},"author":{"name":"Colegio de Arquitectos de Chile","@id":"https:\/\/colegioarquitectos.com\/noticias\/#\/schema\/person\/685cc0aad148303c5608f049af8285ad"},"headline":"Se abre convocatoria para los Premios de Conservaci\u00f3n de Monumentos Nacionales 2023","datePublished":"2023-09-26T14:18:42+00:00","dateModified":"2023-09-26T14:18:42+00:00","mainEntityOfPage":{"@id":"https:\/\/colegioarquitectos.com\/noticias\/?p=30905"},"wordCount":416,"publisher":{"@id":"https:\/\/colegioarquitectos.com\/noticias\/#organization"},"image":{"@id":"https:\/\/colegioarquitectos.com\/noticias\/?p=30905#primaryimage"},"thumbnailUrl":"https:\/\/colegioarquitectos.com\/noticias\/wp-content\/uploads\/2023\/09\/PORTADA-OREMIO-MONUMENTOS.jpg","keywords":["CMN","concurso","Consejo de Monumentos Nacionales de Chile","Monumentos Nacionales","Patrimonio Cultural","Premios de Conservaci\u00f3n de Monumentos Nacionales","Premios de Conservaci\u00f3n de Monumentos Nacionales 2023"],"articleSection":["Concursos"],"inLanguage":"es"},{"@type":"WebPage","@id":"https:\/\/colegioarquitectos.com\/noticias\/?p=30905","url":"https:\/\/colegioarquitectos.com\/noticias\/?p=30905","name":"Se abre convocatoria para los Premios de Conservaci\u00f3n de Monumentos Nacionales 2023 - COLEGIO DE ARQUITECTOS DE CHILE","isPartOf":{"@id":"https:\/\/colegioarquitectos.com\/noticias\/#website"},"primaryImageOfPage":{"@id":"https:\/\/colegioarquitectos.com\/noticias\/?p=30905#primaryimage"},"image":{"@id":"https:\/\/colegioarquitectos.com\/noticias\/?p=30905#primaryimage"},"thumbnailUrl":"https:\/\/colegioarquitectos.com\/noticias\/wp-content\/uploads\/2023\/09\/PORTADA-OREMIO-MONUMENTOS.jpg","datePublished":"2023-09-26T14:18:42+00:00","dateModified":"2023-09-26T14:18:42+00:00","breadcrumb":{"@id":"https:\/\/colegioarquitectos.com\/noticias\/?p=30905#breadcrumb"},"inLanguage":"es","potentialAction":[{"@type":"ReadAction","target":["https:\/\/colegioarquitectos.com\/noticias\/?p=30905"]}]},{"@type":"ImageObject","inLanguage":"es","@id":"https:\/\/colegioarquitectos.com\/noticias\/?p=30905#primaryimage","url":"https:\/\/colegioarquitectos.com\/noticias\/wp-content\/uploads\/2023\/09\/PORTADA-OREMIO-MONUMENTOS.jpg","contentUrl":"https:\/\/colegioarquitectos.com\/noticias\/wp-content\/uploads\/2023\/09\/PORTADA-OREMIO-MONUMENTOS.jpg","width":1280,"height":720},{"@type":"BreadcrumbList","@id":"https:\/\/colegioarquitectos.com\/noticias\/?p=30905#breadcrumb","itemListElement":[{"@type":"ListItem","position":1,"name":"Portada","item":"https:\/\/colegioarquitectos.com\/noticias"},{"@type":"ListItem","position":2,"name":"Se abre convocatoria para los Premios de Conservaci\u00f3n de Monumentos Nacionales 2023"}]},{"@type":"WebSite","@id":"https:\/\/colegioarquitectos.com\/noticias\/#website","url":"https:\/\/colegioarquitectos.com\/noticias\/","name":"COLEGIO DE ARQUITECTOS DE CHILE","description":"","publisher":{"@id":"https:\/\/colegioarquitectos.com\/noticias\/#organization"},"potentialAction":[{"@type":"SearchAction","target":{"@type":"EntryPoint","urlTemplate":"https:\/\/colegioarquitectos.com\/noticias\/?s={search_term_string}"},"query-input":{"@type":"PropertyValueSpecification","valueRequired":true,"valueName":"search_term_string"}}],"inLanguage":"es"},{"@type":"Organization","@id":"https:\/\/colegioarquitectos.com\/noticias\/#organization","name":"COLEGIO DE ARQUITECTOS DE CHILE","url":"https:\/\/colegioarquitectos.com\/noticias\/","logo":{"@type":"ImageObject","inLanguage":"es","@id":"https:\/\/colegioarquitectos.com\/noticias\/#\/schema\/logo\/image\/","url":"https:\/\/colegioarquitectos.com\/noticias\/wp-content\/uploads\/2021\/05\/ENCABEZADO-LOGO-CA.jpg","contentUrl":"https:\/\/colegioarquitectos.com\/noticias\/wp-content\/uploads\/2021\/05\/ENCABEZADO-LOGO-CA.jpg","width":690,"height":350,"caption":"COLEGIO DE ARQUITECTOS DE CHILE"},"image":{"@id":"https:\/\/colegioarquitectos.com\/noticias\/#\/schema\/logo\/image\/"},"sameAs":["https:\/\/facebook.com\/Colegioarq\/","https:\/\/x.com\/colegioarq","https:\/\/instagram.com\/colegioarq","https:\/\/youtube.com\/@ColegiodeArquitectosdeChile"]},{"@type":"Person","@id":"https:\/\/colegioarquitectos.com\/noticias\/#\/schema\/person\/685cc0aad148303c5608f049af8285ad","name":"Colegio de Arquitectos de Chile","url":"https:\/\/colegioarquitectos.com\/noticias\/?author=4"}]}},"_links":{"self":[{"href":"https:\/\/colegioarquitectos.com\/noticias\/index.php?rest_route=\/wp\/v2\/posts\/30905","targetHints":{"allow":["GET"]}}],"collection":[{"href":"https:\/\/colegioarquitectos.com\/noticias\/index.php?rest_route=\/wp\/v2\/posts"}],"about":[{"href":"https:\/\/colegioarquitectos.com\/noticias\/index.php?rest_route=\/wp\/v2\/types\/post"}],"author":[{"embeddable":true,"href":"https:\/\/colegioarquitectos.com\/noticias\/index.php?rest_route=\/wp\/v2\/users\/4"}],"replies":[{"embeddable":true,"href":"https:\/\/colegioarquitectos.com\/noticias\/index.php?rest_route=%2Fwp%2Fv2%2Fcomments&post=30905"}],"version-history":[{"count":0,"href":"https:\/\/colegioarquitectos.com\/noticias\/index.php?rest_route=\/wp\/v2\/posts\/30905\/revisions"}],"wp:featuredmedia":[{"embeddable":true,"href":"https:\/\/colegioarquitectos.com\/noticias\/index.php?rest_route=\/wp\/v2\/media\/30906"}],"wp:attachment":[{"href":"https:\/\/colegioarquitectos.com\/noticias\/index.php?rest_route=%2Fwp%2Fv2%2Fmedia&parent=30905"}],"wp:term":[{"taxonomy":"category","embeddable":true,"href":"https:\/\/colegioarquitectos.com\/noticias\/index.php?rest_route=%2Fwp%2Fv2%2Fcategories&post=30905"},{"taxonomy":"post_tag","embeddable":true,"href":"https:\/\/colegioarquitectos.com\/noticias\/index.php?rest_route=%2Fwp%2Fv2%2Ftags&post=30905"}],"curies":[{"name":"wp","href":"https:\/\/api.w.org\/{rel}","templated":true}]}}