
{"id":31189,"date":"2023-11-22T20:58:32","date_gmt":"2023-11-23T00:58:32","guid":{"rendered":"https:\/\/colegioarquitectos.com\/?p=31189"},"modified":"2023-11-27T11:41:53","modified_gmt":"2023-11-27T15:41:53","slug":"nos-vemos-en-concepcion-datos-claves-y-orientaciones-para-el-26-congreso-nacional-de-arquitectos","status":"publish","type":"post","link":"https:\/\/colegioarquitectos.com\/noticias\/?p=31189","title":{"rendered":"\u00a1Nos vemos en Concepci\u00f3n! Datos, claves y orientaciones para el 26\u00b0 Congreso Nacional de Arquitectos"},"content":{"rendered":"<p>El pr\u00f3ximo <strong>jueves 30 de noviembre<\/strong> tendr\u00e1 su jornada inaugural el <strong>26\u00b0 Congreso Nacional de Arquitectos<\/strong> del <strong>Colegio de Arquitectos de Chile (CA)<\/strong>, el cual se realizar\u00e1 en <strong>Concepci\u00f3n<\/strong>, la ciudad que alberg\u00f3 el <strong>Primer Congreso Nacional de Arquitectos en 1950<\/strong>.<\/p>\n<p>La instancia, organizada junto a la <strong>Delegaci\u00f3n Zonal Concepci\u00f3n<\/strong>, se extender\u00e1 por <strong>tres d\u00edas<\/strong>,\u00a0 abordar\u00e1 tem\u00e1ticas claves para el futuro de nuestra disciplina y girar\u00e1 en torno al lema <strong>\u00abDesaf\u00edos pasados y presentes para el futuro\u00bb<\/strong>.<\/p>\n<p>&nbsp;<\/p>\n<h4>Inscripciones<\/h4>\n<hr \/>\n<p><strong>\u00bfA\u00fan no te inscribes?<\/strong> Puedes inscribirte y participar en el 26\u00b0 Congreso Nacional de Arquitectos <strong><a href=\"https:\/\/colegioarquitectos.com\/congreso\/inscripciones\/\">ac\u00e1<\/a><\/strong>.<\/p>\n<p>&nbsp;<\/p>\n<h4>Programa de actividades<\/h4>\n<hr \/>\n<p><strong>\u00bfNecesitas planificar tu fin de semana congresal?<\/strong> Revisa el programa de actividades completo del 26\u00b0 Congreso Nacional de Arquitectos <a href=\"https:\/\/colegioarquitectos.com\/congreso\/programa\/\">ac\u00e1<\/a>.<\/p>\n<p>&nbsp;<\/p>\n<h4>Espacios congresales<\/h4>\n<hr \/>\n<p>La<strong> Universidad de Concepci\u00f3n<\/strong>, <strong>Universidad del B\u00edo-B\u00edo<\/strong> y el <strong>Teatro BioB\u00edo<\/strong> acoger\u00e1n la instancia que abordar\u00e1 tem\u00e1ticas clave para el futuro de la disciplina.<\/p>\n<p>&nbsp;<\/p>\n<h4>Para llegar a UBB<\/h4>\n<p>Transporte p\u00fablico: Hay abundantes l\u00edneas que llegan hasta la Universidad. Se recomienda el transporte licitado (buses grises y azules) evitando buses de recorrido Coronel-Lota.<\/p>\n<p>Actualmente hay trabajos viales en sector Collao y Plaza Acevedo, por lo que se debe considerar un tiempo holgado por seguridad.<\/p>\n<p>Buses: 22S17O 22R 72W 72Z 70J 40B 52D 70F<\/p>\n<p>&nbsp;<\/p>\n<h4>Entre UBB y UdeC<\/h4>\n<p>Se recomienda Uber en general para evitar demoras por trabajos en v\u00edas del transporte p\u00fablico. Se ahorra un tiempo de 20 minutos<\/p>\n<p>Transporte p\u00fablico (40 minutos): Buses que tomen calle O\u2019Higgins, bajarse en calle Janequeo y caminar 14 minutos.<\/p>\n<p>Buses por O\u2019Higgins:\u00a0 22D 17X 22C 70G 70I<\/p>\n<p>&nbsp;<\/p>\n<h4>Para llegar a UdeC<\/h4>\n<p>Transporte p\u00fablico: Gran cantidad de buses y colectivos. La gran mayor\u00eda pasa por calle San Mart\u00edn y algunos por calle Chacabuco.<\/p>\n<p>Buses por San Mart\u00edn: 22X10C 10D 13G 42U 40N 10A 10B 11E 13G 10A 10B 11E 13G 40N 80L<\/p>\n<p>Bajarse en San Mart\u00edn con Paicav\u00ed y considerar 14 minutos a pie.<\/p>\n<p>Buses por Chacabuco: 63F 44E 90Y<\/p>\n<p>Bajarse en Paradero de la UDEC y considerar 12 minutos a pie.<\/p>\n<p>&nbsp;<\/p>\n<h4>Para llegar a Teatro del Biob\u00edo<\/h4>\n<p>Transporte p\u00fablico: Similar a llegar a la Aurora de Chile. Se puede acceder desde calle V\u00edctor Lamas.<\/p>\n<p>Buses por V\u00edctor Lamas: 22E 21B 22C 24M 40G. Bajarse en paradero del Parque Bicentenario y cruzar.<\/p>\n<p>&nbsp;<\/p>\n<h4>Encuentros territoriales<\/h4>\n<hr \/>\n<h4>Encuentro territorial\u00a0\u00abPensar la ciudad desde las poblaciones: afectividad, memoria y planificaci\u00f3n\u00bb<\/h4>\n<p>Como una de las actividades sat\u00e9lites, el s\u00e1bado 2 de diciembre desde las 09.00 horas realizaremos el encuentro territorial\u00a0\u00abPensar la ciudad desde las poblaciones: afectividad, memoria y planificaci\u00f3n\u00bb en la Poblaci\u00f3n Aurora de Chile.<\/p>\n<p>El encuentro tendr\u00e1 como punto de convocatoria la esquina de Libertador Bernardo O\u00b4Higgins y Avenida Padre Hurtado, para luego recorrer la Poblaci\u00f3n Hist\u00f3rica Aurora de Chile y sus transformaciones recientes y finalizar\u00e1 en un conversatorio en la Escuela Santa Catalina entre las 10.30 y 11.30 horas.<\/p>\n<p>&nbsp;<\/p>\n<h4>Para Llegar a Aurora de Chile<\/h4>\n<p>Transporte p\u00fablico: Se puede acceder desde calle V\u00edctor Lamas y desde O\u2019Higgins (ambas desde centro de Concepci\u00f3n).<\/p>\n<p>Buses por V\u00edctor Lamas:22E 21B 22C 24M 40G. Considerar 10 minutos a pie hasta cancha Hurac\u00e1n.<\/p>\n<p>Buses por O\u2019Higgins:\u00a0 14T 16K 16V 18P 80H 80Z. Considerar 14 minutos a pie. Si se toma esta opci\u00f3n se debe considerar cruzar la l\u00ednea f\u00e9rrea a la altura de San Mart\u00edn hac\u00eda la Poblaci\u00f3n.<\/p>\n<p>&nbsp;<\/p>\n<h4>Visitas a obras de arquitectura<\/h4>\n<p>Paralelamente al encuentro en la Poblaci\u00f3n Aurora de Chile, el s\u00e1bado 2 de diciembre, se realizar\u00e1n tres encuentros territoriales que realizar\u00e1n visitas guiadas a diversos hitos arquitect\u00f3nicos de la ciudad de Concepci\u00f3n.<\/p>\n<p>&nbsp;<\/p>\n<p><iframe loading=\"lazy\" src=\"https:\/\/docs.google.com\/forms\/d\/e\/1FAIpQLSdVt-dC_mzOphMspQpT9KYOczQWvQe3sxA0I98Gcm0Bm435Og\/viewform?embedded=true\" width=\"640\" height=\"3959\" frameborder=\"0\" marginwidth=\"0\" marginheight=\"0\">Cargando\u2026<\/iframe><\/p>\n<p>&nbsp;<\/p>\n<p><strong>Visita guiada a Casa Poli<\/strong><\/p>\n<p>Cobro: Gratuito para todas y todos los asistentes<\/p>\n<p>&nbsp;<\/p>\n<p>Salida: 08.30 horas Plaza Independencia Concepci\u00f3n<\/p>\n<p>Llegada: 12.00 horas Teatro Regional del Biob\u00edo<\/p>\n<p>&nbsp;<\/p>\n<p>&nbsp;<\/p>\n<p><strong>Periplo Mujeres arquitectas [Pioneras]<\/strong><\/p>\n<p>&nbsp;<\/p>\n<p>Salida: 09.45 horas Plaza Independencia Concepci\u00f3n<\/p>\n<p>Llegada: 12.00 horas Teatro Regional del Biob\u00edo<\/p>\n<p>&nbsp;<\/p>\n<p>&nbsp;<\/p>\n<p><strong>Visita guiada Ex Colegio Inmaculada Concepci\u00f3n<\/strong><\/p>\n<p>&nbsp;<\/p>\n<p>Salida: 11:00 horas An\u00edbal Pinto 340, Concepci\u00f3n<\/p>\n<p>Llegada: 12.30 horas An\u00edbal Pinto 340, Concepci\u00f3n<\/p>\n<p>&nbsp;<\/p>\n<h4>Charlas magistrales<\/h4>\n<hr \/>\n<h4><img loading=\"lazy\" decoding=\"async\" class=\"aligncenter wp-image-31210 size-large\" src=\"https:\/\/colegioarquitectos.com\/noticias\/wp-content\/uploads\/2023\/11\/Conferencia-UIA-formacion-FEED-1024x1024.png\" alt=\"\" width=\"690\" height=\"690\" srcset=\"https:\/\/colegioarquitectos.com\/noticias\/wp-content\/uploads\/2023\/11\/Conferencia-UIA-formacion-FEED-1024x1024.png 1024w, https:\/\/colegioarquitectos.com\/noticias\/wp-content\/uploads\/2023\/11\/Conferencia-UIA-formacion-FEED-180x180.png 180w, https:\/\/colegioarquitectos.com\/noticias\/wp-content\/uploads\/2023\/11\/Conferencia-UIA-formacion-FEED-300x300.png 300w, https:\/\/colegioarquitectos.com\/noticias\/wp-content\/uploads\/2023\/11\/Conferencia-UIA-formacion-FEED-768x768.png 768w, https:\/\/colegioarquitectos.com\/noticias\/wp-content\/uploads\/2023\/11\/Conferencia-UIA-formacion-FEED.png 1334w\" sizes=\"auto, (max-width: 690px) 100vw, 690px\" \/><\/h4>\n<h4>Vity Claude Nsalambim, Vice-presidente de la Regi\u00f3n V \u2013 \u00c1frica de la Uni\u00f3n Internacional de Arquitectos (UIA)<\/h4>\n<p>El <strong>viernes 1 de diciembre<\/strong> a las <strong>15.00 horas<\/strong>, el\u00a0<strong>Vice-presidente de la Regi\u00f3n V de la Uni\u00f3n Internacional de Arquitectos (UIA)<\/strong>,\u00a0<strong>Vity Claude Nsalambim (Angola)<\/strong>, dictar\u00e1 una conferencia remota sobre formaci\u00f3n en arquitectura para todos los presentes en la Facultad de Arquitectura, Urbanismo y Geograf\u00eda de la Universidad de Concepci\u00f3n.<\/p>\n<p>&nbsp;<\/p>\n<p><img loading=\"lazy\" decoding=\"async\" class=\"aligncenter wp-image-31211 size-large\" src=\"https:\/\/colegioarquitectos.com\/noticias\/wp-content\/uploads\/2023\/11\/afiche-v3-congreso-2023-ccp-formao-FEED-HITOS-charla-clausura-FPO-2-1024x1024.png\" alt=\"\" width=\"690\" height=\"690\" srcset=\"https:\/\/colegioarquitectos.com\/noticias\/wp-content\/uploads\/2023\/11\/afiche-v3-congreso-2023-ccp-formao-FEED-HITOS-charla-clausura-FPO-2-1024x1024.png 1024w, https:\/\/colegioarquitectos.com\/noticias\/wp-content\/uploads\/2023\/11\/afiche-v3-congreso-2023-ccp-formao-FEED-HITOS-charla-clausura-FPO-2-180x180.png 180w, https:\/\/colegioarquitectos.com\/noticias\/wp-content\/uploads\/2023\/11\/afiche-v3-congreso-2023-ccp-formao-FEED-HITOS-charla-clausura-FPO-2-300x300.png 300w, https:\/\/colegioarquitectos.com\/noticias\/wp-content\/uploads\/2023\/11\/afiche-v3-congreso-2023-ccp-formao-FEED-HITOS-charla-clausura-FPO-2-768x768.png 768w, https:\/\/colegioarquitectos.com\/noticias\/wp-content\/uploads\/2023\/11\/afiche-v3-congreso-2023-ccp-formao-FEED-HITOS-charla-clausura-FPO-2.png 1334w\" sizes=\"auto, (max-width: 690px) 100vw, 690px\" \/><\/p>\n<h4>Fernando P\u00e9rez Oyarz\u00fan, Premio Nacional de Arquitectura 2022<\/h4>\n<p>En tanto, el <strong>s\u00e1bado 2 de diciembre<\/strong> a las <strong>13.00 horas<\/strong> en el marco de la clausura del <strong>26\u00b0 Congreso Nacional de Arquitectos<\/strong> en el <strong>Teatro Biob\u00edo<\/strong>, el <strong>Premio Nacional de Arquitectura 2022<\/strong>, <strong>Fernando P\u00e9rez Oyarz\u00fan<\/strong>, realizar\u00e1 una charla magistral para todos los presentes.<\/p>\n<p><strong>\u00a0<\/strong><\/p>\n<h4>Alojamiento y comida<\/h4>\n<hr \/>\n<p><strong>\u00bfNecesitas buscar alojamiento o planificar d\u00f3nde comer\u00e1s en tu fin de semana congresal?<\/strong> Revisa los datos y claves propuestas por la Comisi\u00f3n Organizadora del 26\u00b0 Congreso Nacional de Arquitectos <a href=\"https:\/\/colegioarquitectos.com\/congreso\/wp-content\/uploads\/2023\/11\/Alojamiento-y-Restaurantes-CONGRESO-CONCEPCION-2023-DZ.pdf\">ac\u00e1<\/a>.<\/p>\n<p>Tambi\u00e9n, el Colegio de Arquitectos de Chile tiene un 10% de descuento para quienes participen del 26\u00b0 Congreso Nacional de Arquitectos en el <strong>Hotel Alonso de Ercilla (Colo-Colo 334, Concepci\u00f3n)<\/strong>, s\u00f3lo debes indicarlo al momento de hacer tu reserva llamando al 041 &#8211; 222 7984\u00a0 \/ 041 &#8211; 291 1301 o escribiendo a <strong><a href=\"mailto:contacto@hotelalonsodeercilla.cl\">contacto@hotelalonsodeercilla.cl<\/a><\/strong><\/p>\n<p>Las tarifas para los d\u00edas de Congreso son las siguientes:<\/p>\n<p>Habitaci\u00f3n Single Estandar (cama 1,5 P), tarifa diaria $46.000;<\/p>\n<p>Habitaci\u00f3n Single Ejecutiva (Cama 2 P), uso individual, tarifa diaria $ 55.000;<\/p>\n<p>Habitaci\u00f3n Matrimonial (Cama 2 P.), tarifa diaria $ 65.000;<\/p>\n<p>Habitaci\u00f3n Doble twin ( 2 camas de 1,5 P), tarifa diara $ 75.000.<\/p>\n<p>&nbsp;<\/p>\n<p>Las tarifas incluyen IVA y desayuno buffet.<\/p>\n<p>Check in 14:00 horas\u00a0\u00a0 Check out 12:00 horas<\/p>\n<p>&nbsp;<\/p>\n<h4>Preguntas frecuentes<\/h4>\n<hr \/>\n<h4>\u00bfQu\u00e9 incluye el valor a pagar?<\/h4>\n<p>El costo de inscripci\u00f3n incluye la acreditaci\u00f3n para participar en los eventos de inauguraci\u00f3n, plenarios, mesas de discusiones, y ceremonia de clausura y conclusiones del Congreso. Adem\u00e1s de las actividades sat\u00e9lites como la actividad barrial y el recorrido arquitect\u00f3nico por la ciudad de Concepci\u00f3n.<\/p>\n<p>Al estar acreditado recibir\u00e1s un kit congreso, con informaci\u00f3n de las mesas de trabajo. Tambi\u00e9n, se podr\u00e1 participar de los coffee break de pausa de las mesas de trabajo.<\/p>\n<p>Al finalizar podr\u00e1s solicitar un certificado de participaci\u00f3n<\/p>\n<p>Existen actividades l\u00fadicas todas las noches las cuales tienen un costo adicional.<\/p>\n<p>&nbsp;<\/p>\n<h4>\u00bfEs indispensable enviar ponencias para participar?<\/h4>\n<p>No es indispensable enviar ponencias. Se puede participar de las discusiones integr\u00e1ndose a la pauta que enviar\u00e1n los conductores de cada mesa de trabajo.<\/p>\n<p>&nbsp;<\/p>\n<h4>\u00bfSe publicar\u00e1n las ponencias presentadas?<\/h4>\n<p>No se publicar\u00e1n todas las ponencias, pero se publicar\u00e1n en www.colegiodearquitectos.com las conclusiones por cada mesa y la del Congreso en general.<\/p>\n<p>&nbsp;<\/p>\n<h4>\u00bfPueden participar arquitectos no colegiados y\/o extranjeros en el Congreso?<\/h4>\n<p>Arquitectos no colegiados, estudiantes y extranjeros pueden participar del Congreso pagando el valor correspondiente.<\/p>\n<p>&nbsp;<\/p>\n<h4>\u00bfSe puede participar en forma virtual?<\/h4>\n<p>En este Congreso s\u00f3lo est\u00e1 prevista la participaci\u00f3n presencial. Algunos eventos se trasmitir\u00e1n via streaming. Las conclusiones se subir\u00e1n a www.colegioarquitectos.com y toda informaci\u00f3n ser\u00e1 comunicada a trav\u00e9s de nuestras redes sociales.<\/p>\n<p>&nbsp;<\/p>\n<h4>\u00bfM\u00e1s consultas?<\/h4>\n<hr \/>\n<p>Escr\u00edbenos al email <strong><a href=\"mailto:colegiados@colegioarquitectos.com\">colegiados@colegioarquitectos.com<\/a><\/strong><\/p>\n<p>&nbsp;<\/p>\n<p>&nbsp;<\/p>\n<hr \/>\n<p><img loading=\"lazy\" decoding=\"async\" class=\"aligncenter size-full wp-image-31190\" src=\"https:\/\/colegioarquitectos.com\/noticias\/wp-content\/uploads\/2023\/11\/FOOTER-LOGOS-CONGRESO-OBJETO-INTE-V21-11-1-bim.png\" alt=\"\" width=\"1334\" height=\"254\" \/><\/p>\n<p><\/p>","protected":false},"excerpt":{"rendered":"<p>El pr\u00f3ximo jueves 30 de noviembre tendr\u00e1 su jornada inaugural el 26\u00b0 Congreso Nacional de Arquitectos del Colegio de Arquitectos de Chile (CA), el cual se realizar\u00e1 en Concepci\u00f3n, la ciudad que alberg\u00f3 el Primer Congreso Nacional de Arquitectos en &hellip; <a class=\"more-link\" href=\"https:\/\/colegioarquitectos.com\/noticias\/?p=31189\">ver m\u00e1s<\/a><\/p>","protected":false},"author":4,"featured_media":31192,"comment_status":"closed","ping_status":"closed","sticky":false,"template":"","format":"standard","meta":{"footnotes":""},"categories":[657,8],"tags":[688,647,682,649,662,651,652,650],"class_list":["post-31189","post","type-post","status-publish","format-standard","has-post-thumbnail","hentry","category-26-congreso-nacional-de-arquitectos","category-colegio-de-arquitectos","tag-26-congreso","tag-26-congreso-de-arquitectos","tag-26-congreso-nacional-de-arquitectos","tag-concepcion","tag-congreso","tag-delegacion-zonal-concepcion","tag-desafios-pasados-y-presentes-para-el-futuro","tag-dz-concepcion"],"yoast_head":"<!-- This site is optimized with the Yoast SEO plugin v24.2 - https:\/\/yoast.com\/wordpress\/plugins\/seo\/ -->\n<title>\u00a1Nos vemos en Concepci\u00f3n! Datos, claves y orientaciones para el 26\u00b0 Congreso Nacional de Arquitectos - COLEGIO DE ARQUITECTOS DE CHILE<\/title>\n<meta name=\"robots\" content=\"index, follow, max-snippet:-1, max-image-preview:large, max-video-preview:-1\" \/>\n<link rel=\"canonical\" href=\"https:\/\/colegioarquitectos.com\/noticias\/?p=31189\" \/>\n<meta property=\"og:locale\" content=\"es_ES\" \/>\n<meta property=\"og:type\" content=\"article\" \/>\n<meta property=\"og:title\" content=\"\u00a1Nos vemos en Concepci\u00f3n! Datos, claves y orientaciones para el 26\u00b0 Congreso Nacional de Arquitectos - COLEGIO DE ARQUITECTOS DE CHILE\" \/>\n<meta property=\"og:description\" content=\"El pr\u00f3ximo jueves 30 de noviembre tendr\u00e1 su jornada inaugural el 26\u00b0 Congreso Nacional de Arquitectos del Colegio de Arquitectos de Chile (CA), el cual se realizar\u00e1 en Concepci\u00f3n, la ciudad que alberg\u00f3 el Primer Congreso Nacional de Arquitectos en &hellip; ver m\u00e1s\" \/>\n<meta property=\"og:url\" content=\"https:\/\/colegioarquitectos.com\/noticias\/?p=31189\" \/>\n<meta property=\"og:site_name\" content=\"COLEGIO DE ARQUITECTOS DE CHILE\" \/>\n<meta property=\"article:publisher\" content=\"https:\/\/facebook.com\/Colegioarq\/\" \/>\n<meta property=\"article:published_time\" content=\"2023-11-23T00:58:32+00:00\" \/>\n<meta property=\"article:modified_time\" content=\"2023-11-27T15:41:53+00:00\" \/>\n<meta property=\"og:image\" content=\"https:\/\/colegioarquitectos.com\/noticias\/wp-content\/uploads\/2023\/11\/afiche-congreso-2023-ccp-DESTWEB-1.png\" \/>\n\t<meta property=\"og:image:width\" content=\"1280\" \/>\n\t<meta property=\"og:image:height\" content=\"720\" \/>\n\t<meta property=\"og:image:type\" content=\"image\/png\" \/>\n<meta name=\"author\" content=\"Colegio de Arquitectos de Chile\" \/>\n<meta name=\"twitter:card\" content=\"summary_large_image\" \/>\n<meta name=\"twitter:creator\" content=\"@colegioarq\" \/>\n<meta name=\"twitter:site\" content=\"@colegioarq\" \/>\n<meta name=\"twitter:label1\" content=\"Escrito por\" \/>\n\t<meta name=\"twitter:data1\" content=\"Colegio de Arquitectos de Chile\" \/>\n\t<meta name=\"twitter:label2\" content=\"Tiempo de lectura\" \/>\n\t<meta name=\"twitter:data2\" content=\"6 minutos\" \/>\n<script type=\"application\/ld+json\" class=\"yoast-schema-graph\">{\"@context\":\"https:\/\/schema.org\",\"@graph\":[{\"@type\":\"Article\",\"@id\":\"https:\/\/colegioarquitectos.com\/noticias\/?p=31189#article\",\"isPartOf\":{\"@id\":\"https:\/\/colegioarquitectos.com\/noticias\/?p=31189\"},\"author\":{\"name\":\"Colegio de Arquitectos de Chile\",\"@id\":\"https:\/\/colegioarquitectos.com\/noticias\/#\/schema\/person\/685cc0aad148303c5608f049af8285ad\"},\"headline\":\"\u00a1Nos vemos en Concepci\u00f3n! Datos, claves y orientaciones para el 26\u00b0 Congreso Nacional de Arquitectos\",\"datePublished\":\"2023-11-23T00:58:32+00:00\",\"dateModified\":\"2023-11-27T15:41:53+00:00\",\"mainEntityOfPage\":{\"@id\":\"https:\/\/colegioarquitectos.com\/noticias\/?p=31189\"},\"wordCount\":1253,\"publisher\":{\"@id\":\"https:\/\/colegioarquitectos.com\/noticias\/#organization\"},\"image\":{\"@id\":\"https:\/\/colegioarquitectos.com\/noticias\/?p=31189#primaryimage\"},\"thumbnailUrl\":\"https:\/\/colegioarquitectos.com\/noticias\/wp-content\/uploads\/2023\/11\/afiche-congreso-2023-ccp-DESTWEB-1.png\",\"keywords\":[\"26 Congreso\",\"26\u00b0 Congreso de Arquitectos\",\"26\u00b0 Congreso Nacional de Arquitectos\",\"Concepci\u00f3n\",\"congreso\",\"Delegaci\u00f3n Zonal Concepci\u00f3n\",\"Desaf\u00edos pasados y presentes para el futuro\",\"DZ Concepci\u00f3n\"],\"articleSection\":[\"26\u00b0 Congreso\",\"Colegio\"],\"inLanguage\":\"es\"},{\"@type\":\"WebPage\",\"@id\":\"https:\/\/colegioarquitectos.com\/noticias\/?p=31189\",\"url\":\"https:\/\/colegioarquitectos.com\/noticias\/?p=31189\",\"name\":\"\u00a1Nos vemos en Concepci\u00f3n! Datos, claves y orientaciones para el 26\u00b0 Congreso Nacional de Arquitectos - COLEGIO DE ARQUITECTOS DE CHILE\",\"isPartOf\":{\"@id\":\"https:\/\/colegioarquitectos.com\/noticias\/#website\"},\"primaryImageOfPage\":{\"@id\":\"https:\/\/colegioarquitectos.com\/noticias\/?p=31189#primaryimage\"},\"image\":{\"@id\":\"https:\/\/colegioarquitectos.com\/noticias\/?p=31189#primaryimage\"},\"thumbnailUrl\":\"https:\/\/colegioarquitectos.com\/noticias\/wp-content\/uploads\/2023\/11\/afiche-congreso-2023-ccp-DESTWEB-1.png\",\"datePublished\":\"2023-11-23T00:58:32+00:00\",\"dateModified\":\"2023-11-27T15:41:53+00:00\",\"breadcrumb\":{\"@id\":\"https:\/\/colegioarquitectos.com\/noticias\/?p=31189#breadcrumb\"},\"inLanguage\":\"es\",\"potentialAction\":[{\"@type\":\"ReadAction\",\"target\":[\"https:\/\/colegioarquitectos.com\/noticias\/?p=31189\"]}]},{\"@type\":\"ImageObject\",\"inLanguage\":\"es\",\"@id\":\"https:\/\/colegioarquitectos.com\/noticias\/?p=31189#primaryimage\",\"url\":\"https:\/\/colegioarquitectos.com\/noticias\/wp-content\/uploads\/2023\/11\/afiche-congreso-2023-ccp-DESTWEB-1.png\",\"contentUrl\":\"https:\/\/colegioarquitectos.com\/noticias\/wp-content\/uploads\/2023\/11\/afiche-congreso-2023-ccp-DESTWEB-1.png\",\"width\":1280,\"height\":720},{\"@type\":\"BreadcrumbList\",\"@id\":\"https:\/\/colegioarquitectos.com\/noticias\/?p=31189#breadcrumb\",\"itemListElement\":[{\"@type\":\"ListItem\",\"position\":1,\"name\":\"Portada\",\"item\":\"https:\/\/colegioarquitectos.com\/noticias\"},{\"@type\":\"ListItem\",\"position\":2,\"name\":\"\u00a1Nos vemos en Concepci\u00f3n! Datos, claves y orientaciones para el 26\u00b0 Congreso Nacional de Arquitectos\"}]},{\"@type\":\"WebSite\",\"@id\":\"https:\/\/colegioarquitectos.com\/noticias\/#website\",\"url\":\"https:\/\/colegioarquitectos.com\/noticias\/\",\"name\":\"COLEGIO DE ARQUITECTOS DE CHILE\",\"description\":\"\",\"publisher\":{\"@id\":\"https:\/\/colegioarquitectos.com\/noticias\/#organization\"},\"potentialAction\":[{\"@type\":\"SearchAction\",\"target\":{\"@type\":\"EntryPoint\",\"urlTemplate\":\"https:\/\/colegioarquitectos.com\/noticias\/?s={search_term_string}\"},\"query-input\":{\"@type\":\"PropertyValueSpecification\",\"valueRequired\":true,\"valueName\":\"search_term_string\"}}],\"inLanguage\":\"es\"},{\"@type\":\"Organization\",\"@id\":\"https:\/\/colegioarquitectos.com\/noticias\/#organization\",\"name\":\"COLEGIO DE ARQUITECTOS DE CHILE\",\"url\":\"https:\/\/colegioarquitectos.com\/noticias\/\",\"logo\":{\"@type\":\"ImageObject\",\"inLanguage\":\"es\",\"@id\":\"https:\/\/colegioarquitectos.com\/noticias\/#\/schema\/logo\/image\/\",\"url\":\"https:\/\/colegioarquitectos.com\/noticias\/wp-content\/uploads\/2021\/05\/ENCABEZADO-LOGO-CA.jpg\",\"contentUrl\":\"https:\/\/colegioarquitectos.com\/noticias\/wp-content\/uploads\/2021\/05\/ENCABEZADO-LOGO-CA.jpg\",\"width\":690,\"height\":350,\"caption\":\"COLEGIO DE ARQUITECTOS DE CHILE\"},\"image\":{\"@id\":\"https:\/\/colegioarquitectos.com\/noticias\/#\/schema\/logo\/image\/\"},\"sameAs\":[\"https:\/\/facebook.com\/Colegioarq\/\",\"https:\/\/x.com\/colegioarq\",\"https:\/\/instagram.com\/colegioarq\",\"https:\/\/youtube.com\/@ColegiodeArquitectosdeChile\"]},{\"@type\":\"Person\",\"@id\":\"https:\/\/colegioarquitectos.com\/noticias\/#\/schema\/person\/685cc0aad148303c5608f049af8285ad\",\"name\":\"Colegio de Arquitectos de Chile\",\"url\":\"https:\/\/colegioarquitectos.com\/noticias\/?author=4\"}]}<\/script>\n<!-- \/ Yoast SEO plugin. -->","yoast_head_json":{"title":"\u00a1Nos vemos en Concepci\u00f3n! Datos, claves y orientaciones para el 26\u00b0 Congreso Nacional de Arquitectos - COLEGIO DE ARQUITECTOS DE CHILE","robots":{"index":"index","follow":"follow","max-snippet":"max-snippet:-1","max-image-preview":"max-image-preview:large","max-video-preview":"max-video-preview:-1"},"canonical":"https:\/\/colegioarquitectos.com\/noticias\/?p=31189","og_locale":"es_ES","og_type":"article","og_title":"\u00a1Nos vemos en Concepci\u00f3n! Datos, claves y orientaciones para el 26\u00b0 Congreso Nacional de Arquitectos - COLEGIO DE ARQUITECTOS DE CHILE","og_description":"El pr\u00f3ximo jueves 30 de noviembre tendr\u00e1 su jornada inaugural el 26\u00b0 Congreso Nacional de Arquitectos del Colegio de Arquitectos de Chile (CA), el cual se realizar\u00e1 en Concepci\u00f3n, la ciudad que alberg\u00f3 el Primer Congreso Nacional de Arquitectos en &hellip; ver m\u00e1s","og_url":"https:\/\/colegioarquitectos.com\/noticias\/?p=31189","og_site_name":"COLEGIO DE ARQUITECTOS DE CHILE","article_publisher":"https:\/\/facebook.com\/Colegioarq\/","article_published_time":"2023-11-23T00:58:32+00:00","article_modified_time":"2023-11-27T15:41:53+00:00","og_image":[{"width":1280,"height":720,"url":"https:\/\/colegioarquitectos.com\/noticias\/wp-content\/uploads\/2023\/11\/afiche-congreso-2023-ccp-DESTWEB-1.png","type":"image\/png"}],"author":"Colegio de Arquitectos de Chile","twitter_card":"summary_large_image","twitter_creator":"@colegioarq","twitter_site":"@colegioarq","twitter_misc":{"Escrito por":"Colegio de Arquitectos de Chile","Tiempo de lectura":"6 minutos"},"schema":{"@context":"https:\/\/schema.org","@graph":[{"@type":"Article","@id":"https:\/\/colegioarquitectos.com\/noticias\/?p=31189#article","isPartOf":{"@id":"https:\/\/colegioarquitectos.com\/noticias\/?p=31189"},"author":{"name":"Colegio de Arquitectos de Chile","@id":"https:\/\/colegioarquitectos.com\/noticias\/#\/schema\/person\/685cc0aad148303c5608f049af8285ad"},"headline":"\u00a1Nos vemos en Concepci\u00f3n! Datos, claves y orientaciones para el 26\u00b0 Congreso Nacional de Arquitectos","datePublished":"2023-11-23T00:58:32+00:00","dateModified":"2023-11-27T15:41:53+00:00","mainEntityOfPage":{"@id":"https:\/\/colegioarquitectos.com\/noticias\/?p=31189"},"wordCount":1253,"publisher":{"@id":"https:\/\/colegioarquitectos.com\/noticias\/#organization"},"image":{"@id":"https:\/\/colegioarquitectos.com\/noticias\/?p=31189#primaryimage"},"thumbnailUrl":"https:\/\/colegioarquitectos.com\/noticias\/wp-content\/uploads\/2023\/11\/afiche-congreso-2023-ccp-DESTWEB-1.png","keywords":["26 Congreso","26\u00b0 Congreso de Arquitectos","26\u00b0 Congreso Nacional de Arquitectos","Concepci\u00f3n","congreso","Delegaci\u00f3n Zonal Concepci\u00f3n","Desaf\u00edos pasados y presentes para el futuro","DZ Concepci\u00f3n"],"articleSection":["26\u00b0 Congreso","Colegio"],"inLanguage":"es"},{"@type":"WebPage","@id":"https:\/\/colegioarquitectos.com\/noticias\/?p=31189","url":"https:\/\/colegioarquitectos.com\/noticias\/?p=31189","name":"\u00a1Nos vemos en Concepci\u00f3n! Datos, claves y orientaciones para el 26\u00b0 Congreso Nacional de Arquitectos - COLEGIO DE ARQUITECTOS DE CHILE","isPartOf":{"@id":"https:\/\/colegioarquitectos.com\/noticias\/#website"},"primaryImageOfPage":{"@id":"https:\/\/colegioarquitectos.com\/noticias\/?p=31189#primaryimage"},"image":{"@id":"https:\/\/colegioarquitectos.com\/noticias\/?p=31189#primaryimage"},"thumbnailUrl":"https:\/\/colegioarquitectos.com\/noticias\/wp-content\/uploads\/2023\/11\/afiche-congreso-2023-ccp-DESTWEB-1.png","datePublished":"2023-11-23T00:58:32+00:00","dateModified":"2023-11-27T15:41:53+00:00","breadcrumb":{"@id":"https:\/\/colegioarquitectos.com\/noticias\/?p=31189#breadcrumb"},"inLanguage":"es","potentialAction":[{"@type":"ReadAction","target":["https:\/\/colegioarquitectos.com\/noticias\/?p=31189"]}]},{"@type":"ImageObject","inLanguage":"es","@id":"https:\/\/colegioarquitectos.com\/noticias\/?p=31189#primaryimage","url":"https:\/\/colegioarquitectos.com\/noticias\/wp-content\/uploads\/2023\/11\/afiche-congreso-2023-ccp-DESTWEB-1.png","contentUrl":"https:\/\/colegioarquitectos.com\/noticias\/wp-content\/uploads\/2023\/11\/afiche-congreso-2023-ccp-DESTWEB-1.png","width":1280,"height":720},{"@type":"BreadcrumbList","@id":"https:\/\/colegioarquitectos.com\/noticias\/?p=31189#breadcrumb","itemListElement":[{"@type":"ListItem","position":1,"name":"Portada","item":"https:\/\/colegioarquitectos.com\/noticias"},{"@type":"ListItem","position":2,"name":"\u00a1Nos vemos en Concepci\u00f3n! Datos, claves y orientaciones para el 26\u00b0 Congreso Nacional de Arquitectos"}]},{"@type":"WebSite","@id":"https:\/\/colegioarquitectos.com\/noticias\/#website","url":"https:\/\/colegioarquitectos.com\/noticias\/","name":"COLEGIO DE ARQUITECTOS DE CHILE","description":"","publisher":{"@id":"https:\/\/colegioarquitectos.com\/noticias\/#organization"},"potentialAction":[{"@type":"SearchAction","target":{"@type":"EntryPoint","urlTemplate":"https:\/\/colegioarquitectos.com\/noticias\/?s={search_term_string}"},"query-input":{"@type":"PropertyValueSpecification","valueRequired":true,"valueName":"search_term_string"}}],"inLanguage":"es"},{"@type":"Organization","@id":"https:\/\/colegioarquitectos.com\/noticias\/#organization","name":"COLEGIO DE ARQUITECTOS DE CHILE","url":"https:\/\/colegioarquitectos.com\/noticias\/","logo":{"@type":"ImageObject","inLanguage":"es","@id":"https:\/\/colegioarquitectos.com\/noticias\/#\/schema\/logo\/image\/","url":"https:\/\/colegioarquitectos.com\/noticias\/wp-content\/uploads\/2021\/05\/ENCABEZADO-LOGO-CA.jpg","contentUrl":"https:\/\/colegioarquitectos.com\/noticias\/wp-content\/uploads\/2021\/05\/ENCABEZADO-LOGO-CA.jpg","width":690,"height":350,"caption":"COLEGIO DE ARQUITECTOS DE CHILE"},"image":{"@id":"https:\/\/colegioarquitectos.com\/noticias\/#\/schema\/logo\/image\/"},"sameAs":["https:\/\/facebook.com\/Colegioarq\/","https:\/\/x.com\/colegioarq","https:\/\/instagram.com\/colegioarq","https:\/\/youtube.com\/@ColegiodeArquitectosdeChile"]},{"@type":"Person","@id":"https:\/\/colegioarquitectos.com\/noticias\/#\/schema\/person\/685cc0aad148303c5608f049af8285ad","name":"Colegio de Arquitectos de Chile","url":"https:\/\/colegioarquitectos.com\/noticias\/?author=4"}]}},"_links":{"self":[{"href":"https:\/\/colegioarquitectos.com\/noticias\/index.php?rest_route=\/wp\/v2\/posts\/31189","targetHints":{"allow":["GET"]}}],"collection":[{"href":"https:\/\/colegioarquitectos.com\/noticias\/index.php?rest_route=\/wp\/v2\/posts"}],"about":[{"href":"https:\/\/colegioarquitectos.com\/noticias\/index.php?rest_route=\/wp\/v2\/types\/post"}],"author":[{"embeddable":true,"href":"https:\/\/colegioarquitectos.com\/noticias\/index.php?rest_route=\/wp\/v2\/users\/4"}],"replies":[{"embeddable":true,"href":"https:\/\/colegioarquitectos.com\/noticias\/index.php?rest_route=%2Fwp%2Fv2%2Fcomments&post=31189"}],"version-history":[{"count":0,"href":"https:\/\/colegioarquitectos.com\/noticias\/index.php?rest_route=\/wp\/v2\/posts\/31189\/revisions"}],"wp:featuredmedia":[{"embeddable":true,"href":"https:\/\/colegioarquitectos.com\/noticias\/index.php?rest_route=\/wp\/v2\/media\/31192"}],"wp:attachment":[{"href":"https:\/\/colegioarquitectos.com\/noticias\/index.php?rest_route=%2Fwp%2Fv2%2Fmedia&parent=31189"}],"wp:term":[{"taxonomy":"category","embeddable":true,"href":"https:\/\/colegioarquitectos.com\/noticias\/index.php?rest_route=%2Fwp%2Fv2%2Fcategories&post=31189"},{"taxonomy":"post_tag","embeddable":true,"href":"https:\/\/colegioarquitectos.com\/noticias\/index.php?rest_route=%2Fwp%2Fv2%2Ftags&post=31189"}],"curies":[{"name":"wp","href":"https:\/\/api.w.org\/{rel}","templated":true}]}}