
{"id":31202,"date":"2023-11-27T14:06:14","date_gmt":"2023-11-27T18:06:14","guid":{"rendered":"https:\/\/colegioarquitectos.com\/?p=31202"},"modified":"2023-12-03T17:53:17","modified_gmt":"2023-12-03T21:53:17","slug":"conoce-a-los-y-las-ganadoras-de-las-distinciones-ca-2023","status":"publish","type":"post","link":"https:\/\/colegioarquitectos.com\/noticias\/?p=31202","title":{"rendered":"Conoce a los y las ganadoras de las Distinciones CA 2023"},"content":{"rendered":"<p>Las\u00a0<strong>Distinciones CA<\/strong>\u00a0son uno de los\u00a0<strong>principales reconocimientos a los arquitectos y arquitectas del pa\u00eds<\/strong>, que\u00a0<strong>destacan a las y los arquitectos o no arquitectos que se distingan por su labor cercana a la actividad profesional de los arquitectos y constituyan un ejemplo para el ejercicio y difusi\u00f3n de nuestra profesi\u00f3n<\/strong>.<\/p>\n<p>En tal sentido, el pr\u00f3ximo\u00a0<strong>s\u00e1bado 2 de diciembre<\/strong>\u00a0a las <strong>12.30 horas<\/strong> en el <strong>Teatro B\u00edobio<\/strong> en el marco del cierre\u00a0<a href=\"https:\/\/colegioarquitectos.com\/congreso\"><strong>26\u00b0 Congreso Nacional de Arquitectos<\/strong><\/a>, se realizar\u00e1 la ceremonia de entrega de las <strong>Distinciones CA<\/strong>.<\/p>\n<p><strong>Colegiados y colegiadas, Comit\u00e9s, Delegaciones Zonales y facultades de arquitectura, <\/strong>entre otras<strong>, se suman y presentan candidatas o candidatos <\/strong>que consideran<strong> merecedores de ser reconocidos por el Colegio de Arquitectos de Chile<\/strong>.\u00a0El\u00a0<strong>Directorio Nacional<\/strong>\u00a0del Colegio de Arquitectos de Chile en su\u00a0<strong>sesi\u00f3n N\u00b012<\/strong>\u00a0(<strong>martes 18 de julio de 2023<\/strong>)\u00a0<strong>decidi\u00f3 que las Distinciones CA desde esta edici\u00f3n, tendr\u00e1n car\u00e1cter bianual, y ser\u00e1n entregadas en el marco del Congreso Nacional de Arquitectos<\/strong>.<\/p>\n<p>A continuaci\u00f3n, los ganadores y ganadoras de las categor\u00edas de las\u00a0<strong>Distinciones CA 2023<\/strong>:<\/p>\n<p>&nbsp;<\/p>\n<h4>Distinciones CA<\/h4>\n<h4>Distinci\u00f3n de Honor del Colegio de Arquitectos<\/h4>\n<hr \/>\n<p>A qui\u00e9n, no siendo arquitecta o arquitecto, se haya distinguido por su labor pr\u00f3xima al ejercicio profesional de los arquitectos.<\/p>\n<p>&nbsp;<\/p>\n<h4 style=\"text-align: center;\"><strong>Claudio Di Girolamo Carlini<\/strong><\/h4>\n<p>Claudio Di Gir\u00f3lamo Carlini naci\u00f3 en Roma hace 94 a\u00f1os, se educ\u00f3 en el Liceo Art\u00edstico Statale, estudi\u00f3 escenograf\u00eda en la Accademia di Belle Arti di Roma y llega a Chile a sus 19 a\u00f1os junto a su familia.<\/p>\n<p>Jefe de la Divisi\u00f3n de Cultura del Ministerio de Educaci\u00f3n de Chile desde 1994 hasta 1997 -a\u00f1o en que se le otorga la nacionalidad chilena por gracia- cargo que ejerce hasta mediados del 2003. Lider\u00f3 el Programa Re-Creo Mi Identidad a objeto de reconocer, proteger y mantener el patrimonio material e inmaterial de los establecimientos educacionales, en el marco de las inversiones realizadas para la implementaci\u00f3n de la Jornada Escolar Completa. Su gesti\u00f3n fue clave en la creaci\u00f3n del Consejo Nacional de la Cultura y las Artes, precursor del actual Ministerio de las Culturas las Artes y el Patrimonio.<\/p>\n<p>Ha desarrollado una vasta, extensa y diversa actividad en nuestro pa\u00eds en el \u00e1mbito de las artes y la cultura, aportando con su gran capacidad y creatividad como publicista, dramaturgo, pintor, escen\u00f3grafo y asesor cultural, as\u00ed como de arquitecto autodidacta.<\/p>\n<p>Dise\u00f1\u00f3 escenograf\u00edas y dict\u00f3 talleres de dise\u00f1o teatral durante 30 a\u00f1os. Fue Director Ejecutivo de Canal 13 y co-conductor de televisi\u00f3n en programas como \u201cOjo con el arte\u201d junto a Nemesio Ant\u00fanez.<\/p>\n<p>Ha realizado innumerables obras murales en iglesias, colegios y en el Hospital del Trabajador de Santiago, demostrando la influencia de la tradici\u00f3n pict\u00f3rica europea y el v\u00ednculo de la obra a los espacios arquitect\u00f3nicos que las contienen.<\/p>\n<p>En 1993, es encargado por la Universidad ARCIS de crear la Escuela de Cine -la primera Escuela de Cine Universitaria- y es nombrado su director.<\/p>\n<p>Integrante de la Comisi\u00f3n Nemesio Ant\u00fanez desde su creaci\u00f3n el a\u00f1o 1994 -programa estatal que incorpora arte en edificios y espacios p\u00fablicos- otorgando valor y significado a edificios y espacios p\u00fablicos. Hasta el a\u00f1o 2000, su participaci\u00f3n contribuy\u00f3 en que m\u00e1s del 40% de las obras incorporadas, se emplazaran en establecimientos educacionales en el territorio nacional.<\/p>\n<p>Su vocaci\u00f3n humanista y de respeto por los derechos humanos y sociales, lo ha hecho integrar el Consejo Nacional para la Superaci\u00f3n de la Pobreza, la realizaci\u00f3n del Memorial del Detenido Desaparecido y del Ejecutado Pol\u00edtico en Santiago y varias producciones audiovisuales, destacando Andr\u00e9s de La Victoria, el mediometraje El 18 de los Garc\u00eda y el largometraje Sexto A 1965.<\/p>\n<p>De sus innumerables exposiciones en el Museo Nacional de Bellas Artes, en 2001 realiz\u00f3 un pol\u00edptico con 18 escenas de la vida de Jes\u00fas. En 2005 expuso la obra una maqueta a escala natural de la Capilla que se erigir\u00e1 en el nuevo Hospital del Trabajador de Concepci\u00f3n. Ese mismo a\u00f1o recibe el encargo de la Universidad de Talca para un pol\u00edptico mural aleg\u00f3rico de la historia cultural de Chile, compuesto por 27 telas destinado a la sala del Centro de Extensi\u00f3n.<\/p>\n<p>Claudio Di Girolamo en su trayectoria de 70 a\u00f1os ha sido un aporte invaluable a la cultura y el patrimonio de nuestro pa\u00eds.<\/p>\n<p>&nbsp;<\/p>\n<h5 style=\"text-align: right;\">** Encargada de la postulaci\u00f3n:<strong> Alicia Alarc\u00f3n<\/strong><\/h5>\n<p>&nbsp;<\/p>\n<h4>Distinci\u00f3n Joaqu\u00edn Toesca<\/h4>\n<hr \/>\n<p>A la arquitecta o arquitecto vivo que, no habiendo nacido en Chile, haya realizado un aporte significativo a la arquitectura en nuestro pa\u00eds.<\/p>\n<p>&nbsp;<\/p>\n<h4 style=\"text-align: center;\">Patricia M\u00e9ndez<\/h4>\n<p>Destacada doctora arquitecta a nivel latinoamericano, dedicada a la investigaci\u00f3n y difusi\u00f3n de la obra de arquitectos y arquitectas de nuestro continente. Es de nacionalidad argentina y reside permanentemente en Chile desde el a\u00f1o 2014, dedic\u00e1ndose desde entonces a la docencia, investigaci\u00f3n y publicaciones referidas a la arquitectura de nuestro pa\u00eds. Es por ejemplo quien descubri\u00f3 y public\u00f3 el olvidado Primer Congreso Nacional de Arquitectos, que se llev\u00f3 a cabo en Concepci\u00f3n en 1950. Dirige la Red ARLA Asociaci\u00f3n de Revistas Latinoamericanas de Arquitectura y es Coordinadora T\u00e9cnica del CEDODAL Centro de Documentaci\u00f3n de Arquitectura Latinoamericana.<\/p>\n<p>Durante su permanencia en Chile ha publicado diversos estudios entre los que destacan: Im\u00e1genes en tinta y arquitectura en ideas: los \u201960 imprimen modernidad desde las p\u00e1ginas de El Sur. En: ARQ. N\u00ba 94; ARLA, o la transparencia de una red editorial de la arquitectura latinoamericana En: Summa+, secci\u00f3n Postcriptum, N\u00ba 154; Primer congreso nacional de arquitectura Concepci\u00f3n (1950). Disciplina, profesi\u00f3n, modernidad. En: Revista 180; La innovaci\u00f3n tecnol\u00f3gica, un espejo de los a\u00f1os \u201960. Las huellas del IETcc se leyeron en la chilena T\u00e9cnica y Creaci\u00f3n. Con: Lic. Andr\u00e9s Saavedra. En: RITA_09; Semiolog\u00eda Arquitect\u00f3nica. Una Presentaci\u00f3n. En: Revista Chilena de Semi\u00f3tica mayo 2018; Por otras narrativas patrimoniales: las huellas de la acci\u00f3n pol\u00edtica del Comit\u00e9 Provincial del MEMCH de Concepci\u00f3n (1935-1953). En coautor\u00eda con Mar\u00eda Fernanda Morales. En: REVISTA DE HISTORIA Y PATRIMONIO IHP; Insights of images within the Chilean student architecture press, 1930-1990. En coautor\u00eda con Jessica Fuentealba Quilodr\u00e1n y otros. En: Lecture Notes in Networks and Systems (LNNS, volume 631) Milan; La formaci\u00f3n disciplinar del patrimonio arquitect\u00f3nico. Un panorama latinoamericano en tres tiempos. En: Phi. Revista do Patrimonio Hist\u00f3rico cultural Iberoamericano; La formaci\u00f3n del arquitecto en las escuelas p\u00fablicas de Am\u00e9rica del Sur. Panoramas de una historia transversal. En: M\u00e9ndez, P. et al. Ense\u00f1anza de la Arquitectura en Am\u00e9rica del Sur, Universidad del B\u00edo-B\u00edo: Concepci\u00f3n, 2016; \u00a0Rutas para la cultura arquitect\u00f3nica regional. Revistas chilenas y argentinas en la construcci\u00f3n de la modernidad apropiada. En: Esteban, Ana; Medina, Vicente et al. Rutas Ibero Americanas. Contactos e intercambios en la arquitectura del siglo XX. Madrid: Editorial Marea Libros, 2017; Vanguardia period\u00edstica estudiantil: la cultura arquitect\u00f3nica fuera del canon. En: AA.VV. Alexandra Kennedy-Troya (coord). Modernidad y vanguardia en Am\u00e9rica Latina 1930-1970. Cuenca: Universidad de Cuenca \/ Municipalidad de Cuenca, 2020; \u00a0Diversas y transversales: las mujeres en las p\u00e1ginas de AUCA. Con Ana Zazo. En: Entre l\u00edneas. Arquitectas modernas en Chile y su aporte disciplinar, pp: 27-38, P\u00e1ginas totales: S\/D, Santiago de Chile: Pontificia Universidad Cat\u00f3lica, 2023.<\/p>\n<p>&nbsp;<\/p>\n<h5 style=\"text-align: right;\">** Encargado de la postulaci\u00f3n:<strong> Carlos Inostroza<\/strong><\/h5>\n<p><img loading=\"lazy\" decoding=\"async\" class=\"aligncenter size-full wp-image-31227\" src=\"https:\/\/colegioarquitectos.com\/noticias\/wp-content\/uploads\/2023\/11\/PM.png\" alt=\"\" width=\"803\" height=\"510\" srcset=\"https:\/\/colegioarquitectos.com\/noticias\/wp-content\/uploads\/2023\/11\/PM.png 803w, https:\/\/colegioarquitectos.com\/noticias\/wp-content\/uploads\/2023\/11\/PM-300x191.png 300w, https:\/\/colegioarquitectos.com\/noticias\/wp-content\/uploads\/2023\/11\/PM-768x488.png 768w\" sizes=\"auto, (max-width: 803px) 100vw, 803px\" \/><\/p>\n<h4>Distinci\u00f3n Juan Parrochia Beguin<\/h4>\n<hr \/>\n<p>A la arquitecta o arquitecto que se haya distinguido por su labor en el campo de la Planificaci\u00f3n, Dise\u00f1o Urbano o Gesti\u00f3n Urbana.<\/p>\n<p>&nbsp;<\/p>\n<h4 style=\"text-align: center;\"><strong>Claudia Silva Paredes<\/strong><\/h4>\n<p>Claudia Silva Paredes es Arquitecta de la Universidad de Chile, es Magister en Urbanismo con diplomados en Arquitectura y Gerencia Publica, conocimientos que ha puesto a disposici\u00f3n de una dilatada trayectoria en el mundo p\u00fablico. Por m\u00e1s de 20 a\u00f1os ha ejercido como funcionaria p\u00fablica en distintas reparticiones, pasando por el sector municipal como Jefa de Inversiones de la Municipalidad de Santiago, y, en infraestructura p\u00fablica, en el Parque Metropolitano del Ministerio de Vivienda y Urbanismo, la Direcci\u00f3n de Arquitectura del Ministerio de Obras P\u00fablicas y actualmente como Jefa de la Divisi\u00f3n de Infraestructura del Instituto Nacional de Deportes, cargo en que cumpli\u00f3 exitosamente el gran desaf\u00edo de ejecutar la infraestructura deportiva que ha permitido a Chile desarrollar los recientes Juegos Santiago 2023, Panamericanos y, actualmente, Parapanamericanos.<\/p>\n<p>Su compromiso irrestricto con la arquitectura como medio para mejorar la vida de las personas se demuestra con su participaci\u00f3n en el dise\u00f1o y ejecuci\u00f3n de proyectos de arquitectura p\u00fablicos, tales como hospitales, comisar\u00edas, teatros, plan de estadios bicentenario, restauraci\u00f3n de edificios patrimoniales, centro ant\u00e1rtico e importante infraestructura deportiva, as\u00ed como en su labor como docente en la asignatura electiva de Arquitectura P\u00fablica en la FAU de la Universidad de Chile.<\/p>\n<p>&nbsp;<\/p>\n<h5 style=\"text-align: right;\">** Encargado de la postulaci\u00f3n:<strong>\u00a0Ra\u00fal Ortiz<\/strong><\/h5>\n<p><img loading=\"lazy\" decoding=\"async\" class=\"aligncenter size-full wp-image-31228\" src=\"https:\/\/colegioarquitectos.com\/noticias\/wp-content\/uploads\/2023\/11\/CS.png\" alt=\"\" width=\"803\" height=\"510\" srcset=\"https:\/\/colegioarquitectos.com\/noticias\/wp-content\/uploads\/2023\/11\/CS.png 803w, https:\/\/colegioarquitectos.com\/noticias\/wp-content\/uploads\/2023\/11\/CS-300x191.png 300w, https:\/\/colegioarquitectos.com\/noticias\/wp-content\/uploads\/2023\/11\/CS-768x488.png 768w\" sizes=\"auto, (max-width: 803px) 100vw, 803px\" \/><\/p>\n<h4>Distinci\u00f3n Dora Riedel Seinecke<\/h4>\n<hr \/>\n<p>A la arquitecta o arquitecto o equipo de arquitectas o arquitectos que se haya destacado en el a\u00f1o precedente por su labor innovadora, abriendo nuevos caminos en la profesi\u00f3n.<\/p>\n<h4 style=\"text-align: center;\"><strong>Isidora Larra\u00edn de Andraca<\/strong><\/h4>\n<p>Arquitecta de la Universidad Cat\u00f3lica de Chile y M\u00e1ster en Patrimonio Sustentable de la Bartlett, University College London. Ha trabajado durante m\u00e1s de 11 a\u00f1os en sector p\u00fablico, organizaciones internacionales y de la sociedad civil, en dise\u00f1o y gesti\u00f3n de pol\u00edticas p\u00fablicas innovadoras, programas de participaci\u00f3n comunitaria y proyectos de desarrollo local, patrimonio sostenible y ciudades creativas, en m\u00e1s de 12 pa\u00edses de Europa, Am\u00e9rica Latina y el Caribe. Isidora ha trabajado en el Banco Interamericano de Desarrollo en proyectos de revitalizaci\u00f3n urbana e iniciativas CitiesLAB y Patrimonio Vivo. Anteriormente, desde la I. Municipalidad de Santiago, dise\u00f1\u00f3 y gestion\u00f3 proyectos de revitalizaci\u00f3n urbana y rehabilitaci\u00f3n arquitect\u00f3nica en barrios hist\u00f3ricos y coordin\u00f3 la adaptaci\u00f3n del programa Quiero mi Barrio para zonas patrimoniales en el Ministerio de Vivienda y Urbanismo. Tambi\u00e9n, imparte clases de Arquitectura, Urbanismo, Sostenibilidad y Gesti\u00f3n del Patrimonio, principalmente en la PUC de Chile.<\/p>\n<p>Actualmente, como directora ejecutiva de fundaci\u00f3n FIBRA, Isidora se enfoca en la revitalizaci\u00f3n de edificios y espacios abandonados o subutilizados en contextos de alta vulnerabilidad, a trav\u00e9s de estrategias de incorporaci\u00f3n en la vida urbana cotidiana de las comunidades y programas de innovaci\u00f3n y emprendimiento. A trav\u00e9s de estrategias interdisciplinares e innovadoras el equipo trabaja en conjunto con comunidades en proyectos de regeneraci\u00f3n urbana, asegurando que estos resuenen genuinamente y sean propios del contexto local, fomentando la creaci\u00f3n de espacios urbanos vivos, multiuso, din\u00e1micos y que preservan el patrimonio intangible, y apoyando el desarrollo econ\u00f3mico social y cultural. Un ejemplo es el Centro Emprendedor de Cerro Navia, recientemente inaugurado, donde se articula oferta p\u00fablica y privada para que las mujeres emprendedoras puedan salir del c\u00edrculo de la pobreza. Adem\u00e1s, se desarrollan talleres de fotograf\u00eda, teatro, emprendimiento, y coro con ni\u00f1os, ni\u00f1as y adolescentes para la cohesi\u00f3n social y generaci\u00f3n de habilidades sociolaborales. Esta perspectiva incorpora las herramientas del patrimonio y la sostenibilidad, en espacios de alta vulnerabilidad, fortaleciendo la infraestructura social y resiliencia en estas comunidades.<\/p>\n<p><img loading=\"lazy\" decoding=\"async\" class=\"aligncenter size-full wp-image-31226\" src=\"https:\/\/colegioarquitectos.com\/noticias\/wp-content\/uploads\/2023\/11\/DR.png\" alt=\"\" width=\"803\" height=\"510\" srcset=\"https:\/\/colegioarquitectos.com\/noticias\/wp-content\/uploads\/2023\/11\/DR.png 803w, https:\/\/colegioarquitectos.com\/noticias\/wp-content\/uploads\/2023\/11\/DR-300x191.png 300w, https:\/\/colegioarquitectos.com\/noticias\/wp-content\/uploads\/2023\/11\/DR-768x488.png 768w\" sizes=\"auto, (max-width: 803px) 100vw, 803px\" \/><\/p>\n<h5 style=\"text-align: right;\">** Encargada de la postulaci\u00f3n:<strong> Pauline Claramunt<\/strong><\/h5>\n<hr \/>\n<p>Revive la entrega de distinciones en la ceremonia de cierre realizada en el Teatro Biob\u00edo- Concepci\u00f3n<\/p>\n<hr \/>\n<p><iframe loading=\"lazy\" title=\"YouTube video player\" src=\"https:\/\/www.youtube.com\/embed\/dMS87Pxtbf0?si=zMAREXGen7nSOujn&amp;start=800\" width=\"960\" height=\"540\" frameborder=\"0\" allowfullscreen=\"allowfullscreen\"><\/iframe><\/p>\n<p><\/p>","protected":false},"excerpt":{"rendered":"<p>Las\u00a0Distinciones CA\u00a0son uno de los\u00a0principales reconocimientos a los arquitectos y arquitectas del pa\u00eds, que\u00a0destacan a las y los arquitectos o no arquitectos que se distingan por su labor cercana a la actividad profesional de los arquitectos y constituyan un ejemplo &hellip; <a class=\"more-link\" href=\"https:\/\/colegioarquitectos.com\/noticias\/?p=31202\">ver m\u00e1s<\/a><\/p>","protected":false},"author":4,"featured_media":31221,"comment_status":"closed","ping_status":"closed","sticky":false,"template":"","format":"standard","meta":{"footnotes":""},"categories":[657,8],"tags":[688,647,682,649,692,100,681],"class_list":["post-31202","post","type-post","status-publish","format-standard","has-post-thumbnail","hentry","category-26-congreso-nacional-de-arquitectos","category-colegio-de-arquitectos","tag-26-congreso","tag-26-congreso-de-arquitectos","tag-26-congreso-nacional-de-arquitectos","tag-concepcion","tag-distinciones-2023","tag-distinciones-ca","tag-distinciones-ca-2023"],"yoast_head":"<!-- This site is optimized with the Yoast SEO plugin v24.2 - https:\/\/yoast.com\/wordpress\/plugins\/seo\/ -->\n<title>Conoce a los y las ganadoras de las Distinciones CA 2023 - COLEGIO DE ARQUITECTOS DE CHILE<\/title>\n<meta name=\"robots\" content=\"index, follow, max-snippet:-1, max-image-preview:large, max-video-preview:-1\" \/>\n<link rel=\"canonical\" href=\"https:\/\/colegioarquitectos.com\/noticias\/?p=31202\" \/>\n<meta property=\"og:locale\" content=\"es_ES\" \/>\n<meta property=\"og:type\" content=\"article\" \/>\n<meta property=\"og:title\" content=\"Conoce a los y las ganadoras de las Distinciones CA 2023 - COLEGIO DE ARQUITECTOS DE CHILE\" \/>\n<meta property=\"og:description\" content=\"Las\u00a0Distinciones CA\u00a0son uno de los\u00a0principales reconocimientos a los arquitectos y arquitectas del pa\u00eds, que\u00a0destacan a las y los arquitectos o no arquitectos que se distingan por su labor cercana a la actividad profesional de los arquitectos y constituyan un ejemplo &hellip; ver m\u00e1s\" \/>\n<meta property=\"og:url\" content=\"https:\/\/colegioarquitectos.com\/noticias\/?p=31202\" \/>\n<meta property=\"og:site_name\" content=\"COLEGIO DE ARQUITECTOS DE CHILE\" \/>\n<meta property=\"article:publisher\" content=\"https:\/\/facebook.com\/Colegioarq\/\" \/>\n<meta property=\"article:published_time\" content=\"2023-11-27T18:06:14+00:00\" \/>\n<meta property=\"article:modified_time\" content=\"2023-12-03T21:53:17+00:00\" \/>\n<meta property=\"og:image\" content=\"https:\/\/colegioarquitectos.com\/noticias\/wp-content\/uploads\/2023\/11\/DISTINCIONES-CEREMONIA-DESTWEB-foto.png\" \/>\n\t<meta property=\"og:image:width\" content=\"1280\" \/>\n\t<meta property=\"og:image:height\" content=\"720\" \/>\n\t<meta property=\"og:image:type\" content=\"image\/png\" \/>\n<meta name=\"author\" content=\"Colegio de Arquitectos de Chile\" \/>\n<meta name=\"twitter:card\" content=\"summary_large_image\" \/>\n<meta name=\"twitter:creator\" content=\"@colegioarq\" \/>\n<meta name=\"twitter:site\" content=\"@colegioarq\" \/>\n<meta name=\"twitter:label1\" content=\"Escrito por\" \/>\n\t<meta name=\"twitter:data1\" content=\"Colegio de Arquitectos de Chile\" \/>\n\t<meta name=\"twitter:label2\" content=\"Tiempo de lectura\" \/>\n\t<meta name=\"twitter:data2\" content=\"10 minutos\" \/>\n<script type=\"application\/ld+json\" class=\"yoast-schema-graph\">{\"@context\":\"https:\/\/schema.org\",\"@graph\":[{\"@type\":\"Article\",\"@id\":\"https:\/\/colegioarquitectos.com\/noticias\/?p=31202#article\",\"isPartOf\":{\"@id\":\"https:\/\/colegioarquitectos.com\/noticias\/?p=31202\"},\"author\":{\"name\":\"Colegio de Arquitectos de Chile\",\"@id\":\"https:\/\/colegioarquitectos.com\/noticias\/#\/schema\/person\/685cc0aad148303c5608f049af8285ad\"},\"headline\":\"Conoce a los y las ganadoras de las Distinciones CA 2023\",\"datePublished\":\"2023-11-27T18:06:14+00:00\",\"dateModified\":\"2023-12-03T21:53:17+00:00\",\"mainEntityOfPage\":{\"@id\":\"https:\/\/colegioarquitectos.com\/noticias\/?p=31202\"},\"wordCount\":1947,\"publisher\":{\"@id\":\"https:\/\/colegioarquitectos.com\/noticias\/#organization\"},\"image\":{\"@id\":\"https:\/\/colegioarquitectos.com\/noticias\/?p=31202#primaryimage\"},\"thumbnailUrl\":\"https:\/\/colegioarquitectos.com\/noticias\/wp-content\/uploads\/2023\/11\/DISTINCIONES-CEREMONIA-DESTWEB-foto.png\",\"keywords\":[\"26 Congreso\",\"26\u00b0 Congreso de Arquitectos\",\"26\u00b0 Congreso Nacional de Arquitectos\",\"Concepci\u00f3n\",\"Distinciones 2023\",\"Distinciones CA\",\"Distinciones CA 2023\"],\"articleSection\":[\"26\u00b0 Congreso\",\"Colegio\"],\"inLanguage\":\"es\"},{\"@type\":\"WebPage\",\"@id\":\"https:\/\/colegioarquitectos.com\/noticias\/?p=31202\",\"url\":\"https:\/\/colegioarquitectos.com\/noticias\/?p=31202\",\"name\":\"Conoce a los y las ganadoras de las Distinciones CA 2023 - COLEGIO DE ARQUITECTOS DE CHILE\",\"isPartOf\":{\"@id\":\"https:\/\/colegioarquitectos.com\/noticias\/#website\"},\"primaryImageOfPage\":{\"@id\":\"https:\/\/colegioarquitectos.com\/noticias\/?p=31202#primaryimage\"},\"image\":{\"@id\":\"https:\/\/colegioarquitectos.com\/noticias\/?p=31202#primaryimage\"},\"thumbnailUrl\":\"https:\/\/colegioarquitectos.com\/noticias\/wp-content\/uploads\/2023\/11\/DISTINCIONES-CEREMONIA-DESTWEB-foto.png\",\"datePublished\":\"2023-11-27T18:06:14+00:00\",\"dateModified\":\"2023-12-03T21:53:17+00:00\",\"breadcrumb\":{\"@id\":\"https:\/\/colegioarquitectos.com\/noticias\/?p=31202#breadcrumb\"},\"inLanguage\":\"es\",\"potentialAction\":[{\"@type\":\"ReadAction\",\"target\":[\"https:\/\/colegioarquitectos.com\/noticias\/?p=31202\"]}]},{\"@type\":\"ImageObject\",\"inLanguage\":\"es\",\"@id\":\"https:\/\/colegioarquitectos.com\/noticias\/?p=31202#primaryimage\",\"url\":\"https:\/\/colegioarquitectos.com\/noticias\/wp-content\/uploads\/2023\/11\/DISTINCIONES-CEREMONIA-DESTWEB-foto.png\",\"contentUrl\":\"https:\/\/colegioarquitectos.com\/noticias\/wp-content\/uploads\/2023\/11\/DISTINCIONES-CEREMONIA-DESTWEB-foto.png\",\"width\":1280,\"height\":720},{\"@type\":\"BreadcrumbList\",\"@id\":\"https:\/\/colegioarquitectos.com\/noticias\/?p=31202#breadcrumb\",\"itemListElement\":[{\"@type\":\"ListItem\",\"position\":1,\"name\":\"Portada\",\"item\":\"https:\/\/colegioarquitectos.com\/noticias\"},{\"@type\":\"ListItem\",\"position\":2,\"name\":\"Conoce a los y las ganadoras de las Distinciones CA 2023\"}]},{\"@type\":\"WebSite\",\"@id\":\"https:\/\/colegioarquitectos.com\/noticias\/#website\",\"url\":\"https:\/\/colegioarquitectos.com\/noticias\/\",\"name\":\"COLEGIO DE ARQUITECTOS DE CHILE\",\"description\":\"\",\"publisher\":{\"@id\":\"https:\/\/colegioarquitectos.com\/noticias\/#organization\"},\"potentialAction\":[{\"@type\":\"SearchAction\",\"target\":{\"@type\":\"EntryPoint\",\"urlTemplate\":\"https:\/\/colegioarquitectos.com\/noticias\/?s={search_term_string}\"},\"query-input\":{\"@type\":\"PropertyValueSpecification\",\"valueRequired\":true,\"valueName\":\"search_term_string\"}}],\"inLanguage\":\"es\"},{\"@type\":\"Organization\",\"@id\":\"https:\/\/colegioarquitectos.com\/noticias\/#organization\",\"name\":\"COLEGIO DE ARQUITECTOS DE CHILE\",\"url\":\"https:\/\/colegioarquitectos.com\/noticias\/\",\"logo\":{\"@type\":\"ImageObject\",\"inLanguage\":\"es\",\"@id\":\"https:\/\/colegioarquitectos.com\/noticias\/#\/schema\/logo\/image\/\",\"url\":\"https:\/\/colegioarquitectos.com\/noticias\/wp-content\/uploads\/2021\/05\/ENCABEZADO-LOGO-CA.jpg\",\"contentUrl\":\"https:\/\/colegioarquitectos.com\/noticias\/wp-content\/uploads\/2021\/05\/ENCABEZADO-LOGO-CA.jpg\",\"width\":690,\"height\":350,\"caption\":\"COLEGIO DE ARQUITECTOS DE CHILE\"},\"image\":{\"@id\":\"https:\/\/colegioarquitectos.com\/noticias\/#\/schema\/logo\/image\/\"},\"sameAs\":[\"https:\/\/facebook.com\/Colegioarq\/\",\"https:\/\/x.com\/colegioarq\",\"https:\/\/instagram.com\/colegioarq\",\"https:\/\/youtube.com\/@ColegiodeArquitectosdeChile\"]},{\"@type\":\"Person\",\"@id\":\"https:\/\/colegioarquitectos.com\/noticias\/#\/schema\/person\/685cc0aad148303c5608f049af8285ad\",\"name\":\"Colegio de Arquitectos de Chile\",\"url\":\"https:\/\/colegioarquitectos.com\/noticias\/?author=4\"}]}<\/script>\n<!-- \/ Yoast SEO plugin. -->","yoast_head_json":{"title":"Conoce a los y las ganadoras de las Distinciones CA 2023 - COLEGIO DE ARQUITECTOS DE CHILE","robots":{"index":"index","follow":"follow","max-snippet":"max-snippet:-1","max-image-preview":"max-image-preview:large","max-video-preview":"max-video-preview:-1"},"canonical":"https:\/\/colegioarquitectos.com\/noticias\/?p=31202","og_locale":"es_ES","og_type":"article","og_title":"Conoce a los y las ganadoras de las Distinciones CA 2023 - COLEGIO DE ARQUITECTOS DE CHILE","og_description":"Las\u00a0Distinciones CA\u00a0son uno de los\u00a0principales reconocimientos a los arquitectos y arquitectas del pa\u00eds, que\u00a0destacan a las y los arquitectos o no arquitectos que se distingan por su labor cercana a la actividad profesional de los arquitectos y constituyan un ejemplo &hellip; ver m\u00e1s","og_url":"https:\/\/colegioarquitectos.com\/noticias\/?p=31202","og_site_name":"COLEGIO DE ARQUITECTOS DE CHILE","article_publisher":"https:\/\/facebook.com\/Colegioarq\/","article_published_time":"2023-11-27T18:06:14+00:00","article_modified_time":"2023-12-03T21:53:17+00:00","og_image":[{"width":1280,"height":720,"url":"https:\/\/colegioarquitectos.com\/noticias\/wp-content\/uploads\/2023\/11\/DISTINCIONES-CEREMONIA-DESTWEB-foto.png","type":"image\/png"}],"author":"Colegio de Arquitectos de Chile","twitter_card":"summary_large_image","twitter_creator":"@colegioarq","twitter_site":"@colegioarq","twitter_misc":{"Escrito por":"Colegio de Arquitectos de Chile","Tiempo de lectura":"10 minutos"},"schema":{"@context":"https:\/\/schema.org","@graph":[{"@type":"Article","@id":"https:\/\/colegioarquitectos.com\/noticias\/?p=31202#article","isPartOf":{"@id":"https:\/\/colegioarquitectos.com\/noticias\/?p=31202"},"author":{"name":"Colegio de Arquitectos de Chile","@id":"https:\/\/colegioarquitectos.com\/noticias\/#\/schema\/person\/685cc0aad148303c5608f049af8285ad"},"headline":"Conoce a los y las ganadoras de las Distinciones CA 2023","datePublished":"2023-11-27T18:06:14+00:00","dateModified":"2023-12-03T21:53:17+00:00","mainEntityOfPage":{"@id":"https:\/\/colegioarquitectos.com\/noticias\/?p=31202"},"wordCount":1947,"publisher":{"@id":"https:\/\/colegioarquitectos.com\/noticias\/#organization"},"image":{"@id":"https:\/\/colegioarquitectos.com\/noticias\/?p=31202#primaryimage"},"thumbnailUrl":"https:\/\/colegioarquitectos.com\/noticias\/wp-content\/uploads\/2023\/11\/DISTINCIONES-CEREMONIA-DESTWEB-foto.png","keywords":["26 Congreso","26\u00b0 Congreso de Arquitectos","26\u00b0 Congreso Nacional de Arquitectos","Concepci\u00f3n","Distinciones 2023","Distinciones CA","Distinciones CA 2023"],"articleSection":["26\u00b0 Congreso","Colegio"],"inLanguage":"es"},{"@type":"WebPage","@id":"https:\/\/colegioarquitectos.com\/noticias\/?p=31202","url":"https:\/\/colegioarquitectos.com\/noticias\/?p=31202","name":"Conoce a los y las ganadoras de las Distinciones CA 2023 - COLEGIO DE ARQUITECTOS DE CHILE","isPartOf":{"@id":"https:\/\/colegioarquitectos.com\/noticias\/#website"},"primaryImageOfPage":{"@id":"https:\/\/colegioarquitectos.com\/noticias\/?p=31202#primaryimage"},"image":{"@id":"https:\/\/colegioarquitectos.com\/noticias\/?p=31202#primaryimage"},"thumbnailUrl":"https:\/\/colegioarquitectos.com\/noticias\/wp-content\/uploads\/2023\/11\/DISTINCIONES-CEREMONIA-DESTWEB-foto.png","datePublished":"2023-11-27T18:06:14+00:00","dateModified":"2023-12-03T21:53:17+00:00","breadcrumb":{"@id":"https:\/\/colegioarquitectos.com\/noticias\/?p=31202#breadcrumb"},"inLanguage":"es","potentialAction":[{"@type":"ReadAction","target":["https:\/\/colegioarquitectos.com\/noticias\/?p=31202"]}]},{"@type":"ImageObject","inLanguage":"es","@id":"https:\/\/colegioarquitectos.com\/noticias\/?p=31202#primaryimage","url":"https:\/\/colegioarquitectos.com\/noticias\/wp-content\/uploads\/2023\/11\/DISTINCIONES-CEREMONIA-DESTWEB-foto.png","contentUrl":"https:\/\/colegioarquitectos.com\/noticias\/wp-content\/uploads\/2023\/11\/DISTINCIONES-CEREMONIA-DESTWEB-foto.png","width":1280,"height":720},{"@type":"BreadcrumbList","@id":"https:\/\/colegioarquitectos.com\/noticias\/?p=31202#breadcrumb","itemListElement":[{"@type":"ListItem","position":1,"name":"Portada","item":"https:\/\/colegioarquitectos.com\/noticias"},{"@type":"ListItem","position":2,"name":"Conoce a los y las ganadoras de las Distinciones CA 2023"}]},{"@type":"WebSite","@id":"https:\/\/colegioarquitectos.com\/noticias\/#website","url":"https:\/\/colegioarquitectos.com\/noticias\/","name":"COLEGIO DE ARQUITECTOS DE CHILE","description":"","publisher":{"@id":"https:\/\/colegioarquitectos.com\/noticias\/#organization"},"potentialAction":[{"@type":"SearchAction","target":{"@type":"EntryPoint","urlTemplate":"https:\/\/colegioarquitectos.com\/noticias\/?s={search_term_string}"},"query-input":{"@type":"PropertyValueSpecification","valueRequired":true,"valueName":"search_term_string"}}],"inLanguage":"es"},{"@type":"Organization","@id":"https:\/\/colegioarquitectos.com\/noticias\/#organization","name":"COLEGIO DE ARQUITECTOS DE CHILE","url":"https:\/\/colegioarquitectos.com\/noticias\/","logo":{"@type":"ImageObject","inLanguage":"es","@id":"https:\/\/colegioarquitectos.com\/noticias\/#\/schema\/logo\/image\/","url":"https:\/\/colegioarquitectos.com\/noticias\/wp-content\/uploads\/2021\/05\/ENCABEZADO-LOGO-CA.jpg","contentUrl":"https:\/\/colegioarquitectos.com\/noticias\/wp-content\/uploads\/2021\/05\/ENCABEZADO-LOGO-CA.jpg","width":690,"height":350,"caption":"COLEGIO DE ARQUITECTOS DE CHILE"},"image":{"@id":"https:\/\/colegioarquitectos.com\/noticias\/#\/schema\/logo\/image\/"},"sameAs":["https:\/\/facebook.com\/Colegioarq\/","https:\/\/x.com\/colegioarq","https:\/\/instagram.com\/colegioarq","https:\/\/youtube.com\/@ColegiodeArquitectosdeChile"]},{"@type":"Person","@id":"https:\/\/colegioarquitectos.com\/noticias\/#\/schema\/person\/685cc0aad148303c5608f049af8285ad","name":"Colegio de Arquitectos de Chile","url":"https:\/\/colegioarquitectos.com\/noticias\/?author=4"}]}},"_links":{"self":[{"href":"https:\/\/colegioarquitectos.com\/noticias\/index.php?rest_route=\/wp\/v2\/posts\/31202","targetHints":{"allow":["GET"]}}],"collection":[{"href":"https:\/\/colegioarquitectos.com\/noticias\/index.php?rest_route=\/wp\/v2\/posts"}],"about":[{"href":"https:\/\/colegioarquitectos.com\/noticias\/index.php?rest_route=\/wp\/v2\/types\/post"}],"author":[{"embeddable":true,"href":"https:\/\/colegioarquitectos.com\/noticias\/index.php?rest_route=\/wp\/v2\/users\/4"}],"replies":[{"embeddable":true,"href":"https:\/\/colegioarquitectos.com\/noticias\/index.php?rest_route=%2Fwp%2Fv2%2Fcomments&post=31202"}],"version-history":[{"count":0,"href":"https:\/\/colegioarquitectos.com\/noticias\/index.php?rest_route=\/wp\/v2\/posts\/31202\/revisions"}],"wp:featuredmedia":[{"embeddable":true,"href":"https:\/\/colegioarquitectos.com\/noticias\/index.php?rest_route=\/wp\/v2\/media\/31221"}],"wp:attachment":[{"href":"https:\/\/colegioarquitectos.com\/noticias\/index.php?rest_route=%2Fwp%2Fv2%2Fmedia&parent=31202"}],"wp:term":[{"taxonomy":"category","embeddable":true,"href":"https:\/\/colegioarquitectos.com\/noticias\/index.php?rest_route=%2Fwp%2Fv2%2Fcategories&post=31202"},{"taxonomy":"post_tag","embeddable":true,"href":"https:\/\/colegioarquitectos.com\/noticias\/index.php?rest_route=%2Fwp%2Fv2%2Ftags&post=31202"}],"curies":[{"name":"wp","href":"https:\/\/api.w.org\/{rel}","templated":true}]}}